{"id":685,"date":"2026-05-03T13:30:07","date_gmt":"2026-05-03T10:30:07","guid":{"rendered":"https:\/\/tralleskop.com\/index.php\/2026\/05\/03\/aydinda-7-24-sehirde-yasam-turkiye-kultur-yolu-festivali\/"},"modified":"2026-05-03T13:30:07","modified_gmt":"2026-05-03T10:30:07","slug":"aydinda-7-24-sehirde-yasam-turkiye-kultur-yolu-festivali","status":"publish","type":"post","link":"https:\/\/tralleskop.com\/index.php\/2026\/05\/03\/aydinda-7-24-sehirde-yasam-turkiye-kultur-yolu-festivali\/","title":{"rendered":"Ayd\u0131n&#8217;da 7\/24 \u015eehirde Ya\u015fam: T\u00fcrkiye K\u00fclt\u00fcr Yolu Festivali"},"content":{"rendered":"<h1>T\u00fcrkiye K\u00fclt\u00fcr Yolu Festivali Ayd\u0131n&#8217;da<\/h1>\n<p>Ayd\u0131n, 2-10 May\u0131s tarihleri aras\u0131nda T\u00fcrkiye K\u00fclt\u00fcr Yolu Festivali&#8217;ne ev sahipli\u011fi yapacak. K\u00fclt\u00fcr ve Turizm Bakanl\u0131\u011f\u0131 taraf\u0131ndan d\u00fczenlenen festival, **konserler**, **sergiler** ve **gastro** etkinlikleriyle \u015fehre **7\/24 ya\u015fam** getirecek.<\/p>\n<h2>Festivalin Detaylar\u0131<\/h2>\n<p>Festival, **Ayd\u0131n&#8217;\u0131n k\u00fclt\u00fcr ve turizm** potansiyelini ortaya koyacak. **Sanat\u00e7\u0131lar\u0131n performanslar\u0131**, **y\u00f6resel yemeklerin sunulmas\u0131** ve **sergiler**, festivalin wichtig k\u0131sm\u0131n\u0131 olu\u015fturacak.<\/p>\n<h3>Festivalin Amac\u0131<\/h3>\n<p>Festivalin amac\u0131, **Ayd\u0131n&#8217;\u0131 turizm a\u00e7\u0131s\u0131ndan** daha da \u0906\u0915\u0930\u0131\u015f\u0131k hale getirmek ve **\u015fehirde ya\u015fam\u0131n zenginle\u015ftirilmesi**. Festival, **yerel i\u015fletmeleri** de destekleyecek.<\/p>\n<h2>Analiz<\/h2>\n<p>T\u00fcrkiye K\u00fclt\u00fcr Yolu Festivali, **Ayd\u0131n&#8217;da ekonomi** ve **toplum** \u00fczerinde olumlu etkiler yaratacak. Festival, **\u015fehrin tan\u0131t\u0131m\u0131na** da katk\u0131da bulunacak.<\/p>\n","protected":false},"excerpt":{"rendered":"<p>T\u00fcrkiye K\u00fclt\u00fcr Yolu Festivali, 2-10 May\u0131s&#8217;ta Ayd\u0131n&#8217;da!<\/p>\n","protected":false},"author":3,"featured_media":686,"comment_status":"open","ping_status":"open","sticky":false,"template":"","format":"standard","meta":{"googlesitekit_rrm_CAow15e3DA:productID":"","_coblocks_attr":"","_coblocks_dimensions":"","_coblocks_responsive_height":"","_coblocks_accordion_ie_support":"","_ai_summary":"","_external_image_url":"https:\/\/iasbh.tmgrup.com.tr\/e7321f\/1200\/675\/0\/338\/1234\/1032?u=https:\/\/isbh.tmgrup.com.tr\/sbh\/2026\/05\/02\/724-sehirde-yasam-1777688266427.jpeg","footnotes":""},"categories":[46,50,22,49,40],"tags":[476,468,477,82,469,471],"class_list":["post-685","post","type-post","status-publish","format-standard","has-post-thumbnail","hentry","category-aydin","category-aydin-siyaset","category-gundem","category-aydin-kultur","category-kultur-sanat","tag-7-24-sehirde-yasam","tag-aydin","tag-festival","tag-kultur","tag-kultur-yolu-festivali","tag-turizm"],"yoast_head":"<!-- This site is optimized with the Yoast SEO plugin v27.5 - https:\/\/yoast.com\/product\/yoast-seo-wordpress\/ -->\n<title>Ayd\u0131n&#039;da 7\/24 \u015eehirde Ya\u015fam: T\u00fcrkiye K\u00fclt\u00fcr Yolu Festivali - Tralleskop<\/title>\n<meta name=\"robots\" content=\"index, follow, max-snippet:-1, max-image-preview:large, max-video-preview:-1\" \/>\n<link rel=\"canonical\" href=\"https:\/\/tralleskop.com\/index.php\/2026\/05\/03\/aydinda-7-24-sehirde-yasam-turkiye-kultur-yolu-festivali\/\" \/>\n<meta property=\"og:locale\" content=\"tr_TR\" \/>\n<meta property=\"og:type\" content=\"article\" \/>\n<meta property=\"og:title\" content=\"Ayd\u0131n&#039;da 7\/24 \u015eehirde Ya\u015fam: T\u00fcrkiye K\u00fclt\u00fcr Yolu Festivali - Tralleskop\" \/>\n<meta property=\"og:description\" content=\"T\u00fcrkiye K\u00fclt\u00fcr Yolu Festivali, 2-10 May\u0131s&#039;ta Ayd\u0131n&#039;da!\" \/>\n<meta property=\"og:url\" content=\"https:\/\/tralleskop.com\/index.php\/2026\/05\/03\/aydinda-7-24-sehirde-yasam-turkiye-kultur-yolu-festivali\/\" \/>\n<meta property=\"og:site_name\" content=\"Tralleskop\" \/>\n<meta property=\"article:published_time\" content=\"2026-05-03T10:30:07+00:00\" \/>\n<meta name=\"author\" content=\"Yapay Zeka\" \/>\n<meta name=\"twitter:card\" content=\"summary_large_image\" \/>\n<meta name=\"twitter:label1\" content=\"Yazan:\" \/>\n\t<meta name=\"twitter:data1\" content=\"Yapay Zeka\" \/>\n\t<meta name=\"twitter:label2\" content=\"Tahmini okuma s\u00fcresi\" \/>\n\t<meta name=\"twitter:data2\" content=\"1 dakika\" \/>\n<script type=\"application\/ld+json\" class=\"yoast-schema-graph\">{\"@context\":\"https:\\\/\\\/schema.org\",\"@graph\":[{\"@type\":\"Article\",\"@id\":\"https:\\\/\\\/tralleskop.com\\\/index.php\\\/2026\\\/05\\\/03\\\/aydinda-7-24-sehirde-yasam-turkiye-kultur-yolu-festivali\\\/#article\",\"isPartOf\":{\"@id\":\"https:\\\/\\\/tralleskop.com\\\/index.php\\\/2026\\\/05\\\/03\\\/aydinda-7-24-sehirde-yasam-turkiye-kultur-yolu-festivali\\\/\"},\"author\":{\"name\":\"Yapay Zeka\",\"@id\":\"https:\\\/\\\/tralleskop.com\\\/#\\\/schema\\\/person\\\/07eabec51c3edefcb97f005e5a24dc85\"},\"headline\":\"Ayd\u0131n&#8217;da 7\\\/24 \u015eehirde Ya\u015fam: T\u00fcrkiye K\u00fclt\u00fcr Yolu Festivali\",\"datePublished\":\"2026-05-03T10:30:07+00:00\",\"mainEntityOfPage\":{\"@id\":\"https:\\\/\\\/tralleskop.com\\\/index.php\\\/2026\\\/05\\\/03\\\/aydinda-7-24-sehirde-yasam-turkiye-kultur-yolu-festivali\\\/\"},\"wordCount\":150,\"commentCount\":0,\"publisher\":{\"@id\":\"https:\\\/\\\/tralleskop.com\\\/#organization\"},\"image\":{\"@id\":\"https:\\\/\\\/tralleskop.com\\\/index.php\\\/2026\\\/05\\\/03\\\/aydinda-7-24-sehirde-yasam-turkiye-kultur-yolu-festivali\\\/#primaryimage\"},\"thumbnailUrl\":\"https:\\\/\\\/tralleskop.com\\\/wp-content\\\/uploads\\\/2026\\\/05\\\/1032.webp\",\"keywords\":[\"7\\\/24 \u015fehirde ya\u015fam\",\"Ayd\u0131n\",\"festival\",\"K\u00fclt\u00fcr\",\"K\u00fclt\u00fcr Yolu Festivali\",\"turizm\"],\"articleSection\":[\"Ayd\u0131n\",\"Ayd\u0131n Siyaset\",\"G\u00fcndem\",\"K\u00fclt\u00fcr\",\"K\u00fclt\u00fcr Sanat\"],\"inLanguage\":\"tr\",\"potentialAction\":[{\"@type\":\"CommentAction\",\"name\":\"Comment\",\"target\":[\"https:\\\/\\\/tralleskop.com\\\/index.php\\\/2026\\\/05\\\/03\\\/aydinda-7-24-sehirde-yasam-turkiye-kultur-yolu-festivali\\\/#respond\"]}]},{\"@type\":\"WebPage\",\"@id\":\"https:\\\/\\\/tralleskop.com\\\/index.php\\\/2026\\\/05\\\/03\\\/aydinda-7-24-sehirde-yasam-turkiye-kultur-yolu-festivali\\\/\",\"url\":\"https:\\\/\\\/tralleskop.com\\\/index.php\\\/2026\\\/05\\\/03\\\/aydinda-7-24-sehirde-yasam-turkiye-kultur-yolu-festivali\\\/\",\"name\":\"Ayd\u0131n'da 7\\\/24 \u015eehirde Ya\u015fam: T\u00fcrkiye K\u00fclt\u00fcr Yolu Festivali - Tralleskop\",\"isPartOf\":{\"@id\":\"https:\\\/\\\/tralleskop.com\\\/#website\"},\"primaryImageOfPage\":{\"@id\":\"https:\\\/\\\/tralleskop.com\\\/index.php\\\/2026\\\/05\\\/03\\\/aydinda-7-24-sehirde-yasam-turkiye-kultur-yolu-festivali\\\/#primaryimage\"},\"image\":{\"@id\":\"https:\\\/\\\/tralleskop.com\\\/index.php\\\/2026\\\/05\\\/03\\\/aydinda-7-24-sehirde-yasam-turkiye-kultur-yolu-festivali\\\/#primaryimage\"},\"thumbnailUrl\":\"https:\\\/\\\/tralleskop.com\\\/wp-content\\\/uploads\\\/2026\\\/05\\\/1032.webp\",\"datePublished\":\"2026-05-03T10:30:07+00:00\",\"breadcrumb\":{\"@id\":\"https:\\\/\\\/tralleskop.com\\\/index.php\\\/2026\\\/05\\\/03\\\/aydinda-7-24-sehirde-yasam-turkiye-kultur-yolu-festivali\\\/#breadcrumb\"},\"inLanguage\":\"tr\",\"potentialAction\":[{\"@type\":\"ReadAction\",\"target\":[\"https:\\\/\\\/tralleskop.com\\\/index.php\\\/2026\\\/05\\\/03\\\/aydinda-7-24-sehirde-yasam-turkiye-kultur-yolu-festivali\\\/\"]}]},{\"@type\":\"ImageObject\",\"inLanguage\":\"tr\",\"@id\":\"https:\\\/\\\/tralleskop.com\\\/index.php\\\/2026\\\/05\\\/03\\\/aydinda-7-24-sehirde-yasam-turkiye-kultur-yolu-festivali\\\/#primaryimage\",\"url\":\"https:\\\/\\\/tralleskop.com\\\/wp-content\\\/uploads\\\/2026\\\/05\\\/1032.webp\",\"contentUrl\":\"https:\\\/\\\/tralleskop.com\\\/wp-content\\\/uploads\\\/2026\\\/05\\\/1032.webp\",\"width\":1200,\"height\":675},{\"@type\":\"BreadcrumbList\",\"@id\":\"https:\\\/\\\/tralleskop.com\\\/index.php\\\/2026\\\/05\\\/03\\\/aydinda-7-24-sehirde-yasam-turkiye-kultur-yolu-festivali\\\/#breadcrumb\",\"itemListElement\":[{\"@type\":\"ListItem\",\"position\":1,\"name\":\"Anasayfa\",\"item\":\"https:\\\/\\\/tralleskop.com\\\/\"},{\"@type\":\"ListItem\",\"position\":2,\"name\":\"Ayd\u0131n&#8217;da 7\\\/24 \u015eehirde Ya\u015fam: T\u00fcrkiye K\u00fclt\u00fcr Yolu Festivali\"}]},{\"@type\":\"WebSite\",\"@id\":\"https:\\\/\\\/tralleskop.com\\\/#website\",\"url\":\"https:\\\/\\\/tralleskop.com\\\/\",\"name\":\"Tralleskop\",\"description\":\"\",\"publisher\":{\"@id\":\"https:\\\/\\\/tralleskop.com\\\/#organization\"},\"potentialAction\":[{\"@type\":\"SearchAction\",\"target\":{\"@type\":\"EntryPoint\",\"urlTemplate\":\"https:\\\/\\\/tralleskop.com\\\/?s={search_term_string}\"},\"query-input\":{\"@type\":\"PropertyValueSpecification\",\"valueRequired\":true,\"valueName\":\"search_term_string\"}}],\"inLanguage\":\"tr\"},{\"@type\":\"Organization\",\"@id\":\"https:\\\/\\\/tralleskop.com\\\/#organization\",\"name\":\"Tralleskop\",\"url\":\"https:\\\/\\\/tralleskop.com\\\/\",\"logo\":{\"@type\":\"ImageObject\",\"inLanguage\":\"tr\",\"@id\":\"https:\\\/\\\/tralleskop.com\\\/#\\\/schema\\\/logo\\\/image\\\/\",\"url\":\"https:\\\/\\\/tralleskop.com\\\/wp-content\\\/uploads\\\/2026\\\/03\\\/logo-1.png\",\"contentUrl\":\"https:\\\/\\\/tralleskop.com\\\/wp-content\\\/uploads\\\/2026\\\/03\\\/logo-1.png\",\"width\":2048,\"height\":2048,\"caption\":\"Tralleskop\"},\"image\":{\"@id\":\"https:\\\/\\\/tralleskop.com\\\/#\\\/schema\\\/logo\\\/image\\\/\"},\"sameAs\":[\"https:\\\/\\\/instagram.com\\\/tralleskop\"]},{\"@type\":\"Person\",\"@id\":\"https:\\\/\\\/tralleskop.com\\\/#\\\/schema\\\/person\\\/07eabec51c3edefcb97f005e5a24dc85\",\"name\":\"Yapay Zeka\",\"image\":{\"@type\":\"ImageObject\",\"inLanguage\":\"tr\",\"@id\":\"https:\\\/\\\/secure.gravatar.com\\\/avatar\\\/e77edf5bd5f891271e5db451c58207840f707caf056fe282ae8443fe299d6b9c?s=96&d=mm&r=g\",\"url\":\"https:\\\/\\\/secure.gravatar.com\\\/avatar\\\/e77edf5bd5f891271e5db451c58207840f707caf056fe282ae8443fe299d6b9c?s=96&d=mm&r=g\",\"contentUrl\":\"https:\\\/\\\/secure.gravatar.com\\\/avatar\\\/e77edf5bd5f891271e5db451c58207840f707caf056fe282ae8443fe299d6b9c?s=96&d=mm&r=g\",\"caption\":\"Yapay Zeka\"},\"url\":\"https:\\\/\\\/tralleskop.com\\\/index.php\\\/author\\\/yapayzeka\\\/\"}]}<\/script>\n<!-- \/ Yoast SEO plugin. -->","yoast_head_json":{"title":"Ayd\u0131n'da 7\/24 \u015eehirde Ya\u015fam: T\u00fcrkiye K\u00fclt\u00fcr Yolu Festivali - Tralleskop","robots":{"index":"index","follow":"follow","max-snippet":"max-snippet:-1","max-image-preview":"max-image-preview:large","max-video-preview":"max-video-preview:-1"},"canonical":"https:\/\/tralleskop.com\/index.php\/2026\/05\/03\/aydinda-7-24-sehirde-yasam-turkiye-kultur-yolu-festivali\/","og_locale":"tr_TR","og_type":"article","og_title":"Ayd\u0131n'da 7\/24 \u015eehirde Ya\u015fam: T\u00fcrkiye K\u00fclt\u00fcr Yolu Festivali - Tralleskop","og_description":"T\u00fcrkiye K\u00fclt\u00fcr Yolu Festivali, 2-10 May\u0131s'ta Ayd\u0131n'da!","og_url":"https:\/\/tralleskop.com\/index.php\/2026\/05\/03\/aydinda-7-24-sehirde-yasam-turkiye-kultur-yolu-festivali\/","og_site_name":"Tralleskop","article_published_time":"2026-05-03T10:30:07+00:00","author":"Yapay Zeka","twitter_card":"summary_large_image","twitter_misc":{"Yazan:":"Yapay Zeka","Tahmini okuma s\u00fcresi":"1 dakika"},"schema":{"@context":"https:\/\/schema.org","@graph":[{"@type":"Article","@id":"https:\/\/tralleskop.com\/index.php\/2026\/05\/03\/aydinda-7-24-sehirde-yasam-turkiye-kultur-yolu-festivali\/#article","isPartOf":{"@id":"https:\/\/tralleskop.com\/index.php\/2026\/05\/03\/aydinda-7-24-sehirde-yasam-turkiye-kultur-yolu-festivali\/"},"author":{"name":"Yapay Zeka","@id":"https:\/\/tralleskop.com\/#\/schema\/person\/07eabec51c3edefcb97f005e5a24dc85"},"headline":"Ayd\u0131n&#8217;da 7\/24 \u015eehirde Ya\u015fam: T\u00fcrkiye K\u00fclt\u00fcr Yolu Festivali","datePublished":"2026-05-03T10:30:07+00:00","mainEntityOfPage":{"@id":"https:\/\/tralleskop.com\/index.php\/2026\/05\/03\/aydinda-7-24-sehirde-yasam-turkiye-kultur-yolu-festivali\/"},"wordCount":150,"commentCount":0,"publisher":{"@id":"https:\/\/tralleskop.com\/#organization"},"image":{"@id":"https:\/\/tralleskop.com\/index.php\/2026\/05\/03\/aydinda-7-24-sehirde-yasam-turkiye-kultur-yolu-festivali\/#primaryimage"},"thumbnailUrl":"https:\/\/tralleskop.com\/wp-content\/uploads\/2026\/05\/1032.webp","keywords":["7\/24 \u015fehirde ya\u015fam","Ayd\u0131n","festival","K\u00fclt\u00fcr","K\u00fclt\u00fcr Yolu Festivali","turizm"],"articleSection":["Ayd\u0131n","Ayd\u0131n Siyaset","G\u00fcndem","K\u00fclt\u00fcr","K\u00fclt\u00fcr Sanat"],"inLanguage":"tr","potentialAction":[{"@type":"CommentAction","name":"Comment","target":["https:\/\/tralleskop.com\/index.php\/2026\/05\/03\/aydinda-7-24-sehirde-yasam-turkiye-kultur-yolu-festivali\/#respond"]}]},{"@type":"WebPage","@id":"https:\/\/tralleskop.com\/index.php\/2026\/05\/03\/aydinda-7-24-sehirde-yasam-turkiye-kultur-yolu-festivali\/","url":"https:\/\/tralleskop.com\/index.php\/2026\/05\/03\/aydinda-7-24-sehirde-yasam-turkiye-kultur-yolu-festivali\/","name":"Ayd\u0131n'da 7\/24 \u015eehirde Ya\u015fam: T\u00fcrkiye K\u00fclt\u00fcr Yolu Festivali - Tralleskop","isPartOf":{"@id":"https:\/\/tralleskop.com\/#website"},"primaryImageOfPage":{"@id":"https:\/\/tralleskop.com\/index.php\/2026\/05\/03\/aydinda-7-24-sehirde-yasam-turkiye-kultur-yolu-festivali\/#primaryimage"},"image":{"@id":"https:\/\/tralleskop.com\/index.php\/2026\/05\/03\/aydinda-7-24-sehirde-yasam-turkiye-kultur-yolu-festivali\/#primaryimage"},"thumbnailUrl":"https:\/\/tralleskop.com\/wp-content\/uploads\/2026\/05\/1032.webp","datePublished":"2026-05-03T10:30:07+00:00","breadcrumb":{"@id":"https:\/\/tralleskop.com\/index.php\/2026\/05\/03\/aydinda-7-24-sehirde-yasam-turkiye-kultur-yolu-festivali\/#breadcrumb"},"inLanguage":"tr","potentialAction":[{"@type":"ReadAction","target":["https:\/\/tralleskop.com\/index.php\/2026\/05\/03\/aydinda-7-24-sehirde-yasam-turkiye-kultur-yolu-festivali\/"]}]},{"@type":"ImageObject","inLanguage":"tr","@id":"https:\/\/tralleskop.com\/index.php\/2026\/05\/03\/aydinda-7-24-sehirde-yasam-turkiye-kultur-yolu-festivali\/#primaryimage","url":"https:\/\/tralleskop.com\/wp-content\/uploads\/2026\/05\/1032.webp","contentUrl":"https:\/\/tralleskop.com\/wp-content\/uploads\/2026\/05\/1032.webp","width":1200,"height":675},{"@type":"BreadcrumbList","@id":"https:\/\/tralleskop.com\/index.php\/2026\/05\/03\/aydinda-7-24-sehirde-yasam-turkiye-kultur-yolu-festivali\/#breadcrumb","itemListElement":[{"@type":"ListItem","position":1,"name":"Anasayfa","item":"https:\/\/tralleskop.com\/"},{"@type":"ListItem","position":2,"name":"Ayd\u0131n&#8217;da 7\/24 \u015eehirde Ya\u015fam: T\u00fcrkiye K\u00fclt\u00fcr Yolu Festivali"}]},{"@type":"WebSite","@id":"https:\/\/tralleskop.com\/#website","url":"https:\/\/tralleskop.com\/","name":"Tralleskop","description":"","publisher":{"@id":"https:\/\/tralleskop.com\/#organization"},"potentialAction":[{"@type":"SearchAction","target":{"@type":"EntryPoint","urlTemplate":"https:\/\/tralleskop.com\/?s={search_term_string}"},"query-input":{"@type":"PropertyValueSpecification","valueRequired":true,"valueName":"search_term_string"}}],"inLanguage":"tr"},{"@type":"Organization","@id":"https:\/\/tralleskop.com\/#organization","name":"Tralleskop","url":"https:\/\/tralleskop.com\/","logo":{"@type":"ImageObject","inLanguage":"tr","@id":"https:\/\/tralleskop.com\/#\/schema\/logo\/image\/","url":"https:\/\/tralleskop.com\/wp-content\/uploads\/2026\/03\/logo-1.png","contentUrl":"https:\/\/tralleskop.com\/wp-content\/uploads\/2026\/03\/logo-1.png","width":2048,"height":2048,"caption":"Tralleskop"},"image":{"@id":"https:\/\/tralleskop.com\/#\/schema\/logo\/image\/"},"sameAs":["https:\/\/instagram.com\/tralleskop"]},{"@type":"Person","@id":"https:\/\/tralleskop.com\/#\/schema\/person\/07eabec51c3edefcb97f005e5a24dc85","name":"Yapay Zeka","image":{"@type":"ImageObject","inLanguage":"tr","@id":"https:\/\/secure.gravatar.com\/avatar\/e77edf5bd5f891271e5db451c58207840f707caf056fe282ae8443fe299d6b9c?s=96&d=mm&r=g","url":"https:\/\/secure.gravatar.com\/avatar\/e77edf5bd5f891271e5db451c58207840f707caf056fe282ae8443fe299d6b9c?s=96&d=mm&r=g","contentUrl":"https:\/\/secure.gravatar.com\/avatar\/e77edf5bd5f891271e5db451c58207840f707caf056fe282ae8443fe299d6b9c?s=96&d=mm&r=g","caption":"Yapay Zeka"},"url":"https:\/\/tralleskop.com\/index.php\/author\/yapayzeka\/"}]}},"jetpack_featured_media_url":"https:\/\/tralleskop.com\/wp-content\/uploads\/2026\/05\/1032.webp","_links":{"self":[{"href":"https:\/\/tralleskop.com\/index.php\/wp-json\/wp\/v2\/posts\/685","targetHints":{"allow":["GET"]}}],"collection":[{"href":"https:\/\/tralleskop.com\/index.php\/wp-json\/wp\/v2\/posts"}],"about":[{"href":"https:\/\/tralleskop.com\/index.php\/wp-json\/wp\/v2\/types\/post"}],"author":[{"embeddable":true,"href":"https:\/\/tralleskop.com\/index.php\/wp-json\/wp\/v2\/users\/3"}],"replies":[{"embeddable":true,"href":"https:\/\/tralleskop.com\/index.php\/wp-json\/wp\/v2\/comments?post=685"}],"version-history":[{"count":0,"href":"https:\/\/tralleskop.com\/index.php\/wp-json\/wp\/v2\/posts\/685\/revisions"}],"wp:featuredmedia":[{"embeddable":true,"href":"https:\/\/tralleskop.com\/index.php\/wp-json\/wp\/v2\/media\/686"}],"wp:attachment":[{"href":"https:\/\/tralleskop.com\/index.php\/wp-json\/wp\/v2\/media?parent=685"}],"wp:term":[{"taxonomy":"category","embeddable":true,"href":"https:\/\/tralleskop.com\/index.php\/wp-json\/wp\/v2\/categories?post=685"},{"taxonomy":"post_tag","embeddable":true,"href":"https:\/\/tralleskop.com\/index.php\/wp-json\/wp\/v2\/tags?post=685"}],"curies":[{"name":"wp","href":"https:\/\/api.w.org\/{rel}","templated":true}]}}