{"id":683,"date":"2026-05-03T13:15:07","date_gmt":"2026-05-03T10:15:07","guid":{"rendered":"https:\/\/tralleskop.com\/index.php\/2026\/05\/03\/turkiye-kultur-yolu-festivali-aydinda-basladi\/"},"modified":"2026-05-03T13:15:07","modified_gmt":"2026-05-03T10:15:07","slug":"turkiye-kultur-yolu-festivali-aydinda-basladi","status":"publish","type":"post","link":"https:\/\/tralleskop.com\/index.php\/2026\/05\/03\/turkiye-kultur-yolu-festivali-aydinda-basladi\/","title":{"rendered":"T\u00fcrkiye K\u00fclt\u00fcr Yolu Festivali Ayd\u0131n&#8217;da Ba\u015flad\u0131"},"content":{"rendered":"<h1>T\u00fcrkiye K\u00fclt\u00fcr Yolu Festivali 177 Etkinlikle \u0130lk Kez Ayd\u0131n\u2019da<\/h1>\n<p>T\u00fcrkiye K\u00fclt\u00fcr Yolu Festivali, **177 etkinlik** ile ilk kez <b>Ayd\u0131n<\/b>&#8216;da ba\u015flad\u0131. K\u00fclt\u00fcr ve Turizm Bakan\u0131 <b>Mehmet Nuri Ersoy<\/b>, festival kapsam\u0131nda <b>\u015fehir genelinde 10 noktada<\/b> bir\u00e7ok etkinli\u011fin ger\u00e7ekle\u015ftirilece\u011fini a\u00e7\u0131klad\u0131.<\/p>\n<h2>Festival Detaylar\u0131<\/h2>\n<p>Festival, <b>Ayd\u0131n<\/b>&#8216;da ilk kez d\u00fczen\u043b\u0435\u043dmektedir. \u015eehir genelinde <b>10 farkl\u0131 noktada<\/b> ger\u00e7ekle\u015ftirilecek olan etkinlikler, <b>k\u00fclt\u00fcrel<\/b> ve <b>sanatsal<\/b> faaliyetleri i\u00e7ermektedir. Festival kapsam\u0131nda, <b>m\u00fczik<\/b>, <b>tiyatro<\/b>, <b>resim<\/b> ve <b>el sanatlar\u0131<\/b> gibi \u00e7e\u015fitli etkinlikler realiz edilecektir.<\/p>\n<h3>\u00d6nemli Olaylar<\/h3>\n<p><b>T\u00fcrkiye K\u00fclt\u00fcr Yolu Festivali<\/b>, <b>Ayd\u0131n<\/b>&#8216;a \u00f6nemli bir <b>k\u00fclt\u00fcrel<\/b> ve <b>turizm<\/b> hareketi getirecektir. Festival, <b>177 etkinlik<\/b> ile <b>\u015fehir<\/b>&#8216;in <b>k\u00fclt\u00fcrel<\/b> ve <b>sanatsal<\/b> anlamda zenginle\u015fmesine katk\u0131da bulunacakt\u0131r.<\/p>\n<h2>Analiz<\/h2>\n<p><b>T\u00fcrkiye K\u00fclt\u00fcr Yolu Festivali<\/b>, <b>Ayd\u0131n<\/b>&#8216;da ger\u00e7ekle\u015ftirece\u011fi <b>177 etkinlik<\/b> ile <b>\u015fehir<\/b>&#8216;in <b>k\u00fclt\u00fcrel<\/b> ve <b>sanatsal<\/b> kimli\u011fini g\u00fc\u00e7lendirecektir. Festival, <b>\u015fehir<\/b>&#8216;in <b>turizm<\/b> potansiyelini de art\u0131racakt\u0131r. <b>Ayd\u0131n<\/b>&#8216;da d\u00fczenlenen festival, <b>\u015fehir<\/b>&#8216;in <b>k\u00fclt\u00fcrel<\/b> ve <b>sanatsal<\/b> anlamda <b>T\u00fcrkiye<\/b>&#8216;de \u00f6nemli bir yere sahip olmas\u0131n\u0131 sa\u011flamaktad\u0131r.<\/p>\n","protected":false},"excerpt":{"rendered":"<p>T\u00fcrkiye K\u00fclt\u00fcr Yolu Festivali, 177 etkinlik ile ilk kez Ayd\u0131n&#8217;da ba\u015flad\u0131.<\/p>\n","protected":false},"author":3,"featured_media":684,"comment_status":"open","ping_status":"open","sticky":false,"template":"","format":"standard","meta":{"googlesitekit_rrm_CAow15e3DA:productID":"","_coblocks_attr":"","_coblocks_dimensions":"","_coblocks_responsive_height":"","_coblocks_accordion_ie_support":"","_ai_summary":"","_external_image_url":"https:\/\/i.pdimage.com\/static\/content\/26-05\/02\/turkiye-kultur-yolu-festivali-ilk-kez-177-etkinlikle-ilk-kez-aydinda.jpg","footnotes":""},"categories":[46,50,49,40],"tags":[468,475,470,474],"class_list":["post-683","post","type-post","status-publish","format-standard","has-post-thumbnail","hentry","category-aydin","category-aydin-siyaset","category-aydin-kultur","category-kultur-sanat","tag-aydin","tag-kultur-ve-turizm","tag-mehmet-nuri-ersoy","tag-turkiye-kultur-yolu-festivali"],"yoast_head":"<!-- This site is optimized with the Yoast SEO plugin v27.5 - https:\/\/yoast.com\/product\/yoast-seo-wordpress\/ -->\n<title>T\u00fcrkiye K\u00fclt\u00fcr Yolu Festivali Ayd\u0131n&#039;da Ba\u015flad\u0131 - Tralleskop<\/title>\n<meta name=\"robots\" content=\"index, follow, max-snippet:-1, max-image-preview:large, max-video-preview:-1\" \/>\n<link rel=\"canonical\" href=\"https:\/\/tralleskop.com\/index.php\/2026\/05\/03\/turkiye-kultur-yolu-festivali-aydinda-basladi\/\" \/>\n<meta property=\"og:locale\" content=\"tr_TR\" \/>\n<meta property=\"og:type\" content=\"article\" \/>\n<meta property=\"og:title\" content=\"T\u00fcrkiye K\u00fclt\u00fcr Yolu Festivali Ayd\u0131n&#039;da Ba\u015flad\u0131 - Tralleskop\" \/>\n<meta property=\"og:description\" content=\"T\u00fcrkiye K\u00fclt\u00fcr Yolu Festivali, 177 etkinlik ile ilk kez Ayd\u0131n&#039;da ba\u015flad\u0131.\" \/>\n<meta property=\"og:url\" content=\"https:\/\/tralleskop.com\/index.php\/2026\/05\/03\/turkiye-kultur-yolu-festivali-aydinda-basladi\/\" \/>\n<meta property=\"og:site_name\" content=\"Tralleskop\" \/>\n<meta property=\"article:published_time\" content=\"2026-05-03T10:15:07+00:00\" \/>\n<meta name=\"author\" content=\"Yapay Zeka\" \/>\n<meta name=\"twitter:card\" content=\"summary_large_image\" \/>\n<meta name=\"twitter:label1\" content=\"Yazan:\" \/>\n\t<meta name=\"twitter:data1\" content=\"Yapay Zeka\" \/>\n\t<meta name=\"twitter:label2\" content=\"Tahmini okuma s\u00fcresi\" \/>\n\t<meta name=\"twitter:data2\" content=\"1 dakika\" \/>\n<script type=\"application\/ld+json\" class=\"yoast-schema-graph\">{\"@context\":\"https:\\\/\\\/schema.org\",\"@graph\":[{\"@type\":\"Article\",\"@id\":\"https:\\\/\\\/tralleskop.com\\\/index.php\\\/2026\\\/05\\\/03\\\/turkiye-kultur-yolu-festivali-aydinda-basladi\\\/#article\",\"isPartOf\":{\"@id\":\"https:\\\/\\\/tralleskop.com\\\/index.php\\\/2026\\\/05\\\/03\\\/turkiye-kultur-yolu-festivali-aydinda-basladi\\\/\"},\"author\":{\"name\":\"Yapay Zeka\",\"@id\":\"https:\\\/\\\/tralleskop.com\\\/#\\\/schema\\\/person\\\/07eabec51c3edefcb97f005e5a24dc85\"},\"headline\":\"T\u00fcrkiye K\u00fclt\u00fcr Yolu Festivali Ayd\u0131n&#8217;da Ba\u015flad\u0131\",\"datePublished\":\"2026-05-03T10:15:07+00:00\",\"mainEntityOfPage\":{\"@id\":\"https:\\\/\\\/tralleskop.com\\\/index.php\\\/2026\\\/05\\\/03\\\/turkiye-kultur-yolu-festivali-aydinda-basladi\\\/\"},\"wordCount\":218,\"commentCount\":0,\"publisher\":{\"@id\":\"https:\\\/\\\/tralleskop.com\\\/#organization\"},\"image\":{\"@id\":\"https:\\\/\\\/tralleskop.com\\\/index.php\\\/2026\\\/05\\\/03\\\/turkiye-kultur-yolu-festivali-aydinda-basladi\\\/#primaryimage\"},\"thumbnailUrl\":\"https:\\\/\\\/tralleskop.com\\\/wp-content\\\/uploads\\\/2026\\\/05\\\/turkiye-kultur-yolu-festivali-ilk-kez-177-etkinlikle-ilk-kez-aydinda.jpg.jpg\",\"keywords\":[\"Ayd\u0131n\",\"K\u00fclt\u00fcr ve Turizm\",\"Mehmet Nuri Ersoy\",\"T\u00fcrkiye K\u00fclt\u00fcr Yolu Festivali\"],\"articleSection\":[\"Ayd\u0131n\",\"Ayd\u0131n Siyaset\",\"K\u00fclt\u00fcr\",\"K\u00fclt\u00fcr Sanat\"],\"inLanguage\":\"tr\",\"potentialAction\":[{\"@type\":\"CommentAction\",\"name\":\"Comment\",\"target\":[\"https:\\\/\\\/tralleskop.com\\\/index.php\\\/2026\\\/05\\\/03\\\/turkiye-kultur-yolu-festivali-aydinda-basladi\\\/#respond\"]}]},{\"@type\":\"WebPage\",\"@id\":\"https:\\\/\\\/tralleskop.com\\\/index.php\\\/2026\\\/05\\\/03\\\/turkiye-kultur-yolu-festivali-aydinda-basladi\\\/\",\"url\":\"https:\\\/\\\/tralleskop.com\\\/index.php\\\/2026\\\/05\\\/03\\\/turkiye-kultur-yolu-festivali-aydinda-basladi\\\/\",\"name\":\"T\u00fcrkiye K\u00fclt\u00fcr Yolu Festivali Ayd\u0131n'da Ba\u015flad\u0131 - Tralleskop\",\"isPartOf\":{\"@id\":\"https:\\\/\\\/tralleskop.com\\\/#website\"},\"primaryImageOfPage\":{\"@id\":\"https:\\\/\\\/tralleskop.com\\\/index.php\\\/2026\\\/05\\\/03\\\/turkiye-kultur-yolu-festivali-aydinda-basladi\\\/#primaryimage\"},\"image\":{\"@id\":\"https:\\\/\\\/tralleskop.com\\\/index.php\\\/2026\\\/05\\\/03\\\/turkiye-kultur-yolu-festivali-aydinda-basladi\\\/#primaryimage\"},\"thumbnailUrl\":\"https:\\\/\\\/tralleskop.com\\\/wp-content\\\/uploads\\\/2026\\\/05\\\/turkiye-kultur-yolu-festivali-ilk-kez-177-etkinlikle-ilk-kez-aydinda.jpg.jpg\",\"datePublished\":\"2026-05-03T10:15:07+00:00\",\"breadcrumb\":{\"@id\":\"https:\\\/\\\/tralleskop.com\\\/index.php\\\/2026\\\/05\\\/03\\\/turkiye-kultur-yolu-festivali-aydinda-basladi\\\/#breadcrumb\"},\"inLanguage\":\"tr\",\"potentialAction\":[{\"@type\":\"ReadAction\",\"target\":[\"https:\\\/\\\/tralleskop.com\\\/index.php\\\/2026\\\/05\\\/03\\\/turkiye-kultur-yolu-festivali-aydinda-basladi\\\/\"]}]},{\"@type\":\"ImageObject\",\"inLanguage\":\"tr\",\"@id\":\"https:\\\/\\\/tralleskop.com\\\/index.php\\\/2026\\\/05\\\/03\\\/turkiye-kultur-yolu-festivali-aydinda-basladi\\\/#primaryimage\",\"url\":\"https:\\\/\\\/tralleskop.com\\\/wp-content\\\/uploads\\\/2026\\\/05\\\/turkiye-kultur-yolu-festivali-ilk-kez-177-etkinlikle-ilk-kez-aydinda.jpg.jpg\",\"contentUrl\":\"https:\\\/\\\/tralleskop.com\\\/wp-content\\\/uploads\\\/2026\\\/05\\\/turkiye-kultur-yolu-festivali-ilk-kez-177-etkinlikle-ilk-kez-aydinda.jpg.jpg\",\"width\":1200,\"height\":800},{\"@type\":\"BreadcrumbList\",\"@id\":\"https:\\\/\\\/tralleskop.com\\\/index.php\\\/2026\\\/05\\\/03\\\/turkiye-kultur-yolu-festivali-aydinda-basladi\\\/#breadcrumb\",\"itemListElement\":[{\"@type\":\"ListItem\",\"position\":1,\"name\":\"Anasayfa\",\"item\":\"https:\\\/\\\/tralleskop.com\\\/\"},{\"@type\":\"ListItem\",\"position\":2,\"name\":\"T\u00fcrkiye K\u00fclt\u00fcr Yolu Festivali Ayd\u0131n&#8217;da Ba\u015flad\u0131\"}]},{\"@type\":\"WebSite\",\"@id\":\"https:\\\/\\\/tralleskop.com\\\/#website\",\"url\":\"https:\\\/\\\/tralleskop.com\\\/\",\"name\":\"Tralleskop\",\"description\":\"\",\"publisher\":{\"@id\":\"https:\\\/\\\/tralleskop.com\\\/#organization\"},\"potentialAction\":[{\"@type\":\"SearchAction\",\"target\":{\"@type\":\"EntryPoint\",\"urlTemplate\":\"https:\\\/\\\/tralleskop.com\\\/?s={search_term_string}\"},\"query-input\":{\"@type\":\"PropertyValueSpecification\",\"valueRequired\":true,\"valueName\":\"search_term_string\"}}],\"inLanguage\":\"tr\"},{\"@type\":\"Organization\",\"@id\":\"https:\\\/\\\/tralleskop.com\\\/#organization\",\"name\":\"Tralleskop\",\"url\":\"https:\\\/\\\/tralleskop.com\\\/\",\"logo\":{\"@type\":\"ImageObject\",\"inLanguage\":\"tr\",\"@id\":\"https:\\\/\\\/tralleskop.com\\\/#\\\/schema\\\/logo\\\/image\\\/\",\"url\":\"https:\\\/\\\/tralleskop.com\\\/wp-content\\\/uploads\\\/2026\\\/03\\\/logo-1.png\",\"contentUrl\":\"https:\\\/\\\/tralleskop.com\\\/wp-content\\\/uploads\\\/2026\\\/03\\\/logo-1.png\",\"width\":2048,\"height\":2048,\"caption\":\"Tralleskop\"},\"image\":{\"@id\":\"https:\\\/\\\/tralleskop.com\\\/#\\\/schema\\\/logo\\\/image\\\/\"},\"sameAs\":[\"https:\\\/\\\/instagram.com\\\/tralleskop\"]},{\"@type\":\"Person\",\"@id\":\"https:\\\/\\\/tralleskop.com\\\/#\\\/schema\\\/person\\\/07eabec51c3edefcb97f005e5a24dc85\",\"name\":\"Yapay Zeka\",\"image\":{\"@type\":\"ImageObject\",\"inLanguage\":\"tr\",\"@id\":\"https:\\\/\\\/secure.gravatar.com\\\/avatar\\\/e77edf5bd5f891271e5db451c58207840f707caf056fe282ae8443fe299d6b9c?s=96&d=mm&r=g\",\"url\":\"https:\\\/\\\/secure.gravatar.com\\\/avatar\\\/e77edf5bd5f891271e5db451c58207840f707caf056fe282ae8443fe299d6b9c?s=96&d=mm&r=g\",\"contentUrl\":\"https:\\\/\\\/secure.gravatar.com\\\/avatar\\\/e77edf5bd5f891271e5db451c58207840f707caf056fe282ae8443fe299d6b9c?s=96&d=mm&r=g\",\"caption\":\"Yapay Zeka\"},\"url\":\"https:\\\/\\\/tralleskop.com\\\/index.php\\\/author\\\/yapayzeka\\\/\"}]}<\/script>\n<!-- \/ Yoast SEO plugin. -->","yoast_head_json":{"title":"T\u00fcrkiye K\u00fclt\u00fcr Yolu Festivali Ayd\u0131n'da Ba\u015flad\u0131 - Tralleskop","robots":{"index":"index","follow":"follow","max-snippet":"max-snippet:-1","max-image-preview":"max-image-preview:large","max-video-preview":"max-video-preview:-1"},"canonical":"https:\/\/tralleskop.com\/index.php\/2026\/05\/03\/turkiye-kultur-yolu-festivali-aydinda-basladi\/","og_locale":"tr_TR","og_type":"article","og_title":"T\u00fcrkiye K\u00fclt\u00fcr Yolu Festivali Ayd\u0131n'da Ba\u015flad\u0131 - Tralleskop","og_description":"T\u00fcrkiye K\u00fclt\u00fcr Yolu Festivali, 177 etkinlik ile ilk kez Ayd\u0131n'da ba\u015flad\u0131.","og_url":"https:\/\/tralleskop.com\/index.php\/2026\/05\/03\/turkiye-kultur-yolu-festivali-aydinda-basladi\/","og_site_name":"Tralleskop","article_published_time":"2026-05-03T10:15:07+00:00","author":"Yapay Zeka","twitter_card":"summary_large_image","twitter_misc":{"Yazan:":"Yapay Zeka","Tahmini okuma s\u00fcresi":"1 dakika"},"schema":{"@context":"https:\/\/schema.org","@graph":[{"@type":"Article","@id":"https:\/\/tralleskop.com\/index.php\/2026\/05\/03\/turkiye-kultur-yolu-festivali-aydinda-basladi\/#article","isPartOf":{"@id":"https:\/\/tralleskop.com\/index.php\/2026\/05\/03\/turkiye-kultur-yolu-festivali-aydinda-basladi\/"},"author":{"name":"Yapay Zeka","@id":"https:\/\/tralleskop.com\/#\/schema\/person\/07eabec51c3edefcb97f005e5a24dc85"},"headline":"T\u00fcrkiye K\u00fclt\u00fcr Yolu Festivali Ayd\u0131n&#8217;da Ba\u015flad\u0131","datePublished":"2026-05-03T10:15:07+00:00","mainEntityOfPage":{"@id":"https:\/\/tralleskop.com\/index.php\/2026\/05\/03\/turkiye-kultur-yolu-festivali-aydinda-basladi\/"},"wordCount":218,"commentCount":0,"publisher":{"@id":"https:\/\/tralleskop.com\/#organization"},"image":{"@id":"https:\/\/tralleskop.com\/index.php\/2026\/05\/03\/turkiye-kultur-yolu-festivali-aydinda-basladi\/#primaryimage"},"thumbnailUrl":"https:\/\/tralleskop.com\/wp-content\/uploads\/2026\/05\/turkiye-kultur-yolu-festivali-ilk-kez-177-etkinlikle-ilk-kez-aydinda.jpg.jpg","keywords":["Ayd\u0131n","K\u00fclt\u00fcr ve Turizm","Mehmet Nuri Ersoy","T\u00fcrkiye K\u00fclt\u00fcr Yolu Festivali"],"articleSection":["Ayd\u0131n","Ayd\u0131n Siyaset","K\u00fclt\u00fcr","K\u00fclt\u00fcr Sanat"],"inLanguage":"tr","potentialAction":[{"@type":"CommentAction","name":"Comment","target":["https:\/\/tralleskop.com\/index.php\/2026\/05\/03\/turkiye-kultur-yolu-festivali-aydinda-basladi\/#respond"]}]},{"@type":"WebPage","@id":"https:\/\/tralleskop.com\/index.php\/2026\/05\/03\/turkiye-kultur-yolu-festivali-aydinda-basladi\/","url":"https:\/\/tralleskop.com\/index.php\/2026\/05\/03\/turkiye-kultur-yolu-festivali-aydinda-basladi\/","name":"T\u00fcrkiye K\u00fclt\u00fcr Yolu Festivali Ayd\u0131n'da Ba\u015flad\u0131 - Tralleskop","isPartOf":{"@id":"https:\/\/tralleskop.com\/#website"},"primaryImageOfPage":{"@id":"https:\/\/tralleskop.com\/index.php\/2026\/05\/03\/turkiye-kultur-yolu-festivali-aydinda-basladi\/#primaryimage"},"image":{"@id":"https:\/\/tralleskop.com\/index.php\/2026\/05\/03\/turkiye-kultur-yolu-festivali-aydinda-basladi\/#primaryimage"},"thumbnailUrl":"https:\/\/tralleskop.com\/wp-content\/uploads\/2026\/05\/turkiye-kultur-yolu-festivali-ilk-kez-177-etkinlikle-ilk-kez-aydinda.jpg.jpg","datePublished":"2026-05-03T10:15:07+00:00","breadcrumb":{"@id":"https:\/\/tralleskop.com\/index.php\/2026\/05\/03\/turkiye-kultur-yolu-festivali-aydinda-basladi\/#breadcrumb"},"inLanguage":"tr","potentialAction":[{"@type":"ReadAction","target":["https:\/\/tralleskop.com\/index.php\/2026\/05\/03\/turkiye-kultur-yolu-festivali-aydinda-basladi\/"]}]},{"@type":"ImageObject","inLanguage":"tr","@id":"https:\/\/tralleskop.com\/index.php\/2026\/05\/03\/turkiye-kultur-yolu-festivali-aydinda-basladi\/#primaryimage","url":"https:\/\/tralleskop.com\/wp-content\/uploads\/2026\/05\/turkiye-kultur-yolu-festivali-ilk-kez-177-etkinlikle-ilk-kez-aydinda.jpg.jpg","contentUrl":"https:\/\/tralleskop.com\/wp-content\/uploads\/2026\/05\/turkiye-kultur-yolu-festivali-ilk-kez-177-etkinlikle-ilk-kez-aydinda.jpg.jpg","width":1200,"height":800},{"@type":"BreadcrumbList","@id":"https:\/\/tralleskop.com\/index.php\/2026\/05\/03\/turkiye-kultur-yolu-festivali-aydinda-basladi\/#breadcrumb","itemListElement":[{"@type":"ListItem","position":1,"name":"Anasayfa","item":"https:\/\/tralleskop.com\/"},{"@type":"ListItem","position":2,"name":"T\u00fcrkiye K\u00fclt\u00fcr Yolu Festivali Ayd\u0131n&#8217;da Ba\u015flad\u0131"}]},{"@type":"WebSite","@id":"https:\/\/tralleskop.com\/#website","url":"https:\/\/tralleskop.com\/","name":"Tralleskop","description":"","publisher":{"@id":"https:\/\/tralleskop.com\/#organization"},"potentialAction":[{"@type":"SearchAction","target":{"@type":"EntryPoint","urlTemplate":"https:\/\/tralleskop.com\/?s={search_term_string}"},"query-input":{"@type":"PropertyValueSpecification","valueRequired":true,"valueName":"search_term_string"}}],"inLanguage":"tr"},{"@type":"Organization","@id":"https:\/\/tralleskop.com\/#organization","name":"Tralleskop","url":"https:\/\/tralleskop.com\/","logo":{"@type":"ImageObject","inLanguage":"tr","@id":"https:\/\/tralleskop.com\/#\/schema\/logo\/image\/","url":"https:\/\/tralleskop.com\/wp-content\/uploads\/2026\/03\/logo-1.png","contentUrl":"https:\/\/tralleskop.com\/wp-content\/uploads\/2026\/03\/logo-1.png","width":2048,"height":2048,"caption":"Tralleskop"},"image":{"@id":"https:\/\/tralleskop.com\/#\/schema\/logo\/image\/"},"sameAs":["https:\/\/instagram.com\/tralleskop"]},{"@type":"Person","@id":"https:\/\/tralleskop.com\/#\/schema\/person\/07eabec51c3edefcb97f005e5a24dc85","name":"Yapay Zeka","image":{"@type":"ImageObject","inLanguage":"tr","@id":"https:\/\/secure.gravatar.com\/avatar\/e77edf5bd5f891271e5db451c58207840f707caf056fe282ae8443fe299d6b9c?s=96&d=mm&r=g","url":"https:\/\/secure.gravatar.com\/avatar\/e77edf5bd5f891271e5db451c58207840f707caf056fe282ae8443fe299d6b9c?s=96&d=mm&r=g","contentUrl":"https:\/\/secure.gravatar.com\/avatar\/e77edf5bd5f891271e5db451c58207840f707caf056fe282ae8443fe299d6b9c?s=96&d=mm&r=g","caption":"Yapay Zeka"},"url":"https:\/\/tralleskop.com\/index.php\/author\/yapayzeka\/"}]}},"jetpack_featured_media_url":"https:\/\/tralleskop.com\/wp-content\/uploads\/2026\/05\/turkiye-kultur-yolu-festivali-ilk-kez-177-etkinlikle-ilk-kez-aydinda.jpg.jpg","_links":{"self":[{"href":"https:\/\/tralleskop.com\/index.php\/wp-json\/wp\/v2\/posts\/683","targetHints":{"allow":["GET"]}}],"collection":[{"href":"https:\/\/tralleskop.com\/index.php\/wp-json\/wp\/v2\/posts"}],"about":[{"href":"https:\/\/tralleskop.com\/index.php\/wp-json\/wp\/v2\/types\/post"}],"author":[{"embeddable":true,"href":"https:\/\/tralleskop.com\/index.php\/wp-json\/wp\/v2\/users\/3"}],"replies":[{"embeddable":true,"href":"https:\/\/tralleskop.com\/index.php\/wp-json\/wp\/v2\/comments?post=683"}],"version-history":[{"count":0,"href":"https:\/\/tralleskop.com\/index.php\/wp-json\/wp\/v2\/posts\/683\/revisions"}],"wp:featuredmedia":[{"embeddable":true,"href":"https:\/\/tralleskop.com\/index.php\/wp-json\/wp\/v2\/media\/684"}],"wp:attachment":[{"href":"https:\/\/tralleskop.com\/index.php\/wp-json\/wp\/v2\/media?parent=683"}],"wp:term":[{"taxonomy":"category","embeddable":true,"href":"https:\/\/tralleskop.com\/index.php\/wp-json\/wp\/v2\/categories?post=683"},{"taxonomy":"post_tag","embeddable":true,"href":"https:\/\/tralleskop.com\/index.php\/wp-json\/wp\/v2\/tags?post=683"}],"curies":[{"name":"wp","href":"https:\/\/api.w.org\/{rel}","templated":true}]}}