{"id":670,"date":"2026-05-03T11:30:07","date_gmt":"2026-05-03T08:30:07","guid":{"rendered":"https:\/\/tralleskop.com\/index.php\/2026\/05\/03\/abdden-almanyaya-sert-darbe-5-bin-asker-cekilmesini-istediler\/"},"modified":"2026-05-03T11:30:07","modified_gmt":"2026-05-03T08:30:07","slug":"abdden-almanyaya-sert-darbe-5-bin-asker-cekilmesini-istediler","status":"publish","type":"post","link":"https:\/\/tralleskop.com\/index.php\/2026\/05\/03\/abdden-almanyaya-sert-darbe-5-bin-asker-cekilmesini-istediler\/","title":{"rendered":"ABD&#8217;den Almanya&#8217;ya Sert Darbe: 5 Bin Asker \u00c7ekilmesini \u0130stediler"},"content":{"rendered":"<h1>Trump&#8217;\u0131n Almanya Karar\u0131<\/h1>\n<p>Amerika Birle\u015fik Devletleri&#8217;nin Almanya&#8217;daki askeri varl\u0131\u011f\u0131n\u0131 azaltma karar\u0131 ald\u0131. Ba\u015fkan <b>Donald Trump<\/b>, <b>5.000 ABD askerinin<\/b> Almanya&#8217;dan \u00e7ekilmesini emretti.<\/p>\n<h2>Arka Plan<\/h2>\n<p>Bu karar, ABD ve Almanya aras\u0131ndaki ili\u015fkilerde \u00f6nemli bir geli\u015fme olarak g\u00f6r\u00fcl\u00fcyor. Trump&#8217;\u0131n karar\u0131, NATO ortakl\u0131\u011f\u0131 i\u00e7erisindeki askeri varl\u0131klar\u0131n revize edildi\u011fine i\u015faret ediyor.<\/p>\n<h3>NATO ve G\u00fcvenlik<\/h3>\n<p>Almanya&#8217;dan \u00e7ekilecek <b>5.000 ABD askerinin<\/b> yeri ve yeni g\u00f6rev yeri hen\u00fcz belli de\u011fil. Bu hareket, <b>NATO ortakl\u0131klar\u0131<\/b> ve <b>Avrupa g\u00fcvenli\u011fi<\/b> a\u00e7\u0131s\u0131ndan \u00f6nemli sonu\u00e7lar do\u011furabilir.<\/p>\n<h2>Ekonomik ve Siyasi Etkiler<\/h2>\n<p>Trump&#8217;\u0131n bu karar\u0131, ekonomi ve siyaset alan\u0131nda da geni\u015f yank\u0131 uyand\u0131racak gibi g\u00f6r\u00fcn\u00fcyor. <b>Transatlantik ili\u015fkiler<\/b> ve <b>uluslararas\u0131 g\u00fcvenlik<\/b> konular\u0131nda yeni tart\u0131\u015fmalar a\u00e7\u0131labilir.<\/p>\n<h2>Analiz<\/h2>\n<p>Trump&#8217;\u0131n Almanya&#8217;dan asker \u00e7ekme karar\u0131, <b>Avrupa&#8217;da g\u00fc\u00e7 dengesini<\/b> etkileyebilir. <b>ABD&#8217;nin global stratejisi<\/b> ve <b>NATO&#8217;nun gelece\u011fi<\/b> a\u00e7\u0131s\u0131ndan \u00f6nemli bir ad\u0131m olarak de\u011ferlendirilebilir.<\/p>\n","protected":false},"excerpt":{"rendered":"<p>ABD Ba\u015fkan\u0131 Trump, 5.000 ABD askerinin Almanya&#8217;dan \u00e7ekilmesini emretti. Bu karar, NATO ve ABD-Almanya ili\u015fkilerini etkileyebilir.<\/p>\n","protected":false},"author":3,"featured_media":0,"comment_status":"open","ping_status":"open","sticky":false,"template":"","format":"standard","meta":{"googlesitekit_rrm_CAow15e3DA:productID":"","_coblocks_attr":"","_coblocks_dimensions":"","_coblocks_responsive_height":"","_coblocks_accordion_ie_support":"","_ai_summary":"","_external_image_url":"","footnotes":""},"categories":[50,5,26],"tags":[119,449,314,450,191,118],"class_list":["post-670","post","type-post","status-publish","format-standard","hentry","category-aydin-siyaset","category-dunya","category-siyaset","tag-almanya","tag-asker-cekilmesi","tag-guvenlik","tag-nato","tag-siyaset","tag-trump"],"yoast_head":"<!-- This site is optimized with the Yoast SEO plugin v27.5 - https:\/\/yoast.com\/product\/yoast-seo-wordpress\/ -->\n<title>ABD&#039;den Almanya&#039;ya Sert Darbe: 5 Bin Asker \u00c7ekilmesini \u0130stediler - Tralleskop<\/title>\n<meta name=\"robots\" content=\"index, follow, max-snippet:-1, max-image-preview:large, max-video-preview:-1\" \/>\n<link rel=\"canonical\" href=\"https:\/\/tralleskop.com\/index.php\/2026\/05\/03\/abdden-almanyaya-sert-darbe-5-bin-asker-cekilmesini-istediler\/\" \/>\n<meta property=\"og:locale\" content=\"tr_TR\" \/>\n<meta property=\"og:type\" content=\"article\" \/>\n<meta property=\"og:title\" content=\"ABD&#039;den Almanya&#039;ya Sert Darbe: 5 Bin Asker \u00c7ekilmesini \u0130stediler - Tralleskop\" \/>\n<meta property=\"og:description\" content=\"ABD Ba\u015fkan\u0131 Trump, 5.000 ABD askerinin Almanya&#039;dan \u00e7ekilmesini emretti. Bu karar, NATO ve ABD-Almanya ili\u015fkilerini etkileyebilir.\" \/>\n<meta property=\"og:url\" content=\"https:\/\/tralleskop.com\/index.php\/2026\/05\/03\/abdden-almanyaya-sert-darbe-5-bin-asker-cekilmesini-istediler\/\" \/>\n<meta property=\"og:site_name\" content=\"Tralleskop\" \/>\n<meta property=\"article:published_time\" content=\"2026-05-03T08:30:07+00:00\" \/>\n<meta name=\"author\" content=\"Yapay Zeka\" \/>\n<meta name=\"twitter:card\" content=\"summary_large_image\" \/>\n<meta name=\"twitter:label1\" content=\"Yazan:\" \/>\n\t<meta name=\"twitter:data1\" content=\"Yapay Zeka\" \/>\n\t<meta name=\"twitter:label2\" content=\"Tahmini okuma s\u00fcresi\" \/>\n\t<meta name=\"twitter:data2\" content=\"1 dakika\" \/>\n<script type=\"application\/ld+json\" class=\"yoast-schema-graph\">{\"@context\":\"https:\\\/\\\/schema.org\",\"@graph\":[{\"@type\":\"Article\",\"@id\":\"https:\\\/\\\/tralleskop.com\\\/index.php\\\/2026\\\/05\\\/03\\\/abdden-almanyaya-sert-darbe-5-bin-asker-cekilmesini-istediler\\\/#article\",\"isPartOf\":{\"@id\":\"https:\\\/\\\/tralleskop.com\\\/index.php\\\/2026\\\/05\\\/03\\\/abdden-almanyaya-sert-darbe-5-bin-asker-cekilmesini-istediler\\\/\"},\"author\":{\"name\":\"Yapay Zeka\",\"@id\":\"https:\\\/\\\/tralleskop.com\\\/#\\\/schema\\\/person\\\/07eabec51c3edefcb97f005e5a24dc85\"},\"headline\":\"ABD&#8217;den Almanya&#8217;ya Sert Darbe: 5 Bin Asker \u00c7ekilmesini \u0130stediler\",\"datePublished\":\"2026-05-03T08:30:07+00:00\",\"mainEntityOfPage\":{\"@id\":\"https:\\\/\\\/tralleskop.com\\\/index.php\\\/2026\\\/05\\\/03\\\/abdden-almanyaya-sert-darbe-5-bin-asker-cekilmesini-istediler\\\/\"},\"wordCount\":181,\"commentCount\":0,\"publisher\":{\"@id\":\"https:\\\/\\\/tralleskop.com\\\/#organization\"},\"keywords\":[\"Almanya\",\"Asker \u00c7ekilmesi\",\"g\u00fcvenlik\",\"NATO\",\"siyaset\",\"Trump\"],\"articleSection\":[\"Ayd\u0131n Siyaset\",\"d\u00fcnya\",\"Siyaset\"],\"inLanguage\":\"tr\",\"potentialAction\":[{\"@type\":\"CommentAction\",\"name\":\"Comment\",\"target\":[\"https:\\\/\\\/tralleskop.com\\\/index.php\\\/2026\\\/05\\\/03\\\/abdden-almanyaya-sert-darbe-5-bin-asker-cekilmesini-istediler\\\/#respond\"]}]},{\"@type\":\"WebPage\",\"@id\":\"https:\\\/\\\/tralleskop.com\\\/index.php\\\/2026\\\/05\\\/03\\\/abdden-almanyaya-sert-darbe-5-bin-asker-cekilmesini-istediler\\\/\",\"url\":\"https:\\\/\\\/tralleskop.com\\\/index.php\\\/2026\\\/05\\\/03\\\/abdden-almanyaya-sert-darbe-5-bin-asker-cekilmesini-istediler\\\/\",\"name\":\"ABD'den Almanya'ya Sert Darbe: 5 Bin Asker \u00c7ekilmesini \u0130stediler - Tralleskop\",\"isPartOf\":{\"@id\":\"https:\\\/\\\/tralleskop.com\\\/#website\"},\"datePublished\":\"2026-05-03T08:30:07+00:00\",\"breadcrumb\":{\"@id\":\"https:\\\/\\\/tralleskop.com\\\/index.php\\\/2026\\\/05\\\/03\\\/abdden-almanyaya-sert-darbe-5-bin-asker-cekilmesini-istediler\\\/#breadcrumb\"},\"inLanguage\":\"tr\",\"potentialAction\":[{\"@type\":\"ReadAction\",\"target\":[\"https:\\\/\\\/tralleskop.com\\\/index.php\\\/2026\\\/05\\\/03\\\/abdden-almanyaya-sert-darbe-5-bin-asker-cekilmesini-istediler\\\/\"]}]},{\"@type\":\"BreadcrumbList\",\"@id\":\"https:\\\/\\\/tralleskop.com\\\/index.php\\\/2026\\\/05\\\/03\\\/abdden-almanyaya-sert-darbe-5-bin-asker-cekilmesini-istediler\\\/#breadcrumb\",\"itemListElement\":[{\"@type\":\"ListItem\",\"position\":1,\"name\":\"Anasayfa\",\"item\":\"https:\\\/\\\/tralleskop.com\\\/\"},{\"@type\":\"ListItem\",\"position\":2,\"name\":\"ABD&#8217;den Almanya&#8217;ya Sert Darbe: 5 Bin Asker \u00c7ekilmesini \u0130stediler\"}]},{\"@type\":\"WebSite\",\"@id\":\"https:\\\/\\\/tralleskop.com\\\/#website\",\"url\":\"https:\\\/\\\/tralleskop.com\\\/\",\"name\":\"Tralleskop\",\"description\":\"\",\"publisher\":{\"@id\":\"https:\\\/\\\/tralleskop.com\\\/#organization\"},\"potentialAction\":[{\"@type\":\"SearchAction\",\"target\":{\"@type\":\"EntryPoint\",\"urlTemplate\":\"https:\\\/\\\/tralleskop.com\\\/?s={search_term_string}\"},\"query-input\":{\"@type\":\"PropertyValueSpecification\",\"valueRequired\":true,\"valueName\":\"search_term_string\"}}],\"inLanguage\":\"tr\"},{\"@type\":\"Organization\",\"@id\":\"https:\\\/\\\/tralleskop.com\\\/#organization\",\"name\":\"Tralleskop\",\"url\":\"https:\\\/\\\/tralleskop.com\\\/\",\"logo\":{\"@type\":\"ImageObject\",\"inLanguage\":\"tr\",\"@id\":\"https:\\\/\\\/tralleskop.com\\\/#\\\/schema\\\/logo\\\/image\\\/\",\"url\":\"https:\\\/\\\/tralleskop.com\\\/wp-content\\\/uploads\\\/2026\\\/03\\\/logo-1.png\",\"contentUrl\":\"https:\\\/\\\/tralleskop.com\\\/wp-content\\\/uploads\\\/2026\\\/03\\\/logo-1.png\",\"width\":2048,\"height\":2048,\"caption\":\"Tralleskop\"},\"image\":{\"@id\":\"https:\\\/\\\/tralleskop.com\\\/#\\\/schema\\\/logo\\\/image\\\/\"},\"sameAs\":[\"https:\\\/\\\/instagram.com\\\/tralleskop\"]},{\"@type\":\"Person\",\"@id\":\"https:\\\/\\\/tralleskop.com\\\/#\\\/schema\\\/person\\\/07eabec51c3edefcb97f005e5a24dc85\",\"name\":\"Yapay Zeka\",\"image\":{\"@type\":\"ImageObject\",\"inLanguage\":\"tr\",\"@id\":\"https:\\\/\\\/secure.gravatar.com\\\/avatar\\\/e77edf5bd5f891271e5db451c58207840f707caf056fe282ae8443fe299d6b9c?s=96&d=mm&r=g\",\"url\":\"https:\\\/\\\/secure.gravatar.com\\\/avatar\\\/e77edf5bd5f891271e5db451c58207840f707caf056fe282ae8443fe299d6b9c?s=96&d=mm&r=g\",\"contentUrl\":\"https:\\\/\\\/secure.gravatar.com\\\/avatar\\\/e77edf5bd5f891271e5db451c58207840f707caf056fe282ae8443fe299d6b9c?s=96&d=mm&r=g\",\"caption\":\"Yapay Zeka\"},\"url\":\"https:\\\/\\\/tralleskop.com\\\/index.php\\\/author\\\/yapayzeka\\\/\"}]}<\/script>\n<!-- \/ Yoast SEO plugin. -->","yoast_head_json":{"title":"ABD'den Almanya'ya Sert Darbe: 5 Bin Asker \u00c7ekilmesini \u0130stediler - Tralleskop","robots":{"index":"index","follow":"follow","max-snippet":"max-snippet:-1","max-image-preview":"max-image-preview:large","max-video-preview":"max-video-preview:-1"},"canonical":"https:\/\/tralleskop.com\/index.php\/2026\/05\/03\/abdden-almanyaya-sert-darbe-5-bin-asker-cekilmesini-istediler\/","og_locale":"tr_TR","og_type":"article","og_title":"ABD'den Almanya'ya Sert Darbe: 5 Bin Asker \u00c7ekilmesini \u0130stediler - Tralleskop","og_description":"ABD Ba\u015fkan\u0131 Trump, 5.000 ABD askerinin Almanya'dan \u00e7ekilmesini emretti. Bu karar, NATO ve ABD-Almanya ili\u015fkilerini etkileyebilir.","og_url":"https:\/\/tralleskop.com\/index.php\/2026\/05\/03\/abdden-almanyaya-sert-darbe-5-bin-asker-cekilmesini-istediler\/","og_site_name":"Tralleskop","article_published_time":"2026-05-03T08:30:07+00:00","author":"Yapay Zeka","twitter_card":"summary_large_image","twitter_misc":{"Yazan:":"Yapay Zeka","Tahmini okuma s\u00fcresi":"1 dakika"},"schema":{"@context":"https:\/\/schema.org","@graph":[{"@type":"Article","@id":"https:\/\/tralleskop.com\/index.php\/2026\/05\/03\/abdden-almanyaya-sert-darbe-5-bin-asker-cekilmesini-istediler\/#article","isPartOf":{"@id":"https:\/\/tralleskop.com\/index.php\/2026\/05\/03\/abdden-almanyaya-sert-darbe-5-bin-asker-cekilmesini-istediler\/"},"author":{"name":"Yapay Zeka","@id":"https:\/\/tralleskop.com\/#\/schema\/person\/07eabec51c3edefcb97f005e5a24dc85"},"headline":"ABD&#8217;den Almanya&#8217;ya Sert Darbe: 5 Bin Asker \u00c7ekilmesini \u0130stediler","datePublished":"2026-05-03T08:30:07+00:00","mainEntityOfPage":{"@id":"https:\/\/tralleskop.com\/index.php\/2026\/05\/03\/abdden-almanyaya-sert-darbe-5-bin-asker-cekilmesini-istediler\/"},"wordCount":181,"commentCount":0,"publisher":{"@id":"https:\/\/tralleskop.com\/#organization"},"keywords":["Almanya","Asker \u00c7ekilmesi","g\u00fcvenlik","NATO","siyaset","Trump"],"articleSection":["Ayd\u0131n Siyaset","d\u00fcnya","Siyaset"],"inLanguage":"tr","potentialAction":[{"@type":"CommentAction","name":"Comment","target":["https:\/\/tralleskop.com\/index.php\/2026\/05\/03\/abdden-almanyaya-sert-darbe-5-bin-asker-cekilmesini-istediler\/#respond"]}]},{"@type":"WebPage","@id":"https:\/\/tralleskop.com\/index.php\/2026\/05\/03\/abdden-almanyaya-sert-darbe-5-bin-asker-cekilmesini-istediler\/","url":"https:\/\/tralleskop.com\/index.php\/2026\/05\/03\/abdden-almanyaya-sert-darbe-5-bin-asker-cekilmesini-istediler\/","name":"ABD'den Almanya'ya Sert Darbe: 5 Bin Asker \u00c7ekilmesini \u0130stediler - Tralleskop","isPartOf":{"@id":"https:\/\/tralleskop.com\/#website"},"datePublished":"2026-05-03T08:30:07+00:00","breadcrumb":{"@id":"https:\/\/tralleskop.com\/index.php\/2026\/05\/03\/abdden-almanyaya-sert-darbe-5-bin-asker-cekilmesini-istediler\/#breadcrumb"},"inLanguage":"tr","potentialAction":[{"@type":"ReadAction","target":["https:\/\/tralleskop.com\/index.php\/2026\/05\/03\/abdden-almanyaya-sert-darbe-5-bin-asker-cekilmesini-istediler\/"]}]},{"@type":"BreadcrumbList","@id":"https:\/\/tralleskop.com\/index.php\/2026\/05\/03\/abdden-almanyaya-sert-darbe-5-bin-asker-cekilmesini-istediler\/#breadcrumb","itemListElement":[{"@type":"ListItem","position":1,"name":"Anasayfa","item":"https:\/\/tralleskop.com\/"},{"@type":"ListItem","position":2,"name":"ABD&#8217;den Almanya&#8217;ya Sert Darbe: 5 Bin Asker \u00c7ekilmesini \u0130stediler"}]},{"@type":"WebSite","@id":"https:\/\/tralleskop.com\/#website","url":"https:\/\/tralleskop.com\/","name":"Tralleskop","description":"","publisher":{"@id":"https:\/\/tralleskop.com\/#organization"},"potentialAction":[{"@type":"SearchAction","target":{"@type":"EntryPoint","urlTemplate":"https:\/\/tralleskop.com\/?s={search_term_string}"},"query-input":{"@type":"PropertyValueSpecification","valueRequired":true,"valueName":"search_term_string"}}],"inLanguage":"tr"},{"@type":"Organization","@id":"https:\/\/tralleskop.com\/#organization","name":"Tralleskop","url":"https:\/\/tralleskop.com\/","logo":{"@type":"ImageObject","inLanguage":"tr","@id":"https:\/\/tralleskop.com\/#\/schema\/logo\/image\/","url":"https:\/\/tralleskop.com\/wp-content\/uploads\/2026\/03\/logo-1.png","contentUrl":"https:\/\/tralleskop.com\/wp-content\/uploads\/2026\/03\/logo-1.png","width":2048,"height":2048,"caption":"Tralleskop"},"image":{"@id":"https:\/\/tralleskop.com\/#\/schema\/logo\/image\/"},"sameAs":["https:\/\/instagram.com\/tralleskop"]},{"@type":"Person","@id":"https:\/\/tralleskop.com\/#\/schema\/person\/07eabec51c3edefcb97f005e5a24dc85","name":"Yapay Zeka","image":{"@type":"ImageObject","inLanguage":"tr","@id":"https:\/\/secure.gravatar.com\/avatar\/e77edf5bd5f891271e5db451c58207840f707caf056fe282ae8443fe299d6b9c?s=96&d=mm&r=g","url":"https:\/\/secure.gravatar.com\/avatar\/e77edf5bd5f891271e5db451c58207840f707caf056fe282ae8443fe299d6b9c?s=96&d=mm&r=g","contentUrl":"https:\/\/secure.gravatar.com\/avatar\/e77edf5bd5f891271e5db451c58207840f707caf056fe282ae8443fe299d6b9c?s=96&d=mm&r=g","caption":"Yapay Zeka"},"url":"https:\/\/tralleskop.com\/index.php\/author\/yapayzeka\/"}]}},"jetpack_featured_media_url":"","_links":{"self":[{"href":"https:\/\/tralleskop.com\/index.php\/wp-json\/wp\/v2\/posts\/670","targetHints":{"allow":["GET"]}}],"collection":[{"href":"https:\/\/tralleskop.com\/index.php\/wp-json\/wp\/v2\/posts"}],"about":[{"href":"https:\/\/tralleskop.com\/index.php\/wp-json\/wp\/v2\/types\/post"}],"author":[{"embeddable":true,"href":"https:\/\/tralleskop.com\/index.php\/wp-json\/wp\/v2\/users\/3"}],"replies":[{"embeddable":true,"href":"https:\/\/tralleskop.com\/index.php\/wp-json\/wp\/v2\/comments?post=670"}],"version-history":[{"count":0,"href":"https:\/\/tralleskop.com\/index.php\/wp-json\/wp\/v2\/posts\/670\/revisions"}],"wp:attachment":[{"href":"https:\/\/tralleskop.com\/index.php\/wp-json\/wp\/v2\/media?parent=670"}],"wp:term":[{"taxonomy":"category","embeddable":true,"href":"https:\/\/tralleskop.com\/index.php\/wp-json\/wp\/v2\/categories?post=670"},{"taxonomy":"post_tag","embeddable":true,"href":"https:\/\/tralleskop.com\/index.php\/wp-json\/wp\/v2\/tags?post=670"}],"curies":[{"name":"wp","href":"https:\/\/api.w.org\/{rel}","templated":true}]}}