{"id":668,"date":"2026-05-03T11:15:07","date_gmt":"2026-05-03T08:15:07","guid":{"rendered":"https:\/\/tralleskop.com\/index.php\/2026\/05\/03\/guney-yemek-correspondents-dinnerda-silah-cekildi-video-delilleri\/"},"modified":"2026-05-03T11:15:07","modified_gmt":"2026-05-03T08:15:07","slug":"guney-yemek-correspondents-dinnerda-silah-cekildi-video-delilleri","status":"publish","type":"post","link":"https:\/\/tralleskop.com\/index.php\/2026\/05\/03\/guney-yemek-correspondents-dinnerda-silah-cekildi-video-delilleri\/","title":{"rendered":"G\u00fcney Yemek correspondents\u2019 Dinner&#8217;da Silah \u00c7ekildi: v\u00eddeo Delilleri"},"content":{"rendered":"<h1>G\u00fcney Yemek Correspondents\u2019 Dinner&#8217;da Silah \u00c7ekildi<\/h1>\n<p>Haberin en \u00f6nemli k\u0131sm\u0131, Correspondents\u2019 Dinner&#8217;da\u53d1\u751f bir silahl\u0131 sald\u0131r\u0131ya ili\u015fkindir. Olayla ilgili v\u00eddeo kay\u0131tlar\u0131, sald\u0131r\u0131n\u0131n an\u0131n\u0131 g\u00f6stermektedir.<\/p>\n<h2>Geli\u015fmeler<\/h2>\n<p>San\u0131k avukatlar\u0131, olaya ili\u015fkin delilleri sorgulam\u0131\u015f ve ABD ba\u015fsavc\u0131s\u0131n\u0131n payla\u015ft\u0131\u011f\u0131 X g\u00f6nderilerinin, savc\u0131lar taraf\u0131ndan mahkeme dosyalar\u0131nda belirtilenden \u00f6teye gitti\u011fini belirtmi\u015ftir. <b>San\u0131k avukatlar\u0131, delillerin g\u00fcvenirlili\u011fini sorgulam\u0131\u015f<\/b> ve <b>olay\u0131n soru\u015fturmas\u0131n\u0131n adil \u015fekilde y\u00fcr\u00fct\u00fclmesini talep etmi\u015ftir<\/b>.<\/p>\n<h3>Analiz<\/h3>\n<p>Correspondents\u2019 Dinner&#8217;da meydana gelen silahl\u0131 sald\u0131r\u0131, toplumda <b>g\u00fcvensizlik ve korku<\/b> \u0627\u06cc\u062c\u0627\u062f etmi\u015f ve <b>toplumun safety ve g\u00fcvenlik<\/b> konusundaki endi\u015felerini art\u0131rm\u0131\u015ft\u0131r. Bu t\u00fcr olaylar, <b>toplumun istikrar\u0131n\u0131<\/b> bozabilir ve <b>ekonomik ve sosyal<\/b> kay\u0131plara neden olabilir.<\/p>\n","protected":false},"excerpt":{"rendered":"<p>Correspondents\u2019 Dinner&#8217;da silahl\u0131 sald\u0131r\u0131 meydana geldi. video kay\u0131tlar\u0131 sald\u0131r\u0131n\u0131n an\u0131n\u0131 g\u00f6steriyor.<\/p>\n","protected":false},"author":3,"featured_media":669,"comment_status":"open","ping_status":"open","sticky":false,"template":"","format":"standard","meta":{"googlesitekit_rrm_CAow15e3DA:productID":"","_coblocks_attr":"","_coblocks_dimensions":"","_coblocks_responsive_height":"","_coblocks_accordion_ie_support":"","_ai_summary":"","_external_image_url":"https:\/\/www.washingtonpost.com\/wp-apps\/imrs.php?src=https:\/\/cloudfront-us-east-1.images.arcpublishing.com\/wapo\/2NIPI5WFLME762OKN7F3HL6IYU.JPG&w=1440","footnotes":""},"categories":[27,5,22],"tags":[446,314,447,448],"class_list":["post-668","post","type-post","status-publish","format-standard","has-post-thumbnail","hentry","category-asayis","category-dunya","category-gundem","tag-correspondents-dinner-2","tag-guvenlik","tag-silahli-saldiri","tag-toplum"],"yoast_head":"<!-- This site is optimized with the Yoast SEO plugin v27.5 - https:\/\/yoast.com\/product\/yoast-seo-wordpress\/ -->\n<title>G\u00fcney Yemek correspondents\u2019 Dinner&#039;da Silah \u00c7ekildi: v\u00eddeo Delilleri - Tralleskop<\/title>\n<meta name=\"robots\" content=\"index, follow, max-snippet:-1, max-image-preview:large, max-video-preview:-1\" \/>\n<link rel=\"canonical\" href=\"https:\/\/tralleskop.com\/index.php\/2026\/05\/03\/guney-yemek-correspondents-dinnerda-silah-cekildi-video-delilleri\/\" \/>\n<meta property=\"og:locale\" content=\"tr_TR\" \/>\n<meta property=\"og:type\" content=\"article\" \/>\n<meta property=\"og:title\" content=\"G\u00fcney Yemek correspondents\u2019 Dinner&#039;da Silah \u00c7ekildi: v\u00eddeo Delilleri - Tralleskop\" \/>\n<meta property=\"og:description\" content=\"Correspondents\u2019 Dinner&#039;da silahl\u0131 sald\u0131r\u0131 meydana geldi. video kay\u0131tlar\u0131 sald\u0131r\u0131n\u0131n an\u0131n\u0131 g\u00f6steriyor.\" \/>\n<meta property=\"og:url\" content=\"https:\/\/tralleskop.com\/index.php\/2026\/05\/03\/guney-yemek-correspondents-dinnerda-silah-cekildi-video-delilleri\/\" \/>\n<meta property=\"og:site_name\" content=\"Tralleskop\" \/>\n<meta property=\"article:published_time\" content=\"2026-05-03T08:15:07+00:00\" \/>\n<meta name=\"author\" content=\"Yapay Zeka\" \/>\n<meta name=\"twitter:card\" content=\"summary_large_image\" \/>\n<meta name=\"twitter:label1\" content=\"Yazan:\" \/>\n\t<meta name=\"twitter:data1\" content=\"Yapay Zeka\" \/>\n\t<meta name=\"twitter:label2\" content=\"Tahmini okuma s\u00fcresi\" \/>\n\t<meta name=\"twitter:data2\" content=\"1 dakika\" \/>\n<script type=\"application\/ld+json\" class=\"yoast-schema-graph\">{\"@context\":\"https:\\\/\\\/schema.org\",\"@graph\":[{\"@type\":\"Article\",\"@id\":\"https:\\\/\\\/tralleskop.com\\\/index.php\\\/2026\\\/05\\\/03\\\/guney-yemek-correspondents-dinnerda-silah-cekildi-video-delilleri\\\/#article\",\"isPartOf\":{\"@id\":\"https:\\\/\\\/tralleskop.com\\\/index.php\\\/2026\\\/05\\\/03\\\/guney-yemek-correspondents-dinnerda-silah-cekildi-video-delilleri\\\/\"},\"author\":{\"name\":\"Yapay Zeka\",\"@id\":\"https:\\\/\\\/tralleskop.com\\\/#\\\/schema\\\/person\\\/07eabec51c3edefcb97f005e5a24dc85\"},\"headline\":\"G\u00fcney Yemek correspondents\u2019 Dinner&#8217;da Silah \u00c7ekildi: v\u00eddeo Delilleri\",\"datePublished\":\"2026-05-03T08:15:07+00:00\",\"mainEntityOfPage\":{\"@id\":\"https:\\\/\\\/tralleskop.com\\\/index.php\\\/2026\\\/05\\\/03\\\/guney-yemek-correspondents-dinnerda-silah-cekildi-video-delilleri\\\/\"},\"wordCount\":151,\"commentCount\":0,\"publisher\":{\"@id\":\"https:\\\/\\\/tralleskop.com\\\/#organization\"},\"image\":{\"@id\":\"https:\\\/\\\/tralleskop.com\\\/index.php\\\/2026\\\/05\\\/03\\\/guney-yemek-correspondents-dinnerda-silah-cekildi-video-delilleri\\\/#primaryimage\"},\"thumbnailUrl\":\"https:\\\/\\\/tralleskop.com\\\/wp-content\\\/uploads\\\/2026\\\/05\\\/imrs.php_-10.jpg\",\"keywords\":[\"Correspondents\u2019 Dinner\",\"g\u00fcvenlik\",\"silahl\u0131 sald\u0131r\u0131\",\"toplum\"],\"articleSection\":[\"Asayi\u015f\",\"d\u00fcnya\",\"G\u00fcndem\"],\"inLanguage\":\"tr\",\"potentialAction\":[{\"@type\":\"CommentAction\",\"name\":\"Comment\",\"target\":[\"https:\\\/\\\/tralleskop.com\\\/index.php\\\/2026\\\/05\\\/03\\\/guney-yemek-correspondents-dinnerda-silah-cekildi-video-delilleri\\\/#respond\"]}]},{\"@type\":\"WebPage\",\"@id\":\"https:\\\/\\\/tralleskop.com\\\/index.php\\\/2026\\\/05\\\/03\\\/guney-yemek-correspondents-dinnerda-silah-cekildi-video-delilleri\\\/\",\"url\":\"https:\\\/\\\/tralleskop.com\\\/index.php\\\/2026\\\/05\\\/03\\\/guney-yemek-correspondents-dinnerda-silah-cekildi-video-delilleri\\\/\",\"name\":\"G\u00fcney Yemek correspondents\u2019 Dinner'da Silah \u00c7ekildi: v\u00eddeo Delilleri - Tralleskop\",\"isPartOf\":{\"@id\":\"https:\\\/\\\/tralleskop.com\\\/#website\"},\"primaryImageOfPage\":{\"@id\":\"https:\\\/\\\/tralleskop.com\\\/index.php\\\/2026\\\/05\\\/03\\\/guney-yemek-correspondents-dinnerda-silah-cekildi-video-delilleri\\\/#primaryimage\"},\"image\":{\"@id\":\"https:\\\/\\\/tralleskop.com\\\/index.php\\\/2026\\\/05\\\/03\\\/guney-yemek-correspondents-dinnerda-silah-cekildi-video-delilleri\\\/#primaryimage\"},\"thumbnailUrl\":\"https:\\\/\\\/tralleskop.com\\\/wp-content\\\/uploads\\\/2026\\\/05\\\/imrs.php_-10.jpg\",\"datePublished\":\"2026-05-03T08:15:07+00:00\",\"breadcrumb\":{\"@id\":\"https:\\\/\\\/tralleskop.com\\\/index.php\\\/2026\\\/05\\\/03\\\/guney-yemek-correspondents-dinnerda-silah-cekildi-video-delilleri\\\/#breadcrumb\"},\"inLanguage\":\"tr\",\"potentialAction\":[{\"@type\":\"ReadAction\",\"target\":[\"https:\\\/\\\/tralleskop.com\\\/index.php\\\/2026\\\/05\\\/03\\\/guney-yemek-correspondents-dinnerda-silah-cekildi-video-delilleri\\\/\"]}]},{\"@type\":\"ImageObject\",\"inLanguage\":\"tr\",\"@id\":\"https:\\\/\\\/tralleskop.com\\\/index.php\\\/2026\\\/05\\\/03\\\/guney-yemek-correspondents-dinnerda-silah-cekildi-video-delilleri\\\/#primaryimage\",\"url\":\"https:\\\/\\\/tralleskop.com\\\/wp-content\\\/uploads\\\/2026\\\/05\\\/imrs.php_-10.jpg\",\"contentUrl\":\"https:\\\/\\\/tralleskop.com\\\/wp-content\\\/uploads\\\/2026\\\/05\\\/imrs.php_-10.jpg\",\"width\":1440,\"height\":1094},{\"@type\":\"BreadcrumbList\",\"@id\":\"https:\\\/\\\/tralleskop.com\\\/index.php\\\/2026\\\/05\\\/03\\\/guney-yemek-correspondents-dinnerda-silah-cekildi-video-delilleri\\\/#breadcrumb\",\"itemListElement\":[{\"@type\":\"ListItem\",\"position\":1,\"name\":\"Anasayfa\",\"item\":\"https:\\\/\\\/tralleskop.com\\\/\"},{\"@type\":\"ListItem\",\"position\":2,\"name\":\"G\u00fcney Yemek correspondents\u2019 Dinner&#8217;da Silah \u00c7ekildi: v\u00eddeo Delilleri\"}]},{\"@type\":\"WebSite\",\"@id\":\"https:\\\/\\\/tralleskop.com\\\/#website\",\"url\":\"https:\\\/\\\/tralleskop.com\\\/\",\"name\":\"Tralleskop\",\"description\":\"\",\"publisher\":{\"@id\":\"https:\\\/\\\/tralleskop.com\\\/#organization\"},\"potentialAction\":[{\"@type\":\"SearchAction\",\"target\":{\"@type\":\"EntryPoint\",\"urlTemplate\":\"https:\\\/\\\/tralleskop.com\\\/?s={search_term_string}\"},\"query-input\":{\"@type\":\"PropertyValueSpecification\",\"valueRequired\":true,\"valueName\":\"search_term_string\"}}],\"inLanguage\":\"tr\"},{\"@type\":\"Organization\",\"@id\":\"https:\\\/\\\/tralleskop.com\\\/#organization\",\"name\":\"Tralleskop\",\"url\":\"https:\\\/\\\/tralleskop.com\\\/\",\"logo\":{\"@type\":\"ImageObject\",\"inLanguage\":\"tr\",\"@id\":\"https:\\\/\\\/tralleskop.com\\\/#\\\/schema\\\/logo\\\/image\\\/\",\"url\":\"https:\\\/\\\/tralleskop.com\\\/wp-content\\\/uploads\\\/2026\\\/03\\\/logo-1.png\",\"contentUrl\":\"https:\\\/\\\/tralleskop.com\\\/wp-content\\\/uploads\\\/2026\\\/03\\\/logo-1.png\",\"width\":2048,\"height\":2048,\"caption\":\"Tralleskop\"},\"image\":{\"@id\":\"https:\\\/\\\/tralleskop.com\\\/#\\\/schema\\\/logo\\\/image\\\/\"},\"sameAs\":[\"https:\\\/\\\/instagram.com\\\/tralleskop\"]},{\"@type\":\"Person\",\"@id\":\"https:\\\/\\\/tralleskop.com\\\/#\\\/schema\\\/person\\\/07eabec51c3edefcb97f005e5a24dc85\",\"name\":\"Yapay Zeka\",\"image\":{\"@type\":\"ImageObject\",\"inLanguage\":\"tr\",\"@id\":\"https:\\\/\\\/secure.gravatar.com\\\/avatar\\\/e77edf5bd5f891271e5db451c58207840f707caf056fe282ae8443fe299d6b9c?s=96&d=mm&r=g\",\"url\":\"https:\\\/\\\/secure.gravatar.com\\\/avatar\\\/e77edf5bd5f891271e5db451c58207840f707caf056fe282ae8443fe299d6b9c?s=96&d=mm&r=g\",\"contentUrl\":\"https:\\\/\\\/secure.gravatar.com\\\/avatar\\\/e77edf5bd5f891271e5db451c58207840f707caf056fe282ae8443fe299d6b9c?s=96&d=mm&r=g\",\"caption\":\"Yapay Zeka\"},\"url\":\"https:\\\/\\\/tralleskop.com\\\/index.php\\\/author\\\/yapayzeka\\\/\"}]}<\/script>\n<!-- \/ Yoast SEO plugin. -->","yoast_head_json":{"title":"G\u00fcney Yemek correspondents\u2019 Dinner'da Silah \u00c7ekildi: v\u00eddeo Delilleri - Tralleskop","robots":{"index":"index","follow":"follow","max-snippet":"max-snippet:-1","max-image-preview":"max-image-preview:large","max-video-preview":"max-video-preview:-1"},"canonical":"https:\/\/tralleskop.com\/index.php\/2026\/05\/03\/guney-yemek-correspondents-dinnerda-silah-cekildi-video-delilleri\/","og_locale":"tr_TR","og_type":"article","og_title":"G\u00fcney Yemek correspondents\u2019 Dinner'da Silah \u00c7ekildi: v\u00eddeo Delilleri - Tralleskop","og_description":"Correspondents\u2019 Dinner'da silahl\u0131 sald\u0131r\u0131 meydana geldi. video kay\u0131tlar\u0131 sald\u0131r\u0131n\u0131n an\u0131n\u0131 g\u00f6steriyor.","og_url":"https:\/\/tralleskop.com\/index.php\/2026\/05\/03\/guney-yemek-correspondents-dinnerda-silah-cekildi-video-delilleri\/","og_site_name":"Tralleskop","article_published_time":"2026-05-03T08:15:07+00:00","author":"Yapay Zeka","twitter_card":"summary_large_image","twitter_misc":{"Yazan:":"Yapay Zeka","Tahmini okuma s\u00fcresi":"1 dakika"},"schema":{"@context":"https:\/\/schema.org","@graph":[{"@type":"Article","@id":"https:\/\/tralleskop.com\/index.php\/2026\/05\/03\/guney-yemek-correspondents-dinnerda-silah-cekildi-video-delilleri\/#article","isPartOf":{"@id":"https:\/\/tralleskop.com\/index.php\/2026\/05\/03\/guney-yemek-correspondents-dinnerda-silah-cekildi-video-delilleri\/"},"author":{"name":"Yapay Zeka","@id":"https:\/\/tralleskop.com\/#\/schema\/person\/07eabec51c3edefcb97f005e5a24dc85"},"headline":"G\u00fcney Yemek correspondents\u2019 Dinner&#8217;da Silah \u00c7ekildi: v\u00eddeo Delilleri","datePublished":"2026-05-03T08:15:07+00:00","mainEntityOfPage":{"@id":"https:\/\/tralleskop.com\/index.php\/2026\/05\/03\/guney-yemek-correspondents-dinnerda-silah-cekildi-video-delilleri\/"},"wordCount":151,"commentCount":0,"publisher":{"@id":"https:\/\/tralleskop.com\/#organization"},"image":{"@id":"https:\/\/tralleskop.com\/index.php\/2026\/05\/03\/guney-yemek-correspondents-dinnerda-silah-cekildi-video-delilleri\/#primaryimage"},"thumbnailUrl":"https:\/\/tralleskop.com\/wp-content\/uploads\/2026\/05\/imrs.php_-10.jpg","keywords":["Correspondents\u2019 Dinner","g\u00fcvenlik","silahl\u0131 sald\u0131r\u0131","toplum"],"articleSection":["Asayi\u015f","d\u00fcnya","G\u00fcndem"],"inLanguage":"tr","potentialAction":[{"@type":"CommentAction","name":"Comment","target":["https:\/\/tralleskop.com\/index.php\/2026\/05\/03\/guney-yemek-correspondents-dinnerda-silah-cekildi-video-delilleri\/#respond"]}]},{"@type":"WebPage","@id":"https:\/\/tralleskop.com\/index.php\/2026\/05\/03\/guney-yemek-correspondents-dinnerda-silah-cekildi-video-delilleri\/","url":"https:\/\/tralleskop.com\/index.php\/2026\/05\/03\/guney-yemek-correspondents-dinnerda-silah-cekildi-video-delilleri\/","name":"G\u00fcney Yemek correspondents\u2019 Dinner'da Silah \u00c7ekildi: v\u00eddeo Delilleri - Tralleskop","isPartOf":{"@id":"https:\/\/tralleskop.com\/#website"},"primaryImageOfPage":{"@id":"https:\/\/tralleskop.com\/index.php\/2026\/05\/03\/guney-yemek-correspondents-dinnerda-silah-cekildi-video-delilleri\/#primaryimage"},"image":{"@id":"https:\/\/tralleskop.com\/index.php\/2026\/05\/03\/guney-yemek-correspondents-dinnerda-silah-cekildi-video-delilleri\/#primaryimage"},"thumbnailUrl":"https:\/\/tralleskop.com\/wp-content\/uploads\/2026\/05\/imrs.php_-10.jpg","datePublished":"2026-05-03T08:15:07+00:00","breadcrumb":{"@id":"https:\/\/tralleskop.com\/index.php\/2026\/05\/03\/guney-yemek-correspondents-dinnerda-silah-cekildi-video-delilleri\/#breadcrumb"},"inLanguage":"tr","potentialAction":[{"@type":"ReadAction","target":["https:\/\/tralleskop.com\/index.php\/2026\/05\/03\/guney-yemek-correspondents-dinnerda-silah-cekildi-video-delilleri\/"]}]},{"@type":"ImageObject","inLanguage":"tr","@id":"https:\/\/tralleskop.com\/index.php\/2026\/05\/03\/guney-yemek-correspondents-dinnerda-silah-cekildi-video-delilleri\/#primaryimage","url":"https:\/\/tralleskop.com\/wp-content\/uploads\/2026\/05\/imrs.php_-10.jpg","contentUrl":"https:\/\/tralleskop.com\/wp-content\/uploads\/2026\/05\/imrs.php_-10.jpg","width":1440,"height":1094},{"@type":"BreadcrumbList","@id":"https:\/\/tralleskop.com\/index.php\/2026\/05\/03\/guney-yemek-correspondents-dinnerda-silah-cekildi-video-delilleri\/#breadcrumb","itemListElement":[{"@type":"ListItem","position":1,"name":"Anasayfa","item":"https:\/\/tralleskop.com\/"},{"@type":"ListItem","position":2,"name":"G\u00fcney Yemek correspondents\u2019 Dinner&#8217;da Silah \u00c7ekildi: v\u00eddeo Delilleri"}]},{"@type":"WebSite","@id":"https:\/\/tralleskop.com\/#website","url":"https:\/\/tralleskop.com\/","name":"Tralleskop","description":"","publisher":{"@id":"https:\/\/tralleskop.com\/#organization"},"potentialAction":[{"@type":"SearchAction","target":{"@type":"EntryPoint","urlTemplate":"https:\/\/tralleskop.com\/?s={search_term_string}"},"query-input":{"@type":"PropertyValueSpecification","valueRequired":true,"valueName":"search_term_string"}}],"inLanguage":"tr"},{"@type":"Organization","@id":"https:\/\/tralleskop.com\/#organization","name":"Tralleskop","url":"https:\/\/tralleskop.com\/","logo":{"@type":"ImageObject","inLanguage":"tr","@id":"https:\/\/tralleskop.com\/#\/schema\/logo\/image\/","url":"https:\/\/tralleskop.com\/wp-content\/uploads\/2026\/03\/logo-1.png","contentUrl":"https:\/\/tralleskop.com\/wp-content\/uploads\/2026\/03\/logo-1.png","width":2048,"height":2048,"caption":"Tralleskop"},"image":{"@id":"https:\/\/tralleskop.com\/#\/schema\/logo\/image\/"},"sameAs":["https:\/\/instagram.com\/tralleskop"]},{"@type":"Person","@id":"https:\/\/tralleskop.com\/#\/schema\/person\/07eabec51c3edefcb97f005e5a24dc85","name":"Yapay Zeka","image":{"@type":"ImageObject","inLanguage":"tr","@id":"https:\/\/secure.gravatar.com\/avatar\/e77edf5bd5f891271e5db451c58207840f707caf056fe282ae8443fe299d6b9c?s=96&d=mm&r=g","url":"https:\/\/secure.gravatar.com\/avatar\/e77edf5bd5f891271e5db451c58207840f707caf056fe282ae8443fe299d6b9c?s=96&d=mm&r=g","contentUrl":"https:\/\/secure.gravatar.com\/avatar\/e77edf5bd5f891271e5db451c58207840f707caf056fe282ae8443fe299d6b9c?s=96&d=mm&r=g","caption":"Yapay Zeka"},"url":"https:\/\/tralleskop.com\/index.php\/author\/yapayzeka\/"}]}},"jetpack_featured_media_url":"https:\/\/tralleskop.com\/wp-content\/uploads\/2026\/05\/imrs.php_-10.jpg","_links":{"self":[{"href":"https:\/\/tralleskop.com\/index.php\/wp-json\/wp\/v2\/posts\/668","targetHints":{"allow":["GET"]}}],"collection":[{"href":"https:\/\/tralleskop.com\/index.php\/wp-json\/wp\/v2\/posts"}],"about":[{"href":"https:\/\/tralleskop.com\/index.php\/wp-json\/wp\/v2\/types\/post"}],"author":[{"embeddable":true,"href":"https:\/\/tralleskop.com\/index.php\/wp-json\/wp\/v2\/users\/3"}],"replies":[{"embeddable":true,"href":"https:\/\/tralleskop.com\/index.php\/wp-json\/wp\/v2\/comments?post=668"}],"version-history":[{"count":0,"href":"https:\/\/tralleskop.com\/index.php\/wp-json\/wp\/v2\/posts\/668\/revisions"}],"wp:featuredmedia":[{"embeddable":true,"href":"https:\/\/tralleskop.com\/index.php\/wp-json\/wp\/v2\/media\/669"}],"wp:attachment":[{"href":"https:\/\/tralleskop.com\/index.php\/wp-json\/wp\/v2\/media?parent=668"}],"wp:term":[{"taxonomy":"category","embeddable":true,"href":"https:\/\/tralleskop.com\/index.php\/wp-json\/wp\/v2\/categories?post=668"},{"taxonomy":"post_tag","embeddable":true,"href":"https:\/\/tralleskop.com\/index.php\/wp-json\/wp\/v2\/tags?post=668"}],"curies":[{"name":"wp","href":"https:\/\/api.w.org\/{rel}","templated":true}]}}