{"id":666,"date":"2026-05-03T11:00:09","date_gmt":"2026-05-03T08:00:09","guid":{"rendered":"https:\/\/tralleskop.com\/index.php\/2026\/05\/03\/new-yorkta-may-day-etkinlikleri-bes-ilcede-protesto-ve-mititler\/"},"modified":"2026-05-03T11:00:09","modified_gmt":"2026-05-03T08:00:09","slug":"new-yorkta-may-day-etkinlikleri-bes-ilcede-protesto-ve-mititler","status":"publish","type":"post","link":"https:\/\/tralleskop.com\/index.php\/2026\/05\/03\/new-yorkta-may-day-etkinlikleri-bes-ilcede-protesto-ve-mititler\/","title":{"rendered":"New York&#8217;ta May Day Etkinlikleri: Be\u015f \u0130l\u00e7ede Protesto ve Mititler"},"content":{"rendered":"<h1>New York&#8217;ta May Day Etkinlikleri: Be\u015f \u0130l\u00e7ede Protesto ve Mititler<\/h1>\n<p>Y\u00fczlerce g\u00f6sterici, Washington Square Park&#8217;ta b\u00fcy\u00fck \u043a\u043e\u0440\u043f\u043e\u0440asyonlara kar\u015f\u0131 durmak ve organize i\u015f\u00e7i hareketini desteklemek i\u00e7in kararl\u0131 bir \u015fekilde topland\u0131.<\/p>\n<h2><b>Protesto Detaylar\u0131<\/b><\/h2>\n<p>G\u00f6stericiler, b\u00fcy\u00fck \u015firketlerin etkisine kar\u015f\u0131 \u00e7\u0131karak, i\u015f\u00e7i haklar\u0131n\u0131n korunmas\u0131 ve daha adil bir \u00fccret sistemi i\u00e7in seslerini y\u00fckselttiler. Etkinlik, be\u015f il\u00e7ede birden ger\u00e7ekle\u015ftirilirken, g\u00f6stericiler <b>sendikala\u015fma<\/b> ve <b>i\u015f\u00e7i haklar\u0131<\/b> konusunda daha fazla dikkat \u00e7ekmeye \u00e7al\u0131\u015ft\u0131lar.<\/p>\n<h3><b>Etkinli\u011fin Ard\u0131ndan<\/b><\/h3>\n<p>Protesto ve mitingler generally bar\u0131\u015f\u00e7\u0131l bir \u015fekilde ge\u00e7ti. Ancak baz\u0131 noktalarda g\u00fcvenlik \u00f6nlemleri al\u0131nd\u0131. G\u00f6stericiler, <b>siyasi<\/b> ve <b>ekonomik<\/b> de\u011fi\u015fim i\u00e7in \u00e7a\u011fr\u0131da bulunmaya devam ettiler.<\/p>\n<h2><b>Toplumsal Etki<\/b><\/h2>\n<p>Bu t\u00fcr etkinliklerin toplum \u00fczerinde \u00f6nemli etkileri olabilir. <b>\u0130\u015f\u00e7i haklar\u0131<\/b> ve <b>sosyal adalet<\/b> konular\u0131nda bilin\u00e7 olu\u015fturmak i\u00e7in d\u00fczenli olarak d\u00fczenlenen bu t\u00fcr protestolar, daha geni\u015f bir kesimin dikkatini \u00e7ekmeyi hedefliyor.<\/p>\n","protected":false},"excerpt":{"rendered":"<p>New York&#8217;ta May Day etkinlikleri kapsam\u0131nda be\u015f il\u00e7ede protesto ve mitingler ger\u00e7ekle\u015ftirildi.<\/p>\n","protected":false},"author":3,"featured_media":667,"comment_status":"open","ping_status":"open","sticky":false,"template":"","format":"standard","meta":{"googlesitekit_rrm_CAow15e3DA:productID":"","_coblocks_attr":"","_coblocks_dimensions":"","_coblocks_responsive_height":"","_coblocks_accordion_ie_support":"","_ai_summary":"","_external_image_url":"https:\/\/cdn.abcotvs.com\/dip\/images\/19013780_may-day.jpg?w=1600","footnotes":""},"categories":[50,5,19,26,48],"tags":[444,400,443,352,445],"class_list":["post-666","post","type-post","status-publish","format-standard","has-post-thumbnail","hentry","category-aydin-siyaset","category-dunya","category-ekonomi","category-siyaset","category-aydin-ekonomi","tag-isci-haklari-2","tag-may-day","tag-new-york","tag-protesto","tag-sendikalasma"],"yoast_head":"<!-- This site is optimized with the Yoast SEO plugin v27.5 - https:\/\/yoast.com\/product\/yoast-seo-wordpress\/ -->\n<title>New York&#039;ta May Day Etkinlikleri: Be\u015f \u0130l\u00e7ede Protesto ve Mititler - Tralleskop<\/title>\n<meta name=\"robots\" content=\"index, follow, max-snippet:-1, max-image-preview:large, max-video-preview:-1\" \/>\n<link rel=\"canonical\" href=\"https:\/\/tralleskop.com\/index.php\/2026\/05\/03\/new-yorkta-may-day-etkinlikleri-bes-ilcede-protesto-ve-mititler\/\" \/>\n<meta property=\"og:locale\" content=\"tr_TR\" \/>\n<meta property=\"og:type\" content=\"article\" \/>\n<meta property=\"og:title\" content=\"New York&#039;ta May Day Etkinlikleri: Be\u015f \u0130l\u00e7ede Protesto ve Mititler - Tralleskop\" \/>\n<meta property=\"og:description\" content=\"New York&#039;ta May Day etkinlikleri kapsam\u0131nda be\u015f il\u00e7ede protesto ve mitingler ger\u00e7ekle\u015ftirildi.\" \/>\n<meta property=\"og:url\" content=\"https:\/\/tralleskop.com\/index.php\/2026\/05\/03\/new-yorkta-may-day-etkinlikleri-bes-ilcede-protesto-ve-mititler\/\" \/>\n<meta property=\"og:site_name\" content=\"Tralleskop\" \/>\n<meta property=\"article:published_time\" content=\"2026-05-03T08:00:09+00:00\" \/>\n<meta name=\"author\" content=\"Yapay Zeka\" \/>\n<meta name=\"twitter:card\" content=\"summary_large_image\" \/>\n<meta name=\"twitter:label1\" content=\"Yazan:\" \/>\n\t<meta name=\"twitter:data1\" content=\"Yapay Zeka\" \/>\n\t<meta name=\"twitter:label2\" content=\"Tahmini okuma s\u00fcresi\" \/>\n\t<meta name=\"twitter:data2\" content=\"1 dakika\" \/>\n<script type=\"application\/ld+json\" class=\"yoast-schema-graph\">{\"@context\":\"https:\\\/\\\/schema.org\",\"@graph\":[{\"@type\":\"Article\",\"@id\":\"https:\\\/\\\/tralleskop.com\\\/index.php\\\/2026\\\/05\\\/03\\\/new-yorkta-may-day-etkinlikleri-bes-ilcede-protesto-ve-mititler\\\/#article\",\"isPartOf\":{\"@id\":\"https:\\\/\\\/tralleskop.com\\\/index.php\\\/2026\\\/05\\\/03\\\/new-yorkta-may-day-etkinlikleri-bes-ilcede-protesto-ve-mititler\\\/\"},\"author\":{\"name\":\"Yapay Zeka\",\"@id\":\"https:\\\/\\\/tralleskop.com\\\/#\\\/schema\\\/person\\\/07eabec51c3edefcb97f005e5a24dc85\"},\"headline\":\"New York&#8217;ta May Day Etkinlikleri: Be\u015f \u0130l\u00e7ede Protesto ve Mititler\",\"datePublished\":\"2026-05-03T08:00:09+00:00\",\"mainEntityOfPage\":{\"@id\":\"https:\\\/\\\/tralleskop.com\\\/index.php\\\/2026\\\/05\\\/03\\\/new-yorkta-may-day-etkinlikleri-bes-ilcede-protesto-ve-mititler\\\/\"},\"wordCount\":203,\"commentCount\":0,\"publisher\":{\"@id\":\"https:\\\/\\\/tralleskop.com\\\/#organization\"},\"image\":{\"@id\":\"https:\\\/\\\/tralleskop.com\\\/index.php\\\/2026\\\/05\\\/03\\\/new-yorkta-may-day-etkinlikleri-bes-ilcede-protesto-ve-mititler\\\/#primaryimage\"},\"thumbnailUrl\":\"https:\\\/\\\/tralleskop.com\\\/wp-content\\\/uploads\\\/2026\\\/05\\\/19013780_may-day.jpg.jpg\",\"keywords\":[\"\u0130\u015f\u00e7i Haklar\u0131\",\"May Day\",\"New York\",\"protesto\",\"Sendikala\u015fma\"],\"articleSection\":[\"Ayd\u0131n Siyaset\",\"d\u00fcnya\",\"Ekonomi\",\"Siyaset\",\"Yerel Ekonomi\"],\"inLanguage\":\"tr\",\"potentialAction\":[{\"@type\":\"CommentAction\",\"name\":\"Comment\",\"target\":[\"https:\\\/\\\/tralleskop.com\\\/index.php\\\/2026\\\/05\\\/03\\\/new-yorkta-may-day-etkinlikleri-bes-ilcede-protesto-ve-mititler\\\/#respond\"]}]},{\"@type\":\"WebPage\",\"@id\":\"https:\\\/\\\/tralleskop.com\\\/index.php\\\/2026\\\/05\\\/03\\\/new-yorkta-may-day-etkinlikleri-bes-ilcede-protesto-ve-mititler\\\/\",\"url\":\"https:\\\/\\\/tralleskop.com\\\/index.php\\\/2026\\\/05\\\/03\\\/new-yorkta-may-day-etkinlikleri-bes-ilcede-protesto-ve-mititler\\\/\",\"name\":\"New York'ta May Day Etkinlikleri: Be\u015f \u0130l\u00e7ede Protesto ve Mititler - Tralleskop\",\"isPartOf\":{\"@id\":\"https:\\\/\\\/tralleskop.com\\\/#website\"},\"primaryImageOfPage\":{\"@id\":\"https:\\\/\\\/tralleskop.com\\\/index.php\\\/2026\\\/05\\\/03\\\/new-yorkta-may-day-etkinlikleri-bes-ilcede-protesto-ve-mititler\\\/#primaryimage\"},\"image\":{\"@id\":\"https:\\\/\\\/tralleskop.com\\\/index.php\\\/2026\\\/05\\\/03\\\/new-yorkta-may-day-etkinlikleri-bes-ilcede-protesto-ve-mititler\\\/#primaryimage\"},\"thumbnailUrl\":\"https:\\\/\\\/tralleskop.com\\\/wp-content\\\/uploads\\\/2026\\\/05\\\/19013780_may-day.jpg.jpg\",\"datePublished\":\"2026-05-03T08:00:09+00:00\",\"breadcrumb\":{\"@id\":\"https:\\\/\\\/tralleskop.com\\\/index.php\\\/2026\\\/05\\\/03\\\/new-yorkta-may-day-etkinlikleri-bes-ilcede-protesto-ve-mititler\\\/#breadcrumb\"},\"inLanguage\":\"tr\",\"potentialAction\":[{\"@type\":\"ReadAction\",\"target\":[\"https:\\\/\\\/tralleskop.com\\\/index.php\\\/2026\\\/05\\\/03\\\/new-yorkta-may-day-etkinlikleri-bes-ilcede-protesto-ve-mititler\\\/\"]}]},{\"@type\":\"ImageObject\",\"inLanguage\":\"tr\",\"@id\":\"https:\\\/\\\/tralleskop.com\\\/index.php\\\/2026\\\/05\\\/03\\\/new-yorkta-may-day-etkinlikleri-bes-ilcede-protesto-ve-mititler\\\/#primaryimage\",\"url\":\"https:\\\/\\\/tralleskop.com\\\/wp-content\\\/uploads\\\/2026\\\/05\\\/19013780_may-day.jpg.jpg\",\"contentUrl\":\"https:\\\/\\\/tralleskop.com\\\/wp-content\\\/uploads\\\/2026\\\/05\\\/19013780_may-day.jpg.jpg\",\"width\":1600,\"height\":900},{\"@type\":\"BreadcrumbList\",\"@id\":\"https:\\\/\\\/tralleskop.com\\\/index.php\\\/2026\\\/05\\\/03\\\/new-yorkta-may-day-etkinlikleri-bes-ilcede-protesto-ve-mititler\\\/#breadcrumb\",\"itemListElement\":[{\"@type\":\"ListItem\",\"position\":1,\"name\":\"Anasayfa\",\"item\":\"https:\\\/\\\/tralleskop.com\\\/\"},{\"@type\":\"ListItem\",\"position\":2,\"name\":\"New York&#8217;ta May Day Etkinlikleri: Be\u015f \u0130l\u00e7ede Protesto ve Mititler\"}]},{\"@type\":\"WebSite\",\"@id\":\"https:\\\/\\\/tralleskop.com\\\/#website\",\"url\":\"https:\\\/\\\/tralleskop.com\\\/\",\"name\":\"Tralleskop\",\"description\":\"\",\"publisher\":{\"@id\":\"https:\\\/\\\/tralleskop.com\\\/#organization\"},\"potentialAction\":[{\"@type\":\"SearchAction\",\"target\":{\"@type\":\"EntryPoint\",\"urlTemplate\":\"https:\\\/\\\/tralleskop.com\\\/?s={search_term_string}\"},\"query-input\":{\"@type\":\"PropertyValueSpecification\",\"valueRequired\":true,\"valueName\":\"search_term_string\"}}],\"inLanguage\":\"tr\"},{\"@type\":\"Organization\",\"@id\":\"https:\\\/\\\/tralleskop.com\\\/#organization\",\"name\":\"Tralleskop\",\"url\":\"https:\\\/\\\/tralleskop.com\\\/\",\"logo\":{\"@type\":\"ImageObject\",\"inLanguage\":\"tr\",\"@id\":\"https:\\\/\\\/tralleskop.com\\\/#\\\/schema\\\/logo\\\/image\\\/\",\"url\":\"https:\\\/\\\/tralleskop.com\\\/wp-content\\\/uploads\\\/2026\\\/03\\\/logo-1.png\",\"contentUrl\":\"https:\\\/\\\/tralleskop.com\\\/wp-content\\\/uploads\\\/2026\\\/03\\\/logo-1.png\",\"width\":2048,\"height\":2048,\"caption\":\"Tralleskop\"},\"image\":{\"@id\":\"https:\\\/\\\/tralleskop.com\\\/#\\\/schema\\\/logo\\\/image\\\/\"},\"sameAs\":[\"https:\\\/\\\/instagram.com\\\/tralleskop\"]},{\"@type\":\"Person\",\"@id\":\"https:\\\/\\\/tralleskop.com\\\/#\\\/schema\\\/person\\\/07eabec51c3edefcb97f005e5a24dc85\",\"name\":\"Yapay Zeka\",\"image\":{\"@type\":\"ImageObject\",\"inLanguage\":\"tr\",\"@id\":\"https:\\\/\\\/secure.gravatar.com\\\/avatar\\\/e77edf5bd5f891271e5db451c58207840f707caf056fe282ae8443fe299d6b9c?s=96&d=mm&r=g\",\"url\":\"https:\\\/\\\/secure.gravatar.com\\\/avatar\\\/e77edf5bd5f891271e5db451c58207840f707caf056fe282ae8443fe299d6b9c?s=96&d=mm&r=g\",\"contentUrl\":\"https:\\\/\\\/secure.gravatar.com\\\/avatar\\\/e77edf5bd5f891271e5db451c58207840f707caf056fe282ae8443fe299d6b9c?s=96&d=mm&r=g\",\"caption\":\"Yapay Zeka\"},\"url\":\"https:\\\/\\\/tralleskop.com\\\/index.php\\\/author\\\/yapayzeka\\\/\"}]}<\/script>\n<!-- \/ Yoast SEO plugin. -->","yoast_head_json":{"title":"New York'ta May Day Etkinlikleri: Be\u015f \u0130l\u00e7ede Protesto ve Mititler - Tralleskop","robots":{"index":"index","follow":"follow","max-snippet":"max-snippet:-1","max-image-preview":"max-image-preview:large","max-video-preview":"max-video-preview:-1"},"canonical":"https:\/\/tralleskop.com\/index.php\/2026\/05\/03\/new-yorkta-may-day-etkinlikleri-bes-ilcede-protesto-ve-mititler\/","og_locale":"tr_TR","og_type":"article","og_title":"New York'ta May Day Etkinlikleri: Be\u015f \u0130l\u00e7ede Protesto ve Mititler - Tralleskop","og_description":"New York'ta May Day etkinlikleri kapsam\u0131nda be\u015f il\u00e7ede protesto ve mitingler ger\u00e7ekle\u015ftirildi.","og_url":"https:\/\/tralleskop.com\/index.php\/2026\/05\/03\/new-yorkta-may-day-etkinlikleri-bes-ilcede-protesto-ve-mititler\/","og_site_name":"Tralleskop","article_published_time":"2026-05-03T08:00:09+00:00","author":"Yapay Zeka","twitter_card":"summary_large_image","twitter_misc":{"Yazan:":"Yapay Zeka","Tahmini okuma s\u00fcresi":"1 dakika"},"schema":{"@context":"https:\/\/schema.org","@graph":[{"@type":"Article","@id":"https:\/\/tralleskop.com\/index.php\/2026\/05\/03\/new-yorkta-may-day-etkinlikleri-bes-ilcede-protesto-ve-mititler\/#article","isPartOf":{"@id":"https:\/\/tralleskop.com\/index.php\/2026\/05\/03\/new-yorkta-may-day-etkinlikleri-bes-ilcede-protesto-ve-mititler\/"},"author":{"name":"Yapay Zeka","@id":"https:\/\/tralleskop.com\/#\/schema\/person\/07eabec51c3edefcb97f005e5a24dc85"},"headline":"New York&#8217;ta May Day Etkinlikleri: Be\u015f \u0130l\u00e7ede Protesto ve Mititler","datePublished":"2026-05-03T08:00:09+00:00","mainEntityOfPage":{"@id":"https:\/\/tralleskop.com\/index.php\/2026\/05\/03\/new-yorkta-may-day-etkinlikleri-bes-ilcede-protesto-ve-mititler\/"},"wordCount":203,"commentCount":0,"publisher":{"@id":"https:\/\/tralleskop.com\/#organization"},"image":{"@id":"https:\/\/tralleskop.com\/index.php\/2026\/05\/03\/new-yorkta-may-day-etkinlikleri-bes-ilcede-protesto-ve-mititler\/#primaryimage"},"thumbnailUrl":"https:\/\/tralleskop.com\/wp-content\/uploads\/2026\/05\/19013780_may-day.jpg.jpg","keywords":["\u0130\u015f\u00e7i Haklar\u0131","May Day","New York","protesto","Sendikala\u015fma"],"articleSection":["Ayd\u0131n Siyaset","d\u00fcnya","Ekonomi","Siyaset","Yerel Ekonomi"],"inLanguage":"tr","potentialAction":[{"@type":"CommentAction","name":"Comment","target":["https:\/\/tralleskop.com\/index.php\/2026\/05\/03\/new-yorkta-may-day-etkinlikleri-bes-ilcede-protesto-ve-mititler\/#respond"]}]},{"@type":"WebPage","@id":"https:\/\/tralleskop.com\/index.php\/2026\/05\/03\/new-yorkta-may-day-etkinlikleri-bes-ilcede-protesto-ve-mititler\/","url":"https:\/\/tralleskop.com\/index.php\/2026\/05\/03\/new-yorkta-may-day-etkinlikleri-bes-ilcede-protesto-ve-mititler\/","name":"New York'ta May Day Etkinlikleri: Be\u015f \u0130l\u00e7ede Protesto ve Mititler - Tralleskop","isPartOf":{"@id":"https:\/\/tralleskop.com\/#website"},"primaryImageOfPage":{"@id":"https:\/\/tralleskop.com\/index.php\/2026\/05\/03\/new-yorkta-may-day-etkinlikleri-bes-ilcede-protesto-ve-mititler\/#primaryimage"},"image":{"@id":"https:\/\/tralleskop.com\/index.php\/2026\/05\/03\/new-yorkta-may-day-etkinlikleri-bes-ilcede-protesto-ve-mititler\/#primaryimage"},"thumbnailUrl":"https:\/\/tralleskop.com\/wp-content\/uploads\/2026\/05\/19013780_may-day.jpg.jpg","datePublished":"2026-05-03T08:00:09+00:00","breadcrumb":{"@id":"https:\/\/tralleskop.com\/index.php\/2026\/05\/03\/new-yorkta-may-day-etkinlikleri-bes-ilcede-protesto-ve-mititler\/#breadcrumb"},"inLanguage":"tr","potentialAction":[{"@type":"ReadAction","target":["https:\/\/tralleskop.com\/index.php\/2026\/05\/03\/new-yorkta-may-day-etkinlikleri-bes-ilcede-protesto-ve-mititler\/"]}]},{"@type":"ImageObject","inLanguage":"tr","@id":"https:\/\/tralleskop.com\/index.php\/2026\/05\/03\/new-yorkta-may-day-etkinlikleri-bes-ilcede-protesto-ve-mititler\/#primaryimage","url":"https:\/\/tralleskop.com\/wp-content\/uploads\/2026\/05\/19013780_may-day.jpg.jpg","contentUrl":"https:\/\/tralleskop.com\/wp-content\/uploads\/2026\/05\/19013780_may-day.jpg.jpg","width":1600,"height":900},{"@type":"BreadcrumbList","@id":"https:\/\/tralleskop.com\/index.php\/2026\/05\/03\/new-yorkta-may-day-etkinlikleri-bes-ilcede-protesto-ve-mititler\/#breadcrumb","itemListElement":[{"@type":"ListItem","position":1,"name":"Anasayfa","item":"https:\/\/tralleskop.com\/"},{"@type":"ListItem","position":2,"name":"New York&#8217;ta May Day Etkinlikleri: Be\u015f \u0130l\u00e7ede Protesto ve Mititler"}]},{"@type":"WebSite","@id":"https:\/\/tralleskop.com\/#website","url":"https:\/\/tralleskop.com\/","name":"Tralleskop","description":"","publisher":{"@id":"https:\/\/tralleskop.com\/#organization"},"potentialAction":[{"@type":"SearchAction","target":{"@type":"EntryPoint","urlTemplate":"https:\/\/tralleskop.com\/?s={search_term_string}"},"query-input":{"@type":"PropertyValueSpecification","valueRequired":true,"valueName":"search_term_string"}}],"inLanguage":"tr"},{"@type":"Organization","@id":"https:\/\/tralleskop.com\/#organization","name":"Tralleskop","url":"https:\/\/tralleskop.com\/","logo":{"@type":"ImageObject","inLanguage":"tr","@id":"https:\/\/tralleskop.com\/#\/schema\/logo\/image\/","url":"https:\/\/tralleskop.com\/wp-content\/uploads\/2026\/03\/logo-1.png","contentUrl":"https:\/\/tralleskop.com\/wp-content\/uploads\/2026\/03\/logo-1.png","width":2048,"height":2048,"caption":"Tralleskop"},"image":{"@id":"https:\/\/tralleskop.com\/#\/schema\/logo\/image\/"},"sameAs":["https:\/\/instagram.com\/tralleskop"]},{"@type":"Person","@id":"https:\/\/tralleskop.com\/#\/schema\/person\/07eabec51c3edefcb97f005e5a24dc85","name":"Yapay Zeka","image":{"@type":"ImageObject","inLanguage":"tr","@id":"https:\/\/secure.gravatar.com\/avatar\/e77edf5bd5f891271e5db451c58207840f707caf056fe282ae8443fe299d6b9c?s=96&d=mm&r=g","url":"https:\/\/secure.gravatar.com\/avatar\/e77edf5bd5f891271e5db451c58207840f707caf056fe282ae8443fe299d6b9c?s=96&d=mm&r=g","contentUrl":"https:\/\/secure.gravatar.com\/avatar\/e77edf5bd5f891271e5db451c58207840f707caf056fe282ae8443fe299d6b9c?s=96&d=mm&r=g","caption":"Yapay Zeka"},"url":"https:\/\/tralleskop.com\/index.php\/author\/yapayzeka\/"}]}},"jetpack_featured_media_url":"https:\/\/tralleskop.com\/wp-content\/uploads\/2026\/05\/19013780_may-day.jpg.jpg","_links":{"self":[{"href":"https:\/\/tralleskop.com\/index.php\/wp-json\/wp\/v2\/posts\/666","targetHints":{"allow":["GET"]}}],"collection":[{"href":"https:\/\/tralleskop.com\/index.php\/wp-json\/wp\/v2\/posts"}],"about":[{"href":"https:\/\/tralleskop.com\/index.php\/wp-json\/wp\/v2\/types\/post"}],"author":[{"embeddable":true,"href":"https:\/\/tralleskop.com\/index.php\/wp-json\/wp\/v2\/users\/3"}],"replies":[{"embeddable":true,"href":"https:\/\/tralleskop.com\/index.php\/wp-json\/wp\/v2\/comments?post=666"}],"version-history":[{"count":0,"href":"https:\/\/tralleskop.com\/index.php\/wp-json\/wp\/v2\/posts\/666\/revisions"}],"wp:featuredmedia":[{"embeddable":true,"href":"https:\/\/tralleskop.com\/index.php\/wp-json\/wp\/v2\/media\/667"}],"wp:attachment":[{"href":"https:\/\/tralleskop.com\/index.php\/wp-json\/wp\/v2\/media?parent=666"}],"wp:term":[{"taxonomy":"category","embeddable":true,"href":"https:\/\/tralleskop.com\/index.php\/wp-json\/wp\/v2\/categories?post=666"},{"taxonomy":"post_tag","embeddable":true,"href":"https:\/\/tralleskop.com\/index.php\/wp-json\/wp\/v2\/tags?post=666"}],"curies":[{"name":"wp","href":"https:\/\/api.w.org\/{rel}","templated":true}]}}