{"id":646,"date":"2026-05-03T08:30:07","date_gmt":"2026-05-03T05:30:07","guid":{"rendered":"https:\/\/tralleskop.com\/index.php\/2026\/05\/03\/trump-iranin-yeni-baris-teklifine-ilgili-degil\/"},"modified":"2026-05-03T08:30:07","modified_gmt":"2026-05-03T05:30:07","slug":"trump-iranin-yeni-baris-teklifine-ilgili-degil","status":"publish","type":"post","link":"https:\/\/tralleskop.com\/index.php\/2026\/05\/03\/trump-iranin-yeni-baris-teklifine-ilgili-degil\/","title":{"rendered":"Trump \u0130ran&#8217;\u0131n Yeni Bar\u0131\u015f Teklifine \u0130lgili De\u011fil"},"content":{"rendered":"<h1>Trump \u0130ran&#8217;\u0131n Yeni Bar\u0131\u015f Teklifine \u0130lgili De\u011fil<\/h1>\n<p>Iran, ABD&#8217;ye sava\u015f\u0131n sona ermesi i\u00e7in yeni bir \u00f6neri sundu\u011funu a\u00e7\u0131klad\u0131. Hormuz Bo\u011faz\u0131&#8217;ndaki gerilim, d\u00fcnya \u00e7ap\u0131nda maliyetlerin artmas\u0131na neden oluyor.<\/p>\n<h2>**Durumun Geli\u015fimi**<\/h2>\n<p>\u0130ran&#8217;\u0131n sundu\u011fu yeni \u00f6neri, ABD&#8217;nin taleplerini kar\u015f\u0131lamaktan uzak g\u00f6r\u00fcn\u00fcyor. Trump y\u00f6netimi, anla\u015fmaya ili\u015fkin herhangi bir bilgi vermese de, ABD&#8217;nin taleplerini kar\u015f\u0131layan bir \u00f6neri sunulmad\u0131k\u00e7a b\u1ea5taneye yana\u015fmayaca\u011f\u0131 anla\u015f\u0131l\u0131yor.<\/p>\n<h3>**Hormuz Bo\u011faz\u0131&#8217;ndaki Gerilim**<\/h3>\n<p><b>Hormuz Bo\u011faz\u0131<\/b>, petrol ticaretinin \u00f6nemli bir k\u0131sm\u0131n\u0131 ger\u00e7ekle\u015ftirdi\u011fi i\u00e7in d\u00fcnya ekonomisi i\u00e7in hayati \u00f6nem ta\u015f\u0131yor. Gerilim, petrol fiyatlar\u0131n\u0131n artmas\u0131na ve k\u00fcresel ekonomide belirsizlik yaratmas\u0131na neden oluyor.<\/p>\n<h2>**Analiz**<\/h2>\n<p>\u0130ran&#8217;\u0131n sundu\u011fu yeni \u00f6neri, sava\u015f\u0131n sona ermesine sm\u011brem at\u0131lm\u0131\u015f bir ad\u0131m olarak g\u00f6r\u00fclebilir. Ancak, Trump y\u00f6netimi&#8217;nin taleplerini kar\u015f\u0131layan bir \u00f6neri sunulmad\u0131k\u00e7a, gerilimin s\u00fcrmesi ve maliyetlerin artmas\u0131 muhtemel g\u00f6r\u00fcn\u00fcyor.<\/p>\n<p><b>K\u00fcresel ekonomi<\/b> ve <b>politika<\/b> a\u00e7\u0131s\u0131ndan bak\u0131ld\u0131\u011f\u0131nda, bu gerilim, b\u00f6lgedeki dengelerin de\u011fi\u015fmesine neden olabilir ve daha \u0448\u0438\u0440\u043e\u043a sonu\u00e7lar\u0131 olabilir.<\/p>\n","protected":false},"excerpt":{"rendered":"<p>\u0130ran, ABD&#8217;ye sava\u015f\u0131n sona ermesi i\u00e7in yeni bir \u00f6neri sundu. Trump, \u00f6neriye ili\u015fkin tatmin olmad\u0131\u011f\u0131n\u0131 a\u00e7\u0131klad\u0131.<\/p>\n","protected":false},"author":3,"featured_media":647,"comment_status":"open","ping_status":"open","sticky":false,"template":"","format":"standard","meta":{"googlesitekit_rrm_CAow15e3DA:productID":"","_coblocks_attr":"","_coblocks_dimensions":"","_coblocks_responsive_height":"","_coblocks_accordion_ie_support":"","_ai_summary":"","_external_image_url":"https:\/\/assets3.cbsnewsstatic.com\/hub\/i\/r\/2026\/05\/01\/b542b80e-785c-457d-8b40-1f36d7269927\/thumbnail\/1200x630\/1cd9db5c1f7e2fd85b1c6277f6311896\/tehran-2273253853.jpg","footnotes":""},"categories":[50,5,26],"tags":[408,409,14,15,118],"class_list":["post-646","post","type-post","status-publish","format-standard","has-post-thumbnail","hentry","category-aydin-siyaset","category-dunya","category-siyaset","tag-baris","tag-hormuz-bogazi","tag-iran","tag-savas","tag-trump"],"yoast_head":"<!-- This site is optimized with the Yoast SEO plugin v27.5 - https:\/\/yoast.com\/product\/yoast-seo-wordpress\/ -->\n<title>Trump \u0130ran&#039;\u0131n Yeni Bar\u0131\u015f Teklifine \u0130lgili De\u011fil - Tralleskop<\/title>\n<meta name=\"robots\" content=\"index, follow, max-snippet:-1, max-image-preview:large, max-video-preview:-1\" \/>\n<link rel=\"canonical\" href=\"https:\/\/tralleskop.com\/index.php\/2026\/05\/03\/trump-iranin-yeni-baris-teklifine-ilgili-degil\/\" \/>\n<meta property=\"og:locale\" content=\"tr_TR\" \/>\n<meta property=\"og:type\" content=\"article\" \/>\n<meta property=\"og:title\" content=\"Trump \u0130ran&#039;\u0131n Yeni Bar\u0131\u015f Teklifine \u0130lgili De\u011fil - Tralleskop\" \/>\n<meta property=\"og:description\" content=\"\u0130ran, ABD&#039;ye sava\u015f\u0131n sona ermesi i\u00e7in yeni bir \u00f6neri sundu. Trump, \u00f6neriye ili\u015fkin tatmin olmad\u0131\u011f\u0131n\u0131 a\u00e7\u0131klad\u0131.\" \/>\n<meta property=\"og:url\" content=\"https:\/\/tralleskop.com\/index.php\/2026\/05\/03\/trump-iranin-yeni-baris-teklifine-ilgili-degil\/\" \/>\n<meta property=\"og:site_name\" content=\"Tralleskop\" \/>\n<meta property=\"article:published_time\" content=\"2026-05-03T05:30:07+00:00\" \/>\n<meta name=\"author\" content=\"Yapay Zeka\" \/>\n<meta name=\"twitter:card\" content=\"summary_large_image\" \/>\n<meta name=\"twitter:label1\" content=\"Yazan:\" \/>\n\t<meta name=\"twitter:data1\" content=\"Yapay Zeka\" \/>\n\t<meta name=\"twitter:label2\" content=\"Tahmini okuma s\u00fcresi\" \/>\n\t<meta name=\"twitter:data2\" content=\"1 dakika\" \/>\n<script type=\"application\/ld+json\" class=\"yoast-schema-graph\">{\"@context\":\"https:\\\/\\\/schema.org\",\"@graph\":[{\"@type\":\"Article\",\"@id\":\"https:\\\/\\\/tralleskop.com\\\/index.php\\\/2026\\\/05\\\/03\\\/trump-iranin-yeni-baris-teklifine-ilgili-degil\\\/#article\",\"isPartOf\":{\"@id\":\"https:\\\/\\\/tralleskop.com\\\/index.php\\\/2026\\\/05\\\/03\\\/trump-iranin-yeni-baris-teklifine-ilgili-degil\\\/\"},\"author\":{\"name\":\"Yapay Zeka\",\"@id\":\"https:\\\/\\\/tralleskop.com\\\/#\\\/schema\\\/person\\\/07eabec51c3edefcb97f005e5a24dc85\"},\"headline\":\"Trump \u0130ran&#8217;\u0131n Yeni Bar\u0131\u015f Teklifine \u0130lgili De\u011fil\",\"datePublished\":\"2026-05-03T05:30:07+00:00\",\"mainEntityOfPage\":{\"@id\":\"https:\\\/\\\/tralleskop.com\\\/index.php\\\/2026\\\/05\\\/03\\\/trump-iranin-yeni-baris-teklifine-ilgili-degil\\\/\"},\"wordCount\":239,\"commentCount\":0,\"publisher\":{\"@id\":\"https:\\\/\\\/tralleskop.com\\\/#organization\"},\"image\":{\"@id\":\"https:\\\/\\\/tralleskop.com\\\/index.php\\\/2026\\\/05\\\/03\\\/trump-iranin-yeni-baris-teklifine-ilgili-degil\\\/#primaryimage\"},\"thumbnailUrl\":\"https:\\\/\\\/tralleskop.com\\\/wp-content\\\/uploads\\\/2026\\\/05\\\/tehran-2273253853.jpg.jpg\",\"keywords\":[\"Bar\u0131\u015f\",\"Hormuz Bo\u011faz\u0131\",\"\u0130RAN\",\"SAVA\u015e\",\"Trump\"],\"articleSection\":[\"Ayd\u0131n Siyaset\",\"d\u00fcnya\",\"Siyaset\"],\"inLanguage\":\"tr\",\"potentialAction\":[{\"@type\":\"CommentAction\",\"name\":\"Comment\",\"target\":[\"https:\\\/\\\/tralleskop.com\\\/index.php\\\/2026\\\/05\\\/03\\\/trump-iranin-yeni-baris-teklifine-ilgili-degil\\\/#respond\"]}]},{\"@type\":\"WebPage\",\"@id\":\"https:\\\/\\\/tralleskop.com\\\/index.php\\\/2026\\\/05\\\/03\\\/trump-iranin-yeni-baris-teklifine-ilgili-degil\\\/\",\"url\":\"https:\\\/\\\/tralleskop.com\\\/index.php\\\/2026\\\/05\\\/03\\\/trump-iranin-yeni-baris-teklifine-ilgili-degil\\\/\",\"name\":\"Trump \u0130ran'\u0131n Yeni Bar\u0131\u015f Teklifine \u0130lgili De\u011fil - Tralleskop\",\"isPartOf\":{\"@id\":\"https:\\\/\\\/tralleskop.com\\\/#website\"},\"primaryImageOfPage\":{\"@id\":\"https:\\\/\\\/tralleskop.com\\\/index.php\\\/2026\\\/05\\\/03\\\/trump-iranin-yeni-baris-teklifine-ilgili-degil\\\/#primaryimage\"},\"image\":{\"@id\":\"https:\\\/\\\/tralleskop.com\\\/index.php\\\/2026\\\/05\\\/03\\\/trump-iranin-yeni-baris-teklifine-ilgili-degil\\\/#primaryimage\"},\"thumbnailUrl\":\"https:\\\/\\\/tralleskop.com\\\/wp-content\\\/uploads\\\/2026\\\/05\\\/tehran-2273253853.jpg.jpg\",\"datePublished\":\"2026-05-03T05:30:07+00:00\",\"breadcrumb\":{\"@id\":\"https:\\\/\\\/tralleskop.com\\\/index.php\\\/2026\\\/05\\\/03\\\/trump-iranin-yeni-baris-teklifine-ilgili-degil\\\/#breadcrumb\"},\"inLanguage\":\"tr\",\"potentialAction\":[{\"@type\":\"ReadAction\",\"target\":[\"https:\\\/\\\/tralleskop.com\\\/index.php\\\/2026\\\/05\\\/03\\\/trump-iranin-yeni-baris-teklifine-ilgili-degil\\\/\"]}]},{\"@type\":\"ImageObject\",\"inLanguage\":\"tr\",\"@id\":\"https:\\\/\\\/tralleskop.com\\\/index.php\\\/2026\\\/05\\\/03\\\/trump-iranin-yeni-baris-teklifine-ilgili-degil\\\/#primaryimage\",\"url\":\"https:\\\/\\\/tralleskop.com\\\/wp-content\\\/uploads\\\/2026\\\/05\\\/tehran-2273253853.jpg.jpg\",\"contentUrl\":\"https:\\\/\\\/tralleskop.com\\\/wp-content\\\/uploads\\\/2026\\\/05\\\/tehran-2273253853.jpg.jpg\",\"width\":1200,\"height\":630},{\"@type\":\"BreadcrumbList\",\"@id\":\"https:\\\/\\\/tralleskop.com\\\/index.php\\\/2026\\\/05\\\/03\\\/trump-iranin-yeni-baris-teklifine-ilgili-degil\\\/#breadcrumb\",\"itemListElement\":[{\"@type\":\"ListItem\",\"position\":1,\"name\":\"Anasayfa\",\"item\":\"https:\\\/\\\/tralleskop.com\\\/\"},{\"@type\":\"ListItem\",\"position\":2,\"name\":\"Trump \u0130ran&#8217;\u0131n Yeni Bar\u0131\u015f Teklifine \u0130lgili De\u011fil\"}]},{\"@type\":\"WebSite\",\"@id\":\"https:\\\/\\\/tralleskop.com\\\/#website\",\"url\":\"https:\\\/\\\/tralleskop.com\\\/\",\"name\":\"Tralleskop\",\"description\":\"\",\"publisher\":{\"@id\":\"https:\\\/\\\/tralleskop.com\\\/#organization\"},\"potentialAction\":[{\"@type\":\"SearchAction\",\"target\":{\"@type\":\"EntryPoint\",\"urlTemplate\":\"https:\\\/\\\/tralleskop.com\\\/?s={search_term_string}\"},\"query-input\":{\"@type\":\"PropertyValueSpecification\",\"valueRequired\":true,\"valueName\":\"search_term_string\"}}],\"inLanguage\":\"tr\"},{\"@type\":\"Organization\",\"@id\":\"https:\\\/\\\/tralleskop.com\\\/#organization\",\"name\":\"Tralleskop\",\"url\":\"https:\\\/\\\/tralleskop.com\\\/\",\"logo\":{\"@type\":\"ImageObject\",\"inLanguage\":\"tr\",\"@id\":\"https:\\\/\\\/tralleskop.com\\\/#\\\/schema\\\/logo\\\/image\\\/\",\"url\":\"https:\\\/\\\/tralleskop.com\\\/wp-content\\\/uploads\\\/2026\\\/03\\\/logo-1.png\",\"contentUrl\":\"https:\\\/\\\/tralleskop.com\\\/wp-content\\\/uploads\\\/2026\\\/03\\\/logo-1.png\",\"width\":2048,\"height\":2048,\"caption\":\"Tralleskop\"},\"image\":{\"@id\":\"https:\\\/\\\/tralleskop.com\\\/#\\\/schema\\\/logo\\\/image\\\/\"},\"sameAs\":[\"https:\\\/\\\/instagram.com\\\/tralleskop\"]},{\"@type\":\"Person\",\"@id\":\"https:\\\/\\\/tralleskop.com\\\/#\\\/schema\\\/person\\\/07eabec51c3edefcb97f005e5a24dc85\",\"name\":\"Yapay Zeka\",\"image\":{\"@type\":\"ImageObject\",\"inLanguage\":\"tr\",\"@id\":\"https:\\\/\\\/secure.gravatar.com\\\/avatar\\\/e77edf5bd5f891271e5db451c58207840f707caf056fe282ae8443fe299d6b9c?s=96&d=mm&r=g\",\"url\":\"https:\\\/\\\/secure.gravatar.com\\\/avatar\\\/e77edf5bd5f891271e5db451c58207840f707caf056fe282ae8443fe299d6b9c?s=96&d=mm&r=g\",\"contentUrl\":\"https:\\\/\\\/secure.gravatar.com\\\/avatar\\\/e77edf5bd5f891271e5db451c58207840f707caf056fe282ae8443fe299d6b9c?s=96&d=mm&r=g\",\"caption\":\"Yapay Zeka\"},\"url\":\"https:\\\/\\\/tralleskop.com\\\/index.php\\\/author\\\/yapayzeka\\\/\"}]}<\/script>\n<!-- \/ Yoast SEO plugin. -->","yoast_head_json":{"title":"Trump \u0130ran'\u0131n Yeni Bar\u0131\u015f Teklifine \u0130lgili De\u011fil - Tralleskop","robots":{"index":"index","follow":"follow","max-snippet":"max-snippet:-1","max-image-preview":"max-image-preview:large","max-video-preview":"max-video-preview:-1"},"canonical":"https:\/\/tralleskop.com\/index.php\/2026\/05\/03\/trump-iranin-yeni-baris-teklifine-ilgili-degil\/","og_locale":"tr_TR","og_type":"article","og_title":"Trump \u0130ran'\u0131n Yeni Bar\u0131\u015f Teklifine \u0130lgili De\u011fil - Tralleskop","og_description":"\u0130ran, ABD'ye sava\u015f\u0131n sona ermesi i\u00e7in yeni bir \u00f6neri sundu. Trump, \u00f6neriye ili\u015fkin tatmin olmad\u0131\u011f\u0131n\u0131 a\u00e7\u0131klad\u0131.","og_url":"https:\/\/tralleskop.com\/index.php\/2026\/05\/03\/trump-iranin-yeni-baris-teklifine-ilgili-degil\/","og_site_name":"Tralleskop","article_published_time":"2026-05-03T05:30:07+00:00","author":"Yapay Zeka","twitter_card":"summary_large_image","twitter_misc":{"Yazan:":"Yapay Zeka","Tahmini okuma s\u00fcresi":"1 dakika"},"schema":{"@context":"https:\/\/schema.org","@graph":[{"@type":"Article","@id":"https:\/\/tralleskop.com\/index.php\/2026\/05\/03\/trump-iranin-yeni-baris-teklifine-ilgili-degil\/#article","isPartOf":{"@id":"https:\/\/tralleskop.com\/index.php\/2026\/05\/03\/trump-iranin-yeni-baris-teklifine-ilgili-degil\/"},"author":{"name":"Yapay Zeka","@id":"https:\/\/tralleskop.com\/#\/schema\/person\/07eabec51c3edefcb97f005e5a24dc85"},"headline":"Trump \u0130ran&#8217;\u0131n Yeni Bar\u0131\u015f Teklifine \u0130lgili De\u011fil","datePublished":"2026-05-03T05:30:07+00:00","mainEntityOfPage":{"@id":"https:\/\/tralleskop.com\/index.php\/2026\/05\/03\/trump-iranin-yeni-baris-teklifine-ilgili-degil\/"},"wordCount":239,"commentCount":0,"publisher":{"@id":"https:\/\/tralleskop.com\/#organization"},"image":{"@id":"https:\/\/tralleskop.com\/index.php\/2026\/05\/03\/trump-iranin-yeni-baris-teklifine-ilgili-degil\/#primaryimage"},"thumbnailUrl":"https:\/\/tralleskop.com\/wp-content\/uploads\/2026\/05\/tehran-2273253853.jpg.jpg","keywords":["Bar\u0131\u015f","Hormuz Bo\u011faz\u0131","\u0130RAN","SAVA\u015e","Trump"],"articleSection":["Ayd\u0131n Siyaset","d\u00fcnya","Siyaset"],"inLanguage":"tr","potentialAction":[{"@type":"CommentAction","name":"Comment","target":["https:\/\/tralleskop.com\/index.php\/2026\/05\/03\/trump-iranin-yeni-baris-teklifine-ilgili-degil\/#respond"]}]},{"@type":"WebPage","@id":"https:\/\/tralleskop.com\/index.php\/2026\/05\/03\/trump-iranin-yeni-baris-teklifine-ilgili-degil\/","url":"https:\/\/tralleskop.com\/index.php\/2026\/05\/03\/trump-iranin-yeni-baris-teklifine-ilgili-degil\/","name":"Trump \u0130ran'\u0131n Yeni Bar\u0131\u015f Teklifine \u0130lgili De\u011fil - Tralleskop","isPartOf":{"@id":"https:\/\/tralleskop.com\/#website"},"primaryImageOfPage":{"@id":"https:\/\/tralleskop.com\/index.php\/2026\/05\/03\/trump-iranin-yeni-baris-teklifine-ilgili-degil\/#primaryimage"},"image":{"@id":"https:\/\/tralleskop.com\/index.php\/2026\/05\/03\/trump-iranin-yeni-baris-teklifine-ilgili-degil\/#primaryimage"},"thumbnailUrl":"https:\/\/tralleskop.com\/wp-content\/uploads\/2026\/05\/tehran-2273253853.jpg.jpg","datePublished":"2026-05-03T05:30:07+00:00","breadcrumb":{"@id":"https:\/\/tralleskop.com\/index.php\/2026\/05\/03\/trump-iranin-yeni-baris-teklifine-ilgili-degil\/#breadcrumb"},"inLanguage":"tr","potentialAction":[{"@type":"ReadAction","target":["https:\/\/tralleskop.com\/index.php\/2026\/05\/03\/trump-iranin-yeni-baris-teklifine-ilgili-degil\/"]}]},{"@type":"ImageObject","inLanguage":"tr","@id":"https:\/\/tralleskop.com\/index.php\/2026\/05\/03\/trump-iranin-yeni-baris-teklifine-ilgili-degil\/#primaryimage","url":"https:\/\/tralleskop.com\/wp-content\/uploads\/2026\/05\/tehran-2273253853.jpg.jpg","contentUrl":"https:\/\/tralleskop.com\/wp-content\/uploads\/2026\/05\/tehran-2273253853.jpg.jpg","width":1200,"height":630},{"@type":"BreadcrumbList","@id":"https:\/\/tralleskop.com\/index.php\/2026\/05\/03\/trump-iranin-yeni-baris-teklifine-ilgili-degil\/#breadcrumb","itemListElement":[{"@type":"ListItem","position":1,"name":"Anasayfa","item":"https:\/\/tralleskop.com\/"},{"@type":"ListItem","position":2,"name":"Trump \u0130ran&#8217;\u0131n Yeni Bar\u0131\u015f Teklifine \u0130lgili De\u011fil"}]},{"@type":"WebSite","@id":"https:\/\/tralleskop.com\/#website","url":"https:\/\/tralleskop.com\/","name":"Tralleskop","description":"","publisher":{"@id":"https:\/\/tralleskop.com\/#organization"},"potentialAction":[{"@type":"SearchAction","target":{"@type":"EntryPoint","urlTemplate":"https:\/\/tralleskop.com\/?s={search_term_string}"},"query-input":{"@type":"PropertyValueSpecification","valueRequired":true,"valueName":"search_term_string"}}],"inLanguage":"tr"},{"@type":"Organization","@id":"https:\/\/tralleskop.com\/#organization","name":"Tralleskop","url":"https:\/\/tralleskop.com\/","logo":{"@type":"ImageObject","inLanguage":"tr","@id":"https:\/\/tralleskop.com\/#\/schema\/logo\/image\/","url":"https:\/\/tralleskop.com\/wp-content\/uploads\/2026\/03\/logo-1.png","contentUrl":"https:\/\/tralleskop.com\/wp-content\/uploads\/2026\/03\/logo-1.png","width":2048,"height":2048,"caption":"Tralleskop"},"image":{"@id":"https:\/\/tralleskop.com\/#\/schema\/logo\/image\/"},"sameAs":["https:\/\/instagram.com\/tralleskop"]},{"@type":"Person","@id":"https:\/\/tralleskop.com\/#\/schema\/person\/07eabec51c3edefcb97f005e5a24dc85","name":"Yapay Zeka","image":{"@type":"ImageObject","inLanguage":"tr","@id":"https:\/\/secure.gravatar.com\/avatar\/e77edf5bd5f891271e5db451c58207840f707caf056fe282ae8443fe299d6b9c?s=96&d=mm&r=g","url":"https:\/\/secure.gravatar.com\/avatar\/e77edf5bd5f891271e5db451c58207840f707caf056fe282ae8443fe299d6b9c?s=96&d=mm&r=g","contentUrl":"https:\/\/secure.gravatar.com\/avatar\/e77edf5bd5f891271e5db451c58207840f707caf056fe282ae8443fe299d6b9c?s=96&d=mm&r=g","caption":"Yapay Zeka"},"url":"https:\/\/tralleskop.com\/index.php\/author\/yapayzeka\/"}]}},"jetpack_featured_media_url":"https:\/\/tralleskop.com\/wp-content\/uploads\/2026\/05\/tehran-2273253853.jpg.jpg","_links":{"self":[{"href":"https:\/\/tralleskop.com\/index.php\/wp-json\/wp\/v2\/posts\/646","targetHints":{"allow":["GET"]}}],"collection":[{"href":"https:\/\/tralleskop.com\/index.php\/wp-json\/wp\/v2\/posts"}],"about":[{"href":"https:\/\/tralleskop.com\/index.php\/wp-json\/wp\/v2\/types\/post"}],"author":[{"embeddable":true,"href":"https:\/\/tralleskop.com\/index.php\/wp-json\/wp\/v2\/users\/3"}],"replies":[{"embeddable":true,"href":"https:\/\/tralleskop.com\/index.php\/wp-json\/wp\/v2\/comments?post=646"}],"version-history":[{"count":0,"href":"https:\/\/tralleskop.com\/index.php\/wp-json\/wp\/v2\/posts\/646\/revisions"}],"wp:featuredmedia":[{"embeddable":true,"href":"https:\/\/tralleskop.com\/index.php\/wp-json\/wp\/v2\/media\/647"}],"wp:attachment":[{"href":"https:\/\/tralleskop.com\/index.php\/wp-json\/wp\/v2\/media?parent=646"}],"wp:term":[{"taxonomy":"category","embeddable":true,"href":"https:\/\/tralleskop.com\/index.php\/wp-json\/wp\/v2\/categories?post=646"},{"taxonomy":"post_tag","embeddable":true,"href":"https:\/\/tralleskop.com\/index.php\/wp-json\/wp\/v2\/tags?post=646"}],"curies":[{"name":"wp","href":"https:\/\/api.w.org\/{rel}","templated":true}]}}