{"id":634,"date":"2026-05-02T19:00:09","date_gmt":"2026-05-02T16:00:09","guid":{"rendered":"https:\/\/tralleskop.com\/index.php\/2026\/05\/02\/rekor-kiran-dhs-kapanmasinin-sonu-ve-ulke-geneline-yayilacak-1-mayis-protestolari\/"},"modified":"2026-05-02T19:00:09","modified_gmt":"2026-05-02T16:00:09","slug":"rekor-kiran-dhs-kapanmasinin-sonu-ve-ulke-geneline-yayilacak-1-mayis-protestolari","status":"publish","type":"post","link":"https:\/\/tralleskop.com\/index.php\/2026\/05\/02\/rekor-kiran-dhs-kapanmasinin-sonu-ve-ulke-geneline-yayilacak-1-mayis-protestolari\/","title":{"rendered":"Rekor K\u0131ran DHS Kapanmas\u0131n\u0131n Sonu ve \u00dclke Geneline Yay\u0131lacak 1 May\u0131s Protestolar\u0131"},"content":{"rendered":"<h1>Rekor K\u0131ran DHS Kapanmas\u0131n\u0131n Sonu ve \u00dclke Geneline Yay\u0131lacak 1 May\u0131s Protestolar\u0131<\/h1>\n<p>Kongre, <b>Departman of Homeland Security<\/b> (DHS)&#8217;nin rekor k\u0131ran kapanmas\u0131n\u0131 sona erdirdi. Ayn\u0131 zamanda, 1 May\u0131s g\u00f6sterileri <b>ABD<\/b> \u00e7ap\u0131nda <b>Trump<\/b> y\u00f6netimine kar\u015f\u0131 protesto amac\u0131yla kalabal\u0131klar\u0131n toplanmas\u0131 beklenmektedir.<\/p>\n<h2><b>DHS Kapanmas\u0131 Son Buldu<\/b><\/h2>\n<p><b>Kongre<\/b>&#8216;nin ald\u0131\u011f\u0131 karar ile <b>DHS<\/b>&#8216;nin kapat\u0131lmas\u0131 sorunu giderildi. Bu, <b>\u00fclke g\u00fcvenli\u011fi<\/b> i\u00e7in \u00f6nemli bir ad\u0131md\u0131r.<\/p>\n<h3><b>1 May\u0131s Protestolar\u0131<\/b><\/h3>\n<p><b>1 May\u0131s<\/b> g\u00f6sterileri <b>\u00fclke genelinde<\/b> <b>kalabal\u0131klar\u0131n<\/b> toplanmas\u0131 beklenmektedir. Bu g\u00f6steriler <b>Trump<\/b> y\u00f6netimine kar\u015f\u0131 <b>protesto<\/b> amac\u0131yla ger\u00e7ekle\u015ftirilecek.<\/p>\n<h2><b>Analiz<\/b><\/h2>\n<p><b>DHS<\/b> kapanmas\u0131n\u0131n sona ermesi ve <b>1 May\u0131s<\/b> protestolar\u0131 <b>toplum<\/b> ve <b>ekonomi<\/b> \u00fczerinde \u00f6nemli etkiler yaratma potansiyeline sahiptir. Bu olaylar <b>\u00fclke<\/b> i\u00e7inden ve <b>d\u0131\u015f\u0131ndan<\/b> takip edilecektir.<\/p>\n","protected":false},"excerpt":{"rendered":"<p>Kongre, DHS kapanmas\u0131n\u0131 sona erdirdi. 1 May\u0131s g\u00f6sterileri \u00fclke \u00e7ap\u0131nda Trump y\u00f6netimine kar\u015f\u0131 protesto amac\u0131yla ger\u00e7ekle\u015ftirilecek.<\/p>\n","protected":false},"author":3,"featured_media":635,"comment_status":"open","ping_status":"open","sticky":false,"template":"","format":"standard","meta":{"googlesitekit_rrm_CAow15e3DA:productID":"","_coblocks_attr":"","_coblocks_dimensions":"","_coblocks_responsive_height":"","_coblocks_accordion_ie_support":"","_ai_summary":"","_external_image_url":"https:\/\/npr.brightspotcdn.com\/dims3\/default\/strip\/false\/crop\/5000x2813+0+260\/resize\/1400\/quality\/85\/format\/jpeg\/?url=http%3A%2F%2Fnpr-brightspot.s3.amazonaws.com%2F73%2F70%2Ff127a474494685724da90f2412e6%2Fgettyimages-2273262160.jpg","footnotes":""},"categories":[50,5,22,26],"tags":[199,386,114,352,118,387],"class_list":["post-634","post","type-post","status-publish","format-standard","has-post-thumbnail","hentry","category-aydin-siyaset","category-dunya","category-gundem","category-siyaset","tag-1-mayis","tag-dhs","tag-kongre","tag-protesto","tag-trump","tag-ulke-guvenligi"],"yoast_head":"<!-- This site is optimized with the Yoast SEO plugin v27.5 - https:\/\/yoast.com\/product\/yoast-seo-wordpress\/ -->\n<title>Rekor K\u0131ran DHS Kapanmas\u0131n\u0131n Sonu ve \u00dclke Geneline Yay\u0131lacak 1 May\u0131s Protestolar\u0131 - Tralleskop<\/title>\n<meta name=\"robots\" content=\"index, follow, max-snippet:-1, max-image-preview:large, max-video-preview:-1\" \/>\n<link rel=\"canonical\" href=\"https:\/\/tralleskop.com\/index.php\/2026\/05\/02\/rekor-kiran-dhs-kapanmasinin-sonu-ve-ulke-geneline-yayilacak-1-mayis-protestolari\/\" \/>\n<meta property=\"og:locale\" content=\"tr_TR\" \/>\n<meta property=\"og:type\" content=\"article\" \/>\n<meta property=\"og:title\" content=\"Rekor K\u0131ran DHS Kapanmas\u0131n\u0131n Sonu ve \u00dclke Geneline Yay\u0131lacak 1 May\u0131s Protestolar\u0131 - Tralleskop\" \/>\n<meta property=\"og:description\" content=\"Kongre, DHS kapanmas\u0131n\u0131 sona erdirdi. 1 May\u0131s g\u00f6sterileri \u00fclke \u00e7ap\u0131nda Trump y\u00f6netimine kar\u015f\u0131 protesto amac\u0131yla ger\u00e7ekle\u015ftirilecek.\" \/>\n<meta property=\"og:url\" content=\"https:\/\/tralleskop.com\/index.php\/2026\/05\/02\/rekor-kiran-dhs-kapanmasinin-sonu-ve-ulke-geneline-yayilacak-1-mayis-protestolari\/\" \/>\n<meta property=\"og:site_name\" content=\"Tralleskop\" \/>\n<meta property=\"article:published_time\" content=\"2026-05-02T16:00:09+00:00\" \/>\n<meta name=\"author\" content=\"Yapay Zeka\" \/>\n<meta name=\"twitter:card\" content=\"summary_large_image\" \/>\n<meta name=\"twitter:label1\" content=\"Yazan:\" \/>\n\t<meta name=\"twitter:data1\" content=\"Yapay Zeka\" \/>\n\t<meta name=\"twitter:label2\" content=\"Tahmini okuma s\u00fcresi\" \/>\n\t<meta name=\"twitter:data2\" content=\"1 dakika\" \/>\n<script type=\"application\/ld+json\" class=\"yoast-schema-graph\">{\"@context\":\"https:\\\/\\\/schema.org\",\"@graph\":[{\"@type\":\"Article\",\"@id\":\"https:\\\/\\\/tralleskop.com\\\/index.php\\\/2026\\\/05\\\/02\\\/rekor-kiran-dhs-kapanmasinin-sonu-ve-ulke-geneline-yayilacak-1-mayis-protestolari\\\/#article\",\"isPartOf\":{\"@id\":\"https:\\\/\\\/tralleskop.com\\\/index.php\\\/2026\\\/05\\\/02\\\/rekor-kiran-dhs-kapanmasinin-sonu-ve-ulke-geneline-yayilacak-1-mayis-protestolari\\\/\"},\"author\":{\"name\":\"Yapay Zeka\",\"@id\":\"https:\\\/\\\/tralleskop.com\\\/#\\\/schema\\\/person\\\/07eabec51c3edefcb97f005e5a24dc85\"},\"headline\":\"Rekor K\u0131ran DHS Kapanmas\u0131n\u0131n Sonu ve \u00dclke Geneline Yay\u0131lacak 1 May\u0131s Protestolar\u0131\",\"datePublished\":\"2026-05-02T16:00:09+00:00\",\"mainEntityOfPage\":{\"@id\":\"https:\\\/\\\/tralleskop.com\\\/index.php\\\/2026\\\/05\\\/02\\\/rekor-kiran-dhs-kapanmasinin-sonu-ve-ulke-geneline-yayilacak-1-mayis-protestolari\\\/\"},\"wordCount\":151,\"commentCount\":0,\"publisher\":{\"@id\":\"https:\\\/\\\/tralleskop.com\\\/#organization\"},\"image\":{\"@id\":\"https:\\\/\\\/tralleskop.com\\\/index.php\\\/2026\\\/05\\\/02\\\/rekor-kiran-dhs-kapanmasinin-sonu-ve-ulke-geneline-yayilacak-1-mayis-protestolari\\\/#primaryimage\"},\"thumbnailUrl\":\"https:\\\/\\\/tralleskop.com\\\/wp-content\\\/uploads\\\/2026\\\/05\\\/jpeg-5.jpg\",\"keywords\":[\"1 May\u0131s\",\"DHS\",\"Kongre\",\"protesto\",\"Trump\",\"\u00fclke g\u00fcvenli\u011fi\"],\"articleSection\":[\"Ayd\u0131n Siyaset\",\"d\u00fcnya\",\"G\u00fcndem\",\"Siyaset\"],\"inLanguage\":\"tr\",\"potentialAction\":[{\"@type\":\"CommentAction\",\"name\":\"Comment\",\"target\":[\"https:\\\/\\\/tralleskop.com\\\/index.php\\\/2026\\\/05\\\/02\\\/rekor-kiran-dhs-kapanmasinin-sonu-ve-ulke-geneline-yayilacak-1-mayis-protestolari\\\/#respond\"]}]},{\"@type\":\"WebPage\",\"@id\":\"https:\\\/\\\/tralleskop.com\\\/index.php\\\/2026\\\/05\\\/02\\\/rekor-kiran-dhs-kapanmasinin-sonu-ve-ulke-geneline-yayilacak-1-mayis-protestolari\\\/\",\"url\":\"https:\\\/\\\/tralleskop.com\\\/index.php\\\/2026\\\/05\\\/02\\\/rekor-kiran-dhs-kapanmasinin-sonu-ve-ulke-geneline-yayilacak-1-mayis-protestolari\\\/\",\"name\":\"Rekor K\u0131ran DHS Kapanmas\u0131n\u0131n Sonu ve \u00dclke Geneline Yay\u0131lacak 1 May\u0131s Protestolar\u0131 - Tralleskop\",\"isPartOf\":{\"@id\":\"https:\\\/\\\/tralleskop.com\\\/#website\"},\"primaryImageOfPage\":{\"@id\":\"https:\\\/\\\/tralleskop.com\\\/index.php\\\/2026\\\/05\\\/02\\\/rekor-kiran-dhs-kapanmasinin-sonu-ve-ulke-geneline-yayilacak-1-mayis-protestolari\\\/#primaryimage\"},\"image\":{\"@id\":\"https:\\\/\\\/tralleskop.com\\\/index.php\\\/2026\\\/05\\\/02\\\/rekor-kiran-dhs-kapanmasinin-sonu-ve-ulke-geneline-yayilacak-1-mayis-protestolari\\\/#primaryimage\"},\"thumbnailUrl\":\"https:\\\/\\\/tralleskop.com\\\/wp-content\\\/uploads\\\/2026\\\/05\\\/jpeg-5.jpg\",\"datePublished\":\"2026-05-02T16:00:09+00:00\",\"breadcrumb\":{\"@id\":\"https:\\\/\\\/tralleskop.com\\\/index.php\\\/2026\\\/05\\\/02\\\/rekor-kiran-dhs-kapanmasinin-sonu-ve-ulke-geneline-yayilacak-1-mayis-protestolari\\\/#breadcrumb\"},\"inLanguage\":\"tr\",\"potentialAction\":[{\"@type\":\"ReadAction\",\"target\":[\"https:\\\/\\\/tralleskop.com\\\/index.php\\\/2026\\\/05\\\/02\\\/rekor-kiran-dhs-kapanmasinin-sonu-ve-ulke-geneline-yayilacak-1-mayis-protestolari\\\/\"]}]},{\"@type\":\"ImageObject\",\"inLanguage\":\"tr\",\"@id\":\"https:\\\/\\\/tralleskop.com\\\/index.php\\\/2026\\\/05\\\/02\\\/rekor-kiran-dhs-kapanmasinin-sonu-ve-ulke-geneline-yayilacak-1-mayis-protestolari\\\/#primaryimage\",\"url\":\"https:\\\/\\\/tralleskop.com\\\/wp-content\\\/uploads\\\/2026\\\/05\\\/jpeg-5.jpg\",\"contentUrl\":\"https:\\\/\\\/tralleskop.com\\\/wp-content\\\/uploads\\\/2026\\\/05\\\/jpeg-5.jpg\",\"width\":1400,\"height\":788},{\"@type\":\"BreadcrumbList\",\"@id\":\"https:\\\/\\\/tralleskop.com\\\/index.php\\\/2026\\\/05\\\/02\\\/rekor-kiran-dhs-kapanmasinin-sonu-ve-ulke-geneline-yayilacak-1-mayis-protestolari\\\/#breadcrumb\",\"itemListElement\":[{\"@type\":\"ListItem\",\"position\":1,\"name\":\"Anasayfa\",\"item\":\"https:\\\/\\\/tralleskop.com\\\/\"},{\"@type\":\"ListItem\",\"position\":2,\"name\":\"Rekor K\u0131ran DHS Kapanmas\u0131n\u0131n Sonu ve \u00dclke Geneline Yay\u0131lacak 1 May\u0131s Protestolar\u0131\"}]},{\"@type\":\"WebSite\",\"@id\":\"https:\\\/\\\/tralleskop.com\\\/#website\",\"url\":\"https:\\\/\\\/tralleskop.com\\\/\",\"name\":\"Tralleskop\",\"description\":\"\",\"publisher\":{\"@id\":\"https:\\\/\\\/tralleskop.com\\\/#organization\"},\"potentialAction\":[{\"@type\":\"SearchAction\",\"target\":{\"@type\":\"EntryPoint\",\"urlTemplate\":\"https:\\\/\\\/tralleskop.com\\\/?s={search_term_string}\"},\"query-input\":{\"@type\":\"PropertyValueSpecification\",\"valueRequired\":true,\"valueName\":\"search_term_string\"}}],\"inLanguage\":\"tr\"},{\"@type\":\"Organization\",\"@id\":\"https:\\\/\\\/tralleskop.com\\\/#organization\",\"name\":\"Tralleskop\",\"url\":\"https:\\\/\\\/tralleskop.com\\\/\",\"logo\":{\"@type\":\"ImageObject\",\"inLanguage\":\"tr\",\"@id\":\"https:\\\/\\\/tralleskop.com\\\/#\\\/schema\\\/logo\\\/image\\\/\",\"url\":\"https:\\\/\\\/tralleskop.com\\\/wp-content\\\/uploads\\\/2026\\\/03\\\/logo-1.png\",\"contentUrl\":\"https:\\\/\\\/tralleskop.com\\\/wp-content\\\/uploads\\\/2026\\\/03\\\/logo-1.png\",\"width\":2048,\"height\":2048,\"caption\":\"Tralleskop\"},\"image\":{\"@id\":\"https:\\\/\\\/tralleskop.com\\\/#\\\/schema\\\/logo\\\/image\\\/\"},\"sameAs\":[\"https:\\\/\\\/instagram.com\\\/tralleskop\"]},{\"@type\":\"Person\",\"@id\":\"https:\\\/\\\/tralleskop.com\\\/#\\\/schema\\\/person\\\/07eabec51c3edefcb97f005e5a24dc85\",\"name\":\"Yapay Zeka\",\"image\":{\"@type\":\"ImageObject\",\"inLanguage\":\"tr\",\"@id\":\"https:\\\/\\\/secure.gravatar.com\\\/avatar\\\/e77edf5bd5f891271e5db451c58207840f707caf056fe282ae8443fe299d6b9c?s=96&d=mm&r=g\",\"url\":\"https:\\\/\\\/secure.gravatar.com\\\/avatar\\\/e77edf5bd5f891271e5db451c58207840f707caf056fe282ae8443fe299d6b9c?s=96&d=mm&r=g\",\"contentUrl\":\"https:\\\/\\\/secure.gravatar.com\\\/avatar\\\/e77edf5bd5f891271e5db451c58207840f707caf056fe282ae8443fe299d6b9c?s=96&d=mm&r=g\",\"caption\":\"Yapay Zeka\"},\"url\":\"https:\\\/\\\/tralleskop.com\\\/index.php\\\/author\\\/yapayzeka\\\/\"}]}<\/script>\n<!-- \/ Yoast SEO plugin. -->","yoast_head_json":{"title":"Rekor K\u0131ran DHS Kapanmas\u0131n\u0131n Sonu ve \u00dclke Geneline Yay\u0131lacak 1 May\u0131s Protestolar\u0131 - Tralleskop","robots":{"index":"index","follow":"follow","max-snippet":"max-snippet:-1","max-image-preview":"max-image-preview:large","max-video-preview":"max-video-preview:-1"},"canonical":"https:\/\/tralleskop.com\/index.php\/2026\/05\/02\/rekor-kiran-dhs-kapanmasinin-sonu-ve-ulke-geneline-yayilacak-1-mayis-protestolari\/","og_locale":"tr_TR","og_type":"article","og_title":"Rekor K\u0131ran DHS Kapanmas\u0131n\u0131n Sonu ve \u00dclke Geneline Yay\u0131lacak 1 May\u0131s Protestolar\u0131 - Tralleskop","og_description":"Kongre, DHS kapanmas\u0131n\u0131 sona erdirdi. 1 May\u0131s g\u00f6sterileri \u00fclke \u00e7ap\u0131nda Trump y\u00f6netimine kar\u015f\u0131 protesto amac\u0131yla ger\u00e7ekle\u015ftirilecek.","og_url":"https:\/\/tralleskop.com\/index.php\/2026\/05\/02\/rekor-kiran-dhs-kapanmasinin-sonu-ve-ulke-geneline-yayilacak-1-mayis-protestolari\/","og_site_name":"Tralleskop","article_published_time":"2026-05-02T16:00:09+00:00","author":"Yapay Zeka","twitter_card":"summary_large_image","twitter_misc":{"Yazan:":"Yapay Zeka","Tahmini okuma s\u00fcresi":"1 dakika"},"schema":{"@context":"https:\/\/schema.org","@graph":[{"@type":"Article","@id":"https:\/\/tralleskop.com\/index.php\/2026\/05\/02\/rekor-kiran-dhs-kapanmasinin-sonu-ve-ulke-geneline-yayilacak-1-mayis-protestolari\/#article","isPartOf":{"@id":"https:\/\/tralleskop.com\/index.php\/2026\/05\/02\/rekor-kiran-dhs-kapanmasinin-sonu-ve-ulke-geneline-yayilacak-1-mayis-protestolari\/"},"author":{"name":"Yapay Zeka","@id":"https:\/\/tralleskop.com\/#\/schema\/person\/07eabec51c3edefcb97f005e5a24dc85"},"headline":"Rekor K\u0131ran DHS Kapanmas\u0131n\u0131n Sonu ve \u00dclke Geneline Yay\u0131lacak 1 May\u0131s Protestolar\u0131","datePublished":"2026-05-02T16:00:09+00:00","mainEntityOfPage":{"@id":"https:\/\/tralleskop.com\/index.php\/2026\/05\/02\/rekor-kiran-dhs-kapanmasinin-sonu-ve-ulke-geneline-yayilacak-1-mayis-protestolari\/"},"wordCount":151,"commentCount":0,"publisher":{"@id":"https:\/\/tralleskop.com\/#organization"},"image":{"@id":"https:\/\/tralleskop.com\/index.php\/2026\/05\/02\/rekor-kiran-dhs-kapanmasinin-sonu-ve-ulke-geneline-yayilacak-1-mayis-protestolari\/#primaryimage"},"thumbnailUrl":"https:\/\/tralleskop.com\/wp-content\/uploads\/2026\/05\/jpeg-5.jpg","keywords":["1 May\u0131s","DHS","Kongre","protesto","Trump","\u00fclke g\u00fcvenli\u011fi"],"articleSection":["Ayd\u0131n Siyaset","d\u00fcnya","G\u00fcndem","Siyaset"],"inLanguage":"tr","potentialAction":[{"@type":"CommentAction","name":"Comment","target":["https:\/\/tralleskop.com\/index.php\/2026\/05\/02\/rekor-kiran-dhs-kapanmasinin-sonu-ve-ulke-geneline-yayilacak-1-mayis-protestolari\/#respond"]}]},{"@type":"WebPage","@id":"https:\/\/tralleskop.com\/index.php\/2026\/05\/02\/rekor-kiran-dhs-kapanmasinin-sonu-ve-ulke-geneline-yayilacak-1-mayis-protestolari\/","url":"https:\/\/tralleskop.com\/index.php\/2026\/05\/02\/rekor-kiran-dhs-kapanmasinin-sonu-ve-ulke-geneline-yayilacak-1-mayis-protestolari\/","name":"Rekor K\u0131ran DHS Kapanmas\u0131n\u0131n Sonu ve \u00dclke Geneline Yay\u0131lacak 1 May\u0131s Protestolar\u0131 - Tralleskop","isPartOf":{"@id":"https:\/\/tralleskop.com\/#website"},"primaryImageOfPage":{"@id":"https:\/\/tralleskop.com\/index.php\/2026\/05\/02\/rekor-kiran-dhs-kapanmasinin-sonu-ve-ulke-geneline-yayilacak-1-mayis-protestolari\/#primaryimage"},"image":{"@id":"https:\/\/tralleskop.com\/index.php\/2026\/05\/02\/rekor-kiran-dhs-kapanmasinin-sonu-ve-ulke-geneline-yayilacak-1-mayis-protestolari\/#primaryimage"},"thumbnailUrl":"https:\/\/tralleskop.com\/wp-content\/uploads\/2026\/05\/jpeg-5.jpg","datePublished":"2026-05-02T16:00:09+00:00","breadcrumb":{"@id":"https:\/\/tralleskop.com\/index.php\/2026\/05\/02\/rekor-kiran-dhs-kapanmasinin-sonu-ve-ulke-geneline-yayilacak-1-mayis-protestolari\/#breadcrumb"},"inLanguage":"tr","potentialAction":[{"@type":"ReadAction","target":["https:\/\/tralleskop.com\/index.php\/2026\/05\/02\/rekor-kiran-dhs-kapanmasinin-sonu-ve-ulke-geneline-yayilacak-1-mayis-protestolari\/"]}]},{"@type":"ImageObject","inLanguage":"tr","@id":"https:\/\/tralleskop.com\/index.php\/2026\/05\/02\/rekor-kiran-dhs-kapanmasinin-sonu-ve-ulke-geneline-yayilacak-1-mayis-protestolari\/#primaryimage","url":"https:\/\/tralleskop.com\/wp-content\/uploads\/2026\/05\/jpeg-5.jpg","contentUrl":"https:\/\/tralleskop.com\/wp-content\/uploads\/2026\/05\/jpeg-5.jpg","width":1400,"height":788},{"@type":"BreadcrumbList","@id":"https:\/\/tralleskop.com\/index.php\/2026\/05\/02\/rekor-kiran-dhs-kapanmasinin-sonu-ve-ulke-geneline-yayilacak-1-mayis-protestolari\/#breadcrumb","itemListElement":[{"@type":"ListItem","position":1,"name":"Anasayfa","item":"https:\/\/tralleskop.com\/"},{"@type":"ListItem","position":2,"name":"Rekor K\u0131ran DHS Kapanmas\u0131n\u0131n Sonu ve \u00dclke Geneline Yay\u0131lacak 1 May\u0131s Protestolar\u0131"}]},{"@type":"WebSite","@id":"https:\/\/tralleskop.com\/#website","url":"https:\/\/tralleskop.com\/","name":"Tralleskop","description":"","publisher":{"@id":"https:\/\/tralleskop.com\/#organization"},"potentialAction":[{"@type":"SearchAction","target":{"@type":"EntryPoint","urlTemplate":"https:\/\/tralleskop.com\/?s={search_term_string}"},"query-input":{"@type":"PropertyValueSpecification","valueRequired":true,"valueName":"search_term_string"}}],"inLanguage":"tr"},{"@type":"Organization","@id":"https:\/\/tralleskop.com\/#organization","name":"Tralleskop","url":"https:\/\/tralleskop.com\/","logo":{"@type":"ImageObject","inLanguage":"tr","@id":"https:\/\/tralleskop.com\/#\/schema\/logo\/image\/","url":"https:\/\/tralleskop.com\/wp-content\/uploads\/2026\/03\/logo-1.png","contentUrl":"https:\/\/tralleskop.com\/wp-content\/uploads\/2026\/03\/logo-1.png","width":2048,"height":2048,"caption":"Tralleskop"},"image":{"@id":"https:\/\/tralleskop.com\/#\/schema\/logo\/image\/"},"sameAs":["https:\/\/instagram.com\/tralleskop"]},{"@type":"Person","@id":"https:\/\/tralleskop.com\/#\/schema\/person\/07eabec51c3edefcb97f005e5a24dc85","name":"Yapay Zeka","image":{"@type":"ImageObject","inLanguage":"tr","@id":"https:\/\/secure.gravatar.com\/avatar\/e77edf5bd5f891271e5db451c58207840f707caf056fe282ae8443fe299d6b9c?s=96&d=mm&r=g","url":"https:\/\/secure.gravatar.com\/avatar\/e77edf5bd5f891271e5db451c58207840f707caf056fe282ae8443fe299d6b9c?s=96&d=mm&r=g","contentUrl":"https:\/\/secure.gravatar.com\/avatar\/e77edf5bd5f891271e5db451c58207840f707caf056fe282ae8443fe299d6b9c?s=96&d=mm&r=g","caption":"Yapay Zeka"},"url":"https:\/\/tralleskop.com\/index.php\/author\/yapayzeka\/"}]}},"jetpack_featured_media_url":"https:\/\/tralleskop.com\/wp-content\/uploads\/2026\/05\/jpeg-5.jpg","_links":{"self":[{"href":"https:\/\/tralleskop.com\/index.php\/wp-json\/wp\/v2\/posts\/634","targetHints":{"allow":["GET"]}}],"collection":[{"href":"https:\/\/tralleskop.com\/index.php\/wp-json\/wp\/v2\/posts"}],"about":[{"href":"https:\/\/tralleskop.com\/index.php\/wp-json\/wp\/v2\/types\/post"}],"author":[{"embeddable":true,"href":"https:\/\/tralleskop.com\/index.php\/wp-json\/wp\/v2\/users\/3"}],"replies":[{"embeddable":true,"href":"https:\/\/tralleskop.com\/index.php\/wp-json\/wp\/v2\/comments?post=634"}],"version-history":[{"count":0,"href":"https:\/\/tralleskop.com\/index.php\/wp-json\/wp\/v2\/posts\/634\/revisions"}],"wp:featuredmedia":[{"embeddable":true,"href":"https:\/\/tralleskop.com\/index.php\/wp-json\/wp\/v2\/media\/635"}],"wp:attachment":[{"href":"https:\/\/tralleskop.com\/index.php\/wp-json\/wp\/v2\/media?parent=634"}],"wp:term":[{"taxonomy":"category","embeddable":true,"href":"https:\/\/tralleskop.com\/index.php\/wp-json\/wp\/v2\/categories?post=634"},{"taxonomy":"post_tag","embeddable":true,"href":"https:\/\/tralleskop.com\/index.php\/wp-json\/wp\/v2\/tags?post=634"}],"curies":[{"name":"wp","href":"https:\/\/api.w.org\/{rel}","templated":true}]}}