{"id":632,"date":"2026-05-02T18:45:08","date_gmt":"2026-05-02T15:45:08","guid":{"rendered":"https:\/\/tralleskop.com\/index.php\/2026\/05\/02\/demokratlarin-gozdelerinden-janet-millsin-senato-iradesi-neden-sondu\/"},"modified":"2026-05-02T18:45:08","modified_gmt":"2026-05-02T15:45:08","slug":"demokratlarin-gozdelerinden-janet-millsin-senato-iradesi-neden-sondu","status":"publish","type":"post","link":"https:\/\/tralleskop.com\/index.php\/2026\/05\/02\/demokratlarin-gozdelerinden-janet-millsin-senato-iradesi-neden-sondu\/","title":{"rendered":"Demokratlar\u0131n G\u00f6zdelerinden Janet Mills&#8217;in Senato \u0130radesi Neden S\u00f6nd\u00fc?"},"content":{"rendered":"<h1>Trump&#8217;\u0131n Siyasi Kariyerini Bitirece\u011fini S\u00f6yledi\u011fi Janet Mills Neden Ba\u015far\u0131l\u0131 Olamad\u0131?<\/h1>\n<p>Liberal kesim, sava\u015f\u00e7\u0131 olmak isteyen bir aday\u0131 tercih ediyor gibi g\u00f6r\u00fcnse de, Maine&#8217;in pop\u00fcler valisi ve president Trump ile \u00e7eki\u015fme ya\u015fayan Janet Mills, Senato yar\u0131\u015f\u0131nda beklenilen performans\u0131 g\u00f6steremedi.<\/p>\n<h2><b>Janet Mills&#8217;in Siyasi Kariyeri<\/b><\/h2>\n<p>Janet Mills, Maine&#8217;in valisi olarak president Trump ile bir\u00e7ok konuda kar\u015f\u0131 kar\u015f\u0131ya geldi. Ancak, Senato yar\u0131\u015f\u0131nda expected ba\u015far\u0131n\u0131n alt\u0131na d\u00fc\u015ferek liberal kesimin beklentilerini kar\u015f\u0131layamad\u0131.<\/p>\n<h3><b>Se\u00e7im Sonu\u00e7lar\u0131 ve Etkileri<\/b><\/h3>\n<p>Se\u00e7im sonu\u00e7lar\u0131, Mills&#8217;in siyasi kariyerinin gelece\u011fi hakk\u0131nda soru i\u015faretleri olu\u015fturdu. Democratlar\u0131n, Mills&#8217;in adayl\u0131\u011f\u0131n\u0131 desteklememesi, baz\u0131 kesimlerde hayal k\u0131r\u0131kl\u0131\u011f\u0131na neden oldu.<\/p>\n<h2><b>Analiz<\/b><\/h2>\n<p>Janet Mills&#8217;in ba\u015far\u0131s\u0131zl\u0131\u011f\u0131, Democratlar\u0131n chi\u1ebfn l\u01b0\u1ee3clerini yeniden de\u011ferlendirmelerine neden olabilir. Liberal kesimin, sava\u015f\u00e7\u0131 bir aday\u0131 tercih etmesine ra\u011fmen, Mills&#8217;in adayl\u0131\u011f\u0131n\u0131n neden ba\u015far\u0131l\u0131 olamad\u0131\u011f\u0131 hakk\u0131nda daha fazla analiz yap\u0131lmas\u0131 gerekebilir.<\/p>\n","protected":false},"excerpt":{"rendered":"<p>Janet Mills, Senato yar\u0131\u015f\u0131nda beklenilen performans\u0131 g\u00f6steremedi. Liberal kesim, neden Mills&#8217;in adayl\u0131\u011f\u0131 ba\u015far\u0131s\u0131z oldu?<\/p>\n","protected":false},"author":3,"featured_media":633,"comment_status":"open","ping_status":"open","sticky":false,"template":"","format":"standard","meta":{"googlesitekit_rrm_CAow15e3DA:productID":"","_coblocks_attr":"","_coblocks_dimensions":"","_coblocks_responsive_height":"","_coblocks_accordion_ie_support":"","_ai_summary":"","_external_image_url":"https:\/\/www.washingtonpost.com\/wp-apps\/imrs.php?src=https:\/\/arc-anglerfish-washpost-prod-washpost.s3.amazonaws.com\/public\/S4NPNEXTRKHPSSBEFIMYV35PEA_size-normalized.jpg&w=1440","footnotes":""},"categories":[50,5,22,26],"tags":[383,139,384,385,137],"class_list":["post-632","post","type-post","status-publish","format-standard","has-post-thumbnail","hentry","category-aydin-siyaset","category-dunya","category-gundem","category-siyaset","tag-democrat","tag-janet-mills","tag-liberal","tag-president-trump","tag-senato"],"yoast_head":"<!-- This site is optimized with the Yoast SEO plugin v27.5 - https:\/\/yoast.com\/product\/yoast-seo-wordpress\/ -->\n<title>Demokratlar\u0131n G\u00f6zdelerinden Janet Mills&#039;in Senato \u0130radesi Neden S\u00f6nd\u00fc? - Tralleskop<\/title>\n<meta name=\"robots\" content=\"index, follow, max-snippet:-1, max-image-preview:large, max-video-preview:-1\" \/>\n<link rel=\"canonical\" href=\"https:\/\/tralleskop.com\/index.php\/2026\/05\/02\/demokratlarin-gozdelerinden-janet-millsin-senato-iradesi-neden-sondu\/\" \/>\n<meta property=\"og:locale\" content=\"tr_TR\" \/>\n<meta property=\"og:type\" content=\"article\" \/>\n<meta property=\"og:title\" content=\"Demokratlar\u0131n G\u00f6zdelerinden Janet Mills&#039;in Senato \u0130radesi Neden S\u00f6nd\u00fc? - Tralleskop\" \/>\n<meta property=\"og:description\" content=\"Janet Mills, Senato yar\u0131\u015f\u0131nda beklenilen performans\u0131 g\u00f6steremedi. Liberal kesim, neden Mills&#039;in adayl\u0131\u011f\u0131 ba\u015far\u0131s\u0131z oldu?\" \/>\n<meta property=\"og:url\" content=\"https:\/\/tralleskop.com\/index.php\/2026\/05\/02\/demokratlarin-gozdelerinden-janet-millsin-senato-iradesi-neden-sondu\/\" \/>\n<meta property=\"og:site_name\" content=\"Tralleskop\" \/>\n<meta property=\"article:published_time\" content=\"2026-05-02T15:45:08+00:00\" \/>\n<meta name=\"author\" content=\"Yapay Zeka\" \/>\n<meta name=\"twitter:card\" content=\"summary_large_image\" \/>\n<meta name=\"twitter:label1\" content=\"Yazan:\" \/>\n\t<meta name=\"twitter:data1\" content=\"Yapay Zeka\" \/>\n\t<meta name=\"twitter:label2\" content=\"Tahmini okuma s\u00fcresi\" \/>\n\t<meta name=\"twitter:data2\" content=\"1 dakika\" \/>\n<script type=\"application\/ld+json\" class=\"yoast-schema-graph\">{\"@context\":\"https:\\\/\\\/schema.org\",\"@graph\":[{\"@type\":\"Article\",\"@id\":\"https:\\\/\\\/tralleskop.com\\\/index.php\\\/2026\\\/05\\\/02\\\/demokratlarin-gozdelerinden-janet-millsin-senato-iradesi-neden-sondu\\\/#article\",\"isPartOf\":{\"@id\":\"https:\\\/\\\/tralleskop.com\\\/index.php\\\/2026\\\/05\\\/02\\\/demokratlarin-gozdelerinden-janet-millsin-senato-iradesi-neden-sondu\\\/\"},\"author\":{\"name\":\"Yapay Zeka\",\"@id\":\"https:\\\/\\\/tralleskop.com\\\/#\\\/schema\\\/person\\\/07eabec51c3edefcb97f005e5a24dc85\"},\"headline\":\"Demokratlar\u0131n G\u00f6zdelerinden Janet Mills&#8217;in Senato \u0130radesi Neden S\u00f6nd\u00fc?\",\"datePublished\":\"2026-05-02T15:45:08+00:00\",\"mainEntityOfPage\":{\"@id\":\"https:\\\/\\\/tralleskop.com\\\/index.php\\\/2026\\\/05\\\/02\\\/demokratlarin-gozdelerinden-janet-millsin-senato-iradesi-neden-sondu\\\/\"},\"wordCount\":188,\"commentCount\":0,\"publisher\":{\"@id\":\"https:\\\/\\\/tralleskop.com\\\/#organization\"},\"image\":{\"@id\":\"https:\\\/\\\/tralleskop.com\\\/index.php\\\/2026\\\/05\\\/02\\\/demokratlarin-gozdelerinden-janet-millsin-senato-iradesi-neden-sondu\\\/#primaryimage\"},\"thumbnailUrl\":\"https:\\\/\\\/tralleskop.com\\\/wp-content\\\/uploads\\\/2026\\\/05\\\/imrs.php_-7.jpg\",\"keywords\":[\"Democrat\",\"Janet Mills\",\"liberal\",\"president Trump\",\"Senato\"],\"articleSection\":[\"Ayd\u0131n Siyaset\",\"d\u00fcnya\",\"G\u00fcndem\",\"Siyaset\"],\"inLanguage\":\"tr\",\"potentialAction\":[{\"@type\":\"CommentAction\",\"name\":\"Comment\",\"target\":[\"https:\\\/\\\/tralleskop.com\\\/index.php\\\/2026\\\/05\\\/02\\\/demokratlarin-gozdelerinden-janet-millsin-senato-iradesi-neden-sondu\\\/#respond\"]}]},{\"@type\":\"WebPage\",\"@id\":\"https:\\\/\\\/tralleskop.com\\\/index.php\\\/2026\\\/05\\\/02\\\/demokratlarin-gozdelerinden-janet-millsin-senato-iradesi-neden-sondu\\\/\",\"url\":\"https:\\\/\\\/tralleskop.com\\\/index.php\\\/2026\\\/05\\\/02\\\/demokratlarin-gozdelerinden-janet-millsin-senato-iradesi-neden-sondu\\\/\",\"name\":\"Demokratlar\u0131n G\u00f6zdelerinden Janet Mills'in Senato \u0130radesi Neden S\u00f6nd\u00fc? - Tralleskop\",\"isPartOf\":{\"@id\":\"https:\\\/\\\/tralleskop.com\\\/#website\"},\"primaryImageOfPage\":{\"@id\":\"https:\\\/\\\/tralleskop.com\\\/index.php\\\/2026\\\/05\\\/02\\\/demokratlarin-gozdelerinden-janet-millsin-senato-iradesi-neden-sondu\\\/#primaryimage\"},\"image\":{\"@id\":\"https:\\\/\\\/tralleskop.com\\\/index.php\\\/2026\\\/05\\\/02\\\/demokratlarin-gozdelerinden-janet-millsin-senato-iradesi-neden-sondu\\\/#primaryimage\"},\"thumbnailUrl\":\"https:\\\/\\\/tralleskop.com\\\/wp-content\\\/uploads\\\/2026\\\/05\\\/imrs.php_-7.jpg\",\"datePublished\":\"2026-05-02T15:45:08+00:00\",\"breadcrumb\":{\"@id\":\"https:\\\/\\\/tralleskop.com\\\/index.php\\\/2026\\\/05\\\/02\\\/demokratlarin-gozdelerinden-janet-millsin-senato-iradesi-neden-sondu\\\/#breadcrumb\"},\"inLanguage\":\"tr\",\"potentialAction\":[{\"@type\":\"ReadAction\",\"target\":[\"https:\\\/\\\/tralleskop.com\\\/index.php\\\/2026\\\/05\\\/02\\\/demokratlarin-gozdelerinden-janet-millsin-senato-iradesi-neden-sondu\\\/\"]}]},{\"@type\":\"ImageObject\",\"inLanguage\":\"tr\",\"@id\":\"https:\\\/\\\/tralleskop.com\\\/index.php\\\/2026\\\/05\\\/02\\\/demokratlarin-gozdelerinden-janet-millsin-senato-iradesi-neden-sondu\\\/#primaryimage\",\"url\":\"https:\\\/\\\/tralleskop.com\\\/wp-content\\\/uploads\\\/2026\\\/05\\\/imrs.php_-7.jpg\",\"contentUrl\":\"https:\\\/\\\/tralleskop.com\\\/wp-content\\\/uploads\\\/2026\\\/05\\\/imrs.php_-7.jpg\",\"width\":1440,\"height\":960},{\"@type\":\"BreadcrumbList\",\"@id\":\"https:\\\/\\\/tralleskop.com\\\/index.php\\\/2026\\\/05\\\/02\\\/demokratlarin-gozdelerinden-janet-millsin-senato-iradesi-neden-sondu\\\/#breadcrumb\",\"itemListElement\":[{\"@type\":\"ListItem\",\"position\":1,\"name\":\"Anasayfa\",\"item\":\"https:\\\/\\\/tralleskop.com\\\/\"},{\"@type\":\"ListItem\",\"position\":2,\"name\":\"Demokratlar\u0131n G\u00f6zdelerinden Janet Mills&#8217;in Senato \u0130radesi Neden S\u00f6nd\u00fc?\"}]},{\"@type\":\"WebSite\",\"@id\":\"https:\\\/\\\/tralleskop.com\\\/#website\",\"url\":\"https:\\\/\\\/tralleskop.com\\\/\",\"name\":\"Tralleskop\",\"description\":\"\",\"publisher\":{\"@id\":\"https:\\\/\\\/tralleskop.com\\\/#organization\"},\"potentialAction\":[{\"@type\":\"SearchAction\",\"target\":{\"@type\":\"EntryPoint\",\"urlTemplate\":\"https:\\\/\\\/tralleskop.com\\\/?s={search_term_string}\"},\"query-input\":{\"@type\":\"PropertyValueSpecification\",\"valueRequired\":true,\"valueName\":\"search_term_string\"}}],\"inLanguage\":\"tr\"},{\"@type\":\"Organization\",\"@id\":\"https:\\\/\\\/tralleskop.com\\\/#organization\",\"name\":\"Tralleskop\",\"url\":\"https:\\\/\\\/tralleskop.com\\\/\",\"logo\":{\"@type\":\"ImageObject\",\"inLanguage\":\"tr\",\"@id\":\"https:\\\/\\\/tralleskop.com\\\/#\\\/schema\\\/logo\\\/image\\\/\",\"url\":\"https:\\\/\\\/tralleskop.com\\\/wp-content\\\/uploads\\\/2026\\\/03\\\/logo-1.png\",\"contentUrl\":\"https:\\\/\\\/tralleskop.com\\\/wp-content\\\/uploads\\\/2026\\\/03\\\/logo-1.png\",\"width\":2048,\"height\":2048,\"caption\":\"Tralleskop\"},\"image\":{\"@id\":\"https:\\\/\\\/tralleskop.com\\\/#\\\/schema\\\/logo\\\/image\\\/\"},\"sameAs\":[\"https:\\\/\\\/instagram.com\\\/tralleskop\"]},{\"@type\":\"Person\",\"@id\":\"https:\\\/\\\/tralleskop.com\\\/#\\\/schema\\\/person\\\/07eabec51c3edefcb97f005e5a24dc85\",\"name\":\"Yapay Zeka\",\"image\":{\"@type\":\"ImageObject\",\"inLanguage\":\"tr\",\"@id\":\"https:\\\/\\\/secure.gravatar.com\\\/avatar\\\/e77edf5bd5f891271e5db451c58207840f707caf056fe282ae8443fe299d6b9c?s=96&d=mm&r=g\",\"url\":\"https:\\\/\\\/secure.gravatar.com\\\/avatar\\\/e77edf5bd5f891271e5db451c58207840f707caf056fe282ae8443fe299d6b9c?s=96&d=mm&r=g\",\"contentUrl\":\"https:\\\/\\\/secure.gravatar.com\\\/avatar\\\/e77edf5bd5f891271e5db451c58207840f707caf056fe282ae8443fe299d6b9c?s=96&d=mm&r=g\",\"caption\":\"Yapay Zeka\"},\"url\":\"https:\\\/\\\/tralleskop.com\\\/index.php\\\/author\\\/yapayzeka\\\/\"}]}<\/script>\n<!-- \/ Yoast SEO plugin. -->","yoast_head_json":{"title":"Demokratlar\u0131n G\u00f6zdelerinden Janet Mills'in Senato \u0130radesi Neden S\u00f6nd\u00fc? - Tralleskop","robots":{"index":"index","follow":"follow","max-snippet":"max-snippet:-1","max-image-preview":"max-image-preview:large","max-video-preview":"max-video-preview:-1"},"canonical":"https:\/\/tralleskop.com\/index.php\/2026\/05\/02\/demokratlarin-gozdelerinden-janet-millsin-senato-iradesi-neden-sondu\/","og_locale":"tr_TR","og_type":"article","og_title":"Demokratlar\u0131n G\u00f6zdelerinden Janet Mills'in Senato \u0130radesi Neden S\u00f6nd\u00fc? - Tralleskop","og_description":"Janet Mills, Senato yar\u0131\u015f\u0131nda beklenilen performans\u0131 g\u00f6steremedi. Liberal kesim, neden Mills'in adayl\u0131\u011f\u0131 ba\u015far\u0131s\u0131z oldu?","og_url":"https:\/\/tralleskop.com\/index.php\/2026\/05\/02\/demokratlarin-gozdelerinden-janet-millsin-senato-iradesi-neden-sondu\/","og_site_name":"Tralleskop","article_published_time":"2026-05-02T15:45:08+00:00","author":"Yapay Zeka","twitter_card":"summary_large_image","twitter_misc":{"Yazan:":"Yapay Zeka","Tahmini okuma s\u00fcresi":"1 dakika"},"schema":{"@context":"https:\/\/schema.org","@graph":[{"@type":"Article","@id":"https:\/\/tralleskop.com\/index.php\/2026\/05\/02\/demokratlarin-gozdelerinden-janet-millsin-senato-iradesi-neden-sondu\/#article","isPartOf":{"@id":"https:\/\/tralleskop.com\/index.php\/2026\/05\/02\/demokratlarin-gozdelerinden-janet-millsin-senato-iradesi-neden-sondu\/"},"author":{"name":"Yapay Zeka","@id":"https:\/\/tralleskop.com\/#\/schema\/person\/07eabec51c3edefcb97f005e5a24dc85"},"headline":"Demokratlar\u0131n G\u00f6zdelerinden Janet Mills&#8217;in Senato \u0130radesi Neden S\u00f6nd\u00fc?","datePublished":"2026-05-02T15:45:08+00:00","mainEntityOfPage":{"@id":"https:\/\/tralleskop.com\/index.php\/2026\/05\/02\/demokratlarin-gozdelerinden-janet-millsin-senato-iradesi-neden-sondu\/"},"wordCount":188,"commentCount":0,"publisher":{"@id":"https:\/\/tralleskop.com\/#organization"},"image":{"@id":"https:\/\/tralleskop.com\/index.php\/2026\/05\/02\/demokratlarin-gozdelerinden-janet-millsin-senato-iradesi-neden-sondu\/#primaryimage"},"thumbnailUrl":"https:\/\/tralleskop.com\/wp-content\/uploads\/2026\/05\/imrs.php_-7.jpg","keywords":["Democrat","Janet Mills","liberal","president Trump","Senato"],"articleSection":["Ayd\u0131n Siyaset","d\u00fcnya","G\u00fcndem","Siyaset"],"inLanguage":"tr","potentialAction":[{"@type":"CommentAction","name":"Comment","target":["https:\/\/tralleskop.com\/index.php\/2026\/05\/02\/demokratlarin-gozdelerinden-janet-millsin-senato-iradesi-neden-sondu\/#respond"]}]},{"@type":"WebPage","@id":"https:\/\/tralleskop.com\/index.php\/2026\/05\/02\/demokratlarin-gozdelerinden-janet-millsin-senato-iradesi-neden-sondu\/","url":"https:\/\/tralleskop.com\/index.php\/2026\/05\/02\/demokratlarin-gozdelerinden-janet-millsin-senato-iradesi-neden-sondu\/","name":"Demokratlar\u0131n G\u00f6zdelerinden Janet Mills'in Senato \u0130radesi Neden S\u00f6nd\u00fc? - Tralleskop","isPartOf":{"@id":"https:\/\/tralleskop.com\/#website"},"primaryImageOfPage":{"@id":"https:\/\/tralleskop.com\/index.php\/2026\/05\/02\/demokratlarin-gozdelerinden-janet-millsin-senato-iradesi-neden-sondu\/#primaryimage"},"image":{"@id":"https:\/\/tralleskop.com\/index.php\/2026\/05\/02\/demokratlarin-gozdelerinden-janet-millsin-senato-iradesi-neden-sondu\/#primaryimage"},"thumbnailUrl":"https:\/\/tralleskop.com\/wp-content\/uploads\/2026\/05\/imrs.php_-7.jpg","datePublished":"2026-05-02T15:45:08+00:00","breadcrumb":{"@id":"https:\/\/tralleskop.com\/index.php\/2026\/05\/02\/demokratlarin-gozdelerinden-janet-millsin-senato-iradesi-neden-sondu\/#breadcrumb"},"inLanguage":"tr","potentialAction":[{"@type":"ReadAction","target":["https:\/\/tralleskop.com\/index.php\/2026\/05\/02\/demokratlarin-gozdelerinden-janet-millsin-senato-iradesi-neden-sondu\/"]}]},{"@type":"ImageObject","inLanguage":"tr","@id":"https:\/\/tralleskop.com\/index.php\/2026\/05\/02\/demokratlarin-gozdelerinden-janet-millsin-senato-iradesi-neden-sondu\/#primaryimage","url":"https:\/\/tralleskop.com\/wp-content\/uploads\/2026\/05\/imrs.php_-7.jpg","contentUrl":"https:\/\/tralleskop.com\/wp-content\/uploads\/2026\/05\/imrs.php_-7.jpg","width":1440,"height":960},{"@type":"BreadcrumbList","@id":"https:\/\/tralleskop.com\/index.php\/2026\/05\/02\/demokratlarin-gozdelerinden-janet-millsin-senato-iradesi-neden-sondu\/#breadcrumb","itemListElement":[{"@type":"ListItem","position":1,"name":"Anasayfa","item":"https:\/\/tralleskop.com\/"},{"@type":"ListItem","position":2,"name":"Demokratlar\u0131n G\u00f6zdelerinden Janet Mills&#8217;in Senato \u0130radesi Neden S\u00f6nd\u00fc?"}]},{"@type":"WebSite","@id":"https:\/\/tralleskop.com\/#website","url":"https:\/\/tralleskop.com\/","name":"Tralleskop","description":"","publisher":{"@id":"https:\/\/tralleskop.com\/#organization"},"potentialAction":[{"@type":"SearchAction","target":{"@type":"EntryPoint","urlTemplate":"https:\/\/tralleskop.com\/?s={search_term_string}"},"query-input":{"@type":"PropertyValueSpecification","valueRequired":true,"valueName":"search_term_string"}}],"inLanguage":"tr"},{"@type":"Organization","@id":"https:\/\/tralleskop.com\/#organization","name":"Tralleskop","url":"https:\/\/tralleskop.com\/","logo":{"@type":"ImageObject","inLanguage":"tr","@id":"https:\/\/tralleskop.com\/#\/schema\/logo\/image\/","url":"https:\/\/tralleskop.com\/wp-content\/uploads\/2026\/03\/logo-1.png","contentUrl":"https:\/\/tralleskop.com\/wp-content\/uploads\/2026\/03\/logo-1.png","width":2048,"height":2048,"caption":"Tralleskop"},"image":{"@id":"https:\/\/tralleskop.com\/#\/schema\/logo\/image\/"},"sameAs":["https:\/\/instagram.com\/tralleskop"]},{"@type":"Person","@id":"https:\/\/tralleskop.com\/#\/schema\/person\/07eabec51c3edefcb97f005e5a24dc85","name":"Yapay Zeka","image":{"@type":"ImageObject","inLanguage":"tr","@id":"https:\/\/secure.gravatar.com\/avatar\/e77edf5bd5f891271e5db451c58207840f707caf056fe282ae8443fe299d6b9c?s=96&d=mm&r=g","url":"https:\/\/secure.gravatar.com\/avatar\/e77edf5bd5f891271e5db451c58207840f707caf056fe282ae8443fe299d6b9c?s=96&d=mm&r=g","contentUrl":"https:\/\/secure.gravatar.com\/avatar\/e77edf5bd5f891271e5db451c58207840f707caf056fe282ae8443fe299d6b9c?s=96&d=mm&r=g","caption":"Yapay Zeka"},"url":"https:\/\/tralleskop.com\/index.php\/author\/yapayzeka\/"}]}},"jetpack_featured_media_url":"https:\/\/tralleskop.com\/wp-content\/uploads\/2026\/05\/imrs.php_-7.jpg","_links":{"self":[{"href":"https:\/\/tralleskop.com\/index.php\/wp-json\/wp\/v2\/posts\/632","targetHints":{"allow":["GET"]}}],"collection":[{"href":"https:\/\/tralleskop.com\/index.php\/wp-json\/wp\/v2\/posts"}],"about":[{"href":"https:\/\/tralleskop.com\/index.php\/wp-json\/wp\/v2\/types\/post"}],"author":[{"embeddable":true,"href":"https:\/\/tralleskop.com\/index.php\/wp-json\/wp\/v2\/users\/3"}],"replies":[{"embeddable":true,"href":"https:\/\/tralleskop.com\/index.php\/wp-json\/wp\/v2\/comments?post=632"}],"version-history":[{"count":0,"href":"https:\/\/tralleskop.com\/index.php\/wp-json\/wp\/v2\/posts\/632\/revisions"}],"wp:featuredmedia":[{"embeddable":true,"href":"https:\/\/tralleskop.com\/index.php\/wp-json\/wp\/v2\/media\/633"}],"wp:attachment":[{"href":"https:\/\/tralleskop.com\/index.php\/wp-json\/wp\/v2\/media?parent=632"}],"wp:term":[{"taxonomy":"category","embeddable":true,"href":"https:\/\/tralleskop.com\/index.php\/wp-json\/wp\/v2\/categories?post=632"},{"taxonomy":"post_tag","embeddable":true,"href":"https:\/\/tralleskop.com\/index.php\/wp-json\/wp\/v2\/tags?post=632"}],"curies":[{"name":"wp","href":"https:\/\/api.w.org\/{rel}","templated":true}]}}