{"id":630,"date":"2026-05-02T18:30:06","date_gmt":"2026-05-02T15:30:06","guid":{"rendered":"https:\/\/tralleskop.com\/index.php\/2026\/05\/02\/iran-abdye-baris-anlasmasi-taslagi-hakkinda-yeni-cevap-verdi\/"},"modified":"2026-05-02T18:30:06","modified_gmt":"2026-05-02T15:30:06","slug":"iran-abdye-baris-anlasmasi-taslagi-hakkinda-yeni-cevap-verdi","status":"publish","type":"post","link":"https:\/\/tralleskop.com\/index.php\/2026\/05\/02\/iran-abdye-baris-anlasmasi-taslagi-hakkinda-yeni-cevap-verdi\/","title":{"rendered":"\u0130ran, ABD&#8217;ye Bar\u0131\u015f Anla\u015fmas\u0131 Tasla\u011f\u0131 Hakk\u0131nda Yeni Cevap Verdi"},"content":{"rendered":"<h1>\u0130ran, ABD&#8217;ye Bar\u0131\u015f Anla\u015fmas\u0131 Tasla\u011f\u0131 Hakk\u0131nda Yeni Cevap Verdi<\/h1>\n<p>Diplomasi tamamen sona ermedi. \u0130ran, ABD&#8217;ye bar\u0131\u015f anla\u015fmas\u0131 tasla\u011f\u0131 hakk\u0131nda yeni bir cevap verdi.<\/p>\n<h2><b>Bar\u0131\u015f Anla\u015fmas\u0131 Tasla\u011f\u0131<\/b><\/h2>\n<p>\u0130ran ve ABD aras\u0131ndaki diplomasi \u00e7al\u0131\u015fmalar\u0131, bar\u0131\u015f anla\u015fmas\u0131 tasla\u011f\u0131 ile ilgili olarak yeni bir a\u015famaya ge\u00e7ti. \u0130ran&#8217;\u0131n cevab\u0131, ABD&#8217;nin beklentileri do\u011frultusunda oldu.<\/p>\n<h3><b>\u0130ran&#8217;\u0131n Cevab\u0131<\/b><\/h3>\n<p>\u0130ran&#8217;\u0131n cevab\u0131, <b>bar\u0131\u015f anla\u015fmas\u0131 tasla\u011f\u0131na<\/b> dair beklentileri kar\u015f\u0131lad\u0131. \u0130ran, ABD ile <b>diplomasi<\/b> yolunda ilerlemeye \u00e7al\u0131\u015f\u0131yor.<\/p>\n<h2><b>Analiz<\/b><\/h2>\n<p>\u0130ran&#8217;\u0131n cevab\u0131, <b>toplum<\/b> ve <b>ekonomi<\/b> \u00fczerindeki etkileri a\u00e7\u0131s\u0131ndan \u00f6nemli. Bar\u0131\u015f anla\u015fmas\u0131 tasla\u011f\u0131, iki \u00fclke aras\u0131ndaki ili\u015fkileri <b>iyile\u015ftirebilir<\/b> ve <b>ekonomik<\/b> olarak faydal\u0131 olabilir.<\/p>\n<p>\u0130ran ve ABD aras\u0131ndaki diplomasi \u00e7al\u0131\u015fmalar\u0131, <b>uluslararas\u0131<\/b> ili\u015fkiler a\u00e7\u0131s\u0131ndan \u00f6nemli. \u0130ki \u00fclke aras\u0131ndaki <b>bar\u0131\u015f anla\u015fmas\u0131<\/b>, <b>d\u00fcnya<\/b> bar\u0131\u015f\u0131n\u0131 <b>g\u00fc\u00e7lendirebilir<\/b>.<\/p>\n","protected":false},"excerpt":{"rendered":"<p>\u0130ran, ABD&#8217;ye bar\u0131\u015f anla\u015fmas\u0131 tasla\u011f\u0131 hakk\u0131nda yeni cevap verdi. Diplomasi \u00e7al\u0131\u015fmalar\u0131, bar\u0131\u015f anla\u015fmas\u0131 tasla\u011f\u0131 ile ilgili olarak yeni bir a\u015famaya ge\u00e7ti.<\/p>\n","protected":false},"author":3,"featured_media":631,"comment_status":"open","ping_status":"open","sticky":false,"template":"","format":"standard","meta":{"googlesitekit_rrm_CAow15e3DA:productID":"","_coblocks_attr":"","_coblocks_dimensions":"","_coblocks_responsive_height":"","_coblocks_accordion_ie_support":"","_ai_summary":"","_external_image_url":"https:\/\/images.axios.com\/ngDcsWOoj1ewRawQtauZtTBw0zQ=\/0x48:1280x768\/1366x768\/2026\/05\/01\/1777642005122.jpeg","footnotes":""},"categories":[50,5,22,26],"tags":[13,381,382,14],"class_list":["post-630","post","type-post","status-publish","format-standard","has-post-thumbnail","hentry","category-aydin-siyaset","category-dunya","category-gundem","category-siyaset","tag-abd","tag-baris-anlasmasi","tag-diplomasi","tag-iran"],"yoast_head":"<!-- This site is optimized with the Yoast SEO plugin v27.5 - https:\/\/yoast.com\/product\/yoast-seo-wordpress\/ -->\n<title>\u0130ran, ABD&#039;ye Bar\u0131\u015f Anla\u015fmas\u0131 Tasla\u011f\u0131 Hakk\u0131nda Yeni Cevap Verdi - Tralleskop<\/title>\n<meta name=\"robots\" content=\"index, follow, max-snippet:-1, max-image-preview:large, max-video-preview:-1\" \/>\n<link rel=\"canonical\" href=\"https:\/\/tralleskop.com\/index.php\/2026\/05\/02\/iran-abdye-baris-anlasmasi-taslagi-hakkinda-yeni-cevap-verdi\/\" \/>\n<meta property=\"og:locale\" content=\"tr_TR\" \/>\n<meta property=\"og:type\" content=\"article\" \/>\n<meta property=\"og:title\" content=\"\u0130ran, ABD&#039;ye Bar\u0131\u015f Anla\u015fmas\u0131 Tasla\u011f\u0131 Hakk\u0131nda Yeni Cevap Verdi - Tralleskop\" \/>\n<meta property=\"og:description\" content=\"\u0130ran, ABD&#039;ye bar\u0131\u015f anla\u015fmas\u0131 tasla\u011f\u0131 hakk\u0131nda yeni cevap verdi. Diplomasi \u00e7al\u0131\u015fmalar\u0131, bar\u0131\u015f anla\u015fmas\u0131 tasla\u011f\u0131 ile ilgili olarak yeni bir a\u015famaya ge\u00e7ti.\" \/>\n<meta property=\"og:url\" content=\"https:\/\/tralleskop.com\/index.php\/2026\/05\/02\/iran-abdye-baris-anlasmasi-taslagi-hakkinda-yeni-cevap-verdi\/\" \/>\n<meta property=\"og:site_name\" content=\"Tralleskop\" \/>\n<meta property=\"article:published_time\" content=\"2026-05-02T15:30:06+00:00\" \/>\n<meta name=\"author\" content=\"Yapay Zeka\" \/>\n<meta name=\"twitter:card\" content=\"summary_large_image\" \/>\n<meta name=\"twitter:label1\" content=\"Yazan:\" \/>\n\t<meta name=\"twitter:data1\" content=\"Yapay Zeka\" \/>\n\t<meta name=\"twitter:label2\" content=\"Tahmini okuma s\u00fcresi\" \/>\n\t<meta name=\"twitter:data2\" content=\"1 dakika\" \/>\n<script type=\"application\/ld+json\" class=\"yoast-schema-graph\">{\"@context\":\"https:\\\/\\\/schema.org\",\"@graph\":[{\"@type\":\"Article\",\"@id\":\"https:\\\/\\\/tralleskop.com\\\/index.php\\\/2026\\\/05\\\/02\\\/iran-abdye-baris-anlasmasi-taslagi-hakkinda-yeni-cevap-verdi\\\/#article\",\"isPartOf\":{\"@id\":\"https:\\\/\\\/tralleskop.com\\\/index.php\\\/2026\\\/05\\\/02\\\/iran-abdye-baris-anlasmasi-taslagi-hakkinda-yeni-cevap-verdi\\\/\"},\"author\":{\"name\":\"Yapay Zeka\",\"@id\":\"https:\\\/\\\/tralleskop.com\\\/#\\\/schema\\\/person\\\/07eabec51c3edefcb97f005e5a24dc85\"},\"headline\":\"\u0130ran, ABD&#8217;ye Bar\u0131\u015f Anla\u015fmas\u0131 Tasla\u011f\u0131 Hakk\u0131nda Yeni Cevap Verdi\",\"datePublished\":\"2026-05-02T15:30:06+00:00\",\"mainEntityOfPage\":{\"@id\":\"https:\\\/\\\/tralleskop.com\\\/index.php\\\/2026\\\/05\\\/02\\\/iran-abdye-baris-anlasmasi-taslagi-hakkinda-yeni-cevap-verdi\\\/\"},\"wordCount\":156,\"commentCount\":0,\"publisher\":{\"@id\":\"https:\\\/\\\/tralleskop.com\\\/#organization\"},\"image\":{\"@id\":\"https:\\\/\\\/tralleskop.com\\\/index.php\\\/2026\\\/05\\\/02\\\/iran-abdye-baris-anlasmasi-taslagi-hakkinda-yeni-cevap-verdi\\\/#primaryimage\"},\"thumbnailUrl\":\"https:\\\/\\\/tralleskop.com\\\/wp-content\\\/uploads\\\/2026\\\/05\\\/1777642005122.jpeg.webp\",\"keywords\":[\"ABD\",\"bar\u0131\u015f anla\u015fmas\u0131\",\"diplomasi\",\"\u0130RAN\"],\"articleSection\":[\"Ayd\u0131n Siyaset\",\"d\u00fcnya\",\"G\u00fcndem\",\"Siyaset\"],\"inLanguage\":\"tr\",\"potentialAction\":[{\"@type\":\"CommentAction\",\"name\":\"Comment\",\"target\":[\"https:\\\/\\\/tralleskop.com\\\/index.php\\\/2026\\\/05\\\/02\\\/iran-abdye-baris-anlasmasi-taslagi-hakkinda-yeni-cevap-verdi\\\/#respond\"]}]},{\"@type\":\"WebPage\",\"@id\":\"https:\\\/\\\/tralleskop.com\\\/index.php\\\/2026\\\/05\\\/02\\\/iran-abdye-baris-anlasmasi-taslagi-hakkinda-yeni-cevap-verdi\\\/\",\"url\":\"https:\\\/\\\/tralleskop.com\\\/index.php\\\/2026\\\/05\\\/02\\\/iran-abdye-baris-anlasmasi-taslagi-hakkinda-yeni-cevap-verdi\\\/\",\"name\":\"\u0130ran, ABD'ye Bar\u0131\u015f Anla\u015fmas\u0131 Tasla\u011f\u0131 Hakk\u0131nda Yeni Cevap Verdi - Tralleskop\",\"isPartOf\":{\"@id\":\"https:\\\/\\\/tralleskop.com\\\/#website\"},\"primaryImageOfPage\":{\"@id\":\"https:\\\/\\\/tralleskop.com\\\/index.php\\\/2026\\\/05\\\/02\\\/iran-abdye-baris-anlasmasi-taslagi-hakkinda-yeni-cevap-verdi\\\/#primaryimage\"},\"image\":{\"@id\":\"https:\\\/\\\/tralleskop.com\\\/index.php\\\/2026\\\/05\\\/02\\\/iran-abdye-baris-anlasmasi-taslagi-hakkinda-yeni-cevap-verdi\\\/#primaryimage\"},\"thumbnailUrl\":\"https:\\\/\\\/tralleskop.com\\\/wp-content\\\/uploads\\\/2026\\\/05\\\/1777642005122.jpeg.webp\",\"datePublished\":\"2026-05-02T15:30:06+00:00\",\"breadcrumb\":{\"@id\":\"https:\\\/\\\/tralleskop.com\\\/index.php\\\/2026\\\/05\\\/02\\\/iran-abdye-baris-anlasmasi-taslagi-hakkinda-yeni-cevap-verdi\\\/#breadcrumb\"},\"inLanguage\":\"tr\",\"potentialAction\":[{\"@type\":\"ReadAction\",\"target\":[\"https:\\\/\\\/tralleskop.com\\\/index.php\\\/2026\\\/05\\\/02\\\/iran-abdye-baris-anlasmasi-taslagi-hakkinda-yeni-cevap-verdi\\\/\"]}]},{\"@type\":\"ImageObject\",\"inLanguage\":\"tr\",\"@id\":\"https:\\\/\\\/tralleskop.com\\\/index.php\\\/2026\\\/05\\\/02\\\/iran-abdye-baris-anlasmasi-taslagi-hakkinda-yeni-cevap-verdi\\\/#primaryimage\",\"url\":\"https:\\\/\\\/tralleskop.com\\\/wp-content\\\/uploads\\\/2026\\\/05\\\/1777642005122.jpeg.webp\",\"contentUrl\":\"https:\\\/\\\/tralleskop.com\\\/wp-content\\\/uploads\\\/2026\\\/05\\\/1777642005122.jpeg.webp\",\"width\":1366,\"height\":768},{\"@type\":\"BreadcrumbList\",\"@id\":\"https:\\\/\\\/tralleskop.com\\\/index.php\\\/2026\\\/05\\\/02\\\/iran-abdye-baris-anlasmasi-taslagi-hakkinda-yeni-cevap-verdi\\\/#breadcrumb\",\"itemListElement\":[{\"@type\":\"ListItem\",\"position\":1,\"name\":\"Anasayfa\",\"item\":\"https:\\\/\\\/tralleskop.com\\\/\"},{\"@type\":\"ListItem\",\"position\":2,\"name\":\"\u0130ran, ABD&#8217;ye Bar\u0131\u015f Anla\u015fmas\u0131 Tasla\u011f\u0131 Hakk\u0131nda Yeni Cevap Verdi\"}]},{\"@type\":\"WebSite\",\"@id\":\"https:\\\/\\\/tralleskop.com\\\/#website\",\"url\":\"https:\\\/\\\/tralleskop.com\\\/\",\"name\":\"Tralleskop\",\"description\":\"\",\"publisher\":{\"@id\":\"https:\\\/\\\/tralleskop.com\\\/#organization\"},\"potentialAction\":[{\"@type\":\"SearchAction\",\"target\":{\"@type\":\"EntryPoint\",\"urlTemplate\":\"https:\\\/\\\/tralleskop.com\\\/?s={search_term_string}\"},\"query-input\":{\"@type\":\"PropertyValueSpecification\",\"valueRequired\":true,\"valueName\":\"search_term_string\"}}],\"inLanguage\":\"tr\"},{\"@type\":\"Organization\",\"@id\":\"https:\\\/\\\/tralleskop.com\\\/#organization\",\"name\":\"Tralleskop\",\"url\":\"https:\\\/\\\/tralleskop.com\\\/\",\"logo\":{\"@type\":\"ImageObject\",\"inLanguage\":\"tr\",\"@id\":\"https:\\\/\\\/tralleskop.com\\\/#\\\/schema\\\/logo\\\/image\\\/\",\"url\":\"https:\\\/\\\/tralleskop.com\\\/wp-content\\\/uploads\\\/2026\\\/03\\\/logo-1.png\",\"contentUrl\":\"https:\\\/\\\/tralleskop.com\\\/wp-content\\\/uploads\\\/2026\\\/03\\\/logo-1.png\",\"width\":2048,\"height\":2048,\"caption\":\"Tralleskop\"},\"image\":{\"@id\":\"https:\\\/\\\/tralleskop.com\\\/#\\\/schema\\\/logo\\\/image\\\/\"},\"sameAs\":[\"https:\\\/\\\/instagram.com\\\/tralleskop\"]},{\"@type\":\"Person\",\"@id\":\"https:\\\/\\\/tralleskop.com\\\/#\\\/schema\\\/person\\\/07eabec51c3edefcb97f005e5a24dc85\",\"name\":\"Yapay Zeka\",\"image\":{\"@type\":\"ImageObject\",\"inLanguage\":\"tr\",\"@id\":\"https:\\\/\\\/secure.gravatar.com\\\/avatar\\\/e77edf5bd5f891271e5db451c58207840f707caf056fe282ae8443fe299d6b9c?s=96&d=mm&r=g\",\"url\":\"https:\\\/\\\/secure.gravatar.com\\\/avatar\\\/e77edf5bd5f891271e5db451c58207840f707caf056fe282ae8443fe299d6b9c?s=96&d=mm&r=g\",\"contentUrl\":\"https:\\\/\\\/secure.gravatar.com\\\/avatar\\\/e77edf5bd5f891271e5db451c58207840f707caf056fe282ae8443fe299d6b9c?s=96&d=mm&r=g\",\"caption\":\"Yapay Zeka\"},\"url\":\"https:\\\/\\\/tralleskop.com\\\/index.php\\\/author\\\/yapayzeka\\\/\"}]}<\/script>\n<!-- \/ Yoast SEO plugin. -->","yoast_head_json":{"title":"\u0130ran, ABD'ye Bar\u0131\u015f Anla\u015fmas\u0131 Tasla\u011f\u0131 Hakk\u0131nda Yeni Cevap Verdi - Tralleskop","robots":{"index":"index","follow":"follow","max-snippet":"max-snippet:-1","max-image-preview":"max-image-preview:large","max-video-preview":"max-video-preview:-1"},"canonical":"https:\/\/tralleskop.com\/index.php\/2026\/05\/02\/iran-abdye-baris-anlasmasi-taslagi-hakkinda-yeni-cevap-verdi\/","og_locale":"tr_TR","og_type":"article","og_title":"\u0130ran, ABD'ye Bar\u0131\u015f Anla\u015fmas\u0131 Tasla\u011f\u0131 Hakk\u0131nda Yeni Cevap Verdi - Tralleskop","og_description":"\u0130ran, ABD'ye bar\u0131\u015f anla\u015fmas\u0131 tasla\u011f\u0131 hakk\u0131nda yeni cevap verdi. Diplomasi \u00e7al\u0131\u015fmalar\u0131, bar\u0131\u015f anla\u015fmas\u0131 tasla\u011f\u0131 ile ilgili olarak yeni bir a\u015famaya ge\u00e7ti.","og_url":"https:\/\/tralleskop.com\/index.php\/2026\/05\/02\/iran-abdye-baris-anlasmasi-taslagi-hakkinda-yeni-cevap-verdi\/","og_site_name":"Tralleskop","article_published_time":"2026-05-02T15:30:06+00:00","author":"Yapay Zeka","twitter_card":"summary_large_image","twitter_misc":{"Yazan:":"Yapay Zeka","Tahmini okuma s\u00fcresi":"1 dakika"},"schema":{"@context":"https:\/\/schema.org","@graph":[{"@type":"Article","@id":"https:\/\/tralleskop.com\/index.php\/2026\/05\/02\/iran-abdye-baris-anlasmasi-taslagi-hakkinda-yeni-cevap-verdi\/#article","isPartOf":{"@id":"https:\/\/tralleskop.com\/index.php\/2026\/05\/02\/iran-abdye-baris-anlasmasi-taslagi-hakkinda-yeni-cevap-verdi\/"},"author":{"name":"Yapay Zeka","@id":"https:\/\/tralleskop.com\/#\/schema\/person\/07eabec51c3edefcb97f005e5a24dc85"},"headline":"\u0130ran, ABD&#8217;ye Bar\u0131\u015f Anla\u015fmas\u0131 Tasla\u011f\u0131 Hakk\u0131nda Yeni Cevap Verdi","datePublished":"2026-05-02T15:30:06+00:00","mainEntityOfPage":{"@id":"https:\/\/tralleskop.com\/index.php\/2026\/05\/02\/iran-abdye-baris-anlasmasi-taslagi-hakkinda-yeni-cevap-verdi\/"},"wordCount":156,"commentCount":0,"publisher":{"@id":"https:\/\/tralleskop.com\/#organization"},"image":{"@id":"https:\/\/tralleskop.com\/index.php\/2026\/05\/02\/iran-abdye-baris-anlasmasi-taslagi-hakkinda-yeni-cevap-verdi\/#primaryimage"},"thumbnailUrl":"https:\/\/tralleskop.com\/wp-content\/uploads\/2026\/05\/1777642005122.jpeg.webp","keywords":["ABD","bar\u0131\u015f anla\u015fmas\u0131","diplomasi","\u0130RAN"],"articleSection":["Ayd\u0131n Siyaset","d\u00fcnya","G\u00fcndem","Siyaset"],"inLanguage":"tr","potentialAction":[{"@type":"CommentAction","name":"Comment","target":["https:\/\/tralleskop.com\/index.php\/2026\/05\/02\/iran-abdye-baris-anlasmasi-taslagi-hakkinda-yeni-cevap-verdi\/#respond"]}]},{"@type":"WebPage","@id":"https:\/\/tralleskop.com\/index.php\/2026\/05\/02\/iran-abdye-baris-anlasmasi-taslagi-hakkinda-yeni-cevap-verdi\/","url":"https:\/\/tralleskop.com\/index.php\/2026\/05\/02\/iran-abdye-baris-anlasmasi-taslagi-hakkinda-yeni-cevap-verdi\/","name":"\u0130ran, ABD'ye Bar\u0131\u015f Anla\u015fmas\u0131 Tasla\u011f\u0131 Hakk\u0131nda Yeni Cevap Verdi - Tralleskop","isPartOf":{"@id":"https:\/\/tralleskop.com\/#website"},"primaryImageOfPage":{"@id":"https:\/\/tralleskop.com\/index.php\/2026\/05\/02\/iran-abdye-baris-anlasmasi-taslagi-hakkinda-yeni-cevap-verdi\/#primaryimage"},"image":{"@id":"https:\/\/tralleskop.com\/index.php\/2026\/05\/02\/iran-abdye-baris-anlasmasi-taslagi-hakkinda-yeni-cevap-verdi\/#primaryimage"},"thumbnailUrl":"https:\/\/tralleskop.com\/wp-content\/uploads\/2026\/05\/1777642005122.jpeg.webp","datePublished":"2026-05-02T15:30:06+00:00","breadcrumb":{"@id":"https:\/\/tralleskop.com\/index.php\/2026\/05\/02\/iran-abdye-baris-anlasmasi-taslagi-hakkinda-yeni-cevap-verdi\/#breadcrumb"},"inLanguage":"tr","potentialAction":[{"@type":"ReadAction","target":["https:\/\/tralleskop.com\/index.php\/2026\/05\/02\/iran-abdye-baris-anlasmasi-taslagi-hakkinda-yeni-cevap-verdi\/"]}]},{"@type":"ImageObject","inLanguage":"tr","@id":"https:\/\/tralleskop.com\/index.php\/2026\/05\/02\/iran-abdye-baris-anlasmasi-taslagi-hakkinda-yeni-cevap-verdi\/#primaryimage","url":"https:\/\/tralleskop.com\/wp-content\/uploads\/2026\/05\/1777642005122.jpeg.webp","contentUrl":"https:\/\/tralleskop.com\/wp-content\/uploads\/2026\/05\/1777642005122.jpeg.webp","width":1366,"height":768},{"@type":"BreadcrumbList","@id":"https:\/\/tralleskop.com\/index.php\/2026\/05\/02\/iran-abdye-baris-anlasmasi-taslagi-hakkinda-yeni-cevap-verdi\/#breadcrumb","itemListElement":[{"@type":"ListItem","position":1,"name":"Anasayfa","item":"https:\/\/tralleskop.com\/"},{"@type":"ListItem","position":2,"name":"\u0130ran, ABD&#8217;ye Bar\u0131\u015f Anla\u015fmas\u0131 Tasla\u011f\u0131 Hakk\u0131nda Yeni Cevap Verdi"}]},{"@type":"WebSite","@id":"https:\/\/tralleskop.com\/#website","url":"https:\/\/tralleskop.com\/","name":"Tralleskop","description":"","publisher":{"@id":"https:\/\/tralleskop.com\/#organization"},"potentialAction":[{"@type":"SearchAction","target":{"@type":"EntryPoint","urlTemplate":"https:\/\/tralleskop.com\/?s={search_term_string}"},"query-input":{"@type":"PropertyValueSpecification","valueRequired":true,"valueName":"search_term_string"}}],"inLanguage":"tr"},{"@type":"Organization","@id":"https:\/\/tralleskop.com\/#organization","name":"Tralleskop","url":"https:\/\/tralleskop.com\/","logo":{"@type":"ImageObject","inLanguage":"tr","@id":"https:\/\/tralleskop.com\/#\/schema\/logo\/image\/","url":"https:\/\/tralleskop.com\/wp-content\/uploads\/2026\/03\/logo-1.png","contentUrl":"https:\/\/tralleskop.com\/wp-content\/uploads\/2026\/03\/logo-1.png","width":2048,"height":2048,"caption":"Tralleskop"},"image":{"@id":"https:\/\/tralleskop.com\/#\/schema\/logo\/image\/"},"sameAs":["https:\/\/instagram.com\/tralleskop"]},{"@type":"Person","@id":"https:\/\/tralleskop.com\/#\/schema\/person\/07eabec51c3edefcb97f005e5a24dc85","name":"Yapay Zeka","image":{"@type":"ImageObject","inLanguage":"tr","@id":"https:\/\/secure.gravatar.com\/avatar\/e77edf5bd5f891271e5db451c58207840f707caf056fe282ae8443fe299d6b9c?s=96&d=mm&r=g","url":"https:\/\/secure.gravatar.com\/avatar\/e77edf5bd5f891271e5db451c58207840f707caf056fe282ae8443fe299d6b9c?s=96&d=mm&r=g","contentUrl":"https:\/\/secure.gravatar.com\/avatar\/e77edf5bd5f891271e5db451c58207840f707caf056fe282ae8443fe299d6b9c?s=96&d=mm&r=g","caption":"Yapay Zeka"},"url":"https:\/\/tralleskop.com\/index.php\/author\/yapayzeka\/"}]}},"jetpack_featured_media_url":"https:\/\/tralleskop.com\/wp-content\/uploads\/2026\/05\/1777642005122.jpeg.webp","_links":{"self":[{"href":"https:\/\/tralleskop.com\/index.php\/wp-json\/wp\/v2\/posts\/630","targetHints":{"allow":["GET"]}}],"collection":[{"href":"https:\/\/tralleskop.com\/index.php\/wp-json\/wp\/v2\/posts"}],"about":[{"href":"https:\/\/tralleskop.com\/index.php\/wp-json\/wp\/v2\/types\/post"}],"author":[{"embeddable":true,"href":"https:\/\/tralleskop.com\/index.php\/wp-json\/wp\/v2\/users\/3"}],"replies":[{"embeddable":true,"href":"https:\/\/tralleskop.com\/index.php\/wp-json\/wp\/v2\/comments?post=630"}],"version-history":[{"count":0,"href":"https:\/\/tralleskop.com\/index.php\/wp-json\/wp\/v2\/posts\/630\/revisions"}],"wp:featuredmedia":[{"embeddable":true,"href":"https:\/\/tralleskop.com\/index.php\/wp-json\/wp\/v2\/media\/631"}],"wp:attachment":[{"href":"https:\/\/tralleskop.com\/index.php\/wp-json\/wp\/v2\/media?parent=630"}],"wp:term":[{"taxonomy":"category","embeddable":true,"href":"https:\/\/tralleskop.com\/index.php\/wp-json\/wp\/v2\/categories?post=630"},{"taxonomy":"post_tag","embeddable":true,"href":"https:\/\/tralleskop.com\/index.php\/wp-json\/wp\/v2\/tags?post=630"}],"curies":[{"name":"wp","href":"https:\/\/api.w.org\/{rel}","templated":true}]}}