{"id":626,"date":"2026-05-02T18:00:07","date_gmt":"2026-05-02T15:00:07","guid":{"rendered":"https:\/\/tralleskop.com\/index.php\/2026\/05\/02\/turkiye-gazzede-uzuvlarini-kaybeden-cocuklar-icin-umut-tesisini-kuruluyor\/"},"modified":"2026-05-02T18:00:07","modified_gmt":"2026-05-02T15:00:07","slug":"turkiye-gazzede-uzuvlarini-kaybeden-cocuklar-icin-umut-tesisini-kuruluyor","status":"publish","type":"post","link":"https:\/\/tralleskop.com\/index.php\/2026\/05\/02\/turkiye-gazzede-uzuvlarini-kaybeden-cocuklar-icin-umut-tesisini-kuruluyor\/","title":{"rendered":"T\u00fcrkiye, Gazze&#8217;de Uzuvlar\u0131n\u0131 Kaybeden \u00c7ocuklar i\u00e7in Umut Tesisini Kuruluyor"},"content":{"rendered":"<h1>T\u00fcrkiye, Gazze&#8217;de Uzuvlar\u0131n\u0131 Kaybeden \u00c7ocuklar i\u00e7in Umut Tesisini Kuruluyor<\/h1>\n<p>Gazze&#8217;de uzuvlar\u0131n\u0131 kaybeden \u00e7ocuklar i\u00e7in T\u00fcrkiye bir umut \u0131\u015f\u0131\u011f\u0131 olmak \u00fczere Suriye&#8217;nin g\u00fcneyinde bir tesis kurmaya haz\u0131rlan\u0131yor. Sa\u011fl\u0131k Bilimleri \u00dcniversitesi Rekt\u00f6r\u00fc <b>Prof. Dr. Kemalettin Ayd\u0131n<\/b>, G\u00fclhane&#8217;de d\u00fczenlenen VII. Ortopedik Protez ve Ortez \u00d6\u011frenci Sempozyumunda Gazze&#8217;de uzuvlar\u0131n\u0131 kaybeden \u00e7ocuklara ili\u015fkin \u00f6nemli a\u00e7\u0131klamalarda bulundu.<\/p>\n<h2>Gazze&#8217;de Uzuv Kayb\u0131 Living Children<\/h2>\n<p>Gazze&#8217;de ya\u015fanan \u00e7at\u0131\u015fmalar nedeniyle <b>6 bin \u00e7ocuk<\/b> uzuvlar\u0131n\u0131 kaybetti. T\u00fcrkiye, bu \u00e7ocuklar\u0131n tedavisi ve rehabilitasyonu i\u00e7in Syria&#8217;n\u0131n g\u00fcneyinde bir <b>umut tesisi<\/b> kurmaya haz\u0131rlan\u0131yor.<\/p>\n<h3>Proje Detaylar\u0131<\/h3>\n<p><b>Prof. Dr. Kemalettin Ayd\u0131n<\/b>, projenin detaylar\u0131 hakk\u0131nda bilgi verdi. Ayd\u0131n, tesisin <b>ortopedik protez ve ortez<\/b> hizmetleri sunaca\u011f\u0131n\u0131 ve childrens&#8217;\u0131n tedavi processinde \u00f6nemli bir rol oynayaca\u011f\u0131n\u0131 belirtti.<\/p>\n<h2>Analiz<\/h2>\n<p>T\u00fcrkiye&#8217;nin bu projeyi ger\u00e7ekle\u015ftirmesi, Gazze&#8217;de ya\u015fayan \u00e7ocuklar\u0131n ya\u015fam kalitesini art\u0131rmaya y\u00f6nelik \u00f6nemli bir ad\u0131m olacak. Proje, ayn\u0131 zamanda T\u00fcrkiye&#8217;nin <b>insani yard\u0131m<\/b> ve <b>sa\u011fl\u0131k<\/b> alan\u0131ndaki \u00e7al\u0131\u015fmalara verdi\u011fi \u00f6nemin bir g\u00f6stergesi olarak de\u011ferlendirilirken, uluslararas\u0131 toplumun da benzer projelere destek vermesi bekleniyor.<\/p>\n","protected":false},"excerpt":{"rendered":"<p>Gazze&#8217;de uzuvlar\u0131n\u0131 kaybeden 6 bin \u00e7ocuk i\u00e7in T\u00fcrkiye, Suriye&#8217;nin g\u00fcneyinde bir umut tesisi kurmaya haz\u0131rlan\u0131yor.<\/p>\n","protected":false},"author":3,"featured_media":627,"comment_status":"open","ping_status":"open","sticky":false,"template":"","format":"standard","meta":{"googlesitekit_rrm_CAow15e3DA:productID":"","_coblocks_attr":"","_coblocks_dimensions":"","_coblocks_responsive_height":"","_coblocks_accordion_ie_support":"","_ai_summary":"","_external_image_url":"https:\/\/iasbh.tmgrup.com.tr\/9a17c3\/1200\/675\/0\/166\/1600\/1066?u=https:\/\/isbh.tmgrup.com.tr\/sbh\/2026\/05\/01\/turkiye-uzuvlarini-kaybeden-6-bin-gazzeli-cocuk-icin-suriyenin-guneyinde-umut-tesisi-kurmaya-hazirlaniyor-1777624696011.jpeg","footnotes":""},"categories":[5,22,39],"tags":[167,375,76,374,11,373,372],"class_list":["post-626","post","type-post","status-publish","format-standard","has-post-thumbnail","hentry","category-dunya","category-gundem","category-saglik","tag-gazze","tag-insani-yardim","tag-saglik","tag-suriye","tag-turkiye","tag-umut-tesisi","tag-uzuv-kaybi"],"yoast_head":"<!-- This site is optimized with the Yoast SEO plugin v27.5 - https:\/\/yoast.com\/product\/yoast-seo-wordpress\/ -->\n<title>T\u00fcrkiye, Gazze&#039;de Uzuvlar\u0131n\u0131 Kaybeden \u00c7ocuklar i\u00e7in Umut Tesisini Kuruluyor - Tralleskop<\/title>\n<meta name=\"robots\" content=\"index, follow, max-snippet:-1, max-image-preview:large, max-video-preview:-1\" \/>\n<link rel=\"canonical\" href=\"https:\/\/tralleskop.com\/index.php\/2026\/05\/02\/turkiye-gazzede-uzuvlarini-kaybeden-cocuklar-icin-umut-tesisini-kuruluyor\/\" \/>\n<meta property=\"og:locale\" content=\"tr_TR\" \/>\n<meta property=\"og:type\" content=\"article\" \/>\n<meta property=\"og:title\" content=\"T\u00fcrkiye, Gazze&#039;de Uzuvlar\u0131n\u0131 Kaybeden \u00c7ocuklar i\u00e7in Umut Tesisini Kuruluyor - Tralleskop\" \/>\n<meta property=\"og:description\" content=\"Gazze&#039;de uzuvlar\u0131n\u0131 kaybeden 6 bin \u00e7ocuk i\u00e7in T\u00fcrkiye, Suriye&#039;nin g\u00fcneyinde bir umut tesisi kurmaya haz\u0131rlan\u0131yor.\" \/>\n<meta property=\"og:url\" content=\"https:\/\/tralleskop.com\/index.php\/2026\/05\/02\/turkiye-gazzede-uzuvlarini-kaybeden-cocuklar-icin-umut-tesisini-kuruluyor\/\" \/>\n<meta property=\"og:site_name\" content=\"Tralleskop\" \/>\n<meta property=\"article:published_time\" content=\"2026-05-02T15:00:07+00:00\" \/>\n<meta name=\"author\" content=\"Yapay Zeka\" \/>\n<meta name=\"twitter:card\" content=\"summary_large_image\" \/>\n<meta name=\"twitter:label1\" content=\"Yazan:\" \/>\n\t<meta name=\"twitter:data1\" content=\"Yapay Zeka\" \/>\n\t<meta name=\"twitter:label2\" content=\"Tahmini okuma s\u00fcresi\" \/>\n\t<meta name=\"twitter:data2\" content=\"1 dakika\" \/>\n<script type=\"application\/ld+json\" class=\"yoast-schema-graph\">{\"@context\":\"https:\\\/\\\/schema.org\",\"@graph\":[{\"@type\":\"Article\",\"@id\":\"https:\\\/\\\/tralleskop.com\\\/index.php\\\/2026\\\/05\\\/02\\\/turkiye-gazzede-uzuvlarini-kaybeden-cocuklar-icin-umut-tesisini-kuruluyor\\\/#article\",\"isPartOf\":{\"@id\":\"https:\\\/\\\/tralleskop.com\\\/index.php\\\/2026\\\/05\\\/02\\\/turkiye-gazzede-uzuvlarini-kaybeden-cocuklar-icin-umut-tesisini-kuruluyor\\\/\"},\"author\":{\"name\":\"Yapay Zeka\",\"@id\":\"https:\\\/\\\/tralleskop.com\\\/#\\\/schema\\\/person\\\/07eabec51c3edefcb97f005e5a24dc85\"},\"headline\":\"T\u00fcrkiye, Gazze&#8217;de Uzuvlar\u0131n\u0131 Kaybeden \u00c7ocuklar i\u00e7in Umut Tesisini Kuruluyor\",\"datePublished\":\"2026-05-02T15:00:07+00:00\",\"mainEntityOfPage\":{\"@id\":\"https:\\\/\\\/tralleskop.com\\\/index.php\\\/2026\\\/05\\\/02\\\/turkiye-gazzede-uzuvlarini-kaybeden-cocuklar-icin-umut-tesisini-kuruluyor\\\/\"},\"wordCount\":221,\"commentCount\":0,\"publisher\":{\"@id\":\"https:\\\/\\\/tralleskop.com\\\/#organization\"},\"image\":{\"@id\":\"https:\\\/\\\/tralleskop.com\\\/index.php\\\/2026\\\/05\\\/02\\\/turkiye-gazzede-uzuvlarini-kaybeden-cocuklar-icin-umut-tesisini-kuruluyor\\\/#primaryimage\"},\"thumbnailUrl\":\"https:\\\/\\\/tralleskop.com\\\/wp-content\\\/uploads\\\/2026\\\/05\\\/1066.webp\",\"keywords\":[\"Gazze\",\"insani yard\u0131m\",\"Sa\u011fl\u0131k\",\"Suriye\",\"t\u00fcrkiye\",\"umut tesisi\",\"uzuv kayb\u0131\"],\"articleSection\":[\"d\u00fcnya\",\"G\u00fcndem\",\"Sa\u011fl\u0131k\"],\"inLanguage\":\"tr\",\"potentialAction\":[{\"@type\":\"CommentAction\",\"name\":\"Comment\",\"target\":[\"https:\\\/\\\/tralleskop.com\\\/index.php\\\/2026\\\/05\\\/02\\\/turkiye-gazzede-uzuvlarini-kaybeden-cocuklar-icin-umut-tesisini-kuruluyor\\\/#respond\"]}]},{\"@type\":\"WebPage\",\"@id\":\"https:\\\/\\\/tralleskop.com\\\/index.php\\\/2026\\\/05\\\/02\\\/turkiye-gazzede-uzuvlarini-kaybeden-cocuklar-icin-umut-tesisini-kuruluyor\\\/\",\"url\":\"https:\\\/\\\/tralleskop.com\\\/index.php\\\/2026\\\/05\\\/02\\\/turkiye-gazzede-uzuvlarini-kaybeden-cocuklar-icin-umut-tesisini-kuruluyor\\\/\",\"name\":\"T\u00fcrkiye, Gazze'de Uzuvlar\u0131n\u0131 Kaybeden \u00c7ocuklar i\u00e7in Umut Tesisini Kuruluyor - Tralleskop\",\"isPartOf\":{\"@id\":\"https:\\\/\\\/tralleskop.com\\\/#website\"},\"primaryImageOfPage\":{\"@id\":\"https:\\\/\\\/tralleskop.com\\\/index.php\\\/2026\\\/05\\\/02\\\/turkiye-gazzede-uzuvlarini-kaybeden-cocuklar-icin-umut-tesisini-kuruluyor\\\/#primaryimage\"},\"image\":{\"@id\":\"https:\\\/\\\/tralleskop.com\\\/index.php\\\/2026\\\/05\\\/02\\\/turkiye-gazzede-uzuvlarini-kaybeden-cocuklar-icin-umut-tesisini-kuruluyor\\\/#primaryimage\"},\"thumbnailUrl\":\"https:\\\/\\\/tralleskop.com\\\/wp-content\\\/uploads\\\/2026\\\/05\\\/1066.webp\",\"datePublished\":\"2026-05-02T15:00:07+00:00\",\"breadcrumb\":{\"@id\":\"https:\\\/\\\/tralleskop.com\\\/index.php\\\/2026\\\/05\\\/02\\\/turkiye-gazzede-uzuvlarini-kaybeden-cocuklar-icin-umut-tesisini-kuruluyor\\\/#breadcrumb\"},\"inLanguage\":\"tr\",\"potentialAction\":[{\"@type\":\"ReadAction\",\"target\":[\"https:\\\/\\\/tralleskop.com\\\/index.php\\\/2026\\\/05\\\/02\\\/turkiye-gazzede-uzuvlarini-kaybeden-cocuklar-icin-umut-tesisini-kuruluyor\\\/\"]}]},{\"@type\":\"ImageObject\",\"inLanguage\":\"tr\",\"@id\":\"https:\\\/\\\/tralleskop.com\\\/index.php\\\/2026\\\/05\\\/02\\\/turkiye-gazzede-uzuvlarini-kaybeden-cocuklar-icin-umut-tesisini-kuruluyor\\\/#primaryimage\",\"url\":\"https:\\\/\\\/tralleskop.com\\\/wp-content\\\/uploads\\\/2026\\\/05\\\/1066.webp\",\"contentUrl\":\"https:\\\/\\\/tralleskop.com\\\/wp-content\\\/uploads\\\/2026\\\/05\\\/1066.webp\",\"width\":1200,\"height\":675},{\"@type\":\"BreadcrumbList\",\"@id\":\"https:\\\/\\\/tralleskop.com\\\/index.php\\\/2026\\\/05\\\/02\\\/turkiye-gazzede-uzuvlarini-kaybeden-cocuklar-icin-umut-tesisini-kuruluyor\\\/#breadcrumb\",\"itemListElement\":[{\"@type\":\"ListItem\",\"position\":1,\"name\":\"Anasayfa\",\"item\":\"https:\\\/\\\/tralleskop.com\\\/\"},{\"@type\":\"ListItem\",\"position\":2,\"name\":\"T\u00fcrkiye, Gazze&#8217;de Uzuvlar\u0131n\u0131 Kaybeden \u00c7ocuklar i\u00e7in Umut Tesisini Kuruluyor\"}]},{\"@type\":\"WebSite\",\"@id\":\"https:\\\/\\\/tralleskop.com\\\/#website\",\"url\":\"https:\\\/\\\/tralleskop.com\\\/\",\"name\":\"Tralleskop\",\"description\":\"\",\"publisher\":{\"@id\":\"https:\\\/\\\/tralleskop.com\\\/#organization\"},\"potentialAction\":[{\"@type\":\"SearchAction\",\"target\":{\"@type\":\"EntryPoint\",\"urlTemplate\":\"https:\\\/\\\/tralleskop.com\\\/?s={search_term_string}\"},\"query-input\":{\"@type\":\"PropertyValueSpecification\",\"valueRequired\":true,\"valueName\":\"search_term_string\"}}],\"inLanguage\":\"tr\"},{\"@type\":\"Organization\",\"@id\":\"https:\\\/\\\/tralleskop.com\\\/#organization\",\"name\":\"Tralleskop\",\"url\":\"https:\\\/\\\/tralleskop.com\\\/\",\"logo\":{\"@type\":\"ImageObject\",\"inLanguage\":\"tr\",\"@id\":\"https:\\\/\\\/tralleskop.com\\\/#\\\/schema\\\/logo\\\/image\\\/\",\"url\":\"https:\\\/\\\/tralleskop.com\\\/wp-content\\\/uploads\\\/2026\\\/03\\\/logo-1.png\",\"contentUrl\":\"https:\\\/\\\/tralleskop.com\\\/wp-content\\\/uploads\\\/2026\\\/03\\\/logo-1.png\",\"width\":2048,\"height\":2048,\"caption\":\"Tralleskop\"},\"image\":{\"@id\":\"https:\\\/\\\/tralleskop.com\\\/#\\\/schema\\\/logo\\\/image\\\/\"},\"sameAs\":[\"https:\\\/\\\/instagram.com\\\/tralleskop\"]},{\"@type\":\"Person\",\"@id\":\"https:\\\/\\\/tralleskop.com\\\/#\\\/schema\\\/person\\\/07eabec51c3edefcb97f005e5a24dc85\",\"name\":\"Yapay Zeka\",\"image\":{\"@type\":\"ImageObject\",\"inLanguage\":\"tr\",\"@id\":\"https:\\\/\\\/secure.gravatar.com\\\/avatar\\\/e77edf5bd5f891271e5db451c58207840f707caf056fe282ae8443fe299d6b9c?s=96&d=mm&r=g\",\"url\":\"https:\\\/\\\/secure.gravatar.com\\\/avatar\\\/e77edf5bd5f891271e5db451c58207840f707caf056fe282ae8443fe299d6b9c?s=96&d=mm&r=g\",\"contentUrl\":\"https:\\\/\\\/secure.gravatar.com\\\/avatar\\\/e77edf5bd5f891271e5db451c58207840f707caf056fe282ae8443fe299d6b9c?s=96&d=mm&r=g\",\"caption\":\"Yapay Zeka\"},\"url\":\"https:\\\/\\\/tralleskop.com\\\/index.php\\\/author\\\/yapayzeka\\\/\"}]}<\/script>\n<!-- \/ Yoast SEO plugin. -->","yoast_head_json":{"title":"T\u00fcrkiye, Gazze'de Uzuvlar\u0131n\u0131 Kaybeden \u00c7ocuklar i\u00e7in Umut Tesisini Kuruluyor - Tralleskop","robots":{"index":"index","follow":"follow","max-snippet":"max-snippet:-1","max-image-preview":"max-image-preview:large","max-video-preview":"max-video-preview:-1"},"canonical":"https:\/\/tralleskop.com\/index.php\/2026\/05\/02\/turkiye-gazzede-uzuvlarini-kaybeden-cocuklar-icin-umut-tesisini-kuruluyor\/","og_locale":"tr_TR","og_type":"article","og_title":"T\u00fcrkiye, Gazze'de Uzuvlar\u0131n\u0131 Kaybeden \u00c7ocuklar i\u00e7in Umut Tesisini Kuruluyor - Tralleskop","og_description":"Gazze'de uzuvlar\u0131n\u0131 kaybeden 6 bin \u00e7ocuk i\u00e7in T\u00fcrkiye, Suriye'nin g\u00fcneyinde bir umut tesisi kurmaya haz\u0131rlan\u0131yor.","og_url":"https:\/\/tralleskop.com\/index.php\/2026\/05\/02\/turkiye-gazzede-uzuvlarini-kaybeden-cocuklar-icin-umut-tesisini-kuruluyor\/","og_site_name":"Tralleskop","article_published_time":"2026-05-02T15:00:07+00:00","author":"Yapay Zeka","twitter_card":"summary_large_image","twitter_misc":{"Yazan:":"Yapay Zeka","Tahmini okuma s\u00fcresi":"1 dakika"},"schema":{"@context":"https:\/\/schema.org","@graph":[{"@type":"Article","@id":"https:\/\/tralleskop.com\/index.php\/2026\/05\/02\/turkiye-gazzede-uzuvlarini-kaybeden-cocuklar-icin-umut-tesisini-kuruluyor\/#article","isPartOf":{"@id":"https:\/\/tralleskop.com\/index.php\/2026\/05\/02\/turkiye-gazzede-uzuvlarini-kaybeden-cocuklar-icin-umut-tesisini-kuruluyor\/"},"author":{"name":"Yapay Zeka","@id":"https:\/\/tralleskop.com\/#\/schema\/person\/07eabec51c3edefcb97f005e5a24dc85"},"headline":"T\u00fcrkiye, Gazze&#8217;de Uzuvlar\u0131n\u0131 Kaybeden \u00c7ocuklar i\u00e7in Umut Tesisini Kuruluyor","datePublished":"2026-05-02T15:00:07+00:00","mainEntityOfPage":{"@id":"https:\/\/tralleskop.com\/index.php\/2026\/05\/02\/turkiye-gazzede-uzuvlarini-kaybeden-cocuklar-icin-umut-tesisini-kuruluyor\/"},"wordCount":221,"commentCount":0,"publisher":{"@id":"https:\/\/tralleskop.com\/#organization"},"image":{"@id":"https:\/\/tralleskop.com\/index.php\/2026\/05\/02\/turkiye-gazzede-uzuvlarini-kaybeden-cocuklar-icin-umut-tesisini-kuruluyor\/#primaryimage"},"thumbnailUrl":"https:\/\/tralleskop.com\/wp-content\/uploads\/2026\/05\/1066.webp","keywords":["Gazze","insani yard\u0131m","Sa\u011fl\u0131k","Suriye","t\u00fcrkiye","umut tesisi","uzuv kayb\u0131"],"articleSection":["d\u00fcnya","G\u00fcndem","Sa\u011fl\u0131k"],"inLanguage":"tr","potentialAction":[{"@type":"CommentAction","name":"Comment","target":["https:\/\/tralleskop.com\/index.php\/2026\/05\/02\/turkiye-gazzede-uzuvlarini-kaybeden-cocuklar-icin-umut-tesisini-kuruluyor\/#respond"]}]},{"@type":"WebPage","@id":"https:\/\/tralleskop.com\/index.php\/2026\/05\/02\/turkiye-gazzede-uzuvlarini-kaybeden-cocuklar-icin-umut-tesisini-kuruluyor\/","url":"https:\/\/tralleskop.com\/index.php\/2026\/05\/02\/turkiye-gazzede-uzuvlarini-kaybeden-cocuklar-icin-umut-tesisini-kuruluyor\/","name":"T\u00fcrkiye, Gazze'de Uzuvlar\u0131n\u0131 Kaybeden \u00c7ocuklar i\u00e7in Umut Tesisini Kuruluyor - Tralleskop","isPartOf":{"@id":"https:\/\/tralleskop.com\/#website"},"primaryImageOfPage":{"@id":"https:\/\/tralleskop.com\/index.php\/2026\/05\/02\/turkiye-gazzede-uzuvlarini-kaybeden-cocuklar-icin-umut-tesisini-kuruluyor\/#primaryimage"},"image":{"@id":"https:\/\/tralleskop.com\/index.php\/2026\/05\/02\/turkiye-gazzede-uzuvlarini-kaybeden-cocuklar-icin-umut-tesisini-kuruluyor\/#primaryimage"},"thumbnailUrl":"https:\/\/tralleskop.com\/wp-content\/uploads\/2026\/05\/1066.webp","datePublished":"2026-05-02T15:00:07+00:00","breadcrumb":{"@id":"https:\/\/tralleskop.com\/index.php\/2026\/05\/02\/turkiye-gazzede-uzuvlarini-kaybeden-cocuklar-icin-umut-tesisini-kuruluyor\/#breadcrumb"},"inLanguage":"tr","potentialAction":[{"@type":"ReadAction","target":["https:\/\/tralleskop.com\/index.php\/2026\/05\/02\/turkiye-gazzede-uzuvlarini-kaybeden-cocuklar-icin-umut-tesisini-kuruluyor\/"]}]},{"@type":"ImageObject","inLanguage":"tr","@id":"https:\/\/tralleskop.com\/index.php\/2026\/05\/02\/turkiye-gazzede-uzuvlarini-kaybeden-cocuklar-icin-umut-tesisini-kuruluyor\/#primaryimage","url":"https:\/\/tralleskop.com\/wp-content\/uploads\/2026\/05\/1066.webp","contentUrl":"https:\/\/tralleskop.com\/wp-content\/uploads\/2026\/05\/1066.webp","width":1200,"height":675},{"@type":"BreadcrumbList","@id":"https:\/\/tralleskop.com\/index.php\/2026\/05\/02\/turkiye-gazzede-uzuvlarini-kaybeden-cocuklar-icin-umut-tesisini-kuruluyor\/#breadcrumb","itemListElement":[{"@type":"ListItem","position":1,"name":"Anasayfa","item":"https:\/\/tralleskop.com\/"},{"@type":"ListItem","position":2,"name":"T\u00fcrkiye, Gazze&#8217;de Uzuvlar\u0131n\u0131 Kaybeden \u00c7ocuklar i\u00e7in Umut Tesisini Kuruluyor"}]},{"@type":"WebSite","@id":"https:\/\/tralleskop.com\/#website","url":"https:\/\/tralleskop.com\/","name":"Tralleskop","description":"","publisher":{"@id":"https:\/\/tralleskop.com\/#organization"},"potentialAction":[{"@type":"SearchAction","target":{"@type":"EntryPoint","urlTemplate":"https:\/\/tralleskop.com\/?s={search_term_string}"},"query-input":{"@type":"PropertyValueSpecification","valueRequired":true,"valueName":"search_term_string"}}],"inLanguage":"tr"},{"@type":"Organization","@id":"https:\/\/tralleskop.com\/#organization","name":"Tralleskop","url":"https:\/\/tralleskop.com\/","logo":{"@type":"ImageObject","inLanguage":"tr","@id":"https:\/\/tralleskop.com\/#\/schema\/logo\/image\/","url":"https:\/\/tralleskop.com\/wp-content\/uploads\/2026\/03\/logo-1.png","contentUrl":"https:\/\/tralleskop.com\/wp-content\/uploads\/2026\/03\/logo-1.png","width":2048,"height":2048,"caption":"Tralleskop"},"image":{"@id":"https:\/\/tralleskop.com\/#\/schema\/logo\/image\/"},"sameAs":["https:\/\/instagram.com\/tralleskop"]},{"@type":"Person","@id":"https:\/\/tralleskop.com\/#\/schema\/person\/07eabec51c3edefcb97f005e5a24dc85","name":"Yapay Zeka","image":{"@type":"ImageObject","inLanguage":"tr","@id":"https:\/\/secure.gravatar.com\/avatar\/e77edf5bd5f891271e5db451c58207840f707caf056fe282ae8443fe299d6b9c?s=96&d=mm&r=g","url":"https:\/\/secure.gravatar.com\/avatar\/e77edf5bd5f891271e5db451c58207840f707caf056fe282ae8443fe299d6b9c?s=96&d=mm&r=g","contentUrl":"https:\/\/secure.gravatar.com\/avatar\/e77edf5bd5f891271e5db451c58207840f707caf056fe282ae8443fe299d6b9c?s=96&d=mm&r=g","caption":"Yapay Zeka"},"url":"https:\/\/tralleskop.com\/index.php\/author\/yapayzeka\/"}]}},"jetpack_featured_media_url":"https:\/\/tralleskop.com\/wp-content\/uploads\/2026\/05\/1066.webp","_links":{"self":[{"href":"https:\/\/tralleskop.com\/index.php\/wp-json\/wp\/v2\/posts\/626","targetHints":{"allow":["GET"]}}],"collection":[{"href":"https:\/\/tralleskop.com\/index.php\/wp-json\/wp\/v2\/posts"}],"about":[{"href":"https:\/\/tralleskop.com\/index.php\/wp-json\/wp\/v2\/types\/post"}],"author":[{"embeddable":true,"href":"https:\/\/tralleskop.com\/index.php\/wp-json\/wp\/v2\/users\/3"}],"replies":[{"embeddable":true,"href":"https:\/\/tralleskop.com\/index.php\/wp-json\/wp\/v2\/comments?post=626"}],"version-history":[{"count":0,"href":"https:\/\/tralleskop.com\/index.php\/wp-json\/wp\/v2\/posts\/626\/revisions"}],"wp:featuredmedia":[{"embeddable":true,"href":"https:\/\/tralleskop.com\/index.php\/wp-json\/wp\/v2\/media\/627"}],"wp:attachment":[{"href":"https:\/\/tralleskop.com\/index.php\/wp-json\/wp\/v2\/media?parent=626"}],"wp:term":[{"taxonomy":"category","embeddable":true,"href":"https:\/\/tralleskop.com\/index.php\/wp-json\/wp\/v2\/categories?post=626"},{"taxonomy":"post_tag","embeddable":true,"href":"https:\/\/tralleskop.com\/index.php\/wp-json\/wp\/v2\/tags?post=626"}],"curies":[{"name":"wp","href":"https:\/\/api.w.org\/{rel}","templated":true}]}}