{"id":613,"date":"2026-05-02T16:15:07","date_gmt":"2026-05-02T13:15:07","guid":{"rendered":"https:\/\/tralleskop.com\/index.php\/2026\/05\/02\/1-mayis-protestolari-hicbir-kral-yok-sloganinin-ardili-olmaya-hazirlaniyor\/"},"modified":"2026-05-02T16:15:07","modified_gmt":"2026-05-02T13:15:07","slug":"1-mayis-protestolari-hicbir-kral-yok-sloganinin-ardili-olmaya-hazirlaniyor","status":"publish","type":"post","link":"https:\/\/tralleskop.com\/index.php\/2026\/05\/02\/1-mayis-protestolari-hicbir-kral-yok-sloganinin-ardili-olmaya-hazirlaniyor\/","title":{"rendered":"1 May\u0131s Protestolar\u0131: &#8216;Hi\u00e7bir Kral Yok&#8217; Slogan\u0131n\u0131n Ard\u0131l\u0131 Olmaya Haz\u0131rlan\u0131yor"},"content":{"rendered":"<h1>1 May\u0131s Protestolar\u0131: &#8216;Hi\u00e7bir Kral Yok&#8217; Slogan\u0131n\u0131n Ard\u0131l\u0131 Olmaya Haz\u0131rlan\u0131yor<\/h1>\n<p>1 May\u0131s protesto organizat\u00f6rleri, Trump y\u00f6netimi politikalar\u0131na ve aktivistlerin h\u00fck\u00fcmetin milyarderler taraf\u0131ndan ele ge\u00e7irilmesine kar\u015f\u0131 i\u015fe, okula ve al\u0131\u015fveri\u015fe kar\u015f\u0131 boykot \u00e7a\u011fr\u0131s\u0131 yap\u0131yor.<\/p>\n<h2>Protestolar\u0131n Hedefi<\/h2>\n<p>Protestocular, **Trump y\u00f6netimi politikalar\u0131na** ve h\u00fck\u00fcmetin **billionerler taraf\u0131ndan ele ge\u00e7irilmesine** kar\u015f\u0131 \u00e7\u0131k\u0131yor. <b>Boykot \u00e7a\u011fr\u0131s\u0131<\/b>, i\u015fe, okula ve al\u0131\u015fveri\u015fe kar\u015f\u0131 \u00e7\u0131k\u0131yor.<\/p>\n<h3>Protestolar\u0131n Beklenen Etkisi<\/h3>\n<p>Protestolar\u0131n, **toplum ve ekonomi** \u00fczerindeki etkisi b\u00fcy\u00fck olabilir. <b>Boykot \u00e7a\u011fr\u0131s\u0131<\/b>, ekonominin \u00e7e\u015fitli sekt\u00f6rlerinde aksakl\u0131klara neden olabilir.<\/p>\n<h2>Analiz<\/h2>\n<p>1 May\u0131s protestolar\u0131, <b>Amerika&#8217;da<\/b> siyasi ve ekonomik geli\u015fmelerin bir yans\u0131mas\u0131 olarak g\u00f6r\u00fclebilir. Protestocular\u0131n talepleri, <b>h\u00fck\u00fcmetin daha \u015feffaf ve hesap verebilir olmas\u0131<\/b> y\u00f6n\u00fcnde.<\/p>\n","protected":false},"excerpt":{"rendered":"<p>1 May\u0131s protestolar\u0131, Trump y\u00f6netimi politikalar\u0131na kar\u015f\u0131 \u00e7\u0131k\u0131yor. Boykot \u00e7a\u011fr\u0131s\u0131, i\u015fe, okula ve al\u0131\u015fveri\u015fe kar\u015f\u0131.<\/p>\n","protected":false},"author":3,"featured_media":614,"comment_status":"open","ping_status":"open","sticky":false,"template":"","format":"standard","meta":{"googlesitekit_rrm_CAow15e3DA:productID":"","_coblocks_attr":"","_coblocks_dimensions":"","_coblocks_responsive_height":"","_coblocks_accordion_ie_support":"","_ai_summary":"","_external_image_url":"https:\/\/npr.brightspotcdn.com\/dims3\/default\/strip\/false\/crop\/5626x3165+0+293\/resize\/1400\/quality\/85\/format\/jpeg\/?url=http%3A%2F%2Fnpr-brightspot.s3.amazonaws.com%2F0a%2Fc6%2Fac612c8340bfb1b913c1b5f52106%2Fap25121675372857.jpg","footnotes":""},"categories":[50,5,26],"tags":[199,353,352,205],"class_list":["post-613","post","type-post","status-publish","format-standard","has-post-thumbnail","hentry","category-aydin-siyaset","category-dunya","category-siyaset","tag-1-mayis","tag-boykot","tag-protesto","tag-trump-yonetimi"],"yoast_head":"<!-- This site is optimized with the Yoast SEO plugin v27.5 - https:\/\/yoast.com\/product\/yoast-seo-wordpress\/ -->\n<title>1 May\u0131s Protestolar\u0131: &#039;Hi\u00e7bir Kral Yok&#039; Slogan\u0131n\u0131n Ard\u0131l\u0131 Olmaya Haz\u0131rlan\u0131yor - Tralleskop<\/title>\n<meta name=\"robots\" content=\"index, follow, max-snippet:-1, max-image-preview:large, max-video-preview:-1\" \/>\n<link rel=\"canonical\" href=\"https:\/\/tralleskop.com\/index.php\/2026\/05\/02\/1-mayis-protestolari-hicbir-kral-yok-sloganinin-ardili-olmaya-hazirlaniyor\/\" \/>\n<meta property=\"og:locale\" content=\"tr_TR\" \/>\n<meta property=\"og:type\" content=\"article\" \/>\n<meta property=\"og:title\" content=\"1 May\u0131s Protestolar\u0131: &#039;Hi\u00e7bir Kral Yok&#039; Slogan\u0131n\u0131n Ard\u0131l\u0131 Olmaya Haz\u0131rlan\u0131yor - Tralleskop\" \/>\n<meta property=\"og:description\" content=\"1 May\u0131s protestolar\u0131, Trump y\u00f6netimi politikalar\u0131na kar\u015f\u0131 \u00e7\u0131k\u0131yor. Boykot \u00e7a\u011fr\u0131s\u0131, i\u015fe, okula ve al\u0131\u015fveri\u015fe kar\u015f\u0131.\" \/>\n<meta property=\"og:url\" content=\"https:\/\/tralleskop.com\/index.php\/2026\/05\/02\/1-mayis-protestolari-hicbir-kral-yok-sloganinin-ardili-olmaya-hazirlaniyor\/\" \/>\n<meta property=\"og:site_name\" content=\"Tralleskop\" \/>\n<meta property=\"article:published_time\" content=\"2026-05-02T13:15:07+00:00\" \/>\n<meta name=\"author\" content=\"Yapay Zeka\" \/>\n<meta name=\"twitter:card\" content=\"summary_large_image\" \/>\n<meta name=\"twitter:label1\" content=\"Yazan:\" \/>\n\t<meta name=\"twitter:data1\" content=\"Yapay Zeka\" \/>\n\t<meta name=\"twitter:label2\" content=\"Tahmini okuma s\u00fcresi\" \/>\n\t<meta name=\"twitter:data2\" content=\"1 dakika\" \/>\n<script type=\"application\/ld+json\" class=\"yoast-schema-graph\">{\"@context\":\"https:\\\/\\\/schema.org\",\"@graph\":[{\"@type\":\"Article\",\"@id\":\"https:\\\/\\\/tralleskop.com\\\/index.php\\\/2026\\\/05\\\/02\\\/1-mayis-protestolari-hicbir-kral-yok-sloganinin-ardili-olmaya-hazirlaniyor\\\/#article\",\"isPartOf\":{\"@id\":\"https:\\\/\\\/tralleskop.com\\\/index.php\\\/2026\\\/05\\\/02\\\/1-mayis-protestolari-hicbir-kral-yok-sloganinin-ardili-olmaya-hazirlaniyor\\\/\"},\"author\":{\"name\":\"Yapay Zeka\",\"@id\":\"https:\\\/\\\/tralleskop.com\\\/#\\\/schema\\\/person\\\/07eabec51c3edefcb97f005e5a24dc85\"},\"headline\":\"1 May\u0131s Protestolar\u0131: &#8216;Hi\u00e7bir Kral Yok&#8217; Slogan\u0131n\u0131n Ard\u0131l\u0131 Olmaya Haz\u0131rlan\u0131yor\",\"datePublished\":\"2026-05-02T13:15:07+00:00\",\"mainEntityOfPage\":{\"@id\":\"https:\\\/\\\/tralleskop.com\\\/index.php\\\/2026\\\/05\\\/02\\\/1-mayis-protestolari-hicbir-kral-yok-sloganinin-ardili-olmaya-hazirlaniyor\\\/\"},\"wordCount\":165,\"commentCount\":0,\"publisher\":{\"@id\":\"https:\\\/\\\/tralleskop.com\\\/#organization\"},\"image\":{\"@id\":\"https:\\\/\\\/tralleskop.com\\\/index.php\\\/2026\\\/05\\\/02\\\/1-mayis-protestolari-hicbir-kral-yok-sloganinin-ardili-olmaya-hazirlaniyor\\\/#primaryimage\"},\"thumbnailUrl\":\"https:\\\/\\\/tralleskop.com\\\/wp-content\\\/uploads\\\/2026\\\/05\\\/jpeg-4.jpg\",\"keywords\":[\"1 May\u0131s\",\"boykot\",\"protesto\",\"Trump y\u00f6netimi\"],\"articleSection\":[\"Ayd\u0131n Siyaset\",\"d\u00fcnya\",\"Siyaset\"],\"inLanguage\":\"tr\",\"potentialAction\":[{\"@type\":\"CommentAction\",\"name\":\"Comment\",\"target\":[\"https:\\\/\\\/tralleskop.com\\\/index.php\\\/2026\\\/05\\\/02\\\/1-mayis-protestolari-hicbir-kral-yok-sloganinin-ardili-olmaya-hazirlaniyor\\\/#respond\"]}]},{\"@type\":\"WebPage\",\"@id\":\"https:\\\/\\\/tralleskop.com\\\/index.php\\\/2026\\\/05\\\/02\\\/1-mayis-protestolari-hicbir-kral-yok-sloganinin-ardili-olmaya-hazirlaniyor\\\/\",\"url\":\"https:\\\/\\\/tralleskop.com\\\/index.php\\\/2026\\\/05\\\/02\\\/1-mayis-protestolari-hicbir-kral-yok-sloganinin-ardili-olmaya-hazirlaniyor\\\/\",\"name\":\"1 May\u0131s Protestolar\u0131: 'Hi\u00e7bir Kral Yok' Slogan\u0131n\u0131n Ard\u0131l\u0131 Olmaya Haz\u0131rlan\u0131yor - Tralleskop\",\"isPartOf\":{\"@id\":\"https:\\\/\\\/tralleskop.com\\\/#website\"},\"primaryImageOfPage\":{\"@id\":\"https:\\\/\\\/tralleskop.com\\\/index.php\\\/2026\\\/05\\\/02\\\/1-mayis-protestolari-hicbir-kral-yok-sloganinin-ardili-olmaya-hazirlaniyor\\\/#primaryimage\"},\"image\":{\"@id\":\"https:\\\/\\\/tralleskop.com\\\/index.php\\\/2026\\\/05\\\/02\\\/1-mayis-protestolari-hicbir-kral-yok-sloganinin-ardili-olmaya-hazirlaniyor\\\/#primaryimage\"},\"thumbnailUrl\":\"https:\\\/\\\/tralleskop.com\\\/wp-content\\\/uploads\\\/2026\\\/05\\\/jpeg-4.jpg\",\"datePublished\":\"2026-05-02T13:15:07+00:00\",\"breadcrumb\":{\"@id\":\"https:\\\/\\\/tralleskop.com\\\/index.php\\\/2026\\\/05\\\/02\\\/1-mayis-protestolari-hicbir-kral-yok-sloganinin-ardili-olmaya-hazirlaniyor\\\/#breadcrumb\"},\"inLanguage\":\"tr\",\"potentialAction\":[{\"@type\":\"ReadAction\",\"target\":[\"https:\\\/\\\/tralleskop.com\\\/index.php\\\/2026\\\/05\\\/02\\\/1-mayis-protestolari-hicbir-kral-yok-sloganinin-ardili-olmaya-hazirlaniyor\\\/\"]}]},{\"@type\":\"ImageObject\",\"inLanguage\":\"tr\",\"@id\":\"https:\\\/\\\/tralleskop.com\\\/index.php\\\/2026\\\/05\\\/02\\\/1-mayis-protestolari-hicbir-kral-yok-sloganinin-ardili-olmaya-hazirlaniyor\\\/#primaryimage\",\"url\":\"https:\\\/\\\/tralleskop.com\\\/wp-content\\\/uploads\\\/2026\\\/05\\\/jpeg-4.jpg\",\"contentUrl\":\"https:\\\/\\\/tralleskop.com\\\/wp-content\\\/uploads\\\/2026\\\/05\\\/jpeg-4.jpg\",\"width\":1400,\"height\":788},{\"@type\":\"BreadcrumbList\",\"@id\":\"https:\\\/\\\/tralleskop.com\\\/index.php\\\/2026\\\/05\\\/02\\\/1-mayis-protestolari-hicbir-kral-yok-sloganinin-ardili-olmaya-hazirlaniyor\\\/#breadcrumb\",\"itemListElement\":[{\"@type\":\"ListItem\",\"position\":1,\"name\":\"Anasayfa\",\"item\":\"https:\\\/\\\/tralleskop.com\\\/\"},{\"@type\":\"ListItem\",\"position\":2,\"name\":\"1 May\u0131s Protestolar\u0131: &#8216;Hi\u00e7bir Kral Yok&#8217; Slogan\u0131n\u0131n Ard\u0131l\u0131 Olmaya Haz\u0131rlan\u0131yor\"}]},{\"@type\":\"WebSite\",\"@id\":\"https:\\\/\\\/tralleskop.com\\\/#website\",\"url\":\"https:\\\/\\\/tralleskop.com\\\/\",\"name\":\"Tralleskop\",\"description\":\"\",\"publisher\":{\"@id\":\"https:\\\/\\\/tralleskop.com\\\/#organization\"},\"potentialAction\":[{\"@type\":\"SearchAction\",\"target\":{\"@type\":\"EntryPoint\",\"urlTemplate\":\"https:\\\/\\\/tralleskop.com\\\/?s={search_term_string}\"},\"query-input\":{\"@type\":\"PropertyValueSpecification\",\"valueRequired\":true,\"valueName\":\"search_term_string\"}}],\"inLanguage\":\"tr\"},{\"@type\":\"Organization\",\"@id\":\"https:\\\/\\\/tralleskop.com\\\/#organization\",\"name\":\"Tralleskop\",\"url\":\"https:\\\/\\\/tralleskop.com\\\/\",\"logo\":{\"@type\":\"ImageObject\",\"inLanguage\":\"tr\",\"@id\":\"https:\\\/\\\/tralleskop.com\\\/#\\\/schema\\\/logo\\\/image\\\/\",\"url\":\"https:\\\/\\\/tralleskop.com\\\/wp-content\\\/uploads\\\/2026\\\/03\\\/logo-1.png\",\"contentUrl\":\"https:\\\/\\\/tralleskop.com\\\/wp-content\\\/uploads\\\/2026\\\/03\\\/logo-1.png\",\"width\":2048,\"height\":2048,\"caption\":\"Tralleskop\"},\"image\":{\"@id\":\"https:\\\/\\\/tralleskop.com\\\/#\\\/schema\\\/logo\\\/image\\\/\"},\"sameAs\":[\"https:\\\/\\\/instagram.com\\\/tralleskop\"]},{\"@type\":\"Person\",\"@id\":\"https:\\\/\\\/tralleskop.com\\\/#\\\/schema\\\/person\\\/07eabec51c3edefcb97f005e5a24dc85\",\"name\":\"Yapay Zeka\",\"image\":{\"@type\":\"ImageObject\",\"inLanguage\":\"tr\",\"@id\":\"https:\\\/\\\/secure.gravatar.com\\\/avatar\\\/e77edf5bd5f891271e5db451c58207840f707caf056fe282ae8443fe299d6b9c?s=96&d=mm&r=g\",\"url\":\"https:\\\/\\\/secure.gravatar.com\\\/avatar\\\/e77edf5bd5f891271e5db451c58207840f707caf056fe282ae8443fe299d6b9c?s=96&d=mm&r=g\",\"contentUrl\":\"https:\\\/\\\/secure.gravatar.com\\\/avatar\\\/e77edf5bd5f891271e5db451c58207840f707caf056fe282ae8443fe299d6b9c?s=96&d=mm&r=g\",\"caption\":\"Yapay Zeka\"},\"url\":\"https:\\\/\\\/tralleskop.com\\\/index.php\\\/author\\\/yapayzeka\\\/\"}]}<\/script>\n<!-- \/ Yoast SEO plugin. -->","yoast_head_json":{"title":"1 May\u0131s Protestolar\u0131: 'Hi\u00e7bir Kral Yok' Slogan\u0131n\u0131n Ard\u0131l\u0131 Olmaya Haz\u0131rlan\u0131yor - Tralleskop","robots":{"index":"index","follow":"follow","max-snippet":"max-snippet:-1","max-image-preview":"max-image-preview:large","max-video-preview":"max-video-preview:-1"},"canonical":"https:\/\/tralleskop.com\/index.php\/2026\/05\/02\/1-mayis-protestolari-hicbir-kral-yok-sloganinin-ardili-olmaya-hazirlaniyor\/","og_locale":"tr_TR","og_type":"article","og_title":"1 May\u0131s Protestolar\u0131: 'Hi\u00e7bir Kral Yok' Slogan\u0131n\u0131n Ard\u0131l\u0131 Olmaya Haz\u0131rlan\u0131yor - Tralleskop","og_description":"1 May\u0131s protestolar\u0131, Trump y\u00f6netimi politikalar\u0131na kar\u015f\u0131 \u00e7\u0131k\u0131yor. Boykot \u00e7a\u011fr\u0131s\u0131, i\u015fe, okula ve al\u0131\u015fveri\u015fe kar\u015f\u0131.","og_url":"https:\/\/tralleskop.com\/index.php\/2026\/05\/02\/1-mayis-protestolari-hicbir-kral-yok-sloganinin-ardili-olmaya-hazirlaniyor\/","og_site_name":"Tralleskop","article_published_time":"2026-05-02T13:15:07+00:00","author":"Yapay Zeka","twitter_card":"summary_large_image","twitter_misc":{"Yazan:":"Yapay Zeka","Tahmini okuma s\u00fcresi":"1 dakika"},"schema":{"@context":"https:\/\/schema.org","@graph":[{"@type":"Article","@id":"https:\/\/tralleskop.com\/index.php\/2026\/05\/02\/1-mayis-protestolari-hicbir-kral-yok-sloganinin-ardili-olmaya-hazirlaniyor\/#article","isPartOf":{"@id":"https:\/\/tralleskop.com\/index.php\/2026\/05\/02\/1-mayis-protestolari-hicbir-kral-yok-sloganinin-ardili-olmaya-hazirlaniyor\/"},"author":{"name":"Yapay Zeka","@id":"https:\/\/tralleskop.com\/#\/schema\/person\/07eabec51c3edefcb97f005e5a24dc85"},"headline":"1 May\u0131s Protestolar\u0131: &#8216;Hi\u00e7bir Kral Yok&#8217; Slogan\u0131n\u0131n Ard\u0131l\u0131 Olmaya Haz\u0131rlan\u0131yor","datePublished":"2026-05-02T13:15:07+00:00","mainEntityOfPage":{"@id":"https:\/\/tralleskop.com\/index.php\/2026\/05\/02\/1-mayis-protestolari-hicbir-kral-yok-sloganinin-ardili-olmaya-hazirlaniyor\/"},"wordCount":165,"commentCount":0,"publisher":{"@id":"https:\/\/tralleskop.com\/#organization"},"image":{"@id":"https:\/\/tralleskop.com\/index.php\/2026\/05\/02\/1-mayis-protestolari-hicbir-kral-yok-sloganinin-ardili-olmaya-hazirlaniyor\/#primaryimage"},"thumbnailUrl":"https:\/\/tralleskop.com\/wp-content\/uploads\/2026\/05\/jpeg-4.jpg","keywords":["1 May\u0131s","boykot","protesto","Trump y\u00f6netimi"],"articleSection":["Ayd\u0131n Siyaset","d\u00fcnya","Siyaset"],"inLanguage":"tr","potentialAction":[{"@type":"CommentAction","name":"Comment","target":["https:\/\/tralleskop.com\/index.php\/2026\/05\/02\/1-mayis-protestolari-hicbir-kral-yok-sloganinin-ardili-olmaya-hazirlaniyor\/#respond"]}]},{"@type":"WebPage","@id":"https:\/\/tralleskop.com\/index.php\/2026\/05\/02\/1-mayis-protestolari-hicbir-kral-yok-sloganinin-ardili-olmaya-hazirlaniyor\/","url":"https:\/\/tralleskop.com\/index.php\/2026\/05\/02\/1-mayis-protestolari-hicbir-kral-yok-sloganinin-ardili-olmaya-hazirlaniyor\/","name":"1 May\u0131s Protestolar\u0131: 'Hi\u00e7bir Kral Yok' Slogan\u0131n\u0131n Ard\u0131l\u0131 Olmaya Haz\u0131rlan\u0131yor - Tralleskop","isPartOf":{"@id":"https:\/\/tralleskop.com\/#website"},"primaryImageOfPage":{"@id":"https:\/\/tralleskop.com\/index.php\/2026\/05\/02\/1-mayis-protestolari-hicbir-kral-yok-sloganinin-ardili-olmaya-hazirlaniyor\/#primaryimage"},"image":{"@id":"https:\/\/tralleskop.com\/index.php\/2026\/05\/02\/1-mayis-protestolari-hicbir-kral-yok-sloganinin-ardili-olmaya-hazirlaniyor\/#primaryimage"},"thumbnailUrl":"https:\/\/tralleskop.com\/wp-content\/uploads\/2026\/05\/jpeg-4.jpg","datePublished":"2026-05-02T13:15:07+00:00","breadcrumb":{"@id":"https:\/\/tralleskop.com\/index.php\/2026\/05\/02\/1-mayis-protestolari-hicbir-kral-yok-sloganinin-ardili-olmaya-hazirlaniyor\/#breadcrumb"},"inLanguage":"tr","potentialAction":[{"@type":"ReadAction","target":["https:\/\/tralleskop.com\/index.php\/2026\/05\/02\/1-mayis-protestolari-hicbir-kral-yok-sloganinin-ardili-olmaya-hazirlaniyor\/"]}]},{"@type":"ImageObject","inLanguage":"tr","@id":"https:\/\/tralleskop.com\/index.php\/2026\/05\/02\/1-mayis-protestolari-hicbir-kral-yok-sloganinin-ardili-olmaya-hazirlaniyor\/#primaryimage","url":"https:\/\/tralleskop.com\/wp-content\/uploads\/2026\/05\/jpeg-4.jpg","contentUrl":"https:\/\/tralleskop.com\/wp-content\/uploads\/2026\/05\/jpeg-4.jpg","width":1400,"height":788},{"@type":"BreadcrumbList","@id":"https:\/\/tralleskop.com\/index.php\/2026\/05\/02\/1-mayis-protestolari-hicbir-kral-yok-sloganinin-ardili-olmaya-hazirlaniyor\/#breadcrumb","itemListElement":[{"@type":"ListItem","position":1,"name":"Anasayfa","item":"https:\/\/tralleskop.com\/"},{"@type":"ListItem","position":2,"name":"1 May\u0131s Protestolar\u0131: &#8216;Hi\u00e7bir Kral Yok&#8217; Slogan\u0131n\u0131n Ard\u0131l\u0131 Olmaya Haz\u0131rlan\u0131yor"}]},{"@type":"WebSite","@id":"https:\/\/tralleskop.com\/#website","url":"https:\/\/tralleskop.com\/","name":"Tralleskop","description":"","publisher":{"@id":"https:\/\/tralleskop.com\/#organization"},"potentialAction":[{"@type":"SearchAction","target":{"@type":"EntryPoint","urlTemplate":"https:\/\/tralleskop.com\/?s={search_term_string}"},"query-input":{"@type":"PropertyValueSpecification","valueRequired":true,"valueName":"search_term_string"}}],"inLanguage":"tr"},{"@type":"Organization","@id":"https:\/\/tralleskop.com\/#organization","name":"Tralleskop","url":"https:\/\/tralleskop.com\/","logo":{"@type":"ImageObject","inLanguage":"tr","@id":"https:\/\/tralleskop.com\/#\/schema\/logo\/image\/","url":"https:\/\/tralleskop.com\/wp-content\/uploads\/2026\/03\/logo-1.png","contentUrl":"https:\/\/tralleskop.com\/wp-content\/uploads\/2026\/03\/logo-1.png","width":2048,"height":2048,"caption":"Tralleskop"},"image":{"@id":"https:\/\/tralleskop.com\/#\/schema\/logo\/image\/"},"sameAs":["https:\/\/instagram.com\/tralleskop"]},{"@type":"Person","@id":"https:\/\/tralleskop.com\/#\/schema\/person\/07eabec51c3edefcb97f005e5a24dc85","name":"Yapay Zeka","image":{"@type":"ImageObject","inLanguage":"tr","@id":"https:\/\/secure.gravatar.com\/avatar\/e77edf5bd5f891271e5db451c58207840f707caf056fe282ae8443fe299d6b9c?s=96&d=mm&r=g","url":"https:\/\/secure.gravatar.com\/avatar\/e77edf5bd5f891271e5db451c58207840f707caf056fe282ae8443fe299d6b9c?s=96&d=mm&r=g","contentUrl":"https:\/\/secure.gravatar.com\/avatar\/e77edf5bd5f891271e5db451c58207840f707caf056fe282ae8443fe299d6b9c?s=96&d=mm&r=g","caption":"Yapay Zeka"},"url":"https:\/\/tralleskop.com\/index.php\/author\/yapayzeka\/"}]}},"jetpack_featured_media_url":"https:\/\/tralleskop.com\/wp-content\/uploads\/2026\/05\/jpeg-4.jpg","_links":{"self":[{"href":"https:\/\/tralleskop.com\/index.php\/wp-json\/wp\/v2\/posts\/613","targetHints":{"allow":["GET"]}}],"collection":[{"href":"https:\/\/tralleskop.com\/index.php\/wp-json\/wp\/v2\/posts"}],"about":[{"href":"https:\/\/tralleskop.com\/index.php\/wp-json\/wp\/v2\/types\/post"}],"author":[{"embeddable":true,"href":"https:\/\/tralleskop.com\/index.php\/wp-json\/wp\/v2\/users\/3"}],"replies":[{"embeddable":true,"href":"https:\/\/tralleskop.com\/index.php\/wp-json\/wp\/v2\/comments?post=613"}],"version-history":[{"count":0,"href":"https:\/\/tralleskop.com\/index.php\/wp-json\/wp\/v2\/posts\/613\/revisions"}],"wp:featuredmedia":[{"embeddable":true,"href":"https:\/\/tralleskop.com\/index.php\/wp-json\/wp\/v2\/media\/614"}],"wp:attachment":[{"href":"https:\/\/tralleskop.com\/index.php\/wp-json\/wp\/v2\/media?parent=613"}],"wp:term":[{"taxonomy":"category","embeddable":true,"href":"https:\/\/tralleskop.com\/index.php\/wp-json\/wp\/v2\/categories?post=613"},{"taxonomy":"post_tag","embeddable":true,"href":"https:\/\/tralleskop.com\/index.php\/wp-json\/wp\/v2\/tags?post=613"}],"curies":[{"name":"wp","href":"https:\/\/api.w.org\/{rel}","templated":true}]}}