{"id":609,"date":"2026-05-02T15:45:07","date_gmt":"2026-05-02T12:45:07","guid":{"rendered":"https:\/\/tralleskop.com\/index.php\/2026\/05\/02\/trump-sanchez-ve-meloniye-abd-askerlerini-geri-cekecegi-tehdidinde-bulundu\/"},"modified":"2026-05-02T15:45:07","modified_gmt":"2026-05-02T12:45:07","slug":"trump-sanchez-ve-meloniye-abd-askerlerini-geri-cekecegi-tehdidinde-bulundu","status":"publish","type":"post","link":"https:\/\/tralleskop.com\/index.php\/2026\/05\/02\/trump-sanchez-ve-meloniye-abd-askerlerini-geri-cekecegi-tehdidinde-bulundu\/","title":{"rendered":"Trump, S\u00e1nchez ve Meloni&#8217;ye ABD Askerlerini Geri \u00c7ekece\u011fi tehdidinde bulundu"},"content":{"rendered":"<h1>Trump, S\u00e1nchez ve Meloni&#8217;ye ABD Askerlerini Geri \u00c7ekece\u011fi tehdidinde bulundu<\/h1>\n<p>ABD&#8217;nin eski Ba\u015fkan\u0131 **Donald Trump**, \u0130spanya&#8217;n\u0131n Ba\u015fbakan\u0131 **Pedro S\u00e1nchez** ve \u0130talya&#8217;n\u0131n Ba\u015fbakan\u0131 **Giorgia Meloni**&#8217;ye y\u00f6nelik olarak ABD askerlerini geri \u00e7ekece\u011fi tehdidinde bulundu.<\/p>\n<h2>Geli\u015fmeler<\/h2>\n<p>Bu tehditler, **Almanya&#8217;n\u0131n \u015eans\u00f6lyesi Friedrich Merz**&#8217;e y\u00f6nelik \u00f6nceki hafta yap\u0131lan benzer tehditlerin ard\u0131ndan geliyor.<\/p>\n<h3>S\u0131radaki Ad\u0131mlar<\/h3>\n<p>Trump&#8217;\u0131n bu s\u00f6zleri, **Avrupa&#8217;daki ABD askeri varl\u0131\u011f\u0131** hakk\u0131nda \u00f6nemli soru i\u015faretleri olu\u015fturuyor. <b>ABD&#8217;nin askeri varl\u0131\u011f\u0131<\/b>, Avrupa g\u00fcvenli\u011fi i\u00e7in kritik \u00f6neme sahip.<\/p>\n<h2>Analiz<\/h2>\n<p>Bu geli\u015fmeler, <b>Avrupa-ABD ili\u015fkileri<\/b> ve <b>Avrupa g\u00fcvenli\u011fi<\/b> \u00fczerindeki potansiyel etkilerini de\u011ferlendirme gerektiriyor. <b>Trump&#8217;\u0131n tehditleri<\/b>, Avrupa&#8217;n\u0131n <b>g\u00fcneydo\u011fu s\u0131n\u0131r\u0131n\u0131n<\/b> g\u00fcvenli\u011fi a\u00e7\u0131s\u0131ndan da endi\u015fe yaratabilir.<\/p>\n","protected":false},"excerpt":{"rendered":"<p>ABD&#8217;nin eski Ba\u015fkan\u0131 Donald Trump, \u0130spanya ve \u0130talya&#8217;n\u0131n ba\u015fbakanlar\u0131na y\u00f6nelik olarak ABD askerlerini geri \u00e7ekece\u011fi tehdidinde bulundu.<\/p>\n","protected":false},"author":3,"featured_media":610,"comment_status":"open","ping_status":"open","sticky":false,"template":"","format":"standard","meta":{"googlesitekit_rrm_CAow15e3DA:productID":"","_coblocks_attr":"","_coblocks_dimensions":"","_coblocks_responsive_height":"","_coblocks_accordion_ie_support":"","_ai_summary":"","_external_image_url":"https:\/\/www.politico.eu\/cdn-cgi\/image\/width=1200,height=630,fit=crop,quality=80,onerror=redirect\/wp-content\/uploads\/2026\/05\/01\/GettyImages-2273916502.jpg","footnotes":""},"categories":[50,5,26],"tags":[342,346,345,344,343,118],"class_list":["post-609","post","type-post","status-publish","format-standard","has-post-thumbnail","hentry","category-aydin-siyaset","category-dunya","category-siyaset","tag-abd-askerleri","tag-avrupa-guvenligi","tag-friedrich-merz","tag-meloni","tag-sanchez","tag-trump"],"yoast_head":"<!-- This site is optimized with the Yoast SEO plugin v27.5 - https:\/\/yoast.com\/product\/yoast-seo-wordpress\/ -->\n<title>Trump, S\u00e1nchez ve Meloni&#039;ye ABD Askerlerini Geri \u00c7ekece\u011fi tehdidinde bulundu - Tralleskop<\/title>\n<meta name=\"robots\" content=\"index, follow, max-snippet:-1, max-image-preview:large, max-video-preview:-1\" \/>\n<link rel=\"canonical\" href=\"https:\/\/tralleskop.com\/index.php\/2026\/05\/02\/trump-sanchez-ve-meloniye-abd-askerlerini-geri-cekecegi-tehdidinde-bulundu\/\" \/>\n<meta property=\"og:locale\" content=\"tr_TR\" \/>\n<meta property=\"og:type\" content=\"article\" \/>\n<meta property=\"og:title\" content=\"Trump, S\u00e1nchez ve Meloni&#039;ye ABD Askerlerini Geri \u00c7ekece\u011fi tehdidinde bulundu - Tralleskop\" \/>\n<meta property=\"og:description\" content=\"ABD&#039;nin eski Ba\u015fkan\u0131 Donald Trump, \u0130spanya ve \u0130talya&#039;n\u0131n ba\u015fbakanlar\u0131na y\u00f6nelik olarak ABD askerlerini geri \u00e7ekece\u011fi tehdidinde bulundu.\" \/>\n<meta property=\"og:url\" content=\"https:\/\/tralleskop.com\/index.php\/2026\/05\/02\/trump-sanchez-ve-meloniye-abd-askerlerini-geri-cekecegi-tehdidinde-bulundu\/\" \/>\n<meta property=\"og:site_name\" content=\"Tralleskop\" \/>\n<meta property=\"article:published_time\" content=\"2026-05-02T12:45:07+00:00\" \/>\n<meta name=\"author\" content=\"Yapay Zeka\" \/>\n<meta name=\"twitter:card\" content=\"summary_large_image\" \/>\n<meta name=\"twitter:label1\" content=\"Yazan:\" \/>\n\t<meta name=\"twitter:data1\" content=\"Yapay Zeka\" \/>\n\t<meta name=\"twitter:label2\" content=\"Tahmini okuma s\u00fcresi\" \/>\n\t<meta name=\"twitter:data2\" content=\"1 dakika\" \/>\n<script type=\"application\/ld+json\" class=\"yoast-schema-graph\">{\"@context\":\"https:\\\/\\\/schema.org\",\"@graph\":[{\"@type\":\"Article\",\"@id\":\"https:\\\/\\\/tralleskop.com\\\/index.php\\\/2026\\\/05\\\/02\\\/trump-sanchez-ve-meloniye-abd-askerlerini-geri-cekecegi-tehdidinde-bulundu\\\/#article\",\"isPartOf\":{\"@id\":\"https:\\\/\\\/tralleskop.com\\\/index.php\\\/2026\\\/05\\\/02\\\/trump-sanchez-ve-meloniye-abd-askerlerini-geri-cekecegi-tehdidinde-bulundu\\\/\"},\"author\":{\"name\":\"Yapay Zeka\",\"@id\":\"https:\\\/\\\/tralleskop.com\\\/#\\\/schema\\\/person\\\/07eabec51c3edefcb97f005e5a24dc85\"},\"headline\":\"Trump, S\u00e1nchez ve Meloni&#8217;ye ABD Askerlerini Geri \u00c7ekece\u011fi tehdidinde bulundu\",\"datePublished\":\"2026-05-02T12:45:07+00:00\",\"mainEntityOfPage\":{\"@id\":\"https:\\\/\\\/tralleskop.com\\\/index.php\\\/2026\\\/05\\\/02\\\/trump-sanchez-ve-meloniye-abd-askerlerini-geri-cekecegi-tehdidinde-bulundu\\\/\"},\"wordCount\":160,\"commentCount\":0,\"publisher\":{\"@id\":\"https:\\\/\\\/tralleskop.com\\\/#organization\"},\"image\":{\"@id\":\"https:\\\/\\\/tralleskop.com\\\/index.php\\\/2026\\\/05\\\/02\\\/trump-sanchez-ve-meloniye-abd-askerlerini-geri-cekecegi-tehdidinde-bulundu\\\/#primaryimage\"},\"thumbnailUrl\":\"https:\\\/\\\/tralleskop.com\\\/wp-content\\\/uploads\\\/2026\\\/05\\\/GettyImages-2273916502.jpg.jpg\",\"keywords\":[\"ABD askerleri\",\"Avrupa g\u00fcvenli\u011fi\",\"Friedrich Merz\",\"Meloni\",\"S\u00e1nchez\",\"Trump\"],\"articleSection\":[\"Ayd\u0131n Siyaset\",\"d\u00fcnya\",\"Siyaset\"],\"inLanguage\":\"tr\",\"potentialAction\":[{\"@type\":\"CommentAction\",\"name\":\"Comment\",\"target\":[\"https:\\\/\\\/tralleskop.com\\\/index.php\\\/2026\\\/05\\\/02\\\/trump-sanchez-ve-meloniye-abd-askerlerini-geri-cekecegi-tehdidinde-bulundu\\\/#respond\"]}]},{\"@type\":\"WebPage\",\"@id\":\"https:\\\/\\\/tralleskop.com\\\/index.php\\\/2026\\\/05\\\/02\\\/trump-sanchez-ve-meloniye-abd-askerlerini-geri-cekecegi-tehdidinde-bulundu\\\/\",\"url\":\"https:\\\/\\\/tralleskop.com\\\/index.php\\\/2026\\\/05\\\/02\\\/trump-sanchez-ve-meloniye-abd-askerlerini-geri-cekecegi-tehdidinde-bulundu\\\/\",\"name\":\"Trump, S\u00e1nchez ve Meloni'ye ABD Askerlerini Geri \u00c7ekece\u011fi tehdidinde bulundu - Tralleskop\",\"isPartOf\":{\"@id\":\"https:\\\/\\\/tralleskop.com\\\/#website\"},\"primaryImageOfPage\":{\"@id\":\"https:\\\/\\\/tralleskop.com\\\/index.php\\\/2026\\\/05\\\/02\\\/trump-sanchez-ve-meloniye-abd-askerlerini-geri-cekecegi-tehdidinde-bulundu\\\/#primaryimage\"},\"image\":{\"@id\":\"https:\\\/\\\/tralleskop.com\\\/index.php\\\/2026\\\/05\\\/02\\\/trump-sanchez-ve-meloniye-abd-askerlerini-geri-cekecegi-tehdidinde-bulundu\\\/#primaryimage\"},\"thumbnailUrl\":\"https:\\\/\\\/tralleskop.com\\\/wp-content\\\/uploads\\\/2026\\\/05\\\/GettyImages-2273916502.jpg.jpg\",\"datePublished\":\"2026-05-02T12:45:07+00:00\",\"breadcrumb\":{\"@id\":\"https:\\\/\\\/tralleskop.com\\\/index.php\\\/2026\\\/05\\\/02\\\/trump-sanchez-ve-meloniye-abd-askerlerini-geri-cekecegi-tehdidinde-bulundu\\\/#breadcrumb\"},\"inLanguage\":\"tr\",\"potentialAction\":[{\"@type\":\"ReadAction\",\"target\":[\"https:\\\/\\\/tralleskop.com\\\/index.php\\\/2026\\\/05\\\/02\\\/trump-sanchez-ve-meloniye-abd-askerlerini-geri-cekecegi-tehdidinde-bulundu\\\/\"]}]},{\"@type\":\"ImageObject\",\"inLanguage\":\"tr\",\"@id\":\"https:\\\/\\\/tralleskop.com\\\/index.php\\\/2026\\\/05\\\/02\\\/trump-sanchez-ve-meloniye-abd-askerlerini-geri-cekecegi-tehdidinde-bulundu\\\/#primaryimage\",\"url\":\"https:\\\/\\\/tralleskop.com\\\/wp-content\\\/uploads\\\/2026\\\/05\\\/GettyImages-2273916502.jpg.jpg\",\"contentUrl\":\"https:\\\/\\\/tralleskop.com\\\/wp-content\\\/uploads\\\/2026\\\/05\\\/GettyImages-2273916502.jpg.jpg\",\"width\":1200,\"height\":630},{\"@type\":\"BreadcrumbList\",\"@id\":\"https:\\\/\\\/tralleskop.com\\\/index.php\\\/2026\\\/05\\\/02\\\/trump-sanchez-ve-meloniye-abd-askerlerini-geri-cekecegi-tehdidinde-bulundu\\\/#breadcrumb\",\"itemListElement\":[{\"@type\":\"ListItem\",\"position\":1,\"name\":\"Anasayfa\",\"item\":\"https:\\\/\\\/tralleskop.com\\\/\"},{\"@type\":\"ListItem\",\"position\":2,\"name\":\"Trump, S\u00e1nchez ve Meloni&#8217;ye ABD Askerlerini Geri \u00c7ekece\u011fi tehdidinde bulundu\"}]},{\"@type\":\"WebSite\",\"@id\":\"https:\\\/\\\/tralleskop.com\\\/#website\",\"url\":\"https:\\\/\\\/tralleskop.com\\\/\",\"name\":\"Tralleskop\",\"description\":\"\",\"publisher\":{\"@id\":\"https:\\\/\\\/tralleskop.com\\\/#organization\"},\"potentialAction\":[{\"@type\":\"SearchAction\",\"target\":{\"@type\":\"EntryPoint\",\"urlTemplate\":\"https:\\\/\\\/tralleskop.com\\\/?s={search_term_string}\"},\"query-input\":{\"@type\":\"PropertyValueSpecification\",\"valueRequired\":true,\"valueName\":\"search_term_string\"}}],\"inLanguage\":\"tr\"},{\"@type\":\"Organization\",\"@id\":\"https:\\\/\\\/tralleskop.com\\\/#organization\",\"name\":\"Tralleskop\",\"url\":\"https:\\\/\\\/tralleskop.com\\\/\",\"logo\":{\"@type\":\"ImageObject\",\"inLanguage\":\"tr\",\"@id\":\"https:\\\/\\\/tralleskop.com\\\/#\\\/schema\\\/logo\\\/image\\\/\",\"url\":\"https:\\\/\\\/tralleskop.com\\\/wp-content\\\/uploads\\\/2026\\\/03\\\/logo-1.png\",\"contentUrl\":\"https:\\\/\\\/tralleskop.com\\\/wp-content\\\/uploads\\\/2026\\\/03\\\/logo-1.png\",\"width\":2048,\"height\":2048,\"caption\":\"Tralleskop\"},\"image\":{\"@id\":\"https:\\\/\\\/tralleskop.com\\\/#\\\/schema\\\/logo\\\/image\\\/\"},\"sameAs\":[\"https:\\\/\\\/instagram.com\\\/tralleskop\"]},{\"@type\":\"Person\",\"@id\":\"https:\\\/\\\/tralleskop.com\\\/#\\\/schema\\\/person\\\/07eabec51c3edefcb97f005e5a24dc85\",\"name\":\"Yapay Zeka\",\"image\":{\"@type\":\"ImageObject\",\"inLanguage\":\"tr\",\"@id\":\"https:\\\/\\\/secure.gravatar.com\\\/avatar\\\/e77edf5bd5f891271e5db451c58207840f707caf056fe282ae8443fe299d6b9c?s=96&d=mm&r=g\",\"url\":\"https:\\\/\\\/secure.gravatar.com\\\/avatar\\\/e77edf5bd5f891271e5db451c58207840f707caf056fe282ae8443fe299d6b9c?s=96&d=mm&r=g\",\"contentUrl\":\"https:\\\/\\\/secure.gravatar.com\\\/avatar\\\/e77edf5bd5f891271e5db451c58207840f707caf056fe282ae8443fe299d6b9c?s=96&d=mm&r=g\",\"caption\":\"Yapay Zeka\"},\"url\":\"https:\\\/\\\/tralleskop.com\\\/index.php\\\/author\\\/yapayzeka\\\/\"}]}<\/script>\n<!-- \/ Yoast SEO plugin. -->","yoast_head_json":{"title":"Trump, S\u00e1nchez ve Meloni'ye ABD Askerlerini Geri \u00c7ekece\u011fi tehdidinde bulundu - Tralleskop","robots":{"index":"index","follow":"follow","max-snippet":"max-snippet:-1","max-image-preview":"max-image-preview:large","max-video-preview":"max-video-preview:-1"},"canonical":"https:\/\/tralleskop.com\/index.php\/2026\/05\/02\/trump-sanchez-ve-meloniye-abd-askerlerini-geri-cekecegi-tehdidinde-bulundu\/","og_locale":"tr_TR","og_type":"article","og_title":"Trump, S\u00e1nchez ve Meloni'ye ABD Askerlerini Geri \u00c7ekece\u011fi tehdidinde bulundu - Tralleskop","og_description":"ABD'nin eski Ba\u015fkan\u0131 Donald Trump, \u0130spanya ve \u0130talya'n\u0131n ba\u015fbakanlar\u0131na y\u00f6nelik olarak ABD askerlerini geri \u00e7ekece\u011fi tehdidinde bulundu.","og_url":"https:\/\/tralleskop.com\/index.php\/2026\/05\/02\/trump-sanchez-ve-meloniye-abd-askerlerini-geri-cekecegi-tehdidinde-bulundu\/","og_site_name":"Tralleskop","article_published_time":"2026-05-02T12:45:07+00:00","author":"Yapay Zeka","twitter_card":"summary_large_image","twitter_misc":{"Yazan:":"Yapay Zeka","Tahmini okuma s\u00fcresi":"1 dakika"},"schema":{"@context":"https:\/\/schema.org","@graph":[{"@type":"Article","@id":"https:\/\/tralleskop.com\/index.php\/2026\/05\/02\/trump-sanchez-ve-meloniye-abd-askerlerini-geri-cekecegi-tehdidinde-bulundu\/#article","isPartOf":{"@id":"https:\/\/tralleskop.com\/index.php\/2026\/05\/02\/trump-sanchez-ve-meloniye-abd-askerlerini-geri-cekecegi-tehdidinde-bulundu\/"},"author":{"name":"Yapay Zeka","@id":"https:\/\/tralleskop.com\/#\/schema\/person\/07eabec51c3edefcb97f005e5a24dc85"},"headline":"Trump, S\u00e1nchez ve Meloni&#8217;ye ABD Askerlerini Geri \u00c7ekece\u011fi tehdidinde bulundu","datePublished":"2026-05-02T12:45:07+00:00","mainEntityOfPage":{"@id":"https:\/\/tralleskop.com\/index.php\/2026\/05\/02\/trump-sanchez-ve-meloniye-abd-askerlerini-geri-cekecegi-tehdidinde-bulundu\/"},"wordCount":160,"commentCount":0,"publisher":{"@id":"https:\/\/tralleskop.com\/#organization"},"image":{"@id":"https:\/\/tralleskop.com\/index.php\/2026\/05\/02\/trump-sanchez-ve-meloniye-abd-askerlerini-geri-cekecegi-tehdidinde-bulundu\/#primaryimage"},"thumbnailUrl":"https:\/\/tralleskop.com\/wp-content\/uploads\/2026\/05\/GettyImages-2273916502.jpg.jpg","keywords":["ABD askerleri","Avrupa g\u00fcvenli\u011fi","Friedrich Merz","Meloni","S\u00e1nchez","Trump"],"articleSection":["Ayd\u0131n Siyaset","d\u00fcnya","Siyaset"],"inLanguage":"tr","potentialAction":[{"@type":"CommentAction","name":"Comment","target":["https:\/\/tralleskop.com\/index.php\/2026\/05\/02\/trump-sanchez-ve-meloniye-abd-askerlerini-geri-cekecegi-tehdidinde-bulundu\/#respond"]}]},{"@type":"WebPage","@id":"https:\/\/tralleskop.com\/index.php\/2026\/05\/02\/trump-sanchez-ve-meloniye-abd-askerlerini-geri-cekecegi-tehdidinde-bulundu\/","url":"https:\/\/tralleskop.com\/index.php\/2026\/05\/02\/trump-sanchez-ve-meloniye-abd-askerlerini-geri-cekecegi-tehdidinde-bulundu\/","name":"Trump, S\u00e1nchez ve Meloni'ye ABD Askerlerini Geri \u00c7ekece\u011fi tehdidinde bulundu - Tralleskop","isPartOf":{"@id":"https:\/\/tralleskop.com\/#website"},"primaryImageOfPage":{"@id":"https:\/\/tralleskop.com\/index.php\/2026\/05\/02\/trump-sanchez-ve-meloniye-abd-askerlerini-geri-cekecegi-tehdidinde-bulundu\/#primaryimage"},"image":{"@id":"https:\/\/tralleskop.com\/index.php\/2026\/05\/02\/trump-sanchez-ve-meloniye-abd-askerlerini-geri-cekecegi-tehdidinde-bulundu\/#primaryimage"},"thumbnailUrl":"https:\/\/tralleskop.com\/wp-content\/uploads\/2026\/05\/GettyImages-2273916502.jpg.jpg","datePublished":"2026-05-02T12:45:07+00:00","breadcrumb":{"@id":"https:\/\/tralleskop.com\/index.php\/2026\/05\/02\/trump-sanchez-ve-meloniye-abd-askerlerini-geri-cekecegi-tehdidinde-bulundu\/#breadcrumb"},"inLanguage":"tr","potentialAction":[{"@type":"ReadAction","target":["https:\/\/tralleskop.com\/index.php\/2026\/05\/02\/trump-sanchez-ve-meloniye-abd-askerlerini-geri-cekecegi-tehdidinde-bulundu\/"]}]},{"@type":"ImageObject","inLanguage":"tr","@id":"https:\/\/tralleskop.com\/index.php\/2026\/05\/02\/trump-sanchez-ve-meloniye-abd-askerlerini-geri-cekecegi-tehdidinde-bulundu\/#primaryimage","url":"https:\/\/tralleskop.com\/wp-content\/uploads\/2026\/05\/GettyImages-2273916502.jpg.jpg","contentUrl":"https:\/\/tralleskop.com\/wp-content\/uploads\/2026\/05\/GettyImages-2273916502.jpg.jpg","width":1200,"height":630},{"@type":"BreadcrumbList","@id":"https:\/\/tralleskop.com\/index.php\/2026\/05\/02\/trump-sanchez-ve-meloniye-abd-askerlerini-geri-cekecegi-tehdidinde-bulundu\/#breadcrumb","itemListElement":[{"@type":"ListItem","position":1,"name":"Anasayfa","item":"https:\/\/tralleskop.com\/"},{"@type":"ListItem","position":2,"name":"Trump, S\u00e1nchez ve Meloni&#8217;ye ABD Askerlerini Geri \u00c7ekece\u011fi tehdidinde bulundu"}]},{"@type":"WebSite","@id":"https:\/\/tralleskop.com\/#website","url":"https:\/\/tralleskop.com\/","name":"Tralleskop","description":"","publisher":{"@id":"https:\/\/tralleskop.com\/#organization"},"potentialAction":[{"@type":"SearchAction","target":{"@type":"EntryPoint","urlTemplate":"https:\/\/tralleskop.com\/?s={search_term_string}"},"query-input":{"@type":"PropertyValueSpecification","valueRequired":true,"valueName":"search_term_string"}}],"inLanguage":"tr"},{"@type":"Organization","@id":"https:\/\/tralleskop.com\/#organization","name":"Tralleskop","url":"https:\/\/tralleskop.com\/","logo":{"@type":"ImageObject","inLanguage":"tr","@id":"https:\/\/tralleskop.com\/#\/schema\/logo\/image\/","url":"https:\/\/tralleskop.com\/wp-content\/uploads\/2026\/03\/logo-1.png","contentUrl":"https:\/\/tralleskop.com\/wp-content\/uploads\/2026\/03\/logo-1.png","width":2048,"height":2048,"caption":"Tralleskop"},"image":{"@id":"https:\/\/tralleskop.com\/#\/schema\/logo\/image\/"},"sameAs":["https:\/\/instagram.com\/tralleskop"]},{"@type":"Person","@id":"https:\/\/tralleskop.com\/#\/schema\/person\/07eabec51c3edefcb97f005e5a24dc85","name":"Yapay Zeka","image":{"@type":"ImageObject","inLanguage":"tr","@id":"https:\/\/secure.gravatar.com\/avatar\/e77edf5bd5f891271e5db451c58207840f707caf056fe282ae8443fe299d6b9c?s=96&d=mm&r=g","url":"https:\/\/secure.gravatar.com\/avatar\/e77edf5bd5f891271e5db451c58207840f707caf056fe282ae8443fe299d6b9c?s=96&d=mm&r=g","contentUrl":"https:\/\/secure.gravatar.com\/avatar\/e77edf5bd5f891271e5db451c58207840f707caf056fe282ae8443fe299d6b9c?s=96&d=mm&r=g","caption":"Yapay Zeka"},"url":"https:\/\/tralleskop.com\/index.php\/author\/yapayzeka\/"}]}},"jetpack_featured_media_url":"https:\/\/tralleskop.com\/wp-content\/uploads\/2026\/05\/GettyImages-2273916502.jpg.jpg","_links":{"self":[{"href":"https:\/\/tralleskop.com\/index.php\/wp-json\/wp\/v2\/posts\/609","targetHints":{"allow":["GET"]}}],"collection":[{"href":"https:\/\/tralleskop.com\/index.php\/wp-json\/wp\/v2\/posts"}],"about":[{"href":"https:\/\/tralleskop.com\/index.php\/wp-json\/wp\/v2\/types\/post"}],"author":[{"embeddable":true,"href":"https:\/\/tralleskop.com\/index.php\/wp-json\/wp\/v2\/users\/3"}],"replies":[{"embeddable":true,"href":"https:\/\/tralleskop.com\/index.php\/wp-json\/wp\/v2\/comments?post=609"}],"version-history":[{"count":0,"href":"https:\/\/tralleskop.com\/index.php\/wp-json\/wp\/v2\/posts\/609\/revisions"}],"wp:featuredmedia":[{"embeddable":true,"href":"https:\/\/tralleskop.com\/index.php\/wp-json\/wp\/v2\/media\/610"}],"wp:attachment":[{"href":"https:\/\/tralleskop.com\/index.php\/wp-json\/wp\/v2\/media?parent=609"}],"wp:term":[{"taxonomy":"category","embeddable":true,"href":"https:\/\/tralleskop.com\/index.php\/wp-json\/wp\/v2\/categories?post=609"},{"taxonomy":"post_tag","embeddable":true,"href":"https:\/\/tralleskop.com\/index.php\/wp-json\/wp\/v2\/tags?post=609"}],"curies":[{"name":"wp","href":"https:\/\/api.w.org\/{rel}","templated":true}]}}