{"id":599,"date":"2026-05-02T14:15:07","date_gmt":"2026-05-02T11:15:07","guid":{"rendered":"https:\/\/tralleskop.com\/index.php\/2026\/05\/02\/abcnin-tv-lisanslarinin-fcc-tarafindan-iptal-edilmesi-mumkun-mu\/"},"modified":"2026-05-02T14:15:07","modified_gmt":"2026-05-02T11:15:07","slug":"abcnin-tv-lisanslarinin-fcc-tarafindan-iptal-edilmesi-mumkun-mu","status":"publish","type":"post","link":"https:\/\/tralleskop.com\/index.php\/2026\/05\/02\/abcnin-tv-lisanslarinin-fcc-tarafindan-iptal-edilmesi-mumkun-mu\/","title":{"rendered":"ABC&#8217;nin TV Lisanslar\u0131n\u0131n FCC Taraf\u0131ndan \u0130ptal Edilmesi M\u00fcmk\u00fcn m\u00fc?"},"content":{"rendered":"<h1>ABC&#8217;nin TV Lisanslar\u0131n\u0131n FCC Taraf\u0131ndan \u0130ptal Edilmesi M\u00fcmk\u00fcn m\u00fc?<\/h1>\n<p>FCC, federal telecom d\u00fczenleyici kurum olarak, yay\u0131nc\u0131l\u0131k lisanslar\u0131n\u0131 iptal etme yetkisine sahiptir. Ancak hukuk\u00e7ular, FCC&#8217;nin ABC&#8217;yi karadan \u00e7\u0131karmak i\u00e7in zor bir yol izleyece\u011fini belirtiyorlar.<\/p>\n<h2><b>FCC&#8217;nin Yetkileri<\/b><\/h2>\n<p>FCC, federal yasalar \u00e7er\u00e7evesinde yay\u0131nc\u0131l\u0131k lisanslar\u0131n\u0131 vermek ve iptal etmekle g\u00f6revlidir. Ancak bu yetki, belirli ko\u015fullar alt\u0131nda kullan\u0131labilmektedir.<\/p>\n<h3><b>\u0130ptal Ko\u015fullar\u0131<\/b><\/h3>\n<p>\u0130ptal ko\u015fullar\u0131, lisans sahibinin kamu menfaatine hizmet etmemesi veya federal yasalara uymamas\u0131 durumlar\u0131nda olu\u015fmaktad\u0131r. Ancak bu ko\u015fullar, Trump ile Kimmel aras\u0131ndaki tart\u0131\u015fma ba\u011flam\u0131nda pek de ge\u00e7erli g\u00f6r\u00fcnmemektedir.<\/p>\n<h2><b>Analiz<\/b><\/h2>\n<p>Trump&#8217;\u0131n Kimmel ile olan tart\u0131\u015fmas\u0131, ABC&#8217;nin TV lisanslar\u0131n\u0131n iptal edilmesine yol a\u00e7abilir mi? Hukuk\u00e7ular, bu ihtimalin d\u00fc\u015f\u00fck oldu\u011funu d\u00fc\u015f\u00fcn\u00fcyor. Zira FCC&#8217;nin, lisans iptaline gerek\u00e7e olarak g\u00f6stermesi gereken somut deliller bulunmuyor.<\/p>\n","protected":false},"excerpt":{"rendered":"<p>Trump ile Kimmel aras\u0131ndaki tart\u0131\u015fma, ABC&#8217;nin TV lisanslar\u0131n\u0131n iptal edilmesine yol a\u00e7abilir mi? Hukuk\u00e7ular, bu ihtimalin d\u00fc\u015f\u00fck oldu\u011funu d\u00fc\u015f\u00fcn\u00fcyor.<\/p>\n","protected":false},"author":3,"featured_media":600,"comment_status":"open","ping_status":"open","sticky":false,"template":"","format":"standard","meta":{"googlesitekit_rrm_CAow15e3DA:productID":"","_coblocks_attr":"","_coblocks_dimensions":"","_coblocks_responsive_height":"","_coblocks_accordion_ie_support":"","_ai_summary":"","_external_image_url":"https:\/\/assets2.cbsnewsstatic.com\/hub\/i\/r\/2024\/12\/15\/f56f4981-eeaf-458a-9437-bacdd7805f84\/thumbnail\/1200x630\/95dbd254c460b6246461481a5f6aa552\/abc.jpg","footnotes":""},"categories":[50,26,21],"tags":[322,321,324,118,323,325],"class_list":["post-599","post","type-post","status-publish","format-standard","has-post-thumbnail","hentry","category-aydin-siyaset","category-siyaset","category-teknoloji","tag-abc","tag-fcc","tag-kimmel","tag-trump","tag-tv-lisansi","tag-yayincilik"],"yoast_head":"<!-- This site is optimized with the Yoast SEO plugin v27.5 - https:\/\/yoast.com\/product\/yoast-seo-wordpress\/ -->\n<title>ABC&#039;nin TV Lisanslar\u0131n\u0131n FCC Taraf\u0131ndan \u0130ptal Edilmesi M\u00fcmk\u00fcn m\u00fc? - Tralleskop<\/title>\n<meta name=\"robots\" content=\"index, follow, max-snippet:-1, max-image-preview:large, max-video-preview:-1\" \/>\n<link rel=\"canonical\" href=\"https:\/\/tralleskop.com\/index.php\/2026\/05\/02\/abcnin-tv-lisanslarinin-fcc-tarafindan-iptal-edilmesi-mumkun-mu\/\" \/>\n<meta property=\"og:locale\" content=\"tr_TR\" \/>\n<meta property=\"og:type\" content=\"article\" \/>\n<meta property=\"og:title\" content=\"ABC&#039;nin TV Lisanslar\u0131n\u0131n FCC Taraf\u0131ndan \u0130ptal Edilmesi M\u00fcmk\u00fcn m\u00fc? - Tralleskop\" \/>\n<meta property=\"og:description\" content=\"Trump ile Kimmel aras\u0131ndaki tart\u0131\u015fma, ABC&#039;nin TV lisanslar\u0131n\u0131n iptal edilmesine yol a\u00e7abilir mi? Hukuk\u00e7ular, bu ihtimalin d\u00fc\u015f\u00fck oldu\u011funu d\u00fc\u015f\u00fcn\u00fcyor.\" \/>\n<meta property=\"og:url\" content=\"https:\/\/tralleskop.com\/index.php\/2026\/05\/02\/abcnin-tv-lisanslarinin-fcc-tarafindan-iptal-edilmesi-mumkun-mu\/\" \/>\n<meta property=\"og:site_name\" content=\"Tralleskop\" \/>\n<meta property=\"article:published_time\" content=\"2026-05-02T11:15:07+00:00\" \/>\n<meta name=\"author\" content=\"Yapay Zeka\" \/>\n<meta name=\"twitter:card\" content=\"summary_large_image\" \/>\n<meta name=\"twitter:label1\" content=\"Yazan:\" \/>\n\t<meta name=\"twitter:data1\" content=\"Yapay Zeka\" \/>\n\t<meta name=\"twitter:label2\" content=\"Tahmini okuma s\u00fcresi\" \/>\n\t<meta name=\"twitter:data2\" content=\"1 dakika\" \/>\n<script type=\"application\/ld+json\" class=\"yoast-schema-graph\">{\"@context\":\"https:\\\/\\\/schema.org\",\"@graph\":[{\"@type\":\"Article\",\"@id\":\"https:\\\/\\\/tralleskop.com\\\/index.php\\\/2026\\\/05\\\/02\\\/abcnin-tv-lisanslarinin-fcc-tarafindan-iptal-edilmesi-mumkun-mu\\\/#article\",\"isPartOf\":{\"@id\":\"https:\\\/\\\/tralleskop.com\\\/index.php\\\/2026\\\/05\\\/02\\\/abcnin-tv-lisanslarinin-fcc-tarafindan-iptal-edilmesi-mumkun-mu\\\/\"},\"author\":{\"name\":\"Yapay Zeka\",\"@id\":\"https:\\\/\\\/tralleskop.com\\\/#\\\/schema\\\/person\\\/07eabec51c3edefcb97f005e5a24dc85\"},\"headline\":\"ABC&#8217;nin TV Lisanslar\u0131n\u0131n FCC Taraf\u0131ndan \u0130ptal Edilmesi M\u00fcmk\u00fcn m\u00fc?\",\"datePublished\":\"2026-05-02T11:15:07+00:00\",\"mainEntityOfPage\":{\"@id\":\"https:\\\/\\\/tralleskop.com\\\/index.php\\\/2026\\\/05\\\/02\\\/abcnin-tv-lisanslarinin-fcc-tarafindan-iptal-edilmesi-mumkun-mu\\\/\"},\"wordCount\":181,\"commentCount\":0,\"publisher\":{\"@id\":\"https:\\\/\\\/tralleskop.com\\\/#organization\"},\"image\":{\"@id\":\"https:\\\/\\\/tralleskop.com\\\/index.php\\\/2026\\\/05\\\/02\\\/abcnin-tv-lisanslarinin-fcc-tarafindan-iptal-edilmesi-mumkun-mu\\\/#primaryimage\"},\"thumbnailUrl\":\"https:\\\/\\\/tralleskop.com\\\/wp-content\\\/uploads\\\/2026\\\/05\\\/abc.jpg.jpg\",\"keywords\":[\"ABC\",\"FCC\",\"Kimmel\",\"Trump\",\"TV Lisans\u0131\",\"Yay\u0131nc\u0131l\u0131k\"],\"articleSection\":[\"Ayd\u0131n Siyaset\",\"Siyaset\",\"Teknoloji\"],\"inLanguage\":\"tr\",\"potentialAction\":[{\"@type\":\"CommentAction\",\"name\":\"Comment\",\"target\":[\"https:\\\/\\\/tralleskop.com\\\/index.php\\\/2026\\\/05\\\/02\\\/abcnin-tv-lisanslarinin-fcc-tarafindan-iptal-edilmesi-mumkun-mu\\\/#respond\"]}]},{\"@type\":\"WebPage\",\"@id\":\"https:\\\/\\\/tralleskop.com\\\/index.php\\\/2026\\\/05\\\/02\\\/abcnin-tv-lisanslarinin-fcc-tarafindan-iptal-edilmesi-mumkun-mu\\\/\",\"url\":\"https:\\\/\\\/tralleskop.com\\\/index.php\\\/2026\\\/05\\\/02\\\/abcnin-tv-lisanslarinin-fcc-tarafindan-iptal-edilmesi-mumkun-mu\\\/\",\"name\":\"ABC'nin TV Lisanslar\u0131n\u0131n FCC Taraf\u0131ndan \u0130ptal Edilmesi M\u00fcmk\u00fcn m\u00fc? - Tralleskop\",\"isPartOf\":{\"@id\":\"https:\\\/\\\/tralleskop.com\\\/#website\"},\"primaryImageOfPage\":{\"@id\":\"https:\\\/\\\/tralleskop.com\\\/index.php\\\/2026\\\/05\\\/02\\\/abcnin-tv-lisanslarinin-fcc-tarafindan-iptal-edilmesi-mumkun-mu\\\/#primaryimage\"},\"image\":{\"@id\":\"https:\\\/\\\/tralleskop.com\\\/index.php\\\/2026\\\/05\\\/02\\\/abcnin-tv-lisanslarinin-fcc-tarafindan-iptal-edilmesi-mumkun-mu\\\/#primaryimage\"},\"thumbnailUrl\":\"https:\\\/\\\/tralleskop.com\\\/wp-content\\\/uploads\\\/2026\\\/05\\\/abc.jpg.jpg\",\"datePublished\":\"2026-05-02T11:15:07+00:00\",\"breadcrumb\":{\"@id\":\"https:\\\/\\\/tralleskop.com\\\/index.php\\\/2026\\\/05\\\/02\\\/abcnin-tv-lisanslarinin-fcc-tarafindan-iptal-edilmesi-mumkun-mu\\\/#breadcrumb\"},\"inLanguage\":\"tr\",\"potentialAction\":[{\"@type\":\"ReadAction\",\"target\":[\"https:\\\/\\\/tralleskop.com\\\/index.php\\\/2026\\\/05\\\/02\\\/abcnin-tv-lisanslarinin-fcc-tarafindan-iptal-edilmesi-mumkun-mu\\\/\"]}]},{\"@type\":\"ImageObject\",\"inLanguage\":\"tr\",\"@id\":\"https:\\\/\\\/tralleskop.com\\\/index.php\\\/2026\\\/05\\\/02\\\/abcnin-tv-lisanslarinin-fcc-tarafindan-iptal-edilmesi-mumkun-mu\\\/#primaryimage\",\"url\":\"https:\\\/\\\/tralleskop.com\\\/wp-content\\\/uploads\\\/2026\\\/05\\\/abc.jpg.jpg\",\"contentUrl\":\"https:\\\/\\\/tralleskop.com\\\/wp-content\\\/uploads\\\/2026\\\/05\\\/abc.jpg.jpg\",\"width\":1200,\"height\":630},{\"@type\":\"BreadcrumbList\",\"@id\":\"https:\\\/\\\/tralleskop.com\\\/index.php\\\/2026\\\/05\\\/02\\\/abcnin-tv-lisanslarinin-fcc-tarafindan-iptal-edilmesi-mumkun-mu\\\/#breadcrumb\",\"itemListElement\":[{\"@type\":\"ListItem\",\"position\":1,\"name\":\"Anasayfa\",\"item\":\"https:\\\/\\\/tralleskop.com\\\/\"},{\"@type\":\"ListItem\",\"position\":2,\"name\":\"ABC&#8217;nin TV Lisanslar\u0131n\u0131n FCC Taraf\u0131ndan \u0130ptal Edilmesi M\u00fcmk\u00fcn m\u00fc?\"}]},{\"@type\":\"WebSite\",\"@id\":\"https:\\\/\\\/tralleskop.com\\\/#website\",\"url\":\"https:\\\/\\\/tralleskop.com\\\/\",\"name\":\"Tralleskop\",\"description\":\"\",\"publisher\":{\"@id\":\"https:\\\/\\\/tralleskop.com\\\/#organization\"},\"potentialAction\":[{\"@type\":\"SearchAction\",\"target\":{\"@type\":\"EntryPoint\",\"urlTemplate\":\"https:\\\/\\\/tralleskop.com\\\/?s={search_term_string}\"},\"query-input\":{\"@type\":\"PropertyValueSpecification\",\"valueRequired\":true,\"valueName\":\"search_term_string\"}}],\"inLanguage\":\"tr\"},{\"@type\":\"Organization\",\"@id\":\"https:\\\/\\\/tralleskop.com\\\/#organization\",\"name\":\"Tralleskop\",\"url\":\"https:\\\/\\\/tralleskop.com\\\/\",\"logo\":{\"@type\":\"ImageObject\",\"inLanguage\":\"tr\",\"@id\":\"https:\\\/\\\/tralleskop.com\\\/#\\\/schema\\\/logo\\\/image\\\/\",\"url\":\"https:\\\/\\\/tralleskop.com\\\/wp-content\\\/uploads\\\/2026\\\/03\\\/logo-1.png\",\"contentUrl\":\"https:\\\/\\\/tralleskop.com\\\/wp-content\\\/uploads\\\/2026\\\/03\\\/logo-1.png\",\"width\":2048,\"height\":2048,\"caption\":\"Tralleskop\"},\"image\":{\"@id\":\"https:\\\/\\\/tralleskop.com\\\/#\\\/schema\\\/logo\\\/image\\\/\"},\"sameAs\":[\"https:\\\/\\\/instagram.com\\\/tralleskop\"]},{\"@type\":\"Person\",\"@id\":\"https:\\\/\\\/tralleskop.com\\\/#\\\/schema\\\/person\\\/07eabec51c3edefcb97f005e5a24dc85\",\"name\":\"Yapay Zeka\",\"image\":{\"@type\":\"ImageObject\",\"inLanguage\":\"tr\",\"@id\":\"https:\\\/\\\/secure.gravatar.com\\\/avatar\\\/e77edf5bd5f891271e5db451c58207840f707caf056fe282ae8443fe299d6b9c?s=96&d=mm&r=g\",\"url\":\"https:\\\/\\\/secure.gravatar.com\\\/avatar\\\/e77edf5bd5f891271e5db451c58207840f707caf056fe282ae8443fe299d6b9c?s=96&d=mm&r=g\",\"contentUrl\":\"https:\\\/\\\/secure.gravatar.com\\\/avatar\\\/e77edf5bd5f891271e5db451c58207840f707caf056fe282ae8443fe299d6b9c?s=96&d=mm&r=g\",\"caption\":\"Yapay Zeka\"},\"url\":\"https:\\\/\\\/tralleskop.com\\\/index.php\\\/author\\\/yapayzeka\\\/\"}]}<\/script>\n<!-- \/ Yoast SEO plugin. -->","yoast_head_json":{"title":"ABC'nin TV Lisanslar\u0131n\u0131n FCC Taraf\u0131ndan \u0130ptal Edilmesi M\u00fcmk\u00fcn m\u00fc? - Tralleskop","robots":{"index":"index","follow":"follow","max-snippet":"max-snippet:-1","max-image-preview":"max-image-preview:large","max-video-preview":"max-video-preview:-1"},"canonical":"https:\/\/tralleskop.com\/index.php\/2026\/05\/02\/abcnin-tv-lisanslarinin-fcc-tarafindan-iptal-edilmesi-mumkun-mu\/","og_locale":"tr_TR","og_type":"article","og_title":"ABC'nin TV Lisanslar\u0131n\u0131n FCC Taraf\u0131ndan \u0130ptal Edilmesi M\u00fcmk\u00fcn m\u00fc? - Tralleskop","og_description":"Trump ile Kimmel aras\u0131ndaki tart\u0131\u015fma, ABC'nin TV lisanslar\u0131n\u0131n iptal edilmesine yol a\u00e7abilir mi? Hukuk\u00e7ular, bu ihtimalin d\u00fc\u015f\u00fck oldu\u011funu d\u00fc\u015f\u00fcn\u00fcyor.","og_url":"https:\/\/tralleskop.com\/index.php\/2026\/05\/02\/abcnin-tv-lisanslarinin-fcc-tarafindan-iptal-edilmesi-mumkun-mu\/","og_site_name":"Tralleskop","article_published_time":"2026-05-02T11:15:07+00:00","author":"Yapay Zeka","twitter_card":"summary_large_image","twitter_misc":{"Yazan:":"Yapay Zeka","Tahmini okuma s\u00fcresi":"1 dakika"},"schema":{"@context":"https:\/\/schema.org","@graph":[{"@type":"Article","@id":"https:\/\/tralleskop.com\/index.php\/2026\/05\/02\/abcnin-tv-lisanslarinin-fcc-tarafindan-iptal-edilmesi-mumkun-mu\/#article","isPartOf":{"@id":"https:\/\/tralleskop.com\/index.php\/2026\/05\/02\/abcnin-tv-lisanslarinin-fcc-tarafindan-iptal-edilmesi-mumkun-mu\/"},"author":{"name":"Yapay Zeka","@id":"https:\/\/tralleskop.com\/#\/schema\/person\/07eabec51c3edefcb97f005e5a24dc85"},"headline":"ABC&#8217;nin TV Lisanslar\u0131n\u0131n FCC Taraf\u0131ndan \u0130ptal Edilmesi M\u00fcmk\u00fcn m\u00fc?","datePublished":"2026-05-02T11:15:07+00:00","mainEntityOfPage":{"@id":"https:\/\/tralleskop.com\/index.php\/2026\/05\/02\/abcnin-tv-lisanslarinin-fcc-tarafindan-iptal-edilmesi-mumkun-mu\/"},"wordCount":181,"commentCount":0,"publisher":{"@id":"https:\/\/tralleskop.com\/#organization"},"image":{"@id":"https:\/\/tralleskop.com\/index.php\/2026\/05\/02\/abcnin-tv-lisanslarinin-fcc-tarafindan-iptal-edilmesi-mumkun-mu\/#primaryimage"},"thumbnailUrl":"https:\/\/tralleskop.com\/wp-content\/uploads\/2026\/05\/abc.jpg.jpg","keywords":["ABC","FCC","Kimmel","Trump","TV Lisans\u0131","Yay\u0131nc\u0131l\u0131k"],"articleSection":["Ayd\u0131n Siyaset","Siyaset","Teknoloji"],"inLanguage":"tr","potentialAction":[{"@type":"CommentAction","name":"Comment","target":["https:\/\/tralleskop.com\/index.php\/2026\/05\/02\/abcnin-tv-lisanslarinin-fcc-tarafindan-iptal-edilmesi-mumkun-mu\/#respond"]}]},{"@type":"WebPage","@id":"https:\/\/tralleskop.com\/index.php\/2026\/05\/02\/abcnin-tv-lisanslarinin-fcc-tarafindan-iptal-edilmesi-mumkun-mu\/","url":"https:\/\/tralleskop.com\/index.php\/2026\/05\/02\/abcnin-tv-lisanslarinin-fcc-tarafindan-iptal-edilmesi-mumkun-mu\/","name":"ABC'nin TV Lisanslar\u0131n\u0131n FCC Taraf\u0131ndan \u0130ptal Edilmesi M\u00fcmk\u00fcn m\u00fc? - Tralleskop","isPartOf":{"@id":"https:\/\/tralleskop.com\/#website"},"primaryImageOfPage":{"@id":"https:\/\/tralleskop.com\/index.php\/2026\/05\/02\/abcnin-tv-lisanslarinin-fcc-tarafindan-iptal-edilmesi-mumkun-mu\/#primaryimage"},"image":{"@id":"https:\/\/tralleskop.com\/index.php\/2026\/05\/02\/abcnin-tv-lisanslarinin-fcc-tarafindan-iptal-edilmesi-mumkun-mu\/#primaryimage"},"thumbnailUrl":"https:\/\/tralleskop.com\/wp-content\/uploads\/2026\/05\/abc.jpg.jpg","datePublished":"2026-05-02T11:15:07+00:00","breadcrumb":{"@id":"https:\/\/tralleskop.com\/index.php\/2026\/05\/02\/abcnin-tv-lisanslarinin-fcc-tarafindan-iptal-edilmesi-mumkun-mu\/#breadcrumb"},"inLanguage":"tr","potentialAction":[{"@type":"ReadAction","target":["https:\/\/tralleskop.com\/index.php\/2026\/05\/02\/abcnin-tv-lisanslarinin-fcc-tarafindan-iptal-edilmesi-mumkun-mu\/"]}]},{"@type":"ImageObject","inLanguage":"tr","@id":"https:\/\/tralleskop.com\/index.php\/2026\/05\/02\/abcnin-tv-lisanslarinin-fcc-tarafindan-iptal-edilmesi-mumkun-mu\/#primaryimage","url":"https:\/\/tralleskop.com\/wp-content\/uploads\/2026\/05\/abc.jpg.jpg","contentUrl":"https:\/\/tralleskop.com\/wp-content\/uploads\/2026\/05\/abc.jpg.jpg","width":1200,"height":630},{"@type":"BreadcrumbList","@id":"https:\/\/tralleskop.com\/index.php\/2026\/05\/02\/abcnin-tv-lisanslarinin-fcc-tarafindan-iptal-edilmesi-mumkun-mu\/#breadcrumb","itemListElement":[{"@type":"ListItem","position":1,"name":"Anasayfa","item":"https:\/\/tralleskop.com\/"},{"@type":"ListItem","position":2,"name":"ABC&#8217;nin TV Lisanslar\u0131n\u0131n FCC Taraf\u0131ndan \u0130ptal Edilmesi M\u00fcmk\u00fcn m\u00fc?"}]},{"@type":"WebSite","@id":"https:\/\/tralleskop.com\/#website","url":"https:\/\/tralleskop.com\/","name":"Tralleskop","description":"","publisher":{"@id":"https:\/\/tralleskop.com\/#organization"},"potentialAction":[{"@type":"SearchAction","target":{"@type":"EntryPoint","urlTemplate":"https:\/\/tralleskop.com\/?s={search_term_string}"},"query-input":{"@type":"PropertyValueSpecification","valueRequired":true,"valueName":"search_term_string"}}],"inLanguage":"tr"},{"@type":"Organization","@id":"https:\/\/tralleskop.com\/#organization","name":"Tralleskop","url":"https:\/\/tralleskop.com\/","logo":{"@type":"ImageObject","inLanguage":"tr","@id":"https:\/\/tralleskop.com\/#\/schema\/logo\/image\/","url":"https:\/\/tralleskop.com\/wp-content\/uploads\/2026\/03\/logo-1.png","contentUrl":"https:\/\/tralleskop.com\/wp-content\/uploads\/2026\/03\/logo-1.png","width":2048,"height":2048,"caption":"Tralleskop"},"image":{"@id":"https:\/\/tralleskop.com\/#\/schema\/logo\/image\/"},"sameAs":["https:\/\/instagram.com\/tralleskop"]},{"@type":"Person","@id":"https:\/\/tralleskop.com\/#\/schema\/person\/07eabec51c3edefcb97f005e5a24dc85","name":"Yapay Zeka","image":{"@type":"ImageObject","inLanguage":"tr","@id":"https:\/\/secure.gravatar.com\/avatar\/e77edf5bd5f891271e5db451c58207840f707caf056fe282ae8443fe299d6b9c?s=96&d=mm&r=g","url":"https:\/\/secure.gravatar.com\/avatar\/e77edf5bd5f891271e5db451c58207840f707caf056fe282ae8443fe299d6b9c?s=96&d=mm&r=g","contentUrl":"https:\/\/secure.gravatar.com\/avatar\/e77edf5bd5f891271e5db451c58207840f707caf056fe282ae8443fe299d6b9c?s=96&d=mm&r=g","caption":"Yapay Zeka"},"url":"https:\/\/tralleskop.com\/index.php\/author\/yapayzeka\/"}]}},"jetpack_featured_media_url":"https:\/\/tralleskop.com\/wp-content\/uploads\/2026\/05\/abc.jpg.jpg","_links":{"self":[{"href":"https:\/\/tralleskop.com\/index.php\/wp-json\/wp\/v2\/posts\/599","targetHints":{"allow":["GET"]}}],"collection":[{"href":"https:\/\/tralleskop.com\/index.php\/wp-json\/wp\/v2\/posts"}],"about":[{"href":"https:\/\/tralleskop.com\/index.php\/wp-json\/wp\/v2\/types\/post"}],"author":[{"embeddable":true,"href":"https:\/\/tralleskop.com\/index.php\/wp-json\/wp\/v2\/users\/3"}],"replies":[{"embeddable":true,"href":"https:\/\/tralleskop.com\/index.php\/wp-json\/wp\/v2\/comments?post=599"}],"version-history":[{"count":0,"href":"https:\/\/tralleskop.com\/index.php\/wp-json\/wp\/v2\/posts\/599\/revisions"}],"wp:featuredmedia":[{"embeddable":true,"href":"https:\/\/tralleskop.com\/index.php\/wp-json\/wp\/v2\/media\/600"}],"wp:attachment":[{"href":"https:\/\/tralleskop.com\/index.php\/wp-json\/wp\/v2\/media?parent=599"}],"wp:term":[{"taxonomy":"category","embeddable":true,"href":"https:\/\/tralleskop.com\/index.php\/wp-json\/wp\/v2\/categories?post=599"},{"taxonomy":"post_tag","embeddable":true,"href":"https:\/\/tralleskop.com\/index.php\/wp-json\/wp\/v2\/tags?post=599"}],"curies":[{"name":"wp","href":"https:\/\/api.w.org\/{rel}","templated":true}]}}