{"id":593,"date":"2026-05-02T13:30:07","date_gmt":"2026-05-02T10:30:07","guid":{"rendered":"https:\/\/tralleskop.com\/index.php\/2026\/05\/02\/londrada-yeni-saldiri-yahudi-toplumu-urkutucu-korku-icinde\/"},"modified":"2026-05-02T13:30:07","modified_gmt":"2026-05-02T10:30:07","slug":"londrada-yeni-saldiri-yahudi-toplumu-urkutucu-korku-icinde","status":"publish","type":"post","link":"https:\/\/tralleskop.com\/index.php\/2026\/05\/02\/londrada-yeni-saldiri-yahudi-toplumu-urkutucu-korku-icinde\/","title":{"rendered":"Londra&#8217;da Yeni Sald\u0131r\u0131: Yahudi Toplumu &#8216;\u00dcrk\u00fct\u00fcc\u00fc Korku&#8217; \u0130\u00e7inde"},"content":{"rendered":"<h1>Londra&#8217;da Artan Antisemitik Sald\u0131r\u0131lar<\/h1>\n<p>Londra&#8217;daki Yahudi toplumu, son sald\u0131r\u0131lar ard\u0131ndan &#8216;utter horror&#8217; (\u00fcrk\u00fct\u00fcc\u00fc korku) ve fear (korku) i\u00e7inde ya\u015fam\u0131n\u0131 s\u00fcrd\u00fcr\u00fcyor.CBS News&#8217;e konu\u015fan yerel bir resident, &#8216;Uzun s\u00fcredir bundan uyar\u0131da bulunuyorduk. **B\u00fcy\u00fck dalgadan \u00f6nce k\u00fc\u00e7\u00fck dalgalar\u0131 g\u00f6r\u00fcrs\u00fcn\u00fcz**, t\u0131pk\u0131 bir tsunami gibi&#8217; dedi.<\/p>\n<h2>Toplumun Talebi: H\u00fck\u00fcmetten Hareket<\/h2>\n<p>Yahudi toplumu, h\u00fck\u00fcmetten gerekli \u00f6nlemleri almas\u0131n\u0131 ve <b>antisemitik sald\u0131r\u0131lar\u0131 \u00f6nleme<\/b> konusunda daha etkili olmas\u0131 beklentisini dile getiriyor. Toplumun temsilcileri, &#8216;Art\u0131k yeterli warning verdik, now action \u0632\u0645\u0627\u0646\u0131&#8217; ifadesini kulland\u0131.<\/p>\n<h3>Antisemitik Sald\u0131r\u0131lar\u0131n Art\u0131\u015f\u0131<\/h3>\n<p>Son zamanlarda Londra&#8217;da ya\u015fanan <b>antisemitik sald\u0131r\u0131lar<\/b>, toplumun ya\u015fam\u0131n\u0131 olumsuz etkiliyor. Sald\u0131r\u0131lar\u0131n <b>artmas\u0131<\/b>, toplumda <b>korku ve endi\u015fe<\/b> yarat\u0131yor.<\/p>\n<p>Toplumun temsilcileri, h\u00fck\u00fcmetten, <b>antisemitik sald\u0131r\u0131lar\u0131 \u00f6nlemek<\/b> i\u00e7in daha <b>etkili bi\u1ec7nilerin<\/b> al\u0131nmas\u0131 gerekti\u011fini belirtiyorlar. Toplumun ya\u015fam\u0131n\u0131 g\u00fcvende hissetmesi i\u00e7in gerekli \u00f6nlemlerin al\u0131nmas\u0131 bekleniyor.<\/p>\n","protected":false},"excerpt":{"rendered":"<p>Londra&#8217;daki Yahudi toplumu, son sald\u0131r\u0131lar ard\u0131ndan korku ve endi\u015fe i\u00e7inde. Toplum, h\u00fck\u00fcmetten etkili \u00f6nlemler al\u0131nmas\u0131 \u00e7a\u011fr\u0131s\u0131nda bulunuyor.<\/p>\n","protected":false},"author":3,"featured_media":594,"comment_status":"open","ping_status":"open","sticky":false,"template":"","format":"standard","meta":{"googlesitekit_rrm_CAow15e3DA:productID":"","_coblocks_attr":"","_coblocks_dimensions":"","_coblocks_responsive_height":"","_coblocks_accordion_ie_support":"","_ai_summary":"","_external_image_url":"https:\/\/assets1.cbsnewsstatic.com\/hub\/i\/r\/2026\/04\/30\/c502985a-5fef-4108-8976-0c8b737f4021\/thumbnail\/1200x630\/6197ce63c4cf53594b99333a6d03839f\/gettyimages-2273134961.jpg","footnotes":""},"categories":[50,5,22,26],"tags":[311,314,313,123,312],"class_list":["post-593","post","type-post","status-publish","format-standard","has-post-thumbnail","hentry","category-aydin-siyaset","category-dunya","category-gundem","category-siyaset","tag-antisemitik-saldirilar","tag-guvenlik","tag-hukumet","tag-londra","tag-yahudi-toplumu"],"yoast_head":"<!-- This site is optimized with the Yoast SEO plugin v27.5 - https:\/\/yoast.com\/product\/yoast-seo-wordpress\/ -->\n<title>Londra&#039;da Yeni Sald\u0131r\u0131: Yahudi Toplumu &#039;\u00dcrk\u00fct\u00fcc\u00fc Korku&#039; \u0130\u00e7inde - Tralleskop<\/title>\n<meta name=\"robots\" content=\"index, follow, max-snippet:-1, max-image-preview:large, max-video-preview:-1\" \/>\n<link rel=\"canonical\" href=\"https:\/\/tralleskop.com\/index.php\/2026\/05\/02\/londrada-yeni-saldiri-yahudi-toplumu-urkutucu-korku-icinde\/\" \/>\n<meta property=\"og:locale\" content=\"tr_TR\" \/>\n<meta property=\"og:type\" content=\"article\" \/>\n<meta property=\"og:title\" content=\"Londra&#039;da Yeni Sald\u0131r\u0131: Yahudi Toplumu &#039;\u00dcrk\u00fct\u00fcc\u00fc Korku&#039; \u0130\u00e7inde - Tralleskop\" \/>\n<meta property=\"og:description\" content=\"Londra&#039;daki Yahudi toplumu, son sald\u0131r\u0131lar ard\u0131ndan korku ve endi\u015fe i\u00e7inde. Toplum, h\u00fck\u00fcmetten etkili \u00f6nlemler al\u0131nmas\u0131 \u00e7a\u011fr\u0131s\u0131nda bulunuyor.\" \/>\n<meta property=\"og:url\" content=\"https:\/\/tralleskop.com\/index.php\/2026\/05\/02\/londrada-yeni-saldiri-yahudi-toplumu-urkutucu-korku-icinde\/\" \/>\n<meta property=\"og:site_name\" content=\"Tralleskop\" \/>\n<meta property=\"article:published_time\" content=\"2026-05-02T10:30:07+00:00\" \/>\n<meta name=\"author\" content=\"Yapay Zeka\" \/>\n<meta name=\"twitter:card\" content=\"summary_large_image\" \/>\n<meta name=\"twitter:label1\" content=\"Yazan:\" \/>\n\t<meta name=\"twitter:data1\" content=\"Yapay Zeka\" \/>\n\t<meta name=\"twitter:label2\" content=\"Tahmini okuma s\u00fcresi\" \/>\n\t<meta name=\"twitter:data2\" content=\"1 dakika\" \/>\n<script type=\"application\/ld+json\" class=\"yoast-schema-graph\">{\"@context\":\"https:\\\/\\\/schema.org\",\"@graph\":[{\"@type\":\"Article\",\"@id\":\"https:\\\/\\\/tralleskop.com\\\/index.php\\\/2026\\\/05\\\/02\\\/londrada-yeni-saldiri-yahudi-toplumu-urkutucu-korku-icinde\\\/#article\",\"isPartOf\":{\"@id\":\"https:\\\/\\\/tralleskop.com\\\/index.php\\\/2026\\\/05\\\/02\\\/londrada-yeni-saldiri-yahudi-toplumu-urkutucu-korku-icinde\\\/\"},\"author\":{\"name\":\"Yapay Zeka\",\"@id\":\"https:\\\/\\\/tralleskop.com\\\/#\\\/schema\\\/person\\\/07eabec51c3edefcb97f005e5a24dc85\"},\"headline\":\"Londra&#8217;da Yeni Sald\u0131r\u0131: Yahudi Toplumu &#8216;\u00dcrk\u00fct\u00fcc\u00fc Korku&#8217; \u0130\u00e7inde\",\"datePublished\":\"2026-05-02T10:30:07+00:00\",\"mainEntityOfPage\":{\"@id\":\"https:\\\/\\\/tralleskop.com\\\/index.php\\\/2026\\\/05\\\/02\\\/londrada-yeni-saldiri-yahudi-toplumu-urkutucu-korku-icinde\\\/\"},\"wordCount\":189,\"commentCount\":0,\"publisher\":{\"@id\":\"https:\\\/\\\/tralleskop.com\\\/#organization\"},\"image\":{\"@id\":\"https:\\\/\\\/tralleskop.com\\\/index.php\\\/2026\\\/05\\\/02\\\/londrada-yeni-saldiri-yahudi-toplumu-urkutucu-korku-icinde\\\/#primaryimage\"},\"thumbnailUrl\":\"https:\\\/\\\/tralleskop.com\\\/wp-content\\\/uploads\\\/2026\\\/05\\\/gettyimages-2273134961.jpg.jpg\",\"keywords\":[\"antisemitik sald\u0131r\u0131lar\",\"g\u00fcvenlik\",\"h\u00fck\u00fcmet\",\"Londra\",\"Yahudi toplumu\"],\"articleSection\":[\"Ayd\u0131n Siyaset\",\"d\u00fcnya\",\"G\u00fcndem\",\"Siyaset\"],\"inLanguage\":\"tr\",\"potentialAction\":[{\"@type\":\"CommentAction\",\"name\":\"Comment\",\"target\":[\"https:\\\/\\\/tralleskop.com\\\/index.php\\\/2026\\\/05\\\/02\\\/londrada-yeni-saldiri-yahudi-toplumu-urkutucu-korku-icinde\\\/#respond\"]}]},{\"@type\":\"WebPage\",\"@id\":\"https:\\\/\\\/tralleskop.com\\\/index.php\\\/2026\\\/05\\\/02\\\/londrada-yeni-saldiri-yahudi-toplumu-urkutucu-korku-icinde\\\/\",\"url\":\"https:\\\/\\\/tralleskop.com\\\/index.php\\\/2026\\\/05\\\/02\\\/londrada-yeni-saldiri-yahudi-toplumu-urkutucu-korku-icinde\\\/\",\"name\":\"Londra'da Yeni Sald\u0131r\u0131: Yahudi Toplumu '\u00dcrk\u00fct\u00fcc\u00fc Korku' \u0130\u00e7inde - Tralleskop\",\"isPartOf\":{\"@id\":\"https:\\\/\\\/tralleskop.com\\\/#website\"},\"primaryImageOfPage\":{\"@id\":\"https:\\\/\\\/tralleskop.com\\\/index.php\\\/2026\\\/05\\\/02\\\/londrada-yeni-saldiri-yahudi-toplumu-urkutucu-korku-icinde\\\/#primaryimage\"},\"image\":{\"@id\":\"https:\\\/\\\/tralleskop.com\\\/index.php\\\/2026\\\/05\\\/02\\\/londrada-yeni-saldiri-yahudi-toplumu-urkutucu-korku-icinde\\\/#primaryimage\"},\"thumbnailUrl\":\"https:\\\/\\\/tralleskop.com\\\/wp-content\\\/uploads\\\/2026\\\/05\\\/gettyimages-2273134961.jpg.jpg\",\"datePublished\":\"2026-05-02T10:30:07+00:00\",\"breadcrumb\":{\"@id\":\"https:\\\/\\\/tralleskop.com\\\/index.php\\\/2026\\\/05\\\/02\\\/londrada-yeni-saldiri-yahudi-toplumu-urkutucu-korku-icinde\\\/#breadcrumb\"},\"inLanguage\":\"tr\",\"potentialAction\":[{\"@type\":\"ReadAction\",\"target\":[\"https:\\\/\\\/tralleskop.com\\\/index.php\\\/2026\\\/05\\\/02\\\/londrada-yeni-saldiri-yahudi-toplumu-urkutucu-korku-icinde\\\/\"]}]},{\"@type\":\"ImageObject\",\"inLanguage\":\"tr\",\"@id\":\"https:\\\/\\\/tralleskop.com\\\/index.php\\\/2026\\\/05\\\/02\\\/londrada-yeni-saldiri-yahudi-toplumu-urkutucu-korku-icinde\\\/#primaryimage\",\"url\":\"https:\\\/\\\/tralleskop.com\\\/wp-content\\\/uploads\\\/2026\\\/05\\\/gettyimages-2273134961.jpg.jpg\",\"contentUrl\":\"https:\\\/\\\/tralleskop.com\\\/wp-content\\\/uploads\\\/2026\\\/05\\\/gettyimages-2273134961.jpg.jpg\",\"width\":1200,\"height\":630},{\"@type\":\"BreadcrumbList\",\"@id\":\"https:\\\/\\\/tralleskop.com\\\/index.php\\\/2026\\\/05\\\/02\\\/londrada-yeni-saldiri-yahudi-toplumu-urkutucu-korku-icinde\\\/#breadcrumb\",\"itemListElement\":[{\"@type\":\"ListItem\",\"position\":1,\"name\":\"Anasayfa\",\"item\":\"https:\\\/\\\/tralleskop.com\\\/\"},{\"@type\":\"ListItem\",\"position\":2,\"name\":\"Londra&#8217;da Yeni Sald\u0131r\u0131: Yahudi Toplumu &#8216;\u00dcrk\u00fct\u00fcc\u00fc Korku&#8217; \u0130\u00e7inde\"}]},{\"@type\":\"WebSite\",\"@id\":\"https:\\\/\\\/tralleskop.com\\\/#website\",\"url\":\"https:\\\/\\\/tralleskop.com\\\/\",\"name\":\"Tralleskop\",\"description\":\"\",\"publisher\":{\"@id\":\"https:\\\/\\\/tralleskop.com\\\/#organization\"},\"potentialAction\":[{\"@type\":\"SearchAction\",\"target\":{\"@type\":\"EntryPoint\",\"urlTemplate\":\"https:\\\/\\\/tralleskop.com\\\/?s={search_term_string}\"},\"query-input\":{\"@type\":\"PropertyValueSpecification\",\"valueRequired\":true,\"valueName\":\"search_term_string\"}}],\"inLanguage\":\"tr\"},{\"@type\":\"Organization\",\"@id\":\"https:\\\/\\\/tralleskop.com\\\/#organization\",\"name\":\"Tralleskop\",\"url\":\"https:\\\/\\\/tralleskop.com\\\/\",\"logo\":{\"@type\":\"ImageObject\",\"inLanguage\":\"tr\",\"@id\":\"https:\\\/\\\/tralleskop.com\\\/#\\\/schema\\\/logo\\\/image\\\/\",\"url\":\"https:\\\/\\\/tralleskop.com\\\/wp-content\\\/uploads\\\/2026\\\/03\\\/logo-1.png\",\"contentUrl\":\"https:\\\/\\\/tralleskop.com\\\/wp-content\\\/uploads\\\/2026\\\/03\\\/logo-1.png\",\"width\":2048,\"height\":2048,\"caption\":\"Tralleskop\"},\"image\":{\"@id\":\"https:\\\/\\\/tralleskop.com\\\/#\\\/schema\\\/logo\\\/image\\\/\"},\"sameAs\":[\"https:\\\/\\\/instagram.com\\\/tralleskop\"]},{\"@type\":\"Person\",\"@id\":\"https:\\\/\\\/tralleskop.com\\\/#\\\/schema\\\/person\\\/07eabec51c3edefcb97f005e5a24dc85\",\"name\":\"Yapay Zeka\",\"image\":{\"@type\":\"ImageObject\",\"inLanguage\":\"tr\",\"@id\":\"https:\\\/\\\/secure.gravatar.com\\\/avatar\\\/e77edf5bd5f891271e5db451c58207840f707caf056fe282ae8443fe299d6b9c?s=96&d=mm&r=g\",\"url\":\"https:\\\/\\\/secure.gravatar.com\\\/avatar\\\/e77edf5bd5f891271e5db451c58207840f707caf056fe282ae8443fe299d6b9c?s=96&d=mm&r=g\",\"contentUrl\":\"https:\\\/\\\/secure.gravatar.com\\\/avatar\\\/e77edf5bd5f891271e5db451c58207840f707caf056fe282ae8443fe299d6b9c?s=96&d=mm&r=g\",\"caption\":\"Yapay Zeka\"},\"url\":\"https:\\\/\\\/tralleskop.com\\\/index.php\\\/author\\\/yapayzeka\\\/\"}]}<\/script>\n<!-- \/ Yoast SEO plugin. -->","yoast_head_json":{"title":"Londra'da Yeni Sald\u0131r\u0131: Yahudi Toplumu '\u00dcrk\u00fct\u00fcc\u00fc Korku' \u0130\u00e7inde - Tralleskop","robots":{"index":"index","follow":"follow","max-snippet":"max-snippet:-1","max-image-preview":"max-image-preview:large","max-video-preview":"max-video-preview:-1"},"canonical":"https:\/\/tralleskop.com\/index.php\/2026\/05\/02\/londrada-yeni-saldiri-yahudi-toplumu-urkutucu-korku-icinde\/","og_locale":"tr_TR","og_type":"article","og_title":"Londra'da Yeni Sald\u0131r\u0131: Yahudi Toplumu '\u00dcrk\u00fct\u00fcc\u00fc Korku' \u0130\u00e7inde - Tralleskop","og_description":"Londra'daki Yahudi toplumu, son sald\u0131r\u0131lar ard\u0131ndan korku ve endi\u015fe i\u00e7inde. Toplum, h\u00fck\u00fcmetten etkili \u00f6nlemler al\u0131nmas\u0131 \u00e7a\u011fr\u0131s\u0131nda bulunuyor.","og_url":"https:\/\/tralleskop.com\/index.php\/2026\/05\/02\/londrada-yeni-saldiri-yahudi-toplumu-urkutucu-korku-icinde\/","og_site_name":"Tralleskop","article_published_time":"2026-05-02T10:30:07+00:00","author":"Yapay Zeka","twitter_card":"summary_large_image","twitter_misc":{"Yazan:":"Yapay Zeka","Tahmini okuma s\u00fcresi":"1 dakika"},"schema":{"@context":"https:\/\/schema.org","@graph":[{"@type":"Article","@id":"https:\/\/tralleskop.com\/index.php\/2026\/05\/02\/londrada-yeni-saldiri-yahudi-toplumu-urkutucu-korku-icinde\/#article","isPartOf":{"@id":"https:\/\/tralleskop.com\/index.php\/2026\/05\/02\/londrada-yeni-saldiri-yahudi-toplumu-urkutucu-korku-icinde\/"},"author":{"name":"Yapay Zeka","@id":"https:\/\/tralleskop.com\/#\/schema\/person\/07eabec51c3edefcb97f005e5a24dc85"},"headline":"Londra&#8217;da Yeni Sald\u0131r\u0131: Yahudi Toplumu &#8216;\u00dcrk\u00fct\u00fcc\u00fc Korku&#8217; \u0130\u00e7inde","datePublished":"2026-05-02T10:30:07+00:00","mainEntityOfPage":{"@id":"https:\/\/tralleskop.com\/index.php\/2026\/05\/02\/londrada-yeni-saldiri-yahudi-toplumu-urkutucu-korku-icinde\/"},"wordCount":189,"commentCount":0,"publisher":{"@id":"https:\/\/tralleskop.com\/#organization"},"image":{"@id":"https:\/\/tralleskop.com\/index.php\/2026\/05\/02\/londrada-yeni-saldiri-yahudi-toplumu-urkutucu-korku-icinde\/#primaryimage"},"thumbnailUrl":"https:\/\/tralleskop.com\/wp-content\/uploads\/2026\/05\/gettyimages-2273134961.jpg.jpg","keywords":["antisemitik sald\u0131r\u0131lar","g\u00fcvenlik","h\u00fck\u00fcmet","Londra","Yahudi toplumu"],"articleSection":["Ayd\u0131n Siyaset","d\u00fcnya","G\u00fcndem","Siyaset"],"inLanguage":"tr","potentialAction":[{"@type":"CommentAction","name":"Comment","target":["https:\/\/tralleskop.com\/index.php\/2026\/05\/02\/londrada-yeni-saldiri-yahudi-toplumu-urkutucu-korku-icinde\/#respond"]}]},{"@type":"WebPage","@id":"https:\/\/tralleskop.com\/index.php\/2026\/05\/02\/londrada-yeni-saldiri-yahudi-toplumu-urkutucu-korku-icinde\/","url":"https:\/\/tralleskop.com\/index.php\/2026\/05\/02\/londrada-yeni-saldiri-yahudi-toplumu-urkutucu-korku-icinde\/","name":"Londra'da Yeni Sald\u0131r\u0131: Yahudi Toplumu '\u00dcrk\u00fct\u00fcc\u00fc Korku' \u0130\u00e7inde - Tralleskop","isPartOf":{"@id":"https:\/\/tralleskop.com\/#website"},"primaryImageOfPage":{"@id":"https:\/\/tralleskop.com\/index.php\/2026\/05\/02\/londrada-yeni-saldiri-yahudi-toplumu-urkutucu-korku-icinde\/#primaryimage"},"image":{"@id":"https:\/\/tralleskop.com\/index.php\/2026\/05\/02\/londrada-yeni-saldiri-yahudi-toplumu-urkutucu-korku-icinde\/#primaryimage"},"thumbnailUrl":"https:\/\/tralleskop.com\/wp-content\/uploads\/2026\/05\/gettyimages-2273134961.jpg.jpg","datePublished":"2026-05-02T10:30:07+00:00","breadcrumb":{"@id":"https:\/\/tralleskop.com\/index.php\/2026\/05\/02\/londrada-yeni-saldiri-yahudi-toplumu-urkutucu-korku-icinde\/#breadcrumb"},"inLanguage":"tr","potentialAction":[{"@type":"ReadAction","target":["https:\/\/tralleskop.com\/index.php\/2026\/05\/02\/londrada-yeni-saldiri-yahudi-toplumu-urkutucu-korku-icinde\/"]}]},{"@type":"ImageObject","inLanguage":"tr","@id":"https:\/\/tralleskop.com\/index.php\/2026\/05\/02\/londrada-yeni-saldiri-yahudi-toplumu-urkutucu-korku-icinde\/#primaryimage","url":"https:\/\/tralleskop.com\/wp-content\/uploads\/2026\/05\/gettyimages-2273134961.jpg.jpg","contentUrl":"https:\/\/tralleskop.com\/wp-content\/uploads\/2026\/05\/gettyimages-2273134961.jpg.jpg","width":1200,"height":630},{"@type":"BreadcrumbList","@id":"https:\/\/tralleskop.com\/index.php\/2026\/05\/02\/londrada-yeni-saldiri-yahudi-toplumu-urkutucu-korku-icinde\/#breadcrumb","itemListElement":[{"@type":"ListItem","position":1,"name":"Anasayfa","item":"https:\/\/tralleskop.com\/"},{"@type":"ListItem","position":2,"name":"Londra&#8217;da Yeni Sald\u0131r\u0131: Yahudi Toplumu &#8216;\u00dcrk\u00fct\u00fcc\u00fc Korku&#8217; \u0130\u00e7inde"}]},{"@type":"WebSite","@id":"https:\/\/tralleskop.com\/#website","url":"https:\/\/tralleskop.com\/","name":"Tralleskop","description":"","publisher":{"@id":"https:\/\/tralleskop.com\/#organization"},"potentialAction":[{"@type":"SearchAction","target":{"@type":"EntryPoint","urlTemplate":"https:\/\/tralleskop.com\/?s={search_term_string}"},"query-input":{"@type":"PropertyValueSpecification","valueRequired":true,"valueName":"search_term_string"}}],"inLanguage":"tr"},{"@type":"Organization","@id":"https:\/\/tralleskop.com\/#organization","name":"Tralleskop","url":"https:\/\/tralleskop.com\/","logo":{"@type":"ImageObject","inLanguage":"tr","@id":"https:\/\/tralleskop.com\/#\/schema\/logo\/image\/","url":"https:\/\/tralleskop.com\/wp-content\/uploads\/2026\/03\/logo-1.png","contentUrl":"https:\/\/tralleskop.com\/wp-content\/uploads\/2026\/03\/logo-1.png","width":2048,"height":2048,"caption":"Tralleskop"},"image":{"@id":"https:\/\/tralleskop.com\/#\/schema\/logo\/image\/"},"sameAs":["https:\/\/instagram.com\/tralleskop"]},{"@type":"Person","@id":"https:\/\/tralleskop.com\/#\/schema\/person\/07eabec51c3edefcb97f005e5a24dc85","name":"Yapay Zeka","image":{"@type":"ImageObject","inLanguage":"tr","@id":"https:\/\/secure.gravatar.com\/avatar\/e77edf5bd5f891271e5db451c58207840f707caf056fe282ae8443fe299d6b9c?s=96&d=mm&r=g","url":"https:\/\/secure.gravatar.com\/avatar\/e77edf5bd5f891271e5db451c58207840f707caf056fe282ae8443fe299d6b9c?s=96&d=mm&r=g","contentUrl":"https:\/\/secure.gravatar.com\/avatar\/e77edf5bd5f891271e5db451c58207840f707caf056fe282ae8443fe299d6b9c?s=96&d=mm&r=g","caption":"Yapay Zeka"},"url":"https:\/\/tralleskop.com\/index.php\/author\/yapayzeka\/"}]}},"jetpack_featured_media_url":"https:\/\/tralleskop.com\/wp-content\/uploads\/2026\/05\/gettyimages-2273134961.jpg.jpg","_links":{"self":[{"href":"https:\/\/tralleskop.com\/index.php\/wp-json\/wp\/v2\/posts\/593","targetHints":{"allow":["GET"]}}],"collection":[{"href":"https:\/\/tralleskop.com\/index.php\/wp-json\/wp\/v2\/posts"}],"about":[{"href":"https:\/\/tralleskop.com\/index.php\/wp-json\/wp\/v2\/types\/post"}],"author":[{"embeddable":true,"href":"https:\/\/tralleskop.com\/index.php\/wp-json\/wp\/v2\/users\/3"}],"replies":[{"embeddable":true,"href":"https:\/\/tralleskop.com\/index.php\/wp-json\/wp\/v2\/comments?post=593"}],"version-history":[{"count":0,"href":"https:\/\/tralleskop.com\/index.php\/wp-json\/wp\/v2\/posts\/593\/revisions"}],"wp:featuredmedia":[{"embeddable":true,"href":"https:\/\/tralleskop.com\/index.php\/wp-json\/wp\/v2\/media\/594"}],"wp:attachment":[{"href":"https:\/\/tralleskop.com\/index.php\/wp-json\/wp\/v2\/media?parent=593"}],"wp:term":[{"taxonomy":"category","embeddable":true,"href":"https:\/\/tralleskop.com\/index.php\/wp-json\/wp\/v2\/categories?post=593"},{"taxonomy":"post_tag","embeddable":true,"href":"https:\/\/tralleskop.com\/index.php\/wp-json\/wp\/v2\/tags?post=593"}],"curies":[{"name":"wp","href":"https:\/\/api.w.org\/{rel}","templated":true}]}}