{"id":590,"date":"2026-05-02T13:00:13","date_gmt":"2026-05-02T10:00:13","guid":{"rendered":"https:\/\/tralleskop.com\/index.php\/2026\/05\/02\/trump-rfk-jr-i-elestiren-yeni-cerrah-general-adayini-acikladi\/"},"modified":"2026-05-02T13:00:13","modified_gmt":"2026-05-02T10:00:13","slug":"trump-rfk-jr-i-elestiren-yeni-cerrah-general-adayini-acikladi","status":"publish","type":"post","link":"https:\/\/tralleskop.com\/index.php\/2026\/05\/02\/trump-rfk-jr-i-elestiren-yeni-cerrah-general-adayini-acikladi\/","title":{"rendered":"Trump, RFK Jr.&#8217;i Ele\u015ftiren Yeni Cerrah General Aday\u0131n\u0131 A\u00e7\u0131klad\u0131"},"content":{"rendered":"<h1>Trump, RFK Jr.&#8217;i Ele\u015ftiren Yeni Cerrah General Aday\u0131n\u0131 A\u00e7\u0131klad\u0131<\/h1>\n<p>ABD&#8217;de siyasi geli\u015fmeler devam ediyor. Cumhuriyet\u00e7i Parti&#8217;nin \u00f6nde gelen isimlerinden biri olan Donald Trump, cerrah general nhi\u1ec7mli\u011fine yeni bir aday daha \u00f6nerdi. Trump&#8217;\u0131n bu g\u00f6rev i\u00e7in \u00fc\u00e7\u00fcnc\u00fc kez aday g\u00f6sterece\u011fi isim, <b>Nicole Saphier<\/b> oldu.<\/p>\n<h2>Nicole Saphier Kimdir?<\/h2>\n<p><b>Nicole Saphier<\/b>, bir radyolog vefox News&#8217;te uzun y\u0131llard\u0131r katk\u0131da bulunan bir isim. <b>Trump<\/b>&#8216;\u0131n bu g\u00f6rev i\u00e7in \u00f6nceki adaylar\u0131ndan Means&#8217;in adayl\u0131\u011f\u0131, baz\u0131 Cumhuriyet\u00e7i Parti \u00fcyelerinin onun kvalifikasyonlar\u0131n\u0131 ve a\u015f\u0131lar konusundaki tutumunu sorgulamas\u0131 nedeniyle ilerleme kaydedememi\u015fti.<\/p>\n<h3>RFK Jr.&#8217;i Ele\u015ftirisi<\/h3>\n<p><b>Nicole Saphier<\/b>, \u00f6zellikle <b>RFK Jr.<\/b>&#8216;i ele\u015ftirmesiyle dikkati \u00e7ekiyor. <b>RFK Jr.<\/b>, a\u015f\u0131 kar\u015f\u0131t\u0131 g\u00f6r\u00fc\u015fleriyle bilinen bir fig\u00fcr. <b>Saphier<\/b>&#8216;in aday g\u00f6sterilmesi, <b>Trump<\/b>&#8216;\u0131n sa\u011fl\u0131k politikalar\u0131na dair \u00f6nemli bir ad\u0131md\u0131r.<\/p>\n<h2>Analiz<\/h2>\n<p>Bu geli\u015fme, <b>Trump<\/b>&#8216;\u0131n sa\u011fl\u0131k alan\u0131nda g\u00fc\u00e7l\u00fc ve deneyimli bir isimi g\u00f6revlendirmek istedi\u011fini g\u00f6steriyor. Ayn\u0131 zamanda, a\u015f\u0131lar ve kamu sa\u011fl\u0131\u011f\u0131 konusundaki tart\u0131\u015fmalara da dikkat \u00e7ekiyor. <b>Saphier<\/b>&#8216;in adayl\u0131\u011f\u0131, hem Cumhuriyet\u00e7i Parti&#8217;nin sa\u011fl\u0131k politikalar\u0131 hem de Amerika&#8217;n\u0131n genel sa\u011fl\u0131k durumuna dair \u00f6nemli yans\u0131malar\u0131 olabilir.<\/p>\n","protected":false},"excerpt":{"rendered":"<p>Donald Trump, cerrah general nhi\u1ec7mli\u011fi i\u00e7in yeni bir aday daha \u00f6nerdi. Nicole Saphier, Trump&#8217;\u0131n \u00fc\u00e7\u00fcnc\u00fc cerrah general adayd\u0131r.<\/p>\n","protected":false},"author":3,"featured_media":591,"comment_status":"open","ping_status":"open","sticky":false,"template":"","format":"standard","meta":{"googlesitekit_rrm_CAow15e3DA:productID":"","_coblocks_attr":"","_coblocks_dimensions":"","_coblocks_responsive_height":"","_coblocks_accordion_ie_support":"","_ai_summary":"","_external_image_url":"https:\/\/www.washingtonpost.com\/wp-apps\/imrs.php?src=https:\/\/arc-anglerfish-washpost-prod-washpost.s3.amazonaws.com\/public\/ZBWOXWZKZKPRFL3IYMY6XXC2DM_size-normalized.JPG&w=1440","footnotes":""},"categories":[50,39,26],"tags":[304,290,305,306,118],"class_list":["post-590","post","type-post","status-publish","format-standard","has-post-thumbnail","hentry","category-aydin-siyaset","category-saglik","category-siyaset","tag-cerrah-general","tag-nicole-saphier","tag-rfk-jr","tag-saglik-politikalari","tag-trump"],"yoast_head":"<!-- This site is optimized with the Yoast SEO plugin v27.5 - https:\/\/yoast.com\/product\/yoast-seo-wordpress\/ -->\n<title>Trump, RFK Jr.&#039;i Ele\u015ftiren Yeni Cerrah General Aday\u0131n\u0131 A\u00e7\u0131klad\u0131 - Tralleskop<\/title>\n<meta name=\"robots\" content=\"index, follow, max-snippet:-1, max-image-preview:large, max-video-preview:-1\" \/>\n<link rel=\"canonical\" href=\"https:\/\/tralleskop.com\/index.php\/2026\/05\/02\/trump-rfk-jr-i-elestiren-yeni-cerrah-general-adayini-acikladi\/\" \/>\n<meta property=\"og:locale\" content=\"tr_TR\" \/>\n<meta property=\"og:type\" content=\"article\" \/>\n<meta property=\"og:title\" content=\"Trump, RFK Jr.&#039;i Ele\u015ftiren Yeni Cerrah General Aday\u0131n\u0131 A\u00e7\u0131klad\u0131 - Tralleskop\" \/>\n<meta property=\"og:description\" content=\"Donald Trump, cerrah general nhi\u1ec7mli\u011fi i\u00e7in yeni bir aday daha \u00f6nerdi. Nicole Saphier, Trump&#039;\u0131n \u00fc\u00e7\u00fcnc\u00fc cerrah general adayd\u0131r.\" \/>\n<meta property=\"og:url\" content=\"https:\/\/tralleskop.com\/index.php\/2026\/05\/02\/trump-rfk-jr-i-elestiren-yeni-cerrah-general-adayini-acikladi\/\" \/>\n<meta property=\"og:site_name\" content=\"Tralleskop\" \/>\n<meta property=\"article:published_time\" content=\"2026-05-02T10:00:13+00:00\" \/>\n<meta name=\"author\" content=\"Yapay Zeka\" \/>\n<meta name=\"twitter:card\" content=\"summary_large_image\" \/>\n<meta name=\"twitter:label1\" content=\"Yazan:\" \/>\n\t<meta name=\"twitter:data1\" content=\"Yapay Zeka\" \/>\n\t<meta name=\"twitter:label2\" content=\"Tahmini okuma s\u00fcresi\" \/>\n\t<meta name=\"twitter:data2\" content=\"1 dakika\" \/>\n<script type=\"application\/ld+json\" class=\"yoast-schema-graph\">{\"@context\":\"https:\\\/\\\/schema.org\",\"@graph\":[{\"@type\":\"Article\",\"@id\":\"https:\\\/\\\/tralleskop.com\\\/index.php\\\/2026\\\/05\\\/02\\\/trump-rfk-jr-i-elestiren-yeni-cerrah-general-adayini-acikladi\\\/#article\",\"isPartOf\":{\"@id\":\"https:\\\/\\\/tralleskop.com\\\/index.php\\\/2026\\\/05\\\/02\\\/trump-rfk-jr-i-elestiren-yeni-cerrah-general-adayini-acikladi\\\/\"},\"author\":{\"name\":\"Yapay Zeka\",\"@id\":\"https:\\\/\\\/tralleskop.com\\\/#\\\/schema\\\/person\\\/07eabec51c3edefcb97f005e5a24dc85\"},\"headline\":\"Trump, RFK Jr.&#8217;i Ele\u015ftiren Yeni Cerrah General Aday\u0131n\u0131 A\u00e7\u0131klad\u0131\",\"datePublished\":\"2026-05-02T10:00:13+00:00\",\"mainEntityOfPage\":{\"@id\":\"https:\\\/\\\/tralleskop.com\\\/index.php\\\/2026\\\/05\\\/02\\\/trump-rfk-jr-i-elestiren-yeni-cerrah-general-adayini-acikladi\\\/\"},\"wordCount\":230,\"commentCount\":0,\"publisher\":{\"@id\":\"https:\\\/\\\/tralleskop.com\\\/#organization\"},\"image\":{\"@id\":\"https:\\\/\\\/tralleskop.com\\\/index.php\\\/2026\\\/05\\\/02\\\/trump-rfk-jr-i-elestiren-yeni-cerrah-general-adayini-acikladi\\\/#primaryimage\"},\"thumbnailUrl\":\"https:\\\/\\\/tralleskop.com\\\/wp-content\\\/uploads\\\/2026\\\/05\\\/imrs.php_-5.jpg\",\"keywords\":[\"cerrah general\",\"Nicole Saphier\",\"RFK Jr.\",\"sa\u011fl\u0131k politikalar\u0131\",\"Trump\"],\"articleSection\":[\"Ayd\u0131n Siyaset\",\"Sa\u011fl\u0131k\",\"Siyaset\"],\"inLanguage\":\"tr\",\"potentialAction\":[{\"@type\":\"CommentAction\",\"name\":\"Comment\",\"target\":[\"https:\\\/\\\/tralleskop.com\\\/index.php\\\/2026\\\/05\\\/02\\\/trump-rfk-jr-i-elestiren-yeni-cerrah-general-adayini-acikladi\\\/#respond\"]}]},{\"@type\":\"WebPage\",\"@id\":\"https:\\\/\\\/tralleskop.com\\\/index.php\\\/2026\\\/05\\\/02\\\/trump-rfk-jr-i-elestiren-yeni-cerrah-general-adayini-acikladi\\\/\",\"url\":\"https:\\\/\\\/tralleskop.com\\\/index.php\\\/2026\\\/05\\\/02\\\/trump-rfk-jr-i-elestiren-yeni-cerrah-general-adayini-acikladi\\\/\",\"name\":\"Trump, RFK Jr.'i Ele\u015ftiren Yeni Cerrah General Aday\u0131n\u0131 A\u00e7\u0131klad\u0131 - Tralleskop\",\"isPartOf\":{\"@id\":\"https:\\\/\\\/tralleskop.com\\\/#website\"},\"primaryImageOfPage\":{\"@id\":\"https:\\\/\\\/tralleskop.com\\\/index.php\\\/2026\\\/05\\\/02\\\/trump-rfk-jr-i-elestiren-yeni-cerrah-general-adayini-acikladi\\\/#primaryimage\"},\"image\":{\"@id\":\"https:\\\/\\\/tralleskop.com\\\/index.php\\\/2026\\\/05\\\/02\\\/trump-rfk-jr-i-elestiren-yeni-cerrah-general-adayini-acikladi\\\/#primaryimage\"},\"thumbnailUrl\":\"https:\\\/\\\/tralleskop.com\\\/wp-content\\\/uploads\\\/2026\\\/05\\\/imrs.php_-5.jpg\",\"datePublished\":\"2026-05-02T10:00:13+00:00\",\"breadcrumb\":{\"@id\":\"https:\\\/\\\/tralleskop.com\\\/index.php\\\/2026\\\/05\\\/02\\\/trump-rfk-jr-i-elestiren-yeni-cerrah-general-adayini-acikladi\\\/#breadcrumb\"},\"inLanguage\":\"tr\",\"potentialAction\":[{\"@type\":\"ReadAction\",\"target\":[\"https:\\\/\\\/tralleskop.com\\\/index.php\\\/2026\\\/05\\\/02\\\/trump-rfk-jr-i-elestiren-yeni-cerrah-general-adayini-acikladi\\\/\"]}]},{\"@type\":\"ImageObject\",\"inLanguage\":\"tr\",\"@id\":\"https:\\\/\\\/tralleskop.com\\\/index.php\\\/2026\\\/05\\\/02\\\/trump-rfk-jr-i-elestiren-yeni-cerrah-general-adayini-acikladi\\\/#primaryimage\",\"url\":\"https:\\\/\\\/tralleskop.com\\\/wp-content\\\/uploads\\\/2026\\\/05\\\/imrs.php_-5.jpg\",\"contentUrl\":\"https:\\\/\\\/tralleskop.com\\\/wp-content\\\/uploads\\\/2026\\\/05\\\/imrs.php_-5.jpg\",\"width\":1440,\"height\":810},{\"@type\":\"BreadcrumbList\",\"@id\":\"https:\\\/\\\/tralleskop.com\\\/index.php\\\/2026\\\/05\\\/02\\\/trump-rfk-jr-i-elestiren-yeni-cerrah-general-adayini-acikladi\\\/#breadcrumb\",\"itemListElement\":[{\"@type\":\"ListItem\",\"position\":1,\"name\":\"Anasayfa\",\"item\":\"https:\\\/\\\/tralleskop.com\\\/\"},{\"@type\":\"ListItem\",\"position\":2,\"name\":\"Trump, RFK Jr.&#8217;i Ele\u015ftiren Yeni Cerrah General Aday\u0131n\u0131 A\u00e7\u0131klad\u0131\"}]},{\"@type\":\"WebSite\",\"@id\":\"https:\\\/\\\/tralleskop.com\\\/#website\",\"url\":\"https:\\\/\\\/tralleskop.com\\\/\",\"name\":\"Tralleskop\",\"description\":\"\",\"publisher\":{\"@id\":\"https:\\\/\\\/tralleskop.com\\\/#organization\"},\"potentialAction\":[{\"@type\":\"SearchAction\",\"target\":{\"@type\":\"EntryPoint\",\"urlTemplate\":\"https:\\\/\\\/tralleskop.com\\\/?s={search_term_string}\"},\"query-input\":{\"@type\":\"PropertyValueSpecification\",\"valueRequired\":true,\"valueName\":\"search_term_string\"}}],\"inLanguage\":\"tr\"},{\"@type\":\"Organization\",\"@id\":\"https:\\\/\\\/tralleskop.com\\\/#organization\",\"name\":\"Tralleskop\",\"url\":\"https:\\\/\\\/tralleskop.com\\\/\",\"logo\":{\"@type\":\"ImageObject\",\"inLanguage\":\"tr\",\"@id\":\"https:\\\/\\\/tralleskop.com\\\/#\\\/schema\\\/logo\\\/image\\\/\",\"url\":\"https:\\\/\\\/tralleskop.com\\\/wp-content\\\/uploads\\\/2026\\\/03\\\/logo-1.png\",\"contentUrl\":\"https:\\\/\\\/tralleskop.com\\\/wp-content\\\/uploads\\\/2026\\\/03\\\/logo-1.png\",\"width\":2048,\"height\":2048,\"caption\":\"Tralleskop\"},\"image\":{\"@id\":\"https:\\\/\\\/tralleskop.com\\\/#\\\/schema\\\/logo\\\/image\\\/\"},\"sameAs\":[\"https:\\\/\\\/instagram.com\\\/tralleskop\"]},{\"@type\":\"Person\",\"@id\":\"https:\\\/\\\/tralleskop.com\\\/#\\\/schema\\\/person\\\/07eabec51c3edefcb97f005e5a24dc85\",\"name\":\"Yapay Zeka\",\"image\":{\"@type\":\"ImageObject\",\"inLanguage\":\"tr\",\"@id\":\"https:\\\/\\\/secure.gravatar.com\\\/avatar\\\/e77edf5bd5f891271e5db451c58207840f707caf056fe282ae8443fe299d6b9c?s=96&d=mm&r=g\",\"url\":\"https:\\\/\\\/secure.gravatar.com\\\/avatar\\\/e77edf5bd5f891271e5db451c58207840f707caf056fe282ae8443fe299d6b9c?s=96&d=mm&r=g\",\"contentUrl\":\"https:\\\/\\\/secure.gravatar.com\\\/avatar\\\/e77edf5bd5f891271e5db451c58207840f707caf056fe282ae8443fe299d6b9c?s=96&d=mm&r=g\",\"caption\":\"Yapay Zeka\"},\"url\":\"https:\\\/\\\/tralleskop.com\\\/index.php\\\/author\\\/yapayzeka\\\/\"}]}<\/script>\n<!-- \/ Yoast SEO plugin. -->","yoast_head_json":{"title":"Trump, RFK Jr.'i Ele\u015ftiren Yeni Cerrah General Aday\u0131n\u0131 A\u00e7\u0131klad\u0131 - Tralleskop","robots":{"index":"index","follow":"follow","max-snippet":"max-snippet:-1","max-image-preview":"max-image-preview:large","max-video-preview":"max-video-preview:-1"},"canonical":"https:\/\/tralleskop.com\/index.php\/2026\/05\/02\/trump-rfk-jr-i-elestiren-yeni-cerrah-general-adayini-acikladi\/","og_locale":"tr_TR","og_type":"article","og_title":"Trump, RFK Jr.'i Ele\u015ftiren Yeni Cerrah General Aday\u0131n\u0131 A\u00e7\u0131klad\u0131 - Tralleskop","og_description":"Donald Trump, cerrah general nhi\u1ec7mli\u011fi i\u00e7in yeni bir aday daha \u00f6nerdi. Nicole Saphier, Trump'\u0131n \u00fc\u00e7\u00fcnc\u00fc cerrah general adayd\u0131r.","og_url":"https:\/\/tralleskop.com\/index.php\/2026\/05\/02\/trump-rfk-jr-i-elestiren-yeni-cerrah-general-adayini-acikladi\/","og_site_name":"Tralleskop","article_published_time":"2026-05-02T10:00:13+00:00","author":"Yapay Zeka","twitter_card":"summary_large_image","twitter_misc":{"Yazan:":"Yapay Zeka","Tahmini okuma s\u00fcresi":"1 dakika"},"schema":{"@context":"https:\/\/schema.org","@graph":[{"@type":"Article","@id":"https:\/\/tralleskop.com\/index.php\/2026\/05\/02\/trump-rfk-jr-i-elestiren-yeni-cerrah-general-adayini-acikladi\/#article","isPartOf":{"@id":"https:\/\/tralleskop.com\/index.php\/2026\/05\/02\/trump-rfk-jr-i-elestiren-yeni-cerrah-general-adayini-acikladi\/"},"author":{"name":"Yapay Zeka","@id":"https:\/\/tralleskop.com\/#\/schema\/person\/07eabec51c3edefcb97f005e5a24dc85"},"headline":"Trump, RFK Jr.&#8217;i Ele\u015ftiren Yeni Cerrah General Aday\u0131n\u0131 A\u00e7\u0131klad\u0131","datePublished":"2026-05-02T10:00:13+00:00","mainEntityOfPage":{"@id":"https:\/\/tralleskop.com\/index.php\/2026\/05\/02\/trump-rfk-jr-i-elestiren-yeni-cerrah-general-adayini-acikladi\/"},"wordCount":230,"commentCount":0,"publisher":{"@id":"https:\/\/tralleskop.com\/#organization"},"image":{"@id":"https:\/\/tralleskop.com\/index.php\/2026\/05\/02\/trump-rfk-jr-i-elestiren-yeni-cerrah-general-adayini-acikladi\/#primaryimage"},"thumbnailUrl":"https:\/\/tralleskop.com\/wp-content\/uploads\/2026\/05\/imrs.php_-5.jpg","keywords":["cerrah general","Nicole Saphier","RFK Jr.","sa\u011fl\u0131k politikalar\u0131","Trump"],"articleSection":["Ayd\u0131n Siyaset","Sa\u011fl\u0131k","Siyaset"],"inLanguage":"tr","potentialAction":[{"@type":"CommentAction","name":"Comment","target":["https:\/\/tralleskop.com\/index.php\/2026\/05\/02\/trump-rfk-jr-i-elestiren-yeni-cerrah-general-adayini-acikladi\/#respond"]}]},{"@type":"WebPage","@id":"https:\/\/tralleskop.com\/index.php\/2026\/05\/02\/trump-rfk-jr-i-elestiren-yeni-cerrah-general-adayini-acikladi\/","url":"https:\/\/tralleskop.com\/index.php\/2026\/05\/02\/trump-rfk-jr-i-elestiren-yeni-cerrah-general-adayini-acikladi\/","name":"Trump, RFK Jr.'i Ele\u015ftiren Yeni Cerrah General Aday\u0131n\u0131 A\u00e7\u0131klad\u0131 - Tralleskop","isPartOf":{"@id":"https:\/\/tralleskop.com\/#website"},"primaryImageOfPage":{"@id":"https:\/\/tralleskop.com\/index.php\/2026\/05\/02\/trump-rfk-jr-i-elestiren-yeni-cerrah-general-adayini-acikladi\/#primaryimage"},"image":{"@id":"https:\/\/tralleskop.com\/index.php\/2026\/05\/02\/trump-rfk-jr-i-elestiren-yeni-cerrah-general-adayini-acikladi\/#primaryimage"},"thumbnailUrl":"https:\/\/tralleskop.com\/wp-content\/uploads\/2026\/05\/imrs.php_-5.jpg","datePublished":"2026-05-02T10:00:13+00:00","breadcrumb":{"@id":"https:\/\/tralleskop.com\/index.php\/2026\/05\/02\/trump-rfk-jr-i-elestiren-yeni-cerrah-general-adayini-acikladi\/#breadcrumb"},"inLanguage":"tr","potentialAction":[{"@type":"ReadAction","target":["https:\/\/tralleskop.com\/index.php\/2026\/05\/02\/trump-rfk-jr-i-elestiren-yeni-cerrah-general-adayini-acikladi\/"]}]},{"@type":"ImageObject","inLanguage":"tr","@id":"https:\/\/tralleskop.com\/index.php\/2026\/05\/02\/trump-rfk-jr-i-elestiren-yeni-cerrah-general-adayini-acikladi\/#primaryimage","url":"https:\/\/tralleskop.com\/wp-content\/uploads\/2026\/05\/imrs.php_-5.jpg","contentUrl":"https:\/\/tralleskop.com\/wp-content\/uploads\/2026\/05\/imrs.php_-5.jpg","width":1440,"height":810},{"@type":"BreadcrumbList","@id":"https:\/\/tralleskop.com\/index.php\/2026\/05\/02\/trump-rfk-jr-i-elestiren-yeni-cerrah-general-adayini-acikladi\/#breadcrumb","itemListElement":[{"@type":"ListItem","position":1,"name":"Anasayfa","item":"https:\/\/tralleskop.com\/"},{"@type":"ListItem","position":2,"name":"Trump, RFK Jr.&#8217;i Ele\u015ftiren Yeni Cerrah General Aday\u0131n\u0131 A\u00e7\u0131klad\u0131"}]},{"@type":"WebSite","@id":"https:\/\/tralleskop.com\/#website","url":"https:\/\/tralleskop.com\/","name":"Tralleskop","description":"","publisher":{"@id":"https:\/\/tralleskop.com\/#organization"},"potentialAction":[{"@type":"SearchAction","target":{"@type":"EntryPoint","urlTemplate":"https:\/\/tralleskop.com\/?s={search_term_string}"},"query-input":{"@type":"PropertyValueSpecification","valueRequired":true,"valueName":"search_term_string"}}],"inLanguage":"tr"},{"@type":"Organization","@id":"https:\/\/tralleskop.com\/#organization","name":"Tralleskop","url":"https:\/\/tralleskop.com\/","logo":{"@type":"ImageObject","inLanguage":"tr","@id":"https:\/\/tralleskop.com\/#\/schema\/logo\/image\/","url":"https:\/\/tralleskop.com\/wp-content\/uploads\/2026\/03\/logo-1.png","contentUrl":"https:\/\/tralleskop.com\/wp-content\/uploads\/2026\/03\/logo-1.png","width":2048,"height":2048,"caption":"Tralleskop"},"image":{"@id":"https:\/\/tralleskop.com\/#\/schema\/logo\/image\/"},"sameAs":["https:\/\/instagram.com\/tralleskop"]},{"@type":"Person","@id":"https:\/\/tralleskop.com\/#\/schema\/person\/07eabec51c3edefcb97f005e5a24dc85","name":"Yapay Zeka","image":{"@type":"ImageObject","inLanguage":"tr","@id":"https:\/\/secure.gravatar.com\/avatar\/e77edf5bd5f891271e5db451c58207840f707caf056fe282ae8443fe299d6b9c?s=96&d=mm&r=g","url":"https:\/\/secure.gravatar.com\/avatar\/e77edf5bd5f891271e5db451c58207840f707caf056fe282ae8443fe299d6b9c?s=96&d=mm&r=g","contentUrl":"https:\/\/secure.gravatar.com\/avatar\/e77edf5bd5f891271e5db451c58207840f707caf056fe282ae8443fe299d6b9c?s=96&d=mm&r=g","caption":"Yapay Zeka"},"url":"https:\/\/tralleskop.com\/index.php\/author\/yapayzeka\/"}]}},"jetpack_featured_media_url":"https:\/\/tralleskop.com\/wp-content\/uploads\/2026\/05\/imrs.php_-5.jpg","_links":{"self":[{"href":"https:\/\/tralleskop.com\/index.php\/wp-json\/wp\/v2\/posts\/590","targetHints":{"allow":["GET"]}}],"collection":[{"href":"https:\/\/tralleskop.com\/index.php\/wp-json\/wp\/v2\/posts"}],"about":[{"href":"https:\/\/tralleskop.com\/index.php\/wp-json\/wp\/v2\/types\/post"}],"author":[{"embeddable":true,"href":"https:\/\/tralleskop.com\/index.php\/wp-json\/wp\/v2\/users\/3"}],"replies":[{"embeddable":true,"href":"https:\/\/tralleskop.com\/index.php\/wp-json\/wp\/v2\/comments?post=590"}],"version-history":[{"count":0,"href":"https:\/\/tralleskop.com\/index.php\/wp-json\/wp\/v2\/posts\/590\/revisions"}],"wp:featuredmedia":[{"embeddable":true,"href":"https:\/\/tralleskop.com\/index.php\/wp-json\/wp\/v2\/media\/591"}],"wp:attachment":[{"href":"https:\/\/tralleskop.com\/index.php\/wp-json\/wp\/v2\/media?parent=590"}],"wp:term":[{"taxonomy":"category","embeddable":true,"href":"https:\/\/tralleskop.com\/index.php\/wp-json\/wp\/v2\/categories?post=590"},{"taxonomy":"post_tag","embeddable":true,"href":"https:\/\/tralleskop.com\/index.php\/wp-json\/wp\/v2\/tags?post=590"}],"curies":[{"name":"wp","href":"https:\/\/api.w.org\/{rel}","templated":true}]}}