{"id":578,"date":"2026-05-02T11:30:08","date_gmt":"2026-05-02T08:30:08","guid":{"rendered":"https:\/\/tralleskop.com\/index.php\/2026\/05\/02\/venedik-bienali-jurisi-rusyanin-katilimi-nedeniyle-istifa-etti\/"},"modified":"2026-05-02T11:30:08","modified_gmt":"2026-05-02T08:30:08","slug":"venedik-bienali-jurisi-rusyanin-katilimi-nedeniyle-istifa-etti","status":"publish","type":"post","link":"https:\/\/tralleskop.com\/index.php\/2026\/05\/02\/venedik-bienali-jurisi-rusyanin-katilimi-nedeniyle-istifa-etti\/","title":{"rendered":"Venedik Bienali J\u00fcrisi Rusya&#8217;n\u0131n Kat\u0131l\u0131m\u0131 Nedeniyle \u0130stifa Etti"},"content":{"rendered":"<h1>Venedik Bienali J\u00fcrisi Rusya&#8217;n\u0131n Kat\u0131l\u0131m\u0131 Nedeniyle \u0130stifa Etti<\/h1>\n<p>Venedik Bienali&#8217;nin ba\u015flang\u0131c\u0131ndan yaln\u0131zca g\u00fcnler \u00f6nce, j\u00fcri \u00fcyeleri topluca istifa etti. Bu karar, Rusya&#8217;n\u0131n Ukrayna&#8217;y\u0131 tam \u00f6l\u00e7ekli i\u015fgali\u4e4b\u540e ilk kezBienale geri d\u00f6nmesiyle ilgili artan gerilimler sonras\u0131nda geldi.<\/p>\n<h2>Arka Plan<\/h2>\n<p>Rusya&#8217;n\u0131n Ukrayna&#8217;y\u0131 i\u015fgali, uluslararas\u0131 toplumda geni\u015f \u00e7apta k\u0131nand\u0131 ve bir\u00e7ok \u06a9\u0634\u0648\u0631 ile k\u00fclt\u00fcr kurumunda Rusya&#8217;ya kar\u015f\u0131 yapt\u0131r\u0131mlar uygulanmas\u0131na yol a\u00e7t\u0131. Bu durumda, Venedik Bienali&#8217;nin Rusya&#8217;y\u0131 tekrar kat\u0131l\u0131mc\u0131 olarak kabul etmesi, bir\u00e7ok ki\u015fi ve kurulu\u015fun tepkisine neden oldu.<\/p>\n<h3>Tansiyonun Artmas\u0131<\/h3>\n<p>J\u00fcri \u00fcyelerinin istifas\u0131, Bienal&#8217;inRussia&#8217;n\u0131n kat\u0131l\u0131\u011f\u0131n\u0131 s\u00fcrd\u00fcrece\u011fi y\u00f6n\u00fcndeki karar\u0131na kar\u015f\u0131 bir tepki olarak g\u00f6r\u00fcl\u00fcyor. <b>Rusya&#8217;n\u0131n kat\u0131l\u0131ma al\u0131nmas\u0131<\/b>, bir\u00e7ok sanatsever ve k\u00fcrat\u00f6r taraf\u0131ndan <b>Ukrayna kar\u015f\u0131tl\u0131\u011f\u0131<\/b> olarak yorumland\u0131. Bienal organizat\u00f6rleri, Rusya&#8217;n\u0131n kat\u0131lmas\u0131na izin verilmesinin <b>sanat\u0131n evrenselli\u011fi<\/b> ve <b>uluslararas\u0131 diyalog<\/b> a\u00e7\u0131s\u0131ndan\u5fc5\u8981 oldu\u011funu savunuyor.<\/p>\n<h2>Toplumsal Etki<\/h2>\n<p>Bu geli\u015fme,Bienal&#8217;de <b>sanat ve siyasetin kesi\u015fme noktas\u0131<\/b> hakk\u0131nda \u00f6nemli sorular\u0131 g\u00fcndeme getiriyor. Sanat\u0131n, politik gerilimleri a\u015fma ve insanlar\u0131 birle\u015ftirmedeki rol\u00fc yeniden de\u011ferlendiriliyor. Ancak, Rusya&#8217;n\u0131n i\u015fgalinin ard\u0131ndan Ukrayna&#8217;da ya\u015fayan insanlar ve sanat\u00e7\u0131lar a\u00e7\u0131s\u0131ndan, bu participasyon <b>hassasiyet<\/b> ve <b>sayg\u0131<\/b> eksikli\u011fi olarak alg\u0131lan\u0131yor.<\/p>\n<p>\u0130stifan\u0131n ard\u0131ndan, Bienal organizat\u00f6rleri <b>yeni j\u00fcri \u00fcyeleri<\/b> atayacak ve\u5c55\u306e \u043f\u0440\u043e\u0434\u043e\u043b\u0436 olmas\u0131na \u00e7al\u0131\u015facak. Ancak, bu \u0918\u091f\u0928enin Venedik Bienali&#8217;nin <b>itibar\u0131<\/b> ve <b>sanatsal misyonu<\/b> \u00fczerindeki etkileri merakla bekleniyor.<\/p>\n","protected":false},"excerpt":{"rendered":"<p>Venedik Bienali j\u00fcrisi, Rusya&#8217;n\u0131n ilk kez Ukrayna&#8217;y\u0131 i\u015fgali sonras\u0131 geri d\u00f6nmesiyle ilgili artan gerilimler nedeniyle topluca istifa etti.<\/p>\n","protected":false},"author":3,"featured_media":579,"comment_status":"open","ping_status":"open","sticky":false,"template":"","format":"standard","meta":{"googlesitekit_rrm_CAow15e3DA:productID":"","_coblocks_attr":"","_coblocks_dimensions":"","_coblocks_responsive_height":"","_coblocks_accordion_ie_support":"","_ai_summary":"","_external_image_url":"https:\/\/ichef.bbci.co.uk\/news\/1024\/branded_news\/bad6\/live\/0773d1f0-44e0-11f1-bd52-e755d604ece4.jpg","footnotes":""},"categories":[5,22,49,40],"tags":[287,179,288,286,176],"class_list":["post-578","post","type-post","status-publish","format-standard","has-post-thumbnail","hentry","category-dunya","category-gundem","category-aydin-kultur","category-kultur-sanat","tag-juri-istifasi","tag-rusya","tag-sanat-ve-siyaset","tag-ukrayna","tag-venedik-bienali"],"yoast_head":"<!-- This site is optimized with the Yoast SEO plugin v27.5 - https:\/\/yoast.com\/product\/yoast-seo-wordpress\/ -->\n<title>Venedik Bienali J\u00fcrisi Rusya&#039;n\u0131n Kat\u0131l\u0131m\u0131 Nedeniyle \u0130stifa Etti - Tralleskop<\/title>\n<meta name=\"robots\" content=\"index, follow, max-snippet:-1, max-image-preview:large, max-video-preview:-1\" \/>\n<link rel=\"canonical\" href=\"https:\/\/tralleskop.com\/index.php\/2026\/05\/02\/venedik-bienali-jurisi-rusyanin-katilimi-nedeniyle-istifa-etti\/\" \/>\n<meta property=\"og:locale\" content=\"tr_TR\" \/>\n<meta property=\"og:type\" content=\"article\" \/>\n<meta property=\"og:title\" content=\"Venedik Bienali J\u00fcrisi Rusya&#039;n\u0131n Kat\u0131l\u0131m\u0131 Nedeniyle \u0130stifa Etti - Tralleskop\" \/>\n<meta property=\"og:description\" content=\"Venedik Bienali j\u00fcrisi, Rusya&#039;n\u0131n ilk kez Ukrayna&#039;y\u0131 i\u015fgali sonras\u0131 geri d\u00f6nmesiyle ilgili artan gerilimler nedeniyle topluca istifa etti.\" \/>\n<meta property=\"og:url\" content=\"https:\/\/tralleskop.com\/index.php\/2026\/05\/02\/venedik-bienali-jurisi-rusyanin-katilimi-nedeniyle-istifa-etti\/\" \/>\n<meta property=\"og:site_name\" content=\"Tralleskop\" \/>\n<meta property=\"article:published_time\" content=\"2026-05-02T08:30:08+00:00\" \/>\n<meta name=\"author\" content=\"Yapay Zeka\" \/>\n<meta name=\"twitter:card\" content=\"summary_large_image\" \/>\n<meta name=\"twitter:label1\" content=\"Yazan:\" \/>\n\t<meta name=\"twitter:data1\" content=\"Yapay Zeka\" \/>\n\t<meta name=\"twitter:label2\" content=\"Tahmini okuma s\u00fcresi\" \/>\n\t<meta name=\"twitter:data2\" content=\"1 dakika\" \/>\n<script type=\"application\/ld+json\" class=\"yoast-schema-graph\">{\"@context\":\"https:\\\/\\\/schema.org\",\"@graph\":[{\"@type\":\"Article\",\"@id\":\"https:\\\/\\\/tralleskop.com\\\/index.php\\\/2026\\\/05\\\/02\\\/venedik-bienali-jurisi-rusyanin-katilimi-nedeniyle-istifa-etti\\\/#article\",\"isPartOf\":{\"@id\":\"https:\\\/\\\/tralleskop.com\\\/index.php\\\/2026\\\/05\\\/02\\\/venedik-bienali-jurisi-rusyanin-katilimi-nedeniyle-istifa-etti\\\/\"},\"author\":{\"name\":\"Yapay Zeka\",\"@id\":\"https:\\\/\\\/tralleskop.com\\\/#\\\/schema\\\/person\\\/07eabec51c3edefcb97f005e5a24dc85\"},\"headline\":\"Venedik Bienali J\u00fcrisi Rusya&#8217;n\u0131n Kat\u0131l\u0131m\u0131 Nedeniyle \u0130stifa Etti\",\"datePublished\":\"2026-05-02T08:30:08+00:00\",\"mainEntityOfPage\":{\"@id\":\"https:\\\/\\\/tralleskop.com\\\/index.php\\\/2026\\\/05\\\/02\\\/venedik-bienali-jurisi-rusyanin-katilimi-nedeniyle-istifa-etti\\\/\"},\"wordCount\":341,\"commentCount\":0,\"publisher\":{\"@id\":\"https:\\\/\\\/tralleskop.com\\\/#organization\"},\"image\":{\"@id\":\"https:\\\/\\\/tralleskop.com\\\/index.php\\\/2026\\\/05\\\/02\\\/venedik-bienali-jurisi-rusyanin-katilimi-nedeniyle-istifa-etti\\\/#primaryimage\"},\"thumbnailUrl\":\"https:\\\/\\\/tralleskop.com\\\/wp-content\\\/uploads\\\/2026\\\/05\\\/0773d1f0-44e0-11f1-bd52-e755d604ece4.jpg.jpg\",\"keywords\":[\"j\u00fcri istifas\u0131\",\"Rusya\",\"sanat ve siyaset\",\"Ukrayna\",\"Venedik Bienali\"],\"articleSection\":[\"d\u00fcnya\",\"G\u00fcndem\",\"K\u00fclt\u00fcr\",\"K\u00fclt\u00fcr Sanat\"],\"inLanguage\":\"tr\",\"potentialAction\":[{\"@type\":\"CommentAction\",\"name\":\"Comment\",\"target\":[\"https:\\\/\\\/tralleskop.com\\\/index.php\\\/2026\\\/05\\\/02\\\/venedik-bienali-jurisi-rusyanin-katilimi-nedeniyle-istifa-etti\\\/#respond\"]}]},{\"@type\":\"WebPage\",\"@id\":\"https:\\\/\\\/tralleskop.com\\\/index.php\\\/2026\\\/05\\\/02\\\/venedik-bienali-jurisi-rusyanin-katilimi-nedeniyle-istifa-etti\\\/\",\"url\":\"https:\\\/\\\/tralleskop.com\\\/index.php\\\/2026\\\/05\\\/02\\\/venedik-bienali-jurisi-rusyanin-katilimi-nedeniyle-istifa-etti\\\/\",\"name\":\"Venedik Bienali J\u00fcrisi Rusya'n\u0131n Kat\u0131l\u0131m\u0131 Nedeniyle \u0130stifa Etti - Tralleskop\",\"isPartOf\":{\"@id\":\"https:\\\/\\\/tralleskop.com\\\/#website\"},\"primaryImageOfPage\":{\"@id\":\"https:\\\/\\\/tralleskop.com\\\/index.php\\\/2026\\\/05\\\/02\\\/venedik-bienali-jurisi-rusyanin-katilimi-nedeniyle-istifa-etti\\\/#primaryimage\"},\"image\":{\"@id\":\"https:\\\/\\\/tralleskop.com\\\/index.php\\\/2026\\\/05\\\/02\\\/venedik-bienali-jurisi-rusyanin-katilimi-nedeniyle-istifa-etti\\\/#primaryimage\"},\"thumbnailUrl\":\"https:\\\/\\\/tralleskop.com\\\/wp-content\\\/uploads\\\/2026\\\/05\\\/0773d1f0-44e0-11f1-bd52-e755d604ece4.jpg.jpg\",\"datePublished\":\"2026-05-02T08:30:08+00:00\",\"breadcrumb\":{\"@id\":\"https:\\\/\\\/tralleskop.com\\\/index.php\\\/2026\\\/05\\\/02\\\/venedik-bienali-jurisi-rusyanin-katilimi-nedeniyle-istifa-etti\\\/#breadcrumb\"},\"inLanguage\":\"tr\",\"potentialAction\":[{\"@type\":\"ReadAction\",\"target\":[\"https:\\\/\\\/tralleskop.com\\\/index.php\\\/2026\\\/05\\\/02\\\/venedik-bienali-jurisi-rusyanin-katilimi-nedeniyle-istifa-etti\\\/\"]}]},{\"@type\":\"ImageObject\",\"inLanguage\":\"tr\",\"@id\":\"https:\\\/\\\/tralleskop.com\\\/index.php\\\/2026\\\/05\\\/02\\\/venedik-bienali-jurisi-rusyanin-katilimi-nedeniyle-istifa-etti\\\/#primaryimage\",\"url\":\"https:\\\/\\\/tralleskop.com\\\/wp-content\\\/uploads\\\/2026\\\/05\\\/0773d1f0-44e0-11f1-bd52-e755d604ece4.jpg.jpg\",\"contentUrl\":\"https:\\\/\\\/tralleskop.com\\\/wp-content\\\/uploads\\\/2026\\\/05\\\/0773d1f0-44e0-11f1-bd52-e755d604ece4.jpg.jpg\",\"width\":1024,\"height\":576},{\"@type\":\"BreadcrumbList\",\"@id\":\"https:\\\/\\\/tralleskop.com\\\/index.php\\\/2026\\\/05\\\/02\\\/venedik-bienali-jurisi-rusyanin-katilimi-nedeniyle-istifa-etti\\\/#breadcrumb\",\"itemListElement\":[{\"@type\":\"ListItem\",\"position\":1,\"name\":\"Anasayfa\",\"item\":\"https:\\\/\\\/tralleskop.com\\\/\"},{\"@type\":\"ListItem\",\"position\":2,\"name\":\"Venedik Bienali J\u00fcrisi Rusya&#8217;n\u0131n Kat\u0131l\u0131m\u0131 Nedeniyle \u0130stifa Etti\"}]},{\"@type\":\"WebSite\",\"@id\":\"https:\\\/\\\/tralleskop.com\\\/#website\",\"url\":\"https:\\\/\\\/tralleskop.com\\\/\",\"name\":\"Tralleskop\",\"description\":\"\",\"publisher\":{\"@id\":\"https:\\\/\\\/tralleskop.com\\\/#organization\"},\"potentialAction\":[{\"@type\":\"SearchAction\",\"target\":{\"@type\":\"EntryPoint\",\"urlTemplate\":\"https:\\\/\\\/tralleskop.com\\\/?s={search_term_string}\"},\"query-input\":{\"@type\":\"PropertyValueSpecification\",\"valueRequired\":true,\"valueName\":\"search_term_string\"}}],\"inLanguage\":\"tr\"},{\"@type\":\"Organization\",\"@id\":\"https:\\\/\\\/tralleskop.com\\\/#organization\",\"name\":\"Tralleskop\",\"url\":\"https:\\\/\\\/tralleskop.com\\\/\",\"logo\":{\"@type\":\"ImageObject\",\"inLanguage\":\"tr\",\"@id\":\"https:\\\/\\\/tralleskop.com\\\/#\\\/schema\\\/logo\\\/image\\\/\",\"url\":\"https:\\\/\\\/tralleskop.com\\\/wp-content\\\/uploads\\\/2026\\\/03\\\/logo-1.png\",\"contentUrl\":\"https:\\\/\\\/tralleskop.com\\\/wp-content\\\/uploads\\\/2026\\\/03\\\/logo-1.png\",\"width\":2048,\"height\":2048,\"caption\":\"Tralleskop\"},\"image\":{\"@id\":\"https:\\\/\\\/tralleskop.com\\\/#\\\/schema\\\/logo\\\/image\\\/\"},\"sameAs\":[\"https:\\\/\\\/instagram.com\\\/tralleskop\"]},{\"@type\":\"Person\",\"@id\":\"https:\\\/\\\/tralleskop.com\\\/#\\\/schema\\\/person\\\/07eabec51c3edefcb97f005e5a24dc85\",\"name\":\"Yapay Zeka\",\"image\":{\"@type\":\"ImageObject\",\"inLanguage\":\"tr\",\"@id\":\"https:\\\/\\\/secure.gravatar.com\\\/avatar\\\/e77edf5bd5f891271e5db451c58207840f707caf056fe282ae8443fe299d6b9c?s=96&d=mm&r=g\",\"url\":\"https:\\\/\\\/secure.gravatar.com\\\/avatar\\\/e77edf5bd5f891271e5db451c58207840f707caf056fe282ae8443fe299d6b9c?s=96&d=mm&r=g\",\"contentUrl\":\"https:\\\/\\\/secure.gravatar.com\\\/avatar\\\/e77edf5bd5f891271e5db451c58207840f707caf056fe282ae8443fe299d6b9c?s=96&d=mm&r=g\",\"caption\":\"Yapay Zeka\"},\"url\":\"https:\\\/\\\/tralleskop.com\\\/index.php\\\/author\\\/yapayzeka\\\/\"}]}<\/script>\n<!-- \/ Yoast SEO plugin. -->","yoast_head_json":{"title":"Venedik Bienali J\u00fcrisi Rusya'n\u0131n Kat\u0131l\u0131m\u0131 Nedeniyle \u0130stifa Etti - Tralleskop","robots":{"index":"index","follow":"follow","max-snippet":"max-snippet:-1","max-image-preview":"max-image-preview:large","max-video-preview":"max-video-preview:-1"},"canonical":"https:\/\/tralleskop.com\/index.php\/2026\/05\/02\/venedik-bienali-jurisi-rusyanin-katilimi-nedeniyle-istifa-etti\/","og_locale":"tr_TR","og_type":"article","og_title":"Venedik Bienali J\u00fcrisi Rusya'n\u0131n Kat\u0131l\u0131m\u0131 Nedeniyle \u0130stifa Etti - Tralleskop","og_description":"Venedik Bienali j\u00fcrisi, Rusya'n\u0131n ilk kez Ukrayna'y\u0131 i\u015fgali sonras\u0131 geri d\u00f6nmesiyle ilgili artan gerilimler nedeniyle topluca istifa etti.","og_url":"https:\/\/tralleskop.com\/index.php\/2026\/05\/02\/venedik-bienali-jurisi-rusyanin-katilimi-nedeniyle-istifa-etti\/","og_site_name":"Tralleskop","article_published_time":"2026-05-02T08:30:08+00:00","author":"Yapay Zeka","twitter_card":"summary_large_image","twitter_misc":{"Yazan:":"Yapay Zeka","Tahmini okuma s\u00fcresi":"1 dakika"},"schema":{"@context":"https:\/\/schema.org","@graph":[{"@type":"Article","@id":"https:\/\/tralleskop.com\/index.php\/2026\/05\/02\/venedik-bienali-jurisi-rusyanin-katilimi-nedeniyle-istifa-etti\/#article","isPartOf":{"@id":"https:\/\/tralleskop.com\/index.php\/2026\/05\/02\/venedik-bienali-jurisi-rusyanin-katilimi-nedeniyle-istifa-etti\/"},"author":{"name":"Yapay Zeka","@id":"https:\/\/tralleskop.com\/#\/schema\/person\/07eabec51c3edefcb97f005e5a24dc85"},"headline":"Venedik Bienali J\u00fcrisi Rusya&#8217;n\u0131n Kat\u0131l\u0131m\u0131 Nedeniyle \u0130stifa Etti","datePublished":"2026-05-02T08:30:08+00:00","mainEntityOfPage":{"@id":"https:\/\/tralleskop.com\/index.php\/2026\/05\/02\/venedik-bienali-jurisi-rusyanin-katilimi-nedeniyle-istifa-etti\/"},"wordCount":341,"commentCount":0,"publisher":{"@id":"https:\/\/tralleskop.com\/#organization"},"image":{"@id":"https:\/\/tralleskop.com\/index.php\/2026\/05\/02\/venedik-bienali-jurisi-rusyanin-katilimi-nedeniyle-istifa-etti\/#primaryimage"},"thumbnailUrl":"https:\/\/tralleskop.com\/wp-content\/uploads\/2026\/05\/0773d1f0-44e0-11f1-bd52-e755d604ece4.jpg.jpg","keywords":["j\u00fcri istifas\u0131","Rusya","sanat ve siyaset","Ukrayna","Venedik Bienali"],"articleSection":["d\u00fcnya","G\u00fcndem","K\u00fclt\u00fcr","K\u00fclt\u00fcr Sanat"],"inLanguage":"tr","potentialAction":[{"@type":"CommentAction","name":"Comment","target":["https:\/\/tralleskop.com\/index.php\/2026\/05\/02\/venedik-bienali-jurisi-rusyanin-katilimi-nedeniyle-istifa-etti\/#respond"]}]},{"@type":"WebPage","@id":"https:\/\/tralleskop.com\/index.php\/2026\/05\/02\/venedik-bienali-jurisi-rusyanin-katilimi-nedeniyle-istifa-etti\/","url":"https:\/\/tralleskop.com\/index.php\/2026\/05\/02\/venedik-bienali-jurisi-rusyanin-katilimi-nedeniyle-istifa-etti\/","name":"Venedik Bienali J\u00fcrisi Rusya'n\u0131n Kat\u0131l\u0131m\u0131 Nedeniyle \u0130stifa Etti - Tralleskop","isPartOf":{"@id":"https:\/\/tralleskop.com\/#website"},"primaryImageOfPage":{"@id":"https:\/\/tralleskop.com\/index.php\/2026\/05\/02\/venedik-bienali-jurisi-rusyanin-katilimi-nedeniyle-istifa-etti\/#primaryimage"},"image":{"@id":"https:\/\/tralleskop.com\/index.php\/2026\/05\/02\/venedik-bienali-jurisi-rusyanin-katilimi-nedeniyle-istifa-etti\/#primaryimage"},"thumbnailUrl":"https:\/\/tralleskop.com\/wp-content\/uploads\/2026\/05\/0773d1f0-44e0-11f1-bd52-e755d604ece4.jpg.jpg","datePublished":"2026-05-02T08:30:08+00:00","breadcrumb":{"@id":"https:\/\/tralleskop.com\/index.php\/2026\/05\/02\/venedik-bienali-jurisi-rusyanin-katilimi-nedeniyle-istifa-etti\/#breadcrumb"},"inLanguage":"tr","potentialAction":[{"@type":"ReadAction","target":["https:\/\/tralleskop.com\/index.php\/2026\/05\/02\/venedik-bienali-jurisi-rusyanin-katilimi-nedeniyle-istifa-etti\/"]}]},{"@type":"ImageObject","inLanguage":"tr","@id":"https:\/\/tralleskop.com\/index.php\/2026\/05\/02\/venedik-bienali-jurisi-rusyanin-katilimi-nedeniyle-istifa-etti\/#primaryimage","url":"https:\/\/tralleskop.com\/wp-content\/uploads\/2026\/05\/0773d1f0-44e0-11f1-bd52-e755d604ece4.jpg.jpg","contentUrl":"https:\/\/tralleskop.com\/wp-content\/uploads\/2026\/05\/0773d1f0-44e0-11f1-bd52-e755d604ece4.jpg.jpg","width":1024,"height":576},{"@type":"BreadcrumbList","@id":"https:\/\/tralleskop.com\/index.php\/2026\/05\/02\/venedik-bienali-jurisi-rusyanin-katilimi-nedeniyle-istifa-etti\/#breadcrumb","itemListElement":[{"@type":"ListItem","position":1,"name":"Anasayfa","item":"https:\/\/tralleskop.com\/"},{"@type":"ListItem","position":2,"name":"Venedik Bienali J\u00fcrisi Rusya&#8217;n\u0131n Kat\u0131l\u0131m\u0131 Nedeniyle \u0130stifa Etti"}]},{"@type":"WebSite","@id":"https:\/\/tralleskop.com\/#website","url":"https:\/\/tralleskop.com\/","name":"Tralleskop","description":"","publisher":{"@id":"https:\/\/tralleskop.com\/#organization"},"potentialAction":[{"@type":"SearchAction","target":{"@type":"EntryPoint","urlTemplate":"https:\/\/tralleskop.com\/?s={search_term_string}"},"query-input":{"@type":"PropertyValueSpecification","valueRequired":true,"valueName":"search_term_string"}}],"inLanguage":"tr"},{"@type":"Organization","@id":"https:\/\/tralleskop.com\/#organization","name":"Tralleskop","url":"https:\/\/tralleskop.com\/","logo":{"@type":"ImageObject","inLanguage":"tr","@id":"https:\/\/tralleskop.com\/#\/schema\/logo\/image\/","url":"https:\/\/tralleskop.com\/wp-content\/uploads\/2026\/03\/logo-1.png","contentUrl":"https:\/\/tralleskop.com\/wp-content\/uploads\/2026\/03\/logo-1.png","width":2048,"height":2048,"caption":"Tralleskop"},"image":{"@id":"https:\/\/tralleskop.com\/#\/schema\/logo\/image\/"},"sameAs":["https:\/\/instagram.com\/tralleskop"]},{"@type":"Person","@id":"https:\/\/tralleskop.com\/#\/schema\/person\/07eabec51c3edefcb97f005e5a24dc85","name":"Yapay Zeka","image":{"@type":"ImageObject","inLanguage":"tr","@id":"https:\/\/secure.gravatar.com\/avatar\/e77edf5bd5f891271e5db451c58207840f707caf056fe282ae8443fe299d6b9c?s=96&d=mm&r=g","url":"https:\/\/secure.gravatar.com\/avatar\/e77edf5bd5f891271e5db451c58207840f707caf056fe282ae8443fe299d6b9c?s=96&d=mm&r=g","contentUrl":"https:\/\/secure.gravatar.com\/avatar\/e77edf5bd5f891271e5db451c58207840f707caf056fe282ae8443fe299d6b9c?s=96&d=mm&r=g","caption":"Yapay Zeka"},"url":"https:\/\/tralleskop.com\/index.php\/author\/yapayzeka\/"}]}},"jetpack_featured_media_url":"https:\/\/tralleskop.com\/wp-content\/uploads\/2026\/05\/0773d1f0-44e0-11f1-bd52-e755d604ece4.jpg.jpg","_links":{"self":[{"href":"https:\/\/tralleskop.com\/index.php\/wp-json\/wp\/v2\/posts\/578","targetHints":{"allow":["GET"]}}],"collection":[{"href":"https:\/\/tralleskop.com\/index.php\/wp-json\/wp\/v2\/posts"}],"about":[{"href":"https:\/\/tralleskop.com\/index.php\/wp-json\/wp\/v2\/types\/post"}],"author":[{"embeddable":true,"href":"https:\/\/tralleskop.com\/index.php\/wp-json\/wp\/v2\/users\/3"}],"replies":[{"embeddable":true,"href":"https:\/\/tralleskop.com\/index.php\/wp-json\/wp\/v2\/comments?post=578"}],"version-history":[{"count":0,"href":"https:\/\/tralleskop.com\/index.php\/wp-json\/wp\/v2\/posts\/578\/revisions"}],"wp:featuredmedia":[{"embeddable":true,"href":"https:\/\/tralleskop.com\/index.php\/wp-json\/wp\/v2\/media\/579"}],"wp:attachment":[{"href":"https:\/\/tralleskop.com\/index.php\/wp-json\/wp\/v2\/media?parent=578"}],"wp:term":[{"taxonomy":"category","embeddable":true,"href":"https:\/\/tralleskop.com\/index.php\/wp-json\/wp\/v2\/categories?post=578"},{"taxonomy":"post_tag","embeddable":true,"href":"https:\/\/tralleskop.com\/index.php\/wp-json\/wp\/v2\/tags?post=578"}],"curies":[{"name":"wp","href":"https:\/\/api.w.org\/{rel}","templated":true}]}}