{"id":577,"date":"2026-05-02T11:15:07","date_gmt":"2026-05-02T08:15:07","guid":{"rendered":"https:\/\/tralleskop.com\/index.php\/2026\/05\/02\/schumerin-janet-mills-destegi-demokratik-elestiri-ve-onumuzdeki-secimler\/"},"modified":"2026-05-02T11:15:07","modified_gmt":"2026-05-02T08:15:07","slug":"schumerin-janet-mills-destegi-demokratik-elestiri-ve-onumuzdeki-secimler","status":"publish","type":"post","link":"https:\/\/tralleskop.com\/index.php\/2026\/05\/02\/schumerin-janet-mills-destegi-demokratik-elestiri-ve-onumuzdeki-secimler\/","title":{"rendered":"Schumer&#8217;in Janet Mills Deste\u011fi: Demokratik Ele\u015ftiri ve \u00d6n\u00fcm\u00fczdeki Se\u00e7imler"},"content":{"rendered":"<h1>Schumer&#8217;in Janet Mills Deste\u011fi: Demokratik Ele\u015ftiri ve \u00d6n\u00fcm\u00fczdeki Se\u00e7imler<\/h1>\n<p>Demokratik Parti&#8217;nin \u00f6nde gelen isimleri, Senate Minority Leader Chuck Schumer&#8217;in Maine Valisi Janet Mills&#8217;i desteklemesinin ba\u015far\u0131s\u0131z olmas\u0131n\u0131n, Schumer&#8217;in \u00f6n\u00fcm\u00fczdeki se\u00e7imlerde tarafs\u0131z kalmas\u0131 gerekti\u011fini g\u00f6sterdi\u011fini s\u00f6yl\u00fcyor.<\/p>\n<h2><b>Janet Mills Meltdown: Schumer&#8217;in Deste\u011fi<\/b><\/h2>\n<p>Chuck Schumer&#8217;in Janet Mills&#8217;i desteklemesi, Demokratik Parti i\u00e7inde b\u00fcy\u00fck bir tart\u0131\u015fma konusu haline geldi. Mills&#8217;in ba\u015far\u0131s\u0131zl\u0131\u011f\u0131, Schumer&#8217;in adaylar\u0131 se\u00e7mede etkili olmad\u0131\u011f\u0131n\u0131 ve parti i\u00e7in zararl\u0131 olabilece\u011fini g\u00f6sterdi.<\/p>\n<h3><b>Demokratik Ele\u015ftiri: Schumer&#8217;in Rol\u00fc<\/b><\/h3>\n<p>Demokratik Parti&#8217;nin baz\u0131 \u00fcyeleri, Schumer&#8217;in \u00f6n\u00fcm\u00fczdeki se\u00e7imlerde adaylar\u0131 desteklememesi gerekti\u011fini s\u00f6yl\u00fcyor. Bu ele\u015ftirmenler, Schumer&#8217;in tarafs\u0131z kalmas\u0131 ve parti i\u00e7i rekabeti desteklemesi gerekti\u011fini d\u00fc\u015f\u00fcn\u00fcyor.<\/p>\n<h2><b>\u00d6n\u00fcm\u00fczdeki Se\u00e7imler ve Schumer&#8217;in Gelece\u011fi<\/b><\/h2>\n<p>Schumer&#8217;in gelece\u011fi, \u00f6n\u00fcm\u00fczdeki se\u00e7imlerde Demokratik Parti&#8217;nin performans\u0131 ile yak\u0131ndan ilgili. E\u011fer parti ba\u015far\u0131l\u0131 olamazsa, Schumer&#8217;in liderli\u011fi sorgulanabilir. Ancak, Schumer&#8217;in deneyimi ve parti i\u00e7indeki\u5f71\u54cdi, onu hala \u00f6nemli bir oyuncu haline getiriyor.<\/p>\n<p><b>Schumer&#8217;in Janet Mills&#8217;i desteklemesinin ba\u015far\u0131s\u0131zl\u0131\u011f\u0131<\/b>, Demokratik Parti&#8217;nin \u00f6n\u00fcm\u00fczdeki se\u00e7imlerde daha dikkatli olmas\u0131 gerekti\u011fini g\u00f6steriyor. Parti, adaylar\u0131n\u0131 daha iyi se\u00e7meli ve i\u00e7 rekabeti desteklemelidir.<\/p>\n<h3><b>Sonu\u00e7<\/b><\/h3>\n<p>Chuck Schumer&#8217;in Janet Mills&#8217;i desteklemesinin ba\u015far\u0131s\u0131zl\u0131\u011f\u0131, Demokratik Parti&#8217;nin \u00f6n\u00fcm\u00fczdeki se\u00e7imlerde daha dikkatli olmas\u0131 gerekti\u011fini g\u00f6steriyor. Parti, adaylar\u0131n\u0131 daha iyi se\u00e7meli ve i\u00e7 rekabeti desteklemelidir. Schumer&#8217;in gelece\u011fi, \u00f6n\u00fcm\u00fczdeki se\u00e7imlerde Demokratik Parti&#8217;nin performans\u0131 ile yak\u0131ndan ilgili.<\/p>\n","protected":false},"excerpt":{"rendered":"<p>Demokratik Parti&#8217;nin \u00f6nde gelen isimleri, Schumer&#8217;in Janet Mills&#8217;i desteklemesinin ba\u015far\u0131s\u0131z olmas\u0131n\u0131n, Schumer&#8217;in \u00f6n\u00fcm\u00fczdeki se\u00e7imlerde tarafs\u0131z kalmas\u0131 gerekti\u011fini g\u00f6sterdi\u011fini s\u00f6yl\u00fcyor.<\/p>\n","protected":false},"author":3,"featured_media":0,"comment_status":"open","ping_status":"open","sticky":false,"template":"","format":"standard","meta":{"googlesitekit_rrm_CAow15e3DA:productID":"","_coblocks_attr":"","_coblocks_dimensions":"","_coblocks_responsive_height":"","_coblocks_accordion_ie_support":"","_ai_summary":"","_external_image_url":"https:\/\/www.politico.com\/dims4\/default\/resize\/1200\/quality\/90\/format\/jpg?url=https%3A%2F%2Fstatic.politico.com%2Fb2%2F0b%2Fa16e96d44880955ddb3e5cb7572a%2Fu-s-congress-464-4.jpg","footnotes":""},"categories":[50,5,26],"tags":[284,141,139,285,138],"class_list":["post-577","post","type-post","status-publish","format-standard","hentry","category-aydin-siyaset","category-dunya","category-siyaset","tag-chuck-schumer","tag-demokratik-parti","tag-janet-mills","tag-politika","tag-secim"],"yoast_head":"<!-- This site is optimized with the Yoast SEO plugin v27.5 - https:\/\/yoast.com\/product\/yoast-seo-wordpress\/ -->\n<title>Schumer&#039;in Janet Mills Deste\u011fi: Demokratik Ele\u015ftiri ve \u00d6n\u00fcm\u00fczdeki Se\u00e7imler - Tralleskop<\/title>\n<meta name=\"robots\" content=\"index, follow, max-snippet:-1, max-image-preview:large, max-video-preview:-1\" \/>\n<link rel=\"canonical\" href=\"https:\/\/tralleskop.com\/index.php\/2026\/05\/02\/schumerin-janet-mills-destegi-demokratik-elestiri-ve-onumuzdeki-secimler\/\" \/>\n<meta property=\"og:locale\" content=\"tr_TR\" \/>\n<meta property=\"og:type\" content=\"article\" \/>\n<meta property=\"og:title\" content=\"Schumer&#039;in Janet Mills Deste\u011fi: Demokratik Ele\u015ftiri ve \u00d6n\u00fcm\u00fczdeki Se\u00e7imler - Tralleskop\" \/>\n<meta property=\"og:description\" content=\"Demokratik Parti&#039;nin \u00f6nde gelen isimleri, Schumer&#039;in Janet Mills&#039;i desteklemesinin ba\u015far\u0131s\u0131z olmas\u0131n\u0131n, Schumer&#039;in \u00f6n\u00fcm\u00fczdeki se\u00e7imlerde tarafs\u0131z kalmas\u0131 gerekti\u011fini g\u00f6sterdi\u011fini s\u00f6yl\u00fcyor.\" \/>\n<meta property=\"og:url\" content=\"https:\/\/tralleskop.com\/index.php\/2026\/05\/02\/schumerin-janet-mills-destegi-demokratik-elestiri-ve-onumuzdeki-secimler\/\" \/>\n<meta property=\"og:site_name\" content=\"Tralleskop\" \/>\n<meta property=\"article:published_time\" content=\"2026-05-02T08:15:07+00:00\" \/>\n<meta name=\"author\" content=\"Yapay Zeka\" \/>\n<meta name=\"twitter:card\" content=\"summary_large_image\" \/>\n<meta name=\"twitter:label1\" content=\"Yazan:\" \/>\n\t<meta name=\"twitter:data1\" content=\"Yapay Zeka\" \/>\n\t<meta name=\"twitter:label2\" content=\"Tahmini okuma s\u00fcresi\" \/>\n\t<meta name=\"twitter:data2\" content=\"1 dakika\" \/>\n<script type=\"application\/ld+json\" class=\"yoast-schema-graph\">{\"@context\":\"https:\\\/\\\/schema.org\",\"@graph\":[{\"@type\":\"Article\",\"@id\":\"https:\\\/\\\/tralleskop.com\\\/index.php\\\/2026\\\/05\\\/02\\\/schumerin-janet-mills-destegi-demokratik-elestiri-ve-onumuzdeki-secimler\\\/#article\",\"isPartOf\":{\"@id\":\"https:\\\/\\\/tralleskop.com\\\/index.php\\\/2026\\\/05\\\/02\\\/schumerin-janet-mills-destegi-demokratik-elestiri-ve-onumuzdeki-secimler\\\/\"},\"author\":{\"name\":\"Yapay Zeka\",\"@id\":\"https:\\\/\\\/tralleskop.com\\\/#\\\/schema\\\/person\\\/07eabec51c3edefcb97f005e5a24dc85\"},\"headline\":\"Schumer&#8217;in Janet Mills Deste\u011fi: Demokratik Ele\u015ftiri ve \u00d6n\u00fcm\u00fczdeki Se\u00e7imler\",\"datePublished\":\"2026-05-02T08:15:07+00:00\",\"mainEntityOfPage\":{\"@id\":\"https:\\\/\\\/tralleskop.com\\\/index.php\\\/2026\\\/05\\\/02\\\/schumerin-janet-mills-destegi-demokratik-elestiri-ve-onumuzdeki-secimler\\\/\"},\"wordCount\":313,\"commentCount\":0,\"publisher\":{\"@id\":\"https:\\\/\\\/tralleskop.com\\\/#organization\"},\"keywords\":[\"Chuck Schumer\",\"Demokratik Parti\",\"Janet Mills\",\"politika\",\"se\u00e7im\"],\"articleSection\":[\"Ayd\u0131n Siyaset\",\"d\u00fcnya\",\"Siyaset\"],\"inLanguage\":\"tr\",\"potentialAction\":[{\"@type\":\"CommentAction\",\"name\":\"Comment\",\"target\":[\"https:\\\/\\\/tralleskop.com\\\/index.php\\\/2026\\\/05\\\/02\\\/schumerin-janet-mills-destegi-demokratik-elestiri-ve-onumuzdeki-secimler\\\/#respond\"]}]},{\"@type\":\"WebPage\",\"@id\":\"https:\\\/\\\/tralleskop.com\\\/index.php\\\/2026\\\/05\\\/02\\\/schumerin-janet-mills-destegi-demokratik-elestiri-ve-onumuzdeki-secimler\\\/\",\"url\":\"https:\\\/\\\/tralleskop.com\\\/index.php\\\/2026\\\/05\\\/02\\\/schumerin-janet-mills-destegi-demokratik-elestiri-ve-onumuzdeki-secimler\\\/\",\"name\":\"Schumer'in Janet Mills Deste\u011fi: Demokratik Ele\u015ftiri ve \u00d6n\u00fcm\u00fczdeki Se\u00e7imler - Tralleskop\",\"isPartOf\":{\"@id\":\"https:\\\/\\\/tralleskop.com\\\/#website\"},\"datePublished\":\"2026-05-02T08:15:07+00:00\",\"breadcrumb\":{\"@id\":\"https:\\\/\\\/tralleskop.com\\\/index.php\\\/2026\\\/05\\\/02\\\/schumerin-janet-mills-destegi-demokratik-elestiri-ve-onumuzdeki-secimler\\\/#breadcrumb\"},\"inLanguage\":\"tr\",\"potentialAction\":[{\"@type\":\"ReadAction\",\"target\":[\"https:\\\/\\\/tralleskop.com\\\/index.php\\\/2026\\\/05\\\/02\\\/schumerin-janet-mills-destegi-demokratik-elestiri-ve-onumuzdeki-secimler\\\/\"]}]},{\"@type\":\"BreadcrumbList\",\"@id\":\"https:\\\/\\\/tralleskop.com\\\/index.php\\\/2026\\\/05\\\/02\\\/schumerin-janet-mills-destegi-demokratik-elestiri-ve-onumuzdeki-secimler\\\/#breadcrumb\",\"itemListElement\":[{\"@type\":\"ListItem\",\"position\":1,\"name\":\"Anasayfa\",\"item\":\"https:\\\/\\\/tralleskop.com\\\/\"},{\"@type\":\"ListItem\",\"position\":2,\"name\":\"Schumer&#8217;in Janet Mills Deste\u011fi: Demokratik Ele\u015ftiri ve \u00d6n\u00fcm\u00fczdeki Se\u00e7imler\"}]},{\"@type\":\"WebSite\",\"@id\":\"https:\\\/\\\/tralleskop.com\\\/#website\",\"url\":\"https:\\\/\\\/tralleskop.com\\\/\",\"name\":\"Tralleskop\",\"description\":\"\",\"publisher\":{\"@id\":\"https:\\\/\\\/tralleskop.com\\\/#organization\"},\"potentialAction\":[{\"@type\":\"SearchAction\",\"target\":{\"@type\":\"EntryPoint\",\"urlTemplate\":\"https:\\\/\\\/tralleskop.com\\\/?s={search_term_string}\"},\"query-input\":{\"@type\":\"PropertyValueSpecification\",\"valueRequired\":true,\"valueName\":\"search_term_string\"}}],\"inLanguage\":\"tr\"},{\"@type\":\"Organization\",\"@id\":\"https:\\\/\\\/tralleskop.com\\\/#organization\",\"name\":\"Tralleskop\",\"url\":\"https:\\\/\\\/tralleskop.com\\\/\",\"logo\":{\"@type\":\"ImageObject\",\"inLanguage\":\"tr\",\"@id\":\"https:\\\/\\\/tralleskop.com\\\/#\\\/schema\\\/logo\\\/image\\\/\",\"url\":\"https:\\\/\\\/tralleskop.com\\\/wp-content\\\/uploads\\\/2026\\\/03\\\/logo-1.png\",\"contentUrl\":\"https:\\\/\\\/tralleskop.com\\\/wp-content\\\/uploads\\\/2026\\\/03\\\/logo-1.png\",\"width\":2048,\"height\":2048,\"caption\":\"Tralleskop\"},\"image\":{\"@id\":\"https:\\\/\\\/tralleskop.com\\\/#\\\/schema\\\/logo\\\/image\\\/\"},\"sameAs\":[\"https:\\\/\\\/instagram.com\\\/tralleskop\"]},{\"@type\":\"Person\",\"@id\":\"https:\\\/\\\/tralleskop.com\\\/#\\\/schema\\\/person\\\/07eabec51c3edefcb97f005e5a24dc85\",\"name\":\"Yapay Zeka\",\"image\":{\"@type\":\"ImageObject\",\"inLanguage\":\"tr\",\"@id\":\"https:\\\/\\\/secure.gravatar.com\\\/avatar\\\/e77edf5bd5f891271e5db451c58207840f707caf056fe282ae8443fe299d6b9c?s=96&d=mm&r=g\",\"url\":\"https:\\\/\\\/secure.gravatar.com\\\/avatar\\\/e77edf5bd5f891271e5db451c58207840f707caf056fe282ae8443fe299d6b9c?s=96&d=mm&r=g\",\"contentUrl\":\"https:\\\/\\\/secure.gravatar.com\\\/avatar\\\/e77edf5bd5f891271e5db451c58207840f707caf056fe282ae8443fe299d6b9c?s=96&d=mm&r=g\",\"caption\":\"Yapay Zeka\"},\"url\":\"https:\\\/\\\/tralleskop.com\\\/index.php\\\/author\\\/yapayzeka\\\/\"}]}<\/script>\n<!-- \/ Yoast SEO plugin. -->","yoast_head_json":{"title":"Schumer'in Janet Mills Deste\u011fi: Demokratik Ele\u015ftiri ve \u00d6n\u00fcm\u00fczdeki Se\u00e7imler - Tralleskop","robots":{"index":"index","follow":"follow","max-snippet":"max-snippet:-1","max-image-preview":"max-image-preview:large","max-video-preview":"max-video-preview:-1"},"canonical":"https:\/\/tralleskop.com\/index.php\/2026\/05\/02\/schumerin-janet-mills-destegi-demokratik-elestiri-ve-onumuzdeki-secimler\/","og_locale":"tr_TR","og_type":"article","og_title":"Schumer'in Janet Mills Deste\u011fi: Demokratik Ele\u015ftiri ve \u00d6n\u00fcm\u00fczdeki Se\u00e7imler - Tralleskop","og_description":"Demokratik Parti'nin \u00f6nde gelen isimleri, Schumer'in Janet Mills'i desteklemesinin ba\u015far\u0131s\u0131z olmas\u0131n\u0131n, Schumer'in \u00f6n\u00fcm\u00fczdeki se\u00e7imlerde tarafs\u0131z kalmas\u0131 gerekti\u011fini g\u00f6sterdi\u011fini s\u00f6yl\u00fcyor.","og_url":"https:\/\/tralleskop.com\/index.php\/2026\/05\/02\/schumerin-janet-mills-destegi-demokratik-elestiri-ve-onumuzdeki-secimler\/","og_site_name":"Tralleskop","article_published_time":"2026-05-02T08:15:07+00:00","author":"Yapay Zeka","twitter_card":"summary_large_image","twitter_misc":{"Yazan:":"Yapay Zeka","Tahmini okuma s\u00fcresi":"1 dakika"},"schema":{"@context":"https:\/\/schema.org","@graph":[{"@type":"Article","@id":"https:\/\/tralleskop.com\/index.php\/2026\/05\/02\/schumerin-janet-mills-destegi-demokratik-elestiri-ve-onumuzdeki-secimler\/#article","isPartOf":{"@id":"https:\/\/tralleskop.com\/index.php\/2026\/05\/02\/schumerin-janet-mills-destegi-demokratik-elestiri-ve-onumuzdeki-secimler\/"},"author":{"name":"Yapay Zeka","@id":"https:\/\/tralleskop.com\/#\/schema\/person\/07eabec51c3edefcb97f005e5a24dc85"},"headline":"Schumer&#8217;in Janet Mills Deste\u011fi: Demokratik Ele\u015ftiri ve \u00d6n\u00fcm\u00fczdeki Se\u00e7imler","datePublished":"2026-05-02T08:15:07+00:00","mainEntityOfPage":{"@id":"https:\/\/tralleskop.com\/index.php\/2026\/05\/02\/schumerin-janet-mills-destegi-demokratik-elestiri-ve-onumuzdeki-secimler\/"},"wordCount":313,"commentCount":0,"publisher":{"@id":"https:\/\/tralleskop.com\/#organization"},"keywords":["Chuck Schumer","Demokratik Parti","Janet Mills","politika","se\u00e7im"],"articleSection":["Ayd\u0131n Siyaset","d\u00fcnya","Siyaset"],"inLanguage":"tr","potentialAction":[{"@type":"CommentAction","name":"Comment","target":["https:\/\/tralleskop.com\/index.php\/2026\/05\/02\/schumerin-janet-mills-destegi-demokratik-elestiri-ve-onumuzdeki-secimler\/#respond"]}]},{"@type":"WebPage","@id":"https:\/\/tralleskop.com\/index.php\/2026\/05\/02\/schumerin-janet-mills-destegi-demokratik-elestiri-ve-onumuzdeki-secimler\/","url":"https:\/\/tralleskop.com\/index.php\/2026\/05\/02\/schumerin-janet-mills-destegi-demokratik-elestiri-ve-onumuzdeki-secimler\/","name":"Schumer'in Janet Mills Deste\u011fi: Demokratik Ele\u015ftiri ve \u00d6n\u00fcm\u00fczdeki Se\u00e7imler - Tralleskop","isPartOf":{"@id":"https:\/\/tralleskop.com\/#website"},"datePublished":"2026-05-02T08:15:07+00:00","breadcrumb":{"@id":"https:\/\/tralleskop.com\/index.php\/2026\/05\/02\/schumerin-janet-mills-destegi-demokratik-elestiri-ve-onumuzdeki-secimler\/#breadcrumb"},"inLanguage":"tr","potentialAction":[{"@type":"ReadAction","target":["https:\/\/tralleskop.com\/index.php\/2026\/05\/02\/schumerin-janet-mills-destegi-demokratik-elestiri-ve-onumuzdeki-secimler\/"]}]},{"@type":"BreadcrumbList","@id":"https:\/\/tralleskop.com\/index.php\/2026\/05\/02\/schumerin-janet-mills-destegi-demokratik-elestiri-ve-onumuzdeki-secimler\/#breadcrumb","itemListElement":[{"@type":"ListItem","position":1,"name":"Anasayfa","item":"https:\/\/tralleskop.com\/"},{"@type":"ListItem","position":2,"name":"Schumer&#8217;in Janet Mills Deste\u011fi: Demokratik Ele\u015ftiri ve \u00d6n\u00fcm\u00fczdeki Se\u00e7imler"}]},{"@type":"WebSite","@id":"https:\/\/tralleskop.com\/#website","url":"https:\/\/tralleskop.com\/","name":"Tralleskop","description":"","publisher":{"@id":"https:\/\/tralleskop.com\/#organization"},"potentialAction":[{"@type":"SearchAction","target":{"@type":"EntryPoint","urlTemplate":"https:\/\/tralleskop.com\/?s={search_term_string}"},"query-input":{"@type":"PropertyValueSpecification","valueRequired":true,"valueName":"search_term_string"}}],"inLanguage":"tr"},{"@type":"Organization","@id":"https:\/\/tralleskop.com\/#organization","name":"Tralleskop","url":"https:\/\/tralleskop.com\/","logo":{"@type":"ImageObject","inLanguage":"tr","@id":"https:\/\/tralleskop.com\/#\/schema\/logo\/image\/","url":"https:\/\/tralleskop.com\/wp-content\/uploads\/2026\/03\/logo-1.png","contentUrl":"https:\/\/tralleskop.com\/wp-content\/uploads\/2026\/03\/logo-1.png","width":2048,"height":2048,"caption":"Tralleskop"},"image":{"@id":"https:\/\/tralleskop.com\/#\/schema\/logo\/image\/"},"sameAs":["https:\/\/instagram.com\/tralleskop"]},{"@type":"Person","@id":"https:\/\/tralleskop.com\/#\/schema\/person\/07eabec51c3edefcb97f005e5a24dc85","name":"Yapay Zeka","image":{"@type":"ImageObject","inLanguage":"tr","@id":"https:\/\/secure.gravatar.com\/avatar\/e77edf5bd5f891271e5db451c58207840f707caf056fe282ae8443fe299d6b9c?s=96&d=mm&r=g","url":"https:\/\/secure.gravatar.com\/avatar\/e77edf5bd5f891271e5db451c58207840f707caf056fe282ae8443fe299d6b9c?s=96&d=mm&r=g","contentUrl":"https:\/\/secure.gravatar.com\/avatar\/e77edf5bd5f891271e5db451c58207840f707caf056fe282ae8443fe299d6b9c?s=96&d=mm&r=g","caption":"Yapay Zeka"},"url":"https:\/\/tralleskop.com\/index.php\/author\/yapayzeka\/"}]}},"jetpack_featured_media_url":"","_links":{"self":[{"href":"https:\/\/tralleskop.com\/index.php\/wp-json\/wp\/v2\/posts\/577","targetHints":{"allow":["GET"]}}],"collection":[{"href":"https:\/\/tralleskop.com\/index.php\/wp-json\/wp\/v2\/posts"}],"about":[{"href":"https:\/\/tralleskop.com\/index.php\/wp-json\/wp\/v2\/types\/post"}],"author":[{"embeddable":true,"href":"https:\/\/tralleskop.com\/index.php\/wp-json\/wp\/v2\/users\/3"}],"replies":[{"embeddable":true,"href":"https:\/\/tralleskop.com\/index.php\/wp-json\/wp\/v2\/comments?post=577"}],"version-history":[{"count":0,"href":"https:\/\/tralleskop.com\/index.php\/wp-json\/wp\/v2\/posts\/577\/revisions"}],"wp:attachment":[{"href":"https:\/\/tralleskop.com\/index.php\/wp-json\/wp\/v2\/media?parent=577"}],"wp:term":[{"taxonomy":"category","embeddable":true,"href":"https:\/\/tralleskop.com\/index.php\/wp-json\/wp\/v2\/categories?post=577"},{"taxonomy":"post_tag","embeddable":true,"href":"https:\/\/tralleskop.com\/index.php\/wp-json\/wp\/v2\/tags?post=577"}],"curies":[{"name":"wp","href":"https:\/\/api.w.org\/{rel}","templated":true}]}}