{"id":575,"date":"2026-05-02T11:00:08","date_gmt":"2026-05-02T08:00:08","guid":{"rendered":"https:\/\/tralleskop.com\/index.php\/2026\/05\/02\/elon-musk-ve-sam-altman-dava-gundemi-4-onemli-gelisme\/"},"modified":"2026-05-02T11:00:08","modified_gmt":"2026-05-02T08:00:08","slug":"elon-musk-ve-sam-altman-dava-gundemi-4-onemli-gelisme","status":"publish","type":"post","link":"https:\/\/tralleskop.com\/index.php\/2026\/05\/02\/elon-musk-ve-sam-altman-dava-gundemi-4-onemli-gelisme\/","title":{"rendered":"Elon Musk ve Sam Altman Dava G\u00fcndemi: 4 \u00d6nemli Geli\u015fme"},"content":{"rendered":"<h1>Elon Musk ve Sam Altman Dava G\u00fcndemi: 4 \u00d6nemli Geli\u015fme<\/h1>\n<p>Elon Musk,another day of cross-examination ge\u00e7irdi. Jared Birchall, Musk&#8217;\u0131n varl\u0131k y\u00f6neticisi,_blockbuster OpenAI davas\u0131nda \u00e7a\u011fr\u0131lan sonraki tan\u0131k oldu.<\/p>\n<h2>Elon Musk&#8217;\u0131n Para Y\u00f6neticisi Jared Birchall&#8217;\u0131n Tan\u0131kl\u0131\u011f\u0131<\/h2>\n<p>**Jared Birchall**, Musk&#8217;\u0131n mali \u00e7\u0131karlar\u0131n\u0131 y\u00f6neten ki\u015fi olarak davada \u00f6nemli bir tan\u0131k olarak \u00e7a\u011fr\u0131ld\u0131. Tan\u0131kl\u0131k s\u0131ras\u0131nda Musk&#8217;\u0131n mali durumu ve **OpenAI** ile ilgili quy\u1ebftasyonlar\u0131 hakk\u0131nda bilgi verildi.<\/p>\n<h2>Davan\u0131n Topluma ve Ekonomiye Etkisi<\/h2>\n<p>Dava, teknoloji ve yapay zeka sekt\u00f6r\u00fcnde \u00f6nemli etkileri olan bir dava olarak dikkat \u00e7ekiyor. <b>Elon Musk<\/b> ve <b>Sam Altman<\/b> aras\u0131ndaki bu dava, <b>OpenAI<\/b> \u015firketinin gelece\u011fi hakk\u0131nda \u015f\u00fcpheler yaratm\u0131\u015f durumdad\u0131r.<\/p>\n<h3>Davan\u0131n Analizi<\/h3>\n<p>Davan\u0131n sonucu, <b>tek\u30celogi<\/b> ve <b>yapay zeka<\/b> sekt\u00f6rlerinde b\u00fcy\u00fck bir etki\u521b\u5efa edecek gibi g\u00f6r\u00fcn\u00fcyor. <b>Elon Musk<\/b> ve <b>Sam Altman<\/b> aras\u0131ndaki bu dava, <b>OpenAI<\/b> \u015firketinin gelece\u011fi hakk\u0131nda \u00f6nemli kararlar\u0131 i\u00e7eriyor.<\/p>\n","protected":false},"excerpt":{"rendered":"<p>Elon Musk ve Sam Altman aras\u0131ndaki dava g\u00fcndemi: 4 \u00f6nemli geli\u015fme<\/p>\n","protected":false},"author":3,"featured_media":576,"comment_status":"open","ping_status":"open","sticky":false,"template":"","format":"standard","meta":{"googlesitekit_rrm_CAow15e3DA:productID":"","_coblocks_attr":"","_coblocks_dimensions":"","_coblocks_responsive_height":"","_coblocks_accordion_ie_support":"","_ai_summary":"","_external_image_url":"https:\/\/i.insider.com\/69f3e2659a23d20d291b540e?width=1200&format=jpeg","footnotes":""},"categories":[5,19,21,48],"tags":[262,71,181,283,57,64],"class_list":["post-575","post","type-post","status-publish","format-standard","has-post-thumbnail","hentry","category-dunya","category-ekonomi","category-teknoloji","category-aydin-ekonomi","tag-dava","tag-elon-musk","tag-openai","tag-sam-altman","tag-teknoloji","tag-yapay-zeka"],"yoast_head":"<!-- This site is optimized with the Yoast SEO plugin v27.5 - https:\/\/yoast.com\/product\/yoast-seo-wordpress\/ -->\n<title>Elon Musk ve Sam Altman Dava G\u00fcndemi: 4 \u00d6nemli Geli\u015fme - Tralleskop<\/title>\n<meta name=\"robots\" content=\"index, follow, max-snippet:-1, max-image-preview:large, max-video-preview:-1\" \/>\n<link rel=\"canonical\" href=\"https:\/\/tralleskop.com\/index.php\/2026\/05\/02\/elon-musk-ve-sam-altman-dava-gundemi-4-onemli-gelisme\/\" \/>\n<meta property=\"og:locale\" content=\"tr_TR\" \/>\n<meta property=\"og:type\" content=\"article\" \/>\n<meta property=\"og:title\" content=\"Elon Musk ve Sam Altman Dava G\u00fcndemi: 4 \u00d6nemli Geli\u015fme - Tralleskop\" \/>\n<meta property=\"og:description\" content=\"Elon Musk ve Sam Altman aras\u0131ndaki dava g\u00fcndemi: 4 \u00f6nemli geli\u015fme\" \/>\n<meta property=\"og:url\" content=\"https:\/\/tralleskop.com\/index.php\/2026\/05\/02\/elon-musk-ve-sam-altman-dava-gundemi-4-onemli-gelisme\/\" \/>\n<meta property=\"og:site_name\" content=\"Tralleskop\" \/>\n<meta property=\"article:published_time\" content=\"2026-05-02T08:00:08+00:00\" \/>\n<meta name=\"author\" content=\"Yapay Zeka\" \/>\n<meta name=\"twitter:card\" content=\"summary_large_image\" \/>\n<meta name=\"twitter:label1\" content=\"Yazan:\" \/>\n\t<meta name=\"twitter:data1\" content=\"Yapay Zeka\" \/>\n\t<meta name=\"twitter:label2\" content=\"Tahmini okuma s\u00fcresi\" \/>\n\t<meta name=\"twitter:data2\" content=\"1 dakika\" \/>\n<script type=\"application\/ld+json\" class=\"yoast-schema-graph\">{\"@context\":\"https:\\\/\\\/schema.org\",\"@graph\":[{\"@type\":\"Article\",\"@id\":\"https:\\\/\\\/tralleskop.com\\\/index.php\\\/2026\\\/05\\\/02\\\/elon-musk-ve-sam-altman-dava-gundemi-4-onemli-gelisme\\\/#article\",\"isPartOf\":{\"@id\":\"https:\\\/\\\/tralleskop.com\\\/index.php\\\/2026\\\/05\\\/02\\\/elon-musk-ve-sam-altman-dava-gundemi-4-onemli-gelisme\\\/\"},\"author\":{\"name\":\"Yapay Zeka\",\"@id\":\"https:\\\/\\\/tralleskop.com\\\/#\\\/schema\\\/person\\\/07eabec51c3edefcb97f005e5a24dc85\"},\"headline\":\"Elon Musk ve Sam Altman Dava G\u00fcndemi: 4 \u00d6nemli Geli\u015fme\",\"datePublished\":\"2026-05-02T08:00:08+00:00\",\"mainEntityOfPage\":{\"@id\":\"https:\\\/\\\/tralleskop.com\\\/index.php\\\/2026\\\/05\\\/02\\\/elon-musk-ve-sam-altman-dava-gundemi-4-onemli-gelisme\\\/\"},\"wordCount\":185,\"commentCount\":0,\"publisher\":{\"@id\":\"https:\\\/\\\/tralleskop.com\\\/#organization\"},\"image\":{\"@id\":\"https:\\\/\\\/tralleskop.com\\\/index.php\\\/2026\\\/05\\\/02\\\/elon-musk-ve-sam-altman-dava-gundemi-4-onemli-gelisme\\\/#primaryimage\"},\"thumbnailUrl\":\"https:\\\/\\\/tralleskop.com\\\/wp-content\\\/uploads\\\/2026\\\/05\\\/69f3e2659a23d20d291b540e.jpg\",\"keywords\":[\"dava\",\"Elon Musk\",\"OpenAI\",\"Sam Altman\",\"Teknoloji\",\"Yapay Zeka\"],\"articleSection\":[\"d\u00fcnya\",\"Ekonomi\",\"Teknoloji\",\"Yerel Ekonomi\"],\"inLanguage\":\"tr\",\"potentialAction\":[{\"@type\":\"CommentAction\",\"name\":\"Comment\",\"target\":[\"https:\\\/\\\/tralleskop.com\\\/index.php\\\/2026\\\/05\\\/02\\\/elon-musk-ve-sam-altman-dava-gundemi-4-onemli-gelisme\\\/#respond\"]}]},{\"@type\":\"WebPage\",\"@id\":\"https:\\\/\\\/tralleskop.com\\\/index.php\\\/2026\\\/05\\\/02\\\/elon-musk-ve-sam-altman-dava-gundemi-4-onemli-gelisme\\\/\",\"url\":\"https:\\\/\\\/tralleskop.com\\\/index.php\\\/2026\\\/05\\\/02\\\/elon-musk-ve-sam-altman-dava-gundemi-4-onemli-gelisme\\\/\",\"name\":\"Elon Musk ve Sam Altman Dava G\u00fcndemi: 4 \u00d6nemli Geli\u015fme - Tralleskop\",\"isPartOf\":{\"@id\":\"https:\\\/\\\/tralleskop.com\\\/#website\"},\"primaryImageOfPage\":{\"@id\":\"https:\\\/\\\/tralleskop.com\\\/index.php\\\/2026\\\/05\\\/02\\\/elon-musk-ve-sam-altman-dava-gundemi-4-onemli-gelisme\\\/#primaryimage\"},\"image\":{\"@id\":\"https:\\\/\\\/tralleskop.com\\\/index.php\\\/2026\\\/05\\\/02\\\/elon-musk-ve-sam-altman-dava-gundemi-4-onemli-gelisme\\\/#primaryimage\"},\"thumbnailUrl\":\"https:\\\/\\\/tralleskop.com\\\/wp-content\\\/uploads\\\/2026\\\/05\\\/69f3e2659a23d20d291b540e.jpg\",\"datePublished\":\"2026-05-02T08:00:08+00:00\",\"breadcrumb\":{\"@id\":\"https:\\\/\\\/tralleskop.com\\\/index.php\\\/2026\\\/05\\\/02\\\/elon-musk-ve-sam-altman-dava-gundemi-4-onemli-gelisme\\\/#breadcrumb\"},\"inLanguage\":\"tr\",\"potentialAction\":[{\"@type\":\"ReadAction\",\"target\":[\"https:\\\/\\\/tralleskop.com\\\/index.php\\\/2026\\\/05\\\/02\\\/elon-musk-ve-sam-altman-dava-gundemi-4-onemli-gelisme\\\/\"]}]},{\"@type\":\"ImageObject\",\"inLanguage\":\"tr\",\"@id\":\"https:\\\/\\\/tralleskop.com\\\/index.php\\\/2026\\\/05\\\/02\\\/elon-musk-ve-sam-altman-dava-gundemi-4-onemli-gelisme\\\/#primaryimage\",\"url\":\"https:\\\/\\\/tralleskop.com\\\/wp-content\\\/uploads\\\/2026\\\/05\\\/69f3e2659a23d20d291b540e.jpg\",\"contentUrl\":\"https:\\\/\\\/tralleskop.com\\\/wp-content\\\/uploads\\\/2026\\\/05\\\/69f3e2659a23d20d291b540e.jpg\",\"width\":1200,\"height\":600},{\"@type\":\"BreadcrumbList\",\"@id\":\"https:\\\/\\\/tralleskop.com\\\/index.php\\\/2026\\\/05\\\/02\\\/elon-musk-ve-sam-altman-dava-gundemi-4-onemli-gelisme\\\/#breadcrumb\",\"itemListElement\":[{\"@type\":\"ListItem\",\"position\":1,\"name\":\"Anasayfa\",\"item\":\"https:\\\/\\\/tralleskop.com\\\/\"},{\"@type\":\"ListItem\",\"position\":2,\"name\":\"Elon Musk ve Sam Altman Dava G\u00fcndemi: 4 \u00d6nemli Geli\u015fme\"}]},{\"@type\":\"WebSite\",\"@id\":\"https:\\\/\\\/tralleskop.com\\\/#website\",\"url\":\"https:\\\/\\\/tralleskop.com\\\/\",\"name\":\"Tralleskop\",\"description\":\"\",\"publisher\":{\"@id\":\"https:\\\/\\\/tralleskop.com\\\/#organization\"},\"potentialAction\":[{\"@type\":\"SearchAction\",\"target\":{\"@type\":\"EntryPoint\",\"urlTemplate\":\"https:\\\/\\\/tralleskop.com\\\/?s={search_term_string}\"},\"query-input\":{\"@type\":\"PropertyValueSpecification\",\"valueRequired\":true,\"valueName\":\"search_term_string\"}}],\"inLanguage\":\"tr\"},{\"@type\":\"Organization\",\"@id\":\"https:\\\/\\\/tralleskop.com\\\/#organization\",\"name\":\"Tralleskop\",\"url\":\"https:\\\/\\\/tralleskop.com\\\/\",\"logo\":{\"@type\":\"ImageObject\",\"inLanguage\":\"tr\",\"@id\":\"https:\\\/\\\/tralleskop.com\\\/#\\\/schema\\\/logo\\\/image\\\/\",\"url\":\"https:\\\/\\\/tralleskop.com\\\/wp-content\\\/uploads\\\/2026\\\/03\\\/logo-1.png\",\"contentUrl\":\"https:\\\/\\\/tralleskop.com\\\/wp-content\\\/uploads\\\/2026\\\/03\\\/logo-1.png\",\"width\":2048,\"height\":2048,\"caption\":\"Tralleskop\"},\"image\":{\"@id\":\"https:\\\/\\\/tralleskop.com\\\/#\\\/schema\\\/logo\\\/image\\\/\"},\"sameAs\":[\"https:\\\/\\\/instagram.com\\\/tralleskop\"]},{\"@type\":\"Person\",\"@id\":\"https:\\\/\\\/tralleskop.com\\\/#\\\/schema\\\/person\\\/07eabec51c3edefcb97f005e5a24dc85\",\"name\":\"Yapay Zeka\",\"image\":{\"@type\":\"ImageObject\",\"inLanguage\":\"tr\",\"@id\":\"https:\\\/\\\/secure.gravatar.com\\\/avatar\\\/e77edf5bd5f891271e5db451c58207840f707caf056fe282ae8443fe299d6b9c?s=96&d=mm&r=g\",\"url\":\"https:\\\/\\\/secure.gravatar.com\\\/avatar\\\/e77edf5bd5f891271e5db451c58207840f707caf056fe282ae8443fe299d6b9c?s=96&d=mm&r=g\",\"contentUrl\":\"https:\\\/\\\/secure.gravatar.com\\\/avatar\\\/e77edf5bd5f891271e5db451c58207840f707caf056fe282ae8443fe299d6b9c?s=96&d=mm&r=g\",\"caption\":\"Yapay Zeka\"},\"url\":\"https:\\\/\\\/tralleskop.com\\\/index.php\\\/author\\\/yapayzeka\\\/\"}]}<\/script>\n<!-- \/ Yoast SEO plugin. -->","yoast_head_json":{"title":"Elon Musk ve Sam Altman Dava G\u00fcndemi: 4 \u00d6nemli Geli\u015fme - Tralleskop","robots":{"index":"index","follow":"follow","max-snippet":"max-snippet:-1","max-image-preview":"max-image-preview:large","max-video-preview":"max-video-preview:-1"},"canonical":"https:\/\/tralleskop.com\/index.php\/2026\/05\/02\/elon-musk-ve-sam-altman-dava-gundemi-4-onemli-gelisme\/","og_locale":"tr_TR","og_type":"article","og_title":"Elon Musk ve Sam Altman Dava G\u00fcndemi: 4 \u00d6nemli Geli\u015fme - Tralleskop","og_description":"Elon Musk ve Sam Altman aras\u0131ndaki dava g\u00fcndemi: 4 \u00f6nemli geli\u015fme","og_url":"https:\/\/tralleskop.com\/index.php\/2026\/05\/02\/elon-musk-ve-sam-altman-dava-gundemi-4-onemli-gelisme\/","og_site_name":"Tralleskop","article_published_time":"2026-05-02T08:00:08+00:00","author":"Yapay Zeka","twitter_card":"summary_large_image","twitter_misc":{"Yazan:":"Yapay Zeka","Tahmini okuma s\u00fcresi":"1 dakika"},"schema":{"@context":"https:\/\/schema.org","@graph":[{"@type":"Article","@id":"https:\/\/tralleskop.com\/index.php\/2026\/05\/02\/elon-musk-ve-sam-altman-dava-gundemi-4-onemli-gelisme\/#article","isPartOf":{"@id":"https:\/\/tralleskop.com\/index.php\/2026\/05\/02\/elon-musk-ve-sam-altman-dava-gundemi-4-onemli-gelisme\/"},"author":{"name":"Yapay Zeka","@id":"https:\/\/tralleskop.com\/#\/schema\/person\/07eabec51c3edefcb97f005e5a24dc85"},"headline":"Elon Musk ve Sam Altman Dava G\u00fcndemi: 4 \u00d6nemli Geli\u015fme","datePublished":"2026-05-02T08:00:08+00:00","mainEntityOfPage":{"@id":"https:\/\/tralleskop.com\/index.php\/2026\/05\/02\/elon-musk-ve-sam-altman-dava-gundemi-4-onemli-gelisme\/"},"wordCount":185,"commentCount":0,"publisher":{"@id":"https:\/\/tralleskop.com\/#organization"},"image":{"@id":"https:\/\/tralleskop.com\/index.php\/2026\/05\/02\/elon-musk-ve-sam-altman-dava-gundemi-4-onemli-gelisme\/#primaryimage"},"thumbnailUrl":"https:\/\/tralleskop.com\/wp-content\/uploads\/2026\/05\/69f3e2659a23d20d291b540e.jpg","keywords":["dava","Elon Musk","OpenAI","Sam Altman","Teknoloji","Yapay Zeka"],"articleSection":["d\u00fcnya","Ekonomi","Teknoloji","Yerel Ekonomi"],"inLanguage":"tr","potentialAction":[{"@type":"CommentAction","name":"Comment","target":["https:\/\/tralleskop.com\/index.php\/2026\/05\/02\/elon-musk-ve-sam-altman-dava-gundemi-4-onemli-gelisme\/#respond"]}]},{"@type":"WebPage","@id":"https:\/\/tralleskop.com\/index.php\/2026\/05\/02\/elon-musk-ve-sam-altman-dava-gundemi-4-onemli-gelisme\/","url":"https:\/\/tralleskop.com\/index.php\/2026\/05\/02\/elon-musk-ve-sam-altman-dava-gundemi-4-onemli-gelisme\/","name":"Elon Musk ve Sam Altman Dava G\u00fcndemi: 4 \u00d6nemli Geli\u015fme - Tralleskop","isPartOf":{"@id":"https:\/\/tralleskop.com\/#website"},"primaryImageOfPage":{"@id":"https:\/\/tralleskop.com\/index.php\/2026\/05\/02\/elon-musk-ve-sam-altman-dava-gundemi-4-onemli-gelisme\/#primaryimage"},"image":{"@id":"https:\/\/tralleskop.com\/index.php\/2026\/05\/02\/elon-musk-ve-sam-altman-dava-gundemi-4-onemli-gelisme\/#primaryimage"},"thumbnailUrl":"https:\/\/tralleskop.com\/wp-content\/uploads\/2026\/05\/69f3e2659a23d20d291b540e.jpg","datePublished":"2026-05-02T08:00:08+00:00","breadcrumb":{"@id":"https:\/\/tralleskop.com\/index.php\/2026\/05\/02\/elon-musk-ve-sam-altman-dava-gundemi-4-onemli-gelisme\/#breadcrumb"},"inLanguage":"tr","potentialAction":[{"@type":"ReadAction","target":["https:\/\/tralleskop.com\/index.php\/2026\/05\/02\/elon-musk-ve-sam-altman-dava-gundemi-4-onemli-gelisme\/"]}]},{"@type":"ImageObject","inLanguage":"tr","@id":"https:\/\/tralleskop.com\/index.php\/2026\/05\/02\/elon-musk-ve-sam-altman-dava-gundemi-4-onemli-gelisme\/#primaryimage","url":"https:\/\/tralleskop.com\/wp-content\/uploads\/2026\/05\/69f3e2659a23d20d291b540e.jpg","contentUrl":"https:\/\/tralleskop.com\/wp-content\/uploads\/2026\/05\/69f3e2659a23d20d291b540e.jpg","width":1200,"height":600},{"@type":"BreadcrumbList","@id":"https:\/\/tralleskop.com\/index.php\/2026\/05\/02\/elon-musk-ve-sam-altman-dava-gundemi-4-onemli-gelisme\/#breadcrumb","itemListElement":[{"@type":"ListItem","position":1,"name":"Anasayfa","item":"https:\/\/tralleskop.com\/"},{"@type":"ListItem","position":2,"name":"Elon Musk ve Sam Altman Dava G\u00fcndemi: 4 \u00d6nemli Geli\u015fme"}]},{"@type":"WebSite","@id":"https:\/\/tralleskop.com\/#website","url":"https:\/\/tralleskop.com\/","name":"Tralleskop","description":"","publisher":{"@id":"https:\/\/tralleskop.com\/#organization"},"potentialAction":[{"@type":"SearchAction","target":{"@type":"EntryPoint","urlTemplate":"https:\/\/tralleskop.com\/?s={search_term_string}"},"query-input":{"@type":"PropertyValueSpecification","valueRequired":true,"valueName":"search_term_string"}}],"inLanguage":"tr"},{"@type":"Organization","@id":"https:\/\/tralleskop.com\/#organization","name":"Tralleskop","url":"https:\/\/tralleskop.com\/","logo":{"@type":"ImageObject","inLanguage":"tr","@id":"https:\/\/tralleskop.com\/#\/schema\/logo\/image\/","url":"https:\/\/tralleskop.com\/wp-content\/uploads\/2026\/03\/logo-1.png","contentUrl":"https:\/\/tralleskop.com\/wp-content\/uploads\/2026\/03\/logo-1.png","width":2048,"height":2048,"caption":"Tralleskop"},"image":{"@id":"https:\/\/tralleskop.com\/#\/schema\/logo\/image\/"},"sameAs":["https:\/\/instagram.com\/tralleskop"]},{"@type":"Person","@id":"https:\/\/tralleskop.com\/#\/schema\/person\/07eabec51c3edefcb97f005e5a24dc85","name":"Yapay Zeka","image":{"@type":"ImageObject","inLanguage":"tr","@id":"https:\/\/secure.gravatar.com\/avatar\/e77edf5bd5f891271e5db451c58207840f707caf056fe282ae8443fe299d6b9c?s=96&d=mm&r=g","url":"https:\/\/secure.gravatar.com\/avatar\/e77edf5bd5f891271e5db451c58207840f707caf056fe282ae8443fe299d6b9c?s=96&d=mm&r=g","contentUrl":"https:\/\/secure.gravatar.com\/avatar\/e77edf5bd5f891271e5db451c58207840f707caf056fe282ae8443fe299d6b9c?s=96&d=mm&r=g","caption":"Yapay Zeka"},"url":"https:\/\/tralleskop.com\/index.php\/author\/yapayzeka\/"}]}},"jetpack_featured_media_url":"https:\/\/tralleskop.com\/wp-content\/uploads\/2026\/05\/69f3e2659a23d20d291b540e.jpg","_links":{"self":[{"href":"https:\/\/tralleskop.com\/index.php\/wp-json\/wp\/v2\/posts\/575","targetHints":{"allow":["GET"]}}],"collection":[{"href":"https:\/\/tralleskop.com\/index.php\/wp-json\/wp\/v2\/posts"}],"about":[{"href":"https:\/\/tralleskop.com\/index.php\/wp-json\/wp\/v2\/types\/post"}],"author":[{"embeddable":true,"href":"https:\/\/tralleskop.com\/index.php\/wp-json\/wp\/v2\/users\/3"}],"replies":[{"embeddable":true,"href":"https:\/\/tralleskop.com\/index.php\/wp-json\/wp\/v2\/comments?post=575"}],"version-history":[{"count":0,"href":"https:\/\/tralleskop.com\/index.php\/wp-json\/wp\/v2\/posts\/575\/revisions"}],"wp:featuredmedia":[{"embeddable":true,"href":"https:\/\/tralleskop.com\/index.php\/wp-json\/wp\/v2\/media\/576"}],"wp:attachment":[{"href":"https:\/\/tralleskop.com\/index.php\/wp-json\/wp\/v2\/media?parent=575"}],"wp:term":[{"taxonomy":"category","embeddable":true,"href":"https:\/\/tralleskop.com\/index.php\/wp-json\/wp\/v2\/categories?post=575"},{"taxonomy":"post_tag","embeddable":true,"href":"https:\/\/tralleskop.com\/index.php\/wp-json\/wp\/v2\/tags?post=575"}],"curies":[{"name":"wp","href":"https:\/\/api.w.org\/{rel}","templated":true}]}}