{"id":563,"date":"2026-05-02T09:30:06","date_gmt":"2026-05-02T06:30:06","guid":{"rendered":"https:\/\/tralleskop.com\/index.php\/2026\/05\/02\/mac-mini-icin-several-ay-beklemek-gerekecek\/"},"modified":"2026-05-02T09:30:06","modified_gmt":"2026-05-02T06:30:06","slug":"mac-mini-icin-several-ay-beklemek-gerekecek","status":"publish","type":"post","link":"https:\/\/tralleskop.com\/index.php\/2026\/05\/02\/mac-mini-icin-several-ay-beklemek-gerekecek\/","title":{"rendered":"Mac Mini \u0130\u00e7in several Ay Beklemek Gerekecek"},"content":{"rendered":"<h1>Mac Mini \u0130\u00e7in several Ay Beklemek Gerekecek<\/h1>\n<p>Apple CEO&#8217;su Tim Cook, analistlere yapay zeka benimsemesinin beklentilerin \u00fczerinde oldu\u011funu s\u00f6yledi.<\/p>\n<h2>**Mac Mini&#8217;nde Ya\u015fanan Sorun**<\/h2>\n<p>Apple&#8217;\u0131n CEO&#8217;su Tim Cook, \u015firketin Mac Mini \u00fcretiminde ya\u015fanan s\u0131k\u0131nt\u0131lar nedeniyle m\u00fc\u015fterilerin birka\u00e7 ay daha beklemek zorunda kalaca\u011f\u0131n\u0131 s\u00f6yledi. Bu situation, \u00f6zellikle AI adoption\u0131n\u0131n beklenenden daha h\u0131zl\u0131 ger\u00e7ekle\u015fmesi nedeniyle ortaya \u00e7\u0131kt\u0131.<\/p>\n<h3>**AI Adopti\u011fi ve \u00dcretim**<\/h3>\n<p>Tim Cook, analistlere yapt\u0131\u011f\u0131 a\u00e7\u0131klamada, Apple&#8217;\u0131n AI adoption\u0131n\u0131n h\u0131zl\u0131 bir \u015fekilde yay\u0131ld\u0131\u011f\u0131n\u0131 ve bu durumun \u015firketin \u00fcretim planlar\u0131n\u0131 etkiledi\u011fini s\u00f6yledi. Bu nedenle, Mac Mini i\u00e7in\u51e0 ay daha beklemek gerekecek.<\/p>\n<h2>**Toplumsal ve Ekonomik Etki**<\/h2>\n<p>Bu durum, \u00f6zellikle teknoloji severler ve i\u015f d\u00fcnyas\u0131 i\u00e7in b\u00fcy\u00fck bir sorun te\u015fkil ediyor. Apple&#8217;\u0131n \u00fcretim s\u0131k\u0131nt\u0131lar\u0131, \u015firketin gelirini ve dolay\u0131s\u0131yla ekonomiyi de etkileyebilir.<\/p>\n","protected":false},"excerpt":{"rendered":"<p>Apple CEO&#8217;su Tim Cook, Mac Mini \u00fcretiminde ya\u015fanan s\u0131k\u0131nt\u0131lar nedeniyle m\u00fc\u015fterilerin birka\u00e7 ay daha beklemek zorunda kalaca\u011f\u0131n\u0131 s\u00f6yledi.<\/p>\n","protected":false},"author":3,"featured_media":564,"comment_status":"open","ping_status":"open","sticky":false,"template":"","format":"standard","meta":{"googlesitekit_rrm_CAow15e3DA:productID":"","_coblocks_attr":"","_coblocks_dimensions":"","_coblocks_responsive_height":"","_coblocks_accordion_ie_support":"","_ai_summary":"","_external_image_url":"https:\/\/media.wired.com\/photos\/69f3d1f6fd3259b38c3421e7\/191:100\/w_1280,c_limit\/You-Bought-All-MacMinis-Business.jpg","footnotes":""},"categories":[19,21,48],"tags":[258,150,256,57,257],"class_list":["post-563","post","type-post","status-publish","format-standard","has-post-thumbnail","hentry","category-ekonomi","category-teknoloji","category-aydin-ekonomi","tag-ai-adoption","tag-apple","tag-mac-mini","tag-teknoloji","tag-tim-cook"],"yoast_head":"<!-- This site is optimized with the Yoast SEO plugin v27.5 - https:\/\/yoast.com\/product\/yoast-seo-wordpress\/ -->\n<title>Mac Mini \u0130\u00e7in several Ay Beklemek Gerekecek - Tralleskop<\/title>\n<meta name=\"robots\" content=\"index, follow, max-snippet:-1, max-image-preview:large, max-video-preview:-1\" \/>\n<link rel=\"canonical\" href=\"https:\/\/tralleskop.com\/index.php\/2026\/05\/02\/mac-mini-icin-several-ay-beklemek-gerekecek\/\" \/>\n<meta property=\"og:locale\" content=\"tr_TR\" \/>\n<meta property=\"og:type\" content=\"article\" \/>\n<meta property=\"og:title\" content=\"Mac Mini \u0130\u00e7in several Ay Beklemek Gerekecek - Tralleskop\" \/>\n<meta property=\"og:description\" content=\"Apple CEO&#039;su Tim Cook, Mac Mini \u00fcretiminde ya\u015fanan s\u0131k\u0131nt\u0131lar nedeniyle m\u00fc\u015fterilerin birka\u00e7 ay daha beklemek zorunda kalaca\u011f\u0131n\u0131 s\u00f6yledi.\" \/>\n<meta property=\"og:url\" content=\"https:\/\/tralleskop.com\/index.php\/2026\/05\/02\/mac-mini-icin-several-ay-beklemek-gerekecek\/\" \/>\n<meta property=\"og:site_name\" content=\"Tralleskop\" \/>\n<meta property=\"article:published_time\" content=\"2026-05-02T06:30:06+00:00\" \/>\n<meta name=\"author\" content=\"Yapay Zeka\" \/>\n<meta name=\"twitter:card\" content=\"summary_large_image\" \/>\n<meta name=\"twitter:label1\" content=\"Yazan:\" \/>\n\t<meta name=\"twitter:data1\" content=\"Yapay Zeka\" \/>\n\t<meta name=\"twitter:label2\" content=\"Tahmini okuma s\u00fcresi\" \/>\n\t<meta name=\"twitter:data2\" content=\"1 dakika\" \/>\n<script type=\"application\/ld+json\" class=\"yoast-schema-graph\">{\"@context\":\"https:\\\/\\\/schema.org\",\"@graph\":[{\"@type\":\"Article\",\"@id\":\"https:\\\/\\\/tralleskop.com\\\/index.php\\\/2026\\\/05\\\/02\\\/mac-mini-icin-several-ay-beklemek-gerekecek\\\/#article\",\"isPartOf\":{\"@id\":\"https:\\\/\\\/tralleskop.com\\\/index.php\\\/2026\\\/05\\\/02\\\/mac-mini-icin-several-ay-beklemek-gerekecek\\\/\"},\"author\":{\"name\":\"Yapay Zeka\",\"@id\":\"https:\\\/\\\/tralleskop.com\\\/#\\\/schema\\\/person\\\/07eabec51c3edefcb97f005e5a24dc85\"},\"headline\":\"Mac Mini \u0130\u00e7in several Ay Beklemek Gerekecek\",\"datePublished\":\"2026-05-02T06:30:06+00:00\",\"mainEntityOfPage\":{\"@id\":\"https:\\\/\\\/tralleskop.com\\\/index.php\\\/2026\\\/05\\\/02\\\/mac-mini-icin-several-ay-beklemek-gerekecek\\\/\"},\"wordCount\":164,\"commentCount\":0,\"publisher\":{\"@id\":\"https:\\\/\\\/tralleskop.com\\\/#organization\"},\"image\":{\"@id\":\"https:\\\/\\\/tralleskop.com\\\/index.php\\\/2026\\\/05\\\/02\\\/mac-mini-icin-several-ay-beklemek-gerekecek\\\/#primaryimage\"},\"thumbnailUrl\":\"https:\\\/\\\/tralleskop.com\\\/wp-content\\\/uploads\\\/2026\\\/05\\\/You-Bought-All-MacMinis-Business.jpg.jpg\",\"keywords\":[\"AI adoption\",\"Apple\",\"Mac Mini\",\"Teknoloji\",\"Tim Cook\"],\"articleSection\":[\"Ekonomi\",\"Teknoloji\",\"Yerel Ekonomi\"],\"inLanguage\":\"tr\",\"potentialAction\":[{\"@type\":\"CommentAction\",\"name\":\"Comment\",\"target\":[\"https:\\\/\\\/tralleskop.com\\\/index.php\\\/2026\\\/05\\\/02\\\/mac-mini-icin-several-ay-beklemek-gerekecek\\\/#respond\"]}]},{\"@type\":\"WebPage\",\"@id\":\"https:\\\/\\\/tralleskop.com\\\/index.php\\\/2026\\\/05\\\/02\\\/mac-mini-icin-several-ay-beklemek-gerekecek\\\/\",\"url\":\"https:\\\/\\\/tralleskop.com\\\/index.php\\\/2026\\\/05\\\/02\\\/mac-mini-icin-several-ay-beklemek-gerekecek\\\/\",\"name\":\"Mac Mini \u0130\u00e7in several Ay Beklemek Gerekecek - Tralleskop\",\"isPartOf\":{\"@id\":\"https:\\\/\\\/tralleskop.com\\\/#website\"},\"primaryImageOfPage\":{\"@id\":\"https:\\\/\\\/tralleskop.com\\\/index.php\\\/2026\\\/05\\\/02\\\/mac-mini-icin-several-ay-beklemek-gerekecek\\\/#primaryimage\"},\"image\":{\"@id\":\"https:\\\/\\\/tralleskop.com\\\/index.php\\\/2026\\\/05\\\/02\\\/mac-mini-icin-several-ay-beklemek-gerekecek\\\/#primaryimage\"},\"thumbnailUrl\":\"https:\\\/\\\/tralleskop.com\\\/wp-content\\\/uploads\\\/2026\\\/05\\\/You-Bought-All-MacMinis-Business.jpg.jpg\",\"datePublished\":\"2026-05-02T06:30:06+00:00\",\"breadcrumb\":{\"@id\":\"https:\\\/\\\/tralleskop.com\\\/index.php\\\/2026\\\/05\\\/02\\\/mac-mini-icin-several-ay-beklemek-gerekecek\\\/#breadcrumb\"},\"inLanguage\":\"tr\",\"potentialAction\":[{\"@type\":\"ReadAction\",\"target\":[\"https:\\\/\\\/tralleskop.com\\\/index.php\\\/2026\\\/05\\\/02\\\/mac-mini-icin-several-ay-beklemek-gerekecek\\\/\"]}]},{\"@type\":\"ImageObject\",\"inLanguage\":\"tr\",\"@id\":\"https:\\\/\\\/tralleskop.com\\\/index.php\\\/2026\\\/05\\\/02\\\/mac-mini-icin-several-ay-beklemek-gerekecek\\\/#primaryimage\",\"url\":\"https:\\\/\\\/tralleskop.com\\\/wp-content\\\/uploads\\\/2026\\\/05\\\/You-Bought-All-MacMinis-Business.jpg.jpg\",\"contentUrl\":\"https:\\\/\\\/tralleskop.com\\\/wp-content\\\/uploads\\\/2026\\\/05\\\/You-Bought-All-MacMinis-Business.jpg.jpg\",\"width\":1280,\"height\":670},{\"@type\":\"BreadcrumbList\",\"@id\":\"https:\\\/\\\/tralleskop.com\\\/index.php\\\/2026\\\/05\\\/02\\\/mac-mini-icin-several-ay-beklemek-gerekecek\\\/#breadcrumb\",\"itemListElement\":[{\"@type\":\"ListItem\",\"position\":1,\"name\":\"Anasayfa\",\"item\":\"https:\\\/\\\/tralleskop.com\\\/\"},{\"@type\":\"ListItem\",\"position\":2,\"name\":\"Mac Mini \u0130\u00e7in several Ay Beklemek Gerekecek\"}]},{\"@type\":\"WebSite\",\"@id\":\"https:\\\/\\\/tralleskop.com\\\/#website\",\"url\":\"https:\\\/\\\/tralleskop.com\\\/\",\"name\":\"Tralleskop\",\"description\":\"\",\"publisher\":{\"@id\":\"https:\\\/\\\/tralleskop.com\\\/#organization\"},\"potentialAction\":[{\"@type\":\"SearchAction\",\"target\":{\"@type\":\"EntryPoint\",\"urlTemplate\":\"https:\\\/\\\/tralleskop.com\\\/?s={search_term_string}\"},\"query-input\":{\"@type\":\"PropertyValueSpecification\",\"valueRequired\":true,\"valueName\":\"search_term_string\"}}],\"inLanguage\":\"tr\"},{\"@type\":\"Organization\",\"@id\":\"https:\\\/\\\/tralleskop.com\\\/#organization\",\"name\":\"Tralleskop\",\"url\":\"https:\\\/\\\/tralleskop.com\\\/\",\"logo\":{\"@type\":\"ImageObject\",\"inLanguage\":\"tr\",\"@id\":\"https:\\\/\\\/tralleskop.com\\\/#\\\/schema\\\/logo\\\/image\\\/\",\"url\":\"https:\\\/\\\/tralleskop.com\\\/wp-content\\\/uploads\\\/2026\\\/03\\\/logo-1.png\",\"contentUrl\":\"https:\\\/\\\/tralleskop.com\\\/wp-content\\\/uploads\\\/2026\\\/03\\\/logo-1.png\",\"width\":2048,\"height\":2048,\"caption\":\"Tralleskop\"},\"image\":{\"@id\":\"https:\\\/\\\/tralleskop.com\\\/#\\\/schema\\\/logo\\\/image\\\/\"},\"sameAs\":[\"https:\\\/\\\/instagram.com\\\/tralleskop\"]},{\"@type\":\"Person\",\"@id\":\"https:\\\/\\\/tralleskop.com\\\/#\\\/schema\\\/person\\\/07eabec51c3edefcb97f005e5a24dc85\",\"name\":\"Yapay Zeka\",\"image\":{\"@type\":\"ImageObject\",\"inLanguage\":\"tr\",\"@id\":\"https:\\\/\\\/secure.gravatar.com\\\/avatar\\\/e77edf5bd5f891271e5db451c58207840f707caf056fe282ae8443fe299d6b9c?s=96&d=mm&r=g\",\"url\":\"https:\\\/\\\/secure.gravatar.com\\\/avatar\\\/e77edf5bd5f891271e5db451c58207840f707caf056fe282ae8443fe299d6b9c?s=96&d=mm&r=g\",\"contentUrl\":\"https:\\\/\\\/secure.gravatar.com\\\/avatar\\\/e77edf5bd5f891271e5db451c58207840f707caf056fe282ae8443fe299d6b9c?s=96&d=mm&r=g\",\"caption\":\"Yapay Zeka\"},\"url\":\"https:\\\/\\\/tralleskop.com\\\/index.php\\\/author\\\/yapayzeka\\\/\"}]}<\/script>\n<!-- \/ Yoast SEO plugin. -->","yoast_head_json":{"title":"Mac Mini \u0130\u00e7in several Ay Beklemek Gerekecek - Tralleskop","robots":{"index":"index","follow":"follow","max-snippet":"max-snippet:-1","max-image-preview":"max-image-preview:large","max-video-preview":"max-video-preview:-1"},"canonical":"https:\/\/tralleskop.com\/index.php\/2026\/05\/02\/mac-mini-icin-several-ay-beklemek-gerekecek\/","og_locale":"tr_TR","og_type":"article","og_title":"Mac Mini \u0130\u00e7in several Ay Beklemek Gerekecek - Tralleskop","og_description":"Apple CEO'su Tim Cook, Mac Mini \u00fcretiminde ya\u015fanan s\u0131k\u0131nt\u0131lar nedeniyle m\u00fc\u015fterilerin birka\u00e7 ay daha beklemek zorunda kalaca\u011f\u0131n\u0131 s\u00f6yledi.","og_url":"https:\/\/tralleskop.com\/index.php\/2026\/05\/02\/mac-mini-icin-several-ay-beklemek-gerekecek\/","og_site_name":"Tralleskop","article_published_time":"2026-05-02T06:30:06+00:00","author":"Yapay Zeka","twitter_card":"summary_large_image","twitter_misc":{"Yazan:":"Yapay Zeka","Tahmini okuma s\u00fcresi":"1 dakika"},"schema":{"@context":"https:\/\/schema.org","@graph":[{"@type":"Article","@id":"https:\/\/tralleskop.com\/index.php\/2026\/05\/02\/mac-mini-icin-several-ay-beklemek-gerekecek\/#article","isPartOf":{"@id":"https:\/\/tralleskop.com\/index.php\/2026\/05\/02\/mac-mini-icin-several-ay-beklemek-gerekecek\/"},"author":{"name":"Yapay Zeka","@id":"https:\/\/tralleskop.com\/#\/schema\/person\/07eabec51c3edefcb97f005e5a24dc85"},"headline":"Mac Mini \u0130\u00e7in several Ay Beklemek Gerekecek","datePublished":"2026-05-02T06:30:06+00:00","mainEntityOfPage":{"@id":"https:\/\/tralleskop.com\/index.php\/2026\/05\/02\/mac-mini-icin-several-ay-beklemek-gerekecek\/"},"wordCount":164,"commentCount":0,"publisher":{"@id":"https:\/\/tralleskop.com\/#organization"},"image":{"@id":"https:\/\/tralleskop.com\/index.php\/2026\/05\/02\/mac-mini-icin-several-ay-beklemek-gerekecek\/#primaryimage"},"thumbnailUrl":"https:\/\/tralleskop.com\/wp-content\/uploads\/2026\/05\/You-Bought-All-MacMinis-Business.jpg.jpg","keywords":["AI adoption","Apple","Mac Mini","Teknoloji","Tim Cook"],"articleSection":["Ekonomi","Teknoloji","Yerel Ekonomi"],"inLanguage":"tr","potentialAction":[{"@type":"CommentAction","name":"Comment","target":["https:\/\/tralleskop.com\/index.php\/2026\/05\/02\/mac-mini-icin-several-ay-beklemek-gerekecek\/#respond"]}]},{"@type":"WebPage","@id":"https:\/\/tralleskop.com\/index.php\/2026\/05\/02\/mac-mini-icin-several-ay-beklemek-gerekecek\/","url":"https:\/\/tralleskop.com\/index.php\/2026\/05\/02\/mac-mini-icin-several-ay-beklemek-gerekecek\/","name":"Mac Mini \u0130\u00e7in several Ay Beklemek Gerekecek - Tralleskop","isPartOf":{"@id":"https:\/\/tralleskop.com\/#website"},"primaryImageOfPage":{"@id":"https:\/\/tralleskop.com\/index.php\/2026\/05\/02\/mac-mini-icin-several-ay-beklemek-gerekecek\/#primaryimage"},"image":{"@id":"https:\/\/tralleskop.com\/index.php\/2026\/05\/02\/mac-mini-icin-several-ay-beklemek-gerekecek\/#primaryimage"},"thumbnailUrl":"https:\/\/tralleskop.com\/wp-content\/uploads\/2026\/05\/You-Bought-All-MacMinis-Business.jpg.jpg","datePublished":"2026-05-02T06:30:06+00:00","breadcrumb":{"@id":"https:\/\/tralleskop.com\/index.php\/2026\/05\/02\/mac-mini-icin-several-ay-beklemek-gerekecek\/#breadcrumb"},"inLanguage":"tr","potentialAction":[{"@type":"ReadAction","target":["https:\/\/tralleskop.com\/index.php\/2026\/05\/02\/mac-mini-icin-several-ay-beklemek-gerekecek\/"]}]},{"@type":"ImageObject","inLanguage":"tr","@id":"https:\/\/tralleskop.com\/index.php\/2026\/05\/02\/mac-mini-icin-several-ay-beklemek-gerekecek\/#primaryimage","url":"https:\/\/tralleskop.com\/wp-content\/uploads\/2026\/05\/You-Bought-All-MacMinis-Business.jpg.jpg","contentUrl":"https:\/\/tralleskop.com\/wp-content\/uploads\/2026\/05\/You-Bought-All-MacMinis-Business.jpg.jpg","width":1280,"height":670},{"@type":"BreadcrumbList","@id":"https:\/\/tralleskop.com\/index.php\/2026\/05\/02\/mac-mini-icin-several-ay-beklemek-gerekecek\/#breadcrumb","itemListElement":[{"@type":"ListItem","position":1,"name":"Anasayfa","item":"https:\/\/tralleskop.com\/"},{"@type":"ListItem","position":2,"name":"Mac Mini \u0130\u00e7in several Ay Beklemek Gerekecek"}]},{"@type":"WebSite","@id":"https:\/\/tralleskop.com\/#website","url":"https:\/\/tralleskop.com\/","name":"Tralleskop","description":"","publisher":{"@id":"https:\/\/tralleskop.com\/#organization"},"potentialAction":[{"@type":"SearchAction","target":{"@type":"EntryPoint","urlTemplate":"https:\/\/tralleskop.com\/?s={search_term_string}"},"query-input":{"@type":"PropertyValueSpecification","valueRequired":true,"valueName":"search_term_string"}}],"inLanguage":"tr"},{"@type":"Organization","@id":"https:\/\/tralleskop.com\/#organization","name":"Tralleskop","url":"https:\/\/tralleskop.com\/","logo":{"@type":"ImageObject","inLanguage":"tr","@id":"https:\/\/tralleskop.com\/#\/schema\/logo\/image\/","url":"https:\/\/tralleskop.com\/wp-content\/uploads\/2026\/03\/logo-1.png","contentUrl":"https:\/\/tralleskop.com\/wp-content\/uploads\/2026\/03\/logo-1.png","width":2048,"height":2048,"caption":"Tralleskop"},"image":{"@id":"https:\/\/tralleskop.com\/#\/schema\/logo\/image\/"},"sameAs":["https:\/\/instagram.com\/tralleskop"]},{"@type":"Person","@id":"https:\/\/tralleskop.com\/#\/schema\/person\/07eabec51c3edefcb97f005e5a24dc85","name":"Yapay Zeka","image":{"@type":"ImageObject","inLanguage":"tr","@id":"https:\/\/secure.gravatar.com\/avatar\/e77edf5bd5f891271e5db451c58207840f707caf056fe282ae8443fe299d6b9c?s=96&d=mm&r=g","url":"https:\/\/secure.gravatar.com\/avatar\/e77edf5bd5f891271e5db451c58207840f707caf056fe282ae8443fe299d6b9c?s=96&d=mm&r=g","contentUrl":"https:\/\/secure.gravatar.com\/avatar\/e77edf5bd5f891271e5db451c58207840f707caf056fe282ae8443fe299d6b9c?s=96&d=mm&r=g","caption":"Yapay Zeka"},"url":"https:\/\/tralleskop.com\/index.php\/author\/yapayzeka\/"}]}},"jetpack_featured_media_url":"https:\/\/tralleskop.com\/wp-content\/uploads\/2026\/05\/You-Bought-All-MacMinis-Business.jpg.jpg","_links":{"self":[{"href":"https:\/\/tralleskop.com\/index.php\/wp-json\/wp\/v2\/posts\/563","targetHints":{"allow":["GET"]}}],"collection":[{"href":"https:\/\/tralleskop.com\/index.php\/wp-json\/wp\/v2\/posts"}],"about":[{"href":"https:\/\/tralleskop.com\/index.php\/wp-json\/wp\/v2\/types\/post"}],"author":[{"embeddable":true,"href":"https:\/\/tralleskop.com\/index.php\/wp-json\/wp\/v2\/users\/3"}],"replies":[{"embeddable":true,"href":"https:\/\/tralleskop.com\/index.php\/wp-json\/wp\/v2\/comments?post=563"}],"version-history":[{"count":0,"href":"https:\/\/tralleskop.com\/index.php\/wp-json\/wp\/v2\/posts\/563\/revisions"}],"wp:featuredmedia":[{"embeddable":true,"href":"https:\/\/tralleskop.com\/index.php\/wp-json\/wp\/v2\/media\/564"}],"wp:attachment":[{"href":"https:\/\/tralleskop.com\/index.php\/wp-json\/wp\/v2\/media?parent=563"}],"wp:term":[{"taxonomy":"category","embeddable":true,"href":"https:\/\/tralleskop.com\/index.php\/wp-json\/wp\/v2\/categories?post=563"},{"taxonomy":"post_tag","embeddable":true,"href":"https:\/\/tralleskop.com\/index.php\/wp-json\/wp\/v2\/tags?post=563"}],"curies":[{"name":"wp","href":"https:\/\/api.w.org\/{rel}","templated":true}]}}