{"id":549,"date":"2026-05-02T07:30:07","date_gmt":"2026-05-02T04:30:07","guid":{"rendered":"https:\/\/tralleskop.com\/index.php\/2026\/05\/02\/myanmarnun-eski-lideri-aung-san-suu-kyi-evinde-gozaltina-alindi\/"},"modified":"2026-05-02T07:30:07","modified_gmt":"2026-05-02T04:30:07","slug":"myanmarnun-eski-lideri-aung-san-suu-kyi-evinde-gozaltina-alindi","status":"publish","type":"post","link":"https:\/\/tralleskop.com\/index.php\/2026\/05\/02\/myanmarnun-eski-lideri-aung-san-suu-kyi-evinde-gozaltina-alindi\/","title":{"rendered":"Myanmar&#8217;nun Eski Lideri Aung San Suu Kyi Evinde G\u00f6zalt\u0131na Al\u0131nd\u0131"},"content":{"rendered":"<h1>Myanmar&#8217;\u0131n G\u00f6zalt\u0131ndaki Eski Lideri Aung San Suu Kyi Evinde G\u00f6zalt\u0131na Al\u0131nd\u0131<\/h1>\n<p>Myanmar&#8217;\u0131n g\u00f6zalt\u0131ndaki eski lideri Aung San Suu Kyi, \u00fclkenin askeri y\u00f6netimi taraf\u0131ndan evinde g\u00f6zalt\u0131na al\u0131nacak. Bu karar, **Aung San Suu Kyi&#8217;nin** liderli\u011findeki sivil h\u00fck\u00fcmetin **askeri taraf\u0131ndan devrilmesinden** ve **Nobel Bar\u0131\u015f \u00d6d\u00fcl\u00fc&#8217;n\u00fc kazanan** **Suu Kyi&#8217;nin** g\u00f6zalt\u0131na al\u0131nmas\u0131ndan \u00fczerinden be\u015f y\u0131ldan fazla bir s\u00fcre ge\u00e7tikten sonra al\u0131nd\u0131.<\/p>\n<h2>**G\u00f6zalt\u0131 Karar\u0131**<\/h2>\n<p>Devlet medyas\u0131 taraf\u0131ndan yap\u0131lan a\u00e7\u0131klamaya g\u00f6re, **Aung San Suu Kyi** nyn\u00ed evinde g\u00f6zalt\u0131na al\u0131nacak. Bu decision, Myanmar&#8217;\u0131n siyasi gelece\u011fi i\u00e7in \u00f6nemli bir geli\u015fme olarak g\u00f6r\u00fcl\u00fcyor.<\/p>\n<h3>**Siyasi_durum**<\/h3>\n<p>Myanmar&#8217;da **askeri y\u00f6netim** taraf\u0131ndantaken yap\u0131lan **darbe** sonras\u0131nda **sivil h\u00fck\u00fcmet** devrilmi\u015f ve **Aung San Suu Kyi** ile di\u011fer liderler g\u00f6zalt\u0131na al\u0131nm\u0131\u015ft\u0131. \u00dclke uzun s\u00fcredir **siyasi belirsizlik** i\u00e7inde bulunuyor.<\/p>\n<p>**Analiz**: Myanmar&#8217;da **Aung San Suu Kyi&#8217;nin** evinde g\u00f6zalt\u0131na al\u0131nmas\u0131n\u0131n **toplum** ve **ekonomi** \u00fczerindeki etkisi b\u00fcy\u00fck olacak. \u00dclkede **siyasi istikrar** sa\u011flamak i\u00e7in **\u00e7abalara** devam edilmesi gerekiyor.<\/p>\n","protected":false},"excerpt":{"rendered":"<p>Myanmar&#8217;\u0131n eski lideri Aung San Suu Kyi evinde g\u00f6zalt\u0131na al\u0131nacak.<\/p>\n","protected":false},"author":3,"featured_media":550,"comment_status":"open","ping_status":"open","sticky":false,"template":"","format":"standard","meta":{"googlesitekit_rrm_CAow15e3DA:productID":"","_coblocks_attr":"","_coblocks_dimensions":"","_coblocks_responsive_height":"","_coblocks_accordion_ie_support":"","_ai_summary":"","_external_image_url":"https:\/\/media.cnn.com\/api\/v1\/images\/stellar\/prod\/2273254083.JPG?c=16x9&q=w_800,c_fill","footnotes":""},"categories":[50,5,26],"tags":[226,128,224,225,129],"class_list":["post-549","post","type-post","status-publish","format-standard","has-post-thumbnail","hentry","category-aydin-siyaset","category-dunya","category-siyaset","tag-askeri-yonetim","tag-aung-san-suu-kyi","tag-gozalti","tag-house-arrest","tag-myanmar"],"yoast_head":"<!-- This site is optimized with the Yoast SEO plugin v27.5 - https:\/\/yoast.com\/product\/yoast-seo-wordpress\/ -->\n<title>Myanmar&#039;nun Eski Lideri Aung San Suu Kyi Evinde G\u00f6zalt\u0131na Al\u0131nd\u0131 - Tralleskop<\/title>\n<meta name=\"robots\" content=\"index, follow, max-snippet:-1, max-image-preview:large, max-video-preview:-1\" \/>\n<link rel=\"canonical\" href=\"https:\/\/tralleskop.com\/index.php\/2026\/05\/02\/myanmarnun-eski-lideri-aung-san-suu-kyi-evinde-gozaltina-alindi\/\" \/>\n<meta property=\"og:locale\" content=\"tr_TR\" \/>\n<meta property=\"og:type\" content=\"article\" \/>\n<meta property=\"og:title\" content=\"Myanmar&#039;nun Eski Lideri Aung San Suu Kyi Evinde G\u00f6zalt\u0131na Al\u0131nd\u0131 - Tralleskop\" \/>\n<meta property=\"og:description\" content=\"Myanmar&#039;\u0131n eski lideri Aung San Suu Kyi evinde g\u00f6zalt\u0131na al\u0131nacak.\" \/>\n<meta property=\"og:url\" content=\"https:\/\/tralleskop.com\/index.php\/2026\/05\/02\/myanmarnun-eski-lideri-aung-san-suu-kyi-evinde-gozaltina-alindi\/\" \/>\n<meta property=\"og:site_name\" content=\"Tralleskop\" \/>\n<meta property=\"article:published_time\" content=\"2026-05-02T04:30:07+00:00\" \/>\n<meta name=\"author\" content=\"Yapay Zeka\" \/>\n<meta name=\"twitter:card\" content=\"summary_large_image\" \/>\n<meta name=\"twitter:label1\" content=\"Yazan:\" \/>\n\t<meta name=\"twitter:data1\" content=\"Yapay Zeka\" \/>\n\t<meta name=\"twitter:label2\" content=\"Tahmini okuma s\u00fcresi\" \/>\n\t<meta name=\"twitter:data2\" content=\"1 dakika\" \/>\n<script type=\"application\/ld+json\" class=\"yoast-schema-graph\">{\"@context\":\"https:\\\/\\\/schema.org\",\"@graph\":[{\"@type\":\"Article\",\"@id\":\"https:\\\/\\\/tralleskop.com\\\/index.php\\\/2026\\\/05\\\/02\\\/myanmarnun-eski-lideri-aung-san-suu-kyi-evinde-gozaltina-alindi\\\/#article\",\"isPartOf\":{\"@id\":\"https:\\\/\\\/tralleskop.com\\\/index.php\\\/2026\\\/05\\\/02\\\/myanmarnun-eski-lideri-aung-san-suu-kyi-evinde-gozaltina-alindi\\\/\"},\"author\":{\"name\":\"Yapay Zeka\",\"@id\":\"https:\\\/\\\/tralleskop.com\\\/#\\\/schema\\\/person\\\/07eabec51c3edefcb97f005e5a24dc85\"},\"headline\":\"Myanmar&#8217;nun Eski Lideri Aung San Suu Kyi Evinde G\u00f6zalt\u0131na Al\u0131nd\u0131\",\"datePublished\":\"2026-05-02T04:30:07+00:00\",\"mainEntityOfPage\":{\"@id\":\"https:\\\/\\\/tralleskop.com\\\/index.php\\\/2026\\\/05\\\/02\\\/myanmarnun-eski-lideri-aung-san-suu-kyi-evinde-gozaltina-alindi\\\/\"},\"wordCount\":221,\"commentCount\":0,\"publisher\":{\"@id\":\"https:\\\/\\\/tralleskop.com\\\/#organization\"},\"image\":{\"@id\":\"https:\\\/\\\/tralleskop.com\\\/index.php\\\/2026\\\/05\\\/02\\\/myanmarnun-eski-lideri-aung-san-suu-kyi-evinde-gozaltina-alindi\\\/#primaryimage\"},\"thumbnailUrl\":\"https:\\\/\\\/tralleskop.com\\\/wp-content\\\/uploads\\\/2026\\\/05\\\/2273254083.JPG.jpg\",\"keywords\":[\"askeri y\u00f6netim\",\"Aung San Suu Kyi\",\"g\u00f6zalt\u0131\",\"house arrest\",\"Myanmar\"],\"articleSection\":[\"Ayd\u0131n Siyaset\",\"d\u00fcnya\",\"Siyaset\"],\"inLanguage\":\"tr\",\"potentialAction\":[{\"@type\":\"CommentAction\",\"name\":\"Comment\",\"target\":[\"https:\\\/\\\/tralleskop.com\\\/index.php\\\/2026\\\/05\\\/02\\\/myanmarnun-eski-lideri-aung-san-suu-kyi-evinde-gozaltina-alindi\\\/#respond\"]}]},{\"@type\":\"WebPage\",\"@id\":\"https:\\\/\\\/tralleskop.com\\\/index.php\\\/2026\\\/05\\\/02\\\/myanmarnun-eski-lideri-aung-san-suu-kyi-evinde-gozaltina-alindi\\\/\",\"url\":\"https:\\\/\\\/tralleskop.com\\\/index.php\\\/2026\\\/05\\\/02\\\/myanmarnun-eski-lideri-aung-san-suu-kyi-evinde-gozaltina-alindi\\\/\",\"name\":\"Myanmar'nun Eski Lideri Aung San Suu Kyi Evinde G\u00f6zalt\u0131na Al\u0131nd\u0131 - Tralleskop\",\"isPartOf\":{\"@id\":\"https:\\\/\\\/tralleskop.com\\\/#website\"},\"primaryImageOfPage\":{\"@id\":\"https:\\\/\\\/tralleskop.com\\\/index.php\\\/2026\\\/05\\\/02\\\/myanmarnun-eski-lideri-aung-san-suu-kyi-evinde-gozaltina-alindi\\\/#primaryimage\"},\"image\":{\"@id\":\"https:\\\/\\\/tralleskop.com\\\/index.php\\\/2026\\\/05\\\/02\\\/myanmarnun-eski-lideri-aung-san-suu-kyi-evinde-gozaltina-alindi\\\/#primaryimage\"},\"thumbnailUrl\":\"https:\\\/\\\/tralleskop.com\\\/wp-content\\\/uploads\\\/2026\\\/05\\\/2273254083.JPG.jpg\",\"datePublished\":\"2026-05-02T04:30:07+00:00\",\"breadcrumb\":{\"@id\":\"https:\\\/\\\/tralleskop.com\\\/index.php\\\/2026\\\/05\\\/02\\\/myanmarnun-eski-lideri-aung-san-suu-kyi-evinde-gozaltina-alindi\\\/#breadcrumb\"},\"inLanguage\":\"tr\",\"potentialAction\":[{\"@type\":\"ReadAction\",\"target\":[\"https:\\\/\\\/tralleskop.com\\\/index.php\\\/2026\\\/05\\\/02\\\/myanmarnun-eski-lideri-aung-san-suu-kyi-evinde-gozaltina-alindi\\\/\"]}]},{\"@type\":\"ImageObject\",\"inLanguage\":\"tr\",\"@id\":\"https:\\\/\\\/tralleskop.com\\\/index.php\\\/2026\\\/05\\\/02\\\/myanmarnun-eski-lideri-aung-san-suu-kyi-evinde-gozaltina-alindi\\\/#primaryimage\",\"url\":\"https:\\\/\\\/tralleskop.com\\\/wp-content\\\/uploads\\\/2026\\\/05\\\/2273254083.JPG.jpg\",\"contentUrl\":\"https:\\\/\\\/tralleskop.com\\\/wp-content\\\/uploads\\\/2026\\\/05\\\/2273254083.JPG.jpg\",\"width\":800,\"height\":450},{\"@type\":\"BreadcrumbList\",\"@id\":\"https:\\\/\\\/tralleskop.com\\\/index.php\\\/2026\\\/05\\\/02\\\/myanmarnun-eski-lideri-aung-san-suu-kyi-evinde-gozaltina-alindi\\\/#breadcrumb\",\"itemListElement\":[{\"@type\":\"ListItem\",\"position\":1,\"name\":\"Anasayfa\",\"item\":\"https:\\\/\\\/tralleskop.com\\\/\"},{\"@type\":\"ListItem\",\"position\":2,\"name\":\"Myanmar&#8217;nun Eski Lideri Aung San Suu Kyi Evinde G\u00f6zalt\u0131na Al\u0131nd\u0131\"}]},{\"@type\":\"WebSite\",\"@id\":\"https:\\\/\\\/tralleskop.com\\\/#website\",\"url\":\"https:\\\/\\\/tralleskop.com\\\/\",\"name\":\"Tralleskop\",\"description\":\"\",\"publisher\":{\"@id\":\"https:\\\/\\\/tralleskop.com\\\/#organization\"},\"potentialAction\":[{\"@type\":\"SearchAction\",\"target\":{\"@type\":\"EntryPoint\",\"urlTemplate\":\"https:\\\/\\\/tralleskop.com\\\/?s={search_term_string}\"},\"query-input\":{\"@type\":\"PropertyValueSpecification\",\"valueRequired\":true,\"valueName\":\"search_term_string\"}}],\"inLanguage\":\"tr\"},{\"@type\":\"Organization\",\"@id\":\"https:\\\/\\\/tralleskop.com\\\/#organization\",\"name\":\"Tralleskop\",\"url\":\"https:\\\/\\\/tralleskop.com\\\/\",\"logo\":{\"@type\":\"ImageObject\",\"inLanguage\":\"tr\",\"@id\":\"https:\\\/\\\/tralleskop.com\\\/#\\\/schema\\\/logo\\\/image\\\/\",\"url\":\"https:\\\/\\\/tralleskop.com\\\/wp-content\\\/uploads\\\/2026\\\/03\\\/logo-1.png\",\"contentUrl\":\"https:\\\/\\\/tralleskop.com\\\/wp-content\\\/uploads\\\/2026\\\/03\\\/logo-1.png\",\"width\":2048,\"height\":2048,\"caption\":\"Tralleskop\"},\"image\":{\"@id\":\"https:\\\/\\\/tralleskop.com\\\/#\\\/schema\\\/logo\\\/image\\\/\"},\"sameAs\":[\"https:\\\/\\\/instagram.com\\\/tralleskop\"]},{\"@type\":\"Person\",\"@id\":\"https:\\\/\\\/tralleskop.com\\\/#\\\/schema\\\/person\\\/07eabec51c3edefcb97f005e5a24dc85\",\"name\":\"Yapay Zeka\",\"image\":{\"@type\":\"ImageObject\",\"inLanguage\":\"tr\",\"@id\":\"https:\\\/\\\/secure.gravatar.com\\\/avatar\\\/e77edf5bd5f891271e5db451c58207840f707caf056fe282ae8443fe299d6b9c?s=96&d=mm&r=g\",\"url\":\"https:\\\/\\\/secure.gravatar.com\\\/avatar\\\/e77edf5bd5f891271e5db451c58207840f707caf056fe282ae8443fe299d6b9c?s=96&d=mm&r=g\",\"contentUrl\":\"https:\\\/\\\/secure.gravatar.com\\\/avatar\\\/e77edf5bd5f891271e5db451c58207840f707caf056fe282ae8443fe299d6b9c?s=96&d=mm&r=g\",\"caption\":\"Yapay Zeka\"},\"url\":\"https:\\\/\\\/tralleskop.com\\\/index.php\\\/author\\\/yapayzeka\\\/\"}]}<\/script>\n<!-- \/ Yoast SEO plugin. -->","yoast_head_json":{"title":"Myanmar'nun Eski Lideri Aung San Suu Kyi Evinde G\u00f6zalt\u0131na Al\u0131nd\u0131 - Tralleskop","robots":{"index":"index","follow":"follow","max-snippet":"max-snippet:-1","max-image-preview":"max-image-preview:large","max-video-preview":"max-video-preview:-1"},"canonical":"https:\/\/tralleskop.com\/index.php\/2026\/05\/02\/myanmarnun-eski-lideri-aung-san-suu-kyi-evinde-gozaltina-alindi\/","og_locale":"tr_TR","og_type":"article","og_title":"Myanmar'nun Eski Lideri Aung San Suu Kyi Evinde G\u00f6zalt\u0131na Al\u0131nd\u0131 - Tralleskop","og_description":"Myanmar'\u0131n eski lideri Aung San Suu Kyi evinde g\u00f6zalt\u0131na al\u0131nacak.","og_url":"https:\/\/tralleskop.com\/index.php\/2026\/05\/02\/myanmarnun-eski-lideri-aung-san-suu-kyi-evinde-gozaltina-alindi\/","og_site_name":"Tralleskop","article_published_time":"2026-05-02T04:30:07+00:00","author":"Yapay Zeka","twitter_card":"summary_large_image","twitter_misc":{"Yazan:":"Yapay Zeka","Tahmini okuma s\u00fcresi":"1 dakika"},"schema":{"@context":"https:\/\/schema.org","@graph":[{"@type":"Article","@id":"https:\/\/tralleskop.com\/index.php\/2026\/05\/02\/myanmarnun-eski-lideri-aung-san-suu-kyi-evinde-gozaltina-alindi\/#article","isPartOf":{"@id":"https:\/\/tralleskop.com\/index.php\/2026\/05\/02\/myanmarnun-eski-lideri-aung-san-suu-kyi-evinde-gozaltina-alindi\/"},"author":{"name":"Yapay Zeka","@id":"https:\/\/tralleskop.com\/#\/schema\/person\/07eabec51c3edefcb97f005e5a24dc85"},"headline":"Myanmar&#8217;nun Eski Lideri Aung San Suu Kyi Evinde G\u00f6zalt\u0131na Al\u0131nd\u0131","datePublished":"2026-05-02T04:30:07+00:00","mainEntityOfPage":{"@id":"https:\/\/tralleskop.com\/index.php\/2026\/05\/02\/myanmarnun-eski-lideri-aung-san-suu-kyi-evinde-gozaltina-alindi\/"},"wordCount":221,"commentCount":0,"publisher":{"@id":"https:\/\/tralleskop.com\/#organization"},"image":{"@id":"https:\/\/tralleskop.com\/index.php\/2026\/05\/02\/myanmarnun-eski-lideri-aung-san-suu-kyi-evinde-gozaltina-alindi\/#primaryimage"},"thumbnailUrl":"https:\/\/tralleskop.com\/wp-content\/uploads\/2026\/05\/2273254083.JPG.jpg","keywords":["askeri y\u00f6netim","Aung San Suu Kyi","g\u00f6zalt\u0131","house arrest","Myanmar"],"articleSection":["Ayd\u0131n Siyaset","d\u00fcnya","Siyaset"],"inLanguage":"tr","potentialAction":[{"@type":"CommentAction","name":"Comment","target":["https:\/\/tralleskop.com\/index.php\/2026\/05\/02\/myanmarnun-eski-lideri-aung-san-suu-kyi-evinde-gozaltina-alindi\/#respond"]}]},{"@type":"WebPage","@id":"https:\/\/tralleskop.com\/index.php\/2026\/05\/02\/myanmarnun-eski-lideri-aung-san-suu-kyi-evinde-gozaltina-alindi\/","url":"https:\/\/tralleskop.com\/index.php\/2026\/05\/02\/myanmarnun-eski-lideri-aung-san-suu-kyi-evinde-gozaltina-alindi\/","name":"Myanmar'nun Eski Lideri Aung San Suu Kyi Evinde G\u00f6zalt\u0131na Al\u0131nd\u0131 - Tralleskop","isPartOf":{"@id":"https:\/\/tralleskop.com\/#website"},"primaryImageOfPage":{"@id":"https:\/\/tralleskop.com\/index.php\/2026\/05\/02\/myanmarnun-eski-lideri-aung-san-suu-kyi-evinde-gozaltina-alindi\/#primaryimage"},"image":{"@id":"https:\/\/tralleskop.com\/index.php\/2026\/05\/02\/myanmarnun-eski-lideri-aung-san-suu-kyi-evinde-gozaltina-alindi\/#primaryimage"},"thumbnailUrl":"https:\/\/tralleskop.com\/wp-content\/uploads\/2026\/05\/2273254083.JPG.jpg","datePublished":"2026-05-02T04:30:07+00:00","breadcrumb":{"@id":"https:\/\/tralleskop.com\/index.php\/2026\/05\/02\/myanmarnun-eski-lideri-aung-san-suu-kyi-evinde-gozaltina-alindi\/#breadcrumb"},"inLanguage":"tr","potentialAction":[{"@type":"ReadAction","target":["https:\/\/tralleskop.com\/index.php\/2026\/05\/02\/myanmarnun-eski-lideri-aung-san-suu-kyi-evinde-gozaltina-alindi\/"]}]},{"@type":"ImageObject","inLanguage":"tr","@id":"https:\/\/tralleskop.com\/index.php\/2026\/05\/02\/myanmarnun-eski-lideri-aung-san-suu-kyi-evinde-gozaltina-alindi\/#primaryimage","url":"https:\/\/tralleskop.com\/wp-content\/uploads\/2026\/05\/2273254083.JPG.jpg","contentUrl":"https:\/\/tralleskop.com\/wp-content\/uploads\/2026\/05\/2273254083.JPG.jpg","width":800,"height":450},{"@type":"BreadcrumbList","@id":"https:\/\/tralleskop.com\/index.php\/2026\/05\/02\/myanmarnun-eski-lideri-aung-san-suu-kyi-evinde-gozaltina-alindi\/#breadcrumb","itemListElement":[{"@type":"ListItem","position":1,"name":"Anasayfa","item":"https:\/\/tralleskop.com\/"},{"@type":"ListItem","position":2,"name":"Myanmar&#8217;nun Eski Lideri Aung San Suu Kyi Evinde G\u00f6zalt\u0131na Al\u0131nd\u0131"}]},{"@type":"WebSite","@id":"https:\/\/tralleskop.com\/#website","url":"https:\/\/tralleskop.com\/","name":"Tralleskop","description":"","publisher":{"@id":"https:\/\/tralleskop.com\/#organization"},"potentialAction":[{"@type":"SearchAction","target":{"@type":"EntryPoint","urlTemplate":"https:\/\/tralleskop.com\/?s={search_term_string}"},"query-input":{"@type":"PropertyValueSpecification","valueRequired":true,"valueName":"search_term_string"}}],"inLanguage":"tr"},{"@type":"Organization","@id":"https:\/\/tralleskop.com\/#organization","name":"Tralleskop","url":"https:\/\/tralleskop.com\/","logo":{"@type":"ImageObject","inLanguage":"tr","@id":"https:\/\/tralleskop.com\/#\/schema\/logo\/image\/","url":"https:\/\/tralleskop.com\/wp-content\/uploads\/2026\/03\/logo-1.png","contentUrl":"https:\/\/tralleskop.com\/wp-content\/uploads\/2026\/03\/logo-1.png","width":2048,"height":2048,"caption":"Tralleskop"},"image":{"@id":"https:\/\/tralleskop.com\/#\/schema\/logo\/image\/"},"sameAs":["https:\/\/instagram.com\/tralleskop"]},{"@type":"Person","@id":"https:\/\/tralleskop.com\/#\/schema\/person\/07eabec51c3edefcb97f005e5a24dc85","name":"Yapay Zeka","image":{"@type":"ImageObject","inLanguage":"tr","@id":"https:\/\/secure.gravatar.com\/avatar\/e77edf5bd5f891271e5db451c58207840f707caf056fe282ae8443fe299d6b9c?s=96&d=mm&r=g","url":"https:\/\/secure.gravatar.com\/avatar\/e77edf5bd5f891271e5db451c58207840f707caf056fe282ae8443fe299d6b9c?s=96&d=mm&r=g","contentUrl":"https:\/\/secure.gravatar.com\/avatar\/e77edf5bd5f891271e5db451c58207840f707caf056fe282ae8443fe299d6b9c?s=96&d=mm&r=g","caption":"Yapay Zeka"},"url":"https:\/\/tralleskop.com\/index.php\/author\/yapayzeka\/"}]}},"jetpack_featured_media_url":"https:\/\/tralleskop.com\/wp-content\/uploads\/2026\/05\/2273254083.JPG.jpg","_links":{"self":[{"href":"https:\/\/tralleskop.com\/index.php\/wp-json\/wp\/v2\/posts\/549","targetHints":{"allow":["GET"]}}],"collection":[{"href":"https:\/\/tralleskop.com\/index.php\/wp-json\/wp\/v2\/posts"}],"about":[{"href":"https:\/\/tralleskop.com\/index.php\/wp-json\/wp\/v2\/types\/post"}],"author":[{"embeddable":true,"href":"https:\/\/tralleskop.com\/index.php\/wp-json\/wp\/v2\/users\/3"}],"replies":[{"embeddable":true,"href":"https:\/\/tralleskop.com\/index.php\/wp-json\/wp\/v2\/comments?post=549"}],"version-history":[{"count":0,"href":"https:\/\/tralleskop.com\/index.php\/wp-json\/wp\/v2\/posts\/549\/revisions"}],"wp:featuredmedia":[{"embeddable":true,"href":"https:\/\/tralleskop.com\/index.php\/wp-json\/wp\/v2\/media\/550"}],"wp:attachment":[{"href":"https:\/\/tralleskop.com\/index.php\/wp-json\/wp\/v2\/media?parent=549"}],"wp:term":[{"taxonomy":"category","embeddable":true,"href":"https:\/\/tralleskop.com\/index.php\/wp-json\/wp\/v2\/categories?post=549"},{"taxonomy":"post_tag","embeddable":true,"href":"https:\/\/tralleskop.com\/index.php\/wp-json\/wp\/v2\/tags?post=549"}],"curies":[{"name":"wp","href":"https:\/\/api.w.org\/{rel}","templated":true}]}}