{"id":543,"date":"2026-05-02T06:45:06","date_gmt":"2026-05-02T03:45:06","guid":{"rendered":"https:\/\/tralleskop.com\/index.php\/2026\/05\/02\/iran-yuksek-lideri-nukleer-ve-fuze-kabiliyetlerini-koruyacagina-yemin-ediyor\/"},"modified":"2026-05-02T06:45:06","modified_gmt":"2026-05-02T03:45:06","slug":"iran-yuksek-lideri-nukleer-ve-fuze-kabiliyetlerini-koruyacagina-yemin-ediyor","status":"publish","type":"post","link":"https:\/\/tralleskop.com\/index.php\/2026\/05\/02\/iran-yuksek-lideri-nukleer-ve-fuze-kabiliyetlerini-koruyacagina-yemin-ediyor\/","title":{"rendered":"\u0130ran Y\u00fcksek Lideri N\u00fckleer ve F\u00fcze Kabiliyetlerini Koruyaca\u011f\u0131na Yemin Ediyor"},"content":{"rendered":"<h1>\u0130ran Y\u00fcksek Lideri N\u00fckleer ve F\u00fcze Kabiliyetlerini Koruyaca\u011f\u0131na Yemin Ediyor<\/h1>\n<p>\u0130ran&#8217;\u0131n \u00fcst d\u00fczey lideri, **Ayatollah Mojtaba Khamenei**, \u0130slam Cumhuriyeti&#8217;nin n\u00fckleer ve f\u00fcze kabiliyetlerini ulusal bir varl\u0131k olarak koruyaca\u011f\u0131na dair bir a\u00e7\u0131klama yapt\u0131. Bu a\u00e7\u0131klama, **ABD Ba\u015fkan\u0131 Donald Trump**&#8217;\u0131n daha geni\u015f bir anla\u015fma aray\u0131\u015f\u0131yla birlikte yap\u0131ld\u0131.<\/p>\n<h2>N\u00fckleer ve F\u00fcze Kabiliyetleri<\/h2>\n<p>\u0130ran&#8217;\u0131n n\u00fckleer ve f\u00fcze programlar\u0131, y\u0131llard\u0131r uluslararas\u0131 alanda \u00f6nemli bir tart\u0131\u015fma konusu oldu. **Ayatollah Khamenei**, bu programlar\u0131n **\u00fclke g\u00fcvenli\u011fi** a\u00e7\u0131s\u0131ndan kritik \u00f6neme sahip oldu\u011funu vurgulad\u0131.<\/p>\n<h3>ABD ile \u0130li\u015fkiler<\/h3>\n<p>\u0130ran ve ABD aras\u0131ndaki ili\u015fkiler, son y\u0131llarda **gergin** bir \u015fekilde devam etti. **ABD Ba\u015fkan\u0131 Donald Trump**, \u0130ran&#8217;a y\u00f6nelik **yapt\u0131r\u0131mlar\u0131** art\u0131rmaya devam ederken, \u0130ran da **n\u00fckleer ve f\u00fcze kabiliyetlerini** g\u00fc\u00e7lendirmeye devam ediyor.<\/p>\n<h2>Toplumsal ve Ekonomik Etki<\/h2>\n<p>\u0130ran&#8217;\u0131n n\u00fckleer ve f\u00fcze kabiliyetlerini korumas\u0131, \u00fclkenin **ekonomik ve toplumsal** durumunda \u00f6nemli etkiler yaratmaya devam edebilir. **Yapt\u0131r\u0131mlar** ve **uluslararas\u0131 bask\u0131lar**, \u0130ran&#8217;\u0131n ekonomisini olumsuz etkileyebilirken, n\u00fckleer ve f\u00fcze programlar\u0131 da \u00fclke i\u00e7in \u00f6nemli bir **g\u00fcvenlik** kayna\u011f\u0131 olarak g\u00f6r\u00fcl\u00fcyor.<\/p>\n","protected":false},"excerpt":{"rendered":"<p>\u0130ran&#8217;\u0131n \u00fcst d\u00fczey lideri, n\u00fckleer ve f\u00fcze kabiliyetlerini ulusal bir varl\u0131k olarak koruyaca\u011f\u0131na dair bir a\u00e7\u0131klama yapt\u0131.<\/p>\n","protected":false},"author":3,"featured_media":544,"comment_status":"open","ping_status":"open","sticky":false,"template":"","format":"standard","meta":{"googlesitekit_rrm_CAow15e3DA:productID":"","_coblocks_attr":"","_coblocks_dimensions":"","_coblocks_responsive_height":"","_coblocks_accordion_ie_support":"","_ai_summary":"","_external_image_url":"https:\/\/dims.apnews.com\/dims4\/default\/2128522\/2147483647\/strip\/true\/crop\/6846x4562+0+1\/resize\/980x653!\/quality\/90\/?url=https%3A%2F%2Fassets.apnews.com%2F82%2F95%2F2b4ae5cc3719192e937a0ef02d6d%2F89e2e485e79541a395671e299c5e4c81","footnotes":""},"categories":[50,5,19,26,48],"tags":[13,213,14,214,212,118],"class_list":["post-543","post","type-post","status-publish","format-standard","has-post-thumbnail","hentry","category-aydin-siyaset","category-dunya","category-ekonomi","category-siyaset","category-aydin-ekonomi","tag-abd","tag-fuze","tag-iran","tag-khamenei","tag-nukleer","tag-trump"],"yoast_head":"<!-- This site is optimized with the Yoast SEO plugin v27.5 - https:\/\/yoast.com\/product\/yoast-seo-wordpress\/ -->\n<title>\u0130ran Y\u00fcksek Lideri N\u00fckleer ve F\u00fcze Kabiliyetlerini Koruyaca\u011f\u0131na Yemin Ediyor - Tralleskop<\/title>\n<meta name=\"robots\" content=\"index, follow, max-snippet:-1, max-image-preview:large, max-video-preview:-1\" \/>\n<link rel=\"canonical\" href=\"https:\/\/tralleskop.com\/index.php\/2026\/05\/02\/iran-yuksek-lideri-nukleer-ve-fuze-kabiliyetlerini-koruyacagina-yemin-ediyor\/\" \/>\n<meta property=\"og:locale\" content=\"tr_TR\" \/>\n<meta property=\"og:type\" content=\"article\" \/>\n<meta property=\"og:title\" content=\"\u0130ran Y\u00fcksek Lideri N\u00fckleer ve F\u00fcze Kabiliyetlerini Koruyaca\u011f\u0131na Yemin Ediyor - Tralleskop\" \/>\n<meta property=\"og:description\" content=\"\u0130ran&#039;\u0131n \u00fcst d\u00fczey lideri, n\u00fckleer ve f\u00fcze kabiliyetlerini ulusal bir varl\u0131k olarak koruyaca\u011f\u0131na dair bir a\u00e7\u0131klama yapt\u0131.\" \/>\n<meta property=\"og:url\" content=\"https:\/\/tralleskop.com\/index.php\/2026\/05\/02\/iran-yuksek-lideri-nukleer-ve-fuze-kabiliyetlerini-koruyacagina-yemin-ediyor\/\" \/>\n<meta property=\"og:site_name\" content=\"Tralleskop\" \/>\n<meta property=\"article:published_time\" content=\"2026-05-02T03:45:06+00:00\" \/>\n<meta name=\"author\" content=\"Yapay Zeka\" \/>\n<meta name=\"twitter:card\" content=\"summary_large_image\" \/>\n<meta name=\"twitter:label1\" content=\"Yazan:\" \/>\n\t<meta name=\"twitter:data1\" content=\"Yapay Zeka\" \/>\n\t<meta name=\"twitter:label2\" content=\"Tahmini okuma s\u00fcresi\" \/>\n\t<meta name=\"twitter:data2\" content=\"1 dakika\" \/>\n<script type=\"application\/ld+json\" class=\"yoast-schema-graph\">{\"@context\":\"https:\\\/\\\/schema.org\",\"@graph\":[{\"@type\":\"Article\",\"@id\":\"https:\\\/\\\/tralleskop.com\\\/index.php\\\/2026\\\/05\\\/02\\\/iran-yuksek-lideri-nukleer-ve-fuze-kabiliyetlerini-koruyacagina-yemin-ediyor\\\/#article\",\"isPartOf\":{\"@id\":\"https:\\\/\\\/tralleskop.com\\\/index.php\\\/2026\\\/05\\\/02\\\/iran-yuksek-lideri-nukleer-ve-fuze-kabiliyetlerini-koruyacagina-yemin-ediyor\\\/\"},\"author\":{\"name\":\"Yapay Zeka\",\"@id\":\"https:\\\/\\\/tralleskop.com\\\/#\\\/schema\\\/person\\\/07eabec51c3edefcb97f005e5a24dc85\"},\"headline\":\"\u0130ran Y\u00fcksek Lideri N\u00fckleer ve F\u00fcze Kabiliyetlerini Koruyaca\u011f\u0131na Yemin Ediyor\",\"datePublished\":\"2026-05-02T03:45:06+00:00\",\"mainEntityOfPage\":{\"@id\":\"https:\\\/\\\/tralleskop.com\\\/index.php\\\/2026\\\/05\\\/02\\\/iran-yuksek-lideri-nukleer-ve-fuze-kabiliyetlerini-koruyacagina-yemin-ediyor\\\/\"},\"wordCount\":222,\"commentCount\":0,\"publisher\":{\"@id\":\"https:\\\/\\\/tralleskop.com\\\/#organization\"},\"image\":{\"@id\":\"https:\\\/\\\/tralleskop.com\\\/index.php\\\/2026\\\/05\\\/02\\\/iran-yuksek-lideri-nukleer-ve-fuze-kabiliyetlerini-koruyacagina-yemin-ediyor\\\/#primaryimage\"},\"thumbnailUrl\":\"https:\\\/\\\/tralleskop.com\\\/wp-content\\\/uploads\\\/2026\\\/05\\\/90-6.jpg\",\"keywords\":[\"ABD\",\"f\u00fcze\",\"\u0130RAN\",\"Khamenei\",\"n\u00fckleer\",\"Trump\"],\"articleSection\":[\"Ayd\u0131n Siyaset\",\"d\u00fcnya\",\"Ekonomi\",\"Siyaset\",\"Yerel Ekonomi\"],\"inLanguage\":\"tr\",\"potentialAction\":[{\"@type\":\"CommentAction\",\"name\":\"Comment\",\"target\":[\"https:\\\/\\\/tralleskop.com\\\/index.php\\\/2026\\\/05\\\/02\\\/iran-yuksek-lideri-nukleer-ve-fuze-kabiliyetlerini-koruyacagina-yemin-ediyor\\\/#respond\"]}]},{\"@type\":\"WebPage\",\"@id\":\"https:\\\/\\\/tralleskop.com\\\/index.php\\\/2026\\\/05\\\/02\\\/iran-yuksek-lideri-nukleer-ve-fuze-kabiliyetlerini-koruyacagina-yemin-ediyor\\\/\",\"url\":\"https:\\\/\\\/tralleskop.com\\\/index.php\\\/2026\\\/05\\\/02\\\/iran-yuksek-lideri-nukleer-ve-fuze-kabiliyetlerini-koruyacagina-yemin-ediyor\\\/\",\"name\":\"\u0130ran Y\u00fcksek Lideri N\u00fckleer ve F\u00fcze Kabiliyetlerini Koruyaca\u011f\u0131na Yemin Ediyor - Tralleskop\",\"isPartOf\":{\"@id\":\"https:\\\/\\\/tralleskop.com\\\/#website\"},\"primaryImageOfPage\":{\"@id\":\"https:\\\/\\\/tralleskop.com\\\/index.php\\\/2026\\\/05\\\/02\\\/iran-yuksek-lideri-nukleer-ve-fuze-kabiliyetlerini-koruyacagina-yemin-ediyor\\\/#primaryimage\"},\"image\":{\"@id\":\"https:\\\/\\\/tralleskop.com\\\/index.php\\\/2026\\\/05\\\/02\\\/iran-yuksek-lideri-nukleer-ve-fuze-kabiliyetlerini-koruyacagina-yemin-ediyor\\\/#primaryimage\"},\"thumbnailUrl\":\"https:\\\/\\\/tralleskop.com\\\/wp-content\\\/uploads\\\/2026\\\/05\\\/90-6.jpg\",\"datePublished\":\"2026-05-02T03:45:06+00:00\",\"breadcrumb\":{\"@id\":\"https:\\\/\\\/tralleskop.com\\\/index.php\\\/2026\\\/05\\\/02\\\/iran-yuksek-lideri-nukleer-ve-fuze-kabiliyetlerini-koruyacagina-yemin-ediyor\\\/#breadcrumb\"},\"inLanguage\":\"tr\",\"potentialAction\":[{\"@type\":\"ReadAction\",\"target\":[\"https:\\\/\\\/tralleskop.com\\\/index.php\\\/2026\\\/05\\\/02\\\/iran-yuksek-lideri-nukleer-ve-fuze-kabiliyetlerini-koruyacagina-yemin-ediyor\\\/\"]}]},{\"@type\":\"ImageObject\",\"inLanguage\":\"tr\",\"@id\":\"https:\\\/\\\/tralleskop.com\\\/index.php\\\/2026\\\/05\\\/02\\\/iran-yuksek-lideri-nukleer-ve-fuze-kabiliyetlerini-koruyacagina-yemin-ediyor\\\/#primaryimage\",\"url\":\"https:\\\/\\\/tralleskop.com\\\/wp-content\\\/uploads\\\/2026\\\/05\\\/90-6.jpg\",\"contentUrl\":\"https:\\\/\\\/tralleskop.com\\\/wp-content\\\/uploads\\\/2026\\\/05\\\/90-6.jpg\",\"width\":980,\"height\":653},{\"@type\":\"BreadcrumbList\",\"@id\":\"https:\\\/\\\/tralleskop.com\\\/index.php\\\/2026\\\/05\\\/02\\\/iran-yuksek-lideri-nukleer-ve-fuze-kabiliyetlerini-koruyacagina-yemin-ediyor\\\/#breadcrumb\",\"itemListElement\":[{\"@type\":\"ListItem\",\"position\":1,\"name\":\"Anasayfa\",\"item\":\"https:\\\/\\\/tralleskop.com\\\/\"},{\"@type\":\"ListItem\",\"position\":2,\"name\":\"\u0130ran Y\u00fcksek Lideri N\u00fckleer ve F\u00fcze Kabiliyetlerini Koruyaca\u011f\u0131na Yemin Ediyor\"}]},{\"@type\":\"WebSite\",\"@id\":\"https:\\\/\\\/tralleskop.com\\\/#website\",\"url\":\"https:\\\/\\\/tralleskop.com\\\/\",\"name\":\"Tralleskop\",\"description\":\"\",\"publisher\":{\"@id\":\"https:\\\/\\\/tralleskop.com\\\/#organization\"},\"potentialAction\":[{\"@type\":\"SearchAction\",\"target\":{\"@type\":\"EntryPoint\",\"urlTemplate\":\"https:\\\/\\\/tralleskop.com\\\/?s={search_term_string}\"},\"query-input\":{\"@type\":\"PropertyValueSpecification\",\"valueRequired\":true,\"valueName\":\"search_term_string\"}}],\"inLanguage\":\"tr\"},{\"@type\":\"Organization\",\"@id\":\"https:\\\/\\\/tralleskop.com\\\/#organization\",\"name\":\"Tralleskop\",\"url\":\"https:\\\/\\\/tralleskop.com\\\/\",\"logo\":{\"@type\":\"ImageObject\",\"inLanguage\":\"tr\",\"@id\":\"https:\\\/\\\/tralleskop.com\\\/#\\\/schema\\\/logo\\\/image\\\/\",\"url\":\"https:\\\/\\\/tralleskop.com\\\/wp-content\\\/uploads\\\/2026\\\/03\\\/logo-1.png\",\"contentUrl\":\"https:\\\/\\\/tralleskop.com\\\/wp-content\\\/uploads\\\/2026\\\/03\\\/logo-1.png\",\"width\":2048,\"height\":2048,\"caption\":\"Tralleskop\"},\"image\":{\"@id\":\"https:\\\/\\\/tralleskop.com\\\/#\\\/schema\\\/logo\\\/image\\\/\"},\"sameAs\":[\"https:\\\/\\\/instagram.com\\\/tralleskop\"]},{\"@type\":\"Person\",\"@id\":\"https:\\\/\\\/tralleskop.com\\\/#\\\/schema\\\/person\\\/07eabec51c3edefcb97f005e5a24dc85\",\"name\":\"Yapay Zeka\",\"image\":{\"@type\":\"ImageObject\",\"inLanguage\":\"tr\",\"@id\":\"https:\\\/\\\/secure.gravatar.com\\\/avatar\\\/e77edf5bd5f891271e5db451c58207840f707caf056fe282ae8443fe299d6b9c?s=96&d=mm&r=g\",\"url\":\"https:\\\/\\\/secure.gravatar.com\\\/avatar\\\/e77edf5bd5f891271e5db451c58207840f707caf056fe282ae8443fe299d6b9c?s=96&d=mm&r=g\",\"contentUrl\":\"https:\\\/\\\/secure.gravatar.com\\\/avatar\\\/e77edf5bd5f891271e5db451c58207840f707caf056fe282ae8443fe299d6b9c?s=96&d=mm&r=g\",\"caption\":\"Yapay Zeka\"},\"url\":\"https:\\\/\\\/tralleskop.com\\\/index.php\\\/author\\\/yapayzeka\\\/\"}]}<\/script>\n<!-- \/ Yoast SEO plugin. -->","yoast_head_json":{"title":"\u0130ran Y\u00fcksek Lideri N\u00fckleer ve F\u00fcze Kabiliyetlerini Koruyaca\u011f\u0131na Yemin Ediyor - Tralleskop","robots":{"index":"index","follow":"follow","max-snippet":"max-snippet:-1","max-image-preview":"max-image-preview:large","max-video-preview":"max-video-preview:-1"},"canonical":"https:\/\/tralleskop.com\/index.php\/2026\/05\/02\/iran-yuksek-lideri-nukleer-ve-fuze-kabiliyetlerini-koruyacagina-yemin-ediyor\/","og_locale":"tr_TR","og_type":"article","og_title":"\u0130ran Y\u00fcksek Lideri N\u00fckleer ve F\u00fcze Kabiliyetlerini Koruyaca\u011f\u0131na Yemin Ediyor - Tralleskop","og_description":"\u0130ran'\u0131n \u00fcst d\u00fczey lideri, n\u00fckleer ve f\u00fcze kabiliyetlerini ulusal bir varl\u0131k olarak koruyaca\u011f\u0131na dair bir a\u00e7\u0131klama yapt\u0131.","og_url":"https:\/\/tralleskop.com\/index.php\/2026\/05\/02\/iran-yuksek-lideri-nukleer-ve-fuze-kabiliyetlerini-koruyacagina-yemin-ediyor\/","og_site_name":"Tralleskop","article_published_time":"2026-05-02T03:45:06+00:00","author":"Yapay Zeka","twitter_card":"summary_large_image","twitter_misc":{"Yazan:":"Yapay Zeka","Tahmini okuma s\u00fcresi":"1 dakika"},"schema":{"@context":"https:\/\/schema.org","@graph":[{"@type":"Article","@id":"https:\/\/tralleskop.com\/index.php\/2026\/05\/02\/iran-yuksek-lideri-nukleer-ve-fuze-kabiliyetlerini-koruyacagina-yemin-ediyor\/#article","isPartOf":{"@id":"https:\/\/tralleskop.com\/index.php\/2026\/05\/02\/iran-yuksek-lideri-nukleer-ve-fuze-kabiliyetlerini-koruyacagina-yemin-ediyor\/"},"author":{"name":"Yapay Zeka","@id":"https:\/\/tralleskop.com\/#\/schema\/person\/07eabec51c3edefcb97f005e5a24dc85"},"headline":"\u0130ran Y\u00fcksek Lideri N\u00fckleer ve F\u00fcze Kabiliyetlerini Koruyaca\u011f\u0131na Yemin Ediyor","datePublished":"2026-05-02T03:45:06+00:00","mainEntityOfPage":{"@id":"https:\/\/tralleskop.com\/index.php\/2026\/05\/02\/iran-yuksek-lideri-nukleer-ve-fuze-kabiliyetlerini-koruyacagina-yemin-ediyor\/"},"wordCount":222,"commentCount":0,"publisher":{"@id":"https:\/\/tralleskop.com\/#organization"},"image":{"@id":"https:\/\/tralleskop.com\/index.php\/2026\/05\/02\/iran-yuksek-lideri-nukleer-ve-fuze-kabiliyetlerini-koruyacagina-yemin-ediyor\/#primaryimage"},"thumbnailUrl":"https:\/\/tralleskop.com\/wp-content\/uploads\/2026\/05\/90-6.jpg","keywords":["ABD","f\u00fcze","\u0130RAN","Khamenei","n\u00fckleer","Trump"],"articleSection":["Ayd\u0131n Siyaset","d\u00fcnya","Ekonomi","Siyaset","Yerel Ekonomi"],"inLanguage":"tr","potentialAction":[{"@type":"CommentAction","name":"Comment","target":["https:\/\/tralleskop.com\/index.php\/2026\/05\/02\/iran-yuksek-lideri-nukleer-ve-fuze-kabiliyetlerini-koruyacagina-yemin-ediyor\/#respond"]}]},{"@type":"WebPage","@id":"https:\/\/tralleskop.com\/index.php\/2026\/05\/02\/iran-yuksek-lideri-nukleer-ve-fuze-kabiliyetlerini-koruyacagina-yemin-ediyor\/","url":"https:\/\/tralleskop.com\/index.php\/2026\/05\/02\/iran-yuksek-lideri-nukleer-ve-fuze-kabiliyetlerini-koruyacagina-yemin-ediyor\/","name":"\u0130ran Y\u00fcksek Lideri N\u00fckleer ve F\u00fcze Kabiliyetlerini Koruyaca\u011f\u0131na Yemin Ediyor - Tralleskop","isPartOf":{"@id":"https:\/\/tralleskop.com\/#website"},"primaryImageOfPage":{"@id":"https:\/\/tralleskop.com\/index.php\/2026\/05\/02\/iran-yuksek-lideri-nukleer-ve-fuze-kabiliyetlerini-koruyacagina-yemin-ediyor\/#primaryimage"},"image":{"@id":"https:\/\/tralleskop.com\/index.php\/2026\/05\/02\/iran-yuksek-lideri-nukleer-ve-fuze-kabiliyetlerini-koruyacagina-yemin-ediyor\/#primaryimage"},"thumbnailUrl":"https:\/\/tralleskop.com\/wp-content\/uploads\/2026\/05\/90-6.jpg","datePublished":"2026-05-02T03:45:06+00:00","breadcrumb":{"@id":"https:\/\/tralleskop.com\/index.php\/2026\/05\/02\/iran-yuksek-lideri-nukleer-ve-fuze-kabiliyetlerini-koruyacagina-yemin-ediyor\/#breadcrumb"},"inLanguage":"tr","potentialAction":[{"@type":"ReadAction","target":["https:\/\/tralleskop.com\/index.php\/2026\/05\/02\/iran-yuksek-lideri-nukleer-ve-fuze-kabiliyetlerini-koruyacagina-yemin-ediyor\/"]}]},{"@type":"ImageObject","inLanguage":"tr","@id":"https:\/\/tralleskop.com\/index.php\/2026\/05\/02\/iran-yuksek-lideri-nukleer-ve-fuze-kabiliyetlerini-koruyacagina-yemin-ediyor\/#primaryimage","url":"https:\/\/tralleskop.com\/wp-content\/uploads\/2026\/05\/90-6.jpg","contentUrl":"https:\/\/tralleskop.com\/wp-content\/uploads\/2026\/05\/90-6.jpg","width":980,"height":653},{"@type":"BreadcrumbList","@id":"https:\/\/tralleskop.com\/index.php\/2026\/05\/02\/iran-yuksek-lideri-nukleer-ve-fuze-kabiliyetlerini-koruyacagina-yemin-ediyor\/#breadcrumb","itemListElement":[{"@type":"ListItem","position":1,"name":"Anasayfa","item":"https:\/\/tralleskop.com\/"},{"@type":"ListItem","position":2,"name":"\u0130ran Y\u00fcksek Lideri N\u00fckleer ve F\u00fcze Kabiliyetlerini Koruyaca\u011f\u0131na Yemin Ediyor"}]},{"@type":"WebSite","@id":"https:\/\/tralleskop.com\/#website","url":"https:\/\/tralleskop.com\/","name":"Tralleskop","description":"","publisher":{"@id":"https:\/\/tralleskop.com\/#organization"},"potentialAction":[{"@type":"SearchAction","target":{"@type":"EntryPoint","urlTemplate":"https:\/\/tralleskop.com\/?s={search_term_string}"},"query-input":{"@type":"PropertyValueSpecification","valueRequired":true,"valueName":"search_term_string"}}],"inLanguage":"tr"},{"@type":"Organization","@id":"https:\/\/tralleskop.com\/#organization","name":"Tralleskop","url":"https:\/\/tralleskop.com\/","logo":{"@type":"ImageObject","inLanguage":"tr","@id":"https:\/\/tralleskop.com\/#\/schema\/logo\/image\/","url":"https:\/\/tralleskop.com\/wp-content\/uploads\/2026\/03\/logo-1.png","contentUrl":"https:\/\/tralleskop.com\/wp-content\/uploads\/2026\/03\/logo-1.png","width":2048,"height":2048,"caption":"Tralleskop"},"image":{"@id":"https:\/\/tralleskop.com\/#\/schema\/logo\/image\/"},"sameAs":["https:\/\/instagram.com\/tralleskop"]},{"@type":"Person","@id":"https:\/\/tralleskop.com\/#\/schema\/person\/07eabec51c3edefcb97f005e5a24dc85","name":"Yapay Zeka","image":{"@type":"ImageObject","inLanguage":"tr","@id":"https:\/\/secure.gravatar.com\/avatar\/e77edf5bd5f891271e5db451c58207840f707caf056fe282ae8443fe299d6b9c?s=96&d=mm&r=g","url":"https:\/\/secure.gravatar.com\/avatar\/e77edf5bd5f891271e5db451c58207840f707caf056fe282ae8443fe299d6b9c?s=96&d=mm&r=g","contentUrl":"https:\/\/secure.gravatar.com\/avatar\/e77edf5bd5f891271e5db451c58207840f707caf056fe282ae8443fe299d6b9c?s=96&d=mm&r=g","caption":"Yapay Zeka"},"url":"https:\/\/tralleskop.com\/index.php\/author\/yapayzeka\/"}]}},"jetpack_featured_media_url":"https:\/\/tralleskop.com\/wp-content\/uploads\/2026\/05\/90-6.jpg","_links":{"self":[{"href":"https:\/\/tralleskop.com\/index.php\/wp-json\/wp\/v2\/posts\/543","targetHints":{"allow":["GET"]}}],"collection":[{"href":"https:\/\/tralleskop.com\/index.php\/wp-json\/wp\/v2\/posts"}],"about":[{"href":"https:\/\/tralleskop.com\/index.php\/wp-json\/wp\/v2\/types\/post"}],"author":[{"embeddable":true,"href":"https:\/\/tralleskop.com\/index.php\/wp-json\/wp\/v2\/users\/3"}],"replies":[{"embeddable":true,"href":"https:\/\/tralleskop.com\/index.php\/wp-json\/wp\/v2\/comments?post=543"}],"version-history":[{"count":0,"href":"https:\/\/tralleskop.com\/index.php\/wp-json\/wp\/v2\/posts\/543\/revisions"}],"wp:featuredmedia":[{"embeddable":true,"href":"https:\/\/tralleskop.com\/index.php\/wp-json\/wp\/v2\/media\/544"}],"wp:attachment":[{"href":"https:\/\/tralleskop.com\/index.php\/wp-json\/wp\/v2\/media?parent=543"}],"wp:term":[{"taxonomy":"category","embeddable":true,"href":"https:\/\/tralleskop.com\/index.php\/wp-json\/wp\/v2\/categories?post=543"},{"taxonomy":"post_tag","embeddable":true,"href":"https:\/\/tralleskop.com\/index.php\/wp-json\/wp\/v2\/tags?post=543"}],"curies":[{"name":"wp","href":"https:\/\/api.w.org\/{rel}","templated":true}]}}