{"id":537,"date":"2026-05-02T04:15:08","date_gmt":"2026-05-02T01:15:08","guid":{"rendered":"https:\/\/tralleskop.com\/index.php\/2026\/05\/02\/iran-ateskesi-kongrenin-onay-suresinin-duraksamasi\/"},"modified":"2026-05-02T04:15:08","modified_gmt":"2026-05-02T01:15:08","slug":"iran-ateskesi-kongrenin-onay-suresinin-duraksamasi","status":"publish","type":"post","link":"https:\/\/tralleskop.com\/index.php\/2026\/05\/02\/iran-ateskesi-kongrenin-onay-suresinin-duraksamasi\/","title":{"rendered":"\u0130ran Ate\u015fkesi: Kongre&#8217;nin Onay S\u00fcresinin Duraksamas\u0131"},"content":{"rendered":"<h1>\u0130ran Ate\u015fkesi: Kongre&#8217;nin Onay S\u00fcresinin Duraksamas\u0131<\/h1>\n<p>Hegseth, \u0130ran ate\u015fkesinin Kongre&#8217;nin onay s\u00fcresini duraklatt\u0131\u011f\u0131n\u0131 savunuyor. Sava\u015f G\u00fcc\u00fc Kanunu, Trump y\u00f6netimi&#8217;nin 60 g\u00fcn \u00f6tesinde hostiliteyi s\u00fcrd\u00fcrmek i\u00e7in yasama organ\u0131n\u0131n onay\u0131n\u0131 aramas\u0131n\u0131 gerektiriyor.<\/p>\n<h2>War Powers Act<\/h2>\n<p><b>Sava\u015f G\u00fcc\u00fc Kanunu<\/b>, y\u00f6neticilerin Kongre&#8217;nin onay\u0131n\u0131 almadan 60 g\u00fcnden fazla askeri operasyon s\u00fcrd\u00fcrmelerini yasakl\u0131yor. Bu s\u00fcre s\u0131n\u0131r\u0131 cuma g\u00fcn\u00fc doluyor.<\/p>\n<h3>\u0130ran Ate\u015fkesinin Etkisi<\/h3>\n<p>\u0130ran ate\u015fkesi, Kongre&#8217;nin onay s\u00fcresini duraklatabilir. Bu durum, y\u00f6netimin Kongre&#8217;ye kar\u015f\u0131 olan stratejisinin bir par\u00e7as\u0131 olabilir.<\/p>\n<h2> Analiz<\/h2>\n<p>\u0130ran ate\u015fkesinin Kongre&#8217;nin onay s\u00fcresini duraklatt\u0131\u011f\u0131na dair iddialar, ABD&#8217;nin d\u0131\u015f politika stratejisi hakk\u0131nda wicht Fragenler ortaya koyuyor. Bu geli\u015fmeler, Trump y\u00f6netiminin Kongre ile olan ili\u015fkilerini daha da geriye g\u00f6t\u00fcrebilir.<\/p>\n","protected":false},"excerpt":{"rendered":"<p>Hegseth, \u0130ran ate\u015fkesinin Kongre&#8217;nin onay s\u00fcresini duraklatt\u0131\u011f\u0131n\u0131 savunuyor. Sava\u015f G\u00fcc\u00fc Kanunu, y\u00f6netimin 60 g\u00fcn \u00f6tesinde hostiliteyi s\u00fcrd\u00fcrmek i\u00e7in onay almas\u0131n\u0131 gerektiriyor.<\/p>\n","protected":false},"author":3,"featured_media":538,"comment_status":"open","ping_status":"open","sticky":false,"template":"","format":"standard","meta":{"googlesitekit_rrm_CAow15e3DA:productID":"","_coblocks_attr":"","_coblocks_dimensions":"","_coblocks_responsive_height":"","_coblocks_accordion_ie_support":"","_ai_summary":"","_external_image_url":"https:\/\/www.washingtonpost.com\/wp-apps\/imrs.php?src=https:\/\/cloudfront-us-east-1.images.arcpublishing.com\/wapo\/HTNUDAGNRMI5CV3O4DJ2TVIN34.JPG&w=1440","footnotes":""},"categories":[50,5,26],"tags":[203,14,114,204,205],"class_list":["post-537","post","type-post","status-publish","format-standard","has-post-thumbnail","hentry","category-aydin-siyaset","category-dunya","category-siyaset","tag-ateskes","tag-iran","tag-kongre","tag-savas-gucu-kanunu","tag-trump-yonetimi"],"yoast_head":"<!-- This site is optimized with the Yoast SEO plugin v27.5 - https:\/\/yoast.com\/product\/yoast-seo-wordpress\/ -->\n<title>\u0130ran Ate\u015fkesi: Kongre&#039;nin Onay S\u00fcresinin Duraksamas\u0131 - Tralleskop<\/title>\n<meta name=\"robots\" content=\"index, follow, max-snippet:-1, max-image-preview:large, max-video-preview:-1\" \/>\n<link rel=\"canonical\" href=\"https:\/\/tralleskop.com\/index.php\/2026\/05\/02\/iran-ateskesi-kongrenin-onay-suresinin-duraksamasi\/\" \/>\n<meta property=\"og:locale\" content=\"tr_TR\" \/>\n<meta property=\"og:type\" content=\"article\" \/>\n<meta property=\"og:title\" content=\"\u0130ran Ate\u015fkesi: Kongre&#039;nin Onay S\u00fcresinin Duraksamas\u0131 - Tralleskop\" \/>\n<meta property=\"og:description\" content=\"Hegseth, \u0130ran ate\u015fkesinin Kongre&#039;nin onay s\u00fcresini duraklatt\u0131\u011f\u0131n\u0131 savunuyor. Sava\u015f G\u00fcc\u00fc Kanunu, y\u00f6netimin 60 g\u00fcn \u00f6tesinde hostiliteyi s\u00fcrd\u00fcrmek i\u00e7in onay almas\u0131n\u0131 gerektiriyor.\" \/>\n<meta property=\"og:url\" content=\"https:\/\/tralleskop.com\/index.php\/2026\/05\/02\/iran-ateskesi-kongrenin-onay-suresinin-duraksamasi\/\" \/>\n<meta property=\"og:site_name\" content=\"Tralleskop\" \/>\n<meta property=\"article:published_time\" content=\"2026-05-02T01:15:08+00:00\" \/>\n<meta name=\"author\" content=\"Yapay Zeka\" \/>\n<meta name=\"twitter:card\" content=\"summary_large_image\" \/>\n<meta name=\"twitter:label1\" content=\"Yazan:\" \/>\n\t<meta name=\"twitter:data1\" content=\"Yapay Zeka\" \/>\n\t<meta name=\"twitter:label2\" content=\"Tahmini okuma s\u00fcresi\" \/>\n\t<meta name=\"twitter:data2\" content=\"1 dakika\" \/>\n<script type=\"application\/ld+json\" class=\"yoast-schema-graph\">{\"@context\":\"https:\\\/\\\/schema.org\",\"@graph\":[{\"@type\":\"Article\",\"@id\":\"https:\\\/\\\/tralleskop.com\\\/index.php\\\/2026\\\/05\\\/02\\\/iran-ateskesi-kongrenin-onay-suresinin-duraksamasi\\\/#article\",\"isPartOf\":{\"@id\":\"https:\\\/\\\/tralleskop.com\\\/index.php\\\/2026\\\/05\\\/02\\\/iran-ateskesi-kongrenin-onay-suresinin-duraksamasi\\\/\"},\"author\":{\"name\":\"Yapay Zeka\",\"@id\":\"https:\\\/\\\/tralleskop.com\\\/#\\\/schema\\\/person\\\/07eabec51c3edefcb97f005e5a24dc85\"},\"headline\":\"\u0130ran Ate\u015fkesi: Kongre&#8217;nin Onay S\u00fcresinin Duraksamas\u0131\",\"datePublished\":\"2026-05-02T01:15:08+00:00\",\"mainEntityOfPage\":{\"@id\":\"https:\\\/\\\/tralleskop.com\\\/index.php\\\/2026\\\/05\\\/02\\\/iran-ateskesi-kongrenin-onay-suresinin-duraksamasi\\\/\"},\"wordCount\":157,\"commentCount\":0,\"publisher\":{\"@id\":\"https:\\\/\\\/tralleskop.com\\\/#organization\"},\"image\":{\"@id\":\"https:\\\/\\\/tralleskop.com\\\/index.php\\\/2026\\\/05\\\/02\\\/iran-ateskesi-kongrenin-onay-suresinin-duraksamasi\\\/#primaryimage\"},\"thumbnailUrl\":\"https:\\\/\\\/tralleskop.com\\\/wp-content\\\/uploads\\\/2026\\\/05\\\/imrs.php_-3.jpg\",\"keywords\":[\"ate\u015fkes\",\"\u0130RAN\",\"Kongre\",\"Sava\u015f G\u00fcc\u00fc Kanunu\",\"Trump y\u00f6netimi\"],\"articleSection\":[\"Ayd\u0131n Siyaset\",\"d\u00fcnya\",\"Siyaset\"],\"inLanguage\":\"tr\",\"potentialAction\":[{\"@type\":\"CommentAction\",\"name\":\"Comment\",\"target\":[\"https:\\\/\\\/tralleskop.com\\\/index.php\\\/2026\\\/05\\\/02\\\/iran-ateskesi-kongrenin-onay-suresinin-duraksamasi\\\/#respond\"]}]},{\"@type\":\"WebPage\",\"@id\":\"https:\\\/\\\/tralleskop.com\\\/index.php\\\/2026\\\/05\\\/02\\\/iran-ateskesi-kongrenin-onay-suresinin-duraksamasi\\\/\",\"url\":\"https:\\\/\\\/tralleskop.com\\\/index.php\\\/2026\\\/05\\\/02\\\/iran-ateskesi-kongrenin-onay-suresinin-duraksamasi\\\/\",\"name\":\"\u0130ran Ate\u015fkesi: Kongre'nin Onay S\u00fcresinin Duraksamas\u0131 - Tralleskop\",\"isPartOf\":{\"@id\":\"https:\\\/\\\/tralleskop.com\\\/#website\"},\"primaryImageOfPage\":{\"@id\":\"https:\\\/\\\/tralleskop.com\\\/index.php\\\/2026\\\/05\\\/02\\\/iran-ateskesi-kongrenin-onay-suresinin-duraksamasi\\\/#primaryimage\"},\"image\":{\"@id\":\"https:\\\/\\\/tralleskop.com\\\/index.php\\\/2026\\\/05\\\/02\\\/iran-ateskesi-kongrenin-onay-suresinin-duraksamasi\\\/#primaryimage\"},\"thumbnailUrl\":\"https:\\\/\\\/tralleskop.com\\\/wp-content\\\/uploads\\\/2026\\\/05\\\/imrs.php_-3.jpg\",\"datePublished\":\"2026-05-02T01:15:08+00:00\",\"breadcrumb\":{\"@id\":\"https:\\\/\\\/tralleskop.com\\\/index.php\\\/2026\\\/05\\\/02\\\/iran-ateskesi-kongrenin-onay-suresinin-duraksamasi\\\/#breadcrumb\"},\"inLanguage\":\"tr\",\"potentialAction\":[{\"@type\":\"ReadAction\",\"target\":[\"https:\\\/\\\/tralleskop.com\\\/index.php\\\/2026\\\/05\\\/02\\\/iran-ateskesi-kongrenin-onay-suresinin-duraksamasi\\\/\"]}]},{\"@type\":\"ImageObject\",\"inLanguage\":\"tr\",\"@id\":\"https:\\\/\\\/tralleskop.com\\\/index.php\\\/2026\\\/05\\\/02\\\/iran-ateskesi-kongrenin-onay-suresinin-duraksamasi\\\/#primaryimage\",\"url\":\"https:\\\/\\\/tralleskop.com\\\/wp-content\\\/uploads\\\/2026\\\/05\\\/imrs.php_-3.jpg\",\"contentUrl\":\"https:\\\/\\\/tralleskop.com\\\/wp-content\\\/uploads\\\/2026\\\/05\\\/imrs.php_-3.jpg\",\"width\":1440,\"height\":962},{\"@type\":\"BreadcrumbList\",\"@id\":\"https:\\\/\\\/tralleskop.com\\\/index.php\\\/2026\\\/05\\\/02\\\/iran-ateskesi-kongrenin-onay-suresinin-duraksamasi\\\/#breadcrumb\",\"itemListElement\":[{\"@type\":\"ListItem\",\"position\":1,\"name\":\"Anasayfa\",\"item\":\"https:\\\/\\\/tralleskop.com\\\/\"},{\"@type\":\"ListItem\",\"position\":2,\"name\":\"\u0130ran Ate\u015fkesi: Kongre&#8217;nin Onay S\u00fcresinin Duraksamas\u0131\"}]},{\"@type\":\"WebSite\",\"@id\":\"https:\\\/\\\/tralleskop.com\\\/#website\",\"url\":\"https:\\\/\\\/tralleskop.com\\\/\",\"name\":\"Tralleskop\",\"description\":\"\",\"publisher\":{\"@id\":\"https:\\\/\\\/tralleskop.com\\\/#organization\"},\"potentialAction\":[{\"@type\":\"SearchAction\",\"target\":{\"@type\":\"EntryPoint\",\"urlTemplate\":\"https:\\\/\\\/tralleskop.com\\\/?s={search_term_string}\"},\"query-input\":{\"@type\":\"PropertyValueSpecification\",\"valueRequired\":true,\"valueName\":\"search_term_string\"}}],\"inLanguage\":\"tr\"},{\"@type\":\"Organization\",\"@id\":\"https:\\\/\\\/tralleskop.com\\\/#organization\",\"name\":\"Tralleskop\",\"url\":\"https:\\\/\\\/tralleskop.com\\\/\",\"logo\":{\"@type\":\"ImageObject\",\"inLanguage\":\"tr\",\"@id\":\"https:\\\/\\\/tralleskop.com\\\/#\\\/schema\\\/logo\\\/image\\\/\",\"url\":\"https:\\\/\\\/tralleskop.com\\\/wp-content\\\/uploads\\\/2026\\\/03\\\/logo-1.png\",\"contentUrl\":\"https:\\\/\\\/tralleskop.com\\\/wp-content\\\/uploads\\\/2026\\\/03\\\/logo-1.png\",\"width\":2048,\"height\":2048,\"caption\":\"Tralleskop\"},\"image\":{\"@id\":\"https:\\\/\\\/tralleskop.com\\\/#\\\/schema\\\/logo\\\/image\\\/\"},\"sameAs\":[\"https:\\\/\\\/instagram.com\\\/tralleskop\"]},{\"@type\":\"Person\",\"@id\":\"https:\\\/\\\/tralleskop.com\\\/#\\\/schema\\\/person\\\/07eabec51c3edefcb97f005e5a24dc85\",\"name\":\"Yapay Zeka\",\"image\":{\"@type\":\"ImageObject\",\"inLanguage\":\"tr\",\"@id\":\"https:\\\/\\\/secure.gravatar.com\\\/avatar\\\/e77edf5bd5f891271e5db451c58207840f707caf056fe282ae8443fe299d6b9c?s=96&d=mm&r=g\",\"url\":\"https:\\\/\\\/secure.gravatar.com\\\/avatar\\\/e77edf5bd5f891271e5db451c58207840f707caf056fe282ae8443fe299d6b9c?s=96&d=mm&r=g\",\"contentUrl\":\"https:\\\/\\\/secure.gravatar.com\\\/avatar\\\/e77edf5bd5f891271e5db451c58207840f707caf056fe282ae8443fe299d6b9c?s=96&d=mm&r=g\",\"caption\":\"Yapay Zeka\"},\"url\":\"https:\\\/\\\/tralleskop.com\\\/index.php\\\/author\\\/yapayzeka\\\/\"}]}<\/script>\n<!-- \/ Yoast SEO plugin. -->","yoast_head_json":{"title":"\u0130ran Ate\u015fkesi: Kongre'nin Onay S\u00fcresinin Duraksamas\u0131 - Tralleskop","robots":{"index":"index","follow":"follow","max-snippet":"max-snippet:-1","max-image-preview":"max-image-preview:large","max-video-preview":"max-video-preview:-1"},"canonical":"https:\/\/tralleskop.com\/index.php\/2026\/05\/02\/iran-ateskesi-kongrenin-onay-suresinin-duraksamasi\/","og_locale":"tr_TR","og_type":"article","og_title":"\u0130ran Ate\u015fkesi: Kongre'nin Onay S\u00fcresinin Duraksamas\u0131 - Tralleskop","og_description":"Hegseth, \u0130ran ate\u015fkesinin Kongre'nin onay s\u00fcresini duraklatt\u0131\u011f\u0131n\u0131 savunuyor. Sava\u015f G\u00fcc\u00fc Kanunu, y\u00f6netimin 60 g\u00fcn \u00f6tesinde hostiliteyi s\u00fcrd\u00fcrmek i\u00e7in onay almas\u0131n\u0131 gerektiriyor.","og_url":"https:\/\/tralleskop.com\/index.php\/2026\/05\/02\/iran-ateskesi-kongrenin-onay-suresinin-duraksamasi\/","og_site_name":"Tralleskop","article_published_time":"2026-05-02T01:15:08+00:00","author":"Yapay Zeka","twitter_card":"summary_large_image","twitter_misc":{"Yazan:":"Yapay Zeka","Tahmini okuma s\u00fcresi":"1 dakika"},"schema":{"@context":"https:\/\/schema.org","@graph":[{"@type":"Article","@id":"https:\/\/tralleskop.com\/index.php\/2026\/05\/02\/iran-ateskesi-kongrenin-onay-suresinin-duraksamasi\/#article","isPartOf":{"@id":"https:\/\/tralleskop.com\/index.php\/2026\/05\/02\/iran-ateskesi-kongrenin-onay-suresinin-duraksamasi\/"},"author":{"name":"Yapay Zeka","@id":"https:\/\/tralleskop.com\/#\/schema\/person\/07eabec51c3edefcb97f005e5a24dc85"},"headline":"\u0130ran Ate\u015fkesi: Kongre&#8217;nin Onay S\u00fcresinin Duraksamas\u0131","datePublished":"2026-05-02T01:15:08+00:00","mainEntityOfPage":{"@id":"https:\/\/tralleskop.com\/index.php\/2026\/05\/02\/iran-ateskesi-kongrenin-onay-suresinin-duraksamasi\/"},"wordCount":157,"commentCount":0,"publisher":{"@id":"https:\/\/tralleskop.com\/#organization"},"image":{"@id":"https:\/\/tralleskop.com\/index.php\/2026\/05\/02\/iran-ateskesi-kongrenin-onay-suresinin-duraksamasi\/#primaryimage"},"thumbnailUrl":"https:\/\/tralleskop.com\/wp-content\/uploads\/2026\/05\/imrs.php_-3.jpg","keywords":["ate\u015fkes","\u0130RAN","Kongre","Sava\u015f G\u00fcc\u00fc Kanunu","Trump y\u00f6netimi"],"articleSection":["Ayd\u0131n Siyaset","d\u00fcnya","Siyaset"],"inLanguage":"tr","potentialAction":[{"@type":"CommentAction","name":"Comment","target":["https:\/\/tralleskop.com\/index.php\/2026\/05\/02\/iran-ateskesi-kongrenin-onay-suresinin-duraksamasi\/#respond"]}]},{"@type":"WebPage","@id":"https:\/\/tralleskop.com\/index.php\/2026\/05\/02\/iran-ateskesi-kongrenin-onay-suresinin-duraksamasi\/","url":"https:\/\/tralleskop.com\/index.php\/2026\/05\/02\/iran-ateskesi-kongrenin-onay-suresinin-duraksamasi\/","name":"\u0130ran Ate\u015fkesi: Kongre'nin Onay S\u00fcresinin Duraksamas\u0131 - Tralleskop","isPartOf":{"@id":"https:\/\/tralleskop.com\/#website"},"primaryImageOfPage":{"@id":"https:\/\/tralleskop.com\/index.php\/2026\/05\/02\/iran-ateskesi-kongrenin-onay-suresinin-duraksamasi\/#primaryimage"},"image":{"@id":"https:\/\/tralleskop.com\/index.php\/2026\/05\/02\/iran-ateskesi-kongrenin-onay-suresinin-duraksamasi\/#primaryimage"},"thumbnailUrl":"https:\/\/tralleskop.com\/wp-content\/uploads\/2026\/05\/imrs.php_-3.jpg","datePublished":"2026-05-02T01:15:08+00:00","breadcrumb":{"@id":"https:\/\/tralleskop.com\/index.php\/2026\/05\/02\/iran-ateskesi-kongrenin-onay-suresinin-duraksamasi\/#breadcrumb"},"inLanguage":"tr","potentialAction":[{"@type":"ReadAction","target":["https:\/\/tralleskop.com\/index.php\/2026\/05\/02\/iran-ateskesi-kongrenin-onay-suresinin-duraksamasi\/"]}]},{"@type":"ImageObject","inLanguage":"tr","@id":"https:\/\/tralleskop.com\/index.php\/2026\/05\/02\/iran-ateskesi-kongrenin-onay-suresinin-duraksamasi\/#primaryimage","url":"https:\/\/tralleskop.com\/wp-content\/uploads\/2026\/05\/imrs.php_-3.jpg","contentUrl":"https:\/\/tralleskop.com\/wp-content\/uploads\/2026\/05\/imrs.php_-3.jpg","width":1440,"height":962},{"@type":"BreadcrumbList","@id":"https:\/\/tralleskop.com\/index.php\/2026\/05\/02\/iran-ateskesi-kongrenin-onay-suresinin-duraksamasi\/#breadcrumb","itemListElement":[{"@type":"ListItem","position":1,"name":"Anasayfa","item":"https:\/\/tralleskop.com\/"},{"@type":"ListItem","position":2,"name":"\u0130ran Ate\u015fkesi: Kongre&#8217;nin Onay S\u00fcresinin Duraksamas\u0131"}]},{"@type":"WebSite","@id":"https:\/\/tralleskop.com\/#website","url":"https:\/\/tralleskop.com\/","name":"Tralleskop","description":"","publisher":{"@id":"https:\/\/tralleskop.com\/#organization"},"potentialAction":[{"@type":"SearchAction","target":{"@type":"EntryPoint","urlTemplate":"https:\/\/tralleskop.com\/?s={search_term_string}"},"query-input":{"@type":"PropertyValueSpecification","valueRequired":true,"valueName":"search_term_string"}}],"inLanguage":"tr"},{"@type":"Organization","@id":"https:\/\/tralleskop.com\/#organization","name":"Tralleskop","url":"https:\/\/tralleskop.com\/","logo":{"@type":"ImageObject","inLanguage":"tr","@id":"https:\/\/tralleskop.com\/#\/schema\/logo\/image\/","url":"https:\/\/tralleskop.com\/wp-content\/uploads\/2026\/03\/logo-1.png","contentUrl":"https:\/\/tralleskop.com\/wp-content\/uploads\/2026\/03\/logo-1.png","width":2048,"height":2048,"caption":"Tralleskop"},"image":{"@id":"https:\/\/tralleskop.com\/#\/schema\/logo\/image\/"},"sameAs":["https:\/\/instagram.com\/tralleskop"]},{"@type":"Person","@id":"https:\/\/tralleskop.com\/#\/schema\/person\/07eabec51c3edefcb97f005e5a24dc85","name":"Yapay Zeka","image":{"@type":"ImageObject","inLanguage":"tr","@id":"https:\/\/secure.gravatar.com\/avatar\/e77edf5bd5f891271e5db451c58207840f707caf056fe282ae8443fe299d6b9c?s=96&d=mm&r=g","url":"https:\/\/secure.gravatar.com\/avatar\/e77edf5bd5f891271e5db451c58207840f707caf056fe282ae8443fe299d6b9c?s=96&d=mm&r=g","contentUrl":"https:\/\/secure.gravatar.com\/avatar\/e77edf5bd5f891271e5db451c58207840f707caf056fe282ae8443fe299d6b9c?s=96&d=mm&r=g","caption":"Yapay Zeka"},"url":"https:\/\/tralleskop.com\/index.php\/author\/yapayzeka\/"}]}},"jetpack_featured_media_url":"https:\/\/tralleskop.com\/wp-content\/uploads\/2026\/05\/imrs.php_-3.jpg","_links":{"self":[{"href":"https:\/\/tralleskop.com\/index.php\/wp-json\/wp\/v2\/posts\/537","targetHints":{"allow":["GET"]}}],"collection":[{"href":"https:\/\/tralleskop.com\/index.php\/wp-json\/wp\/v2\/posts"}],"about":[{"href":"https:\/\/tralleskop.com\/index.php\/wp-json\/wp\/v2\/types\/post"}],"author":[{"embeddable":true,"href":"https:\/\/tralleskop.com\/index.php\/wp-json\/wp\/v2\/users\/3"}],"replies":[{"embeddable":true,"href":"https:\/\/tralleskop.com\/index.php\/wp-json\/wp\/v2\/comments?post=537"}],"version-history":[{"count":0,"href":"https:\/\/tralleskop.com\/index.php\/wp-json\/wp\/v2\/posts\/537\/revisions"}],"wp:featuredmedia":[{"embeddable":true,"href":"https:\/\/tralleskop.com\/index.php\/wp-json\/wp\/v2\/media\/538"}],"wp:attachment":[{"href":"https:\/\/tralleskop.com\/index.php\/wp-json\/wp\/v2\/media?parent=537"}],"wp:term":[{"taxonomy":"category","embeddable":true,"href":"https:\/\/tralleskop.com\/index.php\/wp-json\/wp\/v2\/categories?post=537"},{"taxonomy":"post_tag","embeddable":true,"href":"https:\/\/tralleskop.com\/index.php\/wp-json\/wp\/v2\/tags?post=537"}],"curies":[{"name":"wp","href":"https:\/\/api.w.org\/{rel}","templated":true}]}}