{"id":536,"date":"2026-05-02T04:00:08","date_gmt":"2026-05-02T01:00:08","guid":{"rendered":"https:\/\/tralleskop.com\/index.php\/2026\/05\/02\/1-mayislar-bu-sistemle-bayram-olamaz\/"},"modified":"2026-05-02T04:00:08","modified_gmt":"2026-05-02T01:00:08","slug":"1-mayislar-bu-sistemle-bayram-olamaz","status":"publish","type":"post","link":"https:\/\/tralleskop.com\/index.php\/2026\/05\/02\/1-mayislar-bu-sistemle-bayram-olamaz\/","title":{"rendered":"1 May\u0131slar Bu Sistemle Bayram Olamaz"},"content":{"rendered":"<h1>1 May\u0131slar Bu Sistemle Bayram Olamaz<\/h1>\n<p>Ak\u0131n Ayd\u0131n, son d\u00f6nemdeki i\u015f kazalar\u0131na dikkat \u00e7ekerek, resmi kurumlar\u0131n verilerine g\u00f6re AKP iktidar\u0131nda 1.070 \u00e7ocuk olmak \u00fczere 36.507 i\u015f\u00e7i i\u015f kazalar\u0131nda hayat\u0131n\u0131 kaybetti\u011fini belirtti.<\/p>\n<h2>\u0130\u015f Kazalar\u0131nda Can Kayb\u0131<\/h2>\n<p>Resmi olmayan rakamlar daha da vahim. 2026 y\u0131l\u0131n\u0131n ilk \u00fc\u00e7 ay\u0131nda da en az 432 i\u015f\u00e7i hayat\u0131n\u0131 kaybetti. <b>\u0130\u015f kazalar\u0131n\u0131n sebep oldu\u011fu can kay\u0131plar\u0131<\/b>, i\u015f\u00e7i haklar\u0131 ve g\u00fcvenlik ko\u015fullar\u0131 konusunda ciddi sorunlara i\u015faret ediyor.<\/p>\n<h3>Toplumsal Etki<\/h3>\n<p><b>Toplumsal etkileri<\/b> de g\u00f6z ard\u0131 edilemeyecek boyuta ula\u015fan bu olaylar, <b>ekonomik ve sosyal dengesizlik<\/b>lerin bir sonucu olarak g\u00f6r\u00fcl\u00fcyor. <b>\u0130\u015f\u00e7i haklar\u0131<\/b> ve <b>eme\u011fin de\u011feri<\/b>, bu sistem ve anlay\u0131\u015flarla birlikte sorgulan\u0131yor.<\/p>\n<h2>1 May\u0131s ve \u0130\u015f\u00e7i Haklar\u0131<\/h2>\n<p>1 May\u0131s, <b>\u00fcretimde emek veren<\/b> ve <b>toplumsal ilerleme<\/b> i\u00e7in m\u00fccadele edenlerin g\u00fcn\u00fc. <b>Bu sistem ve anlay\u0131\u015flarla<\/b>, 1 May\u0131slar\u0131n bayram olarak kutlanmas\u0131 m\u00fcmk\u00fcn g\u00f6r\u00fcnm\u00fcyor. <b>\u0130\u015f\u00e7i haklar\u0131<\/b> ve <b>adil \u00e7al\u0131\u015fma ko\u015fullar\u0131<\/b> i\u00e7in m\u00fccadele etmeye devam etmek gerekiyor.<\/p>\n","protected":false},"excerpt":{"rendered":"<p>Ak\u0131n Ayd\u0131n, i\u015f kazalar\u0131nda can kayb\u0131 ve i\u015f\u00e7i haklar\u0131 konusunda ciddi sorunlara dikkat \u00e7ekti.<\/p>\n","protected":false},"author":3,"featured_media":0,"comment_status":"open","ping_status":"open","sticky":false,"template":"","format":"standard","meta":{"googlesitekit_rrm_CAow15e3DA:productID":"","_coblocks_attr":"","_coblocks_dimensions":"","_coblocks_responsive_height":"","_coblocks_accordion_ie_support":"","_ai_summary":"","_external_image_url":"http:\/\/www.sm724.com\/wp-content\/uploads\/2014\/04\/yazaroku-mobil21.jpg","footnotes":""},"categories":[27,46,50,22],"tags":[199,202,201,200],"class_list":["post-536","post","type-post","status-publish","format-standard","hentry","category-asayis","category-aydin","category-aydin-siyaset","category-gundem","tag-1-mayis","tag-akin-aydin","tag-is-kazalari","tag-isci-haklari"],"yoast_head":"<!-- This site is optimized with the Yoast SEO plugin v27.5 - https:\/\/yoast.com\/product\/yoast-seo-wordpress\/ -->\n<title>1 May\u0131slar Bu Sistemle Bayram Olamaz - Tralleskop<\/title>\n<meta name=\"robots\" content=\"index, follow, max-snippet:-1, max-image-preview:large, max-video-preview:-1\" \/>\n<link rel=\"canonical\" href=\"https:\/\/tralleskop.com\/index.php\/2026\/05\/02\/1-mayislar-bu-sistemle-bayram-olamaz\/\" \/>\n<meta property=\"og:locale\" content=\"tr_TR\" \/>\n<meta property=\"og:type\" content=\"article\" \/>\n<meta property=\"og:title\" content=\"1 May\u0131slar Bu Sistemle Bayram Olamaz - Tralleskop\" \/>\n<meta property=\"og:description\" content=\"Ak\u0131n Ayd\u0131n, i\u015f kazalar\u0131nda can kayb\u0131 ve i\u015f\u00e7i haklar\u0131 konusunda ciddi sorunlara dikkat \u00e7ekti.\" \/>\n<meta property=\"og:url\" content=\"https:\/\/tralleskop.com\/index.php\/2026\/05\/02\/1-mayislar-bu-sistemle-bayram-olamaz\/\" \/>\n<meta property=\"og:site_name\" content=\"Tralleskop\" \/>\n<meta property=\"article:published_time\" content=\"2026-05-02T01:00:08+00:00\" \/>\n<meta name=\"author\" content=\"Yapay Zeka\" \/>\n<meta name=\"twitter:card\" content=\"summary_large_image\" \/>\n<meta name=\"twitter:label1\" content=\"Yazan:\" \/>\n\t<meta name=\"twitter:data1\" content=\"Yapay Zeka\" \/>\n\t<meta name=\"twitter:label2\" content=\"Tahmini okuma s\u00fcresi\" \/>\n\t<meta name=\"twitter:data2\" content=\"1 dakika\" \/>\n<script type=\"application\/ld+json\" class=\"yoast-schema-graph\">{\"@context\":\"https:\\\/\\\/schema.org\",\"@graph\":[{\"@type\":\"Article\",\"@id\":\"https:\\\/\\\/tralleskop.com\\\/index.php\\\/2026\\\/05\\\/02\\\/1-mayislar-bu-sistemle-bayram-olamaz\\\/#article\",\"isPartOf\":{\"@id\":\"https:\\\/\\\/tralleskop.com\\\/index.php\\\/2026\\\/05\\\/02\\\/1-mayislar-bu-sistemle-bayram-olamaz\\\/\"},\"author\":{\"name\":\"Yapay Zeka\",\"@id\":\"https:\\\/\\\/tralleskop.com\\\/#\\\/schema\\\/person\\\/07eabec51c3edefcb97f005e5a24dc85\"},\"headline\":\"1 May\u0131slar Bu Sistemle Bayram Olamaz\",\"datePublished\":\"2026-05-02T01:00:08+00:00\",\"mainEntityOfPage\":{\"@id\":\"https:\\\/\\\/tralleskop.com\\\/index.php\\\/2026\\\/05\\\/02\\\/1-mayislar-bu-sistemle-bayram-olamaz\\\/\"},\"wordCount\":188,\"commentCount\":0,\"publisher\":{\"@id\":\"https:\\\/\\\/tralleskop.com\\\/#organization\"},\"keywords\":[\"1 May\u0131s\",\"Ak\u0131n Ayd\u0131n\",\"i\u015f kazalar\u0131\",\"i\u015f\u00e7i haklar\u0131\"],\"articleSection\":[\"Asayi\u015f\",\"Ayd\u0131n\",\"Ayd\u0131n Siyaset\",\"G\u00fcndem\"],\"inLanguage\":\"tr\",\"potentialAction\":[{\"@type\":\"CommentAction\",\"name\":\"Comment\",\"target\":[\"https:\\\/\\\/tralleskop.com\\\/index.php\\\/2026\\\/05\\\/02\\\/1-mayislar-bu-sistemle-bayram-olamaz\\\/#respond\"]}]},{\"@type\":\"WebPage\",\"@id\":\"https:\\\/\\\/tralleskop.com\\\/index.php\\\/2026\\\/05\\\/02\\\/1-mayislar-bu-sistemle-bayram-olamaz\\\/\",\"url\":\"https:\\\/\\\/tralleskop.com\\\/index.php\\\/2026\\\/05\\\/02\\\/1-mayislar-bu-sistemle-bayram-olamaz\\\/\",\"name\":\"1 May\u0131slar Bu Sistemle Bayram Olamaz - Tralleskop\",\"isPartOf\":{\"@id\":\"https:\\\/\\\/tralleskop.com\\\/#website\"},\"datePublished\":\"2026-05-02T01:00:08+00:00\",\"breadcrumb\":{\"@id\":\"https:\\\/\\\/tralleskop.com\\\/index.php\\\/2026\\\/05\\\/02\\\/1-mayislar-bu-sistemle-bayram-olamaz\\\/#breadcrumb\"},\"inLanguage\":\"tr\",\"potentialAction\":[{\"@type\":\"ReadAction\",\"target\":[\"https:\\\/\\\/tralleskop.com\\\/index.php\\\/2026\\\/05\\\/02\\\/1-mayislar-bu-sistemle-bayram-olamaz\\\/\"]}]},{\"@type\":\"BreadcrumbList\",\"@id\":\"https:\\\/\\\/tralleskop.com\\\/index.php\\\/2026\\\/05\\\/02\\\/1-mayislar-bu-sistemle-bayram-olamaz\\\/#breadcrumb\",\"itemListElement\":[{\"@type\":\"ListItem\",\"position\":1,\"name\":\"Anasayfa\",\"item\":\"https:\\\/\\\/tralleskop.com\\\/\"},{\"@type\":\"ListItem\",\"position\":2,\"name\":\"1 May\u0131slar Bu Sistemle Bayram Olamaz\"}]},{\"@type\":\"WebSite\",\"@id\":\"https:\\\/\\\/tralleskop.com\\\/#website\",\"url\":\"https:\\\/\\\/tralleskop.com\\\/\",\"name\":\"Tralleskop\",\"description\":\"\",\"publisher\":{\"@id\":\"https:\\\/\\\/tralleskop.com\\\/#organization\"},\"potentialAction\":[{\"@type\":\"SearchAction\",\"target\":{\"@type\":\"EntryPoint\",\"urlTemplate\":\"https:\\\/\\\/tralleskop.com\\\/?s={search_term_string}\"},\"query-input\":{\"@type\":\"PropertyValueSpecification\",\"valueRequired\":true,\"valueName\":\"search_term_string\"}}],\"inLanguage\":\"tr\"},{\"@type\":\"Organization\",\"@id\":\"https:\\\/\\\/tralleskop.com\\\/#organization\",\"name\":\"Tralleskop\",\"url\":\"https:\\\/\\\/tralleskop.com\\\/\",\"logo\":{\"@type\":\"ImageObject\",\"inLanguage\":\"tr\",\"@id\":\"https:\\\/\\\/tralleskop.com\\\/#\\\/schema\\\/logo\\\/image\\\/\",\"url\":\"https:\\\/\\\/tralleskop.com\\\/wp-content\\\/uploads\\\/2026\\\/03\\\/logo-1.png\",\"contentUrl\":\"https:\\\/\\\/tralleskop.com\\\/wp-content\\\/uploads\\\/2026\\\/03\\\/logo-1.png\",\"width\":2048,\"height\":2048,\"caption\":\"Tralleskop\"},\"image\":{\"@id\":\"https:\\\/\\\/tralleskop.com\\\/#\\\/schema\\\/logo\\\/image\\\/\"},\"sameAs\":[\"https:\\\/\\\/instagram.com\\\/tralleskop\"]},{\"@type\":\"Person\",\"@id\":\"https:\\\/\\\/tralleskop.com\\\/#\\\/schema\\\/person\\\/07eabec51c3edefcb97f005e5a24dc85\",\"name\":\"Yapay Zeka\",\"image\":{\"@type\":\"ImageObject\",\"inLanguage\":\"tr\",\"@id\":\"https:\\\/\\\/secure.gravatar.com\\\/avatar\\\/e77edf5bd5f891271e5db451c58207840f707caf056fe282ae8443fe299d6b9c?s=96&d=mm&r=g\",\"url\":\"https:\\\/\\\/secure.gravatar.com\\\/avatar\\\/e77edf5bd5f891271e5db451c58207840f707caf056fe282ae8443fe299d6b9c?s=96&d=mm&r=g\",\"contentUrl\":\"https:\\\/\\\/secure.gravatar.com\\\/avatar\\\/e77edf5bd5f891271e5db451c58207840f707caf056fe282ae8443fe299d6b9c?s=96&d=mm&r=g\",\"caption\":\"Yapay Zeka\"},\"url\":\"https:\\\/\\\/tralleskop.com\\\/index.php\\\/author\\\/yapayzeka\\\/\"}]}<\/script>\n<!-- \/ Yoast SEO plugin. -->","yoast_head_json":{"title":"1 May\u0131slar Bu Sistemle Bayram Olamaz - Tralleskop","robots":{"index":"index","follow":"follow","max-snippet":"max-snippet:-1","max-image-preview":"max-image-preview:large","max-video-preview":"max-video-preview:-1"},"canonical":"https:\/\/tralleskop.com\/index.php\/2026\/05\/02\/1-mayislar-bu-sistemle-bayram-olamaz\/","og_locale":"tr_TR","og_type":"article","og_title":"1 May\u0131slar Bu Sistemle Bayram Olamaz - Tralleskop","og_description":"Ak\u0131n Ayd\u0131n, i\u015f kazalar\u0131nda can kayb\u0131 ve i\u015f\u00e7i haklar\u0131 konusunda ciddi sorunlara dikkat \u00e7ekti.","og_url":"https:\/\/tralleskop.com\/index.php\/2026\/05\/02\/1-mayislar-bu-sistemle-bayram-olamaz\/","og_site_name":"Tralleskop","article_published_time":"2026-05-02T01:00:08+00:00","author":"Yapay Zeka","twitter_card":"summary_large_image","twitter_misc":{"Yazan:":"Yapay Zeka","Tahmini okuma s\u00fcresi":"1 dakika"},"schema":{"@context":"https:\/\/schema.org","@graph":[{"@type":"Article","@id":"https:\/\/tralleskop.com\/index.php\/2026\/05\/02\/1-mayislar-bu-sistemle-bayram-olamaz\/#article","isPartOf":{"@id":"https:\/\/tralleskop.com\/index.php\/2026\/05\/02\/1-mayislar-bu-sistemle-bayram-olamaz\/"},"author":{"name":"Yapay Zeka","@id":"https:\/\/tralleskop.com\/#\/schema\/person\/07eabec51c3edefcb97f005e5a24dc85"},"headline":"1 May\u0131slar Bu Sistemle Bayram Olamaz","datePublished":"2026-05-02T01:00:08+00:00","mainEntityOfPage":{"@id":"https:\/\/tralleskop.com\/index.php\/2026\/05\/02\/1-mayislar-bu-sistemle-bayram-olamaz\/"},"wordCount":188,"commentCount":0,"publisher":{"@id":"https:\/\/tralleskop.com\/#organization"},"keywords":["1 May\u0131s","Ak\u0131n Ayd\u0131n","i\u015f kazalar\u0131","i\u015f\u00e7i haklar\u0131"],"articleSection":["Asayi\u015f","Ayd\u0131n","Ayd\u0131n Siyaset","G\u00fcndem"],"inLanguage":"tr","potentialAction":[{"@type":"CommentAction","name":"Comment","target":["https:\/\/tralleskop.com\/index.php\/2026\/05\/02\/1-mayislar-bu-sistemle-bayram-olamaz\/#respond"]}]},{"@type":"WebPage","@id":"https:\/\/tralleskop.com\/index.php\/2026\/05\/02\/1-mayislar-bu-sistemle-bayram-olamaz\/","url":"https:\/\/tralleskop.com\/index.php\/2026\/05\/02\/1-mayislar-bu-sistemle-bayram-olamaz\/","name":"1 May\u0131slar Bu Sistemle Bayram Olamaz - Tralleskop","isPartOf":{"@id":"https:\/\/tralleskop.com\/#website"},"datePublished":"2026-05-02T01:00:08+00:00","breadcrumb":{"@id":"https:\/\/tralleskop.com\/index.php\/2026\/05\/02\/1-mayislar-bu-sistemle-bayram-olamaz\/#breadcrumb"},"inLanguage":"tr","potentialAction":[{"@type":"ReadAction","target":["https:\/\/tralleskop.com\/index.php\/2026\/05\/02\/1-mayislar-bu-sistemle-bayram-olamaz\/"]}]},{"@type":"BreadcrumbList","@id":"https:\/\/tralleskop.com\/index.php\/2026\/05\/02\/1-mayislar-bu-sistemle-bayram-olamaz\/#breadcrumb","itemListElement":[{"@type":"ListItem","position":1,"name":"Anasayfa","item":"https:\/\/tralleskop.com\/"},{"@type":"ListItem","position":2,"name":"1 May\u0131slar Bu Sistemle Bayram Olamaz"}]},{"@type":"WebSite","@id":"https:\/\/tralleskop.com\/#website","url":"https:\/\/tralleskop.com\/","name":"Tralleskop","description":"","publisher":{"@id":"https:\/\/tralleskop.com\/#organization"},"potentialAction":[{"@type":"SearchAction","target":{"@type":"EntryPoint","urlTemplate":"https:\/\/tralleskop.com\/?s={search_term_string}"},"query-input":{"@type":"PropertyValueSpecification","valueRequired":true,"valueName":"search_term_string"}}],"inLanguage":"tr"},{"@type":"Organization","@id":"https:\/\/tralleskop.com\/#organization","name":"Tralleskop","url":"https:\/\/tralleskop.com\/","logo":{"@type":"ImageObject","inLanguage":"tr","@id":"https:\/\/tralleskop.com\/#\/schema\/logo\/image\/","url":"https:\/\/tralleskop.com\/wp-content\/uploads\/2026\/03\/logo-1.png","contentUrl":"https:\/\/tralleskop.com\/wp-content\/uploads\/2026\/03\/logo-1.png","width":2048,"height":2048,"caption":"Tralleskop"},"image":{"@id":"https:\/\/tralleskop.com\/#\/schema\/logo\/image\/"},"sameAs":["https:\/\/instagram.com\/tralleskop"]},{"@type":"Person","@id":"https:\/\/tralleskop.com\/#\/schema\/person\/07eabec51c3edefcb97f005e5a24dc85","name":"Yapay Zeka","image":{"@type":"ImageObject","inLanguage":"tr","@id":"https:\/\/secure.gravatar.com\/avatar\/e77edf5bd5f891271e5db451c58207840f707caf056fe282ae8443fe299d6b9c?s=96&d=mm&r=g","url":"https:\/\/secure.gravatar.com\/avatar\/e77edf5bd5f891271e5db451c58207840f707caf056fe282ae8443fe299d6b9c?s=96&d=mm&r=g","contentUrl":"https:\/\/secure.gravatar.com\/avatar\/e77edf5bd5f891271e5db451c58207840f707caf056fe282ae8443fe299d6b9c?s=96&d=mm&r=g","caption":"Yapay Zeka"},"url":"https:\/\/tralleskop.com\/index.php\/author\/yapayzeka\/"}]}},"jetpack_featured_media_url":"","_links":{"self":[{"href":"https:\/\/tralleskop.com\/index.php\/wp-json\/wp\/v2\/posts\/536","targetHints":{"allow":["GET"]}}],"collection":[{"href":"https:\/\/tralleskop.com\/index.php\/wp-json\/wp\/v2\/posts"}],"about":[{"href":"https:\/\/tralleskop.com\/index.php\/wp-json\/wp\/v2\/types\/post"}],"author":[{"embeddable":true,"href":"https:\/\/tralleskop.com\/index.php\/wp-json\/wp\/v2\/users\/3"}],"replies":[{"embeddable":true,"href":"https:\/\/tralleskop.com\/index.php\/wp-json\/wp\/v2\/comments?post=536"}],"version-history":[{"count":1,"href":"https:\/\/tralleskop.com\/index.php\/wp-json\/wp\/v2\/posts\/536\/revisions"}],"predecessor-version":[{"id":582,"href":"https:\/\/tralleskop.com\/index.php\/wp-json\/wp\/v2\/posts\/536\/revisions\/582"}],"wp:attachment":[{"href":"https:\/\/tralleskop.com\/index.php\/wp-json\/wp\/v2\/media?parent=536"}],"wp:term":[{"taxonomy":"category","embeddable":true,"href":"https:\/\/tralleskop.com\/index.php\/wp-json\/wp\/v2\/categories?post=536"},{"taxonomy":"post_tag","embeddable":true,"href":"https:\/\/tralleskop.com\/index.php\/wp-json\/wp\/v2\/tags?post=536"}],"curies":[{"name":"wp","href":"https:\/\/api.w.org\/{rel}","templated":true}]}}