{"id":532,"date":"2026-05-02T03:30:06","date_gmt":"2026-05-02T00:30:06","guid":{"rendered":"https:\/\/tralleskop.com\/index.php\/2026\/05\/02\/falcon-heavy-firlatmasi-uzaydan-goruntulendi-spacexin-guclu-roketini-uydu-fotograflari\/"},"modified":"2026-05-02T03:30:06","modified_gmt":"2026-05-02T00:30:06","slug":"falcon-heavy-firlatmasi-uzaydan-goruntulendi-spacexin-guclu-roketini-uydu-fotograflari","status":"publish","type":"post","link":"https:\/\/tralleskop.com\/index.php\/2026\/05\/02\/falcon-heavy-firlatmasi-uzaydan-goruntulendi-spacexin-guclu-roketini-uydu-fotograflari\/","title":{"rendered":"Falcon Heavy F\u0131rlatmas\u0131 Uzaydan G\u00f6r\u00fcnt\u00fclendi: SpaceX&#8217;in G\u00fc\u00e7l\u00fc Roketini Uydu Foto\u011fraflar\u0131"},"content":{"rendered":"<h1>Falcon Heavy F\u0131rlatmas\u0131 Uzaydan G\u00f6r\u00fcnt\u00fclendi: SpaceX&#8217;in G\u00fc\u00e7l\u00fc Roketini Uydu Foto\u011fraflar\u0131<\/h1>\n<p>SpaceX&#8217;in g\u00fc\u00e7l\u00fc Falcon Heavy roketi, 18 ay sonra ilk kez f\u0131rlat\u0131ld\u0131 ve bu an\u0131 bir uydu yak\u0131ndan takip etti. Sharp-eyed BlackSky uydu, 29 Nisan \u00c7ar\u015famba g\u00fcn\u00fc Falcon Heavy f\u0131rlatmas\u0131n\u0131 uzaydan g\u00f6rd\u00fc.<\/p>\n<h2><b>Falcon Heavy F\u0131rlatmas\u0131n\u0131n \u00d6nemi<\/b><\/h2>\n<p>Falcon Heavy, SpaceX&#8217;in en g\u00fc\u00e7l\u00fc roketidir ve a\u011f\u0131r y\u00fckleri uzaya ta\u015f\u0131yabilme yetene\u011fiyle dikkat \u00e7eker. Bu f\u0131rlatma, SpaceX&#8217;in uzay teknolojisindeki yeteneklerini bir kez daha g\u00f6sterdi.<\/p>\n<h3><b>Uydu Foto\u011fraflar\u0131<\/b><\/h3>\n<p>BlackSky uydu, Falcon Heavy f\u0131rlatmas\u0131n\u0131 y\u00fcksek \u00e7\u00f6z\u00fcn\u00fcrl\u00fckl\u00fc foto\u011fraflarla kaydetti. Bu foto\u011fraflar, roketin f\u0131rlatma an\u0131n\u0131 ve uzaya yolculu\u011funu g\u00f6steriyor.<\/p>\n<h2><b>Falcon Heavy F\u0131rlatmas\u0131n\u0131n Analizi<\/b><\/h2>\n<p>Falcon Heavy f\u0131rlatmas\u0131, uzay teknolojisindeki geli\u015fmeleri g\u00f6stermesi a\u00e7\u0131s\u0131ndan \u00f6nemlidir. Ayr\u0131ca, SpaceX&#8217;in uzay ke\u015fiflerindeki rol\u00fcn\u00fc g\u00fc\u00e7lendirdi. Bu f\u0131rlatma, uzay end\u00fcstrisinde \u00f6nemli bir ad\u0131m olarak g\u00f6r\u00fclmektedir.<\/p>\n","protected":false},"excerpt":{"rendered":"<p>SpaceX&#8217;in Falcon Heavy roketi 18 ay sonra ilk kez f\u0131rlat\u0131ld\u0131. Sharp-eyed BlackSky uydu, bu an\u0131 uzaydan g\u00f6rd\u00fc.<\/p>\n","protected":false},"author":3,"featured_media":533,"comment_status":"open","ping_status":"open","sticky":false,"template":"","format":"standard","meta":{"googlesitekit_rrm_CAow15e3DA:productID":"","_coblocks_attr":"","_coblocks_dimensions":"","_coblocks_responsive_height":"","_coblocks_accordion_ie_support":"","_ai_summary":"","_external_image_url":"https:\/\/cdn.mos.cms.futurecdn.net\/tngnP2iAQCUanhkNs6rAXa-1920-80.jpg","footnotes":""},"categories":[21],"tags":[192,193,69,194,68],"class_list":["post-532","post","type-post","status-publish","format-standard","has-post-thumbnail","hentry","category-teknoloji","tag-falcon-heavy","tag-roket","tag-spacex","tag-uydu-fotograflari","tag-uzay"],"yoast_head":"<!-- This site is optimized with the Yoast SEO plugin v27.5 - https:\/\/yoast.com\/product\/yoast-seo-wordpress\/ -->\n<title>Falcon Heavy F\u0131rlatmas\u0131 Uzaydan G\u00f6r\u00fcnt\u00fclendi: SpaceX&#039;in G\u00fc\u00e7l\u00fc Roketini Uydu Foto\u011fraflar\u0131 - Tralleskop<\/title>\n<meta name=\"robots\" content=\"index, follow, max-snippet:-1, max-image-preview:large, max-video-preview:-1\" \/>\n<link rel=\"canonical\" href=\"https:\/\/tralleskop.com\/index.php\/2026\/05\/02\/falcon-heavy-firlatmasi-uzaydan-goruntulendi-spacexin-guclu-roketini-uydu-fotograflari\/\" \/>\n<meta property=\"og:locale\" content=\"tr_TR\" \/>\n<meta property=\"og:type\" content=\"article\" \/>\n<meta property=\"og:title\" content=\"Falcon Heavy F\u0131rlatmas\u0131 Uzaydan G\u00f6r\u00fcnt\u00fclendi: SpaceX&#039;in G\u00fc\u00e7l\u00fc Roketini Uydu Foto\u011fraflar\u0131 - Tralleskop\" \/>\n<meta property=\"og:description\" content=\"SpaceX&#039;in Falcon Heavy roketi 18 ay sonra ilk kez f\u0131rlat\u0131ld\u0131. Sharp-eyed BlackSky uydu, bu an\u0131 uzaydan g\u00f6rd\u00fc.\" \/>\n<meta property=\"og:url\" content=\"https:\/\/tralleskop.com\/index.php\/2026\/05\/02\/falcon-heavy-firlatmasi-uzaydan-goruntulendi-spacexin-guclu-roketini-uydu-fotograflari\/\" \/>\n<meta property=\"og:site_name\" content=\"Tralleskop\" \/>\n<meta property=\"article:published_time\" content=\"2026-05-02T00:30:06+00:00\" \/>\n<meta name=\"author\" content=\"Yapay Zeka\" \/>\n<meta name=\"twitter:card\" content=\"summary_large_image\" \/>\n<meta name=\"twitter:label1\" content=\"Yazan:\" \/>\n\t<meta name=\"twitter:data1\" content=\"Yapay Zeka\" \/>\n\t<meta name=\"twitter:label2\" content=\"Tahmini okuma s\u00fcresi\" \/>\n\t<meta name=\"twitter:data2\" content=\"1 dakika\" \/>\n<script type=\"application\/ld+json\" class=\"yoast-schema-graph\">{\"@context\":\"https:\\\/\\\/schema.org\",\"@graph\":[{\"@type\":\"Article\",\"@id\":\"https:\\\/\\\/tralleskop.com\\\/index.php\\\/2026\\\/05\\\/02\\\/falcon-heavy-firlatmasi-uzaydan-goruntulendi-spacexin-guclu-roketini-uydu-fotograflari\\\/#article\",\"isPartOf\":{\"@id\":\"https:\\\/\\\/tralleskop.com\\\/index.php\\\/2026\\\/05\\\/02\\\/falcon-heavy-firlatmasi-uzaydan-goruntulendi-spacexin-guclu-roketini-uydu-fotograflari\\\/\"},\"author\":{\"name\":\"Yapay Zeka\",\"@id\":\"https:\\\/\\\/tralleskop.com\\\/#\\\/schema\\\/person\\\/07eabec51c3edefcb97f005e5a24dc85\"},\"headline\":\"Falcon Heavy F\u0131rlatmas\u0131 Uzaydan G\u00f6r\u00fcnt\u00fclendi: SpaceX&#8217;in G\u00fc\u00e7l\u00fc Roketini Uydu Foto\u011fraflar\u0131\",\"datePublished\":\"2026-05-02T00:30:06+00:00\",\"mainEntityOfPage\":{\"@id\":\"https:\\\/\\\/tralleskop.com\\\/index.php\\\/2026\\\/05\\\/02\\\/falcon-heavy-firlatmasi-uzaydan-goruntulendi-spacexin-guclu-roketini-uydu-fotograflari\\\/\"},\"wordCount\":192,\"commentCount\":0,\"publisher\":{\"@id\":\"https:\\\/\\\/tralleskop.com\\\/#organization\"},\"image\":{\"@id\":\"https:\\\/\\\/tralleskop.com\\\/index.php\\\/2026\\\/05\\\/02\\\/falcon-heavy-firlatmasi-uzaydan-goruntulendi-spacexin-guclu-roketini-uydu-fotograflari\\\/#primaryimage\"},\"thumbnailUrl\":\"https:\\\/\\\/tralleskop.com\\\/wp-content\\\/uploads\\\/2026\\\/05\\\/tngnP2iAQCUanhkNs6rAXa-1920-80.jpg.jpg\",\"keywords\":[\"Falcon Heavy\",\"roket\",\"SpaceX\",\"uydu foto\u011fraflar\u0131\",\"Uzay\"],\"articleSection\":[\"Teknoloji\"],\"inLanguage\":\"tr\",\"potentialAction\":[{\"@type\":\"CommentAction\",\"name\":\"Comment\",\"target\":[\"https:\\\/\\\/tralleskop.com\\\/index.php\\\/2026\\\/05\\\/02\\\/falcon-heavy-firlatmasi-uzaydan-goruntulendi-spacexin-guclu-roketini-uydu-fotograflari\\\/#respond\"]}]},{\"@type\":\"WebPage\",\"@id\":\"https:\\\/\\\/tralleskop.com\\\/index.php\\\/2026\\\/05\\\/02\\\/falcon-heavy-firlatmasi-uzaydan-goruntulendi-spacexin-guclu-roketini-uydu-fotograflari\\\/\",\"url\":\"https:\\\/\\\/tralleskop.com\\\/index.php\\\/2026\\\/05\\\/02\\\/falcon-heavy-firlatmasi-uzaydan-goruntulendi-spacexin-guclu-roketini-uydu-fotograflari\\\/\",\"name\":\"Falcon Heavy F\u0131rlatmas\u0131 Uzaydan G\u00f6r\u00fcnt\u00fclendi: SpaceX'in G\u00fc\u00e7l\u00fc Roketini Uydu Foto\u011fraflar\u0131 - Tralleskop\",\"isPartOf\":{\"@id\":\"https:\\\/\\\/tralleskop.com\\\/#website\"},\"primaryImageOfPage\":{\"@id\":\"https:\\\/\\\/tralleskop.com\\\/index.php\\\/2026\\\/05\\\/02\\\/falcon-heavy-firlatmasi-uzaydan-goruntulendi-spacexin-guclu-roketini-uydu-fotograflari\\\/#primaryimage\"},\"image\":{\"@id\":\"https:\\\/\\\/tralleskop.com\\\/index.php\\\/2026\\\/05\\\/02\\\/falcon-heavy-firlatmasi-uzaydan-goruntulendi-spacexin-guclu-roketini-uydu-fotograflari\\\/#primaryimage\"},\"thumbnailUrl\":\"https:\\\/\\\/tralleskop.com\\\/wp-content\\\/uploads\\\/2026\\\/05\\\/tngnP2iAQCUanhkNs6rAXa-1920-80.jpg.jpg\",\"datePublished\":\"2026-05-02T00:30:06+00:00\",\"breadcrumb\":{\"@id\":\"https:\\\/\\\/tralleskop.com\\\/index.php\\\/2026\\\/05\\\/02\\\/falcon-heavy-firlatmasi-uzaydan-goruntulendi-spacexin-guclu-roketini-uydu-fotograflari\\\/#breadcrumb\"},\"inLanguage\":\"tr\",\"potentialAction\":[{\"@type\":\"ReadAction\",\"target\":[\"https:\\\/\\\/tralleskop.com\\\/index.php\\\/2026\\\/05\\\/02\\\/falcon-heavy-firlatmasi-uzaydan-goruntulendi-spacexin-guclu-roketini-uydu-fotograflari\\\/\"]}]},{\"@type\":\"ImageObject\",\"inLanguage\":\"tr\",\"@id\":\"https:\\\/\\\/tralleskop.com\\\/index.php\\\/2026\\\/05\\\/02\\\/falcon-heavy-firlatmasi-uzaydan-goruntulendi-spacexin-guclu-roketini-uydu-fotograflari\\\/#primaryimage\",\"url\":\"https:\\\/\\\/tralleskop.com\\\/wp-content\\\/uploads\\\/2026\\\/05\\\/tngnP2iAQCUanhkNs6rAXa-1920-80.jpg.jpg\",\"contentUrl\":\"https:\\\/\\\/tralleskop.com\\\/wp-content\\\/uploads\\\/2026\\\/05\\\/tngnP2iAQCUanhkNs6rAXa-1920-80.jpg.jpg\",\"width\":1920,\"height\":1080},{\"@type\":\"BreadcrumbList\",\"@id\":\"https:\\\/\\\/tralleskop.com\\\/index.php\\\/2026\\\/05\\\/02\\\/falcon-heavy-firlatmasi-uzaydan-goruntulendi-spacexin-guclu-roketini-uydu-fotograflari\\\/#breadcrumb\",\"itemListElement\":[{\"@type\":\"ListItem\",\"position\":1,\"name\":\"Anasayfa\",\"item\":\"https:\\\/\\\/tralleskop.com\\\/\"},{\"@type\":\"ListItem\",\"position\":2,\"name\":\"Falcon Heavy F\u0131rlatmas\u0131 Uzaydan G\u00f6r\u00fcnt\u00fclendi: SpaceX&#8217;in G\u00fc\u00e7l\u00fc Roketini Uydu Foto\u011fraflar\u0131\"}]},{\"@type\":\"WebSite\",\"@id\":\"https:\\\/\\\/tralleskop.com\\\/#website\",\"url\":\"https:\\\/\\\/tralleskop.com\\\/\",\"name\":\"Tralleskop\",\"description\":\"\",\"publisher\":{\"@id\":\"https:\\\/\\\/tralleskop.com\\\/#organization\"},\"potentialAction\":[{\"@type\":\"SearchAction\",\"target\":{\"@type\":\"EntryPoint\",\"urlTemplate\":\"https:\\\/\\\/tralleskop.com\\\/?s={search_term_string}\"},\"query-input\":{\"@type\":\"PropertyValueSpecification\",\"valueRequired\":true,\"valueName\":\"search_term_string\"}}],\"inLanguage\":\"tr\"},{\"@type\":\"Organization\",\"@id\":\"https:\\\/\\\/tralleskop.com\\\/#organization\",\"name\":\"Tralleskop\",\"url\":\"https:\\\/\\\/tralleskop.com\\\/\",\"logo\":{\"@type\":\"ImageObject\",\"inLanguage\":\"tr\",\"@id\":\"https:\\\/\\\/tralleskop.com\\\/#\\\/schema\\\/logo\\\/image\\\/\",\"url\":\"https:\\\/\\\/tralleskop.com\\\/wp-content\\\/uploads\\\/2026\\\/03\\\/logo-1.png\",\"contentUrl\":\"https:\\\/\\\/tralleskop.com\\\/wp-content\\\/uploads\\\/2026\\\/03\\\/logo-1.png\",\"width\":2048,\"height\":2048,\"caption\":\"Tralleskop\"},\"image\":{\"@id\":\"https:\\\/\\\/tralleskop.com\\\/#\\\/schema\\\/logo\\\/image\\\/\"},\"sameAs\":[\"https:\\\/\\\/instagram.com\\\/tralleskop\"]},{\"@type\":\"Person\",\"@id\":\"https:\\\/\\\/tralleskop.com\\\/#\\\/schema\\\/person\\\/07eabec51c3edefcb97f005e5a24dc85\",\"name\":\"Yapay Zeka\",\"image\":{\"@type\":\"ImageObject\",\"inLanguage\":\"tr\",\"@id\":\"https:\\\/\\\/secure.gravatar.com\\\/avatar\\\/e77edf5bd5f891271e5db451c58207840f707caf056fe282ae8443fe299d6b9c?s=96&d=mm&r=g\",\"url\":\"https:\\\/\\\/secure.gravatar.com\\\/avatar\\\/e77edf5bd5f891271e5db451c58207840f707caf056fe282ae8443fe299d6b9c?s=96&d=mm&r=g\",\"contentUrl\":\"https:\\\/\\\/secure.gravatar.com\\\/avatar\\\/e77edf5bd5f891271e5db451c58207840f707caf056fe282ae8443fe299d6b9c?s=96&d=mm&r=g\",\"caption\":\"Yapay Zeka\"},\"url\":\"https:\\\/\\\/tralleskop.com\\\/index.php\\\/author\\\/yapayzeka\\\/\"}]}<\/script>\n<!-- \/ Yoast SEO plugin. -->","yoast_head_json":{"title":"Falcon Heavy F\u0131rlatmas\u0131 Uzaydan G\u00f6r\u00fcnt\u00fclendi: SpaceX'in G\u00fc\u00e7l\u00fc Roketini Uydu Foto\u011fraflar\u0131 - Tralleskop","robots":{"index":"index","follow":"follow","max-snippet":"max-snippet:-1","max-image-preview":"max-image-preview:large","max-video-preview":"max-video-preview:-1"},"canonical":"https:\/\/tralleskop.com\/index.php\/2026\/05\/02\/falcon-heavy-firlatmasi-uzaydan-goruntulendi-spacexin-guclu-roketini-uydu-fotograflari\/","og_locale":"tr_TR","og_type":"article","og_title":"Falcon Heavy F\u0131rlatmas\u0131 Uzaydan G\u00f6r\u00fcnt\u00fclendi: SpaceX'in G\u00fc\u00e7l\u00fc Roketini Uydu Foto\u011fraflar\u0131 - Tralleskop","og_description":"SpaceX'in Falcon Heavy roketi 18 ay sonra ilk kez f\u0131rlat\u0131ld\u0131. Sharp-eyed BlackSky uydu, bu an\u0131 uzaydan g\u00f6rd\u00fc.","og_url":"https:\/\/tralleskop.com\/index.php\/2026\/05\/02\/falcon-heavy-firlatmasi-uzaydan-goruntulendi-spacexin-guclu-roketini-uydu-fotograflari\/","og_site_name":"Tralleskop","article_published_time":"2026-05-02T00:30:06+00:00","author":"Yapay Zeka","twitter_card":"summary_large_image","twitter_misc":{"Yazan:":"Yapay Zeka","Tahmini okuma s\u00fcresi":"1 dakika"},"schema":{"@context":"https:\/\/schema.org","@graph":[{"@type":"Article","@id":"https:\/\/tralleskop.com\/index.php\/2026\/05\/02\/falcon-heavy-firlatmasi-uzaydan-goruntulendi-spacexin-guclu-roketini-uydu-fotograflari\/#article","isPartOf":{"@id":"https:\/\/tralleskop.com\/index.php\/2026\/05\/02\/falcon-heavy-firlatmasi-uzaydan-goruntulendi-spacexin-guclu-roketini-uydu-fotograflari\/"},"author":{"name":"Yapay Zeka","@id":"https:\/\/tralleskop.com\/#\/schema\/person\/07eabec51c3edefcb97f005e5a24dc85"},"headline":"Falcon Heavy F\u0131rlatmas\u0131 Uzaydan G\u00f6r\u00fcnt\u00fclendi: SpaceX&#8217;in G\u00fc\u00e7l\u00fc Roketini Uydu Foto\u011fraflar\u0131","datePublished":"2026-05-02T00:30:06+00:00","mainEntityOfPage":{"@id":"https:\/\/tralleskop.com\/index.php\/2026\/05\/02\/falcon-heavy-firlatmasi-uzaydan-goruntulendi-spacexin-guclu-roketini-uydu-fotograflari\/"},"wordCount":192,"commentCount":0,"publisher":{"@id":"https:\/\/tralleskop.com\/#organization"},"image":{"@id":"https:\/\/tralleskop.com\/index.php\/2026\/05\/02\/falcon-heavy-firlatmasi-uzaydan-goruntulendi-spacexin-guclu-roketini-uydu-fotograflari\/#primaryimage"},"thumbnailUrl":"https:\/\/tralleskop.com\/wp-content\/uploads\/2026\/05\/tngnP2iAQCUanhkNs6rAXa-1920-80.jpg.jpg","keywords":["Falcon Heavy","roket","SpaceX","uydu foto\u011fraflar\u0131","Uzay"],"articleSection":["Teknoloji"],"inLanguage":"tr","potentialAction":[{"@type":"CommentAction","name":"Comment","target":["https:\/\/tralleskop.com\/index.php\/2026\/05\/02\/falcon-heavy-firlatmasi-uzaydan-goruntulendi-spacexin-guclu-roketini-uydu-fotograflari\/#respond"]}]},{"@type":"WebPage","@id":"https:\/\/tralleskop.com\/index.php\/2026\/05\/02\/falcon-heavy-firlatmasi-uzaydan-goruntulendi-spacexin-guclu-roketini-uydu-fotograflari\/","url":"https:\/\/tralleskop.com\/index.php\/2026\/05\/02\/falcon-heavy-firlatmasi-uzaydan-goruntulendi-spacexin-guclu-roketini-uydu-fotograflari\/","name":"Falcon Heavy F\u0131rlatmas\u0131 Uzaydan G\u00f6r\u00fcnt\u00fclendi: SpaceX'in G\u00fc\u00e7l\u00fc Roketini Uydu Foto\u011fraflar\u0131 - Tralleskop","isPartOf":{"@id":"https:\/\/tralleskop.com\/#website"},"primaryImageOfPage":{"@id":"https:\/\/tralleskop.com\/index.php\/2026\/05\/02\/falcon-heavy-firlatmasi-uzaydan-goruntulendi-spacexin-guclu-roketini-uydu-fotograflari\/#primaryimage"},"image":{"@id":"https:\/\/tralleskop.com\/index.php\/2026\/05\/02\/falcon-heavy-firlatmasi-uzaydan-goruntulendi-spacexin-guclu-roketini-uydu-fotograflari\/#primaryimage"},"thumbnailUrl":"https:\/\/tralleskop.com\/wp-content\/uploads\/2026\/05\/tngnP2iAQCUanhkNs6rAXa-1920-80.jpg.jpg","datePublished":"2026-05-02T00:30:06+00:00","breadcrumb":{"@id":"https:\/\/tralleskop.com\/index.php\/2026\/05\/02\/falcon-heavy-firlatmasi-uzaydan-goruntulendi-spacexin-guclu-roketini-uydu-fotograflari\/#breadcrumb"},"inLanguage":"tr","potentialAction":[{"@type":"ReadAction","target":["https:\/\/tralleskop.com\/index.php\/2026\/05\/02\/falcon-heavy-firlatmasi-uzaydan-goruntulendi-spacexin-guclu-roketini-uydu-fotograflari\/"]}]},{"@type":"ImageObject","inLanguage":"tr","@id":"https:\/\/tralleskop.com\/index.php\/2026\/05\/02\/falcon-heavy-firlatmasi-uzaydan-goruntulendi-spacexin-guclu-roketini-uydu-fotograflari\/#primaryimage","url":"https:\/\/tralleskop.com\/wp-content\/uploads\/2026\/05\/tngnP2iAQCUanhkNs6rAXa-1920-80.jpg.jpg","contentUrl":"https:\/\/tralleskop.com\/wp-content\/uploads\/2026\/05\/tngnP2iAQCUanhkNs6rAXa-1920-80.jpg.jpg","width":1920,"height":1080},{"@type":"BreadcrumbList","@id":"https:\/\/tralleskop.com\/index.php\/2026\/05\/02\/falcon-heavy-firlatmasi-uzaydan-goruntulendi-spacexin-guclu-roketini-uydu-fotograflari\/#breadcrumb","itemListElement":[{"@type":"ListItem","position":1,"name":"Anasayfa","item":"https:\/\/tralleskop.com\/"},{"@type":"ListItem","position":2,"name":"Falcon Heavy F\u0131rlatmas\u0131 Uzaydan G\u00f6r\u00fcnt\u00fclendi: SpaceX&#8217;in G\u00fc\u00e7l\u00fc Roketini Uydu Foto\u011fraflar\u0131"}]},{"@type":"WebSite","@id":"https:\/\/tralleskop.com\/#website","url":"https:\/\/tralleskop.com\/","name":"Tralleskop","description":"","publisher":{"@id":"https:\/\/tralleskop.com\/#organization"},"potentialAction":[{"@type":"SearchAction","target":{"@type":"EntryPoint","urlTemplate":"https:\/\/tralleskop.com\/?s={search_term_string}"},"query-input":{"@type":"PropertyValueSpecification","valueRequired":true,"valueName":"search_term_string"}}],"inLanguage":"tr"},{"@type":"Organization","@id":"https:\/\/tralleskop.com\/#organization","name":"Tralleskop","url":"https:\/\/tralleskop.com\/","logo":{"@type":"ImageObject","inLanguage":"tr","@id":"https:\/\/tralleskop.com\/#\/schema\/logo\/image\/","url":"https:\/\/tralleskop.com\/wp-content\/uploads\/2026\/03\/logo-1.png","contentUrl":"https:\/\/tralleskop.com\/wp-content\/uploads\/2026\/03\/logo-1.png","width":2048,"height":2048,"caption":"Tralleskop"},"image":{"@id":"https:\/\/tralleskop.com\/#\/schema\/logo\/image\/"},"sameAs":["https:\/\/instagram.com\/tralleskop"]},{"@type":"Person","@id":"https:\/\/tralleskop.com\/#\/schema\/person\/07eabec51c3edefcb97f005e5a24dc85","name":"Yapay Zeka","image":{"@type":"ImageObject","inLanguage":"tr","@id":"https:\/\/secure.gravatar.com\/avatar\/e77edf5bd5f891271e5db451c58207840f707caf056fe282ae8443fe299d6b9c?s=96&d=mm&r=g","url":"https:\/\/secure.gravatar.com\/avatar\/e77edf5bd5f891271e5db451c58207840f707caf056fe282ae8443fe299d6b9c?s=96&d=mm&r=g","contentUrl":"https:\/\/secure.gravatar.com\/avatar\/e77edf5bd5f891271e5db451c58207840f707caf056fe282ae8443fe299d6b9c?s=96&d=mm&r=g","caption":"Yapay Zeka"},"url":"https:\/\/tralleskop.com\/index.php\/author\/yapayzeka\/"}]}},"jetpack_featured_media_url":"https:\/\/tralleskop.com\/wp-content\/uploads\/2026\/05\/tngnP2iAQCUanhkNs6rAXa-1920-80.jpg.jpg","_links":{"self":[{"href":"https:\/\/tralleskop.com\/index.php\/wp-json\/wp\/v2\/posts\/532","targetHints":{"allow":["GET"]}}],"collection":[{"href":"https:\/\/tralleskop.com\/index.php\/wp-json\/wp\/v2\/posts"}],"about":[{"href":"https:\/\/tralleskop.com\/index.php\/wp-json\/wp\/v2\/types\/post"}],"author":[{"embeddable":true,"href":"https:\/\/tralleskop.com\/index.php\/wp-json\/wp\/v2\/users\/3"}],"replies":[{"embeddable":true,"href":"https:\/\/tralleskop.com\/index.php\/wp-json\/wp\/v2\/comments?post=532"}],"version-history":[{"count":0,"href":"https:\/\/tralleskop.com\/index.php\/wp-json\/wp\/v2\/posts\/532\/revisions"}],"wp:featuredmedia":[{"embeddable":true,"href":"https:\/\/tralleskop.com\/index.php\/wp-json\/wp\/v2\/media\/533"}],"wp:attachment":[{"href":"https:\/\/tralleskop.com\/index.php\/wp-json\/wp\/v2\/media?parent=532"}],"wp:term":[{"taxonomy":"category","embeddable":true,"href":"https:\/\/tralleskop.com\/index.php\/wp-json\/wp\/v2\/categories?post=532"},{"taxonomy":"post_tag","embeddable":true,"href":"https:\/\/tralleskop.com\/index.php\/wp-json\/wp\/v2\/tags?post=532"}],"curies":[{"name":"wp","href":"https:\/\/api.w.org\/{rel}","templated":true}]}}