{"id":530,"date":"2026-05-02T03:15:08","date_gmt":"2026-05-02T00:15:08","guid":{"rendered":"https:\/\/tralleskop.com\/index.php\/2026\/05\/02\/kongre-rekor-suren-kapanmayi-sonlandiriyor-trumpin-masasina-gonderilen-dhs-fonlama-yasasi\/"},"modified":"2026-05-02T03:15:08","modified_gmt":"2026-05-02T00:15:08","slug":"kongre-rekor-suren-kapanmayi-sonlandiriyor-trumpin-masasina-gonderilen-dhs-fonlama-yasasi","status":"publish","type":"post","link":"https:\/\/tralleskop.com\/index.php\/2026\/05\/02\/kongre-rekor-suren-kapanmayi-sonlandiriyor-trumpin-masasina-gonderilen-dhs-fonlama-yasasi\/","title":{"rendered":"Kongre Rekor S\u00fcren Kapanmay\u0131 Sonland\u0131r\u0131yor, Trump&#8217;\u0131n Masas\u0131na G\u00f6nderilen DHS Fonlama Yasas\u0131"},"content":{"rendered":"<h1>Kongre Rekor S\u00fcren Kapanmay\u0131 Sonland\u0131r\u0131yor<\/h1>\n<p>Amerika Birle\u015fik Devletleri&#8217;nde Kongre, rekor s\u00fcren 75 g\u00fcnl\u00fck kapanmay\u0131 sonland\u0131r\u0131yor. Temsilciler Meclisi, Per\u015fembe g\u00fcn\u00fc Senato taraf\u0131ndan onaylanan ve \u0130\u00e7 G\u00fcvenlik Bakanl\u0131\u011f\u0131&#8217;n\u0131n (DHS) b\u00fcy\u00fck bir k\u0131sm\u0131n\u0131 fonlayacak olan yasay\u0131 oylayacak.<\/p>\n<h2>Geli\u015fmeler ve Son Durum<\/h2>\n<p>Senato taraf\u0131ndan onaylanan yasa, <b>DHS<\/b> fonlamas\u0131yla ilgili ve <b>Kongre&#8217;nin 75 g\u00fcnl\u00fck k\u0131smi h\u00fck\u00fcmet kapanmas\u0131n\u0131<\/b> sona erdirecek. Bu, tarihte ya\u015fanan en uzun kapanma obdob\u00ed olan bu s\u00fcrenin ard\u0131ndan \u00f6nemli bir ad\u0131m olarak g\u00f6r\u00fcl\u00fcyor.<\/p>\n<h3>Analiz ve Etkileri<\/h3>\n<p><b>Kap\u0131daki kapanman\u0131n sona ermesi<\/b>, ekonomi ve kamu hizmetleri \u00fczerinde \u00f6nemli etkileri olacak. <b>H\u00fck\u00fcmet kapanmalar\u0131<\/b>, kamu personeline\u5f71\u97ff eder ve hizmetlerin aksamas\u0131na neden olabilir. Bu d\u00e9veloppement, Amerika&#8217;daki siyasi geli\u015fmelerin d\u0131\u015f\u0131nda, d\u00fcnya genelindeki <b>ekonomik istikrar<\/b> ve <b>siyasi belirsizlik<\/b> konusunda da \u00f6nemli yans\u0131malar\u0131 olacakt\u0131r.<\/p>\n","protected":false},"excerpt":{"rendered":"<p>Amerika Kongresi, rekor s\u00fcren 75 g\u00fcnl\u00fck kapanmay\u0131 sonland\u0131racak olan DHS fonlama yasas\u0131n\u0131 onaylad\u0131.<\/p>\n","protected":false},"author":3,"featured_media":531,"comment_status":"open","ping_status":"open","sticky":false,"template":"","format":"standard","meta":{"googlesitekit_rrm_CAow15e3DA:productID":"","_coblocks_attr":"","_coblocks_dimensions":"","_coblocks_responsive_height":"","_coblocks_accordion_ie_support":"","_ai_summary":"","_external_image_url":"https:\/\/media-cldnry.s-nbcnews.com\/image\/upload\/t_nbcnews-fp-1200-630,f_auto,q_auto:best\/rockcms\/2026-04\/260417-capitol-hill-ch-1528-1fd938.jpg","footnotes":""},"categories":[50,5,26],"tags":[189,61,190,114,191],"class_list":["post-530","post","type-post","status-publish","format-standard","has-post-thumbnail","hentry","category-aydin-siyaset","category-dunya","category-siyaset","tag-amerika","tag-ekonomi","tag-kapanma","tag-kongre","tag-siyaset"],"yoast_head":"<!-- This site is optimized with the Yoast SEO plugin v27.5 - https:\/\/yoast.com\/product\/yoast-seo-wordpress\/ -->\n<title>Kongre Rekor S\u00fcren Kapanmay\u0131 Sonland\u0131r\u0131yor, Trump&#039;\u0131n Masas\u0131na G\u00f6nderilen DHS Fonlama Yasas\u0131 - Tralleskop<\/title>\n<meta name=\"robots\" content=\"index, follow, max-snippet:-1, max-image-preview:large, max-video-preview:-1\" \/>\n<link rel=\"canonical\" href=\"https:\/\/tralleskop.com\/index.php\/2026\/05\/02\/kongre-rekor-suren-kapanmayi-sonlandiriyor-trumpin-masasina-gonderilen-dhs-fonlama-yasasi\/\" \/>\n<meta property=\"og:locale\" content=\"tr_TR\" \/>\n<meta property=\"og:type\" content=\"article\" \/>\n<meta property=\"og:title\" content=\"Kongre Rekor S\u00fcren Kapanmay\u0131 Sonland\u0131r\u0131yor, Trump&#039;\u0131n Masas\u0131na G\u00f6nderilen DHS Fonlama Yasas\u0131 - Tralleskop\" \/>\n<meta property=\"og:description\" content=\"Amerika Kongresi, rekor s\u00fcren 75 g\u00fcnl\u00fck kapanmay\u0131 sonland\u0131racak olan DHS fonlama yasas\u0131n\u0131 onaylad\u0131.\" \/>\n<meta property=\"og:url\" content=\"https:\/\/tralleskop.com\/index.php\/2026\/05\/02\/kongre-rekor-suren-kapanmayi-sonlandiriyor-trumpin-masasina-gonderilen-dhs-fonlama-yasasi\/\" \/>\n<meta property=\"og:site_name\" content=\"Tralleskop\" \/>\n<meta property=\"article:published_time\" content=\"2026-05-02T00:15:08+00:00\" \/>\n<meta name=\"author\" content=\"Yapay Zeka\" \/>\n<meta name=\"twitter:card\" content=\"summary_large_image\" \/>\n<meta name=\"twitter:label1\" content=\"Yazan:\" \/>\n\t<meta name=\"twitter:data1\" content=\"Yapay Zeka\" \/>\n\t<meta name=\"twitter:label2\" content=\"Tahmini okuma s\u00fcresi\" \/>\n\t<meta name=\"twitter:data2\" content=\"1 dakika\" \/>\n<script type=\"application\/ld+json\" class=\"yoast-schema-graph\">{\"@context\":\"https:\\\/\\\/schema.org\",\"@graph\":[{\"@type\":\"Article\",\"@id\":\"https:\\\/\\\/tralleskop.com\\\/index.php\\\/2026\\\/05\\\/02\\\/kongre-rekor-suren-kapanmayi-sonlandiriyor-trumpin-masasina-gonderilen-dhs-fonlama-yasasi\\\/#article\",\"isPartOf\":{\"@id\":\"https:\\\/\\\/tralleskop.com\\\/index.php\\\/2026\\\/05\\\/02\\\/kongre-rekor-suren-kapanmayi-sonlandiriyor-trumpin-masasina-gonderilen-dhs-fonlama-yasasi\\\/\"},\"author\":{\"name\":\"Yapay Zeka\",\"@id\":\"https:\\\/\\\/tralleskop.com\\\/#\\\/schema\\\/person\\\/07eabec51c3edefcb97f005e5a24dc85\"},\"headline\":\"Kongre Rekor S\u00fcren Kapanmay\u0131 Sonland\u0131r\u0131yor, Trump&#8217;\u0131n Masas\u0131na G\u00f6nderilen DHS Fonlama Yasas\u0131\",\"datePublished\":\"2026-05-02T00:15:08+00:00\",\"mainEntityOfPage\":{\"@id\":\"https:\\\/\\\/tralleskop.com\\\/index.php\\\/2026\\\/05\\\/02\\\/kongre-rekor-suren-kapanmayi-sonlandiriyor-trumpin-masasina-gonderilen-dhs-fonlama-yasasi\\\/\"},\"wordCount\":176,\"commentCount\":0,\"publisher\":{\"@id\":\"https:\\\/\\\/tralleskop.com\\\/#organization\"},\"image\":{\"@id\":\"https:\\\/\\\/tralleskop.com\\\/index.php\\\/2026\\\/05\\\/02\\\/kongre-rekor-suren-kapanmayi-sonlandiriyor-trumpin-masasina-gonderilen-dhs-fonlama-yasasi\\\/#primaryimage\"},\"thumbnailUrl\":\"https:\\\/\\\/tralleskop.com\\\/wp-content\\\/uploads\\\/2026\\\/05\\\/260417-capitol-hill-ch-1528-1fd938.jpg.jpg\",\"keywords\":[\"Amerika\",\"Ekonomi\",\"kapanma\",\"Kongre\",\"siyaset\"],\"articleSection\":[\"Ayd\u0131n Siyaset\",\"d\u00fcnya\",\"Siyaset\"],\"inLanguage\":\"tr\",\"potentialAction\":[{\"@type\":\"CommentAction\",\"name\":\"Comment\",\"target\":[\"https:\\\/\\\/tralleskop.com\\\/index.php\\\/2026\\\/05\\\/02\\\/kongre-rekor-suren-kapanmayi-sonlandiriyor-trumpin-masasina-gonderilen-dhs-fonlama-yasasi\\\/#respond\"]}]},{\"@type\":\"WebPage\",\"@id\":\"https:\\\/\\\/tralleskop.com\\\/index.php\\\/2026\\\/05\\\/02\\\/kongre-rekor-suren-kapanmayi-sonlandiriyor-trumpin-masasina-gonderilen-dhs-fonlama-yasasi\\\/\",\"url\":\"https:\\\/\\\/tralleskop.com\\\/index.php\\\/2026\\\/05\\\/02\\\/kongre-rekor-suren-kapanmayi-sonlandiriyor-trumpin-masasina-gonderilen-dhs-fonlama-yasasi\\\/\",\"name\":\"Kongre Rekor S\u00fcren Kapanmay\u0131 Sonland\u0131r\u0131yor, Trump'\u0131n Masas\u0131na G\u00f6nderilen DHS Fonlama Yasas\u0131 - Tralleskop\",\"isPartOf\":{\"@id\":\"https:\\\/\\\/tralleskop.com\\\/#website\"},\"primaryImageOfPage\":{\"@id\":\"https:\\\/\\\/tralleskop.com\\\/index.php\\\/2026\\\/05\\\/02\\\/kongre-rekor-suren-kapanmayi-sonlandiriyor-trumpin-masasina-gonderilen-dhs-fonlama-yasasi\\\/#primaryimage\"},\"image\":{\"@id\":\"https:\\\/\\\/tralleskop.com\\\/index.php\\\/2026\\\/05\\\/02\\\/kongre-rekor-suren-kapanmayi-sonlandiriyor-trumpin-masasina-gonderilen-dhs-fonlama-yasasi\\\/#primaryimage\"},\"thumbnailUrl\":\"https:\\\/\\\/tralleskop.com\\\/wp-content\\\/uploads\\\/2026\\\/05\\\/260417-capitol-hill-ch-1528-1fd938.jpg.jpg\",\"datePublished\":\"2026-05-02T00:15:08+00:00\",\"breadcrumb\":{\"@id\":\"https:\\\/\\\/tralleskop.com\\\/index.php\\\/2026\\\/05\\\/02\\\/kongre-rekor-suren-kapanmayi-sonlandiriyor-trumpin-masasina-gonderilen-dhs-fonlama-yasasi\\\/#breadcrumb\"},\"inLanguage\":\"tr\",\"potentialAction\":[{\"@type\":\"ReadAction\",\"target\":[\"https:\\\/\\\/tralleskop.com\\\/index.php\\\/2026\\\/05\\\/02\\\/kongre-rekor-suren-kapanmayi-sonlandiriyor-trumpin-masasina-gonderilen-dhs-fonlama-yasasi\\\/\"]}]},{\"@type\":\"ImageObject\",\"inLanguage\":\"tr\",\"@id\":\"https:\\\/\\\/tralleskop.com\\\/index.php\\\/2026\\\/05\\\/02\\\/kongre-rekor-suren-kapanmayi-sonlandiriyor-trumpin-masasina-gonderilen-dhs-fonlama-yasasi\\\/#primaryimage\",\"url\":\"https:\\\/\\\/tralleskop.com\\\/wp-content\\\/uploads\\\/2026\\\/05\\\/260417-capitol-hill-ch-1528-1fd938.jpg.jpg\",\"contentUrl\":\"https:\\\/\\\/tralleskop.com\\\/wp-content\\\/uploads\\\/2026\\\/05\\\/260417-capitol-hill-ch-1528-1fd938.jpg.jpg\",\"width\":1200,\"height\":630},{\"@type\":\"BreadcrumbList\",\"@id\":\"https:\\\/\\\/tralleskop.com\\\/index.php\\\/2026\\\/05\\\/02\\\/kongre-rekor-suren-kapanmayi-sonlandiriyor-trumpin-masasina-gonderilen-dhs-fonlama-yasasi\\\/#breadcrumb\",\"itemListElement\":[{\"@type\":\"ListItem\",\"position\":1,\"name\":\"Anasayfa\",\"item\":\"https:\\\/\\\/tralleskop.com\\\/\"},{\"@type\":\"ListItem\",\"position\":2,\"name\":\"Kongre Rekor S\u00fcren Kapanmay\u0131 Sonland\u0131r\u0131yor, Trump&#8217;\u0131n Masas\u0131na G\u00f6nderilen DHS Fonlama Yasas\u0131\"}]},{\"@type\":\"WebSite\",\"@id\":\"https:\\\/\\\/tralleskop.com\\\/#website\",\"url\":\"https:\\\/\\\/tralleskop.com\\\/\",\"name\":\"Tralleskop\",\"description\":\"\",\"publisher\":{\"@id\":\"https:\\\/\\\/tralleskop.com\\\/#organization\"},\"potentialAction\":[{\"@type\":\"SearchAction\",\"target\":{\"@type\":\"EntryPoint\",\"urlTemplate\":\"https:\\\/\\\/tralleskop.com\\\/?s={search_term_string}\"},\"query-input\":{\"@type\":\"PropertyValueSpecification\",\"valueRequired\":true,\"valueName\":\"search_term_string\"}}],\"inLanguage\":\"tr\"},{\"@type\":\"Organization\",\"@id\":\"https:\\\/\\\/tralleskop.com\\\/#organization\",\"name\":\"Tralleskop\",\"url\":\"https:\\\/\\\/tralleskop.com\\\/\",\"logo\":{\"@type\":\"ImageObject\",\"inLanguage\":\"tr\",\"@id\":\"https:\\\/\\\/tralleskop.com\\\/#\\\/schema\\\/logo\\\/image\\\/\",\"url\":\"https:\\\/\\\/tralleskop.com\\\/wp-content\\\/uploads\\\/2026\\\/03\\\/logo-1.png\",\"contentUrl\":\"https:\\\/\\\/tralleskop.com\\\/wp-content\\\/uploads\\\/2026\\\/03\\\/logo-1.png\",\"width\":2048,\"height\":2048,\"caption\":\"Tralleskop\"},\"image\":{\"@id\":\"https:\\\/\\\/tralleskop.com\\\/#\\\/schema\\\/logo\\\/image\\\/\"},\"sameAs\":[\"https:\\\/\\\/instagram.com\\\/tralleskop\"]},{\"@type\":\"Person\",\"@id\":\"https:\\\/\\\/tralleskop.com\\\/#\\\/schema\\\/person\\\/07eabec51c3edefcb97f005e5a24dc85\",\"name\":\"Yapay Zeka\",\"image\":{\"@type\":\"ImageObject\",\"inLanguage\":\"tr\",\"@id\":\"https:\\\/\\\/secure.gravatar.com\\\/avatar\\\/e77edf5bd5f891271e5db451c58207840f707caf056fe282ae8443fe299d6b9c?s=96&d=mm&r=g\",\"url\":\"https:\\\/\\\/secure.gravatar.com\\\/avatar\\\/e77edf5bd5f891271e5db451c58207840f707caf056fe282ae8443fe299d6b9c?s=96&d=mm&r=g\",\"contentUrl\":\"https:\\\/\\\/secure.gravatar.com\\\/avatar\\\/e77edf5bd5f891271e5db451c58207840f707caf056fe282ae8443fe299d6b9c?s=96&d=mm&r=g\",\"caption\":\"Yapay Zeka\"},\"url\":\"https:\\\/\\\/tralleskop.com\\\/index.php\\\/author\\\/yapayzeka\\\/\"}]}<\/script>\n<!-- \/ Yoast SEO plugin. -->","yoast_head_json":{"title":"Kongre Rekor S\u00fcren Kapanmay\u0131 Sonland\u0131r\u0131yor, Trump'\u0131n Masas\u0131na G\u00f6nderilen DHS Fonlama Yasas\u0131 - Tralleskop","robots":{"index":"index","follow":"follow","max-snippet":"max-snippet:-1","max-image-preview":"max-image-preview:large","max-video-preview":"max-video-preview:-1"},"canonical":"https:\/\/tralleskop.com\/index.php\/2026\/05\/02\/kongre-rekor-suren-kapanmayi-sonlandiriyor-trumpin-masasina-gonderilen-dhs-fonlama-yasasi\/","og_locale":"tr_TR","og_type":"article","og_title":"Kongre Rekor S\u00fcren Kapanmay\u0131 Sonland\u0131r\u0131yor, Trump'\u0131n Masas\u0131na G\u00f6nderilen DHS Fonlama Yasas\u0131 - Tralleskop","og_description":"Amerika Kongresi, rekor s\u00fcren 75 g\u00fcnl\u00fck kapanmay\u0131 sonland\u0131racak olan DHS fonlama yasas\u0131n\u0131 onaylad\u0131.","og_url":"https:\/\/tralleskop.com\/index.php\/2026\/05\/02\/kongre-rekor-suren-kapanmayi-sonlandiriyor-trumpin-masasina-gonderilen-dhs-fonlama-yasasi\/","og_site_name":"Tralleskop","article_published_time":"2026-05-02T00:15:08+00:00","author":"Yapay Zeka","twitter_card":"summary_large_image","twitter_misc":{"Yazan:":"Yapay Zeka","Tahmini okuma s\u00fcresi":"1 dakika"},"schema":{"@context":"https:\/\/schema.org","@graph":[{"@type":"Article","@id":"https:\/\/tralleskop.com\/index.php\/2026\/05\/02\/kongre-rekor-suren-kapanmayi-sonlandiriyor-trumpin-masasina-gonderilen-dhs-fonlama-yasasi\/#article","isPartOf":{"@id":"https:\/\/tralleskop.com\/index.php\/2026\/05\/02\/kongre-rekor-suren-kapanmayi-sonlandiriyor-trumpin-masasina-gonderilen-dhs-fonlama-yasasi\/"},"author":{"name":"Yapay Zeka","@id":"https:\/\/tralleskop.com\/#\/schema\/person\/07eabec51c3edefcb97f005e5a24dc85"},"headline":"Kongre Rekor S\u00fcren Kapanmay\u0131 Sonland\u0131r\u0131yor, Trump&#8217;\u0131n Masas\u0131na G\u00f6nderilen DHS Fonlama Yasas\u0131","datePublished":"2026-05-02T00:15:08+00:00","mainEntityOfPage":{"@id":"https:\/\/tralleskop.com\/index.php\/2026\/05\/02\/kongre-rekor-suren-kapanmayi-sonlandiriyor-trumpin-masasina-gonderilen-dhs-fonlama-yasasi\/"},"wordCount":176,"commentCount":0,"publisher":{"@id":"https:\/\/tralleskop.com\/#organization"},"image":{"@id":"https:\/\/tralleskop.com\/index.php\/2026\/05\/02\/kongre-rekor-suren-kapanmayi-sonlandiriyor-trumpin-masasina-gonderilen-dhs-fonlama-yasasi\/#primaryimage"},"thumbnailUrl":"https:\/\/tralleskop.com\/wp-content\/uploads\/2026\/05\/260417-capitol-hill-ch-1528-1fd938.jpg.jpg","keywords":["Amerika","Ekonomi","kapanma","Kongre","siyaset"],"articleSection":["Ayd\u0131n Siyaset","d\u00fcnya","Siyaset"],"inLanguage":"tr","potentialAction":[{"@type":"CommentAction","name":"Comment","target":["https:\/\/tralleskop.com\/index.php\/2026\/05\/02\/kongre-rekor-suren-kapanmayi-sonlandiriyor-trumpin-masasina-gonderilen-dhs-fonlama-yasasi\/#respond"]}]},{"@type":"WebPage","@id":"https:\/\/tralleskop.com\/index.php\/2026\/05\/02\/kongre-rekor-suren-kapanmayi-sonlandiriyor-trumpin-masasina-gonderilen-dhs-fonlama-yasasi\/","url":"https:\/\/tralleskop.com\/index.php\/2026\/05\/02\/kongre-rekor-suren-kapanmayi-sonlandiriyor-trumpin-masasina-gonderilen-dhs-fonlama-yasasi\/","name":"Kongre Rekor S\u00fcren Kapanmay\u0131 Sonland\u0131r\u0131yor, Trump'\u0131n Masas\u0131na G\u00f6nderilen DHS Fonlama Yasas\u0131 - Tralleskop","isPartOf":{"@id":"https:\/\/tralleskop.com\/#website"},"primaryImageOfPage":{"@id":"https:\/\/tralleskop.com\/index.php\/2026\/05\/02\/kongre-rekor-suren-kapanmayi-sonlandiriyor-trumpin-masasina-gonderilen-dhs-fonlama-yasasi\/#primaryimage"},"image":{"@id":"https:\/\/tralleskop.com\/index.php\/2026\/05\/02\/kongre-rekor-suren-kapanmayi-sonlandiriyor-trumpin-masasina-gonderilen-dhs-fonlama-yasasi\/#primaryimage"},"thumbnailUrl":"https:\/\/tralleskop.com\/wp-content\/uploads\/2026\/05\/260417-capitol-hill-ch-1528-1fd938.jpg.jpg","datePublished":"2026-05-02T00:15:08+00:00","breadcrumb":{"@id":"https:\/\/tralleskop.com\/index.php\/2026\/05\/02\/kongre-rekor-suren-kapanmayi-sonlandiriyor-trumpin-masasina-gonderilen-dhs-fonlama-yasasi\/#breadcrumb"},"inLanguage":"tr","potentialAction":[{"@type":"ReadAction","target":["https:\/\/tralleskop.com\/index.php\/2026\/05\/02\/kongre-rekor-suren-kapanmayi-sonlandiriyor-trumpin-masasina-gonderilen-dhs-fonlama-yasasi\/"]}]},{"@type":"ImageObject","inLanguage":"tr","@id":"https:\/\/tralleskop.com\/index.php\/2026\/05\/02\/kongre-rekor-suren-kapanmayi-sonlandiriyor-trumpin-masasina-gonderilen-dhs-fonlama-yasasi\/#primaryimage","url":"https:\/\/tralleskop.com\/wp-content\/uploads\/2026\/05\/260417-capitol-hill-ch-1528-1fd938.jpg.jpg","contentUrl":"https:\/\/tralleskop.com\/wp-content\/uploads\/2026\/05\/260417-capitol-hill-ch-1528-1fd938.jpg.jpg","width":1200,"height":630},{"@type":"BreadcrumbList","@id":"https:\/\/tralleskop.com\/index.php\/2026\/05\/02\/kongre-rekor-suren-kapanmayi-sonlandiriyor-trumpin-masasina-gonderilen-dhs-fonlama-yasasi\/#breadcrumb","itemListElement":[{"@type":"ListItem","position":1,"name":"Anasayfa","item":"https:\/\/tralleskop.com\/"},{"@type":"ListItem","position":2,"name":"Kongre Rekor S\u00fcren Kapanmay\u0131 Sonland\u0131r\u0131yor, Trump&#8217;\u0131n Masas\u0131na G\u00f6nderilen DHS Fonlama Yasas\u0131"}]},{"@type":"WebSite","@id":"https:\/\/tralleskop.com\/#website","url":"https:\/\/tralleskop.com\/","name":"Tralleskop","description":"","publisher":{"@id":"https:\/\/tralleskop.com\/#organization"},"potentialAction":[{"@type":"SearchAction","target":{"@type":"EntryPoint","urlTemplate":"https:\/\/tralleskop.com\/?s={search_term_string}"},"query-input":{"@type":"PropertyValueSpecification","valueRequired":true,"valueName":"search_term_string"}}],"inLanguage":"tr"},{"@type":"Organization","@id":"https:\/\/tralleskop.com\/#organization","name":"Tralleskop","url":"https:\/\/tralleskop.com\/","logo":{"@type":"ImageObject","inLanguage":"tr","@id":"https:\/\/tralleskop.com\/#\/schema\/logo\/image\/","url":"https:\/\/tralleskop.com\/wp-content\/uploads\/2026\/03\/logo-1.png","contentUrl":"https:\/\/tralleskop.com\/wp-content\/uploads\/2026\/03\/logo-1.png","width":2048,"height":2048,"caption":"Tralleskop"},"image":{"@id":"https:\/\/tralleskop.com\/#\/schema\/logo\/image\/"},"sameAs":["https:\/\/instagram.com\/tralleskop"]},{"@type":"Person","@id":"https:\/\/tralleskop.com\/#\/schema\/person\/07eabec51c3edefcb97f005e5a24dc85","name":"Yapay Zeka","image":{"@type":"ImageObject","inLanguage":"tr","@id":"https:\/\/secure.gravatar.com\/avatar\/e77edf5bd5f891271e5db451c58207840f707caf056fe282ae8443fe299d6b9c?s=96&d=mm&r=g","url":"https:\/\/secure.gravatar.com\/avatar\/e77edf5bd5f891271e5db451c58207840f707caf056fe282ae8443fe299d6b9c?s=96&d=mm&r=g","contentUrl":"https:\/\/secure.gravatar.com\/avatar\/e77edf5bd5f891271e5db451c58207840f707caf056fe282ae8443fe299d6b9c?s=96&d=mm&r=g","caption":"Yapay Zeka"},"url":"https:\/\/tralleskop.com\/index.php\/author\/yapayzeka\/"}]}},"jetpack_featured_media_url":"https:\/\/tralleskop.com\/wp-content\/uploads\/2026\/05\/260417-capitol-hill-ch-1528-1fd938.jpg.jpg","_links":{"self":[{"href":"https:\/\/tralleskop.com\/index.php\/wp-json\/wp\/v2\/posts\/530","targetHints":{"allow":["GET"]}}],"collection":[{"href":"https:\/\/tralleskop.com\/index.php\/wp-json\/wp\/v2\/posts"}],"about":[{"href":"https:\/\/tralleskop.com\/index.php\/wp-json\/wp\/v2\/types\/post"}],"author":[{"embeddable":true,"href":"https:\/\/tralleskop.com\/index.php\/wp-json\/wp\/v2\/users\/3"}],"replies":[{"embeddable":true,"href":"https:\/\/tralleskop.com\/index.php\/wp-json\/wp\/v2\/comments?post=530"}],"version-history":[{"count":0,"href":"https:\/\/tralleskop.com\/index.php\/wp-json\/wp\/v2\/posts\/530\/revisions"}],"wp:featuredmedia":[{"embeddable":true,"href":"https:\/\/tralleskop.com\/index.php\/wp-json\/wp\/v2\/media\/531"}],"wp:attachment":[{"href":"https:\/\/tralleskop.com\/index.php\/wp-json\/wp\/v2\/media?parent=530"}],"wp:term":[{"taxonomy":"category","embeddable":true,"href":"https:\/\/tralleskop.com\/index.php\/wp-json\/wp\/v2\/categories?post=530"},{"taxonomy":"post_tag","embeddable":true,"href":"https:\/\/tralleskop.com\/index.php\/wp-json\/wp\/v2\/tags?post=530"}],"curies":[{"name":"wp","href":"https:\/\/api.w.org\/{rel}","templated":true}]}}