{"id":524,"date":"2026-05-02T02:30:07","date_gmt":"2026-05-01T23:30:07","guid":{"rendered":"https:\/\/tralleskop.com\/index.php\/2026\/05\/02\/venedik-bienali-jurisi-acilis-oncesinde-istifa-ediyor\/"},"modified":"2026-05-02T02:30:07","modified_gmt":"2026-05-01T23:30:07","slug":"venedik-bienali-jurisi-acilis-oncesinde-istifa-ediyor","status":"publish","type":"post","link":"https:\/\/tralleskop.com\/index.php\/2026\/05\/02\/venedik-bienali-jurisi-acilis-oncesinde-istifa-ediyor\/","title":{"rendered":"Venedik Bienali J\u00fcrisi A\u00e7\u0131l\u0131\u015f \u00d6ncesinde \u0130stifa Ediyor"},"content":{"rendered":"<h1>Venedik Bienali J\u00fcrisi A\u00e7\u0131l\u0131\u015f \u00d6ncesinde \u0130stifa Ediyor<\/h1>\n<p>Venedik Bienali&#8217;nin j\u00fcrisi, a\u00e7\u0131l\u0131\u015f \u00f6ncesi s\u00fcrpriz bir kararla istifa etti. J\u00fcri \u00dcyeleri, \u0130srail ve Rus sanat\u00e7\u0131lar\u0131n sergiden \u00e7\u0131kar\u0131lmas\u0131na ili\u015fkin al\u0131nan karara y\u00f6nelik ele\u015ftirilere\u0e15\u0e2d\u0e1a olarak bu karar\u0131 ald\u0131.<\/p>\n<h2><b>Ele\u015ftirilerin Ard\u0131ndan \u0130stifa<\/b><\/h2>\n<p>J\u00fcri \u00fcyelerinin istifas\u0131, Venedik Bienali&#8217;nin a\u00e7\u0131l\u0131\u015f\u0131na \u043b\u0438\u0448\u044c birka\u00e7 g\u00fcn kala ger\u00e7ekle\u015fti. J\u00fcri, sergiye kat\u0131lacak sanat\u00e7\u0131lar\u0131 se\u00e7mekle g\u00f6revliydi ancak \u0130srail ve Rus sanat\u00e7\u0131lar\u0131n d\u0131\u015flanmas\u0131 karar\u0131 ciddi ele\u015ftirilere maruz kald\u0131.<\/p>\n<h3><b>Sanat\u00e7\u0131lar\u0131n D\u0131\u015flanmas\u0131<\/b><\/h3>\n<p>\u0130srail ve Rus sanat\u00e7\u0131lar\u0131n sergi d\u0131\u015f\u0131na \u00e7\u0131kar\u0131lmas\u0131na karar verilmesi, uluslararas\u0131 sanat camias\u0131nda b\u00fcy\u00fck yank\u0131 uyand\u0131rd\u0131. Bir\u00e7ok sanat\u00e7\u0131 ve sanatsever, bu karar\u0131n politik ama\u00e7l\u0131 oldu\u011funuz ve sanat\u0131n tarafs\u0131zl\u0131\u011f\u0131n\u0131 bozdu\u011funu belirtti.<\/p>\n<h2><b>Analiz<\/b><\/h2>\n<p>J\u00fcri \u00fcyelerinin istifas\u0131, Venedik Bienali&#8217;nin itibar\u0131na zarar verebilecek bir geli\u015fme olarak g\u00f6r\u00fcl\u00fcyor. Sanat\u0131n politikayla\u6df7 kar\u0131\u015fmamas\u0131 gerekti\u011fi vurgulan\u0131rken, bu t\u00fcr kararlar\u0131n sanat\u0131n \u00f6zg\u00fcrl\u00fc\u011f\u00fcn\u00fc s\u0131n\u0131rland\u0131rabilece\u011fi belirtildi.<\/p>\n","protected":false},"excerpt":{"rendered":"<p>Venedik Bienali j\u00fcrisi, \u0130srail ve Rus sanat\u00e7\u0131lar\u0131n sergi d\u0131\u015f\u0131na \u00e7\u0131kar\u0131lmas\u0131na y\u00f6nelik ele\u015ftirilere yan\u0131t olarak istifa etti.<\/p>\n","protected":false},"author":3,"featured_media":525,"comment_status":"open","ping_status":"open","sticky":false,"template":"","format":"standard","meta":{"googlesitekit_rrm_CAow15e3DA:productID":"","_coblocks_attr":"","_coblocks_dimensions":"","_coblocks_responsive_height":"","_coblocks_accordion_ie_support":"","_ai_summary":"","_external_image_url":"https:\/\/img1-azrcdn.newser.com\/image\/1681902-12-20260430135732.jpeg","footnotes":""},"categories":[5,49,40],"tags":[166,178,177,179,79,176],"class_list":["post-524","post","type-post","status-publish","format-standard","has-post-thumbnail","hentry","category-dunya","category-aydin-kultur","category-kultur-sanat","tag-israil-2","tag-istifa","tag-juri","tag-rusya","tag-sanat","tag-venedik-bienali"],"yoast_head":"<!-- This site is optimized with the Yoast SEO plugin v27.5 - https:\/\/yoast.com\/product\/yoast-seo-wordpress\/ -->\n<title>Venedik Bienali J\u00fcrisi A\u00e7\u0131l\u0131\u015f \u00d6ncesinde \u0130stifa Ediyor - Tralleskop<\/title>\n<meta name=\"robots\" content=\"index, follow, max-snippet:-1, max-image-preview:large, max-video-preview:-1\" \/>\n<link rel=\"canonical\" href=\"https:\/\/tralleskop.com\/index.php\/2026\/05\/02\/venedik-bienali-jurisi-acilis-oncesinde-istifa-ediyor\/\" \/>\n<meta property=\"og:locale\" content=\"tr_TR\" \/>\n<meta property=\"og:type\" content=\"article\" \/>\n<meta property=\"og:title\" content=\"Venedik Bienali J\u00fcrisi A\u00e7\u0131l\u0131\u015f \u00d6ncesinde \u0130stifa Ediyor - Tralleskop\" \/>\n<meta property=\"og:description\" content=\"Venedik Bienali j\u00fcrisi, \u0130srail ve Rus sanat\u00e7\u0131lar\u0131n sergi d\u0131\u015f\u0131na \u00e7\u0131kar\u0131lmas\u0131na y\u00f6nelik ele\u015ftirilere yan\u0131t olarak istifa etti.\" \/>\n<meta property=\"og:url\" content=\"https:\/\/tralleskop.com\/index.php\/2026\/05\/02\/venedik-bienali-jurisi-acilis-oncesinde-istifa-ediyor\/\" \/>\n<meta property=\"og:site_name\" content=\"Tralleskop\" \/>\n<meta property=\"article:published_time\" content=\"2026-05-01T23:30:07+00:00\" \/>\n<meta name=\"author\" content=\"Yapay Zeka\" \/>\n<meta name=\"twitter:card\" content=\"summary_large_image\" \/>\n<meta name=\"twitter:label1\" content=\"Yazan:\" \/>\n\t<meta name=\"twitter:data1\" content=\"Yapay Zeka\" \/>\n\t<meta name=\"twitter:label2\" content=\"Tahmini okuma s\u00fcresi\" \/>\n\t<meta name=\"twitter:data2\" content=\"1 dakika\" \/>\n<script type=\"application\/ld+json\" class=\"yoast-schema-graph\">{\"@context\":\"https:\\\/\\\/schema.org\",\"@graph\":[{\"@type\":\"Article\",\"@id\":\"https:\\\/\\\/tralleskop.com\\\/index.php\\\/2026\\\/05\\\/02\\\/venedik-bienali-jurisi-acilis-oncesinde-istifa-ediyor\\\/#article\",\"isPartOf\":{\"@id\":\"https:\\\/\\\/tralleskop.com\\\/index.php\\\/2026\\\/05\\\/02\\\/venedik-bienali-jurisi-acilis-oncesinde-istifa-ediyor\\\/\"},\"author\":{\"name\":\"Yapay Zeka\",\"@id\":\"https:\\\/\\\/tralleskop.com\\\/#\\\/schema\\\/person\\\/07eabec51c3edefcb97f005e5a24dc85\"},\"headline\":\"Venedik Bienali J\u00fcrisi A\u00e7\u0131l\u0131\u015f \u00d6ncesinde \u0130stifa Ediyor\",\"datePublished\":\"2026-05-01T23:30:07+00:00\",\"mainEntityOfPage\":{\"@id\":\"https:\\\/\\\/tralleskop.com\\\/index.php\\\/2026\\\/05\\\/02\\\/venedik-bienali-jurisi-acilis-oncesinde-istifa-ediyor\\\/\"},\"wordCount\":239,\"commentCount\":0,\"publisher\":{\"@id\":\"https:\\\/\\\/tralleskop.com\\\/#organization\"},\"image\":{\"@id\":\"https:\\\/\\\/tralleskop.com\\\/index.php\\\/2026\\\/05\\\/02\\\/venedik-bienali-jurisi-acilis-oncesinde-istifa-ediyor\\\/#primaryimage\"},\"thumbnailUrl\":\"https:\\\/\\\/tralleskop.com\\\/wp-content\\\/uploads\\\/2026\\\/05\\\/1681902-12-20260430135732.jpeg.jpg\",\"keywords\":[\"\u0130srail\",\"istifa\",\"j\u00fcri\",\"Rusya\",\"Sanat\",\"Venedik Bienali\"],\"articleSection\":[\"d\u00fcnya\",\"K\u00fclt\u00fcr\",\"K\u00fclt\u00fcr Sanat\"],\"inLanguage\":\"tr\",\"potentialAction\":[{\"@type\":\"CommentAction\",\"name\":\"Comment\",\"target\":[\"https:\\\/\\\/tralleskop.com\\\/index.php\\\/2026\\\/05\\\/02\\\/venedik-bienali-jurisi-acilis-oncesinde-istifa-ediyor\\\/#respond\"]}]},{\"@type\":\"WebPage\",\"@id\":\"https:\\\/\\\/tralleskop.com\\\/index.php\\\/2026\\\/05\\\/02\\\/venedik-bienali-jurisi-acilis-oncesinde-istifa-ediyor\\\/\",\"url\":\"https:\\\/\\\/tralleskop.com\\\/index.php\\\/2026\\\/05\\\/02\\\/venedik-bienali-jurisi-acilis-oncesinde-istifa-ediyor\\\/\",\"name\":\"Venedik Bienali J\u00fcrisi A\u00e7\u0131l\u0131\u015f \u00d6ncesinde \u0130stifa Ediyor - Tralleskop\",\"isPartOf\":{\"@id\":\"https:\\\/\\\/tralleskop.com\\\/#website\"},\"primaryImageOfPage\":{\"@id\":\"https:\\\/\\\/tralleskop.com\\\/index.php\\\/2026\\\/05\\\/02\\\/venedik-bienali-jurisi-acilis-oncesinde-istifa-ediyor\\\/#primaryimage\"},\"image\":{\"@id\":\"https:\\\/\\\/tralleskop.com\\\/index.php\\\/2026\\\/05\\\/02\\\/venedik-bienali-jurisi-acilis-oncesinde-istifa-ediyor\\\/#primaryimage\"},\"thumbnailUrl\":\"https:\\\/\\\/tralleskop.com\\\/wp-content\\\/uploads\\\/2026\\\/05\\\/1681902-12-20260430135732.jpeg.jpg\",\"datePublished\":\"2026-05-01T23:30:07+00:00\",\"breadcrumb\":{\"@id\":\"https:\\\/\\\/tralleskop.com\\\/index.php\\\/2026\\\/05\\\/02\\\/venedik-bienali-jurisi-acilis-oncesinde-istifa-ediyor\\\/#breadcrumb\"},\"inLanguage\":\"tr\",\"potentialAction\":[{\"@type\":\"ReadAction\",\"target\":[\"https:\\\/\\\/tralleskop.com\\\/index.php\\\/2026\\\/05\\\/02\\\/venedik-bienali-jurisi-acilis-oncesinde-istifa-ediyor\\\/\"]}]},{\"@type\":\"ImageObject\",\"inLanguage\":\"tr\",\"@id\":\"https:\\\/\\\/tralleskop.com\\\/index.php\\\/2026\\\/05\\\/02\\\/venedik-bienali-jurisi-acilis-oncesinde-istifa-ediyor\\\/#primaryimage\",\"url\":\"https:\\\/\\\/tralleskop.com\\\/wp-content\\\/uploads\\\/2026\\\/05\\\/1681902-12-20260430135732.jpeg.jpg\",\"contentUrl\":\"https:\\\/\\\/tralleskop.com\\\/wp-content\\\/uploads\\\/2026\\\/05\\\/1681902-12-20260430135732.jpeg.jpg\",\"width\":1080,\"height\":720},{\"@type\":\"BreadcrumbList\",\"@id\":\"https:\\\/\\\/tralleskop.com\\\/index.php\\\/2026\\\/05\\\/02\\\/venedik-bienali-jurisi-acilis-oncesinde-istifa-ediyor\\\/#breadcrumb\",\"itemListElement\":[{\"@type\":\"ListItem\",\"position\":1,\"name\":\"Anasayfa\",\"item\":\"https:\\\/\\\/tralleskop.com\\\/\"},{\"@type\":\"ListItem\",\"position\":2,\"name\":\"Venedik Bienali J\u00fcrisi A\u00e7\u0131l\u0131\u015f \u00d6ncesinde \u0130stifa Ediyor\"}]},{\"@type\":\"WebSite\",\"@id\":\"https:\\\/\\\/tralleskop.com\\\/#website\",\"url\":\"https:\\\/\\\/tralleskop.com\\\/\",\"name\":\"Tralleskop\",\"description\":\"\",\"publisher\":{\"@id\":\"https:\\\/\\\/tralleskop.com\\\/#organization\"},\"potentialAction\":[{\"@type\":\"SearchAction\",\"target\":{\"@type\":\"EntryPoint\",\"urlTemplate\":\"https:\\\/\\\/tralleskop.com\\\/?s={search_term_string}\"},\"query-input\":{\"@type\":\"PropertyValueSpecification\",\"valueRequired\":true,\"valueName\":\"search_term_string\"}}],\"inLanguage\":\"tr\"},{\"@type\":\"Organization\",\"@id\":\"https:\\\/\\\/tralleskop.com\\\/#organization\",\"name\":\"Tralleskop\",\"url\":\"https:\\\/\\\/tralleskop.com\\\/\",\"logo\":{\"@type\":\"ImageObject\",\"inLanguage\":\"tr\",\"@id\":\"https:\\\/\\\/tralleskop.com\\\/#\\\/schema\\\/logo\\\/image\\\/\",\"url\":\"https:\\\/\\\/tralleskop.com\\\/wp-content\\\/uploads\\\/2026\\\/03\\\/logo-1.png\",\"contentUrl\":\"https:\\\/\\\/tralleskop.com\\\/wp-content\\\/uploads\\\/2026\\\/03\\\/logo-1.png\",\"width\":2048,\"height\":2048,\"caption\":\"Tralleskop\"},\"image\":{\"@id\":\"https:\\\/\\\/tralleskop.com\\\/#\\\/schema\\\/logo\\\/image\\\/\"},\"sameAs\":[\"https:\\\/\\\/instagram.com\\\/tralleskop\"]},{\"@type\":\"Person\",\"@id\":\"https:\\\/\\\/tralleskop.com\\\/#\\\/schema\\\/person\\\/07eabec51c3edefcb97f005e5a24dc85\",\"name\":\"Yapay Zeka\",\"image\":{\"@type\":\"ImageObject\",\"inLanguage\":\"tr\",\"@id\":\"https:\\\/\\\/secure.gravatar.com\\\/avatar\\\/e77edf5bd5f891271e5db451c58207840f707caf056fe282ae8443fe299d6b9c?s=96&d=mm&r=g\",\"url\":\"https:\\\/\\\/secure.gravatar.com\\\/avatar\\\/e77edf5bd5f891271e5db451c58207840f707caf056fe282ae8443fe299d6b9c?s=96&d=mm&r=g\",\"contentUrl\":\"https:\\\/\\\/secure.gravatar.com\\\/avatar\\\/e77edf5bd5f891271e5db451c58207840f707caf056fe282ae8443fe299d6b9c?s=96&d=mm&r=g\",\"caption\":\"Yapay Zeka\"},\"url\":\"https:\\\/\\\/tralleskop.com\\\/index.php\\\/author\\\/yapayzeka\\\/\"}]}<\/script>\n<!-- \/ Yoast SEO plugin. -->","yoast_head_json":{"title":"Venedik Bienali J\u00fcrisi A\u00e7\u0131l\u0131\u015f \u00d6ncesinde \u0130stifa Ediyor - Tralleskop","robots":{"index":"index","follow":"follow","max-snippet":"max-snippet:-1","max-image-preview":"max-image-preview:large","max-video-preview":"max-video-preview:-1"},"canonical":"https:\/\/tralleskop.com\/index.php\/2026\/05\/02\/venedik-bienali-jurisi-acilis-oncesinde-istifa-ediyor\/","og_locale":"tr_TR","og_type":"article","og_title":"Venedik Bienali J\u00fcrisi A\u00e7\u0131l\u0131\u015f \u00d6ncesinde \u0130stifa Ediyor - Tralleskop","og_description":"Venedik Bienali j\u00fcrisi, \u0130srail ve Rus sanat\u00e7\u0131lar\u0131n sergi d\u0131\u015f\u0131na \u00e7\u0131kar\u0131lmas\u0131na y\u00f6nelik ele\u015ftirilere yan\u0131t olarak istifa etti.","og_url":"https:\/\/tralleskop.com\/index.php\/2026\/05\/02\/venedik-bienali-jurisi-acilis-oncesinde-istifa-ediyor\/","og_site_name":"Tralleskop","article_published_time":"2026-05-01T23:30:07+00:00","author":"Yapay Zeka","twitter_card":"summary_large_image","twitter_misc":{"Yazan:":"Yapay Zeka","Tahmini okuma s\u00fcresi":"1 dakika"},"schema":{"@context":"https:\/\/schema.org","@graph":[{"@type":"Article","@id":"https:\/\/tralleskop.com\/index.php\/2026\/05\/02\/venedik-bienali-jurisi-acilis-oncesinde-istifa-ediyor\/#article","isPartOf":{"@id":"https:\/\/tralleskop.com\/index.php\/2026\/05\/02\/venedik-bienali-jurisi-acilis-oncesinde-istifa-ediyor\/"},"author":{"name":"Yapay Zeka","@id":"https:\/\/tralleskop.com\/#\/schema\/person\/07eabec51c3edefcb97f005e5a24dc85"},"headline":"Venedik Bienali J\u00fcrisi A\u00e7\u0131l\u0131\u015f \u00d6ncesinde \u0130stifa Ediyor","datePublished":"2026-05-01T23:30:07+00:00","mainEntityOfPage":{"@id":"https:\/\/tralleskop.com\/index.php\/2026\/05\/02\/venedik-bienali-jurisi-acilis-oncesinde-istifa-ediyor\/"},"wordCount":239,"commentCount":0,"publisher":{"@id":"https:\/\/tralleskop.com\/#organization"},"image":{"@id":"https:\/\/tralleskop.com\/index.php\/2026\/05\/02\/venedik-bienali-jurisi-acilis-oncesinde-istifa-ediyor\/#primaryimage"},"thumbnailUrl":"https:\/\/tralleskop.com\/wp-content\/uploads\/2026\/05\/1681902-12-20260430135732.jpeg.jpg","keywords":["\u0130srail","istifa","j\u00fcri","Rusya","Sanat","Venedik Bienali"],"articleSection":["d\u00fcnya","K\u00fclt\u00fcr","K\u00fclt\u00fcr Sanat"],"inLanguage":"tr","potentialAction":[{"@type":"CommentAction","name":"Comment","target":["https:\/\/tralleskop.com\/index.php\/2026\/05\/02\/venedik-bienali-jurisi-acilis-oncesinde-istifa-ediyor\/#respond"]}]},{"@type":"WebPage","@id":"https:\/\/tralleskop.com\/index.php\/2026\/05\/02\/venedik-bienali-jurisi-acilis-oncesinde-istifa-ediyor\/","url":"https:\/\/tralleskop.com\/index.php\/2026\/05\/02\/venedik-bienali-jurisi-acilis-oncesinde-istifa-ediyor\/","name":"Venedik Bienali J\u00fcrisi A\u00e7\u0131l\u0131\u015f \u00d6ncesinde \u0130stifa Ediyor - Tralleskop","isPartOf":{"@id":"https:\/\/tralleskop.com\/#website"},"primaryImageOfPage":{"@id":"https:\/\/tralleskop.com\/index.php\/2026\/05\/02\/venedik-bienali-jurisi-acilis-oncesinde-istifa-ediyor\/#primaryimage"},"image":{"@id":"https:\/\/tralleskop.com\/index.php\/2026\/05\/02\/venedik-bienali-jurisi-acilis-oncesinde-istifa-ediyor\/#primaryimage"},"thumbnailUrl":"https:\/\/tralleskop.com\/wp-content\/uploads\/2026\/05\/1681902-12-20260430135732.jpeg.jpg","datePublished":"2026-05-01T23:30:07+00:00","breadcrumb":{"@id":"https:\/\/tralleskop.com\/index.php\/2026\/05\/02\/venedik-bienali-jurisi-acilis-oncesinde-istifa-ediyor\/#breadcrumb"},"inLanguage":"tr","potentialAction":[{"@type":"ReadAction","target":["https:\/\/tralleskop.com\/index.php\/2026\/05\/02\/venedik-bienali-jurisi-acilis-oncesinde-istifa-ediyor\/"]}]},{"@type":"ImageObject","inLanguage":"tr","@id":"https:\/\/tralleskop.com\/index.php\/2026\/05\/02\/venedik-bienali-jurisi-acilis-oncesinde-istifa-ediyor\/#primaryimage","url":"https:\/\/tralleskop.com\/wp-content\/uploads\/2026\/05\/1681902-12-20260430135732.jpeg.jpg","contentUrl":"https:\/\/tralleskop.com\/wp-content\/uploads\/2026\/05\/1681902-12-20260430135732.jpeg.jpg","width":1080,"height":720},{"@type":"BreadcrumbList","@id":"https:\/\/tralleskop.com\/index.php\/2026\/05\/02\/venedik-bienali-jurisi-acilis-oncesinde-istifa-ediyor\/#breadcrumb","itemListElement":[{"@type":"ListItem","position":1,"name":"Anasayfa","item":"https:\/\/tralleskop.com\/"},{"@type":"ListItem","position":2,"name":"Venedik Bienali J\u00fcrisi A\u00e7\u0131l\u0131\u015f \u00d6ncesinde \u0130stifa Ediyor"}]},{"@type":"WebSite","@id":"https:\/\/tralleskop.com\/#website","url":"https:\/\/tralleskop.com\/","name":"Tralleskop","description":"","publisher":{"@id":"https:\/\/tralleskop.com\/#organization"},"potentialAction":[{"@type":"SearchAction","target":{"@type":"EntryPoint","urlTemplate":"https:\/\/tralleskop.com\/?s={search_term_string}"},"query-input":{"@type":"PropertyValueSpecification","valueRequired":true,"valueName":"search_term_string"}}],"inLanguage":"tr"},{"@type":"Organization","@id":"https:\/\/tralleskop.com\/#organization","name":"Tralleskop","url":"https:\/\/tralleskop.com\/","logo":{"@type":"ImageObject","inLanguage":"tr","@id":"https:\/\/tralleskop.com\/#\/schema\/logo\/image\/","url":"https:\/\/tralleskop.com\/wp-content\/uploads\/2026\/03\/logo-1.png","contentUrl":"https:\/\/tralleskop.com\/wp-content\/uploads\/2026\/03\/logo-1.png","width":2048,"height":2048,"caption":"Tralleskop"},"image":{"@id":"https:\/\/tralleskop.com\/#\/schema\/logo\/image\/"},"sameAs":["https:\/\/instagram.com\/tralleskop"]},{"@type":"Person","@id":"https:\/\/tralleskop.com\/#\/schema\/person\/07eabec51c3edefcb97f005e5a24dc85","name":"Yapay Zeka","image":{"@type":"ImageObject","inLanguage":"tr","@id":"https:\/\/secure.gravatar.com\/avatar\/e77edf5bd5f891271e5db451c58207840f707caf056fe282ae8443fe299d6b9c?s=96&d=mm&r=g","url":"https:\/\/secure.gravatar.com\/avatar\/e77edf5bd5f891271e5db451c58207840f707caf056fe282ae8443fe299d6b9c?s=96&d=mm&r=g","contentUrl":"https:\/\/secure.gravatar.com\/avatar\/e77edf5bd5f891271e5db451c58207840f707caf056fe282ae8443fe299d6b9c?s=96&d=mm&r=g","caption":"Yapay Zeka"},"url":"https:\/\/tralleskop.com\/index.php\/author\/yapayzeka\/"}]}},"jetpack_featured_media_url":"https:\/\/tralleskop.com\/wp-content\/uploads\/2026\/05\/1681902-12-20260430135732.jpeg.jpg","_links":{"self":[{"href":"https:\/\/tralleskop.com\/index.php\/wp-json\/wp\/v2\/posts\/524","targetHints":{"allow":["GET"]}}],"collection":[{"href":"https:\/\/tralleskop.com\/index.php\/wp-json\/wp\/v2\/posts"}],"about":[{"href":"https:\/\/tralleskop.com\/index.php\/wp-json\/wp\/v2\/types\/post"}],"author":[{"embeddable":true,"href":"https:\/\/tralleskop.com\/index.php\/wp-json\/wp\/v2\/users\/3"}],"replies":[{"embeddable":true,"href":"https:\/\/tralleskop.com\/index.php\/wp-json\/wp\/v2\/comments?post=524"}],"version-history":[{"count":0,"href":"https:\/\/tralleskop.com\/index.php\/wp-json\/wp\/v2\/posts\/524\/revisions"}],"wp:featuredmedia":[{"embeddable":true,"href":"https:\/\/tralleskop.com\/index.php\/wp-json\/wp\/v2\/media\/525"}],"wp:attachment":[{"href":"https:\/\/tralleskop.com\/index.php\/wp-json\/wp\/v2\/media?parent=524"}],"wp:term":[{"taxonomy":"category","embeddable":true,"href":"https:\/\/tralleskop.com\/index.php\/wp-json\/wp\/v2\/categories?post=524"},{"taxonomy":"post_tag","embeddable":true,"href":"https:\/\/tralleskop.com\/index.php\/wp-json\/wp\/v2\/tags?post=524"}],"curies":[{"name":"wp","href":"https:\/\/api.w.org\/{rel}","templated":true}]}}