{"id":517,"date":"2026-05-02T01:30:07","date_gmt":"2026-05-01T22:30:07","guid":{"rendered":"https:\/\/tralleskop.com\/index.php\/2026\/05\/02\/israil-forcesi-gazze-yardim-filosunu-engelledi\/"},"modified":"2026-05-02T01:30:07","modified_gmt":"2026-05-01T22:30:07","slug":"israil-forcesi-gazze-yardim-filosunu-engelledi","status":"publish","type":"post","link":"https:\/\/tralleskop.com\/index.php\/2026\/05\/02\/israil-forcesi-gazze-yardim-filosunu-engelledi\/","title":{"rendered":"\u0130srail Forces\u0131 Gazze Yard\u0131m Filosunu Engelledi"},"content":{"rendered":"<h1>\u0130srail Forces\u0131 Gazze Yard\u0131m Filosunu Engelledi<\/h1>\n<p>\u0130srail l\u1ef1clerinin, Gazze&#8217;deki ablukay\u0131 k\u0131rmaya \u00e7al\u0131\u015fan aktivistlerin filosunu, Girit adas\u0131n\u0131n yak\u0131n\u0131nda engelledi\u011fi bildirildi. Global Sumud Filosu, bu ay\u0131n ba\u015f\u0131nda Barselona&#8217;dan hareket etmi\u015fti. Organizat\u00f6rler, filodaki 70&#8217;den fazla botun&#8230;<\/p>\n<h2>**Geli\u015fmeler**<\/h2>\n<p>Filoya kat\u0131lan aktivistler, \u0130srail&#8217;in Gazze&#8217;deki deniz ablukas\u0131n\u0131 k\u0131rmaya \u00e7al\u0131\u015f\u0131yordu. \u0130srail l\u1ef1clerinin, filoyu engelledi\u011fi ve aktivistleri Yunanistan&#8217;a b\u0131rakma plan\u0131ildi\u011fi \u00f6\u011frenildi.<\/p>\n<h3>**Arka Plan**<\/h3>\n<p>Gazze&#8217;deki humanitarian kriz, y\u0131llard\u0131r s\u00fcren \u0130srail-Palestine \u00e7at\u0131\u015fmas\u0131n\u0131n bir sonucu. \u0130srail, Gazze&#8217;de ya\u015fayan insanlar\u0131n ya\u015fam ko\u015fullar\u0131n\u0131 iyile\u015ftirmek i\u00e7in bir\u00e7ok kez \u00e7a\u011fr\u0131da bulundu.<\/p>\n<h2>**Analiz**<\/h2>\n<p>Bu geli\u015fme, \u0130srail-Palestine \u00e7at\u0131\u015fmas\u0131n\u0131n devam etti\u011fini g\u00f6steriyor. \u0130srail&#8217;in Gazze&#8217;deki ablukas\u0131, bir\u00e7ok insan hakk\u0131 ihlallerine neden oluyor. Bu durum, uluslararas\u0131 toplumun dikkatini \u00e7ekmeye devam ediyor.<\/p>\n","protected":false},"excerpt":{"rendered":"<p>\u0130srail l\u1ef1cleri, Gazze&#8217;deki ablukay\u0131 k\u0131rmaya \u00e7al\u0131\u015fan aktivistlerin filosunu engelledi.<\/p>\n","protected":false},"author":3,"featured_media":518,"comment_status":"open","ping_status":"open","sticky":false,"template":"","format":"standard","meta":{"googlesitekit_rrm_CAow15e3DA:productID":"","_coblocks_attr":"","_coblocks_dimensions":"","_coblocks_responsive_height":"","_coblocks_accordion_ie_support":"","_ai_summary":"","_external_image_url":"https:\/\/dims.apnews.com\/dims4\/default\/c9e394b\/2147483647\/strip\/true\/crop\/8640x5757+0+1\/resize\/980x653!\/quality\/90\/?url=https%3A%2F%2Fassets.apnews.com%2Fa2%2F53%2Fc6d7113c5f6124f8f03e187d33d3%2Ff07f05b30f8f4862bc56214805b68e3c","footnotes":""},"categories":[50,5,26],"tags":[168,169,170,167,166],"class_list":["post-517","post","type-post","status-publish","format-standard","has-post-thumbnail","hentry","category-aydin-siyaset","category-dunya","category-siyaset","tag-abluka","tag-activistler","tag-filo","tag-gazze","tag-israil-2"],"yoast_head":"<!-- This site is optimized with the Yoast SEO plugin v27.5 - https:\/\/yoast.com\/product\/yoast-seo-wordpress\/ -->\n<title>\u0130srail Forces\u0131 Gazze Yard\u0131m Filosunu Engelledi - Tralleskop<\/title>\n<meta name=\"robots\" content=\"index, follow, max-snippet:-1, max-image-preview:large, max-video-preview:-1\" \/>\n<link rel=\"canonical\" href=\"https:\/\/tralleskop.com\/index.php\/2026\/05\/02\/israil-forcesi-gazze-yardim-filosunu-engelledi\/\" \/>\n<meta property=\"og:locale\" content=\"tr_TR\" \/>\n<meta property=\"og:type\" content=\"article\" \/>\n<meta property=\"og:title\" content=\"\u0130srail Forces\u0131 Gazze Yard\u0131m Filosunu Engelledi - Tralleskop\" \/>\n<meta property=\"og:description\" content=\"\u0130srail l\u1ef1cleri, Gazze&#039;deki ablukay\u0131 k\u0131rmaya \u00e7al\u0131\u015fan aktivistlerin filosunu engelledi.\" \/>\n<meta property=\"og:url\" content=\"https:\/\/tralleskop.com\/index.php\/2026\/05\/02\/israil-forcesi-gazze-yardim-filosunu-engelledi\/\" \/>\n<meta property=\"og:site_name\" content=\"Tralleskop\" \/>\n<meta property=\"article:published_time\" content=\"2026-05-01T22:30:07+00:00\" \/>\n<meta name=\"author\" content=\"Yapay Zeka\" \/>\n<meta name=\"twitter:card\" content=\"summary_large_image\" \/>\n<meta name=\"twitter:label1\" content=\"Yazan:\" \/>\n\t<meta name=\"twitter:data1\" content=\"Yapay Zeka\" \/>\n\t<meta name=\"twitter:label2\" content=\"Tahmini okuma s\u00fcresi\" \/>\n\t<meta name=\"twitter:data2\" content=\"1 dakika\" \/>\n<script type=\"application\/ld+json\" class=\"yoast-schema-graph\">{\"@context\":\"https:\\\/\\\/schema.org\",\"@graph\":[{\"@type\":\"Article\",\"@id\":\"https:\\\/\\\/tralleskop.com\\\/index.php\\\/2026\\\/05\\\/02\\\/israil-forcesi-gazze-yardim-filosunu-engelledi\\\/#article\",\"isPartOf\":{\"@id\":\"https:\\\/\\\/tralleskop.com\\\/index.php\\\/2026\\\/05\\\/02\\\/israil-forcesi-gazze-yardim-filosunu-engelledi\\\/\"},\"author\":{\"name\":\"Yapay Zeka\",\"@id\":\"https:\\\/\\\/tralleskop.com\\\/#\\\/schema\\\/person\\\/07eabec51c3edefcb97f005e5a24dc85\"},\"headline\":\"\u0130srail Forces\u0131 Gazze Yard\u0131m Filosunu Engelledi\",\"datePublished\":\"2026-05-01T22:30:07+00:00\",\"mainEntityOfPage\":{\"@id\":\"https:\\\/\\\/tralleskop.com\\\/index.php\\\/2026\\\/05\\\/02\\\/israil-forcesi-gazze-yardim-filosunu-engelledi\\\/\"},\"wordCount\":163,\"commentCount\":0,\"publisher\":{\"@id\":\"https:\\\/\\\/tralleskop.com\\\/#organization\"},\"image\":{\"@id\":\"https:\\\/\\\/tralleskop.com\\\/index.php\\\/2026\\\/05\\\/02\\\/israil-forcesi-gazze-yardim-filosunu-engelledi\\\/#primaryimage\"},\"thumbnailUrl\":\"https:\\\/\\\/tralleskop.com\\\/wp-content\\\/uploads\\\/2026\\\/05\\\/90-5.jpg\",\"keywords\":[\"abluka\",\"activistler\",\"filo\",\"Gazze\",\"\u0130srail\"],\"articleSection\":[\"Ayd\u0131n Siyaset\",\"d\u00fcnya\",\"Siyaset\"],\"inLanguage\":\"tr\",\"potentialAction\":[{\"@type\":\"CommentAction\",\"name\":\"Comment\",\"target\":[\"https:\\\/\\\/tralleskop.com\\\/index.php\\\/2026\\\/05\\\/02\\\/israil-forcesi-gazze-yardim-filosunu-engelledi\\\/#respond\"]}]},{\"@type\":\"WebPage\",\"@id\":\"https:\\\/\\\/tralleskop.com\\\/index.php\\\/2026\\\/05\\\/02\\\/israil-forcesi-gazze-yardim-filosunu-engelledi\\\/\",\"url\":\"https:\\\/\\\/tralleskop.com\\\/index.php\\\/2026\\\/05\\\/02\\\/israil-forcesi-gazze-yardim-filosunu-engelledi\\\/\",\"name\":\"\u0130srail Forces\u0131 Gazze Yard\u0131m Filosunu Engelledi - Tralleskop\",\"isPartOf\":{\"@id\":\"https:\\\/\\\/tralleskop.com\\\/#website\"},\"primaryImageOfPage\":{\"@id\":\"https:\\\/\\\/tralleskop.com\\\/index.php\\\/2026\\\/05\\\/02\\\/israil-forcesi-gazze-yardim-filosunu-engelledi\\\/#primaryimage\"},\"image\":{\"@id\":\"https:\\\/\\\/tralleskop.com\\\/index.php\\\/2026\\\/05\\\/02\\\/israil-forcesi-gazze-yardim-filosunu-engelledi\\\/#primaryimage\"},\"thumbnailUrl\":\"https:\\\/\\\/tralleskop.com\\\/wp-content\\\/uploads\\\/2026\\\/05\\\/90-5.jpg\",\"datePublished\":\"2026-05-01T22:30:07+00:00\",\"breadcrumb\":{\"@id\":\"https:\\\/\\\/tralleskop.com\\\/index.php\\\/2026\\\/05\\\/02\\\/israil-forcesi-gazze-yardim-filosunu-engelledi\\\/#breadcrumb\"},\"inLanguage\":\"tr\",\"potentialAction\":[{\"@type\":\"ReadAction\",\"target\":[\"https:\\\/\\\/tralleskop.com\\\/index.php\\\/2026\\\/05\\\/02\\\/israil-forcesi-gazze-yardim-filosunu-engelledi\\\/\"]}]},{\"@type\":\"ImageObject\",\"inLanguage\":\"tr\",\"@id\":\"https:\\\/\\\/tralleskop.com\\\/index.php\\\/2026\\\/05\\\/02\\\/israil-forcesi-gazze-yardim-filosunu-engelledi\\\/#primaryimage\",\"url\":\"https:\\\/\\\/tralleskop.com\\\/wp-content\\\/uploads\\\/2026\\\/05\\\/90-5.jpg\",\"contentUrl\":\"https:\\\/\\\/tralleskop.com\\\/wp-content\\\/uploads\\\/2026\\\/05\\\/90-5.jpg\",\"width\":980,\"height\":653},{\"@type\":\"BreadcrumbList\",\"@id\":\"https:\\\/\\\/tralleskop.com\\\/index.php\\\/2026\\\/05\\\/02\\\/israil-forcesi-gazze-yardim-filosunu-engelledi\\\/#breadcrumb\",\"itemListElement\":[{\"@type\":\"ListItem\",\"position\":1,\"name\":\"Anasayfa\",\"item\":\"https:\\\/\\\/tralleskop.com\\\/\"},{\"@type\":\"ListItem\",\"position\":2,\"name\":\"\u0130srail Forces\u0131 Gazze Yard\u0131m Filosunu Engelledi\"}]},{\"@type\":\"WebSite\",\"@id\":\"https:\\\/\\\/tralleskop.com\\\/#website\",\"url\":\"https:\\\/\\\/tralleskop.com\\\/\",\"name\":\"Tralleskop\",\"description\":\"\",\"publisher\":{\"@id\":\"https:\\\/\\\/tralleskop.com\\\/#organization\"},\"potentialAction\":[{\"@type\":\"SearchAction\",\"target\":{\"@type\":\"EntryPoint\",\"urlTemplate\":\"https:\\\/\\\/tralleskop.com\\\/?s={search_term_string}\"},\"query-input\":{\"@type\":\"PropertyValueSpecification\",\"valueRequired\":true,\"valueName\":\"search_term_string\"}}],\"inLanguage\":\"tr\"},{\"@type\":\"Organization\",\"@id\":\"https:\\\/\\\/tralleskop.com\\\/#organization\",\"name\":\"Tralleskop\",\"url\":\"https:\\\/\\\/tralleskop.com\\\/\",\"logo\":{\"@type\":\"ImageObject\",\"inLanguage\":\"tr\",\"@id\":\"https:\\\/\\\/tralleskop.com\\\/#\\\/schema\\\/logo\\\/image\\\/\",\"url\":\"https:\\\/\\\/tralleskop.com\\\/wp-content\\\/uploads\\\/2026\\\/03\\\/logo-1.png\",\"contentUrl\":\"https:\\\/\\\/tralleskop.com\\\/wp-content\\\/uploads\\\/2026\\\/03\\\/logo-1.png\",\"width\":2048,\"height\":2048,\"caption\":\"Tralleskop\"},\"image\":{\"@id\":\"https:\\\/\\\/tralleskop.com\\\/#\\\/schema\\\/logo\\\/image\\\/\"},\"sameAs\":[\"https:\\\/\\\/instagram.com\\\/tralleskop\"]},{\"@type\":\"Person\",\"@id\":\"https:\\\/\\\/tralleskop.com\\\/#\\\/schema\\\/person\\\/07eabec51c3edefcb97f005e5a24dc85\",\"name\":\"Yapay Zeka\",\"image\":{\"@type\":\"ImageObject\",\"inLanguage\":\"tr\",\"@id\":\"https:\\\/\\\/secure.gravatar.com\\\/avatar\\\/e77edf5bd5f891271e5db451c58207840f707caf056fe282ae8443fe299d6b9c?s=96&d=mm&r=g\",\"url\":\"https:\\\/\\\/secure.gravatar.com\\\/avatar\\\/e77edf5bd5f891271e5db451c58207840f707caf056fe282ae8443fe299d6b9c?s=96&d=mm&r=g\",\"contentUrl\":\"https:\\\/\\\/secure.gravatar.com\\\/avatar\\\/e77edf5bd5f891271e5db451c58207840f707caf056fe282ae8443fe299d6b9c?s=96&d=mm&r=g\",\"caption\":\"Yapay Zeka\"},\"url\":\"https:\\\/\\\/tralleskop.com\\\/index.php\\\/author\\\/yapayzeka\\\/\"}]}<\/script>\n<!-- \/ Yoast SEO plugin. -->","yoast_head_json":{"title":"\u0130srail Forces\u0131 Gazze Yard\u0131m Filosunu Engelledi - Tralleskop","robots":{"index":"index","follow":"follow","max-snippet":"max-snippet:-1","max-image-preview":"max-image-preview:large","max-video-preview":"max-video-preview:-1"},"canonical":"https:\/\/tralleskop.com\/index.php\/2026\/05\/02\/israil-forcesi-gazze-yardim-filosunu-engelledi\/","og_locale":"tr_TR","og_type":"article","og_title":"\u0130srail Forces\u0131 Gazze Yard\u0131m Filosunu Engelledi - Tralleskop","og_description":"\u0130srail l\u1ef1cleri, Gazze'deki ablukay\u0131 k\u0131rmaya \u00e7al\u0131\u015fan aktivistlerin filosunu engelledi.","og_url":"https:\/\/tralleskop.com\/index.php\/2026\/05\/02\/israil-forcesi-gazze-yardim-filosunu-engelledi\/","og_site_name":"Tralleskop","article_published_time":"2026-05-01T22:30:07+00:00","author":"Yapay Zeka","twitter_card":"summary_large_image","twitter_misc":{"Yazan:":"Yapay Zeka","Tahmini okuma s\u00fcresi":"1 dakika"},"schema":{"@context":"https:\/\/schema.org","@graph":[{"@type":"Article","@id":"https:\/\/tralleskop.com\/index.php\/2026\/05\/02\/israil-forcesi-gazze-yardim-filosunu-engelledi\/#article","isPartOf":{"@id":"https:\/\/tralleskop.com\/index.php\/2026\/05\/02\/israil-forcesi-gazze-yardim-filosunu-engelledi\/"},"author":{"name":"Yapay Zeka","@id":"https:\/\/tralleskop.com\/#\/schema\/person\/07eabec51c3edefcb97f005e5a24dc85"},"headline":"\u0130srail Forces\u0131 Gazze Yard\u0131m Filosunu Engelledi","datePublished":"2026-05-01T22:30:07+00:00","mainEntityOfPage":{"@id":"https:\/\/tralleskop.com\/index.php\/2026\/05\/02\/israil-forcesi-gazze-yardim-filosunu-engelledi\/"},"wordCount":163,"commentCount":0,"publisher":{"@id":"https:\/\/tralleskop.com\/#organization"},"image":{"@id":"https:\/\/tralleskop.com\/index.php\/2026\/05\/02\/israil-forcesi-gazze-yardim-filosunu-engelledi\/#primaryimage"},"thumbnailUrl":"https:\/\/tralleskop.com\/wp-content\/uploads\/2026\/05\/90-5.jpg","keywords":["abluka","activistler","filo","Gazze","\u0130srail"],"articleSection":["Ayd\u0131n Siyaset","d\u00fcnya","Siyaset"],"inLanguage":"tr","potentialAction":[{"@type":"CommentAction","name":"Comment","target":["https:\/\/tralleskop.com\/index.php\/2026\/05\/02\/israil-forcesi-gazze-yardim-filosunu-engelledi\/#respond"]}]},{"@type":"WebPage","@id":"https:\/\/tralleskop.com\/index.php\/2026\/05\/02\/israil-forcesi-gazze-yardim-filosunu-engelledi\/","url":"https:\/\/tralleskop.com\/index.php\/2026\/05\/02\/israil-forcesi-gazze-yardim-filosunu-engelledi\/","name":"\u0130srail Forces\u0131 Gazze Yard\u0131m Filosunu Engelledi - Tralleskop","isPartOf":{"@id":"https:\/\/tralleskop.com\/#website"},"primaryImageOfPage":{"@id":"https:\/\/tralleskop.com\/index.php\/2026\/05\/02\/israil-forcesi-gazze-yardim-filosunu-engelledi\/#primaryimage"},"image":{"@id":"https:\/\/tralleskop.com\/index.php\/2026\/05\/02\/israil-forcesi-gazze-yardim-filosunu-engelledi\/#primaryimage"},"thumbnailUrl":"https:\/\/tralleskop.com\/wp-content\/uploads\/2026\/05\/90-5.jpg","datePublished":"2026-05-01T22:30:07+00:00","breadcrumb":{"@id":"https:\/\/tralleskop.com\/index.php\/2026\/05\/02\/israil-forcesi-gazze-yardim-filosunu-engelledi\/#breadcrumb"},"inLanguage":"tr","potentialAction":[{"@type":"ReadAction","target":["https:\/\/tralleskop.com\/index.php\/2026\/05\/02\/israil-forcesi-gazze-yardim-filosunu-engelledi\/"]}]},{"@type":"ImageObject","inLanguage":"tr","@id":"https:\/\/tralleskop.com\/index.php\/2026\/05\/02\/israil-forcesi-gazze-yardim-filosunu-engelledi\/#primaryimage","url":"https:\/\/tralleskop.com\/wp-content\/uploads\/2026\/05\/90-5.jpg","contentUrl":"https:\/\/tralleskop.com\/wp-content\/uploads\/2026\/05\/90-5.jpg","width":980,"height":653},{"@type":"BreadcrumbList","@id":"https:\/\/tralleskop.com\/index.php\/2026\/05\/02\/israil-forcesi-gazze-yardim-filosunu-engelledi\/#breadcrumb","itemListElement":[{"@type":"ListItem","position":1,"name":"Anasayfa","item":"https:\/\/tralleskop.com\/"},{"@type":"ListItem","position":2,"name":"\u0130srail Forces\u0131 Gazze Yard\u0131m Filosunu Engelledi"}]},{"@type":"WebSite","@id":"https:\/\/tralleskop.com\/#website","url":"https:\/\/tralleskop.com\/","name":"Tralleskop","description":"","publisher":{"@id":"https:\/\/tralleskop.com\/#organization"},"potentialAction":[{"@type":"SearchAction","target":{"@type":"EntryPoint","urlTemplate":"https:\/\/tralleskop.com\/?s={search_term_string}"},"query-input":{"@type":"PropertyValueSpecification","valueRequired":true,"valueName":"search_term_string"}}],"inLanguage":"tr"},{"@type":"Organization","@id":"https:\/\/tralleskop.com\/#organization","name":"Tralleskop","url":"https:\/\/tralleskop.com\/","logo":{"@type":"ImageObject","inLanguage":"tr","@id":"https:\/\/tralleskop.com\/#\/schema\/logo\/image\/","url":"https:\/\/tralleskop.com\/wp-content\/uploads\/2026\/03\/logo-1.png","contentUrl":"https:\/\/tralleskop.com\/wp-content\/uploads\/2026\/03\/logo-1.png","width":2048,"height":2048,"caption":"Tralleskop"},"image":{"@id":"https:\/\/tralleskop.com\/#\/schema\/logo\/image\/"},"sameAs":["https:\/\/instagram.com\/tralleskop"]},{"@type":"Person","@id":"https:\/\/tralleskop.com\/#\/schema\/person\/07eabec51c3edefcb97f005e5a24dc85","name":"Yapay Zeka","image":{"@type":"ImageObject","inLanguage":"tr","@id":"https:\/\/secure.gravatar.com\/avatar\/e77edf5bd5f891271e5db451c58207840f707caf056fe282ae8443fe299d6b9c?s=96&d=mm&r=g","url":"https:\/\/secure.gravatar.com\/avatar\/e77edf5bd5f891271e5db451c58207840f707caf056fe282ae8443fe299d6b9c?s=96&d=mm&r=g","contentUrl":"https:\/\/secure.gravatar.com\/avatar\/e77edf5bd5f891271e5db451c58207840f707caf056fe282ae8443fe299d6b9c?s=96&d=mm&r=g","caption":"Yapay Zeka"},"url":"https:\/\/tralleskop.com\/index.php\/author\/yapayzeka\/"}]}},"jetpack_featured_media_url":"https:\/\/tralleskop.com\/wp-content\/uploads\/2026\/05\/90-5.jpg","_links":{"self":[{"href":"https:\/\/tralleskop.com\/index.php\/wp-json\/wp\/v2\/posts\/517","targetHints":{"allow":["GET"]}}],"collection":[{"href":"https:\/\/tralleskop.com\/index.php\/wp-json\/wp\/v2\/posts"}],"about":[{"href":"https:\/\/tralleskop.com\/index.php\/wp-json\/wp\/v2\/types\/post"}],"author":[{"embeddable":true,"href":"https:\/\/tralleskop.com\/index.php\/wp-json\/wp\/v2\/users\/3"}],"replies":[{"embeddable":true,"href":"https:\/\/tralleskop.com\/index.php\/wp-json\/wp\/v2\/comments?post=517"}],"version-history":[{"count":0,"href":"https:\/\/tralleskop.com\/index.php\/wp-json\/wp\/v2\/posts\/517\/revisions"}],"wp:featuredmedia":[{"embeddable":true,"href":"https:\/\/tralleskop.com\/index.php\/wp-json\/wp\/v2\/media\/518"}],"wp:attachment":[{"href":"https:\/\/tralleskop.com\/index.php\/wp-json\/wp\/v2\/media?parent=517"}],"wp:term":[{"taxonomy":"category","embeddable":true,"href":"https:\/\/tralleskop.com\/index.php\/wp-json\/wp\/v2\/categories?post=517"},{"taxonomy":"post_tag","embeddable":true,"href":"https:\/\/tralleskop.com\/index.php\/wp-json\/wp\/v2\/tags?post=517"}],"curies":[{"name":"wp","href":"https:\/\/api.w.org\/{rel}","templated":true}]}}