{"id":516,"date":"2026-05-02T01:15:08","date_gmt":"2026-05-01T22:15:08","guid":{"rendered":"https:\/\/tralleskop.com\/index.php\/2026\/05\/02\/amerikan-siyasetinde-yuksek-gerilim-thom-tillis-ve-ed-martin-arasindaki-sour-savasi\/"},"modified":"2026-05-02T01:15:08","modified_gmt":"2026-05-01T22:15:08","slug":"amerikan-siyasetinde-yuksek-gerilim-thom-tillis-ve-ed-martin-arasindaki-sour-savasi","status":"publish","type":"post","link":"https:\/\/tralleskop.com\/index.php\/2026\/05\/02\/amerikan-siyasetinde-yuksek-gerilim-thom-tillis-ve-ed-martin-arasindaki-sour-savasi\/","title":{"rendered":"Amerikan Siyasetinde Y\u00fcksek Gerilim: Thom Tillis ve Ed Martin Aras\u0131ndaki Sour Sava\u015f\u0131"},"content":{"rendered":"<h1>Amerikan Siyasetinde Y\u00fcksek Gerilim: Thom Tillis ve Ed Martin Aras\u0131ndaki Sour Sava\u015f\u0131<\/h1>\n<p>Amerikan siyasetinin \u00f6nemli isimlerinden Senat\u00f6r Thom Tillis, 6 Ocak olaylar\u0131na kar\u015f\u0131 ald\u0131\u011f\u0131 tav\u0131r nedeniyle baz\u0131 kesimlerden a\u011f\u0131r ele\u015ftiriler almaya devam ediyor. Son olarak Ed Martin ile aras\u0131nda ya\u015fanan sour sava\u015f, dikkatleri \u00fczerine \u00e7ekti.<\/p>\n<h2>Thom Tillis&#8217;in A\u00e7\u0131klamalar\u0131<\/h2>\n<p>Senat\u00f6r Thom Tillis, X (eski ad\u0131yla Twitter) hesab\u0131ndan bir mesaj payla\u015ft\u0131. Tillis, <b>&#8216;Aptallar taraf\u0131ndan nefret edilmek, onlardan biri olmad\u0131\u011f\u0131n i\u00e7in \u00f6dedi\u011fin bedeldir&#8217;<\/b> ifadesini kulland\u0131. Bu mesaj, Tillis&#8217;in kendisine y\u00f6neltilen ele\u015ftirilere ve sald\u0131r\u0131lara cevab\u0131 olarak g\u00f6r\u00fcl\u00fcyor.<\/p>\n<h3>Ed Martin ile Aras\u0131ndaki Gerginlik<\/h3>\n<p>Ed Martin, Thom Tillis&#8217;e <b>&#8216;Just go to Hell&#8217;<\/b> (Sadece cehenneme git) \u015feklinde bir cevap verdi. \u0130ki isim aras\u0131ndaki bu sour sava\u015f, Amerikan siyasetinin i\u00e7 sava\u015f konusundaki tart\u0131\u015fmalar\u0131n\u0131n bir yans\u0131mas\u0131 olarak de\u011ferlendiriliyor.<\/p>\n<h2>Analiz<\/h2>\n<p>Amerikan siyasetinde 6 Ocak olaylar\u0131, h\u00e2l\u00e2 \u00f6nemli bir gerginlik kayna\u011f\u0131 olarak g\u00f6r\u00fcl\u00fcyor. Politikac\u0131lar\u0131n tav\u0131rlar\u0131, toplumda g\u00fc\u00e7l\u00fc tepkilere neden oluyor. Thom Tillis&#8217;in anti-6 Ocak tutumu, baz\u0131 kesimlerden yo\u011fun ele\u015ftirilere neden olurken, di\u011ferleri taraf\u0131ndan ise \u00f6vg\u00fc ile kar\u015f\u0131lan\u0131yor. Bu tart\u0131\u015fmalar, ABD&#8217;de siyasi gerginli\u011fin devam etti\u011fini g\u00f6steriyor.<\/p>\n","protected":false},"excerpt":{"rendered":"<p>Senat\u00f6r Thom Tillis, 6 Ocak olaylar\u0131na kar\u015f\u0131 ald\u0131\u011f\u0131 tav\u0131r nedeniyle Ed Martin&#8217;den gelen ele\u015ftirilere cevap verdi.<\/p>\n","protected":false},"author":3,"featured_media":0,"comment_status":"open","ping_status":"open","sticky":false,"template":"","format":"standard","meta":{"googlesitekit_rrm_CAow15e3DA:productID":"","_coblocks_attr":"","_coblocks_dimensions":"","_coblocks_responsive_height":"","_coblocks_accordion_ie_support":"","_ai_summary":"","_external_image_url":"https:\/\/www.politico.com\/dims4\/default\/cb01d7d\/2147483647\/resize\/1200x\/quality\/90\/?url=https%3A%2F%2Fstatic.politico.com%2F3c%2F28%2F95c1c19549009edf13906f514ff8%2Fu-s-congress-923.jpg","footnotes":""},"categories":[50,5,26],"tags":[165,164,163,162],"class_list":["post-516","post","type-post","status-publish","format-standard","hentry","category-aydin-siyaset","category-dunya","category-siyaset","tag-6-ocak-olaylari","tag-amerikan-siyaseti","tag-ed-martin","tag-thom-tillis"],"yoast_head":"<!-- This site is optimized with the Yoast SEO plugin v27.5 - https:\/\/yoast.com\/product\/yoast-seo-wordpress\/ -->\n<title>Amerikan Siyasetinde Y\u00fcksek Gerilim: Thom Tillis ve Ed Martin Aras\u0131ndaki Sour Sava\u015f\u0131 - Tralleskop<\/title>\n<meta name=\"robots\" content=\"index, follow, max-snippet:-1, max-image-preview:large, max-video-preview:-1\" \/>\n<link rel=\"canonical\" href=\"https:\/\/tralleskop.com\/index.php\/2026\/05\/02\/amerikan-siyasetinde-yuksek-gerilim-thom-tillis-ve-ed-martin-arasindaki-sour-savasi\/\" \/>\n<meta property=\"og:locale\" content=\"tr_TR\" \/>\n<meta property=\"og:type\" content=\"article\" \/>\n<meta property=\"og:title\" content=\"Amerikan Siyasetinde Y\u00fcksek Gerilim: Thom Tillis ve Ed Martin Aras\u0131ndaki Sour Sava\u015f\u0131 - Tralleskop\" \/>\n<meta property=\"og:description\" content=\"Senat\u00f6r Thom Tillis, 6 Ocak olaylar\u0131na kar\u015f\u0131 ald\u0131\u011f\u0131 tav\u0131r nedeniyle Ed Martin&#039;den gelen ele\u015ftirilere cevap verdi.\" \/>\n<meta property=\"og:url\" content=\"https:\/\/tralleskop.com\/index.php\/2026\/05\/02\/amerikan-siyasetinde-yuksek-gerilim-thom-tillis-ve-ed-martin-arasindaki-sour-savasi\/\" \/>\n<meta property=\"og:site_name\" content=\"Tralleskop\" \/>\n<meta property=\"article:published_time\" content=\"2026-05-01T22:15:08+00:00\" \/>\n<meta name=\"author\" content=\"Yapay Zeka\" \/>\n<meta name=\"twitter:card\" content=\"summary_large_image\" \/>\n<meta name=\"twitter:label1\" content=\"Yazan:\" \/>\n\t<meta name=\"twitter:data1\" content=\"Yapay Zeka\" \/>\n\t<meta name=\"twitter:label2\" content=\"Tahmini okuma s\u00fcresi\" \/>\n\t<meta name=\"twitter:data2\" content=\"1 dakika\" \/>\n<script type=\"application\/ld+json\" class=\"yoast-schema-graph\">{\"@context\":\"https:\\\/\\\/schema.org\",\"@graph\":[{\"@type\":\"Article\",\"@id\":\"https:\\\/\\\/tralleskop.com\\\/index.php\\\/2026\\\/05\\\/02\\\/amerikan-siyasetinde-yuksek-gerilim-thom-tillis-ve-ed-martin-arasindaki-sour-savasi\\\/#article\",\"isPartOf\":{\"@id\":\"https:\\\/\\\/tralleskop.com\\\/index.php\\\/2026\\\/05\\\/02\\\/amerikan-siyasetinde-yuksek-gerilim-thom-tillis-ve-ed-martin-arasindaki-sour-savasi\\\/\"},\"author\":{\"name\":\"Yapay Zeka\",\"@id\":\"https:\\\/\\\/tralleskop.com\\\/#\\\/schema\\\/person\\\/07eabec51c3edefcb97f005e5a24dc85\"},\"headline\":\"Amerikan Siyasetinde Y\u00fcksek Gerilim: Thom Tillis ve Ed Martin Aras\u0131ndaki Sour Sava\u015f\u0131\",\"datePublished\":\"2026-05-01T22:15:08+00:00\",\"mainEntityOfPage\":{\"@id\":\"https:\\\/\\\/tralleskop.com\\\/index.php\\\/2026\\\/05\\\/02\\\/amerikan-siyasetinde-yuksek-gerilim-thom-tillis-ve-ed-martin-arasindaki-sour-savasi\\\/\"},\"wordCount\":231,\"commentCount\":0,\"publisher\":{\"@id\":\"https:\\\/\\\/tralleskop.com\\\/#organization\"},\"keywords\":[\"6 Ocak Olaylar\u0131\",\"Amerikan Siyaseti\",\"Ed Martin\",\"Thom Tillis\"],\"articleSection\":[\"Ayd\u0131n Siyaset\",\"d\u00fcnya\",\"Siyaset\"],\"inLanguage\":\"tr\",\"potentialAction\":[{\"@type\":\"CommentAction\",\"name\":\"Comment\",\"target\":[\"https:\\\/\\\/tralleskop.com\\\/index.php\\\/2026\\\/05\\\/02\\\/amerikan-siyasetinde-yuksek-gerilim-thom-tillis-ve-ed-martin-arasindaki-sour-savasi\\\/#respond\"]}]},{\"@type\":\"WebPage\",\"@id\":\"https:\\\/\\\/tralleskop.com\\\/index.php\\\/2026\\\/05\\\/02\\\/amerikan-siyasetinde-yuksek-gerilim-thom-tillis-ve-ed-martin-arasindaki-sour-savasi\\\/\",\"url\":\"https:\\\/\\\/tralleskop.com\\\/index.php\\\/2026\\\/05\\\/02\\\/amerikan-siyasetinde-yuksek-gerilim-thom-tillis-ve-ed-martin-arasindaki-sour-savasi\\\/\",\"name\":\"Amerikan Siyasetinde Y\u00fcksek Gerilim: Thom Tillis ve Ed Martin Aras\u0131ndaki Sour Sava\u015f\u0131 - Tralleskop\",\"isPartOf\":{\"@id\":\"https:\\\/\\\/tralleskop.com\\\/#website\"},\"datePublished\":\"2026-05-01T22:15:08+00:00\",\"breadcrumb\":{\"@id\":\"https:\\\/\\\/tralleskop.com\\\/index.php\\\/2026\\\/05\\\/02\\\/amerikan-siyasetinde-yuksek-gerilim-thom-tillis-ve-ed-martin-arasindaki-sour-savasi\\\/#breadcrumb\"},\"inLanguage\":\"tr\",\"potentialAction\":[{\"@type\":\"ReadAction\",\"target\":[\"https:\\\/\\\/tralleskop.com\\\/index.php\\\/2026\\\/05\\\/02\\\/amerikan-siyasetinde-yuksek-gerilim-thom-tillis-ve-ed-martin-arasindaki-sour-savasi\\\/\"]}]},{\"@type\":\"BreadcrumbList\",\"@id\":\"https:\\\/\\\/tralleskop.com\\\/index.php\\\/2026\\\/05\\\/02\\\/amerikan-siyasetinde-yuksek-gerilim-thom-tillis-ve-ed-martin-arasindaki-sour-savasi\\\/#breadcrumb\",\"itemListElement\":[{\"@type\":\"ListItem\",\"position\":1,\"name\":\"Anasayfa\",\"item\":\"https:\\\/\\\/tralleskop.com\\\/\"},{\"@type\":\"ListItem\",\"position\":2,\"name\":\"Amerikan Siyasetinde Y\u00fcksek Gerilim: Thom Tillis ve Ed Martin Aras\u0131ndaki Sour Sava\u015f\u0131\"}]},{\"@type\":\"WebSite\",\"@id\":\"https:\\\/\\\/tralleskop.com\\\/#website\",\"url\":\"https:\\\/\\\/tralleskop.com\\\/\",\"name\":\"Tralleskop\",\"description\":\"\",\"publisher\":{\"@id\":\"https:\\\/\\\/tralleskop.com\\\/#organization\"},\"potentialAction\":[{\"@type\":\"SearchAction\",\"target\":{\"@type\":\"EntryPoint\",\"urlTemplate\":\"https:\\\/\\\/tralleskop.com\\\/?s={search_term_string}\"},\"query-input\":{\"@type\":\"PropertyValueSpecification\",\"valueRequired\":true,\"valueName\":\"search_term_string\"}}],\"inLanguage\":\"tr\"},{\"@type\":\"Organization\",\"@id\":\"https:\\\/\\\/tralleskop.com\\\/#organization\",\"name\":\"Tralleskop\",\"url\":\"https:\\\/\\\/tralleskop.com\\\/\",\"logo\":{\"@type\":\"ImageObject\",\"inLanguage\":\"tr\",\"@id\":\"https:\\\/\\\/tralleskop.com\\\/#\\\/schema\\\/logo\\\/image\\\/\",\"url\":\"https:\\\/\\\/tralleskop.com\\\/wp-content\\\/uploads\\\/2026\\\/03\\\/logo-1.png\",\"contentUrl\":\"https:\\\/\\\/tralleskop.com\\\/wp-content\\\/uploads\\\/2026\\\/03\\\/logo-1.png\",\"width\":2048,\"height\":2048,\"caption\":\"Tralleskop\"},\"image\":{\"@id\":\"https:\\\/\\\/tralleskop.com\\\/#\\\/schema\\\/logo\\\/image\\\/\"},\"sameAs\":[\"https:\\\/\\\/instagram.com\\\/tralleskop\"]},{\"@type\":\"Person\",\"@id\":\"https:\\\/\\\/tralleskop.com\\\/#\\\/schema\\\/person\\\/07eabec51c3edefcb97f005e5a24dc85\",\"name\":\"Yapay Zeka\",\"image\":{\"@type\":\"ImageObject\",\"inLanguage\":\"tr\",\"@id\":\"https:\\\/\\\/secure.gravatar.com\\\/avatar\\\/e77edf5bd5f891271e5db451c58207840f707caf056fe282ae8443fe299d6b9c?s=96&d=mm&r=g\",\"url\":\"https:\\\/\\\/secure.gravatar.com\\\/avatar\\\/e77edf5bd5f891271e5db451c58207840f707caf056fe282ae8443fe299d6b9c?s=96&d=mm&r=g\",\"contentUrl\":\"https:\\\/\\\/secure.gravatar.com\\\/avatar\\\/e77edf5bd5f891271e5db451c58207840f707caf056fe282ae8443fe299d6b9c?s=96&d=mm&r=g\",\"caption\":\"Yapay Zeka\"},\"url\":\"https:\\\/\\\/tralleskop.com\\\/index.php\\\/author\\\/yapayzeka\\\/\"}]}<\/script>\n<!-- \/ Yoast SEO plugin. -->","yoast_head_json":{"title":"Amerikan Siyasetinde Y\u00fcksek Gerilim: Thom Tillis ve Ed Martin Aras\u0131ndaki Sour Sava\u015f\u0131 - Tralleskop","robots":{"index":"index","follow":"follow","max-snippet":"max-snippet:-1","max-image-preview":"max-image-preview:large","max-video-preview":"max-video-preview:-1"},"canonical":"https:\/\/tralleskop.com\/index.php\/2026\/05\/02\/amerikan-siyasetinde-yuksek-gerilim-thom-tillis-ve-ed-martin-arasindaki-sour-savasi\/","og_locale":"tr_TR","og_type":"article","og_title":"Amerikan Siyasetinde Y\u00fcksek Gerilim: Thom Tillis ve Ed Martin Aras\u0131ndaki Sour Sava\u015f\u0131 - Tralleskop","og_description":"Senat\u00f6r Thom Tillis, 6 Ocak olaylar\u0131na kar\u015f\u0131 ald\u0131\u011f\u0131 tav\u0131r nedeniyle Ed Martin'den gelen ele\u015ftirilere cevap verdi.","og_url":"https:\/\/tralleskop.com\/index.php\/2026\/05\/02\/amerikan-siyasetinde-yuksek-gerilim-thom-tillis-ve-ed-martin-arasindaki-sour-savasi\/","og_site_name":"Tralleskop","article_published_time":"2026-05-01T22:15:08+00:00","author":"Yapay Zeka","twitter_card":"summary_large_image","twitter_misc":{"Yazan:":"Yapay Zeka","Tahmini okuma s\u00fcresi":"1 dakika"},"schema":{"@context":"https:\/\/schema.org","@graph":[{"@type":"Article","@id":"https:\/\/tralleskop.com\/index.php\/2026\/05\/02\/amerikan-siyasetinde-yuksek-gerilim-thom-tillis-ve-ed-martin-arasindaki-sour-savasi\/#article","isPartOf":{"@id":"https:\/\/tralleskop.com\/index.php\/2026\/05\/02\/amerikan-siyasetinde-yuksek-gerilim-thom-tillis-ve-ed-martin-arasindaki-sour-savasi\/"},"author":{"name":"Yapay Zeka","@id":"https:\/\/tralleskop.com\/#\/schema\/person\/07eabec51c3edefcb97f005e5a24dc85"},"headline":"Amerikan Siyasetinde Y\u00fcksek Gerilim: Thom Tillis ve Ed Martin Aras\u0131ndaki Sour Sava\u015f\u0131","datePublished":"2026-05-01T22:15:08+00:00","mainEntityOfPage":{"@id":"https:\/\/tralleskop.com\/index.php\/2026\/05\/02\/amerikan-siyasetinde-yuksek-gerilim-thom-tillis-ve-ed-martin-arasindaki-sour-savasi\/"},"wordCount":231,"commentCount":0,"publisher":{"@id":"https:\/\/tralleskop.com\/#organization"},"keywords":["6 Ocak Olaylar\u0131","Amerikan Siyaseti","Ed Martin","Thom Tillis"],"articleSection":["Ayd\u0131n Siyaset","d\u00fcnya","Siyaset"],"inLanguage":"tr","potentialAction":[{"@type":"CommentAction","name":"Comment","target":["https:\/\/tralleskop.com\/index.php\/2026\/05\/02\/amerikan-siyasetinde-yuksek-gerilim-thom-tillis-ve-ed-martin-arasindaki-sour-savasi\/#respond"]}]},{"@type":"WebPage","@id":"https:\/\/tralleskop.com\/index.php\/2026\/05\/02\/amerikan-siyasetinde-yuksek-gerilim-thom-tillis-ve-ed-martin-arasindaki-sour-savasi\/","url":"https:\/\/tralleskop.com\/index.php\/2026\/05\/02\/amerikan-siyasetinde-yuksek-gerilim-thom-tillis-ve-ed-martin-arasindaki-sour-savasi\/","name":"Amerikan Siyasetinde Y\u00fcksek Gerilim: Thom Tillis ve Ed Martin Aras\u0131ndaki Sour Sava\u015f\u0131 - Tralleskop","isPartOf":{"@id":"https:\/\/tralleskop.com\/#website"},"datePublished":"2026-05-01T22:15:08+00:00","breadcrumb":{"@id":"https:\/\/tralleskop.com\/index.php\/2026\/05\/02\/amerikan-siyasetinde-yuksek-gerilim-thom-tillis-ve-ed-martin-arasindaki-sour-savasi\/#breadcrumb"},"inLanguage":"tr","potentialAction":[{"@type":"ReadAction","target":["https:\/\/tralleskop.com\/index.php\/2026\/05\/02\/amerikan-siyasetinde-yuksek-gerilim-thom-tillis-ve-ed-martin-arasindaki-sour-savasi\/"]}]},{"@type":"BreadcrumbList","@id":"https:\/\/tralleskop.com\/index.php\/2026\/05\/02\/amerikan-siyasetinde-yuksek-gerilim-thom-tillis-ve-ed-martin-arasindaki-sour-savasi\/#breadcrumb","itemListElement":[{"@type":"ListItem","position":1,"name":"Anasayfa","item":"https:\/\/tralleskop.com\/"},{"@type":"ListItem","position":2,"name":"Amerikan Siyasetinde Y\u00fcksek Gerilim: Thom Tillis ve Ed Martin Aras\u0131ndaki Sour Sava\u015f\u0131"}]},{"@type":"WebSite","@id":"https:\/\/tralleskop.com\/#website","url":"https:\/\/tralleskop.com\/","name":"Tralleskop","description":"","publisher":{"@id":"https:\/\/tralleskop.com\/#organization"},"potentialAction":[{"@type":"SearchAction","target":{"@type":"EntryPoint","urlTemplate":"https:\/\/tralleskop.com\/?s={search_term_string}"},"query-input":{"@type":"PropertyValueSpecification","valueRequired":true,"valueName":"search_term_string"}}],"inLanguage":"tr"},{"@type":"Organization","@id":"https:\/\/tralleskop.com\/#organization","name":"Tralleskop","url":"https:\/\/tralleskop.com\/","logo":{"@type":"ImageObject","inLanguage":"tr","@id":"https:\/\/tralleskop.com\/#\/schema\/logo\/image\/","url":"https:\/\/tralleskop.com\/wp-content\/uploads\/2026\/03\/logo-1.png","contentUrl":"https:\/\/tralleskop.com\/wp-content\/uploads\/2026\/03\/logo-1.png","width":2048,"height":2048,"caption":"Tralleskop"},"image":{"@id":"https:\/\/tralleskop.com\/#\/schema\/logo\/image\/"},"sameAs":["https:\/\/instagram.com\/tralleskop"]},{"@type":"Person","@id":"https:\/\/tralleskop.com\/#\/schema\/person\/07eabec51c3edefcb97f005e5a24dc85","name":"Yapay Zeka","image":{"@type":"ImageObject","inLanguage":"tr","@id":"https:\/\/secure.gravatar.com\/avatar\/e77edf5bd5f891271e5db451c58207840f707caf056fe282ae8443fe299d6b9c?s=96&d=mm&r=g","url":"https:\/\/secure.gravatar.com\/avatar\/e77edf5bd5f891271e5db451c58207840f707caf056fe282ae8443fe299d6b9c?s=96&d=mm&r=g","contentUrl":"https:\/\/secure.gravatar.com\/avatar\/e77edf5bd5f891271e5db451c58207840f707caf056fe282ae8443fe299d6b9c?s=96&d=mm&r=g","caption":"Yapay Zeka"},"url":"https:\/\/tralleskop.com\/index.php\/author\/yapayzeka\/"}]}},"jetpack_featured_media_url":"","_links":{"self":[{"href":"https:\/\/tralleskop.com\/index.php\/wp-json\/wp\/v2\/posts\/516","targetHints":{"allow":["GET"]}}],"collection":[{"href":"https:\/\/tralleskop.com\/index.php\/wp-json\/wp\/v2\/posts"}],"about":[{"href":"https:\/\/tralleskop.com\/index.php\/wp-json\/wp\/v2\/types\/post"}],"author":[{"embeddable":true,"href":"https:\/\/tralleskop.com\/index.php\/wp-json\/wp\/v2\/users\/3"}],"replies":[{"embeddable":true,"href":"https:\/\/tralleskop.com\/index.php\/wp-json\/wp\/v2\/comments?post=516"}],"version-history":[{"count":0,"href":"https:\/\/tralleskop.com\/index.php\/wp-json\/wp\/v2\/posts\/516\/revisions"}],"wp:attachment":[{"href":"https:\/\/tralleskop.com\/index.php\/wp-json\/wp\/v2\/media?parent=516"}],"wp:term":[{"taxonomy":"category","embeddable":true,"href":"https:\/\/tralleskop.com\/index.php\/wp-json\/wp\/v2\/categories?post=516"},{"taxonomy":"post_tag","embeddable":true,"href":"https:\/\/tralleskop.com\/index.php\/wp-json\/wp\/v2\/tags?post=516"}],"curies":[{"name":"wp","href":"https:\/\/api.w.org\/{rel}","templated":true}]}}