{"id":512,"date":"2026-05-02T00:45:07","date_gmt":"2026-05-01T21:45:07","guid":{"rendered":"https:\/\/tralleskop.com\/index.php\/2026\/05\/02\/trumpa-suikast-girisimi-silahli-saldirganin-video-goruntuleri-ortaya-cikti\/"},"modified":"2026-05-02T00:45:07","modified_gmt":"2026-05-01T21:45:07","slug":"trumpa-suikast-girisimi-silahli-saldirganin-video-goruntuleri-ortaya-cikti","status":"publish","type":"post","link":"https:\/\/tralleskop.com\/index.php\/2026\/05\/02\/trumpa-suikast-girisimi-silahli-saldirganin-video-goruntuleri-ortaya-cikti\/","title":{"rendered":"Trump&#8217;a Suikast Giri\u015fimi: Silahl\u0131 Sald\u0131rgan\u0131n Video G\u00f6r\u00fcnt\u00fcleri Ortaya \u00c7\u0131kt\u0131"},"content":{"rendered":"<h1>Trump&#8217;a Suikast Giri\u015fimi: Silahl\u0131 Sald\u0131rgan\u0131n Video G\u00f6r\u00fcnt\u00fcleri Ortaya \u00c7\u0131kt\u0131<\/h1>\n<p>Federal savc\u0131lar, bir silahl\u0131 adam\u0131n Beyaz Saray Muhabirleri Derne\u011fi yemekte Ba\u015fkan Donald Trump&#8217;u \u00f6ld\u00fcrme giri\u015fimiyle_resultalanmak \u00fczere g\u00f6zalt\u0131na al\u0131nd\u0131\u011f\u0131n\u0131 g\u00f6steren bir video yay\u0131nlad\u0131. Washington&#8217;\u0131n \u00fcst d\u00fczey federal savc\u0131s\u0131 Jeanine Pirro,&#8230;<\/p>\n<h2>**Olay\u0131n Detaylar\u0131**<\/h2>\n<p>Silahl\u0131 sald\u0131rgan, Cole Tomas Allen&#8217;\u0131n, Ba\u015fkan Trump&#8217;\u0131 \u00f6ld\u00fcrmeye \u00e7al\u0131\u015ft\u0131\u011f\u0131 iddia ediliyor. Federal mahkeme belgelerine g\u00f6re, Allen, 28 Nisan&#8217;da Beyaz Saray Muhabirleri Derne\u011fi yeme\u011fine kat\u0131lmak \u00fczere Washington&#8217;a geldi.<\/p>\n<h3>**Savc\u0131l\u0131\u011f\u0131n \u0130ddialar\u0131**<\/h3>\n<p>Federal savc\u0131lar, Allen&#8217;\u0131n <b>silahl\u0131<\/b> ve <b>tehlikeli<\/b> oldu\u011funu, Ba\u015fkan Trump&#8217;\u0131 <b>\u00f6ld\u00fcrme<\/b> giri\u015fiminde bulundu\u011funu iddia ediyor. Savc\u0131lar, ayr\u0131ca Allen&#8217;\u0131n <b>suikast<\/b> planlar\u0131n\u0131 sosyal medyada payla\u015ft\u0131\u011f\u0131n\u0131 ve <b>silah<\/b> sat\u0131n ald\u0131\u011f\u0131n\u0131 \u00f6ne s\u00fcr\u00fcyor.<\/p>\n<h2>**Analiz**<\/h2>\n<p>Ba\u015fkan Trump&#8217;a y\u00f6nelik suikast giri\u015fimleri, Amerika Birle\u015fik Devletleri&#8217;nde <b>siyasi gerilimi<\/b> art\u0131rmaya devam ediyor. Bu t\u00fcr olaylar, <b>toplum<\/b> \u00fczerinde <b>negatif<\/b> bir etki yarat\u0131yor ve <b>ekonomik<\/b> ve <b>siyasi<\/b> istikrar\u0131 tehdit ediyor.<\/p>\n","protected":false},"excerpt":{"rendered":"<p>Silahl\u0131 sald\u0131rgan\u0131n video g\u00f6r\u00fcnt\u00fcleri ortaya \u00e7\u0131kt\u0131. Ba\u015fkan Trump&#8217;a y\u00f6nelik suikast giri\u015fimi<\/p>\n","protected":false},"author":3,"featured_media":513,"comment_status":"open","ping_status":"open","sticky":false,"template":"","format":"standard","meta":{"googlesitekit_rrm_CAow15e3DA:productID":"","_coblocks_attr":"","_coblocks_dimensions":"","_coblocks_responsive_height":"","_coblocks_accordion_ie_support":"","_ai_summary":"","_external_image_url":"https:\/\/dims.apnews.com\/dims4\/default\/2e20f4c\/2147483647\/strip\/true\/crop\/4032x2687+0+1\/resize\/980x653!\/quality\/90\/?url=https%3A%2F%2Fassets.apnews.com%2F25%2F05%2F0a1ce8ad32b1d9428c980e0ad15f%2F8998f33760cc4ebfa6a9b6cd2b2dd191","footnotes":""},"categories":[50,5,26],"tags":[155,154,153,118],"class_list":["post-512","post","type-post","status-publish","format-standard","has-post-thumbnail","hentry","category-aydin-siyaset","category-dunya","category-siyaset","tag-cole-tomas-allen","tag-correspondents-dinner","tag-suikast","tag-trump"],"yoast_head":"<!-- This site is optimized with the Yoast SEO plugin v27.5 - https:\/\/yoast.com\/product\/yoast-seo-wordpress\/ -->\n<title>Trump&#039;a Suikast Giri\u015fimi: Silahl\u0131 Sald\u0131rgan\u0131n Video G\u00f6r\u00fcnt\u00fcleri Ortaya \u00c7\u0131kt\u0131 - Tralleskop<\/title>\n<meta name=\"robots\" content=\"index, follow, max-snippet:-1, max-image-preview:large, max-video-preview:-1\" \/>\n<link rel=\"canonical\" href=\"https:\/\/tralleskop.com\/index.php\/2026\/05\/02\/trumpa-suikast-girisimi-silahli-saldirganin-video-goruntuleri-ortaya-cikti\/\" \/>\n<meta property=\"og:locale\" content=\"tr_TR\" \/>\n<meta property=\"og:type\" content=\"article\" \/>\n<meta property=\"og:title\" content=\"Trump&#039;a Suikast Giri\u015fimi: Silahl\u0131 Sald\u0131rgan\u0131n Video G\u00f6r\u00fcnt\u00fcleri Ortaya \u00c7\u0131kt\u0131 - Tralleskop\" \/>\n<meta property=\"og:description\" content=\"Silahl\u0131 sald\u0131rgan\u0131n video g\u00f6r\u00fcnt\u00fcleri ortaya \u00e7\u0131kt\u0131. Ba\u015fkan Trump&#039;a y\u00f6nelik suikast giri\u015fimi\" \/>\n<meta property=\"og:url\" content=\"https:\/\/tralleskop.com\/index.php\/2026\/05\/02\/trumpa-suikast-girisimi-silahli-saldirganin-video-goruntuleri-ortaya-cikti\/\" \/>\n<meta property=\"og:site_name\" content=\"Tralleskop\" \/>\n<meta property=\"article:published_time\" content=\"2026-05-01T21:45:07+00:00\" \/>\n<meta name=\"author\" content=\"Yapay Zeka\" \/>\n<meta name=\"twitter:card\" content=\"summary_large_image\" \/>\n<meta name=\"twitter:label1\" content=\"Yazan:\" \/>\n\t<meta name=\"twitter:data1\" content=\"Yapay Zeka\" \/>\n\t<meta name=\"twitter:label2\" content=\"Tahmini okuma s\u00fcresi\" \/>\n\t<meta name=\"twitter:data2\" content=\"1 dakika\" \/>\n<script type=\"application\/ld+json\" class=\"yoast-schema-graph\">{\"@context\":\"https:\\\/\\\/schema.org\",\"@graph\":[{\"@type\":\"Article\",\"@id\":\"https:\\\/\\\/tralleskop.com\\\/index.php\\\/2026\\\/05\\\/02\\\/trumpa-suikast-girisimi-silahli-saldirganin-video-goruntuleri-ortaya-cikti\\\/#article\",\"isPartOf\":{\"@id\":\"https:\\\/\\\/tralleskop.com\\\/index.php\\\/2026\\\/05\\\/02\\\/trumpa-suikast-girisimi-silahli-saldirganin-video-goruntuleri-ortaya-cikti\\\/\"},\"author\":{\"name\":\"Yapay Zeka\",\"@id\":\"https:\\\/\\\/tralleskop.com\\\/#\\\/schema\\\/person\\\/07eabec51c3edefcb97f005e5a24dc85\"},\"headline\":\"Trump&#8217;a Suikast Giri\u015fimi: Silahl\u0131 Sald\u0131rgan\u0131n Video G\u00f6r\u00fcnt\u00fcleri Ortaya \u00c7\u0131kt\u0131\",\"datePublished\":\"2026-05-01T21:45:07+00:00\",\"mainEntityOfPage\":{\"@id\":\"https:\\\/\\\/tralleskop.com\\\/index.php\\\/2026\\\/05\\\/02\\\/trumpa-suikast-girisimi-silahli-saldirganin-video-goruntuleri-ortaya-cikti\\\/\"},\"wordCount\":206,\"commentCount\":0,\"publisher\":{\"@id\":\"https:\\\/\\\/tralleskop.com\\\/#organization\"},\"image\":{\"@id\":\"https:\\\/\\\/tralleskop.com\\\/index.php\\\/2026\\\/05\\\/02\\\/trumpa-suikast-girisimi-silahli-saldirganin-video-goruntuleri-ortaya-cikti\\\/#primaryimage\"},\"thumbnailUrl\":\"https:\\\/\\\/tralleskop.com\\\/wp-content\\\/uploads\\\/2026\\\/05\\\/90-4.jpg\",\"keywords\":[\"Cole Tomas Allen\",\"correspondents dinner\",\"suikast\",\"Trump\"],\"articleSection\":[\"Ayd\u0131n Siyaset\",\"d\u00fcnya\",\"Siyaset\"],\"inLanguage\":\"tr\",\"potentialAction\":[{\"@type\":\"CommentAction\",\"name\":\"Comment\",\"target\":[\"https:\\\/\\\/tralleskop.com\\\/index.php\\\/2026\\\/05\\\/02\\\/trumpa-suikast-girisimi-silahli-saldirganin-video-goruntuleri-ortaya-cikti\\\/#respond\"]}]},{\"@type\":\"WebPage\",\"@id\":\"https:\\\/\\\/tralleskop.com\\\/index.php\\\/2026\\\/05\\\/02\\\/trumpa-suikast-girisimi-silahli-saldirganin-video-goruntuleri-ortaya-cikti\\\/\",\"url\":\"https:\\\/\\\/tralleskop.com\\\/index.php\\\/2026\\\/05\\\/02\\\/trumpa-suikast-girisimi-silahli-saldirganin-video-goruntuleri-ortaya-cikti\\\/\",\"name\":\"Trump'a Suikast Giri\u015fimi: Silahl\u0131 Sald\u0131rgan\u0131n Video G\u00f6r\u00fcnt\u00fcleri Ortaya \u00c7\u0131kt\u0131 - Tralleskop\",\"isPartOf\":{\"@id\":\"https:\\\/\\\/tralleskop.com\\\/#website\"},\"primaryImageOfPage\":{\"@id\":\"https:\\\/\\\/tralleskop.com\\\/index.php\\\/2026\\\/05\\\/02\\\/trumpa-suikast-girisimi-silahli-saldirganin-video-goruntuleri-ortaya-cikti\\\/#primaryimage\"},\"image\":{\"@id\":\"https:\\\/\\\/tralleskop.com\\\/index.php\\\/2026\\\/05\\\/02\\\/trumpa-suikast-girisimi-silahli-saldirganin-video-goruntuleri-ortaya-cikti\\\/#primaryimage\"},\"thumbnailUrl\":\"https:\\\/\\\/tralleskop.com\\\/wp-content\\\/uploads\\\/2026\\\/05\\\/90-4.jpg\",\"datePublished\":\"2026-05-01T21:45:07+00:00\",\"breadcrumb\":{\"@id\":\"https:\\\/\\\/tralleskop.com\\\/index.php\\\/2026\\\/05\\\/02\\\/trumpa-suikast-girisimi-silahli-saldirganin-video-goruntuleri-ortaya-cikti\\\/#breadcrumb\"},\"inLanguage\":\"tr\",\"potentialAction\":[{\"@type\":\"ReadAction\",\"target\":[\"https:\\\/\\\/tralleskop.com\\\/index.php\\\/2026\\\/05\\\/02\\\/trumpa-suikast-girisimi-silahli-saldirganin-video-goruntuleri-ortaya-cikti\\\/\"]}]},{\"@type\":\"ImageObject\",\"inLanguage\":\"tr\",\"@id\":\"https:\\\/\\\/tralleskop.com\\\/index.php\\\/2026\\\/05\\\/02\\\/trumpa-suikast-girisimi-silahli-saldirganin-video-goruntuleri-ortaya-cikti\\\/#primaryimage\",\"url\":\"https:\\\/\\\/tralleskop.com\\\/wp-content\\\/uploads\\\/2026\\\/05\\\/90-4.jpg\",\"contentUrl\":\"https:\\\/\\\/tralleskop.com\\\/wp-content\\\/uploads\\\/2026\\\/05\\\/90-4.jpg\",\"width\":980,\"height\":653},{\"@type\":\"BreadcrumbList\",\"@id\":\"https:\\\/\\\/tralleskop.com\\\/index.php\\\/2026\\\/05\\\/02\\\/trumpa-suikast-girisimi-silahli-saldirganin-video-goruntuleri-ortaya-cikti\\\/#breadcrumb\",\"itemListElement\":[{\"@type\":\"ListItem\",\"position\":1,\"name\":\"Anasayfa\",\"item\":\"https:\\\/\\\/tralleskop.com\\\/\"},{\"@type\":\"ListItem\",\"position\":2,\"name\":\"Trump&#8217;a Suikast Giri\u015fimi: Silahl\u0131 Sald\u0131rgan\u0131n Video G\u00f6r\u00fcnt\u00fcleri Ortaya \u00c7\u0131kt\u0131\"}]},{\"@type\":\"WebSite\",\"@id\":\"https:\\\/\\\/tralleskop.com\\\/#website\",\"url\":\"https:\\\/\\\/tralleskop.com\\\/\",\"name\":\"Tralleskop\",\"description\":\"\",\"publisher\":{\"@id\":\"https:\\\/\\\/tralleskop.com\\\/#organization\"},\"potentialAction\":[{\"@type\":\"SearchAction\",\"target\":{\"@type\":\"EntryPoint\",\"urlTemplate\":\"https:\\\/\\\/tralleskop.com\\\/?s={search_term_string}\"},\"query-input\":{\"@type\":\"PropertyValueSpecification\",\"valueRequired\":true,\"valueName\":\"search_term_string\"}}],\"inLanguage\":\"tr\"},{\"@type\":\"Organization\",\"@id\":\"https:\\\/\\\/tralleskop.com\\\/#organization\",\"name\":\"Tralleskop\",\"url\":\"https:\\\/\\\/tralleskop.com\\\/\",\"logo\":{\"@type\":\"ImageObject\",\"inLanguage\":\"tr\",\"@id\":\"https:\\\/\\\/tralleskop.com\\\/#\\\/schema\\\/logo\\\/image\\\/\",\"url\":\"https:\\\/\\\/tralleskop.com\\\/wp-content\\\/uploads\\\/2026\\\/03\\\/logo-1.png\",\"contentUrl\":\"https:\\\/\\\/tralleskop.com\\\/wp-content\\\/uploads\\\/2026\\\/03\\\/logo-1.png\",\"width\":2048,\"height\":2048,\"caption\":\"Tralleskop\"},\"image\":{\"@id\":\"https:\\\/\\\/tralleskop.com\\\/#\\\/schema\\\/logo\\\/image\\\/\"},\"sameAs\":[\"https:\\\/\\\/instagram.com\\\/tralleskop\"]},{\"@type\":\"Person\",\"@id\":\"https:\\\/\\\/tralleskop.com\\\/#\\\/schema\\\/person\\\/07eabec51c3edefcb97f005e5a24dc85\",\"name\":\"Yapay Zeka\",\"image\":{\"@type\":\"ImageObject\",\"inLanguage\":\"tr\",\"@id\":\"https:\\\/\\\/secure.gravatar.com\\\/avatar\\\/e77edf5bd5f891271e5db451c58207840f707caf056fe282ae8443fe299d6b9c?s=96&d=mm&r=g\",\"url\":\"https:\\\/\\\/secure.gravatar.com\\\/avatar\\\/e77edf5bd5f891271e5db451c58207840f707caf056fe282ae8443fe299d6b9c?s=96&d=mm&r=g\",\"contentUrl\":\"https:\\\/\\\/secure.gravatar.com\\\/avatar\\\/e77edf5bd5f891271e5db451c58207840f707caf056fe282ae8443fe299d6b9c?s=96&d=mm&r=g\",\"caption\":\"Yapay Zeka\"},\"url\":\"https:\\\/\\\/tralleskop.com\\\/index.php\\\/author\\\/yapayzeka\\\/\"}]}<\/script>\n<!-- \/ Yoast SEO plugin. -->","yoast_head_json":{"title":"Trump'a Suikast Giri\u015fimi: Silahl\u0131 Sald\u0131rgan\u0131n Video G\u00f6r\u00fcnt\u00fcleri Ortaya \u00c7\u0131kt\u0131 - Tralleskop","robots":{"index":"index","follow":"follow","max-snippet":"max-snippet:-1","max-image-preview":"max-image-preview:large","max-video-preview":"max-video-preview:-1"},"canonical":"https:\/\/tralleskop.com\/index.php\/2026\/05\/02\/trumpa-suikast-girisimi-silahli-saldirganin-video-goruntuleri-ortaya-cikti\/","og_locale":"tr_TR","og_type":"article","og_title":"Trump'a Suikast Giri\u015fimi: Silahl\u0131 Sald\u0131rgan\u0131n Video G\u00f6r\u00fcnt\u00fcleri Ortaya \u00c7\u0131kt\u0131 - Tralleskop","og_description":"Silahl\u0131 sald\u0131rgan\u0131n video g\u00f6r\u00fcnt\u00fcleri ortaya \u00e7\u0131kt\u0131. Ba\u015fkan Trump'a y\u00f6nelik suikast giri\u015fimi","og_url":"https:\/\/tralleskop.com\/index.php\/2026\/05\/02\/trumpa-suikast-girisimi-silahli-saldirganin-video-goruntuleri-ortaya-cikti\/","og_site_name":"Tralleskop","article_published_time":"2026-05-01T21:45:07+00:00","author":"Yapay Zeka","twitter_card":"summary_large_image","twitter_misc":{"Yazan:":"Yapay Zeka","Tahmini okuma s\u00fcresi":"1 dakika"},"schema":{"@context":"https:\/\/schema.org","@graph":[{"@type":"Article","@id":"https:\/\/tralleskop.com\/index.php\/2026\/05\/02\/trumpa-suikast-girisimi-silahli-saldirganin-video-goruntuleri-ortaya-cikti\/#article","isPartOf":{"@id":"https:\/\/tralleskop.com\/index.php\/2026\/05\/02\/trumpa-suikast-girisimi-silahli-saldirganin-video-goruntuleri-ortaya-cikti\/"},"author":{"name":"Yapay Zeka","@id":"https:\/\/tralleskop.com\/#\/schema\/person\/07eabec51c3edefcb97f005e5a24dc85"},"headline":"Trump&#8217;a Suikast Giri\u015fimi: Silahl\u0131 Sald\u0131rgan\u0131n Video G\u00f6r\u00fcnt\u00fcleri Ortaya \u00c7\u0131kt\u0131","datePublished":"2026-05-01T21:45:07+00:00","mainEntityOfPage":{"@id":"https:\/\/tralleskop.com\/index.php\/2026\/05\/02\/trumpa-suikast-girisimi-silahli-saldirganin-video-goruntuleri-ortaya-cikti\/"},"wordCount":206,"commentCount":0,"publisher":{"@id":"https:\/\/tralleskop.com\/#organization"},"image":{"@id":"https:\/\/tralleskop.com\/index.php\/2026\/05\/02\/trumpa-suikast-girisimi-silahli-saldirganin-video-goruntuleri-ortaya-cikti\/#primaryimage"},"thumbnailUrl":"https:\/\/tralleskop.com\/wp-content\/uploads\/2026\/05\/90-4.jpg","keywords":["Cole Tomas Allen","correspondents dinner","suikast","Trump"],"articleSection":["Ayd\u0131n Siyaset","d\u00fcnya","Siyaset"],"inLanguage":"tr","potentialAction":[{"@type":"CommentAction","name":"Comment","target":["https:\/\/tralleskop.com\/index.php\/2026\/05\/02\/trumpa-suikast-girisimi-silahli-saldirganin-video-goruntuleri-ortaya-cikti\/#respond"]}]},{"@type":"WebPage","@id":"https:\/\/tralleskop.com\/index.php\/2026\/05\/02\/trumpa-suikast-girisimi-silahli-saldirganin-video-goruntuleri-ortaya-cikti\/","url":"https:\/\/tralleskop.com\/index.php\/2026\/05\/02\/trumpa-suikast-girisimi-silahli-saldirganin-video-goruntuleri-ortaya-cikti\/","name":"Trump'a Suikast Giri\u015fimi: Silahl\u0131 Sald\u0131rgan\u0131n Video G\u00f6r\u00fcnt\u00fcleri Ortaya \u00c7\u0131kt\u0131 - Tralleskop","isPartOf":{"@id":"https:\/\/tralleskop.com\/#website"},"primaryImageOfPage":{"@id":"https:\/\/tralleskop.com\/index.php\/2026\/05\/02\/trumpa-suikast-girisimi-silahli-saldirganin-video-goruntuleri-ortaya-cikti\/#primaryimage"},"image":{"@id":"https:\/\/tralleskop.com\/index.php\/2026\/05\/02\/trumpa-suikast-girisimi-silahli-saldirganin-video-goruntuleri-ortaya-cikti\/#primaryimage"},"thumbnailUrl":"https:\/\/tralleskop.com\/wp-content\/uploads\/2026\/05\/90-4.jpg","datePublished":"2026-05-01T21:45:07+00:00","breadcrumb":{"@id":"https:\/\/tralleskop.com\/index.php\/2026\/05\/02\/trumpa-suikast-girisimi-silahli-saldirganin-video-goruntuleri-ortaya-cikti\/#breadcrumb"},"inLanguage":"tr","potentialAction":[{"@type":"ReadAction","target":["https:\/\/tralleskop.com\/index.php\/2026\/05\/02\/trumpa-suikast-girisimi-silahli-saldirganin-video-goruntuleri-ortaya-cikti\/"]}]},{"@type":"ImageObject","inLanguage":"tr","@id":"https:\/\/tralleskop.com\/index.php\/2026\/05\/02\/trumpa-suikast-girisimi-silahli-saldirganin-video-goruntuleri-ortaya-cikti\/#primaryimage","url":"https:\/\/tralleskop.com\/wp-content\/uploads\/2026\/05\/90-4.jpg","contentUrl":"https:\/\/tralleskop.com\/wp-content\/uploads\/2026\/05\/90-4.jpg","width":980,"height":653},{"@type":"BreadcrumbList","@id":"https:\/\/tralleskop.com\/index.php\/2026\/05\/02\/trumpa-suikast-girisimi-silahli-saldirganin-video-goruntuleri-ortaya-cikti\/#breadcrumb","itemListElement":[{"@type":"ListItem","position":1,"name":"Anasayfa","item":"https:\/\/tralleskop.com\/"},{"@type":"ListItem","position":2,"name":"Trump&#8217;a Suikast Giri\u015fimi: Silahl\u0131 Sald\u0131rgan\u0131n Video G\u00f6r\u00fcnt\u00fcleri Ortaya \u00c7\u0131kt\u0131"}]},{"@type":"WebSite","@id":"https:\/\/tralleskop.com\/#website","url":"https:\/\/tralleskop.com\/","name":"Tralleskop","description":"","publisher":{"@id":"https:\/\/tralleskop.com\/#organization"},"potentialAction":[{"@type":"SearchAction","target":{"@type":"EntryPoint","urlTemplate":"https:\/\/tralleskop.com\/?s={search_term_string}"},"query-input":{"@type":"PropertyValueSpecification","valueRequired":true,"valueName":"search_term_string"}}],"inLanguage":"tr"},{"@type":"Organization","@id":"https:\/\/tralleskop.com\/#organization","name":"Tralleskop","url":"https:\/\/tralleskop.com\/","logo":{"@type":"ImageObject","inLanguage":"tr","@id":"https:\/\/tralleskop.com\/#\/schema\/logo\/image\/","url":"https:\/\/tralleskop.com\/wp-content\/uploads\/2026\/03\/logo-1.png","contentUrl":"https:\/\/tralleskop.com\/wp-content\/uploads\/2026\/03\/logo-1.png","width":2048,"height":2048,"caption":"Tralleskop"},"image":{"@id":"https:\/\/tralleskop.com\/#\/schema\/logo\/image\/"},"sameAs":["https:\/\/instagram.com\/tralleskop"]},{"@type":"Person","@id":"https:\/\/tralleskop.com\/#\/schema\/person\/07eabec51c3edefcb97f005e5a24dc85","name":"Yapay Zeka","image":{"@type":"ImageObject","inLanguage":"tr","@id":"https:\/\/secure.gravatar.com\/avatar\/e77edf5bd5f891271e5db451c58207840f707caf056fe282ae8443fe299d6b9c?s=96&d=mm&r=g","url":"https:\/\/secure.gravatar.com\/avatar\/e77edf5bd5f891271e5db451c58207840f707caf056fe282ae8443fe299d6b9c?s=96&d=mm&r=g","contentUrl":"https:\/\/secure.gravatar.com\/avatar\/e77edf5bd5f891271e5db451c58207840f707caf056fe282ae8443fe299d6b9c?s=96&d=mm&r=g","caption":"Yapay Zeka"},"url":"https:\/\/tralleskop.com\/index.php\/author\/yapayzeka\/"}]}},"jetpack_featured_media_url":"https:\/\/tralleskop.com\/wp-content\/uploads\/2026\/05\/90-4.jpg","_links":{"self":[{"href":"https:\/\/tralleskop.com\/index.php\/wp-json\/wp\/v2\/posts\/512","targetHints":{"allow":["GET"]}}],"collection":[{"href":"https:\/\/tralleskop.com\/index.php\/wp-json\/wp\/v2\/posts"}],"about":[{"href":"https:\/\/tralleskop.com\/index.php\/wp-json\/wp\/v2\/types\/post"}],"author":[{"embeddable":true,"href":"https:\/\/tralleskop.com\/index.php\/wp-json\/wp\/v2\/users\/3"}],"replies":[{"embeddable":true,"href":"https:\/\/tralleskop.com\/index.php\/wp-json\/wp\/v2\/comments?post=512"}],"version-history":[{"count":0,"href":"https:\/\/tralleskop.com\/index.php\/wp-json\/wp\/v2\/posts\/512\/revisions"}],"wp:featuredmedia":[{"embeddable":true,"href":"https:\/\/tralleskop.com\/index.php\/wp-json\/wp\/v2\/media\/513"}],"wp:attachment":[{"href":"https:\/\/tralleskop.com\/index.php\/wp-json\/wp\/v2\/media?parent=512"}],"wp:term":[{"taxonomy":"category","embeddable":true,"href":"https:\/\/tralleskop.com\/index.php\/wp-json\/wp\/v2\/categories?post=512"},{"taxonomy":"post_tag","embeddable":true,"href":"https:\/\/tralleskop.com\/index.php\/wp-json\/wp\/v2\/tags?post=512"}],"curies":[{"name":"wp","href":"https:\/\/api.w.org\/{rel}","templated":true}]}}