{"id":510,"date":"2026-05-02T00:30:08","date_gmt":"2026-05-01T21:30:08","guid":{"rendered":"https:\/\/tralleskop.com\/index.php\/2026\/05\/02\/applein-izlenen-2026-ikinci-ceyrek-finansal-sonuclari-aciklandi\/"},"modified":"2026-05-02T00:30:08","modified_gmt":"2026-05-01T21:30:08","slug":"applein-izlenen-2026-ikinci-ceyrek-finansal-sonuclari-aciklandi","status":"publish","type":"post","link":"https:\/\/tralleskop.com\/index.php\/2026\/05\/02\/applein-izlenen-2026-ikinci-ceyrek-finansal-sonuclari-aciklandi\/","title":{"rendered":"Apple&#8217;\u0131n \u0130zlenen 2026 \u0130kinci \u00c7eyrek Finansal Sonu\u00e7lar\u0131 A\u00e7\u0131kland\u0131"},"content":{"rendered":"<h1>Apple&#8217;\u0131n \u0130zlenen 2026 \u0130kinci \u00c7eyrek Finansal Sonu\u00e7lar\u0131 A\u00e7\u0131kland\u0131<\/h1>\n<p>Apple bug\u00fcn **28 Mart 2026** tarihine kadar sona eren mali 2026 ikinci \u00e7eyrekfinancial sonu\u00e7lar\u0131n\u0131 a\u00e7\u0131klad\u0131. Bu sonu\u00e7lar teknoloji d\u00fcnyas\u0131nda b\u00fcy\u00fck bir merakla bekleniyordu.<\/p>\n<h2>Finansal Sonu\u00e7lar Detaylar\u0131<\/h2>\n<p>Apple&#8217;\u0131n mali 2026 ikinci \u00e7eyrekresults sonu\u00e7lar\u0131n\u0131 a\u00e7\u0131klamas\u0131yla birlikte \u015firketin **gelir** ve **k\u00e2r** rakamlar\u0131na ili\u015fkin bilgiler payla\u015f\u0131ld\u0131. Bu finansal sonu\u00e7lar teknoloji devinin y\u0131l\u0131 **performans\u0131n\u0131** de\u011ferlendirmek a\u00e7\u0131s\u0131ndan \u00f6nemli.<\/p>\n<h3>\u0130\u00e7eriden D\u0131\u015far\u0131ya Etkileri<\/h3>\n<p>Apple&#8217;\u0131n finansal sonu\u00e7lar\u0131n\u0131n **pazar** ve **ekonomi** \u00fczerindeki etkileri \u015firketin **yat\u0131r\u0131m** kararlar\u0131 ve gelecekteki **\u00fcr\u00fcn** geli\u015ftirme stratejilerini etkileyebilir. Bu nedenle a\u00e7\u0131klanan r\u00e9sultats b\u00fcy\u00fck bir ilgi g\u00f6rmeye devam ediyor.<\/p>\n<h2>Analiz<\/h2>\n<p>Apple&#8217;\u0131n ikinci \u00e7eyrek financial sonu\u00e7lar\u0131n\u0131n **toplum** ve **ekonomi** \u00fczerindeki etkileri hakk\u0131nda yap\u0131lan **analizler**, \u015firketin **inovasyon** yetene\u011fi ve **mobil** teknolojideki liderli\u011finin \u00f6n plana \u00e7\u0131kmas\u0131n\u0131 vurgulad\u0131. Bu durum, Apple&#8217;\u0131n gelecekte de **sekt\u00f6r\u00fcn** \u00f6nde gelen \u015firketlerinden biri olarak kalaca\u011f\u0131n\u0131 g\u00f6steriyor.<\/p>\n","protected":false},"excerpt":{"rendered":"<p>Apple, mali 2026 ikinci \u00e7eyrek financial sonu\u00e7lar\u0131n\u0131 a\u00e7\u0131klad\u0131. \u0130\u015fte gelir ve k\u00e2r rakamlar\u0131na ili\u015fkin detaylar.<\/p>\n","protected":false},"author":3,"featured_media":511,"comment_status":"open","ping_status":"open","sticky":false,"template":"","format":"standard","meta":{"googlesitekit_rrm_CAow15e3DA:productID":"","_coblocks_attr":"","_coblocks_dimensions":"","_coblocks_responsive_height":"","_coblocks_accordion_ie_support":"","_ai_summary":"","_external_image_url":"https:\/\/www.apple.com\/newsroom\/images\/default\/apple-logo-og.jpg?202604302032","footnotes":""},"categories":[19,21,48],"tags":[150,61,151,152,57],"class_list":["post-510","post","type-post","status-publish","format-standard","has-post-thumbnail","hentry","category-ekonomi","category-teknoloji","category-aydin-ekonomi","tag-apple","tag-ekonomi","tag-finansal-sonuclar","tag-sektor","tag-teknoloji"],"yoast_head":"<!-- This site is optimized with the Yoast SEO plugin v27.5 - https:\/\/yoast.com\/product\/yoast-seo-wordpress\/ -->\n<title>Apple&#039;\u0131n \u0130zlenen 2026 \u0130kinci \u00c7eyrek Finansal Sonu\u00e7lar\u0131 A\u00e7\u0131kland\u0131 - Tralleskop<\/title>\n<meta name=\"robots\" content=\"index, follow, max-snippet:-1, max-image-preview:large, max-video-preview:-1\" \/>\n<link rel=\"canonical\" href=\"https:\/\/tralleskop.com\/index.php\/2026\/05\/02\/applein-izlenen-2026-ikinci-ceyrek-finansal-sonuclari-aciklandi\/\" \/>\n<meta property=\"og:locale\" content=\"tr_TR\" \/>\n<meta property=\"og:type\" content=\"article\" \/>\n<meta property=\"og:title\" content=\"Apple&#039;\u0131n \u0130zlenen 2026 \u0130kinci \u00c7eyrek Finansal Sonu\u00e7lar\u0131 A\u00e7\u0131kland\u0131 - Tralleskop\" \/>\n<meta property=\"og:description\" content=\"Apple, mali 2026 ikinci \u00e7eyrek financial sonu\u00e7lar\u0131n\u0131 a\u00e7\u0131klad\u0131. \u0130\u015fte gelir ve k\u00e2r rakamlar\u0131na ili\u015fkin detaylar.\" \/>\n<meta property=\"og:url\" content=\"https:\/\/tralleskop.com\/index.php\/2026\/05\/02\/applein-izlenen-2026-ikinci-ceyrek-finansal-sonuclari-aciklandi\/\" \/>\n<meta property=\"og:site_name\" content=\"Tralleskop\" \/>\n<meta property=\"article:published_time\" content=\"2026-05-01T21:30:08+00:00\" \/>\n<meta name=\"author\" content=\"Yapay Zeka\" \/>\n<meta name=\"twitter:card\" content=\"summary_large_image\" \/>\n<meta name=\"twitter:label1\" content=\"Yazan:\" \/>\n\t<meta name=\"twitter:data1\" content=\"Yapay Zeka\" \/>\n\t<meta name=\"twitter:label2\" content=\"Tahmini okuma s\u00fcresi\" \/>\n\t<meta name=\"twitter:data2\" content=\"1 dakika\" \/>\n<script type=\"application\/ld+json\" class=\"yoast-schema-graph\">{\"@context\":\"https:\\\/\\\/schema.org\",\"@graph\":[{\"@type\":\"Article\",\"@id\":\"https:\\\/\\\/tralleskop.com\\\/index.php\\\/2026\\\/05\\\/02\\\/applein-izlenen-2026-ikinci-ceyrek-finansal-sonuclari-aciklandi\\\/#article\",\"isPartOf\":{\"@id\":\"https:\\\/\\\/tralleskop.com\\\/index.php\\\/2026\\\/05\\\/02\\\/applein-izlenen-2026-ikinci-ceyrek-finansal-sonuclari-aciklandi\\\/\"},\"author\":{\"name\":\"Yapay Zeka\",\"@id\":\"https:\\\/\\\/tralleskop.com\\\/#\\\/schema\\\/person\\\/07eabec51c3edefcb97f005e5a24dc85\"},\"headline\":\"Apple&#8217;\u0131n \u0130zlenen 2026 \u0130kinci \u00c7eyrek Finansal Sonu\u00e7lar\u0131 A\u00e7\u0131kland\u0131\",\"datePublished\":\"2026-05-01T21:30:08+00:00\",\"mainEntityOfPage\":{\"@id\":\"https:\\\/\\\/tralleskop.com\\\/index.php\\\/2026\\\/05\\\/02\\\/applein-izlenen-2026-ikinci-ceyrek-finansal-sonuclari-aciklandi\\\/\"},\"wordCount\":190,\"commentCount\":0,\"publisher\":{\"@id\":\"https:\\\/\\\/tralleskop.com\\\/#organization\"},\"image\":{\"@id\":\"https:\\\/\\\/tralleskop.com\\\/index.php\\\/2026\\\/05\\\/02\\\/applein-izlenen-2026-ikinci-ceyrek-finansal-sonuclari-aciklandi\\\/#primaryimage\"},\"thumbnailUrl\":\"https:\\\/\\\/tralleskop.com\\\/wp-content\\\/uploads\\\/2026\\\/05\\\/apple-logo-og.jpg.jpg\",\"keywords\":[\"Apple\",\"Ekonomi\",\"finansal sonu\u00e7lar\",\"sekt\u00f6r\",\"Teknoloji\"],\"articleSection\":[\"Ekonomi\",\"Teknoloji\",\"Yerel Ekonomi\"],\"inLanguage\":\"tr\",\"potentialAction\":[{\"@type\":\"CommentAction\",\"name\":\"Comment\",\"target\":[\"https:\\\/\\\/tralleskop.com\\\/index.php\\\/2026\\\/05\\\/02\\\/applein-izlenen-2026-ikinci-ceyrek-finansal-sonuclari-aciklandi\\\/#respond\"]}]},{\"@type\":\"WebPage\",\"@id\":\"https:\\\/\\\/tralleskop.com\\\/index.php\\\/2026\\\/05\\\/02\\\/applein-izlenen-2026-ikinci-ceyrek-finansal-sonuclari-aciklandi\\\/\",\"url\":\"https:\\\/\\\/tralleskop.com\\\/index.php\\\/2026\\\/05\\\/02\\\/applein-izlenen-2026-ikinci-ceyrek-finansal-sonuclari-aciklandi\\\/\",\"name\":\"Apple'\u0131n \u0130zlenen 2026 \u0130kinci \u00c7eyrek Finansal Sonu\u00e7lar\u0131 A\u00e7\u0131kland\u0131 - Tralleskop\",\"isPartOf\":{\"@id\":\"https:\\\/\\\/tralleskop.com\\\/#website\"},\"primaryImageOfPage\":{\"@id\":\"https:\\\/\\\/tralleskop.com\\\/index.php\\\/2026\\\/05\\\/02\\\/applein-izlenen-2026-ikinci-ceyrek-finansal-sonuclari-aciklandi\\\/#primaryimage\"},\"image\":{\"@id\":\"https:\\\/\\\/tralleskop.com\\\/index.php\\\/2026\\\/05\\\/02\\\/applein-izlenen-2026-ikinci-ceyrek-finansal-sonuclari-aciklandi\\\/#primaryimage\"},\"thumbnailUrl\":\"https:\\\/\\\/tralleskop.com\\\/wp-content\\\/uploads\\\/2026\\\/05\\\/apple-logo-og.jpg.jpg\",\"datePublished\":\"2026-05-01T21:30:08+00:00\",\"breadcrumb\":{\"@id\":\"https:\\\/\\\/tralleskop.com\\\/index.php\\\/2026\\\/05\\\/02\\\/applein-izlenen-2026-ikinci-ceyrek-finansal-sonuclari-aciklandi\\\/#breadcrumb\"},\"inLanguage\":\"tr\",\"potentialAction\":[{\"@type\":\"ReadAction\",\"target\":[\"https:\\\/\\\/tralleskop.com\\\/index.php\\\/2026\\\/05\\\/02\\\/applein-izlenen-2026-ikinci-ceyrek-finansal-sonuclari-aciklandi\\\/\"]}]},{\"@type\":\"ImageObject\",\"inLanguage\":\"tr\",\"@id\":\"https:\\\/\\\/tralleskop.com\\\/index.php\\\/2026\\\/05\\\/02\\\/applein-izlenen-2026-ikinci-ceyrek-finansal-sonuclari-aciklandi\\\/#primaryimage\",\"url\":\"https:\\\/\\\/tralleskop.com\\\/wp-content\\\/uploads\\\/2026\\\/05\\\/apple-logo-og.jpg.jpg\",\"contentUrl\":\"https:\\\/\\\/tralleskop.com\\\/wp-content\\\/uploads\\\/2026\\\/05\\\/apple-logo-og.jpg.jpg\",\"width\":1200,\"height\":630},{\"@type\":\"BreadcrumbList\",\"@id\":\"https:\\\/\\\/tralleskop.com\\\/index.php\\\/2026\\\/05\\\/02\\\/applein-izlenen-2026-ikinci-ceyrek-finansal-sonuclari-aciklandi\\\/#breadcrumb\",\"itemListElement\":[{\"@type\":\"ListItem\",\"position\":1,\"name\":\"Anasayfa\",\"item\":\"https:\\\/\\\/tralleskop.com\\\/\"},{\"@type\":\"ListItem\",\"position\":2,\"name\":\"Apple&#8217;\u0131n \u0130zlenen 2026 \u0130kinci \u00c7eyrek Finansal Sonu\u00e7lar\u0131 A\u00e7\u0131kland\u0131\"}]},{\"@type\":\"WebSite\",\"@id\":\"https:\\\/\\\/tralleskop.com\\\/#website\",\"url\":\"https:\\\/\\\/tralleskop.com\\\/\",\"name\":\"Tralleskop\",\"description\":\"\",\"publisher\":{\"@id\":\"https:\\\/\\\/tralleskop.com\\\/#organization\"},\"potentialAction\":[{\"@type\":\"SearchAction\",\"target\":{\"@type\":\"EntryPoint\",\"urlTemplate\":\"https:\\\/\\\/tralleskop.com\\\/?s={search_term_string}\"},\"query-input\":{\"@type\":\"PropertyValueSpecification\",\"valueRequired\":true,\"valueName\":\"search_term_string\"}}],\"inLanguage\":\"tr\"},{\"@type\":\"Organization\",\"@id\":\"https:\\\/\\\/tralleskop.com\\\/#organization\",\"name\":\"Tralleskop\",\"url\":\"https:\\\/\\\/tralleskop.com\\\/\",\"logo\":{\"@type\":\"ImageObject\",\"inLanguage\":\"tr\",\"@id\":\"https:\\\/\\\/tralleskop.com\\\/#\\\/schema\\\/logo\\\/image\\\/\",\"url\":\"https:\\\/\\\/tralleskop.com\\\/wp-content\\\/uploads\\\/2026\\\/03\\\/logo-1.png\",\"contentUrl\":\"https:\\\/\\\/tralleskop.com\\\/wp-content\\\/uploads\\\/2026\\\/03\\\/logo-1.png\",\"width\":2048,\"height\":2048,\"caption\":\"Tralleskop\"},\"image\":{\"@id\":\"https:\\\/\\\/tralleskop.com\\\/#\\\/schema\\\/logo\\\/image\\\/\"},\"sameAs\":[\"https:\\\/\\\/instagram.com\\\/tralleskop\"]},{\"@type\":\"Person\",\"@id\":\"https:\\\/\\\/tralleskop.com\\\/#\\\/schema\\\/person\\\/07eabec51c3edefcb97f005e5a24dc85\",\"name\":\"Yapay Zeka\",\"image\":{\"@type\":\"ImageObject\",\"inLanguage\":\"tr\",\"@id\":\"https:\\\/\\\/secure.gravatar.com\\\/avatar\\\/e77edf5bd5f891271e5db451c58207840f707caf056fe282ae8443fe299d6b9c?s=96&d=mm&r=g\",\"url\":\"https:\\\/\\\/secure.gravatar.com\\\/avatar\\\/e77edf5bd5f891271e5db451c58207840f707caf056fe282ae8443fe299d6b9c?s=96&d=mm&r=g\",\"contentUrl\":\"https:\\\/\\\/secure.gravatar.com\\\/avatar\\\/e77edf5bd5f891271e5db451c58207840f707caf056fe282ae8443fe299d6b9c?s=96&d=mm&r=g\",\"caption\":\"Yapay Zeka\"},\"url\":\"https:\\\/\\\/tralleskop.com\\\/index.php\\\/author\\\/yapayzeka\\\/\"}]}<\/script>\n<!-- \/ Yoast SEO plugin. -->","yoast_head_json":{"title":"Apple'\u0131n \u0130zlenen 2026 \u0130kinci \u00c7eyrek Finansal Sonu\u00e7lar\u0131 A\u00e7\u0131kland\u0131 - Tralleskop","robots":{"index":"index","follow":"follow","max-snippet":"max-snippet:-1","max-image-preview":"max-image-preview:large","max-video-preview":"max-video-preview:-1"},"canonical":"https:\/\/tralleskop.com\/index.php\/2026\/05\/02\/applein-izlenen-2026-ikinci-ceyrek-finansal-sonuclari-aciklandi\/","og_locale":"tr_TR","og_type":"article","og_title":"Apple'\u0131n \u0130zlenen 2026 \u0130kinci \u00c7eyrek Finansal Sonu\u00e7lar\u0131 A\u00e7\u0131kland\u0131 - Tralleskop","og_description":"Apple, mali 2026 ikinci \u00e7eyrek financial sonu\u00e7lar\u0131n\u0131 a\u00e7\u0131klad\u0131. \u0130\u015fte gelir ve k\u00e2r rakamlar\u0131na ili\u015fkin detaylar.","og_url":"https:\/\/tralleskop.com\/index.php\/2026\/05\/02\/applein-izlenen-2026-ikinci-ceyrek-finansal-sonuclari-aciklandi\/","og_site_name":"Tralleskop","article_published_time":"2026-05-01T21:30:08+00:00","author":"Yapay Zeka","twitter_card":"summary_large_image","twitter_misc":{"Yazan:":"Yapay Zeka","Tahmini okuma s\u00fcresi":"1 dakika"},"schema":{"@context":"https:\/\/schema.org","@graph":[{"@type":"Article","@id":"https:\/\/tralleskop.com\/index.php\/2026\/05\/02\/applein-izlenen-2026-ikinci-ceyrek-finansal-sonuclari-aciklandi\/#article","isPartOf":{"@id":"https:\/\/tralleskop.com\/index.php\/2026\/05\/02\/applein-izlenen-2026-ikinci-ceyrek-finansal-sonuclari-aciklandi\/"},"author":{"name":"Yapay Zeka","@id":"https:\/\/tralleskop.com\/#\/schema\/person\/07eabec51c3edefcb97f005e5a24dc85"},"headline":"Apple&#8217;\u0131n \u0130zlenen 2026 \u0130kinci \u00c7eyrek Finansal Sonu\u00e7lar\u0131 A\u00e7\u0131kland\u0131","datePublished":"2026-05-01T21:30:08+00:00","mainEntityOfPage":{"@id":"https:\/\/tralleskop.com\/index.php\/2026\/05\/02\/applein-izlenen-2026-ikinci-ceyrek-finansal-sonuclari-aciklandi\/"},"wordCount":190,"commentCount":0,"publisher":{"@id":"https:\/\/tralleskop.com\/#organization"},"image":{"@id":"https:\/\/tralleskop.com\/index.php\/2026\/05\/02\/applein-izlenen-2026-ikinci-ceyrek-finansal-sonuclari-aciklandi\/#primaryimage"},"thumbnailUrl":"https:\/\/tralleskop.com\/wp-content\/uploads\/2026\/05\/apple-logo-og.jpg.jpg","keywords":["Apple","Ekonomi","finansal sonu\u00e7lar","sekt\u00f6r","Teknoloji"],"articleSection":["Ekonomi","Teknoloji","Yerel Ekonomi"],"inLanguage":"tr","potentialAction":[{"@type":"CommentAction","name":"Comment","target":["https:\/\/tralleskop.com\/index.php\/2026\/05\/02\/applein-izlenen-2026-ikinci-ceyrek-finansal-sonuclari-aciklandi\/#respond"]}]},{"@type":"WebPage","@id":"https:\/\/tralleskop.com\/index.php\/2026\/05\/02\/applein-izlenen-2026-ikinci-ceyrek-finansal-sonuclari-aciklandi\/","url":"https:\/\/tralleskop.com\/index.php\/2026\/05\/02\/applein-izlenen-2026-ikinci-ceyrek-finansal-sonuclari-aciklandi\/","name":"Apple'\u0131n \u0130zlenen 2026 \u0130kinci \u00c7eyrek Finansal Sonu\u00e7lar\u0131 A\u00e7\u0131kland\u0131 - Tralleskop","isPartOf":{"@id":"https:\/\/tralleskop.com\/#website"},"primaryImageOfPage":{"@id":"https:\/\/tralleskop.com\/index.php\/2026\/05\/02\/applein-izlenen-2026-ikinci-ceyrek-finansal-sonuclari-aciklandi\/#primaryimage"},"image":{"@id":"https:\/\/tralleskop.com\/index.php\/2026\/05\/02\/applein-izlenen-2026-ikinci-ceyrek-finansal-sonuclari-aciklandi\/#primaryimage"},"thumbnailUrl":"https:\/\/tralleskop.com\/wp-content\/uploads\/2026\/05\/apple-logo-og.jpg.jpg","datePublished":"2026-05-01T21:30:08+00:00","breadcrumb":{"@id":"https:\/\/tralleskop.com\/index.php\/2026\/05\/02\/applein-izlenen-2026-ikinci-ceyrek-finansal-sonuclari-aciklandi\/#breadcrumb"},"inLanguage":"tr","potentialAction":[{"@type":"ReadAction","target":["https:\/\/tralleskop.com\/index.php\/2026\/05\/02\/applein-izlenen-2026-ikinci-ceyrek-finansal-sonuclari-aciklandi\/"]}]},{"@type":"ImageObject","inLanguage":"tr","@id":"https:\/\/tralleskop.com\/index.php\/2026\/05\/02\/applein-izlenen-2026-ikinci-ceyrek-finansal-sonuclari-aciklandi\/#primaryimage","url":"https:\/\/tralleskop.com\/wp-content\/uploads\/2026\/05\/apple-logo-og.jpg.jpg","contentUrl":"https:\/\/tralleskop.com\/wp-content\/uploads\/2026\/05\/apple-logo-og.jpg.jpg","width":1200,"height":630},{"@type":"BreadcrumbList","@id":"https:\/\/tralleskop.com\/index.php\/2026\/05\/02\/applein-izlenen-2026-ikinci-ceyrek-finansal-sonuclari-aciklandi\/#breadcrumb","itemListElement":[{"@type":"ListItem","position":1,"name":"Anasayfa","item":"https:\/\/tralleskop.com\/"},{"@type":"ListItem","position":2,"name":"Apple&#8217;\u0131n \u0130zlenen 2026 \u0130kinci \u00c7eyrek Finansal Sonu\u00e7lar\u0131 A\u00e7\u0131kland\u0131"}]},{"@type":"WebSite","@id":"https:\/\/tralleskop.com\/#website","url":"https:\/\/tralleskop.com\/","name":"Tralleskop","description":"","publisher":{"@id":"https:\/\/tralleskop.com\/#organization"},"potentialAction":[{"@type":"SearchAction","target":{"@type":"EntryPoint","urlTemplate":"https:\/\/tralleskop.com\/?s={search_term_string}"},"query-input":{"@type":"PropertyValueSpecification","valueRequired":true,"valueName":"search_term_string"}}],"inLanguage":"tr"},{"@type":"Organization","@id":"https:\/\/tralleskop.com\/#organization","name":"Tralleskop","url":"https:\/\/tralleskop.com\/","logo":{"@type":"ImageObject","inLanguage":"tr","@id":"https:\/\/tralleskop.com\/#\/schema\/logo\/image\/","url":"https:\/\/tralleskop.com\/wp-content\/uploads\/2026\/03\/logo-1.png","contentUrl":"https:\/\/tralleskop.com\/wp-content\/uploads\/2026\/03\/logo-1.png","width":2048,"height":2048,"caption":"Tralleskop"},"image":{"@id":"https:\/\/tralleskop.com\/#\/schema\/logo\/image\/"},"sameAs":["https:\/\/instagram.com\/tralleskop"]},{"@type":"Person","@id":"https:\/\/tralleskop.com\/#\/schema\/person\/07eabec51c3edefcb97f005e5a24dc85","name":"Yapay Zeka","image":{"@type":"ImageObject","inLanguage":"tr","@id":"https:\/\/secure.gravatar.com\/avatar\/e77edf5bd5f891271e5db451c58207840f707caf056fe282ae8443fe299d6b9c?s=96&d=mm&r=g","url":"https:\/\/secure.gravatar.com\/avatar\/e77edf5bd5f891271e5db451c58207840f707caf056fe282ae8443fe299d6b9c?s=96&d=mm&r=g","contentUrl":"https:\/\/secure.gravatar.com\/avatar\/e77edf5bd5f891271e5db451c58207840f707caf056fe282ae8443fe299d6b9c?s=96&d=mm&r=g","caption":"Yapay Zeka"},"url":"https:\/\/tralleskop.com\/index.php\/author\/yapayzeka\/"}]}},"jetpack_featured_media_url":"https:\/\/tralleskop.com\/wp-content\/uploads\/2026\/05\/apple-logo-og.jpg.jpg","_links":{"self":[{"href":"https:\/\/tralleskop.com\/index.php\/wp-json\/wp\/v2\/posts\/510","targetHints":{"allow":["GET"]}}],"collection":[{"href":"https:\/\/tralleskop.com\/index.php\/wp-json\/wp\/v2\/posts"}],"about":[{"href":"https:\/\/tralleskop.com\/index.php\/wp-json\/wp\/v2\/types\/post"}],"author":[{"embeddable":true,"href":"https:\/\/tralleskop.com\/index.php\/wp-json\/wp\/v2\/users\/3"}],"replies":[{"embeddable":true,"href":"https:\/\/tralleskop.com\/index.php\/wp-json\/wp\/v2\/comments?post=510"}],"version-history":[{"count":0,"href":"https:\/\/tralleskop.com\/index.php\/wp-json\/wp\/v2\/posts\/510\/revisions"}],"wp:featuredmedia":[{"embeddable":true,"href":"https:\/\/tralleskop.com\/index.php\/wp-json\/wp\/v2\/media\/511"}],"wp:attachment":[{"href":"https:\/\/tralleskop.com\/index.php\/wp-json\/wp\/v2\/media?parent=510"}],"wp:term":[{"taxonomy":"category","embeddable":true,"href":"https:\/\/tralleskop.com\/index.php\/wp-json\/wp\/v2\/categories?post=510"},{"taxonomy":"post_tag","embeddable":true,"href":"https:\/\/tralleskop.com\/index.php\/wp-json\/wp\/v2\/tags?post=510"}],"curies":[{"name":"wp","href":"https:\/\/api.w.org\/{rel}","templated":true}]}}