{"id":504,"date":"2026-05-01T23:45:07","date_gmt":"2026-05-01T20:45:07","guid":{"rendered":"https:\/\/tralleskop.com\/index.php\/2026\/05\/01\/maine-valisi-mills-platner-karsisinda-senato-seciminden-cekildi\/"},"modified":"2026-05-01T23:45:07","modified_gmt":"2026-05-01T20:45:07","slug":"maine-valisi-mills-platner-karsisinda-senato-seciminden-cekildi","status":"publish","type":"post","link":"https:\/\/tralleskop.com\/index.php\/2026\/05\/01\/maine-valisi-mills-platner-karsisinda-senato-seciminden-cekildi\/","title":{"rendered":"Maine Valisi Mills, Platner Kar\u015f\u0131s\u0131nda Senato Se\u00e7iminden \u00c7ekildi"},"content":{"rendered":"<h1>Maine Valisi Mills, Platner Kar\u015f\u0131s\u0131nda Senato Se\u00e7iminden \u00c7ekildi<\/h1>\n<p>Demokratik Parti&#8217;nin Maine Senatosu aday\u0131 Graham Platner, Vali Janet Mills&#8217;in \u043a\u0430\u043cpanya fonu eksikli\u011fi nedeniyle se\u00e7imden \u00e7ekilmesinin ard\u0131ndan, Cumhuriyet\u00e7i Parti Senat\u00f6r\u00fc Susan Collins&#8217;in yerini almak i\u00e7in birlikte \u00e7al\u0131\u015fmak istedi\u011fini belirtti.<\/p>\n<h2>Se\u00e7imden \u00c7ekilme Nedeni<\/h2>\n<p>Vali Janet Mills, kampanya fonu eksikli\u011fi nedeniyle Senato se\u00e7iminden \u00e7ekildi\u011fini a\u00e7\u0131klad\u0131. Mills, se\u00e7im kampanyas\u0131n\u0131n finansal zorluklar nedeniyle ba\u015far\u0131 \u015fans\u0131n\u0131 d\u00fc\u015f\u00fcrd\u00fc\u011f\u00fcn\u00fc belirtti.<\/p>\n<h2>Platner&#8217;in Tepkisi<\/h2>\n<p>Graham Platner, Mills&#8217;in se\u00e7imden \u00e7ekilmesinin ard\u0131ndan birlikte \u00e7al\u0131\u015fmak istedi\u011fini ve Collins&#8217;in yerini almak i\u00e7in \u00e7aba g\u00f6sterece\u011fini s\u00f6yledi. Platner, Mills ile birlikte Maine&#8217;i &#8216;mavi&#8217; yapmaya \u00e7al\u0131\u015facaklar\u0131n\u0131 belirtti.<\/p>\n<h3>Se\u00e7im ve Sonu\u00e7lar\u0131<\/h3>\n<p>Se\u00e7im sonu\u00e7lar\u0131, Maine&#8217;in politik durumunda \u00f6nemli de\u011fi\u015fikliklere neden olabilir. Collins&#8217;in yerini kimin alaca\u011f\u0131 ve Mills&#8217;in se\u00e7imden \u00e7ekilmesinin partilere etkisi, se\u00e7im sonu\u00e7lar\u0131n\u0131 etkileyecek \u00f6nemli fakt\u00f6rler olacak.<\/p>\n<h2>Toplumsal Etki<\/h2>\n<p>Se\u00e7im sonu\u00e7lar\u0131, Maine&#8217;in ekonomik ve toplumsal durumu \u00fczerinde \u00f6nemli etkiler yaratabilir. Se\u00e7ilen senat\u00f6r,\u5dde&#8217;\u0131n politikalar\u0131n\u0131 \u015fekillendirecek ve partilerin gelecekteki se\u00e7im stratejilerini etkileyecek.<\/p>\n","protected":false},"excerpt":{"rendered":"<p>Maine Valisi Janet Mills, kampanya fonu eksikli\u011fi nedeniyle Senato se\u00e7iminden \u00e7ekildi. Graham Platner ile birlikte \u00e7al\u0131\u015fmak istiyor.<\/p>\n","protected":false},"author":3,"featured_media":505,"comment_status":"open","ping_status":"open","sticky":false,"template":"","format":"standard","meta":{"googlesitekit_rrm_CAow15e3DA:productID":"","_coblocks_attr":"","_coblocks_dimensions":"","_coblocks_responsive_height":"","_coblocks_accordion_ie_support":"","_ai_summary":"","_external_image_url":"https:\/\/dims.apnews.com\/dims4\/default\/37f6d1c\/2147483647\/strip\/true\/crop\/4420x2945+0+0\/resize\/980x653!\/quality\/90\/?url=https%3A%2F%2Fassets.apnews.com%2Fef%2F94%2F85c4bbc9b447904cf6deebf55041%2F189207bccb4f40febe25d48fc1975399","footnotes":""},"categories":[50,5,26],"tags":[142,141,140,139,136,138,137],"class_list":["post-504","post","type-post","status-publish","format-standard","has-post-thumbnail","hentry","category-aydin-siyaset","category-dunya","category-siyaset","tag-cumhuriyetci-parti","tag-demokratik-parti","tag-graham-platner","tag-janet-mills","tag-maine","tag-secim","tag-senato"],"yoast_head":"<!-- This site is optimized with the Yoast SEO plugin v27.5 - https:\/\/yoast.com\/product\/yoast-seo-wordpress\/ -->\n<title>Maine Valisi Mills, Platner Kar\u015f\u0131s\u0131nda Senato Se\u00e7iminden \u00c7ekildi - Tralleskop<\/title>\n<meta name=\"robots\" content=\"index, follow, max-snippet:-1, max-image-preview:large, max-video-preview:-1\" \/>\n<link rel=\"canonical\" href=\"https:\/\/tralleskop.com\/index.php\/2026\/05\/01\/maine-valisi-mills-platner-karsisinda-senato-seciminden-cekildi\/\" \/>\n<meta property=\"og:locale\" content=\"tr_TR\" \/>\n<meta property=\"og:type\" content=\"article\" \/>\n<meta property=\"og:title\" content=\"Maine Valisi Mills, Platner Kar\u015f\u0131s\u0131nda Senato Se\u00e7iminden \u00c7ekildi - Tralleskop\" \/>\n<meta property=\"og:description\" content=\"Maine Valisi Janet Mills, kampanya fonu eksikli\u011fi nedeniyle Senato se\u00e7iminden \u00e7ekildi. Graham Platner ile birlikte \u00e7al\u0131\u015fmak istiyor.\" \/>\n<meta property=\"og:url\" content=\"https:\/\/tralleskop.com\/index.php\/2026\/05\/01\/maine-valisi-mills-platner-karsisinda-senato-seciminden-cekildi\/\" \/>\n<meta property=\"og:site_name\" content=\"Tralleskop\" \/>\n<meta property=\"article:published_time\" content=\"2026-05-01T20:45:07+00:00\" \/>\n<meta name=\"author\" content=\"Yapay Zeka\" \/>\n<meta name=\"twitter:card\" content=\"summary_large_image\" \/>\n<meta name=\"twitter:label1\" content=\"Yazan:\" \/>\n\t<meta name=\"twitter:data1\" content=\"Yapay Zeka\" \/>\n\t<meta name=\"twitter:label2\" content=\"Tahmini okuma s\u00fcresi\" \/>\n\t<meta name=\"twitter:data2\" content=\"1 dakika\" \/>\n<script type=\"application\/ld+json\" class=\"yoast-schema-graph\">{\"@context\":\"https:\\\/\\\/schema.org\",\"@graph\":[{\"@type\":\"Article\",\"@id\":\"https:\\\/\\\/tralleskop.com\\\/index.php\\\/2026\\\/05\\\/01\\\/maine-valisi-mills-platner-karsisinda-senato-seciminden-cekildi\\\/#article\",\"isPartOf\":{\"@id\":\"https:\\\/\\\/tralleskop.com\\\/index.php\\\/2026\\\/05\\\/01\\\/maine-valisi-mills-platner-karsisinda-senato-seciminden-cekildi\\\/\"},\"author\":{\"name\":\"Yapay Zeka\",\"@id\":\"https:\\\/\\\/tralleskop.com\\\/#\\\/schema\\\/person\\\/07eabec51c3edefcb97f005e5a24dc85\"},\"headline\":\"Maine Valisi Mills, Platner Kar\u015f\u0131s\u0131nda Senato Se\u00e7iminden \u00c7ekildi\",\"datePublished\":\"2026-05-01T20:45:07+00:00\",\"mainEntityOfPage\":{\"@id\":\"https:\\\/\\\/tralleskop.com\\\/index.php\\\/2026\\\/05\\\/01\\\/maine-valisi-mills-platner-karsisinda-senato-seciminden-cekildi\\\/\"},\"wordCount\":233,\"commentCount\":0,\"publisher\":{\"@id\":\"https:\\\/\\\/tralleskop.com\\\/#organization\"},\"image\":{\"@id\":\"https:\\\/\\\/tralleskop.com\\\/index.php\\\/2026\\\/05\\\/01\\\/maine-valisi-mills-platner-karsisinda-senato-seciminden-cekildi\\\/#primaryimage\"},\"thumbnailUrl\":\"https:\\\/\\\/tralleskop.com\\\/wp-content\\\/uploads\\\/2026\\\/05\\\/90-3.jpg\",\"keywords\":[\"Cumhuriyet\u00e7i Parti\",\"Demokratik Parti\",\"Graham Platner\",\"Janet Mills\",\"Maine\",\"se\u00e7im\",\"Senato\"],\"articleSection\":[\"Ayd\u0131n Siyaset\",\"d\u00fcnya\",\"Siyaset\"],\"inLanguage\":\"tr\",\"potentialAction\":[{\"@type\":\"CommentAction\",\"name\":\"Comment\",\"target\":[\"https:\\\/\\\/tralleskop.com\\\/index.php\\\/2026\\\/05\\\/01\\\/maine-valisi-mills-platner-karsisinda-senato-seciminden-cekildi\\\/#respond\"]}]},{\"@type\":\"WebPage\",\"@id\":\"https:\\\/\\\/tralleskop.com\\\/index.php\\\/2026\\\/05\\\/01\\\/maine-valisi-mills-platner-karsisinda-senato-seciminden-cekildi\\\/\",\"url\":\"https:\\\/\\\/tralleskop.com\\\/index.php\\\/2026\\\/05\\\/01\\\/maine-valisi-mills-platner-karsisinda-senato-seciminden-cekildi\\\/\",\"name\":\"Maine Valisi Mills, Platner Kar\u015f\u0131s\u0131nda Senato Se\u00e7iminden \u00c7ekildi - Tralleskop\",\"isPartOf\":{\"@id\":\"https:\\\/\\\/tralleskop.com\\\/#website\"},\"primaryImageOfPage\":{\"@id\":\"https:\\\/\\\/tralleskop.com\\\/index.php\\\/2026\\\/05\\\/01\\\/maine-valisi-mills-platner-karsisinda-senato-seciminden-cekildi\\\/#primaryimage\"},\"image\":{\"@id\":\"https:\\\/\\\/tralleskop.com\\\/index.php\\\/2026\\\/05\\\/01\\\/maine-valisi-mills-platner-karsisinda-senato-seciminden-cekildi\\\/#primaryimage\"},\"thumbnailUrl\":\"https:\\\/\\\/tralleskop.com\\\/wp-content\\\/uploads\\\/2026\\\/05\\\/90-3.jpg\",\"datePublished\":\"2026-05-01T20:45:07+00:00\",\"breadcrumb\":{\"@id\":\"https:\\\/\\\/tralleskop.com\\\/index.php\\\/2026\\\/05\\\/01\\\/maine-valisi-mills-platner-karsisinda-senato-seciminden-cekildi\\\/#breadcrumb\"},\"inLanguage\":\"tr\",\"potentialAction\":[{\"@type\":\"ReadAction\",\"target\":[\"https:\\\/\\\/tralleskop.com\\\/index.php\\\/2026\\\/05\\\/01\\\/maine-valisi-mills-platner-karsisinda-senato-seciminden-cekildi\\\/\"]}]},{\"@type\":\"ImageObject\",\"inLanguage\":\"tr\",\"@id\":\"https:\\\/\\\/tralleskop.com\\\/index.php\\\/2026\\\/05\\\/01\\\/maine-valisi-mills-platner-karsisinda-senato-seciminden-cekildi\\\/#primaryimage\",\"url\":\"https:\\\/\\\/tralleskop.com\\\/wp-content\\\/uploads\\\/2026\\\/05\\\/90-3.jpg\",\"contentUrl\":\"https:\\\/\\\/tralleskop.com\\\/wp-content\\\/uploads\\\/2026\\\/05\\\/90-3.jpg\",\"width\":980,\"height\":653},{\"@type\":\"BreadcrumbList\",\"@id\":\"https:\\\/\\\/tralleskop.com\\\/index.php\\\/2026\\\/05\\\/01\\\/maine-valisi-mills-platner-karsisinda-senato-seciminden-cekildi\\\/#breadcrumb\",\"itemListElement\":[{\"@type\":\"ListItem\",\"position\":1,\"name\":\"Anasayfa\",\"item\":\"https:\\\/\\\/tralleskop.com\\\/\"},{\"@type\":\"ListItem\",\"position\":2,\"name\":\"Maine Valisi Mills, Platner Kar\u015f\u0131s\u0131nda Senato Se\u00e7iminden \u00c7ekildi\"}]},{\"@type\":\"WebSite\",\"@id\":\"https:\\\/\\\/tralleskop.com\\\/#website\",\"url\":\"https:\\\/\\\/tralleskop.com\\\/\",\"name\":\"Tralleskop\",\"description\":\"\",\"publisher\":{\"@id\":\"https:\\\/\\\/tralleskop.com\\\/#organization\"},\"potentialAction\":[{\"@type\":\"SearchAction\",\"target\":{\"@type\":\"EntryPoint\",\"urlTemplate\":\"https:\\\/\\\/tralleskop.com\\\/?s={search_term_string}\"},\"query-input\":{\"@type\":\"PropertyValueSpecification\",\"valueRequired\":true,\"valueName\":\"search_term_string\"}}],\"inLanguage\":\"tr\"},{\"@type\":\"Organization\",\"@id\":\"https:\\\/\\\/tralleskop.com\\\/#organization\",\"name\":\"Tralleskop\",\"url\":\"https:\\\/\\\/tralleskop.com\\\/\",\"logo\":{\"@type\":\"ImageObject\",\"inLanguage\":\"tr\",\"@id\":\"https:\\\/\\\/tralleskop.com\\\/#\\\/schema\\\/logo\\\/image\\\/\",\"url\":\"https:\\\/\\\/tralleskop.com\\\/wp-content\\\/uploads\\\/2026\\\/03\\\/logo-1.png\",\"contentUrl\":\"https:\\\/\\\/tralleskop.com\\\/wp-content\\\/uploads\\\/2026\\\/03\\\/logo-1.png\",\"width\":2048,\"height\":2048,\"caption\":\"Tralleskop\"},\"image\":{\"@id\":\"https:\\\/\\\/tralleskop.com\\\/#\\\/schema\\\/logo\\\/image\\\/\"},\"sameAs\":[\"https:\\\/\\\/instagram.com\\\/tralleskop\"]},{\"@type\":\"Person\",\"@id\":\"https:\\\/\\\/tralleskop.com\\\/#\\\/schema\\\/person\\\/07eabec51c3edefcb97f005e5a24dc85\",\"name\":\"Yapay Zeka\",\"image\":{\"@type\":\"ImageObject\",\"inLanguage\":\"tr\",\"@id\":\"https:\\\/\\\/secure.gravatar.com\\\/avatar\\\/e77edf5bd5f891271e5db451c58207840f707caf056fe282ae8443fe299d6b9c?s=96&d=mm&r=g\",\"url\":\"https:\\\/\\\/secure.gravatar.com\\\/avatar\\\/e77edf5bd5f891271e5db451c58207840f707caf056fe282ae8443fe299d6b9c?s=96&d=mm&r=g\",\"contentUrl\":\"https:\\\/\\\/secure.gravatar.com\\\/avatar\\\/e77edf5bd5f891271e5db451c58207840f707caf056fe282ae8443fe299d6b9c?s=96&d=mm&r=g\",\"caption\":\"Yapay Zeka\"},\"url\":\"https:\\\/\\\/tralleskop.com\\\/index.php\\\/author\\\/yapayzeka\\\/\"}]}<\/script>\n<!-- \/ Yoast SEO plugin. -->","yoast_head_json":{"title":"Maine Valisi Mills, Platner Kar\u015f\u0131s\u0131nda Senato Se\u00e7iminden \u00c7ekildi - Tralleskop","robots":{"index":"index","follow":"follow","max-snippet":"max-snippet:-1","max-image-preview":"max-image-preview:large","max-video-preview":"max-video-preview:-1"},"canonical":"https:\/\/tralleskop.com\/index.php\/2026\/05\/01\/maine-valisi-mills-platner-karsisinda-senato-seciminden-cekildi\/","og_locale":"tr_TR","og_type":"article","og_title":"Maine Valisi Mills, Platner Kar\u015f\u0131s\u0131nda Senato Se\u00e7iminden \u00c7ekildi - Tralleskop","og_description":"Maine Valisi Janet Mills, kampanya fonu eksikli\u011fi nedeniyle Senato se\u00e7iminden \u00e7ekildi. Graham Platner ile birlikte \u00e7al\u0131\u015fmak istiyor.","og_url":"https:\/\/tralleskop.com\/index.php\/2026\/05\/01\/maine-valisi-mills-platner-karsisinda-senato-seciminden-cekildi\/","og_site_name":"Tralleskop","article_published_time":"2026-05-01T20:45:07+00:00","author":"Yapay Zeka","twitter_card":"summary_large_image","twitter_misc":{"Yazan:":"Yapay Zeka","Tahmini okuma s\u00fcresi":"1 dakika"},"schema":{"@context":"https:\/\/schema.org","@graph":[{"@type":"Article","@id":"https:\/\/tralleskop.com\/index.php\/2026\/05\/01\/maine-valisi-mills-platner-karsisinda-senato-seciminden-cekildi\/#article","isPartOf":{"@id":"https:\/\/tralleskop.com\/index.php\/2026\/05\/01\/maine-valisi-mills-platner-karsisinda-senato-seciminden-cekildi\/"},"author":{"name":"Yapay Zeka","@id":"https:\/\/tralleskop.com\/#\/schema\/person\/07eabec51c3edefcb97f005e5a24dc85"},"headline":"Maine Valisi Mills, Platner Kar\u015f\u0131s\u0131nda Senato Se\u00e7iminden \u00c7ekildi","datePublished":"2026-05-01T20:45:07+00:00","mainEntityOfPage":{"@id":"https:\/\/tralleskop.com\/index.php\/2026\/05\/01\/maine-valisi-mills-platner-karsisinda-senato-seciminden-cekildi\/"},"wordCount":233,"commentCount":0,"publisher":{"@id":"https:\/\/tralleskop.com\/#organization"},"image":{"@id":"https:\/\/tralleskop.com\/index.php\/2026\/05\/01\/maine-valisi-mills-platner-karsisinda-senato-seciminden-cekildi\/#primaryimage"},"thumbnailUrl":"https:\/\/tralleskop.com\/wp-content\/uploads\/2026\/05\/90-3.jpg","keywords":["Cumhuriyet\u00e7i Parti","Demokratik Parti","Graham Platner","Janet Mills","Maine","se\u00e7im","Senato"],"articleSection":["Ayd\u0131n Siyaset","d\u00fcnya","Siyaset"],"inLanguage":"tr","potentialAction":[{"@type":"CommentAction","name":"Comment","target":["https:\/\/tralleskop.com\/index.php\/2026\/05\/01\/maine-valisi-mills-platner-karsisinda-senato-seciminden-cekildi\/#respond"]}]},{"@type":"WebPage","@id":"https:\/\/tralleskop.com\/index.php\/2026\/05\/01\/maine-valisi-mills-platner-karsisinda-senato-seciminden-cekildi\/","url":"https:\/\/tralleskop.com\/index.php\/2026\/05\/01\/maine-valisi-mills-platner-karsisinda-senato-seciminden-cekildi\/","name":"Maine Valisi Mills, Platner Kar\u015f\u0131s\u0131nda Senato Se\u00e7iminden \u00c7ekildi - Tralleskop","isPartOf":{"@id":"https:\/\/tralleskop.com\/#website"},"primaryImageOfPage":{"@id":"https:\/\/tralleskop.com\/index.php\/2026\/05\/01\/maine-valisi-mills-platner-karsisinda-senato-seciminden-cekildi\/#primaryimage"},"image":{"@id":"https:\/\/tralleskop.com\/index.php\/2026\/05\/01\/maine-valisi-mills-platner-karsisinda-senato-seciminden-cekildi\/#primaryimage"},"thumbnailUrl":"https:\/\/tralleskop.com\/wp-content\/uploads\/2026\/05\/90-3.jpg","datePublished":"2026-05-01T20:45:07+00:00","breadcrumb":{"@id":"https:\/\/tralleskop.com\/index.php\/2026\/05\/01\/maine-valisi-mills-platner-karsisinda-senato-seciminden-cekildi\/#breadcrumb"},"inLanguage":"tr","potentialAction":[{"@type":"ReadAction","target":["https:\/\/tralleskop.com\/index.php\/2026\/05\/01\/maine-valisi-mills-platner-karsisinda-senato-seciminden-cekildi\/"]}]},{"@type":"ImageObject","inLanguage":"tr","@id":"https:\/\/tralleskop.com\/index.php\/2026\/05\/01\/maine-valisi-mills-platner-karsisinda-senato-seciminden-cekildi\/#primaryimage","url":"https:\/\/tralleskop.com\/wp-content\/uploads\/2026\/05\/90-3.jpg","contentUrl":"https:\/\/tralleskop.com\/wp-content\/uploads\/2026\/05\/90-3.jpg","width":980,"height":653},{"@type":"BreadcrumbList","@id":"https:\/\/tralleskop.com\/index.php\/2026\/05\/01\/maine-valisi-mills-platner-karsisinda-senato-seciminden-cekildi\/#breadcrumb","itemListElement":[{"@type":"ListItem","position":1,"name":"Anasayfa","item":"https:\/\/tralleskop.com\/"},{"@type":"ListItem","position":2,"name":"Maine Valisi Mills, Platner Kar\u015f\u0131s\u0131nda Senato Se\u00e7iminden \u00c7ekildi"}]},{"@type":"WebSite","@id":"https:\/\/tralleskop.com\/#website","url":"https:\/\/tralleskop.com\/","name":"Tralleskop","description":"","publisher":{"@id":"https:\/\/tralleskop.com\/#organization"},"potentialAction":[{"@type":"SearchAction","target":{"@type":"EntryPoint","urlTemplate":"https:\/\/tralleskop.com\/?s={search_term_string}"},"query-input":{"@type":"PropertyValueSpecification","valueRequired":true,"valueName":"search_term_string"}}],"inLanguage":"tr"},{"@type":"Organization","@id":"https:\/\/tralleskop.com\/#organization","name":"Tralleskop","url":"https:\/\/tralleskop.com\/","logo":{"@type":"ImageObject","inLanguage":"tr","@id":"https:\/\/tralleskop.com\/#\/schema\/logo\/image\/","url":"https:\/\/tralleskop.com\/wp-content\/uploads\/2026\/03\/logo-1.png","contentUrl":"https:\/\/tralleskop.com\/wp-content\/uploads\/2026\/03\/logo-1.png","width":2048,"height":2048,"caption":"Tralleskop"},"image":{"@id":"https:\/\/tralleskop.com\/#\/schema\/logo\/image\/"},"sameAs":["https:\/\/instagram.com\/tralleskop"]},{"@type":"Person","@id":"https:\/\/tralleskop.com\/#\/schema\/person\/07eabec51c3edefcb97f005e5a24dc85","name":"Yapay Zeka","image":{"@type":"ImageObject","inLanguage":"tr","@id":"https:\/\/secure.gravatar.com\/avatar\/e77edf5bd5f891271e5db451c58207840f707caf056fe282ae8443fe299d6b9c?s=96&d=mm&r=g","url":"https:\/\/secure.gravatar.com\/avatar\/e77edf5bd5f891271e5db451c58207840f707caf056fe282ae8443fe299d6b9c?s=96&d=mm&r=g","contentUrl":"https:\/\/secure.gravatar.com\/avatar\/e77edf5bd5f891271e5db451c58207840f707caf056fe282ae8443fe299d6b9c?s=96&d=mm&r=g","caption":"Yapay Zeka"},"url":"https:\/\/tralleskop.com\/index.php\/author\/yapayzeka\/"}]}},"jetpack_featured_media_url":"https:\/\/tralleskop.com\/wp-content\/uploads\/2026\/05\/90-3.jpg","_links":{"self":[{"href":"https:\/\/tralleskop.com\/index.php\/wp-json\/wp\/v2\/posts\/504","targetHints":{"allow":["GET"]}}],"collection":[{"href":"https:\/\/tralleskop.com\/index.php\/wp-json\/wp\/v2\/posts"}],"about":[{"href":"https:\/\/tralleskop.com\/index.php\/wp-json\/wp\/v2\/types\/post"}],"author":[{"embeddable":true,"href":"https:\/\/tralleskop.com\/index.php\/wp-json\/wp\/v2\/users\/3"}],"replies":[{"embeddable":true,"href":"https:\/\/tralleskop.com\/index.php\/wp-json\/wp\/v2\/comments?post=504"}],"version-history":[{"count":0,"href":"https:\/\/tralleskop.com\/index.php\/wp-json\/wp\/v2\/posts\/504\/revisions"}],"wp:featuredmedia":[{"embeddable":true,"href":"https:\/\/tralleskop.com\/index.php\/wp-json\/wp\/v2\/media\/505"}],"wp:attachment":[{"href":"https:\/\/tralleskop.com\/index.php\/wp-json\/wp\/v2\/media?parent=504"}],"wp:term":[{"taxonomy":"category","embeddable":true,"href":"https:\/\/tralleskop.com\/index.php\/wp-json\/wp\/v2\/categories?post=504"},{"taxonomy":"post_tag","embeddable":true,"href":"https:\/\/tralleskop.com\/index.php\/wp-json\/wp\/v2\/tags?post=504"}],"curies":[{"name":"wp","href":"https:\/\/api.w.org\/{rel}","templated":true}]}}