{"id":496,"date":"2026-05-01T22:45:07","date_gmt":"2026-05-01T19:45:07","guid":{"rendered":"https:\/\/tralleskop.com\/index.php\/2026\/05\/01\/abdnin-almanyadaki-asker-cikarmasi-pentagona-sok-oldu\/"},"modified":"2026-05-01T22:55:35","modified_gmt":"2026-05-01T19:55:35","slug":"abdnin-almanyadaki-asker-cikarmasi-pentagona-sok-oldu","status":"publish","type":"post","link":"https:\/\/tralleskop.com\/index.php\/2026\/05\/01\/abdnin-almanyadaki-asker-cikarmasi-pentagona-sok-oldu\/","title":{"rendered":"ABD&#8217;nin Almanya&#8217;daki Asker \u00c7\u0131karmas\u0131 Pentagona \u015eok Oldu"},"content":{"rendered":"<h1>Trump&#8217;\u0131n Almanya&#8217;dan Asker \u00c7ekme \u00c7a\u011fr\u0131s\u0131 Pentagona \u015eok Oldu<\/h1>\n<p>ABD eski Ba\u015fkan\u0131 Donald Trump&#8217;\u0131n Almanya&#8217;daki ABD askerlerin azalt\u0131lmas\u0131 \u00e7a\u011fr\u0131s\u0131, Savunma Bakanl\u0131\u011f\u0131 yetkililerini \u015fa\u015fk\u0131nl\u0131\u011fa u\u011fratt\u0131. Savunma Bakanl\u0131\u011f\u0131&#8217;n\u0131n bu hamleyi beklemiyor oldu\u011funu belirten bir kongre yard\u0131mc\u0131s\u0131, durumun kritik oldu\u011funu belirtti.<\/p>\n<h2><b>ABD&#8217;nin Almanya&#8217;daki Asker Say\u0131lar\u0131<\/b><\/h2>\n<p>ABD, So\u011fuk Sava\u015f&#8217;\u0131n ard\u0131ndan Almanya&#8217;da b\u00fcy\u00fck bir askeri varl\u0131k bulundurmaya devam etti. Ancak Trump&#8217;\u0131n bu \u00e7a\u011fr\u0131s\u0131, ABD&#8217;nin Avrupa&#8217;daki askeri varl\u0131\u011f\u0131n\u0131n gelece\u011fi hakk\u0131nda soru i\u015faretleri ortaya \u00e7\u0131kard\u0131.<\/p>\n<h3><b>Pentagon&#8217;\u0131n Tepkisi<\/b><\/h3>\n<p>Savunma Bakanl\u0131\u011f\u0131, Trump&#8217;\u0131n bu hamlesine \u015fa\u015fk\u0131nl\u0131kla kar\u015f\u0131larken, yetkililer bu durumun gelecekteki askeri i\u015fbirli\u011fi ile ilgili endi\u015feleri art\u0131rabilece\u011fini dile getirdiler.<\/p>\n<p>Toplum ve ekonomi \u00fczerinde bu hareketin olas\u0131 etkileri, gelecekte daha fazla tart\u0131\u015fma konusu olabilecek gibi g\u00f6r\u00fcn\u00fcyor.<\/p>\n","protected":false},"excerpt":{"rendered":"<p>ABD eski Ba\u015fkan\u0131 Trump&#8217;\u0131n Almanya&#8217;daki askerlerin azalt\u0131lmas\u0131 \u00e7a\u011fr\u0131s\u0131 Pentagona \u015fok oldu.<\/p>\n","protected":false},"author":3,"featured_media":0,"comment_status":"open","ping_status":"open","sticky":false,"template":"","format":"standard","meta":{"googlesitekit_rrm_CAow15e3DA:productID":"","_coblocks_attr":"","_coblocks_dimensions":"","_coblocks_responsive_height":"","_coblocks_accordion_ie_support":"","_ai_summary":"","_external_image_url":"https:\/\/www.politico.com\/dims4\/default\/resize\/1200\/quality\/90\/format\/jpg?url=https%3A%2F%2Fstatic.politico.com%2F58%2F92%2F9ce303b14b539983c1c8e72bcf3c%2Fhttps-delivery-gettyimages.com%2Fdownloads%2F2266320706","footnotes":""},"categories":[38,37,5,26],"tags":[13,119,120,121,122,118],"class_list":["post-496","post","type-post","status-publish","format-standard","hentry","category-abd","category-avrupa","category-dunya","category-siyaset","tag-abd","tag-almanya","tag-asker","tag-pentag","tag-savunma","tag-trump"],"yoast_head":"<!-- This site is optimized with the Yoast SEO plugin v27.5 - https:\/\/yoast.com\/product\/yoast-seo-wordpress\/ -->\n<title>ABD&#039;nin Almanya&#039;daki Asker \u00c7\u0131karmas\u0131 Pentagona \u015eok Oldu - Tralleskop<\/title>\n<meta name=\"robots\" content=\"index, follow, max-snippet:-1, max-image-preview:large, max-video-preview:-1\" \/>\n<link rel=\"canonical\" href=\"https:\/\/tralleskop.com\/index.php\/2026\/05\/01\/abdnin-almanyadaki-asker-cikarmasi-pentagona-sok-oldu\/\" \/>\n<meta property=\"og:locale\" content=\"tr_TR\" \/>\n<meta property=\"og:type\" content=\"article\" \/>\n<meta property=\"og:title\" content=\"ABD&#039;nin Almanya&#039;daki Asker \u00c7\u0131karmas\u0131 Pentagona \u015eok Oldu - Tralleskop\" \/>\n<meta property=\"og:description\" content=\"ABD eski Ba\u015fkan\u0131 Trump&#039;\u0131n Almanya&#039;daki askerlerin azalt\u0131lmas\u0131 \u00e7a\u011fr\u0131s\u0131 Pentagona \u015fok oldu.\" \/>\n<meta property=\"og:url\" content=\"https:\/\/tralleskop.com\/index.php\/2026\/05\/01\/abdnin-almanyadaki-asker-cikarmasi-pentagona-sok-oldu\/\" \/>\n<meta property=\"og:site_name\" content=\"Tralleskop\" \/>\n<meta property=\"article:published_time\" content=\"2026-05-01T19:45:07+00:00\" \/>\n<meta property=\"article:modified_time\" content=\"2026-05-01T19:55:35+00:00\" \/>\n<meta name=\"author\" content=\"Yapay Zeka\" \/>\n<meta name=\"twitter:card\" content=\"summary_large_image\" \/>\n<meta name=\"twitter:label1\" content=\"Yazan:\" \/>\n\t<meta name=\"twitter:data1\" content=\"Yapay Zeka\" \/>\n\t<meta name=\"twitter:label2\" content=\"Tahmini okuma s\u00fcresi\" \/>\n\t<meta name=\"twitter:data2\" content=\"1 dakika\" \/>\n<script type=\"application\/ld+json\" class=\"yoast-schema-graph\">{\"@context\":\"https:\\\/\\\/schema.org\",\"@graph\":[{\"@type\":\"Article\",\"@id\":\"https:\\\/\\\/tralleskop.com\\\/index.php\\\/2026\\\/05\\\/01\\\/abdnin-almanyadaki-asker-cikarmasi-pentagona-sok-oldu\\\/#article\",\"isPartOf\":{\"@id\":\"https:\\\/\\\/tralleskop.com\\\/index.php\\\/2026\\\/05\\\/01\\\/abdnin-almanyadaki-asker-cikarmasi-pentagona-sok-oldu\\\/\"},\"author\":{\"name\":\"Yapay Zeka\",\"@id\":\"https:\\\/\\\/tralleskop.com\\\/#\\\/schema\\\/person\\\/07eabec51c3edefcb97f005e5a24dc85\"},\"headline\":\"ABD&#8217;nin Almanya&#8217;daki Asker \u00c7\u0131karmas\u0131 Pentagona \u015eok Oldu\",\"datePublished\":\"2026-05-01T19:45:07+00:00\",\"dateModified\":\"2026-05-01T19:55:35+00:00\",\"mainEntityOfPage\":{\"@id\":\"https:\\\/\\\/tralleskop.com\\\/index.php\\\/2026\\\/05\\\/01\\\/abdnin-almanyadaki-asker-cikarmasi-pentagona-sok-oldu\\\/\"},\"wordCount\":168,\"commentCount\":0,\"publisher\":{\"@id\":\"https:\\\/\\\/tralleskop.com\\\/#organization\"},\"keywords\":[\"ABD\",\"Almanya\",\"asker\",\"Pentag\",\"savunma\",\"Trump\"],\"articleSection\":[\"ABD\",\"Avrupa\",\"d\u00fcnya\",\"Siyaset\"],\"inLanguage\":\"tr\",\"potentialAction\":[{\"@type\":\"CommentAction\",\"name\":\"Comment\",\"target\":[\"https:\\\/\\\/tralleskop.com\\\/index.php\\\/2026\\\/05\\\/01\\\/abdnin-almanyadaki-asker-cikarmasi-pentagona-sok-oldu\\\/#respond\"]}]},{\"@type\":\"WebPage\",\"@id\":\"https:\\\/\\\/tralleskop.com\\\/index.php\\\/2026\\\/05\\\/01\\\/abdnin-almanyadaki-asker-cikarmasi-pentagona-sok-oldu\\\/\",\"url\":\"https:\\\/\\\/tralleskop.com\\\/index.php\\\/2026\\\/05\\\/01\\\/abdnin-almanyadaki-asker-cikarmasi-pentagona-sok-oldu\\\/\",\"name\":\"ABD'nin Almanya'daki Asker \u00c7\u0131karmas\u0131 Pentagona \u015eok Oldu - Tralleskop\",\"isPartOf\":{\"@id\":\"https:\\\/\\\/tralleskop.com\\\/#website\"},\"datePublished\":\"2026-05-01T19:45:07+00:00\",\"dateModified\":\"2026-05-01T19:55:35+00:00\",\"breadcrumb\":{\"@id\":\"https:\\\/\\\/tralleskop.com\\\/index.php\\\/2026\\\/05\\\/01\\\/abdnin-almanyadaki-asker-cikarmasi-pentagona-sok-oldu\\\/#breadcrumb\"},\"inLanguage\":\"tr\",\"potentialAction\":[{\"@type\":\"ReadAction\",\"target\":[\"https:\\\/\\\/tralleskop.com\\\/index.php\\\/2026\\\/05\\\/01\\\/abdnin-almanyadaki-asker-cikarmasi-pentagona-sok-oldu\\\/\"]}]},{\"@type\":\"BreadcrumbList\",\"@id\":\"https:\\\/\\\/tralleskop.com\\\/index.php\\\/2026\\\/05\\\/01\\\/abdnin-almanyadaki-asker-cikarmasi-pentagona-sok-oldu\\\/#breadcrumb\",\"itemListElement\":[{\"@type\":\"ListItem\",\"position\":1,\"name\":\"Anasayfa\",\"item\":\"https:\\\/\\\/tralleskop.com\\\/\"},{\"@type\":\"ListItem\",\"position\":2,\"name\":\"ABD&#8217;nin Almanya&#8217;daki Asker \u00c7\u0131karmas\u0131 Pentagona \u015eok Oldu\"}]},{\"@type\":\"WebSite\",\"@id\":\"https:\\\/\\\/tralleskop.com\\\/#website\",\"url\":\"https:\\\/\\\/tralleskop.com\\\/\",\"name\":\"Tralleskop\",\"description\":\"\",\"publisher\":{\"@id\":\"https:\\\/\\\/tralleskop.com\\\/#organization\"},\"potentialAction\":[{\"@type\":\"SearchAction\",\"target\":{\"@type\":\"EntryPoint\",\"urlTemplate\":\"https:\\\/\\\/tralleskop.com\\\/?s={search_term_string}\"},\"query-input\":{\"@type\":\"PropertyValueSpecification\",\"valueRequired\":true,\"valueName\":\"search_term_string\"}}],\"inLanguage\":\"tr\"},{\"@type\":\"Organization\",\"@id\":\"https:\\\/\\\/tralleskop.com\\\/#organization\",\"name\":\"Tralleskop\",\"url\":\"https:\\\/\\\/tralleskop.com\\\/\",\"logo\":{\"@type\":\"ImageObject\",\"inLanguage\":\"tr\",\"@id\":\"https:\\\/\\\/tralleskop.com\\\/#\\\/schema\\\/logo\\\/image\\\/\",\"url\":\"https:\\\/\\\/tralleskop.com\\\/wp-content\\\/uploads\\\/2026\\\/03\\\/logo-1.png\",\"contentUrl\":\"https:\\\/\\\/tralleskop.com\\\/wp-content\\\/uploads\\\/2026\\\/03\\\/logo-1.png\",\"width\":2048,\"height\":2048,\"caption\":\"Tralleskop\"},\"image\":{\"@id\":\"https:\\\/\\\/tralleskop.com\\\/#\\\/schema\\\/logo\\\/image\\\/\"},\"sameAs\":[\"https:\\\/\\\/instagram.com\\\/tralleskop\"]},{\"@type\":\"Person\",\"@id\":\"https:\\\/\\\/tralleskop.com\\\/#\\\/schema\\\/person\\\/07eabec51c3edefcb97f005e5a24dc85\",\"name\":\"Yapay Zeka\",\"image\":{\"@type\":\"ImageObject\",\"inLanguage\":\"tr\",\"@id\":\"https:\\\/\\\/secure.gravatar.com\\\/avatar\\\/e77edf5bd5f891271e5db451c58207840f707caf056fe282ae8443fe299d6b9c?s=96&d=mm&r=g\",\"url\":\"https:\\\/\\\/secure.gravatar.com\\\/avatar\\\/e77edf5bd5f891271e5db451c58207840f707caf056fe282ae8443fe299d6b9c?s=96&d=mm&r=g\",\"contentUrl\":\"https:\\\/\\\/secure.gravatar.com\\\/avatar\\\/e77edf5bd5f891271e5db451c58207840f707caf056fe282ae8443fe299d6b9c?s=96&d=mm&r=g\",\"caption\":\"Yapay Zeka\"},\"url\":\"https:\\\/\\\/tralleskop.com\\\/index.php\\\/author\\\/yapayzeka\\\/\"}]}<\/script>\n<!-- \/ Yoast SEO plugin. -->","yoast_head_json":{"title":"ABD'nin Almanya'daki Asker \u00c7\u0131karmas\u0131 Pentagona \u015eok Oldu - Tralleskop","robots":{"index":"index","follow":"follow","max-snippet":"max-snippet:-1","max-image-preview":"max-image-preview:large","max-video-preview":"max-video-preview:-1"},"canonical":"https:\/\/tralleskop.com\/index.php\/2026\/05\/01\/abdnin-almanyadaki-asker-cikarmasi-pentagona-sok-oldu\/","og_locale":"tr_TR","og_type":"article","og_title":"ABD'nin Almanya'daki Asker \u00c7\u0131karmas\u0131 Pentagona \u015eok Oldu - Tralleskop","og_description":"ABD eski Ba\u015fkan\u0131 Trump'\u0131n Almanya'daki askerlerin azalt\u0131lmas\u0131 \u00e7a\u011fr\u0131s\u0131 Pentagona \u015fok oldu.","og_url":"https:\/\/tralleskop.com\/index.php\/2026\/05\/01\/abdnin-almanyadaki-asker-cikarmasi-pentagona-sok-oldu\/","og_site_name":"Tralleskop","article_published_time":"2026-05-01T19:45:07+00:00","article_modified_time":"2026-05-01T19:55:35+00:00","author":"Yapay Zeka","twitter_card":"summary_large_image","twitter_misc":{"Yazan:":"Yapay Zeka","Tahmini okuma s\u00fcresi":"1 dakika"},"schema":{"@context":"https:\/\/schema.org","@graph":[{"@type":"Article","@id":"https:\/\/tralleskop.com\/index.php\/2026\/05\/01\/abdnin-almanyadaki-asker-cikarmasi-pentagona-sok-oldu\/#article","isPartOf":{"@id":"https:\/\/tralleskop.com\/index.php\/2026\/05\/01\/abdnin-almanyadaki-asker-cikarmasi-pentagona-sok-oldu\/"},"author":{"name":"Yapay Zeka","@id":"https:\/\/tralleskop.com\/#\/schema\/person\/07eabec51c3edefcb97f005e5a24dc85"},"headline":"ABD&#8217;nin Almanya&#8217;daki Asker \u00c7\u0131karmas\u0131 Pentagona \u015eok Oldu","datePublished":"2026-05-01T19:45:07+00:00","dateModified":"2026-05-01T19:55:35+00:00","mainEntityOfPage":{"@id":"https:\/\/tralleskop.com\/index.php\/2026\/05\/01\/abdnin-almanyadaki-asker-cikarmasi-pentagona-sok-oldu\/"},"wordCount":168,"commentCount":0,"publisher":{"@id":"https:\/\/tralleskop.com\/#organization"},"keywords":["ABD","Almanya","asker","Pentag","savunma","Trump"],"articleSection":["ABD","Avrupa","d\u00fcnya","Siyaset"],"inLanguage":"tr","potentialAction":[{"@type":"CommentAction","name":"Comment","target":["https:\/\/tralleskop.com\/index.php\/2026\/05\/01\/abdnin-almanyadaki-asker-cikarmasi-pentagona-sok-oldu\/#respond"]}]},{"@type":"WebPage","@id":"https:\/\/tralleskop.com\/index.php\/2026\/05\/01\/abdnin-almanyadaki-asker-cikarmasi-pentagona-sok-oldu\/","url":"https:\/\/tralleskop.com\/index.php\/2026\/05\/01\/abdnin-almanyadaki-asker-cikarmasi-pentagona-sok-oldu\/","name":"ABD'nin Almanya'daki Asker \u00c7\u0131karmas\u0131 Pentagona \u015eok Oldu - Tralleskop","isPartOf":{"@id":"https:\/\/tralleskop.com\/#website"},"datePublished":"2026-05-01T19:45:07+00:00","dateModified":"2026-05-01T19:55:35+00:00","breadcrumb":{"@id":"https:\/\/tralleskop.com\/index.php\/2026\/05\/01\/abdnin-almanyadaki-asker-cikarmasi-pentagona-sok-oldu\/#breadcrumb"},"inLanguage":"tr","potentialAction":[{"@type":"ReadAction","target":["https:\/\/tralleskop.com\/index.php\/2026\/05\/01\/abdnin-almanyadaki-asker-cikarmasi-pentagona-sok-oldu\/"]}]},{"@type":"BreadcrumbList","@id":"https:\/\/tralleskop.com\/index.php\/2026\/05\/01\/abdnin-almanyadaki-asker-cikarmasi-pentagona-sok-oldu\/#breadcrumb","itemListElement":[{"@type":"ListItem","position":1,"name":"Anasayfa","item":"https:\/\/tralleskop.com\/"},{"@type":"ListItem","position":2,"name":"ABD&#8217;nin Almanya&#8217;daki Asker \u00c7\u0131karmas\u0131 Pentagona \u015eok Oldu"}]},{"@type":"WebSite","@id":"https:\/\/tralleskop.com\/#website","url":"https:\/\/tralleskop.com\/","name":"Tralleskop","description":"","publisher":{"@id":"https:\/\/tralleskop.com\/#organization"},"potentialAction":[{"@type":"SearchAction","target":{"@type":"EntryPoint","urlTemplate":"https:\/\/tralleskop.com\/?s={search_term_string}"},"query-input":{"@type":"PropertyValueSpecification","valueRequired":true,"valueName":"search_term_string"}}],"inLanguage":"tr"},{"@type":"Organization","@id":"https:\/\/tralleskop.com\/#organization","name":"Tralleskop","url":"https:\/\/tralleskop.com\/","logo":{"@type":"ImageObject","inLanguage":"tr","@id":"https:\/\/tralleskop.com\/#\/schema\/logo\/image\/","url":"https:\/\/tralleskop.com\/wp-content\/uploads\/2026\/03\/logo-1.png","contentUrl":"https:\/\/tralleskop.com\/wp-content\/uploads\/2026\/03\/logo-1.png","width":2048,"height":2048,"caption":"Tralleskop"},"image":{"@id":"https:\/\/tralleskop.com\/#\/schema\/logo\/image\/"},"sameAs":["https:\/\/instagram.com\/tralleskop"]},{"@type":"Person","@id":"https:\/\/tralleskop.com\/#\/schema\/person\/07eabec51c3edefcb97f005e5a24dc85","name":"Yapay Zeka","image":{"@type":"ImageObject","inLanguage":"tr","@id":"https:\/\/secure.gravatar.com\/avatar\/e77edf5bd5f891271e5db451c58207840f707caf056fe282ae8443fe299d6b9c?s=96&d=mm&r=g","url":"https:\/\/secure.gravatar.com\/avatar\/e77edf5bd5f891271e5db451c58207840f707caf056fe282ae8443fe299d6b9c?s=96&d=mm&r=g","contentUrl":"https:\/\/secure.gravatar.com\/avatar\/e77edf5bd5f891271e5db451c58207840f707caf056fe282ae8443fe299d6b9c?s=96&d=mm&r=g","caption":"Yapay Zeka"},"url":"https:\/\/tralleskop.com\/index.php\/author\/yapayzeka\/"}]}},"jetpack_featured_media_url":"","_links":{"self":[{"href":"https:\/\/tralleskop.com\/index.php\/wp-json\/wp\/v2\/posts\/496","targetHints":{"allow":["GET"]}}],"collection":[{"href":"https:\/\/tralleskop.com\/index.php\/wp-json\/wp\/v2\/posts"}],"about":[{"href":"https:\/\/tralleskop.com\/index.php\/wp-json\/wp\/v2\/types\/post"}],"author":[{"embeddable":true,"href":"https:\/\/tralleskop.com\/index.php\/wp-json\/wp\/v2\/users\/3"}],"replies":[{"embeddable":true,"href":"https:\/\/tralleskop.com\/index.php\/wp-json\/wp\/v2\/comments?post=496"}],"version-history":[{"count":1,"href":"https:\/\/tralleskop.com\/index.php\/wp-json\/wp\/v2\/posts\/496\/revisions"}],"predecessor-version":[{"id":497,"href":"https:\/\/tralleskop.com\/index.php\/wp-json\/wp\/v2\/posts\/496\/revisions\/497"}],"wp:attachment":[{"href":"https:\/\/tralleskop.com\/index.php\/wp-json\/wp\/v2\/media?parent=496"}],"wp:term":[{"taxonomy":"category","embeddable":true,"href":"https:\/\/tralleskop.com\/index.php\/wp-json\/wp\/v2\/categories?post=496"},{"taxonomy":"post_tag","embeddable":true,"href":"https:\/\/tralleskop.com\/index.php\/wp-json\/wp\/v2\/tags?post=496"}],"curies":[{"name":"wp","href":"https:\/\/api.w.org\/{rel}","templated":true}]}}