{"id":493,"date":"2026-05-01T22:30:07","date_gmt":"2026-05-01T19:30:07","guid":{"rendered":"https:\/\/tralleskop.com\/index.php\/2026\/05\/01\/kongre-homeland-security-bakanliginin-rekor-sureliligine-son-verdi\/"},"modified":"2026-05-01T22:34:30","modified_gmt":"2026-05-01T19:34:30","slug":"kongre-homeland-security-bakanliginin-rekor-sureliligine-son-verdi","status":"publish","type":"post","link":"https:\/\/tralleskop.com\/index.php\/2026\/05\/01\/kongre-homeland-security-bakanliginin-rekor-sureliligine-son-verdi\/","title":{"rendered":"Kongre, Homeland Security Bakanl\u0131\u011f\u0131&#8217;n\u0131n Rekor S\u00fcrelili\u011fine Son Verdi"},"content":{"rendered":"<h1>Kongre, Homeland Security Bakanl\u0131\u011f\u0131&#8217;n\u0131n Rekor S\u00fcrelili\u011fine Son Verdi<\/h1>\n<p>Haberin en \u00f6nemli k\u0131sm\u0131: ABD Kongresi, rekor s\u00fcren Homeland Security Bakanl\u0131\u011f\u0131&#8217;n\u0131n mali y\u0131l\u0131na son verdi. Thursday g\u00fcn\u00fc ger\u00e7ekle\u015ftirilen oylamada, DHS i\u00e7in fon ay\u0131r\u0131rken, g\u00f6\u00e7menlik ve g\u00fcmr\u00fck koruma ajanslar\u0131na fon ayr\u0131lmad\u0131.<\/p>\n<h2><b>Detaylar<\/b><\/h2>\n<p>Kongrenin Thursday g\u00fcn\u00fc ger\u00e7ekle\u015ftirdi\u011fi oylama, DHS i\u00e7in fon ayr\u0131lmas\u0131n\u0131 sa\u011flayarak daha \u00f6nce ya\u015fanan mali krize son verdi. Ancak, bu oylama <b>g\u00f6\u00e7menlik ve g\u00fcmr\u00fck koruma<\/b> ajanslar\u0131na fon ayr\u0131lmamas\u0131 dikkat \u00e7ekti.<\/p>\n<h3><b>Analiz<\/b><\/h3>\n<p>Bu karar\u0131n toplum ve ekonomi \u00fczerindeki etkisi b\u00fcy\u00fck olacak. <b>Homeland Security Bakanl\u0131\u011f\u0131<\/b>, \u00fclkeyi korumakla g\u00f6revli bir kurum olmas\u0131 nedeniyle\u91cd\u8981 bir rol \u00fcstleniyor. Fon ayr\u0131lmas\u0131n\u0131n sa\u011flanmas\u0131n\u0131n yan\u0131 s\u0131ra, g\u00f6\u00e7menlik ve g\u00fcmr\u00fck koruma ajanslar\u0131na fon ayr\u0131lmamas\u0131 ise gelecekte ya\u015fanabilecek sorunlara i\u015faret ediyor.<\/p>\n","protected":false},"excerpt":{"rendered":"<p>ABD Kongresi, rekor s\u00fcren Homeland Security Bakanl\u0131\u011f\u0131&#8217;n\u0131n mali y\u0131l\u0131na son verdi. Ancak, g\u00f6\u00e7menlik ve g\u00fcmr\u00fck koruma ajanslar\u0131na fon ayr\u0131lmad\u0131.<\/p>\n","protected":false},"author":3,"featured_media":494,"comment_status":"open","ping_status":"open","sticky":false,"template":"","format":"standard","meta":{"googlesitekit_rrm_CAow15e3DA:productID":"","_coblocks_attr":"","_coblocks_dimensions":"","_coblocks_responsive_height":"","_coblocks_accordion_ie_support":"","_ai_summary":"","_external_image_url":"https:\/\/npr.brightspotcdn.com\/dims3\/default\/strip\/false\/crop\/5000x2813+0+261\/resize\/1400\/quality\/85\/format\/jpeg\/?url=http%3A%2F%2Fnpr-brightspot.s3.amazonaws.com%2F4a%2Feb%2F163f76294e41b229fd45638b47b4%2Fap261115687433621.jpg","footnotes":""},"categories":[38,5,19,26],"tags":[116,117,115,114],"class_list":["post-493","post","type-post","status-publish","format-standard","has-post-thumbnail","hentry","category-abd","category-dunya","category-ekonomi","category-siyaset","tag-gocmenlik","tag-gumruk-koruma","tag-homeland-security","tag-kongre"],"yoast_head":"<!-- This site is optimized with the Yoast SEO plugin v27.5 - https:\/\/yoast.com\/product\/yoast-seo-wordpress\/ -->\n<title>Kongre, Homeland Security Bakanl\u0131\u011f\u0131&#039;n\u0131n Rekor S\u00fcrelili\u011fine Son Verdi - Tralleskop<\/title>\n<meta name=\"robots\" content=\"index, follow, max-snippet:-1, max-image-preview:large, max-video-preview:-1\" \/>\n<link rel=\"canonical\" href=\"https:\/\/tralleskop.com\/index.php\/2026\/05\/01\/kongre-homeland-security-bakanliginin-rekor-sureliligine-son-verdi\/\" \/>\n<meta property=\"og:locale\" content=\"tr_TR\" \/>\n<meta property=\"og:type\" content=\"article\" \/>\n<meta property=\"og:title\" content=\"Kongre, Homeland Security Bakanl\u0131\u011f\u0131&#039;n\u0131n Rekor S\u00fcrelili\u011fine Son Verdi - Tralleskop\" \/>\n<meta property=\"og:description\" content=\"ABD Kongresi, rekor s\u00fcren Homeland Security Bakanl\u0131\u011f\u0131&#039;n\u0131n mali y\u0131l\u0131na son verdi. Ancak, g\u00f6\u00e7menlik ve g\u00fcmr\u00fck koruma ajanslar\u0131na fon ayr\u0131lmad\u0131.\" \/>\n<meta property=\"og:url\" content=\"https:\/\/tralleskop.com\/index.php\/2026\/05\/01\/kongre-homeland-security-bakanliginin-rekor-sureliligine-son-verdi\/\" \/>\n<meta property=\"og:site_name\" content=\"Tralleskop\" \/>\n<meta property=\"article:published_time\" content=\"2026-05-01T19:30:07+00:00\" \/>\n<meta property=\"article:modified_time\" content=\"2026-05-01T19:34:30+00:00\" \/>\n<meta property=\"og:image\" content=\"https:\/\/tralleskop.com\/wp-content\/uploads\/2026\/05\/jpeg.jpg\" \/>\n\t<meta property=\"og:image:width\" content=\"1400\" \/>\n\t<meta property=\"og:image:height\" content=\"788\" \/>\n\t<meta property=\"og:image:type\" content=\"image\/jpeg\" \/>\n<meta name=\"author\" content=\"Yapay Zeka\" \/>\n<meta name=\"twitter:card\" content=\"summary_large_image\" \/>\n<meta name=\"twitter:label1\" content=\"Yazan:\" \/>\n\t<meta name=\"twitter:data1\" content=\"Yapay Zeka\" \/>\n\t<meta name=\"twitter:label2\" content=\"Tahmini okuma s\u00fcresi\" \/>\n\t<meta name=\"twitter:data2\" content=\"1 dakika\" \/>\n<script type=\"application\/ld+json\" class=\"yoast-schema-graph\">{\"@context\":\"https:\\\/\\\/schema.org\",\"@graph\":[{\"@type\":\"Article\",\"@id\":\"https:\\\/\\\/tralleskop.com\\\/index.php\\\/2026\\\/05\\\/01\\\/kongre-homeland-security-bakanliginin-rekor-sureliligine-son-verdi\\\/#article\",\"isPartOf\":{\"@id\":\"https:\\\/\\\/tralleskop.com\\\/index.php\\\/2026\\\/05\\\/01\\\/kongre-homeland-security-bakanliginin-rekor-sureliligine-son-verdi\\\/\"},\"author\":{\"name\":\"Yapay Zeka\",\"@id\":\"https:\\\/\\\/tralleskop.com\\\/#\\\/schema\\\/person\\\/07eabec51c3edefcb97f005e5a24dc85\"},\"headline\":\"Kongre, Homeland Security Bakanl\u0131\u011f\u0131&#8217;n\u0131n Rekor S\u00fcrelili\u011fine Son Verdi\",\"datePublished\":\"2026-05-01T19:30:07+00:00\",\"dateModified\":\"2026-05-01T19:34:30+00:00\",\"mainEntityOfPage\":{\"@id\":\"https:\\\/\\\/tralleskop.com\\\/index.php\\\/2026\\\/05\\\/01\\\/kongre-homeland-security-bakanliginin-rekor-sureliligine-son-verdi\\\/\"},\"wordCount\":174,\"commentCount\":0,\"publisher\":{\"@id\":\"https:\\\/\\\/tralleskop.com\\\/#organization\"},\"image\":{\"@id\":\"https:\\\/\\\/tralleskop.com\\\/index.php\\\/2026\\\/05\\\/01\\\/kongre-homeland-security-bakanliginin-rekor-sureliligine-son-verdi\\\/#primaryimage\"},\"thumbnailUrl\":\"https:\\\/\\\/tralleskop.com\\\/wp-content\\\/uploads\\\/2026\\\/05\\\/jpeg.jpg\",\"keywords\":[\"g\u00f6\u00e7menlik\",\"g\u00fcmr\u00fck koruma\",\"Homeland Security\",\"Kongre\"],\"articleSection\":[\"ABD\",\"d\u00fcnya\",\"Ekonomi\",\"Siyaset\"],\"inLanguage\":\"tr\",\"potentialAction\":[{\"@type\":\"CommentAction\",\"name\":\"Comment\",\"target\":[\"https:\\\/\\\/tralleskop.com\\\/index.php\\\/2026\\\/05\\\/01\\\/kongre-homeland-security-bakanliginin-rekor-sureliligine-son-verdi\\\/#respond\"]}]},{\"@type\":\"WebPage\",\"@id\":\"https:\\\/\\\/tralleskop.com\\\/index.php\\\/2026\\\/05\\\/01\\\/kongre-homeland-security-bakanliginin-rekor-sureliligine-son-verdi\\\/\",\"url\":\"https:\\\/\\\/tralleskop.com\\\/index.php\\\/2026\\\/05\\\/01\\\/kongre-homeland-security-bakanliginin-rekor-sureliligine-son-verdi\\\/\",\"name\":\"Kongre, Homeland Security Bakanl\u0131\u011f\u0131'n\u0131n Rekor S\u00fcrelili\u011fine Son Verdi - Tralleskop\",\"isPartOf\":{\"@id\":\"https:\\\/\\\/tralleskop.com\\\/#website\"},\"primaryImageOfPage\":{\"@id\":\"https:\\\/\\\/tralleskop.com\\\/index.php\\\/2026\\\/05\\\/01\\\/kongre-homeland-security-bakanliginin-rekor-sureliligine-son-verdi\\\/#primaryimage\"},\"image\":{\"@id\":\"https:\\\/\\\/tralleskop.com\\\/index.php\\\/2026\\\/05\\\/01\\\/kongre-homeland-security-bakanliginin-rekor-sureliligine-son-verdi\\\/#primaryimage\"},\"thumbnailUrl\":\"https:\\\/\\\/tralleskop.com\\\/wp-content\\\/uploads\\\/2026\\\/05\\\/jpeg.jpg\",\"datePublished\":\"2026-05-01T19:30:07+00:00\",\"dateModified\":\"2026-05-01T19:34:30+00:00\",\"breadcrumb\":{\"@id\":\"https:\\\/\\\/tralleskop.com\\\/index.php\\\/2026\\\/05\\\/01\\\/kongre-homeland-security-bakanliginin-rekor-sureliligine-son-verdi\\\/#breadcrumb\"},\"inLanguage\":\"tr\",\"potentialAction\":[{\"@type\":\"ReadAction\",\"target\":[\"https:\\\/\\\/tralleskop.com\\\/index.php\\\/2026\\\/05\\\/01\\\/kongre-homeland-security-bakanliginin-rekor-sureliligine-son-verdi\\\/\"]}]},{\"@type\":\"ImageObject\",\"inLanguage\":\"tr\",\"@id\":\"https:\\\/\\\/tralleskop.com\\\/index.php\\\/2026\\\/05\\\/01\\\/kongre-homeland-security-bakanliginin-rekor-sureliligine-son-verdi\\\/#primaryimage\",\"url\":\"https:\\\/\\\/tralleskop.com\\\/wp-content\\\/uploads\\\/2026\\\/05\\\/jpeg.jpg\",\"contentUrl\":\"https:\\\/\\\/tralleskop.com\\\/wp-content\\\/uploads\\\/2026\\\/05\\\/jpeg.jpg\",\"width\":1400,\"height\":788},{\"@type\":\"BreadcrumbList\",\"@id\":\"https:\\\/\\\/tralleskop.com\\\/index.php\\\/2026\\\/05\\\/01\\\/kongre-homeland-security-bakanliginin-rekor-sureliligine-son-verdi\\\/#breadcrumb\",\"itemListElement\":[{\"@type\":\"ListItem\",\"position\":1,\"name\":\"Anasayfa\",\"item\":\"https:\\\/\\\/tralleskop.com\\\/\"},{\"@type\":\"ListItem\",\"position\":2,\"name\":\"Kongre, Homeland Security Bakanl\u0131\u011f\u0131&#8217;n\u0131n Rekor S\u00fcrelili\u011fine Son Verdi\"}]},{\"@type\":\"WebSite\",\"@id\":\"https:\\\/\\\/tralleskop.com\\\/#website\",\"url\":\"https:\\\/\\\/tralleskop.com\\\/\",\"name\":\"Tralleskop\",\"description\":\"\",\"publisher\":{\"@id\":\"https:\\\/\\\/tralleskop.com\\\/#organization\"},\"potentialAction\":[{\"@type\":\"SearchAction\",\"target\":{\"@type\":\"EntryPoint\",\"urlTemplate\":\"https:\\\/\\\/tralleskop.com\\\/?s={search_term_string}\"},\"query-input\":{\"@type\":\"PropertyValueSpecification\",\"valueRequired\":true,\"valueName\":\"search_term_string\"}}],\"inLanguage\":\"tr\"},{\"@type\":\"Organization\",\"@id\":\"https:\\\/\\\/tralleskop.com\\\/#organization\",\"name\":\"Tralleskop\",\"url\":\"https:\\\/\\\/tralleskop.com\\\/\",\"logo\":{\"@type\":\"ImageObject\",\"inLanguage\":\"tr\",\"@id\":\"https:\\\/\\\/tralleskop.com\\\/#\\\/schema\\\/logo\\\/image\\\/\",\"url\":\"https:\\\/\\\/tralleskop.com\\\/wp-content\\\/uploads\\\/2026\\\/03\\\/logo-1.png\",\"contentUrl\":\"https:\\\/\\\/tralleskop.com\\\/wp-content\\\/uploads\\\/2026\\\/03\\\/logo-1.png\",\"width\":2048,\"height\":2048,\"caption\":\"Tralleskop\"},\"image\":{\"@id\":\"https:\\\/\\\/tralleskop.com\\\/#\\\/schema\\\/logo\\\/image\\\/\"},\"sameAs\":[\"https:\\\/\\\/instagram.com\\\/tralleskop\"]},{\"@type\":\"Person\",\"@id\":\"https:\\\/\\\/tralleskop.com\\\/#\\\/schema\\\/person\\\/07eabec51c3edefcb97f005e5a24dc85\",\"name\":\"Yapay Zeka\",\"image\":{\"@type\":\"ImageObject\",\"inLanguage\":\"tr\",\"@id\":\"https:\\\/\\\/secure.gravatar.com\\\/avatar\\\/e77edf5bd5f891271e5db451c58207840f707caf056fe282ae8443fe299d6b9c?s=96&d=mm&r=g\",\"url\":\"https:\\\/\\\/secure.gravatar.com\\\/avatar\\\/e77edf5bd5f891271e5db451c58207840f707caf056fe282ae8443fe299d6b9c?s=96&d=mm&r=g\",\"contentUrl\":\"https:\\\/\\\/secure.gravatar.com\\\/avatar\\\/e77edf5bd5f891271e5db451c58207840f707caf056fe282ae8443fe299d6b9c?s=96&d=mm&r=g\",\"caption\":\"Yapay Zeka\"},\"url\":\"https:\\\/\\\/tralleskop.com\\\/index.php\\\/author\\\/yapayzeka\\\/\"}]}<\/script>\n<!-- \/ Yoast SEO plugin. -->","yoast_head_json":{"title":"Kongre, Homeland Security Bakanl\u0131\u011f\u0131'n\u0131n Rekor S\u00fcrelili\u011fine Son Verdi - Tralleskop","robots":{"index":"index","follow":"follow","max-snippet":"max-snippet:-1","max-image-preview":"max-image-preview:large","max-video-preview":"max-video-preview:-1"},"canonical":"https:\/\/tralleskop.com\/index.php\/2026\/05\/01\/kongre-homeland-security-bakanliginin-rekor-sureliligine-son-verdi\/","og_locale":"tr_TR","og_type":"article","og_title":"Kongre, Homeland Security Bakanl\u0131\u011f\u0131'n\u0131n Rekor S\u00fcrelili\u011fine Son Verdi - Tralleskop","og_description":"ABD Kongresi, rekor s\u00fcren Homeland Security Bakanl\u0131\u011f\u0131'n\u0131n mali y\u0131l\u0131na son verdi. Ancak, g\u00f6\u00e7menlik ve g\u00fcmr\u00fck koruma ajanslar\u0131na fon ayr\u0131lmad\u0131.","og_url":"https:\/\/tralleskop.com\/index.php\/2026\/05\/01\/kongre-homeland-security-bakanliginin-rekor-sureliligine-son-verdi\/","og_site_name":"Tralleskop","article_published_time":"2026-05-01T19:30:07+00:00","article_modified_time":"2026-05-01T19:34:30+00:00","og_image":[{"width":1400,"height":788,"url":"https:\/\/tralleskop.com\/wp-content\/uploads\/2026\/05\/jpeg.jpg","type":"image\/jpeg"}],"author":"Yapay Zeka","twitter_card":"summary_large_image","twitter_misc":{"Yazan:":"Yapay Zeka","Tahmini okuma s\u00fcresi":"1 dakika"},"schema":{"@context":"https:\/\/schema.org","@graph":[{"@type":"Article","@id":"https:\/\/tralleskop.com\/index.php\/2026\/05\/01\/kongre-homeland-security-bakanliginin-rekor-sureliligine-son-verdi\/#article","isPartOf":{"@id":"https:\/\/tralleskop.com\/index.php\/2026\/05\/01\/kongre-homeland-security-bakanliginin-rekor-sureliligine-son-verdi\/"},"author":{"name":"Yapay Zeka","@id":"https:\/\/tralleskop.com\/#\/schema\/person\/07eabec51c3edefcb97f005e5a24dc85"},"headline":"Kongre, Homeland Security Bakanl\u0131\u011f\u0131&#8217;n\u0131n Rekor S\u00fcrelili\u011fine Son Verdi","datePublished":"2026-05-01T19:30:07+00:00","dateModified":"2026-05-01T19:34:30+00:00","mainEntityOfPage":{"@id":"https:\/\/tralleskop.com\/index.php\/2026\/05\/01\/kongre-homeland-security-bakanliginin-rekor-sureliligine-son-verdi\/"},"wordCount":174,"commentCount":0,"publisher":{"@id":"https:\/\/tralleskop.com\/#organization"},"image":{"@id":"https:\/\/tralleskop.com\/index.php\/2026\/05\/01\/kongre-homeland-security-bakanliginin-rekor-sureliligine-son-verdi\/#primaryimage"},"thumbnailUrl":"https:\/\/tralleskop.com\/wp-content\/uploads\/2026\/05\/jpeg.jpg","keywords":["g\u00f6\u00e7menlik","g\u00fcmr\u00fck koruma","Homeland Security","Kongre"],"articleSection":["ABD","d\u00fcnya","Ekonomi","Siyaset"],"inLanguage":"tr","potentialAction":[{"@type":"CommentAction","name":"Comment","target":["https:\/\/tralleskop.com\/index.php\/2026\/05\/01\/kongre-homeland-security-bakanliginin-rekor-sureliligine-son-verdi\/#respond"]}]},{"@type":"WebPage","@id":"https:\/\/tralleskop.com\/index.php\/2026\/05\/01\/kongre-homeland-security-bakanliginin-rekor-sureliligine-son-verdi\/","url":"https:\/\/tralleskop.com\/index.php\/2026\/05\/01\/kongre-homeland-security-bakanliginin-rekor-sureliligine-son-verdi\/","name":"Kongre, Homeland Security Bakanl\u0131\u011f\u0131'n\u0131n Rekor S\u00fcrelili\u011fine Son Verdi - Tralleskop","isPartOf":{"@id":"https:\/\/tralleskop.com\/#website"},"primaryImageOfPage":{"@id":"https:\/\/tralleskop.com\/index.php\/2026\/05\/01\/kongre-homeland-security-bakanliginin-rekor-sureliligine-son-verdi\/#primaryimage"},"image":{"@id":"https:\/\/tralleskop.com\/index.php\/2026\/05\/01\/kongre-homeland-security-bakanliginin-rekor-sureliligine-son-verdi\/#primaryimage"},"thumbnailUrl":"https:\/\/tralleskop.com\/wp-content\/uploads\/2026\/05\/jpeg.jpg","datePublished":"2026-05-01T19:30:07+00:00","dateModified":"2026-05-01T19:34:30+00:00","breadcrumb":{"@id":"https:\/\/tralleskop.com\/index.php\/2026\/05\/01\/kongre-homeland-security-bakanliginin-rekor-sureliligine-son-verdi\/#breadcrumb"},"inLanguage":"tr","potentialAction":[{"@type":"ReadAction","target":["https:\/\/tralleskop.com\/index.php\/2026\/05\/01\/kongre-homeland-security-bakanliginin-rekor-sureliligine-son-verdi\/"]}]},{"@type":"ImageObject","inLanguage":"tr","@id":"https:\/\/tralleskop.com\/index.php\/2026\/05\/01\/kongre-homeland-security-bakanliginin-rekor-sureliligine-son-verdi\/#primaryimage","url":"https:\/\/tralleskop.com\/wp-content\/uploads\/2026\/05\/jpeg.jpg","contentUrl":"https:\/\/tralleskop.com\/wp-content\/uploads\/2026\/05\/jpeg.jpg","width":1400,"height":788},{"@type":"BreadcrumbList","@id":"https:\/\/tralleskop.com\/index.php\/2026\/05\/01\/kongre-homeland-security-bakanliginin-rekor-sureliligine-son-verdi\/#breadcrumb","itemListElement":[{"@type":"ListItem","position":1,"name":"Anasayfa","item":"https:\/\/tralleskop.com\/"},{"@type":"ListItem","position":2,"name":"Kongre, Homeland Security Bakanl\u0131\u011f\u0131&#8217;n\u0131n Rekor S\u00fcrelili\u011fine Son Verdi"}]},{"@type":"WebSite","@id":"https:\/\/tralleskop.com\/#website","url":"https:\/\/tralleskop.com\/","name":"Tralleskop","description":"","publisher":{"@id":"https:\/\/tralleskop.com\/#organization"},"potentialAction":[{"@type":"SearchAction","target":{"@type":"EntryPoint","urlTemplate":"https:\/\/tralleskop.com\/?s={search_term_string}"},"query-input":{"@type":"PropertyValueSpecification","valueRequired":true,"valueName":"search_term_string"}}],"inLanguage":"tr"},{"@type":"Organization","@id":"https:\/\/tralleskop.com\/#organization","name":"Tralleskop","url":"https:\/\/tralleskop.com\/","logo":{"@type":"ImageObject","inLanguage":"tr","@id":"https:\/\/tralleskop.com\/#\/schema\/logo\/image\/","url":"https:\/\/tralleskop.com\/wp-content\/uploads\/2026\/03\/logo-1.png","contentUrl":"https:\/\/tralleskop.com\/wp-content\/uploads\/2026\/03\/logo-1.png","width":2048,"height":2048,"caption":"Tralleskop"},"image":{"@id":"https:\/\/tralleskop.com\/#\/schema\/logo\/image\/"},"sameAs":["https:\/\/instagram.com\/tralleskop"]},{"@type":"Person","@id":"https:\/\/tralleskop.com\/#\/schema\/person\/07eabec51c3edefcb97f005e5a24dc85","name":"Yapay Zeka","image":{"@type":"ImageObject","inLanguage":"tr","@id":"https:\/\/secure.gravatar.com\/avatar\/e77edf5bd5f891271e5db451c58207840f707caf056fe282ae8443fe299d6b9c?s=96&d=mm&r=g","url":"https:\/\/secure.gravatar.com\/avatar\/e77edf5bd5f891271e5db451c58207840f707caf056fe282ae8443fe299d6b9c?s=96&d=mm&r=g","contentUrl":"https:\/\/secure.gravatar.com\/avatar\/e77edf5bd5f891271e5db451c58207840f707caf056fe282ae8443fe299d6b9c?s=96&d=mm&r=g","caption":"Yapay Zeka"},"url":"https:\/\/tralleskop.com\/index.php\/author\/yapayzeka\/"}]}},"jetpack_featured_media_url":"https:\/\/tralleskop.com\/wp-content\/uploads\/2026\/05\/jpeg.jpg","_links":{"self":[{"href":"https:\/\/tralleskop.com\/index.php\/wp-json\/wp\/v2\/posts\/493","targetHints":{"allow":["GET"]}}],"collection":[{"href":"https:\/\/tralleskop.com\/index.php\/wp-json\/wp\/v2\/posts"}],"about":[{"href":"https:\/\/tralleskop.com\/index.php\/wp-json\/wp\/v2\/types\/post"}],"author":[{"embeddable":true,"href":"https:\/\/tralleskop.com\/index.php\/wp-json\/wp\/v2\/users\/3"}],"replies":[{"embeddable":true,"href":"https:\/\/tralleskop.com\/index.php\/wp-json\/wp\/v2\/comments?post=493"}],"version-history":[{"count":1,"href":"https:\/\/tralleskop.com\/index.php\/wp-json\/wp\/v2\/posts\/493\/revisions"}],"predecessor-version":[{"id":495,"href":"https:\/\/tralleskop.com\/index.php\/wp-json\/wp\/v2\/posts\/493\/revisions\/495"}],"wp:featuredmedia":[{"embeddable":true,"href":"https:\/\/tralleskop.com\/index.php\/wp-json\/wp\/v2\/media\/494"}],"wp:attachment":[{"href":"https:\/\/tralleskop.com\/index.php\/wp-json\/wp\/v2\/media?parent=493"}],"wp:term":[{"taxonomy":"category","embeddable":true,"href":"https:\/\/tralleskop.com\/index.php\/wp-json\/wp\/v2\/categories?post=493"},{"taxonomy":"post_tag","embeddable":true,"href":"https:\/\/tralleskop.com\/index.php\/wp-json\/wp\/v2\/tags?post=493"}],"curies":[{"name":"wp","href":"https:\/\/api.w.org\/{rel}","templated":true}]}}