{"id":491,"date":"2026-05-01T22:15:08","date_gmt":"2026-05-01T19:15:08","guid":{"rendered":"https:\/\/tralleskop.com\/index.php\/2026\/05\/01\/camp-mysticin-acilis-basvurusunu-cekmesi\/"},"modified":"2026-05-01T22:15:08","modified_gmt":"2026-05-01T19:15:08","slug":"camp-mysticin-acilis-basvurusunu-cekmesi","status":"publish","type":"post","link":"https:\/\/tralleskop.com\/index.php\/2026\/05\/01\/camp-mysticin-acilis-basvurusunu-cekmesi\/","title":{"rendered":"Camp Mystic&#8217;in A\u00e7\u0131l\u0131\u015f Ba\u015fvurusunu \u00c7ekmesi"},"content":{"rendered":"<p>Camp Mystic, ge\u00e7en y\u0131l a\u011f\u0131r ya\u011f\u0131\u015flar nedeniyle 27 kamp\u00e7\u0131n\u0131n ve dan\u0131\u015fman\u0131n hayat\u0131n\u0131 kaybetti\u011fi Teksas&#8217;taki Hristiyan k\u0131z kamp\u0131, bu yaz tekrar a\u00e7\u0131lmas\u0131 i\u00e7in yapt\u0131\u011f\u0131 ba\u015fvuruyu geri \u00e7ekti\u011fini a\u00e7\u0131klad\u0131. Bu karar, kamp\u0131n gelece\u011fi hakk\u0131nda soru i\u015faretleri olu\u015ftururken, ge\u00e7ti\u011fimiz y\u0131l ya\u015fanan trajedi hala hat\u0131rlarda taze.<\/p>\n<p>Ge\u00e7en y\u0131l\u0131n May\u0131s ay\u0131nda\u53d1\u751f edilen seller, Teksas&#8217;ta b\u00fcy\u00fck bir felaket olarak kay\u0131tlara ge\u00e7ti. Heavy ya\u011f\u0131\u015flar, nehirlerin ta\u015fmas\u0131 ve su bask\u0131nlar\u0131, bir\u00e7ok b\u00f6lgede b\u00fcy\u00fck y\u0131k\u0131ma yol a\u00e7t\u0131. Camp Mystic de bu sellerin en \u00e7ok etkiledi\u011fi yerlerden biri oldu. Kamp, schwer bir \u015fekilde hasar g\u00f6rd\u00fc ve bir\u00e7ok kamp\u00e7\u0131 ile dan\u0131\u015fman hayat\u0131n\u0131 kaybetti.<\/p>\n<p>Bu y\u0131l, kamp y\u00f6netimi bu yaz tekrar a\u00e7\u0131lmas\u0131 i\u00e7in bir ba\u015fvuru yapt\u0131. Ancak son geli\u015fmeler \u0131\u015f\u0131\u011f\u0131nda, kamp\u0131n a\u00e7\u0131l\u0131\u015f ba\u015fvurusu geri \u00e7ekildi. Bu karar, kamp\u0131n gelece\u011fi hakk\u0131nda b\u00fcy\u00fck bir soru i\u015fareti olu\u015fturuyor. Kamp\u0131n tekrar a\u00e7\u0131lmas\u0131 i\u00e7in \ud544\uc694\ud55c ko\u015fullar\u0131n yerine getirilmesi gerekiyor. Kamp y\u00f6netimi, necessary ad\u0131mlar\u0131 atmak i\u00e7in zaman kazanmak istiyor olabilir.<\/p>\n<p>Camp Mystic&#8217;in a\u00e7\u0131l\u0131\u015f ba\u015fvurusunun geri \u00e7ekilmesi, kamp\u0131n ge\u00e7mi\u015findeki trajedi hakk\u0131nda da tekrar d\u00fc\u015f\u00fcnmeye yol a\u00e7ebilir. Ge\u00e7en y\u0131l ya\u015fanan felaket, bir\u00e7ok ki\u015finin hayat\u0131n\u0131 kaybetti ve kamp\u0131n altyap\u0131s\u0131nda b\u00fcy\u00fck hasara yol a\u00e7t\u0131. Kamp y\u00f6netimi, necesario \u00f6nlemleri almak ve kamp\u0131 g\u00fcvenli bir \u015fekilde tekrar a\u00e7abilmek i\u00e7in gerekli ad\u0131mlar\u0131 atmak zorunda.<\/p>\n<p>Bu geli\u015fme, kamp\u0131n gelece\u011fi hakk\u0131nda b\u00fcy\u00fck bir soru i\u015fareti olu\u015ftururken, ayn\u0131 zamanda kamp\u0131n ge\u00e7mi\u015findeki trajedi hakk\u0131nda da tekrar d\u00fc\u015f\u00fcnmeye yol a\u00e7abilir. Kamp\u0131n tekrar a\u00e7\u0131lmas\u0131 i\u00e7in necessary ko\u015fullar\u0131n yerine getirilmesi gerekiyor. Kamp y\u00f6netimiminin bu konuda att\u0131\u011f\u0131 ad\u0131mlar, kamp\u0131n gelece\u011fi hakk\u0131nda b\u00fcy\u00fck bir rol oynayabilir.<\/p>\n","protected":false},"excerpt":{"rendered":"<p>Camp Mystic, ge\u00e7en y\u0131l a\u011f\u0131r ya\u011f\u0131\u015flar nedeniyle 27 kamp\u00e7\u0131n\u0131n ve dan\u0131\u015fman\u0131n hayat\u0131n\u0131 kaybetti\u011fi Teksas&#8217;taki Hristiyan k\u0131z kamp\u0131, bu yaz tekrar a\u00e7\u0131lmas\u0131 i\u00e7in yapt\u0131\u011f\u0131 ba\u015fvuruyu geri \u00e7ekti\u011fini a\u00e7\u0131klad\u0131. Bu karar, kamp\u0131n gelece\u011fi hakk\u0131nda soru i\u015faretleri olu\u015ftururken, ge\u00e7ti\u011fimiz y\u0131l ya\u015fanan trajedi hala hat\u0131rlarda taze. Ge\u00e7en y\u0131l\u0131n May\u0131s ay\u0131nda\u53d1\u751f edilen seller, Teksas&#8217;ta b\u00fcy\u00fck bir felaket olarak kay\u0131tlara ge\u00e7ti. [&hellip;]<\/p>\n","protected":false},"author":3,"featured_media":492,"comment_status":"open","ping_status":"open","sticky":false,"template":"","format":"standard","meta":{"googlesitekit_rrm_CAow15e3DA:productID":"","_coblocks_attr":"","_coblocks_dimensions":"","_coblocks_responsive_height":"","_coblocks_accordion_ie_support":"","_ai_summary":"Camp Mystic, Teksas'taki Hristiyan k\u0131z kamp\u0131, bu yaz tekrar a\u00e7\u0131lmas\u0131 i\u00e7in yapt\u0131\u011f\u0131 ba\u015fvuruyu geri \u00e7ekti\u011fini a\u00e7\u0131klad\u0131.\nGe\u00e7en y\u0131l a\u011f\u0131r ya\u011f\u0131\u015flar nedeniyle 27 kamp\u00e7\u0131n\u0131n ve dan\u0131\u015fman\u0131n hayat\u0131n\u0131 kaybetti\u011fi kamp, Necessary ad\u0131mlar\u0131 atmak i\u00e7in zaman kazanmak istiyor olabilir.\nKamp\u0131n a\u00e7\u0131l\u0131\u015f ba\u015fvurusunun geri \u00e7ekilmesi, kamp\u0131n ge\u00e7mi\u015findeki trajedi hakk\u0131nda da tekrar d\u00fc\u015f\u00fcnmeye yol a\u00e7abilir.","_external_image_url":"https:\/\/media.cnn.com\/api\/v1\/images\/stellar\/prod\/gettyimages-2224032608.jpg?c=16x9&q=w_800,c_fill","footnotes":""},"categories":[1],"tags":[],"class_list":["post-491","post","type-post","status-publish","format-standard","has-post-thumbnail","hentry","category-arsiv"],"yoast_head":"<!-- This site is optimized with the Yoast SEO plugin v27.5 - https:\/\/yoast.com\/product\/yoast-seo-wordpress\/ -->\n<title>Camp Mystic&#039;in A\u00e7\u0131l\u0131\u015f Ba\u015fvurusunu \u00c7ekmesi - Tralleskop<\/title>\n<meta name=\"robots\" content=\"index, follow, max-snippet:-1, max-image-preview:large, max-video-preview:-1\" \/>\n<link rel=\"canonical\" href=\"https:\/\/tralleskop.com\/index.php\/2026\/05\/01\/camp-mysticin-acilis-basvurusunu-cekmesi\/\" \/>\n<meta property=\"og:locale\" content=\"tr_TR\" \/>\n<meta property=\"og:type\" content=\"article\" \/>\n<meta property=\"og:title\" content=\"Camp Mystic&#039;in A\u00e7\u0131l\u0131\u015f Ba\u015fvurusunu \u00c7ekmesi - Tralleskop\" \/>\n<meta property=\"og:description\" content=\"Camp Mystic, ge\u00e7en y\u0131l a\u011f\u0131r ya\u011f\u0131\u015flar nedeniyle 27 kamp\u00e7\u0131n\u0131n ve dan\u0131\u015fman\u0131n hayat\u0131n\u0131 kaybetti\u011fi Teksas&#8217;taki Hristiyan k\u0131z kamp\u0131, bu yaz tekrar a\u00e7\u0131lmas\u0131 i\u00e7in yapt\u0131\u011f\u0131 ba\u015fvuruyu geri \u00e7ekti\u011fini a\u00e7\u0131klad\u0131. Bu karar, kamp\u0131n gelece\u011fi hakk\u0131nda soru i\u015faretleri olu\u015ftururken, ge\u00e7ti\u011fimiz y\u0131l ya\u015fanan trajedi hala hat\u0131rlarda taze. Ge\u00e7en y\u0131l\u0131n May\u0131s ay\u0131nda\u53d1\u751f edilen seller, Teksas&#8217;ta b\u00fcy\u00fck bir felaket olarak kay\u0131tlara ge\u00e7ti. [&hellip;]\" \/>\n<meta property=\"og:url\" content=\"https:\/\/tralleskop.com\/index.php\/2026\/05\/01\/camp-mysticin-acilis-basvurusunu-cekmesi\/\" \/>\n<meta property=\"og:site_name\" content=\"Tralleskop\" \/>\n<meta property=\"article:published_time\" content=\"2026-05-01T19:15:08+00:00\" \/>\n<meta name=\"author\" content=\"Yapay Zeka\" \/>\n<meta name=\"twitter:card\" content=\"summary_large_image\" \/>\n<meta name=\"twitter:label1\" content=\"Yazan:\" \/>\n\t<meta name=\"twitter:data1\" content=\"Yapay Zeka\" \/>\n\t<meta name=\"twitter:label2\" content=\"Tahmini okuma s\u00fcresi\" \/>\n\t<meta name=\"twitter:data2\" content=\"2 dakika\" \/>\n<script type=\"application\/ld+json\" class=\"yoast-schema-graph\">{\"@context\":\"https:\\\/\\\/schema.org\",\"@graph\":[{\"@type\":\"Article\",\"@id\":\"https:\\\/\\\/tralleskop.com\\\/index.php\\\/2026\\\/05\\\/01\\\/camp-mysticin-acilis-basvurusunu-cekmesi\\\/#article\",\"isPartOf\":{\"@id\":\"https:\\\/\\\/tralleskop.com\\\/index.php\\\/2026\\\/05\\\/01\\\/camp-mysticin-acilis-basvurusunu-cekmesi\\\/\"},\"author\":{\"name\":\"Yapay Zeka\",\"@id\":\"https:\\\/\\\/tralleskop.com\\\/#\\\/schema\\\/person\\\/07eabec51c3edefcb97f005e5a24dc85\"},\"headline\":\"Camp Mystic&#8217;in A\u00e7\u0131l\u0131\u015f Ba\u015fvurusunu \u00c7ekmesi\",\"datePublished\":\"2026-05-01T19:15:08+00:00\",\"mainEntityOfPage\":{\"@id\":\"https:\\\/\\\/tralleskop.com\\\/index.php\\\/2026\\\/05\\\/01\\\/camp-mysticin-acilis-basvurusunu-cekmesi\\\/\"},\"wordCount\":366,\"commentCount\":0,\"publisher\":{\"@id\":\"https:\\\/\\\/tralleskop.com\\\/#organization\"},\"image\":{\"@id\":\"https:\\\/\\\/tralleskop.com\\\/index.php\\\/2026\\\/05\\\/01\\\/camp-mysticin-acilis-basvurusunu-cekmesi\\\/#primaryimage\"},\"thumbnailUrl\":\"https:\\\/\\\/tralleskop.com\\\/wp-content\\\/uploads\\\/2026\\\/05\\\/gettyimages-2224032608.jpg.jpg\",\"articleSection\":[\"Ar\u015fiv\"],\"inLanguage\":\"tr\",\"potentialAction\":[{\"@type\":\"CommentAction\",\"name\":\"Comment\",\"target\":[\"https:\\\/\\\/tralleskop.com\\\/index.php\\\/2026\\\/05\\\/01\\\/camp-mysticin-acilis-basvurusunu-cekmesi\\\/#respond\"]}]},{\"@type\":\"WebPage\",\"@id\":\"https:\\\/\\\/tralleskop.com\\\/index.php\\\/2026\\\/05\\\/01\\\/camp-mysticin-acilis-basvurusunu-cekmesi\\\/\",\"url\":\"https:\\\/\\\/tralleskop.com\\\/index.php\\\/2026\\\/05\\\/01\\\/camp-mysticin-acilis-basvurusunu-cekmesi\\\/\",\"name\":\"Camp Mystic'in A\u00e7\u0131l\u0131\u015f Ba\u015fvurusunu \u00c7ekmesi - Tralleskop\",\"isPartOf\":{\"@id\":\"https:\\\/\\\/tralleskop.com\\\/#website\"},\"primaryImageOfPage\":{\"@id\":\"https:\\\/\\\/tralleskop.com\\\/index.php\\\/2026\\\/05\\\/01\\\/camp-mysticin-acilis-basvurusunu-cekmesi\\\/#primaryimage\"},\"image\":{\"@id\":\"https:\\\/\\\/tralleskop.com\\\/index.php\\\/2026\\\/05\\\/01\\\/camp-mysticin-acilis-basvurusunu-cekmesi\\\/#primaryimage\"},\"thumbnailUrl\":\"https:\\\/\\\/tralleskop.com\\\/wp-content\\\/uploads\\\/2026\\\/05\\\/gettyimages-2224032608.jpg.jpg\",\"datePublished\":\"2026-05-01T19:15:08+00:00\",\"breadcrumb\":{\"@id\":\"https:\\\/\\\/tralleskop.com\\\/index.php\\\/2026\\\/05\\\/01\\\/camp-mysticin-acilis-basvurusunu-cekmesi\\\/#breadcrumb\"},\"inLanguage\":\"tr\",\"potentialAction\":[{\"@type\":\"ReadAction\",\"target\":[\"https:\\\/\\\/tralleskop.com\\\/index.php\\\/2026\\\/05\\\/01\\\/camp-mysticin-acilis-basvurusunu-cekmesi\\\/\"]}]},{\"@type\":\"ImageObject\",\"inLanguage\":\"tr\",\"@id\":\"https:\\\/\\\/tralleskop.com\\\/index.php\\\/2026\\\/05\\\/01\\\/camp-mysticin-acilis-basvurusunu-cekmesi\\\/#primaryimage\",\"url\":\"https:\\\/\\\/tralleskop.com\\\/wp-content\\\/uploads\\\/2026\\\/05\\\/gettyimages-2224032608.jpg.jpg\",\"contentUrl\":\"https:\\\/\\\/tralleskop.com\\\/wp-content\\\/uploads\\\/2026\\\/05\\\/gettyimages-2224032608.jpg.jpg\",\"width\":800,\"height\":450},{\"@type\":\"BreadcrumbList\",\"@id\":\"https:\\\/\\\/tralleskop.com\\\/index.php\\\/2026\\\/05\\\/01\\\/camp-mysticin-acilis-basvurusunu-cekmesi\\\/#breadcrumb\",\"itemListElement\":[{\"@type\":\"ListItem\",\"position\":1,\"name\":\"Anasayfa\",\"item\":\"https:\\\/\\\/tralleskop.com\\\/\"},{\"@type\":\"ListItem\",\"position\":2,\"name\":\"Camp Mystic&#8217;in A\u00e7\u0131l\u0131\u015f Ba\u015fvurusunu \u00c7ekmesi\"}]},{\"@type\":\"WebSite\",\"@id\":\"https:\\\/\\\/tralleskop.com\\\/#website\",\"url\":\"https:\\\/\\\/tralleskop.com\\\/\",\"name\":\"Tralleskop\",\"description\":\"\",\"publisher\":{\"@id\":\"https:\\\/\\\/tralleskop.com\\\/#organization\"},\"potentialAction\":[{\"@type\":\"SearchAction\",\"target\":{\"@type\":\"EntryPoint\",\"urlTemplate\":\"https:\\\/\\\/tralleskop.com\\\/?s={search_term_string}\"},\"query-input\":{\"@type\":\"PropertyValueSpecification\",\"valueRequired\":true,\"valueName\":\"search_term_string\"}}],\"inLanguage\":\"tr\"},{\"@type\":\"Organization\",\"@id\":\"https:\\\/\\\/tralleskop.com\\\/#organization\",\"name\":\"Tralleskop\",\"url\":\"https:\\\/\\\/tralleskop.com\\\/\",\"logo\":{\"@type\":\"ImageObject\",\"inLanguage\":\"tr\",\"@id\":\"https:\\\/\\\/tralleskop.com\\\/#\\\/schema\\\/logo\\\/image\\\/\",\"url\":\"https:\\\/\\\/tralleskop.com\\\/wp-content\\\/uploads\\\/2026\\\/03\\\/logo-1.png\",\"contentUrl\":\"https:\\\/\\\/tralleskop.com\\\/wp-content\\\/uploads\\\/2026\\\/03\\\/logo-1.png\",\"width\":2048,\"height\":2048,\"caption\":\"Tralleskop\"},\"image\":{\"@id\":\"https:\\\/\\\/tralleskop.com\\\/#\\\/schema\\\/logo\\\/image\\\/\"},\"sameAs\":[\"https:\\\/\\\/instagram.com\\\/tralleskop\"]},{\"@type\":\"Person\",\"@id\":\"https:\\\/\\\/tralleskop.com\\\/#\\\/schema\\\/person\\\/07eabec51c3edefcb97f005e5a24dc85\",\"name\":\"Yapay Zeka\",\"image\":{\"@type\":\"ImageObject\",\"inLanguage\":\"tr\",\"@id\":\"https:\\\/\\\/secure.gravatar.com\\\/avatar\\\/e77edf5bd5f891271e5db451c58207840f707caf056fe282ae8443fe299d6b9c?s=96&d=mm&r=g\",\"url\":\"https:\\\/\\\/secure.gravatar.com\\\/avatar\\\/e77edf5bd5f891271e5db451c58207840f707caf056fe282ae8443fe299d6b9c?s=96&d=mm&r=g\",\"contentUrl\":\"https:\\\/\\\/secure.gravatar.com\\\/avatar\\\/e77edf5bd5f891271e5db451c58207840f707caf056fe282ae8443fe299d6b9c?s=96&d=mm&r=g\",\"caption\":\"Yapay Zeka\"},\"url\":\"https:\\\/\\\/tralleskop.com\\\/index.php\\\/author\\\/yapayzeka\\\/\"}]}<\/script>\n<!-- \/ Yoast SEO plugin. -->","yoast_head_json":{"title":"Camp Mystic'in A\u00e7\u0131l\u0131\u015f Ba\u015fvurusunu \u00c7ekmesi - Tralleskop","robots":{"index":"index","follow":"follow","max-snippet":"max-snippet:-1","max-image-preview":"max-image-preview:large","max-video-preview":"max-video-preview:-1"},"canonical":"https:\/\/tralleskop.com\/index.php\/2026\/05\/01\/camp-mysticin-acilis-basvurusunu-cekmesi\/","og_locale":"tr_TR","og_type":"article","og_title":"Camp Mystic'in A\u00e7\u0131l\u0131\u015f Ba\u015fvurusunu \u00c7ekmesi - Tralleskop","og_description":"Camp Mystic, ge\u00e7en y\u0131l a\u011f\u0131r ya\u011f\u0131\u015flar nedeniyle 27 kamp\u00e7\u0131n\u0131n ve dan\u0131\u015fman\u0131n hayat\u0131n\u0131 kaybetti\u011fi Teksas&#8217;taki Hristiyan k\u0131z kamp\u0131, bu yaz tekrar a\u00e7\u0131lmas\u0131 i\u00e7in yapt\u0131\u011f\u0131 ba\u015fvuruyu geri \u00e7ekti\u011fini a\u00e7\u0131klad\u0131. Bu karar, kamp\u0131n gelece\u011fi hakk\u0131nda soru i\u015faretleri olu\u015ftururken, ge\u00e7ti\u011fimiz y\u0131l ya\u015fanan trajedi hala hat\u0131rlarda taze. Ge\u00e7en y\u0131l\u0131n May\u0131s ay\u0131nda\u53d1\u751f edilen seller, Teksas&#8217;ta b\u00fcy\u00fck bir felaket olarak kay\u0131tlara ge\u00e7ti. [&hellip;]","og_url":"https:\/\/tralleskop.com\/index.php\/2026\/05\/01\/camp-mysticin-acilis-basvurusunu-cekmesi\/","og_site_name":"Tralleskop","article_published_time":"2026-05-01T19:15:08+00:00","author":"Yapay Zeka","twitter_card":"summary_large_image","twitter_misc":{"Yazan:":"Yapay Zeka","Tahmini okuma s\u00fcresi":"2 dakika"},"schema":{"@context":"https:\/\/schema.org","@graph":[{"@type":"Article","@id":"https:\/\/tralleskop.com\/index.php\/2026\/05\/01\/camp-mysticin-acilis-basvurusunu-cekmesi\/#article","isPartOf":{"@id":"https:\/\/tralleskop.com\/index.php\/2026\/05\/01\/camp-mysticin-acilis-basvurusunu-cekmesi\/"},"author":{"name":"Yapay Zeka","@id":"https:\/\/tralleskop.com\/#\/schema\/person\/07eabec51c3edefcb97f005e5a24dc85"},"headline":"Camp Mystic&#8217;in A\u00e7\u0131l\u0131\u015f Ba\u015fvurusunu \u00c7ekmesi","datePublished":"2026-05-01T19:15:08+00:00","mainEntityOfPage":{"@id":"https:\/\/tralleskop.com\/index.php\/2026\/05\/01\/camp-mysticin-acilis-basvurusunu-cekmesi\/"},"wordCount":366,"commentCount":0,"publisher":{"@id":"https:\/\/tralleskop.com\/#organization"},"image":{"@id":"https:\/\/tralleskop.com\/index.php\/2026\/05\/01\/camp-mysticin-acilis-basvurusunu-cekmesi\/#primaryimage"},"thumbnailUrl":"https:\/\/tralleskop.com\/wp-content\/uploads\/2026\/05\/gettyimages-2224032608.jpg.jpg","articleSection":["Ar\u015fiv"],"inLanguage":"tr","potentialAction":[{"@type":"CommentAction","name":"Comment","target":["https:\/\/tralleskop.com\/index.php\/2026\/05\/01\/camp-mysticin-acilis-basvurusunu-cekmesi\/#respond"]}]},{"@type":"WebPage","@id":"https:\/\/tralleskop.com\/index.php\/2026\/05\/01\/camp-mysticin-acilis-basvurusunu-cekmesi\/","url":"https:\/\/tralleskop.com\/index.php\/2026\/05\/01\/camp-mysticin-acilis-basvurusunu-cekmesi\/","name":"Camp Mystic'in A\u00e7\u0131l\u0131\u015f Ba\u015fvurusunu \u00c7ekmesi - Tralleskop","isPartOf":{"@id":"https:\/\/tralleskop.com\/#website"},"primaryImageOfPage":{"@id":"https:\/\/tralleskop.com\/index.php\/2026\/05\/01\/camp-mysticin-acilis-basvurusunu-cekmesi\/#primaryimage"},"image":{"@id":"https:\/\/tralleskop.com\/index.php\/2026\/05\/01\/camp-mysticin-acilis-basvurusunu-cekmesi\/#primaryimage"},"thumbnailUrl":"https:\/\/tralleskop.com\/wp-content\/uploads\/2026\/05\/gettyimages-2224032608.jpg.jpg","datePublished":"2026-05-01T19:15:08+00:00","breadcrumb":{"@id":"https:\/\/tralleskop.com\/index.php\/2026\/05\/01\/camp-mysticin-acilis-basvurusunu-cekmesi\/#breadcrumb"},"inLanguage":"tr","potentialAction":[{"@type":"ReadAction","target":["https:\/\/tralleskop.com\/index.php\/2026\/05\/01\/camp-mysticin-acilis-basvurusunu-cekmesi\/"]}]},{"@type":"ImageObject","inLanguage":"tr","@id":"https:\/\/tralleskop.com\/index.php\/2026\/05\/01\/camp-mysticin-acilis-basvurusunu-cekmesi\/#primaryimage","url":"https:\/\/tralleskop.com\/wp-content\/uploads\/2026\/05\/gettyimages-2224032608.jpg.jpg","contentUrl":"https:\/\/tralleskop.com\/wp-content\/uploads\/2026\/05\/gettyimages-2224032608.jpg.jpg","width":800,"height":450},{"@type":"BreadcrumbList","@id":"https:\/\/tralleskop.com\/index.php\/2026\/05\/01\/camp-mysticin-acilis-basvurusunu-cekmesi\/#breadcrumb","itemListElement":[{"@type":"ListItem","position":1,"name":"Anasayfa","item":"https:\/\/tralleskop.com\/"},{"@type":"ListItem","position":2,"name":"Camp Mystic&#8217;in A\u00e7\u0131l\u0131\u015f Ba\u015fvurusunu \u00c7ekmesi"}]},{"@type":"WebSite","@id":"https:\/\/tralleskop.com\/#website","url":"https:\/\/tralleskop.com\/","name":"Tralleskop","description":"","publisher":{"@id":"https:\/\/tralleskop.com\/#organization"},"potentialAction":[{"@type":"SearchAction","target":{"@type":"EntryPoint","urlTemplate":"https:\/\/tralleskop.com\/?s={search_term_string}"},"query-input":{"@type":"PropertyValueSpecification","valueRequired":true,"valueName":"search_term_string"}}],"inLanguage":"tr"},{"@type":"Organization","@id":"https:\/\/tralleskop.com\/#organization","name":"Tralleskop","url":"https:\/\/tralleskop.com\/","logo":{"@type":"ImageObject","inLanguage":"tr","@id":"https:\/\/tralleskop.com\/#\/schema\/logo\/image\/","url":"https:\/\/tralleskop.com\/wp-content\/uploads\/2026\/03\/logo-1.png","contentUrl":"https:\/\/tralleskop.com\/wp-content\/uploads\/2026\/03\/logo-1.png","width":2048,"height":2048,"caption":"Tralleskop"},"image":{"@id":"https:\/\/tralleskop.com\/#\/schema\/logo\/image\/"},"sameAs":["https:\/\/instagram.com\/tralleskop"]},{"@type":"Person","@id":"https:\/\/tralleskop.com\/#\/schema\/person\/07eabec51c3edefcb97f005e5a24dc85","name":"Yapay Zeka","image":{"@type":"ImageObject","inLanguage":"tr","@id":"https:\/\/secure.gravatar.com\/avatar\/e77edf5bd5f891271e5db451c58207840f707caf056fe282ae8443fe299d6b9c?s=96&d=mm&r=g","url":"https:\/\/secure.gravatar.com\/avatar\/e77edf5bd5f891271e5db451c58207840f707caf056fe282ae8443fe299d6b9c?s=96&d=mm&r=g","contentUrl":"https:\/\/secure.gravatar.com\/avatar\/e77edf5bd5f891271e5db451c58207840f707caf056fe282ae8443fe299d6b9c?s=96&d=mm&r=g","caption":"Yapay Zeka"},"url":"https:\/\/tralleskop.com\/index.php\/author\/yapayzeka\/"}]}},"jetpack_featured_media_url":"https:\/\/tralleskop.com\/wp-content\/uploads\/2026\/05\/gettyimages-2224032608.jpg.jpg","_links":{"self":[{"href":"https:\/\/tralleskop.com\/index.php\/wp-json\/wp\/v2\/posts\/491","targetHints":{"allow":["GET"]}}],"collection":[{"href":"https:\/\/tralleskop.com\/index.php\/wp-json\/wp\/v2\/posts"}],"about":[{"href":"https:\/\/tralleskop.com\/index.php\/wp-json\/wp\/v2\/types\/post"}],"author":[{"embeddable":true,"href":"https:\/\/tralleskop.com\/index.php\/wp-json\/wp\/v2\/users\/3"}],"replies":[{"embeddable":true,"href":"https:\/\/tralleskop.com\/index.php\/wp-json\/wp\/v2\/comments?post=491"}],"version-history":[{"count":0,"href":"https:\/\/tralleskop.com\/index.php\/wp-json\/wp\/v2\/posts\/491\/revisions"}],"wp:featuredmedia":[{"embeddable":true,"href":"https:\/\/tralleskop.com\/index.php\/wp-json\/wp\/v2\/media\/492"}],"wp:attachment":[{"href":"https:\/\/tralleskop.com\/index.php\/wp-json\/wp\/v2\/media?parent=491"}],"wp:term":[{"taxonomy":"category","embeddable":true,"href":"https:\/\/tralleskop.com\/index.php\/wp-json\/wp\/v2\/categories?post=491"},{"taxonomy":"post_tag","embeddable":true,"href":"https:\/\/tralleskop.com\/index.php\/wp-json\/wp\/v2\/tags?post=491"}],"curies":[{"name":"wp","href":"https:\/\/api.w.org\/{rel}","templated":true}]}}