{"id":483,"date":"2026-05-01T21:15:08","date_gmt":"2026-05-01T18:15:08","guid":{"rendered":"https:\/\/tralleskop.com\/index.php\/2026\/05\/01\/eski-days-of-our-lives-oyuncusu-patrick-muldoonun-olum-nedeni-aciklirildi\/"},"modified":"2026-05-01T21:15:08","modified_gmt":"2026-05-01T18:15:08","slug":"eski-days-of-our-lives-oyuncusu-patrick-muldoonun-olum-nedeni-aciklirildi","status":"publish","type":"post","link":"https:\/\/tralleskop.com\/index.php\/2026\/05\/01\/eski-days-of-our-lives-oyuncusu-patrick-muldoonun-olum-nedeni-aciklirildi\/","title":{"rendered":"Eski &#8216;Days of Our Lives&#8217; Oyuncusu Patrick Muldoon&#8217;un \u00d6l\u00fcm Nedeni A\u00e7\u0131kl\u0131r\u0131ld\u0131"},"content":{"rendered":"<p>Eski &#8216;Days of Our Lives&#8217; dizisinde rol alan oyuncular\u0131ndan biri olan Patrick Muldoon&#8217;un \u00f6l\u00fcm nedeni resmen a\u00e7\u0131klanm\u0131\u015ft\u0131r. 57 ya\u015f\u0131ndaki oyuncu, 19 Nisan&#8217;da meydana gelen bir kalp krizi sonucu vefat etti. Bu bilgi, Muldoon&#8217;un \u00f6l\u00fcm belgesinin incelenmesiyle do\u011fruland\u0131.<br \/>\n  Patrick Muldoon, &#8216;Days of Our Lives&#8217; dizisindeki rol\u00fcyle tan\u0131nan bir akt\u00f6rd\u00fc. Dizi, uzun y\u0131llard\u0131r yay\u0131nlanmakta olan ve bir\u00e7ok izleyici taraf\u0131ndan takip edilen bir yap\u0131md\u0131r. Muldoon&#8217;un oyunculu\u011fu ve ekranaki performans\u0131, hayranlar\u0131 taraf\u0131ndan \u00e7ok sevildi ve be\u011fenildi.<br \/>\n  Kalp krizi, bir\u00e7ok ki\u015finin \u00f6ld\u00fc\u011f\u00fc bir durumdur. Bu durum, genellikle kalp kas\u0131n\u0131n oksijen ve kan ak\u0131\u015f\u0131n\u0131n kesilmesi sonucu meydana gelir. Kalp krizi riskini azaltmak i\u00e7in, d\u00fczenli egzersiz yapmak, sa\u011fl\u0131kl\u0131 beslenmek, sigara ve alkol kullan\u0131m\u0131ndan ka\u00e7\u0131nmak \u00f6nemlidir.<br \/>\n  Patrick Muldoon&#8217;un \u00f6l\u00fcm\u00fc, bir\u00e7ok hayran\u0131n\u0131 \u00fczd\u00fc. Oyuncunun \u00f6l\u00fcm\u00fc, sosyal medyada payla\u015f\u0131ld\u0131 ve bir\u00e7ok ki\u015fi, Muldoon&#8217;a sayg\u0131lar\u0131n\u0131 dile getirdi. Oyuncunun ailesi ve sevenleri, bu zorlu d\u00f6nemde fikir birli\u011fi i\u00e7inde olduklar\u0131n\u0131 ve Muldoon&#8217;un an\u0131s\u0131n\u0131 ya\u015fatacaklar\u0131n\u0131 belirttiler.<br \/>\n  Patrick Muldoon&#8217;un \u00f6l\u00fcm\u00fcn\u00fcn ard\u0131ndan, bir\u00e7ok ki\u015fi, oyuncunun hayat\u0131ndan ve kariyerinden bahsetti. Muldoon, bir\u00e7ok dizide ve filmde rol alm\u0131\u015ft\u0131. Oyuncu, &#8216;Days of Our Lives&#8217; dizisindeAustin Reed karakterini canland\u0131rm\u0131\u015ft\u0131.<br \/>\n  Patrick Muldoon&#8217;un \u00f6l\u00fcm haberinin ard\u0131ndan, bir\u00e7ok hayran\u0131, oyuncunun an\u0131s\u0131na sayg\u0131lar\u0131n\u0131 sundu. Oyuncunun hayat\u0131 ve kariyeri, bir\u00e7ok ki\u015fi taraf\u0131ndan \u00f6rnek al\u0131nmaktad\u0131r. Muldoon&#8217;un \u00f6l\u00fcm\u00fc, bir\u00e7ok ki\u015fiye, hayat\u0131n ne kadar k\u0131ymetli oldu\u011funu hat\u0131rlatt\u0131.<\/p>\n","protected":false},"excerpt":{"rendered":"<p>Eski &#8216;Days of Our Lives&#8217; dizisinde rol alan oyuncular\u0131ndan biri olan Patrick Muldoon&#8217;un \u00f6l\u00fcm nedeni resmen a\u00e7\u0131klanm\u0131\u015ft\u0131r. 57 ya\u015f\u0131ndaki oyuncu, 19 Nisan&#8217;da meydana gelen bir kalp krizi sonucu vefat etti. Bu bilgi, Muldoon&#8217;un \u00f6l\u00fcm belgesinin incelenmesiyle do\u011fruland\u0131. Patrick Muldoon, &#8216;Days of Our Lives&#8217; dizisindeki rol\u00fcyle tan\u0131nan bir akt\u00f6rd\u00fc. Dizi, uzun y\u0131llard\u0131r yay\u0131nlanmakta olan ve bir\u00e7ok [&hellip;]<\/p>\n","protected":false},"author":3,"featured_media":484,"comment_status":"open","ping_status":"open","sticky":false,"template":"","format":"standard","meta":{"googlesitekit_rrm_CAow15e3DA:productID":"","_coblocks_attr":"","_coblocks_dimensions":"","_coblocks_responsive_height":"","_coblocks_accordion_ie_support":"","_ai_summary":"Patrick Muldoon, 57 ya\u015f\u0131ndayken kalp krizi sonucu vefat etti.\nOyuncu, 'Days of Our Lives' dizisindeki rol\u00fcyle tan\u0131nm\u0131\u015ft\u0131.\nMuldoon'un \u00f6l\u00fcm\u00fc, bir\u00e7ok hayran\u0131n\u0131 \u00fczd\u00fc ve sosyal medyada payla\u015f\u0131ld\u0131.","_external_image_url":"https:\/\/ktla.com\/wp-content\/uploads\/sites\/4\/2026\/04\/GettyImages-2237974914.jpg?w=1280","footnotes":""},"categories":[50],"tags":[],"class_list":["post-483","post","type-post","status-publish","format-standard","has-post-thumbnail","hentry","category-aydin-siyaset"],"yoast_head":"<!-- This site is optimized with the Yoast SEO plugin v27.5 - https:\/\/yoast.com\/product\/yoast-seo-wordpress\/ -->\n<title>Eski &#039;Days of Our Lives&#039; Oyuncusu Patrick Muldoon&#039;un \u00d6l\u00fcm Nedeni A\u00e7\u0131kl\u0131r\u0131ld\u0131 - Tralleskop<\/title>\n<meta name=\"robots\" content=\"index, follow, max-snippet:-1, max-image-preview:large, max-video-preview:-1\" \/>\n<link rel=\"canonical\" href=\"https:\/\/tralleskop.com\/index.php\/2026\/05\/01\/eski-days-of-our-lives-oyuncusu-patrick-muldoonun-olum-nedeni-aciklirildi\/\" \/>\n<meta property=\"og:locale\" content=\"tr_TR\" \/>\n<meta property=\"og:type\" content=\"article\" \/>\n<meta property=\"og:title\" content=\"Eski &#039;Days of Our Lives&#039; Oyuncusu Patrick Muldoon&#039;un \u00d6l\u00fcm Nedeni A\u00e7\u0131kl\u0131r\u0131ld\u0131 - Tralleskop\" \/>\n<meta property=\"og:description\" content=\"Eski &#8216;Days of Our Lives&#8217; dizisinde rol alan oyuncular\u0131ndan biri olan Patrick Muldoon&#8217;un \u00f6l\u00fcm nedeni resmen a\u00e7\u0131klanm\u0131\u015ft\u0131r. 57 ya\u015f\u0131ndaki oyuncu, 19 Nisan&#8217;da meydana gelen bir kalp krizi sonucu vefat etti. Bu bilgi, Muldoon&#8217;un \u00f6l\u00fcm belgesinin incelenmesiyle do\u011fruland\u0131. Patrick Muldoon, &#8216;Days of Our Lives&#8217; dizisindeki rol\u00fcyle tan\u0131nan bir akt\u00f6rd\u00fc. Dizi, uzun y\u0131llard\u0131r yay\u0131nlanmakta olan ve bir\u00e7ok [&hellip;]\" \/>\n<meta property=\"og:url\" content=\"https:\/\/tralleskop.com\/index.php\/2026\/05\/01\/eski-days-of-our-lives-oyuncusu-patrick-muldoonun-olum-nedeni-aciklirildi\/\" \/>\n<meta property=\"og:site_name\" content=\"Tralleskop\" \/>\n<meta property=\"article:published_time\" content=\"2026-05-01T18:15:08+00:00\" \/>\n<meta name=\"author\" content=\"Yapay Zeka\" \/>\n<meta name=\"twitter:card\" content=\"summary_large_image\" \/>\n<meta name=\"twitter:label1\" content=\"Yazan:\" \/>\n\t<meta name=\"twitter:data1\" content=\"Yapay Zeka\" \/>\n\t<meta name=\"twitter:label2\" content=\"Tahmini okuma s\u00fcresi\" \/>\n\t<meta name=\"twitter:data2\" content=\"1 dakika\" \/>\n<script type=\"application\/ld+json\" class=\"yoast-schema-graph\">{\"@context\":\"https:\\\/\\\/schema.org\",\"@graph\":[{\"@type\":\"Article\",\"@id\":\"https:\\\/\\\/tralleskop.com\\\/index.php\\\/2026\\\/05\\\/01\\\/eski-days-of-our-lives-oyuncusu-patrick-muldoonun-olum-nedeni-aciklirildi\\\/#article\",\"isPartOf\":{\"@id\":\"https:\\\/\\\/tralleskop.com\\\/index.php\\\/2026\\\/05\\\/01\\\/eski-days-of-our-lives-oyuncusu-patrick-muldoonun-olum-nedeni-aciklirildi\\\/\"},\"author\":{\"name\":\"Yapay Zeka\",\"@id\":\"https:\\\/\\\/tralleskop.com\\\/#\\\/schema\\\/person\\\/07eabec51c3edefcb97f005e5a24dc85\"},\"headline\":\"Eski &#8216;Days of Our Lives&#8217; Oyuncusu Patrick Muldoon&#8217;un \u00d6l\u00fcm Nedeni A\u00e7\u0131kl\u0131r\u0131ld\u0131\",\"datePublished\":\"2026-05-01T18:15:08+00:00\",\"mainEntityOfPage\":{\"@id\":\"https:\\\/\\\/tralleskop.com\\\/index.php\\\/2026\\\/05\\\/01\\\/eski-days-of-our-lives-oyuncusu-patrick-muldoonun-olum-nedeni-aciklirildi\\\/\"},\"wordCount\":304,\"commentCount\":0,\"publisher\":{\"@id\":\"https:\\\/\\\/tralleskop.com\\\/#organization\"},\"image\":{\"@id\":\"https:\\\/\\\/tralleskop.com\\\/index.php\\\/2026\\\/05\\\/01\\\/eski-days-of-our-lives-oyuncusu-patrick-muldoonun-olum-nedeni-aciklirildi\\\/#primaryimage\"},\"thumbnailUrl\":\"https:\\\/\\\/tralleskop.com\\\/wp-content\\\/uploads\\\/2026\\\/05\\\/GettyImages-2237974914.jpg.jpg\",\"articleSection\":[\"Ayd\u0131n Siyaset\"],\"inLanguage\":\"tr\",\"potentialAction\":[{\"@type\":\"CommentAction\",\"name\":\"Comment\",\"target\":[\"https:\\\/\\\/tralleskop.com\\\/index.php\\\/2026\\\/05\\\/01\\\/eski-days-of-our-lives-oyuncusu-patrick-muldoonun-olum-nedeni-aciklirildi\\\/#respond\"]}]},{\"@type\":\"WebPage\",\"@id\":\"https:\\\/\\\/tralleskop.com\\\/index.php\\\/2026\\\/05\\\/01\\\/eski-days-of-our-lives-oyuncusu-patrick-muldoonun-olum-nedeni-aciklirildi\\\/\",\"url\":\"https:\\\/\\\/tralleskop.com\\\/index.php\\\/2026\\\/05\\\/01\\\/eski-days-of-our-lives-oyuncusu-patrick-muldoonun-olum-nedeni-aciklirildi\\\/\",\"name\":\"Eski 'Days of Our Lives' Oyuncusu Patrick Muldoon'un \u00d6l\u00fcm Nedeni A\u00e7\u0131kl\u0131r\u0131ld\u0131 - Tralleskop\",\"isPartOf\":{\"@id\":\"https:\\\/\\\/tralleskop.com\\\/#website\"},\"primaryImageOfPage\":{\"@id\":\"https:\\\/\\\/tralleskop.com\\\/index.php\\\/2026\\\/05\\\/01\\\/eski-days-of-our-lives-oyuncusu-patrick-muldoonun-olum-nedeni-aciklirildi\\\/#primaryimage\"},\"image\":{\"@id\":\"https:\\\/\\\/tralleskop.com\\\/index.php\\\/2026\\\/05\\\/01\\\/eski-days-of-our-lives-oyuncusu-patrick-muldoonun-olum-nedeni-aciklirildi\\\/#primaryimage\"},\"thumbnailUrl\":\"https:\\\/\\\/tralleskop.com\\\/wp-content\\\/uploads\\\/2026\\\/05\\\/GettyImages-2237974914.jpg.jpg\",\"datePublished\":\"2026-05-01T18:15:08+00:00\",\"breadcrumb\":{\"@id\":\"https:\\\/\\\/tralleskop.com\\\/index.php\\\/2026\\\/05\\\/01\\\/eski-days-of-our-lives-oyuncusu-patrick-muldoonun-olum-nedeni-aciklirildi\\\/#breadcrumb\"},\"inLanguage\":\"tr\",\"potentialAction\":[{\"@type\":\"ReadAction\",\"target\":[\"https:\\\/\\\/tralleskop.com\\\/index.php\\\/2026\\\/05\\\/01\\\/eski-days-of-our-lives-oyuncusu-patrick-muldoonun-olum-nedeni-aciklirildi\\\/\"]}]},{\"@type\":\"ImageObject\",\"inLanguage\":\"tr\",\"@id\":\"https:\\\/\\\/tralleskop.com\\\/index.php\\\/2026\\\/05\\\/01\\\/eski-days-of-our-lives-oyuncusu-patrick-muldoonun-olum-nedeni-aciklirildi\\\/#primaryimage\",\"url\":\"https:\\\/\\\/tralleskop.com\\\/wp-content\\\/uploads\\\/2026\\\/05\\\/GettyImages-2237974914.jpg.jpg\",\"contentUrl\":\"https:\\\/\\\/tralleskop.com\\\/wp-content\\\/uploads\\\/2026\\\/05\\\/GettyImages-2237974914.jpg.jpg\",\"width\":1280,\"height\":871},{\"@type\":\"BreadcrumbList\",\"@id\":\"https:\\\/\\\/tralleskop.com\\\/index.php\\\/2026\\\/05\\\/01\\\/eski-days-of-our-lives-oyuncusu-patrick-muldoonun-olum-nedeni-aciklirildi\\\/#breadcrumb\",\"itemListElement\":[{\"@type\":\"ListItem\",\"position\":1,\"name\":\"Anasayfa\",\"item\":\"https:\\\/\\\/tralleskop.com\\\/\"},{\"@type\":\"ListItem\",\"position\":2,\"name\":\"Eski &#8216;Days of Our Lives&#8217; Oyuncusu Patrick Muldoon&#8217;un \u00d6l\u00fcm Nedeni A\u00e7\u0131kl\u0131r\u0131ld\u0131\"}]},{\"@type\":\"WebSite\",\"@id\":\"https:\\\/\\\/tralleskop.com\\\/#website\",\"url\":\"https:\\\/\\\/tralleskop.com\\\/\",\"name\":\"Tralleskop\",\"description\":\"\",\"publisher\":{\"@id\":\"https:\\\/\\\/tralleskop.com\\\/#organization\"},\"potentialAction\":[{\"@type\":\"SearchAction\",\"target\":{\"@type\":\"EntryPoint\",\"urlTemplate\":\"https:\\\/\\\/tralleskop.com\\\/?s={search_term_string}\"},\"query-input\":{\"@type\":\"PropertyValueSpecification\",\"valueRequired\":true,\"valueName\":\"search_term_string\"}}],\"inLanguage\":\"tr\"},{\"@type\":\"Organization\",\"@id\":\"https:\\\/\\\/tralleskop.com\\\/#organization\",\"name\":\"Tralleskop\",\"url\":\"https:\\\/\\\/tralleskop.com\\\/\",\"logo\":{\"@type\":\"ImageObject\",\"inLanguage\":\"tr\",\"@id\":\"https:\\\/\\\/tralleskop.com\\\/#\\\/schema\\\/logo\\\/image\\\/\",\"url\":\"https:\\\/\\\/tralleskop.com\\\/wp-content\\\/uploads\\\/2026\\\/03\\\/logo-1.png\",\"contentUrl\":\"https:\\\/\\\/tralleskop.com\\\/wp-content\\\/uploads\\\/2026\\\/03\\\/logo-1.png\",\"width\":2048,\"height\":2048,\"caption\":\"Tralleskop\"},\"image\":{\"@id\":\"https:\\\/\\\/tralleskop.com\\\/#\\\/schema\\\/logo\\\/image\\\/\"},\"sameAs\":[\"https:\\\/\\\/instagram.com\\\/tralleskop\"]},{\"@type\":\"Person\",\"@id\":\"https:\\\/\\\/tralleskop.com\\\/#\\\/schema\\\/person\\\/07eabec51c3edefcb97f005e5a24dc85\",\"name\":\"Yapay Zeka\",\"image\":{\"@type\":\"ImageObject\",\"inLanguage\":\"tr\",\"@id\":\"https:\\\/\\\/secure.gravatar.com\\\/avatar\\\/e77edf5bd5f891271e5db451c58207840f707caf056fe282ae8443fe299d6b9c?s=96&d=mm&r=g\",\"url\":\"https:\\\/\\\/secure.gravatar.com\\\/avatar\\\/e77edf5bd5f891271e5db451c58207840f707caf056fe282ae8443fe299d6b9c?s=96&d=mm&r=g\",\"contentUrl\":\"https:\\\/\\\/secure.gravatar.com\\\/avatar\\\/e77edf5bd5f891271e5db451c58207840f707caf056fe282ae8443fe299d6b9c?s=96&d=mm&r=g\",\"caption\":\"Yapay Zeka\"},\"url\":\"https:\\\/\\\/tralleskop.com\\\/index.php\\\/author\\\/yapayzeka\\\/\"}]}<\/script>\n<!-- \/ Yoast SEO plugin. -->","yoast_head_json":{"title":"Eski 'Days of Our Lives' Oyuncusu Patrick Muldoon'un \u00d6l\u00fcm Nedeni A\u00e7\u0131kl\u0131r\u0131ld\u0131 - Tralleskop","robots":{"index":"index","follow":"follow","max-snippet":"max-snippet:-1","max-image-preview":"max-image-preview:large","max-video-preview":"max-video-preview:-1"},"canonical":"https:\/\/tralleskop.com\/index.php\/2026\/05\/01\/eski-days-of-our-lives-oyuncusu-patrick-muldoonun-olum-nedeni-aciklirildi\/","og_locale":"tr_TR","og_type":"article","og_title":"Eski 'Days of Our Lives' Oyuncusu Patrick Muldoon'un \u00d6l\u00fcm Nedeni A\u00e7\u0131kl\u0131r\u0131ld\u0131 - Tralleskop","og_description":"Eski &#8216;Days of Our Lives&#8217; dizisinde rol alan oyuncular\u0131ndan biri olan Patrick Muldoon&#8217;un \u00f6l\u00fcm nedeni resmen a\u00e7\u0131klanm\u0131\u015ft\u0131r. 57 ya\u015f\u0131ndaki oyuncu, 19 Nisan&#8217;da meydana gelen bir kalp krizi sonucu vefat etti. Bu bilgi, Muldoon&#8217;un \u00f6l\u00fcm belgesinin incelenmesiyle do\u011fruland\u0131. Patrick Muldoon, &#8216;Days of Our Lives&#8217; dizisindeki rol\u00fcyle tan\u0131nan bir akt\u00f6rd\u00fc. Dizi, uzun y\u0131llard\u0131r yay\u0131nlanmakta olan ve bir\u00e7ok [&hellip;]","og_url":"https:\/\/tralleskop.com\/index.php\/2026\/05\/01\/eski-days-of-our-lives-oyuncusu-patrick-muldoonun-olum-nedeni-aciklirildi\/","og_site_name":"Tralleskop","article_published_time":"2026-05-01T18:15:08+00:00","author":"Yapay Zeka","twitter_card":"summary_large_image","twitter_misc":{"Yazan:":"Yapay Zeka","Tahmini okuma s\u00fcresi":"1 dakika"},"schema":{"@context":"https:\/\/schema.org","@graph":[{"@type":"Article","@id":"https:\/\/tralleskop.com\/index.php\/2026\/05\/01\/eski-days-of-our-lives-oyuncusu-patrick-muldoonun-olum-nedeni-aciklirildi\/#article","isPartOf":{"@id":"https:\/\/tralleskop.com\/index.php\/2026\/05\/01\/eski-days-of-our-lives-oyuncusu-patrick-muldoonun-olum-nedeni-aciklirildi\/"},"author":{"name":"Yapay Zeka","@id":"https:\/\/tralleskop.com\/#\/schema\/person\/07eabec51c3edefcb97f005e5a24dc85"},"headline":"Eski &#8216;Days of Our Lives&#8217; Oyuncusu Patrick Muldoon&#8217;un \u00d6l\u00fcm Nedeni A\u00e7\u0131kl\u0131r\u0131ld\u0131","datePublished":"2026-05-01T18:15:08+00:00","mainEntityOfPage":{"@id":"https:\/\/tralleskop.com\/index.php\/2026\/05\/01\/eski-days-of-our-lives-oyuncusu-patrick-muldoonun-olum-nedeni-aciklirildi\/"},"wordCount":304,"commentCount":0,"publisher":{"@id":"https:\/\/tralleskop.com\/#organization"},"image":{"@id":"https:\/\/tralleskop.com\/index.php\/2026\/05\/01\/eski-days-of-our-lives-oyuncusu-patrick-muldoonun-olum-nedeni-aciklirildi\/#primaryimage"},"thumbnailUrl":"https:\/\/tralleskop.com\/wp-content\/uploads\/2026\/05\/GettyImages-2237974914.jpg.jpg","articleSection":["Ayd\u0131n Siyaset"],"inLanguage":"tr","potentialAction":[{"@type":"CommentAction","name":"Comment","target":["https:\/\/tralleskop.com\/index.php\/2026\/05\/01\/eski-days-of-our-lives-oyuncusu-patrick-muldoonun-olum-nedeni-aciklirildi\/#respond"]}]},{"@type":"WebPage","@id":"https:\/\/tralleskop.com\/index.php\/2026\/05\/01\/eski-days-of-our-lives-oyuncusu-patrick-muldoonun-olum-nedeni-aciklirildi\/","url":"https:\/\/tralleskop.com\/index.php\/2026\/05\/01\/eski-days-of-our-lives-oyuncusu-patrick-muldoonun-olum-nedeni-aciklirildi\/","name":"Eski 'Days of Our Lives' Oyuncusu Patrick Muldoon'un \u00d6l\u00fcm Nedeni A\u00e7\u0131kl\u0131r\u0131ld\u0131 - Tralleskop","isPartOf":{"@id":"https:\/\/tralleskop.com\/#website"},"primaryImageOfPage":{"@id":"https:\/\/tralleskop.com\/index.php\/2026\/05\/01\/eski-days-of-our-lives-oyuncusu-patrick-muldoonun-olum-nedeni-aciklirildi\/#primaryimage"},"image":{"@id":"https:\/\/tralleskop.com\/index.php\/2026\/05\/01\/eski-days-of-our-lives-oyuncusu-patrick-muldoonun-olum-nedeni-aciklirildi\/#primaryimage"},"thumbnailUrl":"https:\/\/tralleskop.com\/wp-content\/uploads\/2026\/05\/GettyImages-2237974914.jpg.jpg","datePublished":"2026-05-01T18:15:08+00:00","breadcrumb":{"@id":"https:\/\/tralleskop.com\/index.php\/2026\/05\/01\/eski-days-of-our-lives-oyuncusu-patrick-muldoonun-olum-nedeni-aciklirildi\/#breadcrumb"},"inLanguage":"tr","potentialAction":[{"@type":"ReadAction","target":["https:\/\/tralleskop.com\/index.php\/2026\/05\/01\/eski-days-of-our-lives-oyuncusu-patrick-muldoonun-olum-nedeni-aciklirildi\/"]}]},{"@type":"ImageObject","inLanguage":"tr","@id":"https:\/\/tralleskop.com\/index.php\/2026\/05\/01\/eski-days-of-our-lives-oyuncusu-patrick-muldoonun-olum-nedeni-aciklirildi\/#primaryimage","url":"https:\/\/tralleskop.com\/wp-content\/uploads\/2026\/05\/GettyImages-2237974914.jpg.jpg","contentUrl":"https:\/\/tralleskop.com\/wp-content\/uploads\/2026\/05\/GettyImages-2237974914.jpg.jpg","width":1280,"height":871},{"@type":"BreadcrumbList","@id":"https:\/\/tralleskop.com\/index.php\/2026\/05\/01\/eski-days-of-our-lives-oyuncusu-patrick-muldoonun-olum-nedeni-aciklirildi\/#breadcrumb","itemListElement":[{"@type":"ListItem","position":1,"name":"Anasayfa","item":"https:\/\/tralleskop.com\/"},{"@type":"ListItem","position":2,"name":"Eski &#8216;Days of Our Lives&#8217; Oyuncusu Patrick Muldoon&#8217;un \u00d6l\u00fcm Nedeni A\u00e7\u0131kl\u0131r\u0131ld\u0131"}]},{"@type":"WebSite","@id":"https:\/\/tralleskop.com\/#website","url":"https:\/\/tralleskop.com\/","name":"Tralleskop","description":"","publisher":{"@id":"https:\/\/tralleskop.com\/#organization"},"potentialAction":[{"@type":"SearchAction","target":{"@type":"EntryPoint","urlTemplate":"https:\/\/tralleskop.com\/?s={search_term_string}"},"query-input":{"@type":"PropertyValueSpecification","valueRequired":true,"valueName":"search_term_string"}}],"inLanguage":"tr"},{"@type":"Organization","@id":"https:\/\/tralleskop.com\/#organization","name":"Tralleskop","url":"https:\/\/tralleskop.com\/","logo":{"@type":"ImageObject","inLanguage":"tr","@id":"https:\/\/tralleskop.com\/#\/schema\/logo\/image\/","url":"https:\/\/tralleskop.com\/wp-content\/uploads\/2026\/03\/logo-1.png","contentUrl":"https:\/\/tralleskop.com\/wp-content\/uploads\/2026\/03\/logo-1.png","width":2048,"height":2048,"caption":"Tralleskop"},"image":{"@id":"https:\/\/tralleskop.com\/#\/schema\/logo\/image\/"},"sameAs":["https:\/\/instagram.com\/tralleskop"]},{"@type":"Person","@id":"https:\/\/tralleskop.com\/#\/schema\/person\/07eabec51c3edefcb97f005e5a24dc85","name":"Yapay Zeka","image":{"@type":"ImageObject","inLanguage":"tr","@id":"https:\/\/secure.gravatar.com\/avatar\/e77edf5bd5f891271e5db451c58207840f707caf056fe282ae8443fe299d6b9c?s=96&d=mm&r=g","url":"https:\/\/secure.gravatar.com\/avatar\/e77edf5bd5f891271e5db451c58207840f707caf056fe282ae8443fe299d6b9c?s=96&d=mm&r=g","contentUrl":"https:\/\/secure.gravatar.com\/avatar\/e77edf5bd5f891271e5db451c58207840f707caf056fe282ae8443fe299d6b9c?s=96&d=mm&r=g","caption":"Yapay Zeka"},"url":"https:\/\/tralleskop.com\/index.php\/author\/yapayzeka\/"}]}},"jetpack_featured_media_url":"https:\/\/tralleskop.com\/wp-content\/uploads\/2026\/05\/GettyImages-2237974914.jpg.jpg","_links":{"self":[{"href":"https:\/\/tralleskop.com\/index.php\/wp-json\/wp\/v2\/posts\/483","targetHints":{"allow":["GET"]}}],"collection":[{"href":"https:\/\/tralleskop.com\/index.php\/wp-json\/wp\/v2\/posts"}],"about":[{"href":"https:\/\/tralleskop.com\/index.php\/wp-json\/wp\/v2\/types\/post"}],"author":[{"embeddable":true,"href":"https:\/\/tralleskop.com\/index.php\/wp-json\/wp\/v2\/users\/3"}],"replies":[{"embeddable":true,"href":"https:\/\/tralleskop.com\/index.php\/wp-json\/wp\/v2\/comments?post=483"}],"version-history":[{"count":0,"href":"https:\/\/tralleskop.com\/index.php\/wp-json\/wp\/v2\/posts\/483\/revisions"}],"wp:featuredmedia":[{"embeddable":true,"href":"https:\/\/tralleskop.com\/index.php\/wp-json\/wp\/v2\/media\/484"}],"wp:attachment":[{"href":"https:\/\/tralleskop.com\/index.php\/wp-json\/wp\/v2\/media?parent=483"}],"wp:term":[{"taxonomy":"category","embeddable":true,"href":"https:\/\/tralleskop.com\/index.php\/wp-json\/wp\/v2\/categories?post=483"},{"taxonomy":"post_tag","embeddable":true,"href":"https:\/\/tralleskop.com\/index.php\/wp-json\/wp\/v2\/tags?post=483"}],"curies":[{"name":"wp","href":"https:\/\/api.w.org\/{rel}","templated":true}]}}