{"id":481,"date":"2026-05-01T21:00:08","date_gmt":"2026-05-01T18:00:08","guid":{"rendered":"https:\/\/tralleskop.com\/index.php\/2026\/05\/01\/maine-valisi-janet-mills-cumhuriyetci-senator-susan-collinsi-yenme-yarisindan-cekildi\/"},"modified":"2026-05-01T21:00:08","modified_gmt":"2026-05-01T18:00:08","slug":"maine-valisi-janet-mills-cumhuriyetci-senator-susan-collinsi-yenme-yarisindan-cekildi","status":"publish","type":"post","link":"https:\/\/tralleskop.com\/index.php\/2026\/05\/01\/maine-valisi-janet-mills-cumhuriyetci-senator-susan-collinsi-yenme-yarisindan-cekildi\/","title":{"rendered":"Maine Valisi Janet Mills, Cumhuriyet\u00e7i Senat\u00f6r Susan Collins&#8217;i Yenme Yar\u0131\u015f\u0131ndan \u00c7ekildi"},"content":{"rendered":"<p>Maine Valisi Janet Mills, Cumhuriyet\u00e7i Senat\u00f6r Susan Collins&#8217;i yenmek i\u00e7in d\u00fczenlenecek se\u00e7im yar\u0131\u015f\u0131ndan \u00e7ekildi\u011fini a\u00e7\u0131klad\u0131. Bu decision, Demokratlar\u0131n Senato&#8217;yu yeniden kazanma umutlar\u0131n\u0131 olumsuz etkileyebilir. Mills&#8217;in \u00e7ekilmesiyle birlikte, istiridyeci ve Demokrat olan Graham Platner, PRIMARY se\u00e7imlerini kazanmas\u0131 muhtemel g\u00f6r\u00fcl\u00fcyor. Collins&#8217;in koltu\u011fu, Demokratlar i\u00e7in kritik \u00f6neme sahip ve partinin Senato&#8217;yu yeniden kazanmas\u0131 i\u00e7in necessary bir zafer olarak g\u00f6r\u00fcl\u00fcyor. Mills&#8217;in \u00e7ekilmesi, Demokratlar i\u00e7in bir geri ad\u0131m olarak yorumlanabilir, ancak Platner&#8217;in PRIMARY se\u00e7imlerini kazanmas\u0131 durumunda, Collins&#8217;i yenmek i\u00e7in still bir \u015fans olabilir.<\/p>\n","protected":false},"excerpt":{"rendered":"<p>Maine Valisi Janet Mills, Cumhuriyet\u00e7i Senat\u00f6r Susan Collins&#8217;i yenmek i\u00e7in d\u00fczenlenecek se\u00e7im yar\u0131\u015f\u0131ndan \u00e7ekildi\u011fini a\u00e7\u0131klad\u0131. Bu decision, Demokratlar\u0131n Senato&#8217;yu yeniden kazanma umutlar\u0131n\u0131 olumsuz etkileyebilir. Mills&#8217;in \u00e7ekilmesiyle birlikte, istiridyeci ve Demokrat olan Graham Platner, PRIMARY se\u00e7imlerini kazanmas\u0131 muhtemel g\u00f6r\u00fcl\u00fcyor. Collins&#8217;in koltu\u011fu, Demokratlar i\u00e7in kritik \u00f6neme sahip ve partinin Senato&#8217;yu yeniden kazanmas\u0131 i\u00e7in necessary bir zafer olarak [&hellip;]<\/p>\n","protected":false},"author":3,"featured_media":482,"comment_status":"open","ping_status":"open","sticky":false,"template":"","format":"standard","meta":{"googlesitekit_rrm_CAow15e3DA:productID":"","_coblocks_attr":"","_coblocks_dimensions":"","_coblocks_responsive_height":"","_coblocks_accordion_ie_support":"","_ai_summary":"Maine Valisi Janet Mills, Cumhuriyet\u00e7i Senat\u00f6r Susan Collins'i yenmek i\u00e7in d\u00fczenlenecek se\u00e7im yar\u0131\u015f\u0131ndan \u00e7ekildi.\nGraham Platner, PRIMARY se\u00e7imlerini kazanmas\u0131 muhtemel g\u00f6r\u00fcl\u00fcyor.\nCollins'in koltu\u011fu, Demokratlar i\u00e7in kritik \u00f6neme sahip ve partinin Senato'yu yeniden kazanmas\u0131 i\u00e7in necessary bir zafer olarak g\u00f6r\u00fcl\u00fcyor.","_external_image_url":"https:\/\/www.washingtonpost.com\/wp-apps\/imrs.php?src=https:\/\/cloudfront-us-east-1.images.arcpublishing.com\/wapo\/R6SSPDLTKHSNWAIX4HPVMWXT2Q.jpg&w=1440","footnotes":""},"categories":[38],"tags":[],"class_list":["post-481","post","type-post","status-publish","format-standard","has-post-thumbnail","hentry","category-abd"],"yoast_head":"<!-- This site is optimized with the Yoast SEO plugin v27.5 - https:\/\/yoast.com\/product\/yoast-seo-wordpress\/ -->\n<title>Maine Valisi Janet Mills, Cumhuriyet\u00e7i Senat\u00f6r Susan Collins&#039;i Yenme Yar\u0131\u015f\u0131ndan \u00c7ekildi - Tralleskop<\/title>\n<meta name=\"robots\" content=\"index, follow, max-snippet:-1, max-image-preview:large, max-video-preview:-1\" \/>\n<link rel=\"canonical\" href=\"https:\/\/tralleskop.com\/index.php\/2026\/05\/01\/maine-valisi-janet-mills-cumhuriyetci-senator-susan-collinsi-yenme-yarisindan-cekildi\/\" \/>\n<meta property=\"og:locale\" content=\"tr_TR\" \/>\n<meta property=\"og:type\" content=\"article\" \/>\n<meta property=\"og:title\" content=\"Maine Valisi Janet Mills, Cumhuriyet\u00e7i Senat\u00f6r Susan Collins&#039;i Yenme Yar\u0131\u015f\u0131ndan \u00c7ekildi - Tralleskop\" \/>\n<meta property=\"og:description\" content=\"Maine Valisi Janet Mills, Cumhuriyet\u00e7i Senat\u00f6r Susan Collins&#8217;i yenmek i\u00e7in d\u00fczenlenecek se\u00e7im yar\u0131\u015f\u0131ndan \u00e7ekildi\u011fini a\u00e7\u0131klad\u0131. Bu decision, Demokratlar\u0131n Senato&#8217;yu yeniden kazanma umutlar\u0131n\u0131 olumsuz etkileyebilir. Mills&#8217;in \u00e7ekilmesiyle birlikte, istiridyeci ve Demokrat olan Graham Platner, PRIMARY se\u00e7imlerini kazanmas\u0131 muhtemel g\u00f6r\u00fcl\u00fcyor. Collins&#8217;in koltu\u011fu, Demokratlar i\u00e7in kritik \u00f6neme sahip ve partinin Senato&#8217;yu yeniden kazanmas\u0131 i\u00e7in necessary bir zafer olarak [&hellip;]\" \/>\n<meta property=\"og:url\" content=\"https:\/\/tralleskop.com\/index.php\/2026\/05\/01\/maine-valisi-janet-mills-cumhuriyetci-senator-susan-collinsi-yenme-yarisindan-cekildi\/\" \/>\n<meta property=\"og:site_name\" content=\"Tralleskop\" \/>\n<meta property=\"article:published_time\" content=\"2026-05-01T18:00:08+00:00\" \/>\n<meta name=\"author\" content=\"Yapay Zeka\" \/>\n<meta name=\"twitter:card\" content=\"summary_large_image\" \/>\n<meta name=\"twitter:label1\" content=\"Yazan:\" \/>\n\t<meta name=\"twitter:data1\" content=\"Yapay Zeka\" \/>\n\t<meta name=\"twitter:label2\" content=\"Tahmini okuma s\u00fcresi\" \/>\n\t<meta name=\"twitter:data2\" content=\"1 dakika\" \/>\n<script type=\"application\/ld+json\" class=\"yoast-schema-graph\">{\"@context\":\"https:\\\/\\\/schema.org\",\"@graph\":[{\"@type\":\"Article\",\"@id\":\"https:\\\/\\\/tralleskop.com\\\/index.php\\\/2026\\\/05\\\/01\\\/maine-valisi-janet-mills-cumhuriyetci-senator-susan-collinsi-yenme-yarisindan-cekildi\\\/#article\",\"isPartOf\":{\"@id\":\"https:\\\/\\\/tralleskop.com\\\/index.php\\\/2026\\\/05\\\/01\\\/maine-valisi-janet-mills-cumhuriyetci-senator-susan-collinsi-yenme-yarisindan-cekildi\\\/\"},\"author\":{\"name\":\"Yapay Zeka\",\"@id\":\"https:\\\/\\\/tralleskop.com\\\/#\\\/schema\\\/person\\\/07eabec51c3edefcb97f005e5a24dc85\"},\"headline\":\"Maine Valisi Janet Mills, Cumhuriyet\u00e7i Senat\u00f6r Susan Collins&#8217;i Yenme Yar\u0131\u015f\u0131ndan \u00c7ekildi\",\"datePublished\":\"2026-05-01T18:00:08+00:00\",\"mainEntityOfPage\":{\"@id\":\"https:\\\/\\\/tralleskop.com\\\/index.php\\\/2026\\\/05\\\/01\\\/maine-valisi-janet-mills-cumhuriyetci-senator-susan-collinsi-yenme-yarisindan-cekildi\\\/\"},\"wordCount\":125,\"commentCount\":0,\"publisher\":{\"@id\":\"https:\\\/\\\/tralleskop.com\\\/#organization\"},\"image\":{\"@id\":\"https:\\\/\\\/tralleskop.com\\\/index.php\\\/2026\\\/05\\\/01\\\/maine-valisi-janet-mills-cumhuriyetci-senator-susan-collinsi-yenme-yarisindan-cekildi\\\/#primaryimage\"},\"thumbnailUrl\":\"https:\\\/\\\/tralleskop.com\\\/wp-content\\\/uploads\\\/2026\\\/05\\\/imrs.php_-2.jpg\",\"articleSection\":[\"ABD\"],\"inLanguage\":\"tr\",\"potentialAction\":[{\"@type\":\"CommentAction\",\"name\":\"Comment\",\"target\":[\"https:\\\/\\\/tralleskop.com\\\/index.php\\\/2026\\\/05\\\/01\\\/maine-valisi-janet-mills-cumhuriyetci-senator-susan-collinsi-yenme-yarisindan-cekildi\\\/#respond\"]}]},{\"@type\":\"WebPage\",\"@id\":\"https:\\\/\\\/tralleskop.com\\\/index.php\\\/2026\\\/05\\\/01\\\/maine-valisi-janet-mills-cumhuriyetci-senator-susan-collinsi-yenme-yarisindan-cekildi\\\/\",\"url\":\"https:\\\/\\\/tralleskop.com\\\/index.php\\\/2026\\\/05\\\/01\\\/maine-valisi-janet-mills-cumhuriyetci-senator-susan-collinsi-yenme-yarisindan-cekildi\\\/\",\"name\":\"Maine Valisi Janet Mills, Cumhuriyet\u00e7i Senat\u00f6r Susan Collins'i Yenme Yar\u0131\u015f\u0131ndan \u00c7ekildi - Tralleskop\",\"isPartOf\":{\"@id\":\"https:\\\/\\\/tralleskop.com\\\/#website\"},\"primaryImageOfPage\":{\"@id\":\"https:\\\/\\\/tralleskop.com\\\/index.php\\\/2026\\\/05\\\/01\\\/maine-valisi-janet-mills-cumhuriyetci-senator-susan-collinsi-yenme-yarisindan-cekildi\\\/#primaryimage\"},\"image\":{\"@id\":\"https:\\\/\\\/tralleskop.com\\\/index.php\\\/2026\\\/05\\\/01\\\/maine-valisi-janet-mills-cumhuriyetci-senator-susan-collinsi-yenme-yarisindan-cekildi\\\/#primaryimage\"},\"thumbnailUrl\":\"https:\\\/\\\/tralleskop.com\\\/wp-content\\\/uploads\\\/2026\\\/05\\\/imrs.php_-2.jpg\",\"datePublished\":\"2026-05-01T18:00:08+00:00\",\"breadcrumb\":{\"@id\":\"https:\\\/\\\/tralleskop.com\\\/index.php\\\/2026\\\/05\\\/01\\\/maine-valisi-janet-mills-cumhuriyetci-senator-susan-collinsi-yenme-yarisindan-cekildi\\\/#breadcrumb\"},\"inLanguage\":\"tr\",\"potentialAction\":[{\"@type\":\"ReadAction\",\"target\":[\"https:\\\/\\\/tralleskop.com\\\/index.php\\\/2026\\\/05\\\/01\\\/maine-valisi-janet-mills-cumhuriyetci-senator-susan-collinsi-yenme-yarisindan-cekildi\\\/\"]}]},{\"@type\":\"ImageObject\",\"inLanguage\":\"tr\",\"@id\":\"https:\\\/\\\/tralleskop.com\\\/index.php\\\/2026\\\/05\\\/01\\\/maine-valisi-janet-mills-cumhuriyetci-senator-susan-collinsi-yenme-yarisindan-cekildi\\\/#primaryimage\",\"url\":\"https:\\\/\\\/tralleskop.com\\\/wp-content\\\/uploads\\\/2026\\\/05\\\/imrs.php_-2.jpg\",\"contentUrl\":\"https:\\\/\\\/tralleskop.com\\\/wp-content\\\/uploads\\\/2026\\\/05\\\/imrs.php_-2.jpg\",\"width\":1440,\"height\":960},{\"@type\":\"BreadcrumbList\",\"@id\":\"https:\\\/\\\/tralleskop.com\\\/index.php\\\/2026\\\/05\\\/01\\\/maine-valisi-janet-mills-cumhuriyetci-senator-susan-collinsi-yenme-yarisindan-cekildi\\\/#breadcrumb\",\"itemListElement\":[{\"@type\":\"ListItem\",\"position\":1,\"name\":\"Anasayfa\",\"item\":\"https:\\\/\\\/tralleskop.com\\\/\"},{\"@type\":\"ListItem\",\"position\":2,\"name\":\"Maine Valisi Janet Mills, Cumhuriyet\u00e7i Senat\u00f6r Susan Collins&#8217;i Yenme Yar\u0131\u015f\u0131ndan \u00c7ekildi\"}]},{\"@type\":\"WebSite\",\"@id\":\"https:\\\/\\\/tralleskop.com\\\/#website\",\"url\":\"https:\\\/\\\/tralleskop.com\\\/\",\"name\":\"Tralleskop\",\"description\":\"\",\"publisher\":{\"@id\":\"https:\\\/\\\/tralleskop.com\\\/#organization\"},\"potentialAction\":[{\"@type\":\"SearchAction\",\"target\":{\"@type\":\"EntryPoint\",\"urlTemplate\":\"https:\\\/\\\/tralleskop.com\\\/?s={search_term_string}\"},\"query-input\":{\"@type\":\"PropertyValueSpecification\",\"valueRequired\":true,\"valueName\":\"search_term_string\"}}],\"inLanguage\":\"tr\"},{\"@type\":\"Organization\",\"@id\":\"https:\\\/\\\/tralleskop.com\\\/#organization\",\"name\":\"Tralleskop\",\"url\":\"https:\\\/\\\/tralleskop.com\\\/\",\"logo\":{\"@type\":\"ImageObject\",\"inLanguage\":\"tr\",\"@id\":\"https:\\\/\\\/tralleskop.com\\\/#\\\/schema\\\/logo\\\/image\\\/\",\"url\":\"https:\\\/\\\/tralleskop.com\\\/wp-content\\\/uploads\\\/2026\\\/03\\\/logo-1.png\",\"contentUrl\":\"https:\\\/\\\/tralleskop.com\\\/wp-content\\\/uploads\\\/2026\\\/03\\\/logo-1.png\",\"width\":2048,\"height\":2048,\"caption\":\"Tralleskop\"},\"image\":{\"@id\":\"https:\\\/\\\/tralleskop.com\\\/#\\\/schema\\\/logo\\\/image\\\/\"},\"sameAs\":[\"https:\\\/\\\/instagram.com\\\/tralleskop\"]},{\"@type\":\"Person\",\"@id\":\"https:\\\/\\\/tralleskop.com\\\/#\\\/schema\\\/person\\\/07eabec51c3edefcb97f005e5a24dc85\",\"name\":\"Yapay Zeka\",\"image\":{\"@type\":\"ImageObject\",\"inLanguage\":\"tr\",\"@id\":\"https:\\\/\\\/secure.gravatar.com\\\/avatar\\\/e77edf5bd5f891271e5db451c58207840f707caf056fe282ae8443fe299d6b9c?s=96&d=mm&r=g\",\"url\":\"https:\\\/\\\/secure.gravatar.com\\\/avatar\\\/e77edf5bd5f891271e5db451c58207840f707caf056fe282ae8443fe299d6b9c?s=96&d=mm&r=g\",\"contentUrl\":\"https:\\\/\\\/secure.gravatar.com\\\/avatar\\\/e77edf5bd5f891271e5db451c58207840f707caf056fe282ae8443fe299d6b9c?s=96&d=mm&r=g\",\"caption\":\"Yapay Zeka\"},\"url\":\"https:\\\/\\\/tralleskop.com\\\/index.php\\\/author\\\/yapayzeka\\\/\"}]}<\/script>\n<!-- \/ Yoast SEO plugin. -->","yoast_head_json":{"title":"Maine Valisi Janet Mills, Cumhuriyet\u00e7i Senat\u00f6r Susan Collins'i Yenme Yar\u0131\u015f\u0131ndan \u00c7ekildi - Tralleskop","robots":{"index":"index","follow":"follow","max-snippet":"max-snippet:-1","max-image-preview":"max-image-preview:large","max-video-preview":"max-video-preview:-1"},"canonical":"https:\/\/tralleskop.com\/index.php\/2026\/05\/01\/maine-valisi-janet-mills-cumhuriyetci-senator-susan-collinsi-yenme-yarisindan-cekildi\/","og_locale":"tr_TR","og_type":"article","og_title":"Maine Valisi Janet Mills, Cumhuriyet\u00e7i Senat\u00f6r Susan Collins'i Yenme Yar\u0131\u015f\u0131ndan \u00c7ekildi - Tralleskop","og_description":"Maine Valisi Janet Mills, Cumhuriyet\u00e7i Senat\u00f6r Susan Collins&#8217;i yenmek i\u00e7in d\u00fczenlenecek se\u00e7im yar\u0131\u015f\u0131ndan \u00e7ekildi\u011fini a\u00e7\u0131klad\u0131. Bu decision, Demokratlar\u0131n Senato&#8217;yu yeniden kazanma umutlar\u0131n\u0131 olumsuz etkileyebilir. Mills&#8217;in \u00e7ekilmesiyle birlikte, istiridyeci ve Demokrat olan Graham Platner, PRIMARY se\u00e7imlerini kazanmas\u0131 muhtemel g\u00f6r\u00fcl\u00fcyor. Collins&#8217;in koltu\u011fu, Demokratlar i\u00e7in kritik \u00f6neme sahip ve partinin Senato&#8217;yu yeniden kazanmas\u0131 i\u00e7in necessary bir zafer olarak [&hellip;]","og_url":"https:\/\/tralleskop.com\/index.php\/2026\/05\/01\/maine-valisi-janet-mills-cumhuriyetci-senator-susan-collinsi-yenme-yarisindan-cekildi\/","og_site_name":"Tralleskop","article_published_time":"2026-05-01T18:00:08+00:00","author":"Yapay Zeka","twitter_card":"summary_large_image","twitter_misc":{"Yazan:":"Yapay Zeka","Tahmini okuma s\u00fcresi":"1 dakika"},"schema":{"@context":"https:\/\/schema.org","@graph":[{"@type":"Article","@id":"https:\/\/tralleskop.com\/index.php\/2026\/05\/01\/maine-valisi-janet-mills-cumhuriyetci-senator-susan-collinsi-yenme-yarisindan-cekildi\/#article","isPartOf":{"@id":"https:\/\/tralleskop.com\/index.php\/2026\/05\/01\/maine-valisi-janet-mills-cumhuriyetci-senator-susan-collinsi-yenme-yarisindan-cekildi\/"},"author":{"name":"Yapay Zeka","@id":"https:\/\/tralleskop.com\/#\/schema\/person\/07eabec51c3edefcb97f005e5a24dc85"},"headline":"Maine Valisi Janet Mills, Cumhuriyet\u00e7i Senat\u00f6r Susan Collins&#8217;i Yenme Yar\u0131\u015f\u0131ndan \u00c7ekildi","datePublished":"2026-05-01T18:00:08+00:00","mainEntityOfPage":{"@id":"https:\/\/tralleskop.com\/index.php\/2026\/05\/01\/maine-valisi-janet-mills-cumhuriyetci-senator-susan-collinsi-yenme-yarisindan-cekildi\/"},"wordCount":125,"commentCount":0,"publisher":{"@id":"https:\/\/tralleskop.com\/#organization"},"image":{"@id":"https:\/\/tralleskop.com\/index.php\/2026\/05\/01\/maine-valisi-janet-mills-cumhuriyetci-senator-susan-collinsi-yenme-yarisindan-cekildi\/#primaryimage"},"thumbnailUrl":"https:\/\/tralleskop.com\/wp-content\/uploads\/2026\/05\/imrs.php_-2.jpg","articleSection":["ABD"],"inLanguage":"tr","potentialAction":[{"@type":"CommentAction","name":"Comment","target":["https:\/\/tralleskop.com\/index.php\/2026\/05\/01\/maine-valisi-janet-mills-cumhuriyetci-senator-susan-collinsi-yenme-yarisindan-cekildi\/#respond"]}]},{"@type":"WebPage","@id":"https:\/\/tralleskop.com\/index.php\/2026\/05\/01\/maine-valisi-janet-mills-cumhuriyetci-senator-susan-collinsi-yenme-yarisindan-cekildi\/","url":"https:\/\/tralleskop.com\/index.php\/2026\/05\/01\/maine-valisi-janet-mills-cumhuriyetci-senator-susan-collinsi-yenme-yarisindan-cekildi\/","name":"Maine Valisi Janet Mills, Cumhuriyet\u00e7i Senat\u00f6r Susan Collins'i Yenme Yar\u0131\u015f\u0131ndan \u00c7ekildi - Tralleskop","isPartOf":{"@id":"https:\/\/tralleskop.com\/#website"},"primaryImageOfPage":{"@id":"https:\/\/tralleskop.com\/index.php\/2026\/05\/01\/maine-valisi-janet-mills-cumhuriyetci-senator-susan-collinsi-yenme-yarisindan-cekildi\/#primaryimage"},"image":{"@id":"https:\/\/tralleskop.com\/index.php\/2026\/05\/01\/maine-valisi-janet-mills-cumhuriyetci-senator-susan-collinsi-yenme-yarisindan-cekildi\/#primaryimage"},"thumbnailUrl":"https:\/\/tralleskop.com\/wp-content\/uploads\/2026\/05\/imrs.php_-2.jpg","datePublished":"2026-05-01T18:00:08+00:00","breadcrumb":{"@id":"https:\/\/tralleskop.com\/index.php\/2026\/05\/01\/maine-valisi-janet-mills-cumhuriyetci-senator-susan-collinsi-yenme-yarisindan-cekildi\/#breadcrumb"},"inLanguage":"tr","potentialAction":[{"@type":"ReadAction","target":["https:\/\/tralleskop.com\/index.php\/2026\/05\/01\/maine-valisi-janet-mills-cumhuriyetci-senator-susan-collinsi-yenme-yarisindan-cekildi\/"]}]},{"@type":"ImageObject","inLanguage":"tr","@id":"https:\/\/tralleskop.com\/index.php\/2026\/05\/01\/maine-valisi-janet-mills-cumhuriyetci-senator-susan-collinsi-yenme-yarisindan-cekildi\/#primaryimage","url":"https:\/\/tralleskop.com\/wp-content\/uploads\/2026\/05\/imrs.php_-2.jpg","contentUrl":"https:\/\/tralleskop.com\/wp-content\/uploads\/2026\/05\/imrs.php_-2.jpg","width":1440,"height":960},{"@type":"BreadcrumbList","@id":"https:\/\/tralleskop.com\/index.php\/2026\/05\/01\/maine-valisi-janet-mills-cumhuriyetci-senator-susan-collinsi-yenme-yarisindan-cekildi\/#breadcrumb","itemListElement":[{"@type":"ListItem","position":1,"name":"Anasayfa","item":"https:\/\/tralleskop.com\/"},{"@type":"ListItem","position":2,"name":"Maine Valisi Janet Mills, Cumhuriyet\u00e7i Senat\u00f6r Susan Collins&#8217;i Yenme Yar\u0131\u015f\u0131ndan \u00c7ekildi"}]},{"@type":"WebSite","@id":"https:\/\/tralleskop.com\/#website","url":"https:\/\/tralleskop.com\/","name":"Tralleskop","description":"","publisher":{"@id":"https:\/\/tralleskop.com\/#organization"},"potentialAction":[{"@type":"SearchAction","target":{"@type":"EntryPoint","urlTemplate":"https:\/\/tralleskop.com\/?s={search_term_string}"},"query-input":{"@type":"PropertyValueSpecification","valueRequired":true,"valueName":"search_term_string"}}],"inLanguage":"tr"},{"@type":"Organization","@id":"https:\/\/tralleskop.com\/#organization","name":"Tralleskop","url":"https:\/\/tralleskop.com\/","logo":{"@type":"ImageObject","inLanguage":"tr","@id":"https:\/\/tralleskop.com\/#\/schema\/logo\/image\/","url":"https:\/\/tralleskop.com\/wp-content\/uploads\/2026\/03\/logo-1.png","contentUrl":"https:\/\/tralleskop.com\/wp-content\/uploads\/2026\/03\/logo-1.png","width":2048,"height":2048,"caption":"Tralleskop"},"image":{"@id":"https:\/\/tralleskop.com\/#\/schema\/logo\/image\/"},"sameAs":["https:\/\/instagram.com\/tralleskop"]},{"@type":"Person","@id":"https:\/\/tralleskop.com\/#\/schema\/person\/07eabec51c3edefcb97f005e5a24dc85","name":"Yapay Zeka","image":{"@type":"ImageObject","inLanguage":"tr","@id":"https:\/\/secure.gravatar.com\/avatar\/e77edf5bd5f891271e5db451c58207840f707caf056fe282ae8443fe299d6b9c?s=96&d=mm&r=g","url":"https:\/\/secure.gravatar.com\/avatar\/e77edf5bd5f891271e5db451c58207840f707caf056fe282ae8443fe299d6b9c?s=96&d=mm&r=g","contentUrl":"https:\/\/secure.gravatar.com\/avatar\/e77edf5bd5f891271e5db451c58207840f707caf056fe282ae8443fe299d6b9c?s=96&d=mm&r=g","caption":"Yapay Zeka"},"url":"https:\/\/tralleskop.com\/index.php\/author\/yapayzeka\/"}]}},"jetpack_featured_media_url":"https:\/\/tralleskop.com\/wp-content\/uploads\/2026\/05\/imrs.php_-2.jpg","_links":{"self":[{"href":"https:\/\/tralleskop.com\/index.php\/wp-json\/wp\/v2\/posts\/481","targetHints":{"allow":["GET"]}}],"collection":[{"href":"https:\/\/tralleskop.com\/index.php\/wp-json\/wp\/v2\/posts"}],"about":[{"href":"https:\/\/tralleskop.com\/index.php\/wp-json\/wp\/v2\/types\/post"}],"author":[{"embeddable":true,"href":"https:\/\/tralleskop.com\/index.php\/wp-json\/wp\/v2\/users\/3"}],"replies":[{"embeddable":true,"href":"https:\/\/tralleskop.com\/index.php\/wp-json\/wp\/v2\/comments?post=481"}],"version-history":[{"count":0,"href":"https:\/\/tralleskop.com\/index.php\/wp-json\/wp\/v2\/posts\/481\/revisions"}],"wp:featuredmedia":[{"embeddable":true,"href":"https:\/\/tralleskop.com\/index.php\/wp-json\/wp\/v2\/media\/482"}],"wp:attachment":[{"href":"https:\/\/tralleskop.com\/index.php\/wp-json\/wp\/v2\/media?parent=481"}],"wp:term":[{"taxonomy":"category","embeddable":true,"href":"https:\/\/tralleskop.com\/index.php\/wp-json\/wp\/v2\/categories?post=481"},{"taxonomy":"post_tag","embeddable":true,"href":"https:\/\/tralleskop.com\/index.php\/wp-json\/wp\/v2\/tags?post=481"}],"curies":[{"name":"wp","href":"https:\/\/api.w.org\/{rel}","templated":true}]}}