{"id":479,"date":"2026-05-01T20:45:07","date_gmt":"2026-05-01T17:45:07","guid":{"rendered":"https:\/\/tralleskop.com\/index.php\/2026\/05\/01\/louisiana-kongre-ilk-secimleri-yuksek-mahkeme-karari-sonucu-askiya-alindi-2\/"},"modified":"2026-05-01T20:45:07","modified_gmt":"2026-05-01T17:45:07","slug":"louisiana-kongre-ilk-secimleri-yuksek-mahkeme-karari-sonucu-askiya-alindi-2","status":"publish","type":"post","link":"https:\/\/tralleskop.com\/index.php\/2026\/05\/01\/louisiana-kongre-ilk-secimleri-yuksek-mahkeme-karari-sonucu-askiya-alindi-2\/","title":{"rendered":"Louisiana Kongre \u0130lk Se\u00e7imleri Y\u00fcksek Mahkeme Karar\u0131 Sonucu Ask\u0131ya Al\u0131nd\u0131"},"content":{"rendered":"<p>Louisiana&#8217;n\u0131n en \u00fcst d\u00fczey se\u00e7ilmi\u015f yetkilileri, eyaletin kongre ilk se\u00e7imlerinin planland\u0131\u011f\u0131 gibi May\u0131s ay\u0131nda ger\u00e7ekle\u015ftirilmeyece\u011fini a\u00e7\u0131klad\u0131. Bu karar, ABD Y\u00fcksek Mahkemesi&#8217;nin bir karar\u0131 sonucu al\u0131nd\u0131. Y\u00fcksek Mahkeme, \u00e7o\u011funlu\u011fu Afro-Amerikal\u0131 olan bir kongre b\u00f6lgesini iptal etti. Cumhuriyet\u00e7i Vali J. Edwards, bu karar\u0131 takiben se\u00e7imlerin ertelenmesine karar verildi\u011fini a\u00e7\u0131klad\u0131.<\/p>\n<p>Bu karar, Louisiana&#8217;n\u0131n se\u00e7im s\u00fcrecini \u00f6nemli \u00f6l\u00e7\u00fcde etkileyecek. \u0130ptal edilen kongre b\u00f6lgesi, Afro-Amerikal\u0131 n\u00fcfusun yo\u011funlukta oldu\u011fu bir aland\u0131 ve bu karar, b\u00f6lgedeki se\u00e7im sonu\u00e7lar\u0131n\u0131 \u00f6nemli \u00f6l\u00e7\u00fcde de\u011fi\u015ftirebilecek. Se\u00e7imlerin ertelenmesi, siyasi partilere ve adaylara yeni stratejiler geli\u015ftirme f\u0131rsat\u0131 sunacak.<\/p>\n<p>ABD Y\u00fcksek Mahkemesi, se\u00e7im b\u00f6lgelerinin \u00e7izilmesini d\u00fczenleyen yasalara ili\u015fkin bir\u00e7ok davaya bakmaktad\u0131r. Bu davalardan biri de Louisiana&#8217;n\u0131n kongre b\u00f6lgeleri idi. Mahkeme, bu b\u00f6lgenin anayasaya ayk\u0131r\u0131 oldu\u011funu ve iptal edilmesi gerekti\u011fini kararla\u015ft\u0131rd\u0131.<\/p>\n<p>Louisiana&#8217;daki se\u00e7imlerin ertelenmesi, eyaletin siyasi s\u00fcrecini etkileyecek. Se\u00e7menler, bu karar\u0131 takiben yeni se\u00e7im tarihlerini bekleyecek. Siyasi partiler ve adaylar, bu s\u00fcreyi de\u011ferlendirmek i\u00e7in \u00e7al\u0131\u015fmaya devam edecek. Bu karar, ABD&#8217;nin se\u00e7im sistemi \u00fczerindeki tart\u0131\u015fmalar\u0131 da yo\u011funla\u015ft\u0131rabilecek.<\/p>\n<p>Bu olay, ABD se\u00e7im sisteminin komplex vesometimes tart\u0131\u015fmal\u0131 do\u011fas\u0131n\u0131 g\u00f6steriyor. Se\u00e7im b\u00f6lgelerinin \u00e7izilmesi, siyasi partiler ve adaylar i\u00e7in kritik bir konu. Bu karar, Louisiana&#8217;n\u0131n se\u00e7menlerini ve siyasi s\u00fcrecini etkileyecek. ABD&#8217;nin se\u00e7im sistemi, s\u00fcrekli olarak de\u011fi\u015fen ve geli\u015fen bir s\u00fcre\u00e7 i\u00e7inde bulunuyor.<\/p>\n","protected":false},"excerpt":{"rendered":"<p>Louisiana&#8217;n\u0131n en \u00fcst d\u00fczey se\u00e7ilmi\u015f yetkilileri, eyaletin kongre ilk se\u00e7imlerinin planland\u0131\u011f\u0131 gibi May\u0131s ay\u0131nda ger\u00e7ekle\u015ftirilmeyece\u011fini a\u00e7\u0131klad\u0131. Bu karar, ABD Y\u00fcksek Mahkemesi&#8217;nin bir karar\u0131 sonucu al\u0131nd\u0131. Y\u00fcksek Mahkeme, \u00e7o\u011funlu\u011fu Afro-Amerikal\u0131 olan bir kongre b\u00f6lgesini iptal etti. Cumhuriyet\u00e7i Vali J. Edwards, bu karar\u0131 takiben se\u00e7imlerin ertelenmesine karar verildi\u011fini a\u00e7\u0131klad\u0131. Bu karar, Louisiana&#8217;n\u0131n se\u00e7im s\u00fcrecini \u00f6nemli \u00f6l\u00e7\u00fcde etkileyecek. [&hellip;]<\/p>\n","protected":false},"author":3,"featured_media":480,"comment_status":"open","ping_status":"open","sticky":false,"template":"","format":"standard","meta":{"googlesitekit_rrm_CAow15e3DA:productID":"","_coblocks_attr":"","_coblocks_dimensions":"","_coblocks_responsive_height":"","_coblocks_accordion_ie_support":"","_ai_summary":"Louisiana'n\u0131n kongre ilk se\u00e7imlerinin May\u0131s ay\u0131nda ger\u00e7ekle\u015ftirilmeyece\u011fi a\u00e7\u0131kland\u0131.\nABD Y\u00fcksek Mahkemesi, \u00e7o\u011funlu\u011fu Afro-Amerikal\u0131 olan bir kongre b\u00f6lgesini iptal etti.\nSe\u00e7imlerin ertelenmesi, siyasi partilere ve adaylara yeni stratejiler geli\u015ftirme f\u0131rsat\u0131 sunacak.","_external_image_url":"https:\/\/dims.apnews.com\/dims4\/default\/24edfcf\/2147483647\/strip\/true\/crop\/3720x2479+0+5\/resize\/980x653!\/quality\/90\/?url=https%3A%2F%2Fassets.apnews.com%2Fb1%2Fdd%2Ff185b95a67ebefe276321b4acd98%2F09a5c32d71094909b2531c1037b34f97","footnotes":""},"categories":[38],"tags":[],"class_list":["post-479","post","type-post","status-publish","format-standard","has-post-thumbnail","hentry","category-abd"],"yoast_head":"<!-- This site is optimized with the Yoast SEO plugin v27.5 - https:\/\/yoast.com\/product\/yoast-seo-wordpress\/ -->\n<title>Louisiana Kongre \u0130lk Se\u00e7imleri Y\u00fcksek Mahkeme Karar\u0131 Sonucu Ask\u0131ya Al\u0131nd\u0131 - Tralleskop<\/title>\n<meta name=\"robots\" content=\"index, follow, max-snippet:-1, max-image-preview:large, max-video-preview:-1\" \/>\n<link rel=\"canonical\" href=\"https:\/\/tralleskop.com\/index.php\/2026\/05\/01\/louisiana-kongre-ilk-secimleri-yuksek-mahkeme-karari-sonucu-askiya-alindi-2\/\" \/>\n<meta property=\"og:locale\" content=\"tr_TR\" \/>\n<meta property=\"og:type\" content=\"article\" \/>\n<meta property=\"og:title\" content=\"Louisiana Kongre \u0130lk Se\u00e7imleri Y\u00fcksek Mahkeme Karar\u0131 Sonucu Ask\u0131ya Al\u0131nd\u0131 - Tralleskop\" \/>\n<meta property=\"og:description\" content=\"Louisiana&#8217;n\u0131n en \u00fcst d\u00fczey se\u00e7ilmi\u015f yetkilileri, eyaletin kongre ilk se\u00e7imlerinin planland\u0131\u011f\u0131 gibi May\u0131s ay\u0131nda ger\u00e7ekle\u015ftirilmeyece\u011fini a\u00e7\u0131klad\u0131. Bu karar, ABD Y\u00fcksek Mahkemesi&#8217;nin bir karar\u0131 sonucu al\u0131nd\u0131. Y\u00fcksek Mahkeme, \u00e7o\u011funlu\u011fu Afro-Amerikal\u0131 olan bir kongre b\u00f6lgesini iptal etti. Cumhuriyet\u00e7i Vali J. Edwards, bu karar\u0131 takiben se\u00e7imlerin ertelenmesine karar verildi\u011fini a\u00e7\u0131klad\u0131. Bu karar, Louisiana&#8217;n\u0131n se\u00e7im s\u00fcrecini \u00f6nemli \u00f6l\u00e7\u00fcde etkileyecek. [&hellip;]\" \/>\n<meta property=\"og:url\" content=\"https:\/\/tralleskop.com\/index.php\/2026\/05\/01\/louisiana-kongre-ilk-secimleri-yuksek-mahkeme-karari-sonucu-askiya-alindi-2\/\" \/>\n<meta property=\"og:site_name\" content=\"Tralleskop\" \/>\n<meta property=\"article:published_time\" content=\"2026-05-01T17:45:07+00:00\" \/>\n<meta name=\"author\" content=\"Yapay Zeka\" \/>\n<meta name=\"twitter:card\" content=\"summary_large_image\" \/>\n<meta name=\"twitter:label1\" content=\"Yazan:\" \/>\n\t<meta name=\"twitter:data1\" content=\"Yapay Zeka\" \/>\n\t<meta name=\"twitter:label2\" content=\"Tahmini okuma s\u00fcresi\" \/>\n\t<meta name=\"twitter:data2\" content=\"1 dakika\" \/>\n<script type=\"application\/ld+json\" class=\"yoast-schema-graph\">{\"@context\":\"https:\\\/\\\/schema.org\",\"@graph\":[{\"@type\":\"Article\",\"@id\":\"https:\\\/\\\/tralleskop.com\\\/index.php\\\/2026\\\/05\\\/01\\\/louisiana-kongre-ilk-secimleri-yuksek-mahkeme-karari-sonucu-askiya-alindi-2\\\/#article\",\"isPartOf\":{\"@id\":\"https:\\\/\\\/tralleskop.com\\\/index.php\\\/2026\\\/05\\\/01\\\/louisiana-kongre-ilk-secimleri-yuksek-mahkeme-karari-sonucu-askiya-alindi-2\\\/\"},\"author\":{\"name\":\"Yapay Zeka\",\"@id\":\"https:\\\/\\\/tralleskop.com\\\/#\\\/schema\\\/person\\\/07eabec51c3edefcb97f005e5a24dc85\"},\"headline\":\"Louisiana Kongre \u0130lk Se\u00e7imleri Y\u00fcksek Mahkeme Karar\u0131 Sonucu Ask\u0131ya Al\u0131nd\u0131\",\"datePublished\":\"2026-05-01T17:45:07+00:00\",\"mainEntityOfPage\":{\"@id\":\"https:\\\/\\\/tralleskop.com\\\/index.php\\\/2026\\\/05\\\/01\\\/louisiana-kongre-ilk-secimleri-yuksek-mahkeme-karari-sonucu-askiya-alindi-2\\\/\"},\"wordCount\":298,\"commentCount\":0,\"publisher\":{\"@id\":\"https:\\\/\\\/tralleskop.com\\\/#organization\"},\"image\":{\"@id\":\"https:\\\/\\\/tralleskop.com\\\/index.php\\\/2026\\\/05\\\/01\\\/louisiana-kongre-ilk-secimleri-yuksek-mahkeme-karari-sonucu-askiya-alindi-2\\\/#primaryimage\"},\"thumbnailUrl\":\"https:\\\/\\\/tralleskop.com\\\/wp-content\\\/uploads\\\/2026\\\/05\\\/90-2.jpg\",\"articleSection\":[\"ABD\"],\"inLanguage\":\"tr\",\"potentialAction\":[{\"@type\":\"CommentAction\",\"name\":\"Comment\",\"target\":[\"https:\\\/\\\/tralleskop.com\\\/index.php\\\/2026\\\/05\\\/01\\\/louisiana-kongre-ilk-secimleri-yuksek-mahkeme-karari-sonucu-askiya-alindi-2\\\/#respond\"]}]},{\"@type\":\"WebPage\",\"@id\":\"https:\\\/\\\/tralleskop.com\\\/index.php\\\/2026\\\/05\\\/01\\\/louisiana-kongre-ilk-secimleri-yuksek-mahkeme-karari-sonucu-askiya-alindi-2\\\/\",\"url\":\"https:\\\/\\\/tralleskop.com\\\/index.php\\\/2026\\\/05\\\/01\\\/louisiana-kongre-ilk-secimleri-yuksek-mahkeme-karari-sonucu-askiya-alindi-2\\\/\",\"name\":\"Louisiana Kongre \u0130lk Se\u00e7imleri Y\u00fcksek Mahkeme Karar\u0131 Sonucu Ask\u0131ya Al\u0131nd\u0131 - Tralleskop\",\"isPartOf\":{\"@id\":\"https:\\\/\\\/tralleskop.com\\\/#website\"},\"primaryImageOfPage\":{\"@id\":\"https:\\\/\\\/tralleskop.com\\\/index.php\\\/2026\\\/05\\\/01\\\/louisiana-kongre-ilk-secimleri-yuksek-mahkeme-karari-sonucu-askiya-alindi-2\\\/#primaryimage\"},\"image\":{\"@id\":\"https:\\\/\\\/tralleskop.com\\\/index.php\\\/2026\\\/05\\\/01\\\/louisiana-kongre-ilk-secimleri-yuksek-mahkeme-karari-sonucu-askiya-alindi-2\\\/#primaryimage\"},\"thumbnailUrl\":\"https:\\\/\\\/tralleskop.com\\\/wp-content\\\/uploads\\\/2026\\\/05\\\/90-2.jpg\",\"datePublished\":\"2026-05-01T17:45:07+00:00\",\"breadcrumb\":{\"@id\":\"https:\\\/\\\/tralleskop.com\\\/index.php\\\/2026\\\/05\\\/01\\\/louisiana-kongre-ilk-secimleri-yuksek-mahkeme-karari-sonucu-askiya-alindi-2\\\/#breadcrumb\"},\"inLanguage\":\"tr\",\"potentialAction\":[{\"@type\":\"ReadAction\",\"target\":[\"https:\\\/\\\/tralleskop.com\\\/index.php\\\/2026\\\/05\\\/01\\\/louisiana-kongre-ilk-secimleri-yuksek-mahkeme-karari-sonucu-askiya-alindi-2\\\/\"]}]},{\"@type\":\"ImageObject\",\"inLanguage\":\"tr\",\"@id\":\"https:\\\/\\\/tralleskop.com\\\/index.php\\\/2026\\\/05\\\/01\\\/louisiana-kongre-ilk-secimleri-yuksek-mahkeme-karari-sonucu-askiya-alindi-2\\\/#primaryimage\",\"url\":\"https:\\\/\\\/tralleskop.com\\\/wp-content\\\/uploads\\\/2026\\\/05\\\/90-2.jpg\",\"contentUrl\":\"https:\\\/\\\/tralleskop.com\\\/wp-content\\\/uploads\\\/2026\\\/05\\\/90-2.jpg\",\"width\":980,\"height\":653},{\"@type\":\"BreadcrumbList\",\"@id\":\"https:\\\/\\\/tralleskop.com\\\/index.php\\\/2026\\\/05\\\/01\\\/louisiana-kongre-ilk-secimleri-yuksek-mahkeme-karari-sonucu-askiya-alindi-2\\\/#breadcrumb\",\"itemListElement\":[{\"@type\":\"ListItem\",\"position\":1,\"name\":\"Anasayfa\",\"item\":\"https:\\\/\\\/tralleskop.com\\\/\"},{\"@type\":\"ListItem\",\"position\":2,\"name\":\"Louisiana Kongre \u0130lk Se\u00e7imleri Y\u00fcksek Mahkeme Karar\u0131 Sonucu Ask\u0131ya Al\u0131nd\u0131\"}]},{\"@type\":\"WebSite\",\"@id\":\"https:\\\/\\\/tralleskop.com\\\/#website\",\"url\":\"https:\\\/\\\/tralleskop.com\\\/\",\"name\":\"Tralleskop\",\"description\":\"\",\"publisher\":{\"@id\":\"https:\\\/\\\/tralleskop.com\\\/#organization\"},\"potentialAction\":[{\"@type\":\"SearchAction\",\"target\":{\"@type\":\"EntryPoint\",\"urlTemplate\":\"https:\\\/\\\/tralleskop.com\\\/?s={search_term_string}\"},\"query-input\":{\"@type\":\"PropertyValueSpecification\",\"valueRequired\":true,\"valueName\":\"search_term_string\"}}],\"inLanguage\":\"tr\"},{\"@type\":\"Organization\",\"@id\":\"https:\\\/\\\/tralleskop.com\\\/#organization\",\"name\":\"Tralleskop\",\"url\":\"https:\\\/\\\/tralleskop.com\\\/\",\"logo\":{\"@type\":\"ImageObject\",\"inLanguage\":\"tr\",\"@id\":\"https:\\\/\\\/tralleskop.com\\\/#\\\/schema\\\/logo\\\/image\\\/\",\"url\":\"https:\\\/\\\/tralleskop.com\\\/wp-content\\\/uploads\\\/2026\\\/03\\\/logo-1.png\",\"contentUrl\":\"https:\\\/\\\/tralleskop.com\\\/wp-content\\\/uploads\\\/2026\\\/03\\\/logo-1.png\",\"width\":2048,\"height\":2048,\"caption\":\"Tralleskop\"},\"image\":{\"@id\":\"https:\\\/\\\/tralleskop.com\\\/#\\\/schema\\\/logo\\\/image\\\/\"},\"sameAs\":[\"https:\\\/\\\/instagram.com\\\/tralleskop\"]},{\"@type\":\"Person\",\"@id\":\"https:\\\/\\\/tralleskop.com\\\/#\\\/schema\\\/person\\\/07eabec51c3edefcb97f005e5a24dc85\",\"name\":\"Yapay Zeka\",\"image\":{\"@type\":\"ImageObject\",\"inLanguage\":\"tr\",\"@id\":\"https:\\\/\\\/secure.gravatar.com\\\/avatar\\\/e77edf5bd5f891271e5db451c58207840f707caf056fe282ae8443fe299d6b9c?s=96&d=mm&r=g\",\"url\":\"https:\\\/\\\/secure.gravatar.com\\\/avatar\\\/e77edf5bd5f891271e5db451c58207840f707caf056fe282ae8443fe299d6b9c?s=96&d=mm&r=g\",\"contentUrl\":\"https:\\\/\\\/secure.gravatar.com\\\/avatar\\\/e77edf5bd5f891271e5db451c58207840f707caf056fe282ae8443fe299d6b9c?s=96&d=mm&r=g\",\"caption\":\"Yapay Zeka\"},\"url\":\"https:\\\/\\\/tralleskop.com\\\/index.php\\\/author\\\/yapayzeka\\\/\"}]}<\/script>\n<!-- \/ Yoast SEO plugin. -->","yoast_head_json":{"title":"Louisiana Kongre \u0130lk Se\u00e7imleri Y\u00fcksek Mahkeme Karar\u0131 Sonucu Ask\u0131ya Al\u0131nd\u0131 - Tralleskop","robots":{"index":"index","follow":"follow","max-snippet":"max-snippet:-1","max-image-preview":"max-image-preview:large","max-video-preview":"max-video-preview:-1"},"canonical":"https:\/\/tralleskop.com\/index.php\/2026\/05\/01\/louisiana-kongre-ilk-secimleri-yuksek-mahkeme-karari-sonucu-askiya-alindi-2\/","og_locale":"tr_TR","og_type":"article","og_title":"Louisiana Kongre \u0130lk Se\u00e7imleri Y\u00fcksek Mahkeme Karar\u0131 Sonucu Ask\u0131ya Al\u0131nd\u0131 - Tralleskop","og_description":"Louisiana&#8217;n\u0131n en \u00fcst d\u00fczey se\u00e7ilmi\u015f yetkilileri, eyaletin kongre ilk se\u00e7imlerinin planland\u0131\u011f\u0131 gibi May\u0131s ay\u0131nda ger\u00e7ekle\u015ftirilmeyece\u011fini a\u00e7\u0131klad\u0131. Bu karar, ABD Y\u00fcksek Mahkemesi&#8217;nin bir karar\u0131 sonucu al\u0131nd\u0131. Y\u00fcksek Mahkeme, \u00e7o\u011funlu\u011fu Afro-Amerikal\u0131 olan bir kongre b\u00f6lgesini iptal etti. Cumhuriyet\u00e7i Vali J. Edwards, bu karar\u0131 takiben se\u00e7imlerin ertelenmesine karar verildi\u011fini a\u00e7\u0131klad\u0131. Bu karar, Louisiana&#8217;n\u0131n se\u00e7im s\u00fcrecini \u00f6nemli \u00f6l\u00e7\u00fcde etkileyecek. [&hellip;]","og_url":"https:\/\/tralleskop.com\/index.php\/2026\/05\/01\/louisiana-kongre-ilk-secimleri-yuksek-mahkeme-karari-sonucu-askiya-alindi-2\/","og_site_name":"Tralleskop","article_published_time":"2026-05-01T17:45:07+00:00","author":"Yapay Zeka","twitter_card":"summary_large_image","twitter_misc":{"Yazan:":"Yapay Zeka","Tahmini okuma s\u00fcresi":"1 dakika"},"schema":{"@context":"https:\/\/schema.org","@graph":[{"@type":"Article","@id":"https:\/\/tralleskop.com\/index.php\/2026\/05\/01\/louisiana-kongre-ilk-secimleri-yuksek-mahkeme-karari-sonucu-askiya-alindi-2\/#article","isPartOf":{"@id":"https:\/\/tralleskop.com\/index.php\/2026\/05\/01\/louisiana-kongre-ilk-secimleri-yuksek-mahkeme-karari-sonucu-askiya-alindi-2\/"},"author":{"name":"Yapay Zeka","@id":"https:\/\/tralleskop.com\/#\/schema\/person\/07eabec51c3edefcb97f005e5a24dc85"},"headline":"Louisiana Kongre \u0130lk Se\u00e7imleri Y\u00fcksek Mahkeme Karar\u0131 Sonucu Ask\u0131ya Al\u0131nd\u0131","datePublished":"2026-05-01T17:45:07+00:00","mainEntityOfPage":{"@id":"https:\/\/tralleskop.com\/index.php\/2026\/05\/01\/louisiana-kongre-ilk-secimleri-yuksek-mahkeme-karari-sonucu-askiya-alindi-2\/"},"wordCount":298,"commentCount":0,"publisher":{"@id":"https:\/\/tralleskop.com\/#organization"},"image":{"@id":"https:\/\/tralleskop.com\/index.php\/2026\/05\/01\/louisiana-kongre-ilk-secimleri-yuksek-mahkeme-karari-sonucu-askiya-alindi-2\/#primaryimage"},"thumbnailUrl":"https:\/\/tralleskop.com\/wp-content\/uploads\/2026\/05\/90-2.jpg","articleSection":["ABD"],"inLanguage":"tr","potentialAction":[{"@type":"CommentAction","name":"Comment","target":["https:\/\/tralleskop.com\/index.php\/2026\/05\/01\/louisiana-kongre-ilk-secimleri-yuksek-mahkeme-karari-sonucu-askiya-alindi-2\/#respond"]}]},{"@type":"WebPage","@id":"https:\/\/tralleskop.com\/index.php\/2026\/05\/01\/louisiana-kongre-ilk-secimleri-yuksek-mahkeme-karari-sonucu-askiya-alindi-2\/","url":"https:\/\/tralleskop.com\/index.php\/2026\/05\/01\/louisiana-kongre-ilk-secimleri-yuksek-mahkeme-karari-sonucu-askiya-alindi-2\/","name":"Louisiana Kongre \u0130lk Se\u00e7imleri Y\u00fcksek Mahkeme Karar\u0131 Sonucu Ask\u0131ya Al\u0131nd\u0131 - Tralleskop","isPartOf":{"@id":"https:\/\/tralleskop.com\/#website"},"primaryImageOfPage":{"@id":"https:\/\/tralleskop.com\/index.php\/2026\/05\/01\/louisiana-kongre-ilk-secimleri-yuksek-mahkeme-karari-sonucu-askiya-alindi-2\/#primaryimage"},"image":{"@id":"https:\/\/tralleskop.com\/index.php\/2026\/05\/01\/louisiana-kongre-ilk-secimleri-yuksek-mahkeme-karari-sonucu-askiya-alindi-2\/#primaryimage"},"thumbnailUrl":"https:\/\/tralleskop.com\/wp-content\/uploads\/2026\/05\/90-2.jpg","datePublished":"2026-05-01T17:45:07+00:00","breadcrumb":{"@id":"https:\/\/tralleskop.com\/index.php\/2026\/05\/01\/louisiana-kongre-ilk-secimleri-yuksek-mahkeme-karari-sonucu-askiya-alindi-2\/#breadcrumb"},"inLanguage":"tr","potentialAction":[{"@type":"ReadAction","target":["https:\/\/tralleskop.com\/index.php\/2026\/05\/01\/louisiana-kongre-ilk-secimleri-yuksek-mahkeme-karari-sonucu-askiya-alindi-2\/"]}]},{"@type":"ImageObject","inLanguage":"tr","@id":"https:\/\/tralleskop.com\/index.php\/2026\/05\/01\/louisiana-kongre-ilk-secimleri-yuksek-mahkeme-karari-sonucu-askiya-alindi-2\/#primaryimage","url":"https:\/\/tralleskop.com\/wp-content\/uploads\/2026\/05\/90-2.jpg","contentUrl":"https:\/\/tralleskop.com\/wp-content\/uploads\/2026\/05\/90-2.jpg","width":980,"height":653},{"@type":"BreadcrumbList","@id":"https:\/\/tralleskop.com\/index.php\/2026\/05\/01\/louisiana-kongre-ilk-secimleri-yuksek-mahkeme-karari-sonucu-askiya-alindi-2\/#breadcrumb","itemListElement":[{"@type":"ListItem","position":1,"name":"Anasayfa","item":"https:\/\/tralleskop.com\/"},{"@type":"ListItem","position":2,"name":"Louisiana Kongre \u0130lk Se\u00e7imleri Y\u00fcksek Mahkeme Karar\u0131 Sonucu Ask\u0131ya Al\u0131nd\u0131"}]},{"@type":"WebSite","@id":"https:\/\/tralleskop.com\/#website","url":"https:\/\/tralleskop.com\/","name":"Tralleskop","description":"","publisher":{"@id":"https:\/\/tralleskop.com\/#organization"},"potentialAction":[{"@type":"SearchAction","target":{"@type":"EntryPoint","urlTemplate":"https:\/\/tralleskop.com\/?s={search_term_string}"},"query-input":{"@type":"PropertyValueSpecification","valueRequired":true,"valueName":"search_term_string"}}],"inLanguage":"tr"},{"@type":"Organization","@id":"https:\/\/tralleskop.com\/#organization","name":"Tralleskop","url":"https:\/\/tralleskop.com\/","logo":{"@type":"ImageObject","inLanguage":"tr","@id":"https:\/\/tralleskop.com\/#\/schema\/logo\/image\/","url":"https:\/\/tralleskop.com\/wp-content\/uploads\/2026\/03\/logo-1.png","contentUrl":"https:\/\/tralleskop.com\/wp-content\/uploads\/2026\/03\/logo-1.png","width":2048,"height":2048,"caption":"Tralleskop"},"image":{"@id":"https:\/\/tralleskop.com\/#\/schema\/logo\/image\/"},"sameAs":["https:\/\/instagram.com\/tralleskop"]},{"@type":"Person","@id":"https:\/\/tralleskop.com\/#\/schema\/person\/07eabec51c3edefcb97f005e5a24dc85","name":"Yapay Zeka","image":{"@type":"ImageObject","inLanguage":"tr","@id":"https:\/\/secure.gravatar.com\/avatar\/e77edf5bd5f891271e5db451c58207840f707caf056fe282ae8443fe299d6b9c?s=96&d=mm&r=g","url":"https:\/\/secure.gravatar.com\/avatar\/e77edf5bd5f891271e5db451c58207840f707caf056fe282ae8443fe299d6b9c?s=96&d=mm&r=g","contentUrl":"https:\/\/secure.gravatar.com\/avatar\/e77edf5bd5f891271e5db451c58207840f707caf056fe282ae8443fe299d6b9c?s=96&d=mm&r=g","caption":"Yapay Zeka"},"url":"https:\/\/tralleskop.com\/index.php\/author\/yapayzeka\/"}]}},"jetpack_featured_media_url":"https:\/\/tralleskop.com\/wp-content\/uploads\/2026\/05\/90-2.jpg","_links":{"self":[{"href":"https:\/\/tralleskop.com\/index.php\/wp-json\/wp\/v2\/posts\/479","targetHints":{"allow":["GET"]}}],"collection":[{"href":"https:\/\/tralleskop.com\/index.php\/wp-json\/wp\/v2\/posts"}],"about":[{"href":"https:\/\/tralleskop.com\/index.php\/wp-json\/wp\/v2\/types\/post"}],"author":[{"embeddable":true,"href":"https:\/\/tralleskop.com\/index.php\/wp-json\/wp\/v2\/users\/3"}],"replies":[{"embeddable":true,"href":"https:\/\/tralleskop.com\/index.php\/wp-json\/wp\/v2\/comments?post=479"}],"version-history":[{"count":0,"href":"https:\/\/tralleskop.com\/index.php\/wp-json\/wp\/v2\/posts\/479\/revisions"}],"wp:featuredmedia":[{"embeddable":true,"href":"https:\/\/tralleskop.com\/index.php\/wp-json\/wp\/v2\/media\/480"}],"wp:attachment":[{"href":"https:\/\/tralleskop.com\/index.php\/wp-json\/wp\/v2\/media?parent=479"}],"wp:term":[{"taxonomy":"category","embeddable":true,"href":"https:\/\/tralleskop.com\/index.php\/wp-json\/wp\/v2\/categories?post=479"},{"taxonomy":"post_tag","embeddable":true,"href":"https:\/\/tralleskop.com\/index.php\/wp-json\/wp\/v2\/tags?post=479"}],"curies":[{"name":"wp","href":"https:\/\/api.w.org\/{rel}","templated":true}]}}