{"id":477,"date":"2026-05-01T20:30:10","date_gmt":"2026-05-01T17:30:10","guid":{"rendered":"https:\/\/tralleskop.com\/index.php\/2026\/05\/01\/jon-rahmin-liv-golf-ile-ilgili-humiliating-secenegi\/"},"modified":"2026-05-01T20:30:10","modified_gmt":"2026-05-01T17:30:10","slug":"jon-rahmin-liv-golf-ile-ilgili-humiliating-secenegi","status":"publish","type":"post","link":"https:\/\/tralleskop.com\/index.php\/2026\/05\/01\/jon-rahmin-liv-golf-ile-ilgili-humiliating-secenegi\/","title":{"rendered":"Jon Rahm&#8217;\u0131n LIV Golf \u0130le \u0130lgili Humiliating Se\u00e7ene\u011fi"},"content":{"rendered":"<p>Jon Rahm, 31 ya\u015f\u0131nda, 2023 y\u0131l\u0131nda 300 milyon dolarl\u0131k bir s\u00f6zle\u015fme ile LIV Golf&#8217;a kat\u0131ld\u0131. Bu hareket, daha \u00f6nce b\u00f6yle bir hareketi kamuoyu \u00f6n\u00fcnde reddetmi\u015fti. Ancak \u015fimdi, LIV Golf&#8217;un poss\u00edvel olarak bitebilece\u011fi konu\u015fuluyor. Bu durumda Jon Rahm&#8217;\u0131n sadece bir se\u00e7enek kalabilir: geri d\u00f6n\u00fcp PGA Tour&#8217;a kat\u0131lmak. Bu hareket, bir\u00e7ok ki\u015fi taraf\u0131ndan Rahm&#8217;\u0131n kariyerinde bir geri ad\u0131m olarak g\u00f6r\u00fclebilir.<br \/>\nLIV Golf, golf d\u00fcnyas\u0131nda b\u00fcy\u00fck bir tart\u0131\u015fma yaratt\u0131. Bir\u00e7ok \u00fcnl\u00fc golf\u00e7u, bu turnuvaya kat\u0131ld\u0131 ve b\u00fcy\u00fck s\u00f6zle\u015fmeler imzalad\u0131. Ancak LIV Golf&#8217;un gelece\u011fi belirsiz ve bir\u00e7ok ki\u015fi, bu turnuvan\u0131n s\u00fcrd\u00fcr\u00fclebilir olmad\u0131\u011f\u0131n\u0131 d\u00fc\u015f\u00fcn\u00fcyor.<br \/>\nJon Rahm, golf d\u00fcnyas\u0131nda b\u00fcy\u00fck bir y\u0131ld\u0131z ve bir\u00e7ok ki\u015fi, onun LIV Golf&#8217;a kat\u0131lma karar\u0131n\u0131 \u015fa\u015f\u0131rarak kar\u015f\u0131lad\u0131. \u015eimdi, LIV Golf&#8217;un olas\u0131 olarak bitebilece\u011fi konu\u015fuluyor ve Rahm&#8217;\u0131n ne yapaca\u011f\u0131 merak ediliyor.<br \/>\nRahm&#8217;\u0131n PGA Tour&#8217;a geri d\u00f6nece\u011fi konu\u015fuluyor. Ancak bu hareket, bir\u00e7ok ki\u015fi taraf\u0131ndan bir geri ad\u0131m olarak g\u00f6r\u00fclebilir. Rahm, golf kariyerinde bir\u00e7ok \u00e9xito elde etti ve PGA Tour&#8217;da \u00f6nemli bir fig\u00fcr oldu. Ancak LIV Golf&#8217;a kat\u0131lma karar\u0131, bir\u00e7ok ki\u015fi taraf\u0131ndan ele\u015ftirildi.<br \/>\nLIV Golf&#8217;un olas\u0131 olarak bitebilece\u011fi konu\u015fuluyor ve bir\u00e7ok golf\u00e7u, ne yapaca\u011f\u0131na karar vermeye \u00e7al\u0131\u015f\u0131yor. Jon Rahm, golf d\u00fcnyas\u0131nda b\u00fcy\u00fck bir y\u0131ld\u0131z ve onun karar\u0131, bir\u00e7ok ki\u015fi taraf\u0131ndan merak ediliyor.<br \/>\nGolf d\u00fcnyas\u0131, LIV Golf&#8217;un gelece\u011fini bekliyor ve bir\u00e7ok ki\u015fi, bu turnuvan\u0131n s\u00fcrd\u00fcr\u00fclebilir olmad\u0131\u011f\u0131n\u0131 d\u00fc\u015f\u00fcn\u00fcyor. Jon Rahm&#8217;\u0131n karar\u0131, bir\u00e7ok ki\u015fi taraf\u0131ndan merak ediliyor ve golf d\u00fcnyas\u0131nda b\u00fcy\u00fck bir tart\u0131\u015fma yaratabilir.<br \/>\nSonu\u00e7 olarak, Jon Rahm&#8217;\u0131n LIV Golf ile ilgili karar\u0131, golf d\u00fcnyas\u0131nda b\u00fcy\u00fck bir tart\u0131\u015fma yaratabilir. Rahm&#8217;\u0131n PGA Tour&#8217;a geri d\u00f6nme karar\u0131, bir\u00e7ok ki\u015fi taraf\u0131ndan bir geri ad\u0131m olarak g\u00f6r\u00fclebilir. Ancak Rahm, golf kariyerinde bir\u00e7ok \u00e9xito elde etti ve golf d\u00fcnyas\u0131nda b\u00fcy\u00fck bir y\u0131ld\u0131z olarak kabul ediliyor.<br \/>\nLIV Golf&#8217;un olas\u0131 olarak bitebilece\u011fi konu\u015fuluyor ve bir\u00e7ok golf\u00e7u, ne yapaca\u011f\u0131na karar vermeye \u00e7al\u0131\u015f\u0131yor. Jon Rahm&#8217;\u0131n karar\u0131, bir\u00e7ok ki\u015fi taraf\u0131ndan merak ediliyor ve golf d\u00fcnyas\u0131nda b\u00fcy\u00fck bir tart\u0131\u015fma yaratabilir.<\/p>\n","protected":false},"excerpt":{"rendered":"<p>Jon Rahm, 31 ya\u015f\u0131nda, 2023 y\u0131l\u0131nda 300 milyon dolarl\u0131k bir s\u00f6zle\u015fme ile LIV Golf&#8217;a kat\u0131ld\u0131. Bu hareket, daha \u00f6nce b\u00f6yle bir hareketi kamuoyu \u00f6n\u00fcnde reddetmi\u015fti. Ancak \u015fimdi, LIV Golf&#8217;un poss\u00edvel olarak bitebilece\u011fi konu\u015fuluyor. Bu durumda Jon Rahm&#8217;\u0131n sadece bir se\u00e7enek kalabilir: geri d\u00f6n\u00fcp PGA Tour&#8217;a kat\u0131lmak. Bu hareket, bir\u00e7ok ki\u015fi taraf\u0131ndan Rahm&#8217;\u0131n kariyerinde bir geri [&hellip;]<\/p>\n","protected":false},"author":3,"featured_media":478,"comment_status":"open","ping_status":"open","sticky":false,"template":"","format":"standard","meta":{"googlesitekit_rrm_CAow15e3DA:productID":"","_coblocks_attr":"","_coblocks_dimensions":"","_coblocks_responsive_height":"","_coblocks_accordion_ie_support":"","_ai_summary":"Jon Rahm, 300 milyon dolarl\u0131k bir s\u00f6zle\u015fme ile LIV Golf'a kat\u0131ld\u0131.\nLIV Golf'un olas\u0131 olarak bitebilece\u011fi konu\u015fuluyor ve Rahm'\u0131n ne yapaca\u011f\u0131 merak ediliyor.\nRahm'\u0131n PGA Tour'a geri d\u00f6nme karar\u0131, bir\u00e7ok ki\u015fi taraf\u0131ndan bir geri ad\u0131m olarak g\u00f6r\u00fclebilir.","_external_image_url":"https:\/\/nypost.com\/wp-content\/uploads\/sites\/2\/2026\/04\/newspress-collage-d236fq9eo-1777560299043.jpg?quality=75&strip=all&1777546028&w=1200","footnotes":""},"categories":[1],"tags":[],"class_list":["post-477","post","type-post","status-publish","format-standard","has-post-thumbnail","hentry","category-arsiv"],"yoast_head":"<!-- This site is optimized with the Yoast SEO plugin v27.5 - https:\/\/yoast.com\/product\/yoast-seo-wordpress\/ -->\n<title>Jon Rahm&#039;\u0131n LIV Golf \u0130le \u0130lgili Humiliating Se\u00e7ene\u011fi - Tralleskop<\/title>\n<meta name=\"robots\" content=\"index, follow, max-snippet:-1, max-image-preview:large, max-video-preview:-1\" \/>\n<link rel=\"canonical\" href=\"https:\/\/tralleskop.com\/index.php\/2026\/05\/01\/jon-rahmin-liv-golf-ile-ilgili-humiliating-secenegi\/\" \/>\n<meta property=\"og:locale\" content=\"tr_TR\" \/>\n<meta property=\"og:type\" content=\"article\" \/>\n<meta property=\"og:title\" content=\"Jon Rahm&#039;\u0131n LIV Golf \u0130le \u0130lgili Humiliating Se\u00e7ene\u011fi - Tralleskop\" \/>\n<meta property=\"og:description\" content=\"Jon Rahm, 31 ya\u015f\u0131nda, 2023 y\u0131l\u0131nda 300 milyon dolarl\u0131k bir s\u00f6zle\u015fme ile LIV Golf&#8217;a kat\u0131ld\u0131. Bu hareket, daha \u00f6nce b\u00f6yle bir hareketi kamuoyu \u00f6n\u00fcnde reddetmi\u015fti. Ancak \u015fimdi, LIV Golf&#8217;un poss\u00edvel olarak bitebilece\u011fi konu\u015fuluyor. Bu durumda Jon Rahm&#8217;\u0131n sadece bir se\u00e7enek kalabilir: geri d\u00f6n\u00fcp PGA Tour&#8217;a kat\u0131lmak. Bu hareket, bir\u00e7ok ki\u015fi taraf\u0131ndan Rahm&#8217;\u0131n kariyerinde bir geri [&hellip;]\" \/>\n<meta property=\"og:url\" content=\"https:\/\/tralleskop.com\/index.php\/2026\/05\/01\/jon-rahmin-liv-golf-ile-ilgili-humiliating-secenegi\/\" \/>\n<meta property=\"og:site_name\" content=\"Tralleskop\" \/>\n<meta property=\"article:published_time\" content=\"2026-05-01T17:30:10+00:00\" \/>\n<meta name=\"author\" content=\"Yapay Zeka\" \/>\n<meta name=\"twitter:card\" content=\"summary_large_image\" \/>\n<meta name=\"twitter:label1\" content=\"Yazan:\" \/>\n\t<meta name=\"twitter:data1\" content=\"Yapay Zeka\" \/>\n\t<meta name=\"twitter:label2\" content=\"Tahmini okuma s\u00fcresi\" \/>\n\t<meta name=\"twitter:data2\" content=\"2 dakika\" \/>\n<script type=\"application\/ld+json\" class=\"yoast-schema-graph\">{\"@context\":\"https:\\\/\\\/schema.org\",\"@graph\":[{\"@type\":\"Article\",\"@id\":\"https:\\\/\\\/tralleskop.com\\\/index.php\\\/2026\\\/05\\\/01\\\/jon-rahmin-liv-golf-ile-ilgili-humiliating-secenegi\\\/#article\",\"isPartOf\":{\"@id\":\"https:\\\/\\\/tralleskop.com\\\/index.php\\\/2026\\\/05\\\/01\\\/jon-rahmin-liv-golf-ile-ilgili-humiliating-secenegi\\\/\"},\"author\":{\"name\":\"Yapay Zeka\",\"@id\":\"https:\\\/\\\/tralleskop.com\\\/#\\\/schema\\\/person\\\/07eabec51c3edefcb97f005e5a24dc85\"},\"headline\":\"Jon Rahm&#8217;\u0131n LIV Golf \u0130le \u0130lgili Humiliating Se\u00e7ene\u011fi\",\"datePublished\":\"2026-05-01T17:30:10+00:00\",\"mainEntityOfPage\":{\"@id\":\"https:\\\/\\\/tralleskop.com\\\/index.php\\\/2026\\\/05\\\/01\\\/jon-rahmin-liv-golf-ile-ilgili-humiliating-secenegi\\\/\"},\"wordCount\":463,\"commentCount\":0,\"publisher\":{\"@id\":\"https:\\\/\\\/tralleskop.com\\\/#organization\"},\"image\":{\"@id\":\"https:\\\/\\\/tralleskop.com\\\/index.php\\\/2026\\\/05\\\/01\\\/jon-rahmin-liv-golf-ile-ilgili-humiliating-secenegi\\\/#primaryimage\"},\"thumbnailUrl\":\"https:\\\/\\\/tralleskop.com\\\/wp-content\\\/uploads\\\/2026\\\/05\\\/newspress-collage-d236fq9eo-1777560299043.jpg.jpg\",\"articleSection\":[\"Ar\u015fiv\"],\"inLanguage\":\"tr\",\"potentialAction\":[{\"@type\":\"CommentAction\",\"name\":\"Comment\",\"target\":[\"https:\\\/\\\/tralleskop.com\\\/index.php\\\/2026\\\/05\\\/01\\\/jon-rahmin-liv-golf-ile-ilgili-humiliating-secenegi\\\/#respond\"]}]},{\"@type\":\"WebPage\",\"@id\":\"https:\\\/\\\/tralleskop.com\\\/index.php\\\/2026\\\/05\\\/01\\\/jon-rahmin-liv-golf-ile-ilgili-humiliating-secenegi\\\/\",\"url\":\"https:\\\/\\\/tralleskop.com\\\/index.php\\\/2026\\\/05\\\/01\\\/jon-rahmin-liv-golf-ile-ilgili-humiliating-secenegi\\\/\",\"name\":\"Jon Rahm'\u0131n LIV Golf \u0130le \u0130lgili Humiliating Se\u00e7ene\u011fi - Tralleskop\",\"isPartOf\":{\"@id\":\"https:\\\/\\\/tralleskop.com\\\/#website\"},\"primaryImageOfPage\":{\"@id\":\"https:\\\/\\\/tralleskop.com\\\/index.php\\\/2026\\\/05\\\/01\\\/jon-rahmin-liv-golf-ile-ilgili-humiliating-secenegi\\\/#primaryimage\"},\"image\":{\"@id\":\"https:\\\/\\\/tralleskop.com\\\/index.php\\\/2026\\\/05\\\/01\\\/jon-rahmin-liv-golf-ile-ilgili-humiliating-secenegi\\\/#primaryimage\"},\"thumbnailUrl\":\"https:\\\/\\\/tralleskop.com\\\/wp-content\\\/uploads\\\/2026\\\/05\\\/newspress-collage-d236fq9eo-1777560299043.jpg.jpg\",\"datePublished\":\"2026-05-01T17:30:10+00:00\",\"breadcrumb\":{\"@id\":\"https:\\\/\\\/tralleskop.com\\\/index.php\\\/2026\\\/05\\\/01\\\/jon-rahmin-liv-golf-ile-ilgili-humiliating-secenegi\\\/#breadcrumb\"},\"inLanguage\":\"tr\",\"potentialAction\":[{\"@type\":\"ReadAction\",\"target\":[\"https:\\\/\\\/tralleskop.com\\\/index.php\\\/2026\\\/05\\\/01\\\/jon-rahmin-liv-golf-ile-ilgili-humiliating-secenegi\\\/\"]}]},{\"@type\":\"ImageObject\",\"inLanguage\":\"tr\",\"@id\":\"https:\\\/\\\/tralleskop.com\\\/index.php\\\/2026\\\/05\\\/01\\\/jon-rahmin-liv-golf-ile-ilgili-humiliating-secenegi\\\/#primaryimage\",\"url\":\"https:\\\/\\\/tralleskop.com\\\/wp-content\\\/uploads\\\/2026\\\/05\\\/newspress-collage-d236fq9eo-1777560299043.jpg.jpg\",\"contentUrl\":\"https:\\\/\\\/tralleskop.com\\\/wp-content\\\/uploads\\\/2026\\\/05\\\/newspress-collage-d236fq9eo-1777560299043.jpg.jpg\",\"width\":1200,\"height\":799},{\"@type\":\"BreadcrumbList\",\"@id\":\"https:\\\/\\\/tralleskop.com\\\/index.php\\\/2026\\\/05\\\/01\\\/jon-rahmin-liv-golf-ile-ilgili-humiliating-secenegi\\\/#breadcrumb\",\"itemListElement\":[{\"@type\":\"ListItem\",\"position\":1,\"name\":\"Anasayfa\",\"item\":\"https:\\\/\\\/tralleskop.com\\\/\"},{\"@type\":\"ListItem\",\"position\":2,\"name\":\"Jon Rahm&#8217;\u0131n LIV Golf \u0130le \u0130lgili Humiliating Se\u00e7ene\u011fi\"}]},{\"@type\":\"WebSite\",\"@id\":\"https:\\\/\\\/tralleskop.com\\\/#website\",\"url\":\"https:\\\/\\\/tralleskop.com\\\/\",\"name\":\"Tralleskop\",\"description\":\"\",\"publisher\":{\"@id\":\"https:\\\/\\\/tralleskop.com\\\/#organization\"},\"potentialAction\":[{\"@type\":\"SearchAction\",\"target\":{\"@type\":\"EntryPoint\",\"urlTemplate\":\"https:\\\/\\\/tralleskop.com\\\/?s={search_term_string}\"},\"query-input\":{\"@type\":\"PropertyValueSpecification\",\"valueRequired\":true,\"valueName\":\"search_term_string\"}}],\"inLanguage\":\"tr\"},{\"@type\":\"Organization\",\"@id\":\"https:\\\/\\\/tralleskop.com\\\/#organization\",\"name\":\"Tralleskop\",\"url\":\"https:\\\/\\\/tralleskop.com\\\/\",\"logo\":{\"@type\":\"ImageObject\",\"inLanguage\":\"tr\",\"@id\":\"https:\\\/\\\/tralleskop.com\\\/#\\\/schema\\\/logo\\\/image\\\/\",\"url\":\"https:\\\/\\\/tralleskop.com\\\/wp-content\\\/uploads\\\/2026\\\/03\\\/logo-1.png\",\"contentUrl\":\"https:\\\/\\\/tralleskop.com\\\/wp-content\\\/uploads\\\/2026\\\/03\\\/logo-1.png\",\"width\":2048,\"height\":2048,\"caption\":\"Tralleskop\"},\"image\":{\"@id\":\"https:\\\/\\\/tralleskop.com\\\/#\\\/schema\\\/logo\\\/image\\\/\"},\"sameAs\":[\"https:\\\/\\\/instagram.com\\\/tralleskop\"]},{\"@type\":\"Person\",\"@id\":\"https:\\\/\\\/tralleskop.com\\\/#\\\/schema\\\/person\\\/07eabec51c3edefcb97f005e5a24dc85\",\"name\":\"Yapay Zeka\",\"image\":{\"@type\":\"ImageObject\",\"inLanguage\":\"tr\",\"@id\":\"https:\\\/\\\/secure.gravatar.com\\\/avatar\\\/e77edf5bd5f891271e5db451c58207840f707caf056fe282ae8443fe299d6b9c?s=96&d=mm&r=g\",\"url\":\"https:\\\/\\\/secure.gravatar.com\\\/avatar\\\/e77edf5bd5f891271e5db451c58207840f707caf056fe282ae8443fe299d6b9c?s=96&d=mm&r=g\",\"contentUrl\":\"https:\\\/\\\/secure.gravatar.com\\\/avatar\\\/e77edf5bd5f891271e5db451c58207840f707caf056fe282ae8443fe299d6b9c?s=96&d=mm&r=g\",\"caption\":\"Yapay Zeka\"},\"url\":\"https:\\\/\\\/tralleskop.com\\\/index.php\\\/author\\\/yapayzeka\\\/\"}]}<\/script>\n<!-- \/ Yoast SEO plugin. -->","yoast_head_json":{"title":"Jon Rahm'\u0131n LIV Golf \u0130le \u0130lgili Humiliating Se\u00e7ene\u011fi - Tralleskop","robots":{"index":"index","follow":"follow","max-snippet":"max-snippet:-1","max-image-preview":"max-image-preview:large","max-video-preview":"max-video-preview:-1"},"canonical":"https:\/\/tralleskop.com\/index.php\/2026\/05\/01\/jon-rahmin-liv-golf-ile-ilgili-humiliating-secenegi\/","og_locale":"tr_TR","og_type":"article","og_title":"Jon Rahm'\u0131n LIV Golf \u0130le \u0130lgili Humiliating Se\u00e7ene\u011fi - Tralleskop","og_description":"Jon Rahm, 31 ya\u015f\u0131nda, 2023 y\u0131l\u0131nda 300 milyon dolarl\u0131k bir s\u00f6zle\u015fme ile LIV Golf&#8217;a kat\u0131ld\u0131. Bu hareket, daha \u00f6nce b\u00f6yle bir hareketi kamuoyu \u00f6n\u00fcnde reddetmi\u015fti. Ancak \u015fimdi, LIV Golf&#8217;un poss\u00edvel olarak bitebilece\u011fi konu\u015fuluyor. Bu durumda Jon Rahm&#8217;\u0131n sadece bir se\u00e7enek kalabilir: geri d\u00f6n\u00fcp PGA Tour&#8217;a kat\u0131lmak. Bu hareket, bir\u00e7ok ki\u015fi taraf\u0131ndan Rahm&#8217;\u0131n kariyerinde bir geri [&hellip;]","og_url":"https:\/\/tralleskop.com\/index.php\/2026\/05\/01\/jon-rahmin-liv-golf-ile-ilgili-humiliating-secenegi\/","og_site_name":"Tralleskop","article_published_time":"2026-05-01T17:30:10+00:00","author":"Yapay Zeka","twitter_card":"summary_large_image","twitter_misc":{"Yazan:":"Yapay Zeka","Tahmini okuma s\u00fcresi":"2 dakika"},"schema":{"@context":"https:\/\/schema.org","@graph":[{"@type":"Article","@id":"https:\/\/tralleskop.com\/index.php\/2026\/05\/01\/jon-rahmin-liv-golf-ile-ilgili-humiliating-secenegi\/#article","isPartOf":{"@id":"https:\/\/tralleskop.com\/index.php\/2026\/05\/01\/jon-rahmin-liv-golf-ile-ilgili-humiliating-secenegi\/"},"author":{"name":"Yapay Zeka","@id":"https:\/\/tralleskop.com\/#\/schema\/person\/07eabec51c3edefcb97f005e5a24dc85"},"headline":"Jon Rahm&#8217;\u0131n LIV Golf \u0130le \u0130lgili Humiliating Se\u00e7ene\u011fi","datePublished":"2026-05-01T17:30:10+00:00","mainEntityOfPage":{"@id":"https:\/\/tralleskop.com\/index.php\/2026\/05\/01\/jon-rahmin-liv-golf-ile-ilgili-humiliating-secenegi\/"},"wordCount":463,"commentCount":0,"publisher":{"@id":"https:\/\/tralleskop.com\/#organization"},"image":{"@id":"https:\/\/tralleskop.com\/index.php\/2026\/05\/01\/jon-rahmin-liv-golf-ile-ilgili-humiliating-secenegi\/#primaryimage"},"thumbnailUrl":"https:\/\/tralleskop.com\/wp-content\/uploads\/2026\/05\/newspress-collage-d236fq9eo-1777560299043.jpg.jpg","articleSection":["Ar\u015fiv"],"inLanguage":"tr","potentialAction":[{"@type":"CommentAction","name":"Comment","target":["https:\/\/tralleskop.com\/index.php\/2026\/05\/01\/jon-rahmin-liv-golf-ile-ilgili-humiliating-secenegi\/#respond"]}]},{"@type":"WebPage","@id":"https:\/\/tralleskop.com\/index.php\/2026\/05\/01\/jon-rahmin-liv-golf-ile-ilgili-humiliating-secenegi\/","url":"https:\/\/tralleskop.com\/index.php\/2026\/05\/01\/jon-rahmin-liv-golf-ile-ilgili-humiliating-secenegi\/","name":"Jon Rahm'\u0131n LIV Golf \u0130le \u0130lgili Humiliating Se\u00e7ene\u011fi - Tralleskop","isPartOf":{"@id":"https:\/\/tralleskop.com\/#website"},"primaryImageOfPage":{"@id":"https:\/\/tralleskop.com\/index.php\/2026\/05\/01\/jon-rahmin-liv-golf-ile-ilgili-humiliating-secenegi\/#primaryimage"},"image":{"@id":"https:\/\/tralleskop.com\/index.php\/2026\/05\/01\/jon-rahmin-liv-golf-ile-ilgili-humiliating-secenegi\/#primaryimage"},"thumbnailUrl":"https:\/\/tralleskop.com\/wp-content\/uploads\/2026\/05\/newspress-collage-d236fq9eo-1777560299043.jpg.jpg","datePublished":"2026-05-01T17:30:10+00:00","breadcrumb":{"@id":"https:\/\/tralleskop.com\/index.php\/2026\/05\/01\/jon-rahmin-liv-golf-ile-ilgili-humiliating-secenegi\/#breadcrumb"},"inLanguage":"tr","potentialAction":[{"@type":"ReadAction","target":["https:\/\/tralleskop.com\/index.php\/2026\/05\/01\/jon-rahmin-liv-golf-ile-ilgili-humiliating-secenegi\/"]}]},{"@type":"ImageObject","inLanguage":"tr","@id":"https:\/\/tralleskop.com\/index.php\/2026\/05\/01\/jon-rahmin-liv-golf-ile-ilgili-humiliating-secenegi\/#primaryimage","url":"https:\/\/tralleskop.com\/wp-content\/uploads\/2026\/05\/newspress-collage-d236fq9eo-1777560299043.jpg.jpg","contentUrl":"https:\/\/tralleskop.com\/wp-content\/uploads\/2026\/05\/newspress-collage-d236fq9eo-1777560299043.jpg.jpg","width":1200,"height":799},{"@type":"BreadcrumbList","@id":"https:\/\/tralleskop.com\/index.php\/2026\/05\/01\/jon-rahmin-liv-golf-ile-ilgili-humiliating-secenegi\/#breadcrumb","itemListElement":[{"@type":"ListItem","position":1,"name":"Anasayfa","item":"https:\/\/tralleskop.com\/"},{"@type":"ListItem","position":2,"name":"Jon Rahm&#8217;\u0131n LIV Golf \u0130le \u0130lgili Humiliating Se\u00e7ene\u011fi"}]},{"@type":"WebSite","@id":"https:\/\/tralleskop.com\/#website","url":"https:\/\/tralleskop.com\/","name":"Tralleskop","description":"","publisher":{"@id":"https:\/\/tralleskop.com\/#organization"},"potentialAction":[{"@type":"SearchAction","target":{"@type":"EntryPoint","urlTemplate":"https:\/\/tralleskop.com\/?s={search_term_string}"},"query-input":{"@type":"PropertyValueSpecification","valueRequired":true,"valueName":"search_term_string"}}],"inLanguage":"tr"},{"@type":"Organization","@id":"https:\/\/tralleskop.com\/#organization","name":"Tralleskop","url":"https:\/\/tralleskop.com\/","logo":{"@type":"ImageObject","inLanguage":"tr","@id":"https:\/\/tralleskop.com\/#\/schema\/logo\/image\/","url":"https:\/\/tralleskop.com\/wp-content\/uploads\/2026\/03\/logo-1.png","contentUrl":"https:\/\/tralleskop.com\/wp-content\/uploads\/2026\/03\/logo-1.png","width":2048,"height":2048,"caption":"Tralleskop"},"image":{"@id":"https:\/\/tralleskop.com\/#\/schema\/logo\/image\/"},"sameAs":["https:\/\/instagram.com\/tralleskop"]},{"@type":"Person","@id":"https:\/\/tralleskop.com\/#\/schema\/person\/07eabec51c3edefcb97f005e5a24dc85","name":"Yapay Zeka","image":{"@type":"ImageObject","inLanguage":"tr","@id":"https:\/\/secure.gravatar.com\/avatar\/e77edf5bd5f891271e5db451c58207840f707caf056fe282ae8443fe299d6b9c?s=96&d=mm&r=g","url":"https:\/\/secure.gravatar.com\/avatar\/e77edf5bd5f891271e5db451c58207840f707caf056fe282ae8443fe299d6b9c?s=96&d=mm&r=g","contentUrl":"https:\/\/secure.gravatar.com\/avatar\/e77edf5bd5f891271e5db451c58207840f707caf056fe282ae8443fe299d6b9c?s=96&d=mm&r=g","caption":"Yapay Zeka"},"url":"https:\/\/tralleskop.com\/index.php\/author\/yapayzeka\/"}]}},"jetpack_featured_media_url":"https:\/\/tralleskop.com\/wp-content\/uploads\/2026\/05\/newspress-collage-d236fq9eo-1777560299043.jpg.jpg","_links":{"self":[{"href":"https:\/\/tralleskop.com\/index.php\/wp-json\/wp\/v2\/posts\/477","targetHints":{"allow":["GET"]}}],"collection":[{"href":"https:\/\/tralleskop.com\/index.php\/wp-json\/wp\/v2\/posts"}],"about":[{"href":"https:\/\/tralleskop.com\/index.php\/wp-json\/wp\/v2\/types\/post"}],"author":[{"embeddable":true,"href":"https:\/\/tralleskop.com\/index.php\/wp-json\/wp\/v2\/users\/3"}],"replies":[{"embeddable":true,"href":"https:\/\/tralleskop.com\/index.php\/wp-json\/wp\/v2\/comments?post=477"}],"version-history":[{"count":0,"href":"https:\/\/tralleskop.com\/index.php\/wp-json\/wp\/v2\/posts\/477\/revisions"}],"wp:featuredmedia":[{"embeddable":true,"href":"https:\/\/tralleskop.com\/index.php\/wp-json\/wp\/v2\/media\/478"}],"wp:attachment":[{"href":"https:\/\/tralleskop.com\/index.php\/wp-json\/wp\/v2\/media?parent=477"}],"wp:term":[{"taxonomy":"category","embeddable":true,"href":"https:\/\/tralleskop.com\/index.php\/wp-json\/wp\/v2\/categories?post=477"},{"taxonomy":"post_tag","embeddable":true,"href":"https:\/\/tralleskop.com\/index.php\/wp-json\/wp\/v2\/tags?post=477"}],"curies":[{"name":"wp","href":"https:\/\/api.w.org\/{rel}","templated":true}]}}