{"id":475,"date":"2026-05-01T20:30:07","date_gmt":"2026-05-01T17:30:07","guid":{"rendered":"https:\/\/tralleskop.com\/index.php\/2026\/05\/01\/louisiana-kongre-primlerine-yuksek-mahkeme-karari-sonrasi-arada-bir-duraklama\/"},"modified":"2026-05-01T20:30:07","modified_gmt":"2026-05-01T17:30:07","slug":"louisiana-kongre-primlerine-yuksek-mahkeme-karari-sonrasi-arada-bir-duraklama","status":"publish","type":"post","link":"https:\/\/tralleskop.com\/index.php\/2026\/05\/01\/louisiana-kongre-primlerine-yuksek-mahkeme-karari-sonrasi-arada-bir-duraklama\/","title":{"rendered":"Louisiana Kongre Primlerine Y\u00fcksek Mahkeme Karar\u0131 Sonras\u0131 Arada Bir Duraklama"},"content":{"rendered":"<p>Louisiana&#8217;n\u0131n \u00fcst d\u00fczey yetkilileri, eyaletin Kongre primlerinin May\u0131s ay\u0131nda planland\u0131\u011f\u0131 gibi ger\u00e7ekle\u015ftirilmeyece\u011fini a\u00e7\u0131klad\u0131. Bu durum, ABD Y\u00fcksek Mahkemesi&#8217;nin bir karar\u0131n\u0131n ard\u0131ndan ger\u00e7ekle\u015fti. Y\u00fcksek Mahkeme, \u00e7o\u011funlu\u011fu Siyah olan bir Kongre b\u00f6lgesini iptal etti. Cumhuriyet\u00e7i Vali, bu karar\u0131n ard\u0131ndan eyaletin siyasi haritas\u0131n\u0131n yeniden d\u00fczenlenmesi gerekti\u011fini a\u00e7\u0131klad\u0131.<\/p>\n<p>Bu karar, Louisiana&#8217;daki siyasl haritan\u0131n \u00f6nemli bir \u015fekilde de\u011fi\u015fmesine neden olabilir. Siyah se\u00e7menlerin \u00e7o\u011funlukta oldu\u011fu bir Kongre b\u00f6lgesinin iptal edilmesi, eyaletteki siyasi dengeleri etkileyebilir. Kongre primlerinin ertelenmesi, siyasi partilerin ve adaylar\u0131n strategylerini yeniden de\u011ferlendirmelerine neden olabilir.<\/p>\n<p>Y\u00fcksek Mahkeme&#8217;nin karar\u0131, Louisiana&#8217;daki siyasi processo \u00fczerindeki etki\u011fini g\u00f6steriyor. Siyasi partiler ve adaylar, bu karar\u0131n ard\u0131ndan yeni bir strategy geli\u015ftirmek zorunda kalabilirler. Bu durum, eyaletteki se\u00e7menleri ve siyasi s\u00fcreci yak\u0131n takip etmek ad\u0131na \u00f6nemli bir geli\u015fme olarak g\u00f6r\u00fclebilir.<\/p>\n<p>Louisiana&#8217;da Kongre Primlerinin ertelenmesi, siyasi partiler ve adaylar i\u00e7in \u00f6nemli bir challenge olabilir. Bu durum, siyasi stratejilerin yeniden de\u011ferlendirilmesini gerektirebilir. Siyasi partiler, bu karar\u0131n ard\u0131ndan yeni bir plan geli\u015ftirmek zorunda kalabilirler.<\/p>\n<p>Y\u00fcksek Mahkeme&#8217;nin karar\u0131, ABD&#8217;deki siyasi proceso \u00fczerindeki etkisini g\u00f6steriyor. Louisiana&#8217;da ya\u015fanan bu geli\u015fme, ABD&#8217;nin di\u011fer eyaletlerinde de benzer kararlar\u0131n al\u0131nmas\u0131na yol a\u00e7abilir. Bu durum, siyasi partiler, adaylar ve se\u00e7menler i\u00e7in \u00f6nemli bir geli\u015fme olarak g\u00f6r\u00fclebilir.<\/p>\n<p>Bu geli\u015fmeler, Louisiana&#8217;daki siyasi processo \u00fczerindeki etkisini g\u00f6steriyor. Siyasi partiler, adaylar ve se\u00e7menler, bu karar\u0131n ard\u0131ndan yeni bir strategy geli\u015ftirmek zorunda kalabilirler. Louisiana&#8217;da Kongre Primlerinin ertelenmesi, siyasi partiler ve adaylar i\u00e7in \u00f6nemli bir challenge olabilir.<\/p>\n","protected":false},"excerpt":{"rendered":"<p>Louisiana&#8217;n\u0131n \u00fcst d\u00fczey yetkilileri, eyaletin Kongre primlerinin May\u0131s ay\u0131nda planland\u0131\u011f\u0131 gibi ger\u00e7ekle\u015ftirilmeyece\u011fini a\u00e7\u0131klad\u0131. Bu durum, ABD Y\u00fcksek Mahkemesi&#8217;nin bir karar\u0131n\u0131n ard\u0131ndan ger\u00e7ekle\u015fti. Y\u00fcksek Mahkeme, \u00e7o\u011funlu\u011fu Siyah olan bir Kongre b\u00f6lgesini iptal etti. Cumhuriyet\u00e7i Vali, bu karar\u0131n ard\u0131ndan eyaletin siyasi haritas\u0131n\u0131n yeniden d\u00fczenlenmesi gerekti\u011fini a\u00e7\u0131klad\u0131. Bu karar, Louisiana&#8217;daki siyasl haritan\u0131n \u00f6nemli bir \u015fekilde de\u011fi\u015fmesine neden olabilir. [&hellip;]<\/p>\n","protected":false},"author":3,"featured_media":476,"comment_status":"open","ping_status":"open","sticky":false,"template":"","format":"standard","meta":{"googlesitekit_rrm_CAow15e3DA:productID":"","_coblocks_attr":"","_coblocks_dimensions":"","_coblocks_responsive_height":"","_coblocks_accordion_ie_support":"","_ai_summary":"","_external_image_url":"","footnotes":""},"categories":[22],"tags":[],"class_list":["post-475","post","type-post","status-publish","format-standard","has-post-thumbnail","hentry","category-gundem"],"yoast_head":"<!-- This site is optimized with the Yoast SEO plugin v27.5 - https:\/\/yoast.com\/product\/yoast-seo-wordpress\/ -->\n<title>Louisiana Kongre Primlerine Y\u00fcksek Mahkeme Karar\u0131 Sonras\u0131 Arada Bir Duraklama - Tralleskop<\/title>\n<meta name=\"robots\" content=\"index, follow, max-snippet:-1, max-image-preview:large, max-video-preview:-1\" \/>\n<link rel=\"canonical\" href=\"https:\/\/tralleskop.com\/index.php\/2026\/05\/01\/louisiana-kongre-primlerine-yuksek-mahkeme-karari-sonrasi-arada-bir-duraklama\/\" \/>\n<meta property=\"og:locale\" content=\"tr_TR\" \/>\n<meta property=\"og:type\" content=\"article\" \/>\n<meta property=\"og:title\" content=\"Louisiana Kongre Primlerine Y\u00fcksek Mahkeme Karar\u0131 Sonras\u0131 Arada Bir Duraklama - Tralleskop\" \/>\n<meta property=\"og:description\" content=\"Louisiana&#8217;n\u0131n \u00fcst d\u00fczey yetkilileri, eyaletin Kongre primlerinin May\u0131s ay\u0131nda planland\u0131\u011f\u0131 gibi ger\u00e7ekle\u015ftirilmeyece\u011fini a\u00e7\u0131klad\u0131. Bu durum, ABD Y\u00fcksek Mahkemesi&#8217;nin bir karar\u0131n\u0131n ard\u0131ndan ger\u00e7ekle\u015fti. Y\u00fcksek Mahkeme, \u00e7o\u011funlu\u011fu Siyah olan bir Kongre b\u00f6lgesini iptal etti. Cumhuriyet\u00e7i Vali, bu karar\u0131n ard\u0131ndan eyaletin siyasi haritas\u0131n\u0131n yeniden d\u00fczenlenmesi gerekti\u011fini a\u00e7\u0131klad\u0131. Bu karar, Louisiana&#8217;daki siyasl haritan\u0131n \u00f6nemli bir \u015fekilde de\u011fi\u015fmesine neden olabilir. [&hellip;]\" \/>\n<meta property=\"og:url\" content=\"https:\/\/tralleskop.com\/index.php\/2026\/05\/01\/louisiana-kongre-primlerine-yuksek-mahkeme-karari-sonrasi-arada-bir-duraklama\/\" \/>\n<meta property=\"og:site_name\" content=\"Tralleskop\" \/>\n<meta property=\"article:published_time\" content=\"2026-05-01T17:30:07+00:00\" \/>\n<meta name=\"author\" content=\"Yapay Zeka\" \/>\n<meta name=\"twitter:card\" content=\"summary_large_image\" \/>\n<meta name=\"twitter:label1\" content=\"Yazan:\" \/>\n\t<meta name=\"twitter:data1\" content=\"Yapay Zeka\" \/>\n\t<meta name=\"twitter:label2\" content=\"Tahmini okuma s\u00fcresi\" \/>\n\t<meta name=\"twitter:data2\" content=\"1 dakika\" \/>\n<script type=\"application\/ld+json\" class=\"yoast-schema-graph\">{\"@context\":\"https:\\\/\\\/schema.org\",\"@graph\":[{\"@type\":\"Article\",\"@id\":\"https:\\\/\\\/tralleskop.com\\\/index.php\\\/2026\\\/05\\\/01\\\/louisiana-kongre-primlerine-yuksek-mahkeme-karari-sonrasi-arada-bir-duraklama\\\/#article\",\"isPartOf\":{\"@id\":\"https:\\\/\\\/tralleskop.com\\\/index.php\\\/2026\\\/05\\\/01\\\/louisiana-kongre-primlerine-yuksek-mahkeme-karari-sonrasi-arada-bir-duraklama\\\/\"},\"author\":{\"name\":\"Yapay Zeka\",\"@id\":\"https:\\\/\\\/tralleskop.com\\\/#\\\/schema\\\/person\\\/07eabec51c3edefcb97f005e5a24dc85\"},\"headline\":\"Louisiana Kongre Primlerine Y\u00fcksek Mahkeme Karar\u0131 Sonras\u0131 Arada Bir Duraklama\",\"datePublished\":\"2026-05-01T17:30:07+00:00\",\"mainEntityOfPage\":{\"@id\":\"https:\\\/\\\/tralleskop.com\\\/index.php\\\/2026\\\/05\\\/01\\\/louisiana-kongre-primlerine-yuksek-mahkeme-karari-sonrasi-arada-bir-duraklama\\\/\"},\"wordCount\":316,\"commentCount\":0,\"publisher\":{\"@id\":\"https:\\\/\\\/tralleskop.com\\\/#organization\"},\"image\":{\"@id\":\"https:\\\/\\\/tralleskop.com\\\/index.php\\\/2026\\\/05\\\/01\\\/louisiana-kongre-primlerine-yuksek-mahkeme-karari-sonrasi-arada-bir-duraklama\\\/#primaryimage\"},\"thumbnailUrl\":\"https:\\\/\\\/tralleskop.com\\\/wp-content\\\/uploads\\\/2026\\\/05\\\/90-1.jpg\",\"articleSection\":[\"G\u00fcndem\"],\"inLanguage\":\"tr\",\"potentialAction\":[{\"@type\":\"CommentAction\",\"name\":\"Comment\",\"target\":[\"https:\\\/\\\/tralleskop.com\\\/index.php\\\/2026\\\/05\\\/01\\\/louisiana-kongre-primlerine-yuksek-mahkeme-karari-sonrasi-arada-bir-duraklama\\\/#respond\"]}]},{\"@type\":\"WebPage\",\"@id\":\"https:\\\/\\\/tralleskop.com\\\/index.php\\\/2026\\\/05\\\/01\\\/louisiana-kongre-primlerine-yuksek-mahkeme-karari-sonrasi-arada-bir-duraklama\\\/\",\"url\":\"https:\\\/\\\/tralleskop.com\\\/index.php\\\/2026\\\/05\\\/01\\\/louisiana-kongre-primlerine-yuksek-mahkeme-karari-sonrasi-arada-bir-duraklama\\\/\",\"name\":\"Louisiana Kongre Primlerine Y\u00fcksek Mahkeme Karar\u0131 Sonras\u0131 Arada Bir Duraklama - Tralleskop\",\"isPartOf\":{\"@id\":\"https:\\\/\\\/tralleskop.com\\\/#website\"},\"primaryImageOfPage\":{\"@id\":\"https:\\\/\\\/tralleskop.com\\\/index.php\\\/2026\\\/05\\\/01\\\/louisiana-kongre-primlerine-yuksek-mahkeme-karari-sonrasi-arada-bir-duraklama\\\/#primaryimage\"},\"image\":{\"@id\":\"https:\\\/\\\/tralleskop.com\\\/index.php\\\/2026\\\/05\\\/01\\\/louisiana-kongre-primlerine-yuksek-mahkeme-karari-sonrasi-arada-bir-duraklama\\\/#primaryimage\"},\"thumbnailUrl\":\"https:\\\/\\\/tralleskop.com\\\/wp-content\\\/uploads\\\/2026\\\/05\\\/90-1.jpg\",\"datePublished\":\"2026-05-01T17:30:07+00:00\",\"breadcrumb\":{\"@id\":\"https:\\\/\\\/tralleskop.com\\\/index.php\\\/2026\\\/05\\\/01\\\/louisiana-kongre-primlerine-yuksek-mahkeme-karari-sonrasi-arada-bir-duraklama\\\/#breadcrumb\"},\"inLanguage\":\"tr\",\"potentialAction\":[{\"@type\":\"ReadAction\",\"target\":[\"https:\\\/\\\/tralleskop.com\\\/index.php\\\/2026\\\/05\\\/01\\\/louisiana-kongre-primlerine-yuksek-mahkeme-karari-sonrasi-arada-bir-duraklama\\\/\"]}]},{\"@type\":\"ImageObject\",\"inLanguage\":\"tr\",\"@id\":\"https:\\\/\\\/tralleskop.com\\\/index.php\\\/2026\\\/05\\\/01\\\/louisiana-kongre-primlerine-yuksek-mahkeme-karari-sonrasi-arada-bir-duraklama\\\/#primaryimage\",\"url\":\"https:\\\/\\\/tralleskop.com\\\/wp-content\\\/uploads\\\/2026\\\/05\\\/90-1.jpg\",\"contentUrl\":\"https:\\\/\\\/tralleskop.com\\\/wp-content\\\/uploads\\\/2026\\\/05\\\/90-1.jpg\",\"width\":980,\"height\":653},{\"@type\":\"BreadcrumbList\",\"@id\":\"https:\\\/\\\/tralleskop.com\\\/index.php\\\/2026\\\/05\\\/01\\\/louisiana-kongre-primlerine-yuksek-mahkeme-karari-sonrasi-arada-bir-duraklama\\\/#breadcrumb\",\"itemListElement\":[{\"@type\":\"ListItem\",\"position\":1,\"name\":\"Anasayfa\",\"item\":\"https:\\\/\\\/tralleskop.com\\\/\"},{\"@type\":\"ListItem\",\"position\":2,\"name\":\"Louisiana Kongre Primlerine Y\u00fcksek Mahkeme Karar\u0131 Sonras\u0131 Arada Bir Duraklama\"}]},{\"@type\":\"WebSite\",\"@id\":\"https:\\\/\\\/tralleskop.com\\\/#website\",\"url\":\"https:\\\/\\\/tralleskop.com\\\/\",\"name\":\"Tralleskop\",\"description\":\"\",\"publisher\":{\"@id\":\"https:\\\/\\\/tralleskop.com\\\/#organization\"},\"potentialAction\":[{\"@type\":\"SearchAction\",\"target\":{\"@type\":\"EntryPoint\",\"urlTemplate\":\"https:\\\/\\\/tralleskop.com\\\/?s={search_term_string}\"},\"query-input\":{\"@type\":\"PropertyValueSpecification\",\"valueRequired\":true,\"valueName\":\"search_term_string\"}}],\"inLanguage\":\"tr\"},{\"@type\":\"Organization\",\"@id\":\"https:\\\/\\\/tralleskop.com\\\/#organization\",\"name\":\"Tralleskop\",\"url\":\"https:\\\/\\\/tralleskop.com\\\/\",\"logo\":{\"@type\":\"ImageObject\",\"inLanguage\":\"tr\",\"@id\":\"https:\\\/\\\/tralleskop.com\\\/#\\\/schema\\\/logo\\\/image\\\/\",\"url\":\"https:\\\/\\\/tralleskop.com\\\/wp-content\\\/uploads\\\/2026\\\/03\\\/logo-1.png\",\"contentUrl\":\"https:\\\/\\\/tralleskop.com\\\/wp-content\\\/uploads\\\/2026\\\/03\\\/logo-1.png\",\"width\":2048,\"height\":2048,\"caption\":\"Tralleskop\"},\"image\":{\"@id\":\"https:\\\/\\\/tralleskop.com\\\/#\\\/schema\\\/logo\\\/image\\\/\"},\"sameAs\":[\"https:\\\/\\\/instagram.com\\\/tralleskop\"]},{\"@type\":\"Person\",\"@id\":\"https:\\\/\\\/tralleskop.com\\\/#\\\/schema\\\/person\\\/07eabec51c3edefcb97f005e5a24dc85\",\"name\":\"Yapay Zeka\",\"image\":{\"@type\":\"ImageObject\",\"inLanguage\":\"tr\",\"@id\":\"https:\\\/\\\/secure.gravatar.com\\\/avatar\\\/e77edf5bd5f891271e5db451c58207840f707caf056fe282ae8443fe299d6b9c?s=96&d=mm&r=g\",\"url\":\"https:\\\/\\\/secure.gravatar.com\\\/avatar\\\/e77edf5bd5f891271e5db451c58207840f707caf056fe282ae8443fe299d6b9c?s=96&d=mm&r=g\",\"contentUrl\":\"https:\\\/\\\/secure.gravatar.com\\\/avatar\\\/e77edf5bd5f891271e5db451c58207840f707caf056fe282ae8443fe299d6b9c?s=96&d=mm&r=g\",\"caption\":\"Yapay Zeka\"},\"url\":\"https:\\\/\\\/tralleskop.com\\\/index.php\\\/author\\\/yapayzeka\\\/\"}]}<\/script>\n<!-- \/ Yoast SEO plugin. -->","yoast_head_json":{"title":"Louisiana Kongre Primlerine Y\u00fcksek Mahkeme Karar\u0131 Sonras\u0131 Arada Bir Duraklama - Tralleskop","robots":{"index":"index","follow":"follow","max-snippet":"max-snippet:-1","max-image-preview":"max-image-preview:large","max-video-preview":"max-video-preview:-1"},"canonical":"https:\/\/tralleskop.com\/index.php\/2026\/05\/01\/louisiana-kongre-primlerine-yuksek-mahkeme-karari-sonrasi-arada-bir-duraklama\/","og_locale":"tr_TR","og_type":"article","og_title":"Louisiana Kongre Primlerine Y\u00fcksek Mahkeme Karar\u0131 Sonras\u0131 Arada Bir Duraklama - Tralleskop","og_description":"Louisiana&#8217;n\u0131n \u00fcst d\u00fczey yetkilileri, eyaletin Kongre primlerinin May\u0131s ay\u0131nda planland\u0131\u011f\u0131 gibi ger\u00e7ekle\u015ftirilmeyece\u011fini a\u00e7\u0131klad\u0131. Bu durum, ABD Y\u00fcksek Mahkemesi&#8217;nin bir karar\u0131n\u0131n ard\u0131ndan ger\u00e7ekle\u015fti. Y\u00fcksek Mahkeme, \u00e7o\u011funlu\u011fu Siyah olan bir Kongre b\u00f6lgesini iptal etti. Cumhuriyet\u00e7i Vali, bu karar\u0131n ard\u0131ndan eyaletin siyasi haritas\u0131n\u0131n yeniden d\u00fczenlenmesi gerekti\u011fini a\u00e7\u0131klad\u0131. Bu karar, Louisiana&#8217;daki siyasl haritan\u0131n \u00f6nemli bir \u015fekilde de\u011fi\u015fmesine neden olabilir. [&hellip;]","og_url":"https:\/\/tralleskop.com\/index.php\/2026\/05\/01\/louisiana-kongre-primlerine-yuksek-mahkeme-karari-sonrasi-arada-bir-duraklama\/","og_site_name":"Tralleskop","article_published_time":"2026-05-01T17:30:07+00:00","author":"Yapay Zeka","twitter_card":"summary_large_image","twitter_misc":{"Yazan:":"Yapay Zeka","Tahmini okuma s\u00fcresi":"1 dakika"},"schema":{"@context":"https:\/\/schema.org","@graph":[{"@type":"Article","@id":"https:\/\/tralleskop.com\/index.php\/2026\/05\/01\/louisiana-kongre-primlerine-yuksek-mahkeme-karari-sonrasi-arada-bir-duraklama\/#article","isPartOf":{"@id":"https:\/\/tralleskop.com\/index.php\/2026\/05\/01\/louisiana-kongre-primlerine-yuksek-mahkeme-karari-sonrasi-arada-bir-duraklama\/"},"author":{"name":"Yapay Zeka","@id":"https:\/\/tralleskop.com\/#\/schema\/person\/07eabec51c3edefcb97f005e5a24dc85"},"headline":"Louisiana Kongre Primlerine Y\u00fcksek Mahkeme Karar\u0131 Sonras\u0131 Arada Bir Duraklama","datePublished":"2026-05-01T17:30:07+00:00","mainEntityOfPage":{"@id":"https:\/\/tralleskop.com\/index.php\/2026\/05\/01\/louisiana-kongre-primlerine-yuksek-mahkeme-karari-sonrasi-arada-bir-duraklama\/"},"wordCount":316,"commentCount":0,"publisher":{"@id":"https:\/\/tralleskop.com\/#organization"},"image":{"@id":"https:\/\/tralleskop.com\/index.php\/2026\/05\/01\/louisiana-kongre-primlerine-yuksek-mahkeme-karari-sonrasi-arada-bir-duraklama\/#primaryimage"},"thumbnailUrl":"https:\/\/tralleskop.com\/wp-content\/uploads\/2026\/05\/90-1.jpg","articleSection":["G\u00fcndem"],"inLanguage":"tr","potentialAction":[{"@type":"CommentAction","name":"Comment","target":["https:\/\/tralleskop.com\/index.php\/2026\/05\/01\/louisiana-kongre-primlerine-yuksek-mahkeme-karari-sonrasi-arada-bir-duraklama\/#respond"]}]},{"@type":"WebPage","@id":"https:\/\/tralleskop.com\/index.php\/2026\/05\/01\/louisiana-kongre-primlerine-yuksek-mahkeme-karari-sonrasi-arada-bir-duraklama\/","url":"https:\/\/tralleskop.com\/index.php\/2026\/05\/01\/louisiana-kongre-primlerine-yuksek-mahkeme-karari-sonrasi-arada-bir-duraklama\/","name":"Louisiana Kongre Primlerine Y\u00fcksek Mahkeme Karar\u0131 Sonras\u0131 Arada Bir Duraklama - Tralleskop","isPartOf":{"@id":"https:\/\/tralleskop.com\/#website"},"primaryImageOfPage":{"@id":"https:\/\/tralleskop.com\/index.php\/2026\/05\/01\/louisiana-kongre-primlerine-yuksek-mahkeme-karari-sonrasi-arada-bir-duraklama\/#primaryimage"},"image":{"@id":"https:\/\/tralleskop.com\/index.php\/2026\/05\/01\/louisiana-kongre-primlerine-yuksek-mahkeme-karari-sonrasi-arada-bir-duraklama\/#primaryimage"},"thumbnailUrl":"https:\/\/tralleskop.com\/wp-content\/uploads\/2026\/05\/90-1.jpg","datePublished":"2026-05-01T17:30:07+00:00","breadcrumb":{"@id":"https:\/\/tralleskop.com\/index.php\/2026\/05\/01\/louisiana-kongre-primlerine-yuksek-mahkeme-karari-sonrasi-arada-bir-duraklama\/#breadcrumb"},"inLanguage":"tr","potentialAction":[{"@type":"ReadAction","target":["https:\/\/tralleskop.com\/index.php\/2026\/05\/01\/louisiana-kongre-primlerine-yuksek-mahkeme-karari-sonrasi-arada-bir-duraklama\/"]}]},{"@type":"ImageObject","inLanguage":"tr","@id":"https:\/\/tralleskop.com\/index.php\/2026\/05\/01\/louisiana-kongre-primlerine-yuksek-mahkeme-karari-sonrasi-arada-bir-duraklama\/#primaryimage","url":"https:\/\/tralleskop.com\/wp-content\/uploads\/2026\/05\/90-1.jpg","contentUrl":"https:\/\/tralleskop.com\/wp-content\/uploads\/2026\/05\/90-1.jpg","width":980,"height":653},{"@type":"BreadcrumbList","@id":"https:\/\/tralleskop.com\/index.php\/2026\/05\/01\/louisiana-kongre-primlerine-yuksek-mahkeme-karari-sonrasi-arada-bir-duraklama\/#breadcrumb","itemListElement":[{"@type":"ListItem","position":1,"name":"Anasayfa","item":"https:\/\/tralleskop.com\/"},{"@type":"ListItem","position":2,"name":"Louisiana Kongre Primlerine Y\u00fcksek Mahkeme Karar\u0131 Sonras\u0131 Arada Bir Duraklama"}]},{"@type":"WebSite","@id":"https:\/\/tralleskop.com\/#website","url":"https:\/\/tralleskop.com\/","name":"Tralleskop","description":"","publisher":{"@id":"https:\/\/tralleskop.com\/#organization"},"potentialAction":[{"@type":"SearchAction","target":{"@type":"EntryPoint","urlTemplate":"https:\/\/tralleskop.com\/?s={search_term_string}"},"query-input":{"@type":"PropertyValueSpecification","valueRequired":true,"valueName":"search_term_string"}}],"inLanguage":"tr"},{"@type":"Organization","@id":"https:\/\/tralleskop.com\/#organization","name":"Tralleskop","url":"https:\/\/tralleskop.com\/","logo":{"@type":"ImageObject","inLanguage":"tr","@id":"https:\/\/tralleskop.com\/#\/schema\/logo\/image\/","url":"https:\/\/tralleskop.com\/wp-content\/uploads\/2026\/03\/logo-1.png","contentUrl":"https:\/\/tralleskop.com\/wp-content\/uploads\/2026\/03\/logo-1.png","width":2048,"height":2048,"caption":"Tralleskop"},"image":{"@id":"https:\/\/tralleskop.com\/#\/schema\/logo\/image\/"},"sameAs":["https:\/\/instagram.com\/tralleskop"]},{"@type":"Person","@id":"https:\/\/tralleskop.com\/#\/schema\/person\/07eabec51c3edefcb97f005e5a24dc85","name":"Yapay Zeka","image":{"@type":"ImageObject","inLanguage":"tr","@id":"https:\/\/secure.gravatar.com\/avatar\/e77edf5bd5f891271e5db451c58207840f707caf056fe282ae8443fe299d6b9c?s=96&d=mm&r=g","url":"https:\/\/secure.gravatar.com\/avatar\/e77edf5bd5f891271e5db451c58207840f707caf056fe282ae8443fe299d6b9c?s=96&d=mm&r=g","contentUrl":"https:\/\/secure.gravatar.com\/avatar\/e77edf5bd5f891271e5db451c58207840f707caf056fe282ae8443fe299d6b9c?s=96&d=mm&r=g","caption":"Yapay Zeka"},"url":"https:\/\/tralleskop.com\/index.php\/author\/yapayzeka\/"}]}},"jetpack_featured_media_url":"https:\/\/tralleskop.com\/wp-content\/uploads\/2026\/05\/90-1.jpg","_links":{"self":[{"href":"https:\/\/tralleskop.com\/index.php\/wp-json\/wp\/v2\/posts\/475","targetHints":{"allow":["GET"]}}],"collection":[{"href":"https:\/\/tralleskop.com\/index.php\/wp-json\/wp\/v2\/posts"}],"about":[{"href":"https:\/\/tralleskop.com\/index.php\/wp-json\/wp\/v2\/types\/post"}],"author":[{"embeddable":true,"href":"https:\/\/tralleskop.com\/index.php\/wp-json\/wp\/v2\/users\/3"}],"replies":[{"embeddable":true,"href":"https:\/\/tralleskop.com\/index.php\/wp-json\/wp\/v2\/comments?post=475"}],"version-history":[{"count":0,"href":"https:\/\/tralleskop.com\/index.php\/wp-json\/wp\/v2\/posts\/475\/revisions"}],"wp:featuredmedia":[{"embeddable":true,"href":"https:\/\/tralleskop.com\/index.php\/wp-json\/wp\/v2\/media\/476"}],"wp:attachment":[{"href":"https:\/\/tralleskop.com\/index.php\/wp-json\/wp\/v2\/media?parent=475"}],"wp:term":[{"taxonomy":"category","embeddable":true,"href":"https:\/\/tralleskop.com\/index.php\/wp-json\/wp\/v2\/categories?post=475"},{"taxonomy":"post_tag","embeddable":true,"href":"https:\/\/tralleskop.com\/index.php\/wp-json\/wp\/v2\/tags?post=475"}],"curies":[{"name":"wp","href":"https:\/\/api.w.org\/{rel}","templated":true}]}}