{"id":473,"date":"2026-05-01T20:15:11","date_gmt":"2026-05-01T17:15:11","guid":{"rendered":"https:\/\/tralleskop.com\/index.php\/2026\/05\/01\/cole-allen-trump-suikast-girisimi-davasi-oncesinde-hapis-kalmasina-onay-verdi\/"},"modified":"2026-05-01T20:15:11","modified_gmt":"2026-05-01T17:15:11","slug":"cole-allen-trump-suikast-girisimi-davasi-oncesinde-hapis-kalmasina-onay-verdi","status":"publish","type":"post","link":"https:\/\/tralleskop.com\/index.php\/2026\/05\/01\/cole-allen-trump-suikast-girisimi-davasi-oncesinde-hapis-kalmasina-onay-verdi\/","title":{"rendered":"Cole Allen, Trump Suikast Giri\u015fimi Davas\u0131 \u00d6ncesinde Hapis Kalmas\u0131na Onay Verdi"},"content":{"rendered":"<p>ABD&#8217;de Cole Allen adl\u0131 bir \u015fah\u0131s, eski Ba\u015fkan Donald Trump&#8217;\u0131n suikast\u0131n\u0131 d\u00fczenlemeye \u00e7al\u0131\u015ft\u0131\u011f\u0131 iddias\u0131yla g\u00f6zalt\u0131na al\u0131nm\u0131\u015ft\u0131. Allen,.White House Correspondents&#8217; Association yemek t\u00f6renine silahl\u0131 bir \u015fekilde girmeye \u00e7al\u0131\u015f\u0131rken tutuklanm\u0131\u015ft\u0131. Savc\u0131l\u0131k iddialar\u0131na g\u00f6re, Allen bu giri\u015fimde bulunurken bir t\u00fcfek, bir tabanca ve birka\u00e7 b\u0131\u00e7ak ta\u015f\u0131yordu. Cole Allen&#8217;in avukatlar\u0131, m\u00fcvekkillerinin serbest b\u0131rak\u0131lmas\u0131 talebini mahkemeye ilettiler. Ancak mahkeme, Allen&#8217;in su\u00e7luluk \u015f\u00fcphesinin y\u00fcksek oldu\u011fu ve kamu g\u00fcvenli\u011fini tehdit edebilece\u011fi gerek\u00e7esiyle talebi reddetti. Sonu\u00e7 olarak Cole Allen, Trump suikast giri\u015fimi davas\u0131 \u00f6ncesi hapis kald\u0131. Bu olay, ABD&#8217;de siyasi suikast giri\u015fimlerine kar\u015f\u0131 artan endi\u015feleri g\u00fcndeme getirdi. Ayn\u0131 zamanda, y\u00fcksek g\u00fcvenlik \u00f6nlemlerinin al\u0131nmas\u0131 gerekti\u011fini bir kez daha hat\u0131rlatt\u0131. White House Correspondents&#8217; Association yemek t\u00f6reni, her y\u0131l bir\u00e7ok siyasi liderin, gazetecinin ve \u00fcnl\u00fcn\u00fcn kat\u0131ld\u0131\u011f\u0131 \u00f6nemli bir etkinliktir. Bu gibi organizasyonlarda g\u00fcvenlik \u00f6nlemlerinin s\u0131k\u0131 bir \u015fekilde al\u0131nmas\u0131, kat\u0131l\u0131mc\u0131lar\u0131n g\u00fcvenli\u011finin sa\u011flanmas\u0131nda \u00f6nemli bir role sahiptir. Cole Allen&#8217;in suikast giri\u015fimi, ABD&#8217;de benzer olaylar\u0131n \u00f6nlenmesi i\u00e7in gerekli \u00f6nlemlerin al\u0131nmas\u0131 gerekti\u011fini \u043f\u043e\u043a\u0430\u0437\u0131yor. ABD h\u00fck\u00fcmeti, bu gibi olaylar\u0131n \u00f6nlenmesi i\u00e7in daha s\u0131k\u0131 g\u00fcvenlik \u00f6nlemleri almaya y\u00f6nelebilir. Ayr\u0131ca, bu olay, ABD&#8217;deki siyasi gerilimin artt\u0131\u011f\u0131na da i\u015faret ediyor. Bu nedenle, siyasi liderlerin ve yetkililerin, toplumsal bar\u0131\u015f ve huzurun korunmas\u0131na katk\u0131da bulunmak i\u00e7in daha \u00e7ok \u00e7al\u0131\u015fmas\u0131 gerekiyor.<\/p>\n","protected":false},"excerpt":{"rendered":"<p>ABD&#8217;de Cole Allen adl\u0131 bir \u015fah\u0131s, eski Ba\u015fkan Donald Trump&#8217;\u0131n suikast\u0131n\u0131 d\u00fczenlemeye \u00e7al\u0131\u015ft\u0131\u011f\u0131 iddias\u0131yla g\u00f6zalt\u0131na al\u0131nm\u0131\u015ft\u0131. Allen,.White House Correspondents&#8217; Association yemek t\u00f6renine silahl\u0131 bir \u015fekilde girmeye \u00e7al\u0131\u015f\u0131rken tutuklanm\u0131\u015ft\u0131. Savc\u0131l\u0131k iddialar\u0131na g\u00f6re, Allen bu giri\u015fimde bulunurken bir t\u00fcfek, bir tabanca ve birka\u00e7 b\u0131\u00e7ak ta\u015f\u0131yordu. Cole Allen&#8217;in avukatlar\u0131, m\u00fcvekkillerinin serbest b\u0131rak\u0131lmas\u0131 talebini mahkemeye ilettiler. Ancak mahkeme, Allen&#8217;in [&hellip;]<\/p>\n","protected":false},"author":3,"featured_media":474,"comment_status":"open","ping_status":"open","sticky":false,"template":"","format":"standard","meta":{"googlesitekit_rrm_CAow15e3DA:productID":"","_coblocks_attr":"","_coblocks_dimensions":"","_coblocks_responsive_height":"","_coblocks_accordion_ie_support":"","_ai_summary":"Cole Allen, Trump suikast giri\u015fimi iddias\u0131yla g\u00f6zalt\u0131na al\u0131nd\u0131.\nAllen, White House Correspondents' Association yemek t\u00f6renine silahl\u0131 bir \u015fekilde girmeye \u00e7al\u0131\u015f\u0131rken tutukland\u0131.\nMahkeme, Allen'in su\u00e7luluk \u015f\u00fcphesinin y\u00fcksek oldu\u011fu ve kamu g\u00fcvenli\u011fini tehdit edebilece\u011fi gerek\u00e7esiyle talebini reddetti.","_external_image_url":"https:\/\/image.cnbcfm.com\/api\/v1\/image\/108298001-1777326023550-IMG_5188.jpg?v=1777326149&w=1920&h=1080","footnotes":""},"categories":[38],"tags":[],"class_list":["post-473","post","type-post","status-publish","format-standard","has-post-thumbnail","hentry","category-abd"],"yoast_head":"<!-- This site is optimized with the Yoast SEO plugin v27.5 - https:\/\/yoast.com\/product\/yoast-seo-wordpress\/ -->\n<title>Cole Allen, Trump Suikast Giri\u015fimi Davas\u0131 \u00d6ncesinde Hapis Kalmas\u0131na Onay Verdi - Tralleskop<\/title>\n<meta name=\"robots\" content=\"index, follow, max-snippet:-1, max-image-preview:large, max-video-preview:-1\" \/>\n<link rel=\"canonical\" href=\"https:\/\/tralleskop.com\/index.php\/2026\/05\/01\/cole-allen-trump-suikast-girisimi-davasi-oncesinde-hapis-kalmasina-onay-verdi\/\" \/>\n<meta property=\"og:locale\" content=\"tr_TR\" \/>\n<meta property=\"og:type\" content=\"article\" \/>\n<meta property=\"og:title\" content=\"Cole Allen, Trump Suikast Giri\u015fimi Davas\u0131 \u00d6ncesinde Hapis Kalmas\u0131na Onay Verdi - Tralleskop\" \/>\n<meta property=\"og:description\" content=\"ABD&#8217;de Cole Allen adl\u0131 bir \u015fah\u0131s, eski Ba\u015fkan Donald Trump&#8217;\u0131n suikast\u0131n\u0131 d\u00fczenlemeye \u00e7al\u0131\u015ft\u0131\u011f\u0131 iddias\u0131yla g\u00f6zalt\u0131na al\u0131nm\u0131\u015ft\u0131. Allen,.White House Correspondents&#8217; Association yemek t\u00f6renine silahl\u0131 bir \u015fekilde girmeye \u00e7al\u0131\u015f\u0131rken tutuklanm\u0131\u015ft\u0131. Savc\u0131l\u0131k iddialar\u0131na g\u00f6re, Allen bu giri\u015fimde bulunurken bir t\u00fcfek, bir tabanca ve birka\u00e7 b\u0131\u00e7ak ta\u015f\u0131yordu. Cole Allen&#8217;in avukatlar\u0131, m\u00fcvekkillerinin serbest b\u0131rak\u0131lmas\u0131 talebini mahkemeye ilettiler. Ancak mahkeme, Allen&#8217;in [&hellip;]\" \/>\n<meta property=\"og:url\" content=\"https:\/\/tralleskop.com\/index.php\/2026\/05\/01\/cole-allen-trump-suikast-girisimi-davasi-oncesinde-hapis-kalmasina-onay-verdi\/\" \/>\n<meta property=\"og:site_name\" content=\"Tralleskop\" \/>\n<meta property=\"article:published_time\" content=\"2026-05-01T17:15:11+00:00\" \/>\n<meta name=\"author\" content=\"Yapay Zeka\" \/>\n<meta name=\"twitter:card\" content=\"summary_large_image\" \/>\n<meta name=\"twitter:label1\" content=\"Yazan:\" \/>\n\t<meta name=\"twitter:data1\" content=\"Yapay Zeka\" \/>\n\t<meta name=\"twitter:label2\" content=\"Tahmini okuma s\u00fcresi\" \/>\n\t<meta name=\"twitter:data2\" content=\"1 dakika\" \/>\n<script type=\"application\/ld+json\" class=\"yoast-schema-graph\">{\"@context\":\"https:\\\/\\\/schema.org\",\"@graph\":[{\"@type\":\"Article\",\"@id\":\"https:\\\/\\\/tralleskop.com\\\/index.php\\\/2026\\\/05\\\/01\\\/cole-allen-trump-suikast-girisimi-davasi-oncesinde-hapis-kalmasina-onay-verdi\\\/#article\",\"isPartOf\":{\"@id\":\"https:\\\/\\\/tralleskop.com\\\/index.php\\\/2026\\\/05\\\/01\\\/cole-allen-trump-suikast-girisimi-davasi-oncesinde-hapis-kalmasina-onay-verdi\\\/\"},\"author\":{\"name\":\"Yapay Zeka\",\"@id\":\"https:\\\/\\\/tralleskop.com\\\/#\\\/schema\\\/person\\\/07eabec51c3edefcb97f005e5a24dc85\"},\"headline\":\"Cole Allen, Trump Suikast Giri\u015fimi Davas\u0131 \u00d6ncesinde Hapis Kalmas\u0131na Onay Verdi\",\"datePublished\":\"2026-05-01T17:15:11+00:00\",\"mainEntityOfPage\":{\"@id\":\"https:\\\/\\\/tralleskop.com\\\/index.php\\\/2026\\\/05\\\/01\\\/cole-allen-trump-suikast-girisimi-davasi-oncesinde-hapis-kalmasina-onay-verdi\\\/\"},\"wordCount\":327,\"commentCount\":0,\"publisher\":{\"@id\":\"https:\\\/\\\/tralleskop.com\\\/#organization\"},\"image\":{\"@id\":\"https:\\\/\\\/tralleskop.com\\\/index.php\\\/2026\\\/05\\\/01\\\/cole-allen-trump-suikast-girisimi-davasi-oncesinde-hapis-kalmasina-onay-verdi\\\/#primaryimage\"},\"thumbnailUrl\":\"https:\\\/\\\/tralleskop.com\\\/wp-content\\\/uploads\\\/2026\\\/05\\\/108298001-1777326023550-IMG_5188.jpg.jpg\",\"articleSection\":[\"ABD\"],\"inLanguage\":\"tr\",\"potentialAction\":[{\"@type\":\"CommentAction\",\"name\":\"Comment\",\"target\":[\"https:\\\/\\\/tralleskop.com\\\/index.php\\\/2026\\\/05\\\/01\\\/cole-allen-trump-suikast-girisimi-davasi-oncesinde-hapis-kalmasina-onay-verdi\\\/#respond\"]}]},{\"@type\":\"WebPage\",\"@id\":\"https:\\\/\\\/tralleskop.com\\\/index.php\\\/2026\\\/05\\\/01\\\/cole-allen-trump-suikast-girisimi-davasi-oncesinde-hapis-kalmasina-onay-verdi\\\/\",\"url\":\"https:\\\/\\\/tralleskop.com\\\/index.php\\\/2026\\\/05\\\/01\\\/cole-allen-trump-suikast-girisimi-davasi-oncesinde-hapis-kalmasina-onay-verdi\\\/\",\"name\":\"Cole Allen, Trump Suikast Giri\u015fimi Davas\u0131 \u00d6ncesinde Hapis Kalmas\u0131na Onay Verdi - Tralleskop\",\"isPartOf\":{\"@id\":\"https:\\\/\\\/tralleskop.com\\\/#website\"},\"primaryImageOfPage\":{\"@id\":\"https:\\\/\\\/tralleskop.com\\\/index.php\\\/2026\\\/05\\\/01\\\/cole-allen-trump-suikast-girisimi-davasi-oncesinde-hapis-kalmasina-onay-verdi\\\/#primaryimage\"},\"image\":{\"@id\":\"https:\\\/\\\/tralleskop.com\\\/index.php\\\/2026\\\/05\\\/01\\\/cole-allen-trump-suikast-girisimi-davasi-oncesinde-hapis-kalmasina-onay-verdi\\\/#primaryimage\"},\"thumbnailUrl\":\"https:\\\/\\\/tralleskop.com\\\/wp-content\\\/uploads\\\/2026\\\/05\\\/108298001-1777326023550-IMG_5188.jpg.jpg\",\"datePublished\":\"2026-05-01T17:15:11+00:00\",\"breadcrumb\":{\"@id\":\"https:\\\/\\\/tralleskop.com\\\/index.php\\\/2026\\\/05\\\/01\\\/cole-allen-trump-suikast-girisimi-davasi-oncesinde-hapis-kalmasina-onay-verdi\\\/#breadcrumb\"},\"inLanguage\":\"tr\",\"potentialAction\":[{\"@type\":\"ReadAction\",\"target\":[\"https:\\\/\\\/tralleskop.com\\\/index.php\\\/2026\\\/05\\\/01\\\/cole-allen-trump-suikast-girisimi-davasi-oncesinde-hapis-kalmasina-onay-verdi\\\/\"]}]},{\"@type\":\"ImageObject\",\"inLanguage\":\"tr\",\"@id\":\"https:\\\/\\\/tralleskop.com\\\/index.php\\\/2026\\\/05\\\/01\\\/cole-allen-trump-suikast-girisimi-davasi-oncesinde-hapis-kalmasina-onay-verdi\\\/#primaryimage\",\"url\":\"https:\\\/\\\/tralleskop.com\\\/wp-content\\\/uploads\\\/2026\\\/05\\\/108298001-1777326023550-IMG_5188.jpg.jpg\",\"contentUrl\":\"https:\\\/\\\/tralleskop.com\\\/wp-content\\\/uploads\\\/2026\\\/05\\\/108298001-1777326023550-IMG_5188.jpg.jpg\",\"width\":1920,\"height\":1080},{\"@type\":\"BreadcrumbList\",\"@id\":\"https:\\\/\\\/tralleskop.com\\\/index.php\\\/2026\\\/05\\\/01\\\/cole-allen-trump-suikast-girisimi-davasi-oncesinde-hapis-kalmasina-onay-verdi\\\/#breadcrumb\",\"itemListElement\":[{\"@type\":\"ListItem\",\"position\":1,\"name\":\"Anasayfa\",\"item\":\"https:\\\/\\\/tralleskop.com\\\/\"},{\"@type\":\"ListItem\",\"position\":2,\"name\":\"Cole Allen, Trump Suikast Giri\u015fimi Davas\u0131 \u00d6ncesinde Hapis Kalmas\u0131na Onay Verdi\"}]},{\"@type\":\"WebSite\",\"@id\":\"https:\\\/\\\/tralleskop.com\\\/#website\",\"url\":\"https:\\\/\\\/tralleskop.com\\\/\",\"name\":\"Tralleskop\",\"description\":\"\",\"publisher\":{\"@id\":\"https:\\\/\\\/tralleskop.com\\\/#organization\"},\"potentialAction\":[{\"@type\":\"SearchAction\",\"target\":{\"@type\":\"EntryPoint\",\"urlTemplate\":\"https:\\\/\\\/tralleskop.com\\\/?s={search_term_string}\"},\"query-input\":{\"@type\":\"PropertyValueSpecification\",\"valueRequired\":true,\"valueName\":\"search_term_string\"}}],\"inLanguage\":\"tr\"},{\"@type\":\"Organization\",\"@id\":\"https:\\\/\\\/tralleskop.com\\\/#organization\",\"name\":\"Tralleskop\",\"url\":\"https:\\\/\\\/tralleskop.com\\\/\",\"logo\":{\"@type\":\"ImageObject\",\"inLanguage\":\"tr\",\"@id\":\"https:\\\/\\\/tralleskop.com\\\/#\\\/schema\\\/logo\\\/image\\\/\",\"url\":\"https:\\\/\\\/tralleskop.com\\\/wp-content\\\/uploads\\\/2026\\\/03\\\/logo-1.png\",\"contentUrl\":\"https:\\\/\\\/tralleskop.com\\\/wp-content\\\/uploads\\\/2026\\\/03\\\/logo-1.png\",\"width\":2048,\"height\":2048,\"caption\":\"Tralleskop\"},\"image\":{\"@id\":\"https:\\\/\\\/tralleskop.com\\\/#\\\/schema\\\/logo\\\/image\\\/\"},\"sameAs\":[\"https:\\\/\\\/instagram.com\\\/tralleskop\"]},{\"@type\":\"Person\",\"@id\":\"https:\\\/\\\/tralleskop.com\\\/#\\\/schema\\\/person\\\/07eabec51c3edefcb97f005e5a24dc85\",\"name\":\"Yapay Zeka\",\"image\":{\"@type\":\"ImageObject\",\"inLanguage\":\"tr\",\"@id\":\"https:\\\/\\\/secure.gravatar.com\\\/avatar\\\/e77edf5bd5f891271e5db451c58207840f707caf056fe282ae8443fe299d6b9c?s=96&d=mm&r=g\",\"url\":\"https:\\\/\\\/secure.gravatar.com\\\/avatar\\\/e77edf5bd5f891271e5db451c58207840f707caf056fe282ae8443fe299d6b9c?s=96&d=mm&r=g\",\"contentUrl\":\"https:\\\/\\\/secure.gravatar.com\\\/avatar\\\/e77edf5bd5f891271e5db451c58207840f707caf056fe282ae8443fe299d6b9c?s=96&d=mm&r=g\",\"caption\":\"Yapay Zeka\"},\"url\":\"https:\\\/\\\/tralleskop.com\\\/index.php\\\/author\\\/yapayzeka\\\/\"}]}<\/script>\n<!-- \/ Yoast SEO plugin. -->","yoast_head_json":{"title":"Cole Allen, Trump Suikast Giri\u015fimi Davas\u0131 \u00d6ncesinde Hapis Kalmas\u0131na Onay Verdi - Tralleskop","robots":{"index":"index","follow":"follow","max-snippet":"max-snippet:-1","max-image-preview":"max-image-preview:large","max-video-preview":"max-video-preview:-1"},"canonical":"https:\/\/tralleskop.com\/index.php\/2026\/05\/01\/cole-allen-trump-suikast-girisimi-davasi-oncesinde-hapis-kalmasina-onay-verdi\/","og_locale":"tr_TR","og_type":"article","og_title":"Cole Allen, Trump Suikast Giri\u015fimi Davas\u0131 \u00d6ncesinde Hapis Kalmas\u0131na Onay Verdi - Tralleskop","og_description":"ABD&#8217;de Cole Allen adl\u0131 bir \u015fah\u0131s, eski Ba\u015fkan Donald Trump&#8217;\u0131n suikast\u0131n\u0131 d\u00fczenlemeye \u00e7al\u0131\u015ft\u0131\u011f\u0131 iddias\u0131yla g\u00f6zalt\u0131na al\u0131nm\u0131\u015ft\u0131. Allen,.White House Correspondents&#8217; Association yemek t\u00f6renine silahl\u0131 bir \u015fekilde girmeye \u00e7al\u0131\u015f\u0131rken tutuklanm\u0131\u015ft\u0131. Savc\u0131l\u0131k iddialar\u0131na g\u00f6re, Allen bu giri\u015fimde bulunurken bir t\u00fcfek, bir tabanca ve birka\u00e7 b\u0131\u00e7ak ta\u015f\u0131yordu. Cole Allen&#8217;in avukatlar\u0131, m\u00fcvekkillerinin serbest b\u0131rak\u0131lmas\u0131 talebini mahkemeye ilettiler. Ancak mahkeme, Allen&#8217;in [&hellip;]","og_url":"https:\/\/tralleskop.com\/index.php\/2026\/05\/01\/cole-allen-trump-suikast-girisimi-davasi-oncesinde-hapis-kalmasina-onay-verdi\/","og_site_name":"Tralleskop","article_published_time":"2026-05-01T17:15:11+00:00","author":"Yapay Zeka","twitter_card":"summary_large_image","twitter_misc":{"Yazan:":"Yapay Zeka","Tahmini okuma s\u00fcresi":"1 dakika"},"schema":{"@context":"https:\/\/schema.org","@graph":[{"@type":"Article","@id":"https:\/\/tralleskop.com\/index.php\/2026\/05\/01\/cole-allen-trump-suikast-girisimi-davasi-oncesinde-hapis-kalmasina-onay-verdi\/#article","isPartOf":{"@id":"https:\/\/tralleskop.com\/index.php\/2026\/05\/01\/cole-allen-trump-suikast-girisimi-davasi-oncesinde-hapis-kalmasina-onay-verdi\/"},"author":{"name":"Yapay Zeka","@id":"https:\/\/tralleskop.com\/#\/schema\/person\/07eabec51c3edefcb97f005e5a24dc85"},"headline":"Cole Allen, Trump Suikast Giri\u015fimi Davas\u0131 \u00d6ncesinde Hapis Kalmas\u0131na Onay Verdi","datePublished":"2026-05-01T17:15:11+00:00","mainEntityOfPage":{"@id":"https:\/\/tralleskop.com\/index.php\/2026\/05\/01\/cole-allen-trump-suikast-girisimi-davasi-oncesinde-hapis-kalmasina-onay-verdi\/"},"wordCount":327,"commentCount":0,"publisher":{"@id":"https:\/\/tralleskop.com\/#organization"},"image":{"@id":"https:\/\/tralleskop.com\/index.php\/2026\/05\/01\/cole-allen-trump-suikast-girisimi-davasi-oncesinde-hapis-kalmasina-onay-verdi\/#primaryimage"},"thumbnailUrl":"https:\/\/tralleskop.com\/wp-content\/uploads\/2026\/05\/108298001-1777326023550-IMG_5188.jpg.jpg","articleSection":["ABD"],"inLanguage":"tr","potentialAction":[{"@type":"CommentAction","name":"Comment","target":["https:\/\/tralleskop.com\/index.php\/2026\/05\/01\/cole-allen-trump-suikast-girisimi-davasi-oncesinde-hapis-kalmasina-onay-verdi\/#respond"]}]},{"@type":"WebPage","@id":"https:\/\/tralleskop.com\/index.php\/2026\/05\/01\/cole-allen-trump-suikast-girisimi-davasi-oncesinde-hapis-kalmasina-onay-verdi\/","url":"https:\/\/tralleskop.com\/index.php\/2026\/05\/01\/cole-allen-trump-suikast-girisimi-davasi-oncesinde-hapis-kalmasina-onay-verdi\/","name":"Cole Allen, Trump Suikast Giri\u015fimi Davas\u0131 \u00d6ncesinde Hapis Kalmas\u0131na Onay Verdi - Tralleskop","isPartOf":{"@id":"https:\/\/tralleskop.com\/#website"},"primaryImageOfPage":{"@id":"https:\/\/tralleskop.com\/index.php\/2026\/05\/01\/cole-allen-trump-suikast-girisimi-davasi-oncesinde-hapis-kalmasina-onay-verdi\/#primaryimage"},"image":{"@id":"https:\/\/tralleskop.com\/index.php\/2026\/05\/01\/cole-allen-trump-suikast-girisimi-davasi-oncesinde-hapis-kalmasina-onay-verdi\/#primaryimage"},"thumbnailUrl":"https:\/\/tralleskop.com\/wp-content\/uploads\/2026\/05\/108298001-1777326023550-IMG_5188.jpg.jpg","datePublished":"2026-05-01T17:15:11+00:00","breadcrumb":{"@id":"https:\/\/tralleskop.com\/index.php\/2026\/05\/01\/cole-allen-trump-suikast-girisimi-davasi-oncesinde-hapis-kalmasina-onay-verdi\/#breadcrumb"},"inLanguage":"tr","potentialAction":[{"@type":"ReadAction","target":["https:\/\/tralleskop.com\/index.php\/2026\/05\/01\/cole-allen-trump-suikast-girisimi-davasi-oncesinde-hapis-kalmasina-onay-verdi\/"]}]},{"@type":"ImageObject","inLanguage":"tr","@id":"https:\/\/tralleskop.com\/index.php\/2026\/05\/01\/cole-allen-trump-suikast-girisimi-davasi-oncesinde-hapis-kalmasina-onay-verdi\/#primaryimage","url":"https:\/\/tralleskop.com\/wp-content\/uploads\/2026\/05\/108298001-1777326023550-IMG_5188.jpg.jpg","contentUrl":"https:\/\/tralleskop.com\/wp-content\/uploads\/2026\/05\/108298001-1777326023550-IMG_5188.jpg.jpg","width":1920,"height":1080},{"@type":"BreadcrumbList","@id":"https:\/\/tralleskop.com\/index.php\/2026\/05\/01\/cole-allen-trump-suikast-girisimi-davasi-oncesinde-hapis-kalmasina-onay-verdi\/#breadcrumb","itemListElement":[{"@type":"ListItem","position":1,"name":"Anasayfa","item":"https:\/\/tralleskop.com\/"},{"@type":"ListItem","position":2,"name":"Cole Allen, Trump Suikast Giri\u015fimi Davas\u0131 \u00d6ncesinde Hapis Kalmas\u0131na Onay Verdi"}]},{"@type":"WebSite","@id":"https:\/\/tralleskop.com\/#website","url":"https:\/\/tralleskop.com\/","name":"Tralleskop","description":"","publisher":{"@id":"https:\/\/tralleskop.com\/#organization"},"potentialAction":[{"@type":"SearchAction","target":{"@type":"EntryPoint","urlTemplate":"https:\/\/tralleskop.com\/?s={search_term_string}"},"query-input":{"@type":"PropertyValueSpecification","valueRequired":true,"valueName":"search_term_string"}}],"inLanguage":"tr"},{"@type":"Organization","@id":"https:\/\/tralleskop.com\/#organization","name":"Tralleskop","url":"https:\/\/tralleskop.com\/","logo":{"@type":"ImageObject","inLanguage":"tr","@id":"https:\/\/tralleskop.com\/#\/schema\/logo\/image\/","url":"https:\/\/tralleskop.com\/wp-content\/uploads\/2026\/03\/logo-1.png","contentUrl":"https:\/\/tralleskop.com\/wp-content\/uploads\/2026\/03\/logo-1.png","width":2048,"height":2048,"caption":"Tralleskop"},"image":{"@id":"https:\/\/tralleskop.com\/#\/schema\/logo\/image\/"},"sameAs":["https:\/\/instagram.com\/tralleskop"]},{"@type":"Person","@id":"https:\/\/tralleskop.com\/#\/schema\/person\/07eabec51c3edefcb97f005e5a24dc85","name":"Yapay Zeka","image":{"@type":"ImageObject","inLanguage":"tr","@id":"https:\/\/secure.gravatar.com\/avatar\/e77edf5bd5f891271e5db451c58207840f707caf056fe282ae8443fe299d6b9c?s=96&d=mm&r=g","url":"https:\/\/secure.gravatar.com\/avatar\/e77edf5bd5f891271e5db451c58207840f707caf056fe282ae8443fe299d6b9c?s=96&d=mm&r=g","contentUrl":"https:\/\/secure.gravatar.com\/avatar\/e77edf5bd5f891271e5db451c58207840f707caf056fe282ae8443fe299d6b9c?s=96&d=mm&r=g","caption":"Yapay Zeka"},"url":"https:\/\/tralleskop.com\/index.php\/author\/yapayzeka\/"}]}},"jetpack_featured_media_url":"https:\/\/tralleskop.com\/wp-content\/uploads\/2026\/05\/108298001-1777326023550-IMG_5188.jpg.jpg","_links":{"self":[{"href":"https:\/\/tralleskop.com\/index.php\/wp-json\/wp\/v2\/posts\/473","targetHints":{"allow":["GET"]}}],"collection":[{"href":"https:\/\/tralleskop.com\/index.php\/wp-json\/wp\/v2\/posts"}],"about":[{"href":"https:\/\/tralleskop.com\/index.php\/wp-json\/wp\/v2\/types\/post"}],"author":[{"embeddable":true,"href":"https:\/\/tralleskop.com\/index.php\/wp-json\/wp\/v2\/users\/3"}],"replies":[{"embeddable":true,"href":"https:\/\/tralleskop.com\/index.php\/wp-json\/wp\/v2\/comments?post=473"}],"version-history":[{"count":0,"href":"https:\/\/tralleskop.com\/index.php\/wp-json\/wp\/v2\/posts\/473\/revisions"}],"wp:featuredmedia":[{"embeddable":true,"href":"https:\/\/tralleskop.com\/index.php\/wp-json\/wp\/v2\/media\/474"}],"wp:attachment":[{"href":"https:\/\/tralleskop.com\/index.php\/wp-json\/wp\/v2\/media?parent=473"}],"wp:term":[{"taxonomy":"category","embeddable":true,"href":"https:\/\/tralleskop.com\/index.php\/wp-json\/wp\/v2\/categories?post=473"},{"taxonomy":"post_tag","embeddable":true,"href":"https:\/\/tralleskop.com\/index.php\/wp-json\/wp\/v2\/tags?post=473"}],"curies":[{"name":"wp","href":"https:\/\/api.w.org\/{rel}","templated":true}]}}