{"id":471,"date":"2026-05-01T20:15:08","date_gmt":"2026-05-01T17:15:08","guid":{"rendered":"https:\/\/tralleskop.com\/index.php\/2026\/05\/01\/louisiana-kongre-ilk-secimleri-yuksek-mahkeme-karari-sonucu-askiya-alindi\/"},"modified":"2026-05-01T20:15:08","modified_gmt":"2026-05-01T17:15:08","slug":"louisiana-kongre-ilk-secimleri-yuksek-mahkeme-karari-sonucu-askiya-alindi","status":"publish","type":"post","link":"https:\/\/tralleskop.com\/index.php\/2026\/05\/01\/louisiana-kongre-ilk-secimleri-yuksek-mahkeme-karari-sonucu-askiya-alindi\/","title":{"rendered":"Louisiana Kongre \u0130lk Se\u00e7imleri Y\u00fcksek Mahkeme Karar\u0131 Sonucu Ask\u0131ya Al\u0131nd\u0131"},"content":{"rendered":"<p>Louisiana&#8217;n\u0131n en \u00fcst d\u00fczey yetkilileri, eyaletin Kongre ilk se\u00e7imlerinin May\u0131s ay\u0131nda planland\u0131\u011f\u0131 gibi ger\u00e7ekle\u015fmeyece\u011fini a\u00e7\u0131klad\u0131. Bu karar, ABD Y\u00fcksek Mahkemesi&#8217;nin bir karar\u0131 sonras\u0131 al\u0131nd\u0131. Y\u00fcksek Mahkeme, \u00c7ar\u015famba g\u00fcn\u00fc \u00e7o\u011funlukla Siyahlar\u0131n ya\u015fad\u0131\u011f\u0131 bir kongre b\u00f6lgesini iptal etti. Cumhuriyet\u00e7i Vali J&#8230; taraf\u0131ndan yap\u0131lan a\u00e7\u0131klamada, Y\u00fcksek Mahkeme&#8217;nin karar\u0131n\u0131n Kongre se\u00e7imlerini nas\u0131l etkileyece\u011fi konusunda endi\u015feler oldu\u011fu belirtildi. Louisiana&#8217;n\u0131n Kongre ilk se\u00e7imlerinin ertelenmesi, eyaletin politik arenas\u0131nda \u00f6nemli bir geli\u015fme olarak g\u00f6r\u00fcl\u00fcyor.<\/p>\n<p>Y\u00fcksek Mahkeme&#8217;nin karar\u0131, Louisiana&#8217;daki se\u00e7menlerin da\u011f\u0131l\u0131m\u0131n\u0131 ve Kongre koltuklar\u0131 i\u00e7in yar\u0131\u015facak adaylar\u0131n profilini etkileyebilecek \u00f6nemli bir geli\u015fme olarak de\u011ferlendiriliyor. \u00c7o\u011funlukla Siyahlar\u0131n ya\u015fad\u0131\u011f\u0131 bir kongre b\u00f6lgesinin iptal edilmesi, sosyal adalet ve e\u015fitlik konular\u0131nda tart\u0131\u015fmalara neden olabilecek bir ad\u0131m olarak g\u00f6r\u00fcl\u00fcyor.<\/p>\n<p>Louisiana&#8217;daki Kongre ilk se\u00e7imlerinin ask\u0131ya al\u0131nmas\u0131, sadece eyaletin politik ya\u015fam\u0131n\u0131 de\u011fil, ayn\u0131 zamanda ABD&#8217;nin genel se\u00e7im s\u00fcreci i\u00e7in de \u00f6nemli yans\u0131malar do\u011furabilir. Se\u00e7imlerin ertelenmesi, adaylar\u0131n stratejilerini yeniden de\u011ferlendirmelerini ve se\u00e7menlerin beklentilerini yeniden g\u00f6zden ge\u00e7irmelerini gerektirebilir. Bu geli\u015fme, ABD&#8217;nin se\u00e7im sistemini ve adalet kavram\u0131n\u0131 yeniden de\u011ferlendirmeye davet ediyor.<\/p>\n<p>Y\u00fcksek Mahkeme&#8217;nin karar\u0131, Louisiana&#8217;da ya\u015fayan vatanda\u015flar\u0131n haklar\u0131 ve \u00e7\u0131karlar\u0131 konusunda endi\u015feler yaratm\u0131\u015f durumda. Eyaletin yetkilileri, bu karar\u0131n sosyal ve politik sonu\u00e7lar\u0131n\u0131 de\u011ferlendirmek ve gerekli ad\u0131mlar\u0131 atmaya haz\u0131rlan\u0131yor. Kongre ilk se\u00e7imlerinin ask\u0131ya al\u0131nmas\u0131, Louisiana&#8217;da ya\u015fayanlar\u0131n gelece\u011fi i\u00e7in \u00f6nemli bir d\u00f6neme\u00e7 olarak g\u00f6r\u00fcl\u00fcyor.<\/p>\n<p>ABD Y\u00fcksek Mahkemesi&#8217;nin karar\u0131, sadece Louisiana&#8217;da de\u011fil, t\u00fcm ABD&#8217;de se\u00e7im sistemi ve adalet kavram\u0131 konusunda tart\u0131\u015fmalara neden olabilecek bir geli\u015fme olarak de\u011ferlendiriliyor. Bu karar, sosyal adalet ve e\u015fitlik konular\u0131nda ya\u015fanan sorunlar\u0131 yeniden g\u00fcndeme getirebilir. ABD&#8217;nin se\u00e7im s\u00fcrecinde ya\u015fanacak geli\u015fmeler, \u00fclkedeki political atmosferi etkileyebilecek \u00f6nemli olaylar olarak g\u00f6r\u00fcl\u00fcyor.<\/p>\n","protected":false},"excerpt":{"rendered":"<p>Louisiana&#8217;n\u0131n en \u00fcst d\u00fczey yetkilileri, eyaletin Kongre ilk se\u00e7imlerinin May\u0131s ay\u0131nda planland\u0131\u011f\u0131 gibi ger\u00e7ekle\u015fmeyece\u011fini a\u00e7\u0131klad\u0131. Bu karar, ABD Y\u00fcksek Mahkemesi&#8217;nin bir karar\u0131 sonras\u0131 al\u0131nd\u0131. Y\u00fcksek Mahkeme, \u00c7ar\u015famba g\u00fcn\u00fc \u00e7o\u011funlukla Siyahlar\u0131n ya\u015fad\u0131\u011f\u0131 bir kongre b\u00f6lgesini iptal etti. Cumhuriyet\u00e7i Vali J&#8230; taraf\u0131ndan yap\u0131lan a\u00e7\u0131klamada, Y\u00fcksek Mahkeme&#8217;nin karar\u0131n\u0131n Kongre se\u00e7imlerini nas\u0131l etkileyece\u011fi konusunda endi\u015feler oldu\u011fu belirtildi. Louisiana&#8217;n\u0131n Kongre [&hellip;]<\/p>\n","protected":false},"author":3,"featured_media":472,"comment_status":"open","ping_status":"open","sticky":false,"template":"","format":"standard","meta":{"googlesitekit_rrm_CAow15e3DA:productID":"","_coblocks_attr":"","_coblocks_dimensions":"","_coblocks_responsive_height":"","_coblocks_accordion_ie_support":"","_ai_summary":"","_external_image_url":"","footnotes":""},"categories":[22],"tags":[],"class_list":["post-471","post","type-post","status-publish","format-standard","has-post-thumbnail","hentry","category-gundem"],"yoast_head":"<!-- This site is optimized with the Yoast SEO plugin v27.5 - https:\/\/yoast.com\/product\/yoast-seo-wordpress\/ -->\n<title>Louisiana Kongre \u0130lk Se\u00e7imleri Y\u00fcksek Mahkeme Karar\u0131 Sonucu Ask\u0131ya Al\u0131nd\u0131 - Tralleskop<\/title>\n<meta name=\"robots\" content=\"index, follow, max-snippet:-1, max-image-preview:large, max-video-preview:-1\" \/>\n<link rel=\"canonical\" href=\"https:\/\/tralleskop.com\/index.php\/2026\/05\/01\/louisiana-kongre-ilk-secimleri-yuksek-mahkeme-karari-sonucu-askiya-alindi\/\" \/>\n<meta property=\"og:locale\" content=\"tr_TR\" \/>\n<meta property=\"og:type\" content=\"article\" \/>\n<meta property=\"og:title\" content=\"Louisiana Kongre \u0130lk Se\u00e7imleri Y\u00fcksek Mahkeme Karar\u0131 Sonucu Ask\u0131ya Al\u0131nd\u0131 - Tralleskop\" \/>\n<meta property=\"og:description\" content=\"Louisiana&#8217;n\u0131n en \u00fcst d\u00fczey yetkilileri, eyaletin Kongre ilk se\u00e7imlerinin May\u0131s ay\u0131nda planland\u0131\u011f\u0131 gibi ger\u00e7ekle\u015fmeyece\u011fini a\u00e7\u0131klad\u0131. Bu karar, ABD Y\u00fcksek Mahkemesi&#8217;nin bir karar\u0131 sonras\u0131 al\u0131nd\u0131. Y\u00fcksek Mahkeme, \u00c7ar\u015famba g\u00fcn\u00fc \u00e7o\u011funlukla Siyahlar\u0131n ya\u015fad\u0131\u011f\u0131 bir kongre b\u00f6lgesini iptal etti. Cumhuriyet\u00e7i Vali J&#8230; taraf\u0131ndan yap\u0131lan a\u00e7\u0131klamada, Y\u00fcksek Mahkeme&#8217;nin karar\u0131n\u0131n Kongre se\u00e7imlerini nas\u0131l etkileyece\u011fi konusunda endi\u015feler oldu\u011fu belirtildi. Louisiana&#8217;n\u0131n Kongre [&hellip;]\" \/>\n<meta property=\"og:url\" content=\"https:\/\/tralleskop.com\/index.php\/2026\/05\/01\/louisiana-kongre-ilk-secimleri-yuksek-mahkeme-karari-sonucu-askiya-alindi\/\" \/>\n<meta property=\"og:site_name\" content=\"Tralleskop\" \/>\n<meta property=\"article:published_time\" content=\"2026-05-01T17:15:08+00:00\" \/>\n<meta name=\"author\" content=\"Yapay Zeka\" \/>\n<meta name=\"twitter:card\" content=\"summary_large_image\" \/>\n<meta name=\"twitter:label1\" content=\"Yazan:\" \/>\n\t<meta name=\"twitter:data1\" content=\"Yapay Zeka\" \/>\n\t<meta name=\"twitter:label2\" content=\"Tahmini okuma s\u00fcresi\" \/>\n\t<meta name=\"twitter:data2\" content=\"2 dakika\" \/>\n<script type=\"application\/ld+json\" class=\"yoast-schema-graph\">{\"@context\":\"https:\\\/\\\/schema.org\",\"@graph\":[{\"@type\":\"Article\",\"@id\":\"https:\\\/\\\/tralleskop.com\\\/index.php\\\/2026\\\/05\\\/01\\\/louisiana-kongre-ilk-secimleri-yuksek-mahkeme-karari-sonucu-askiya-alindi\\\/#article\",\"isPartOf\":{\"@id\":\"https:\\\/\\\/tralleskop.com\\\/index.php\\\/2026\\\/05\\\/01\\\/louisiana-kongre-ilk-secimleri-yuksek-mahkeme-karari-sonucu-askiya-alindi\\\/\"},\"author\":{\"name\":\"Yapay Zeka\",\"@id\":\"https:\\\/\\\/tralleskop.com\\\/#\\\/schema\\\/person\\\/07eabec51c3edefcb97f005e5a24dc85\"},\"headline\":\"Louisiana Kongre \u0130lk Se\u00e7imleri Y\u00fcksek Mahkeme Karar\u0131 Sonucu Ask\u0131ya Al\u0131nd\u0131\",\"datePublished\":\"2026-05-01T17:15:08+00:00\",\"mainEntityOfPage\":{\"@id\":\"https:\\\/\\\/tralleskop.com\\\/index.php\\\/2026\\\/05\\\/01\\\/louisiana-kongre-ilk-secimleri-yuksek-mahkeme-karari-sonucu-askiya-alindi\\\/\"},\"wordCount\":390,\"commentCount\":0,\"publisher\":{\"@id\":\"https:\\\/\\\/tralleskop.com\\\/#organization\"},\"image\":{\"@id\":\"https:\\\/\\\/tralleskop.com\\\/index.php\\\/2026\\\/05\\\/01\\\/louisiana-kongre-ilk-secimleri-yuksek-mahkeme-karari-sonucu-askiya-alindi\\\/#primaryimage\"},\"thumbnailUrl\":\"https:\\\/\\\/tralleskop.com\\\/wp-content\\\/uploads\\\/2026\\\/05\\\/90.jpg\",\"articleSection\":[\"G\u00fcndem\"],\"inLanguage\":\"tr\",\"potentialAction\":[{\"@type\":\"CommentAction\",\"name\":\"Comment\",\"target\":[\"https:\\\/\\\/tralleskop.com\\\/index.php\\\/2026\\\/05\\\/01\\\/louisiana-kongre-ilk-secimleri-yuksek-mahkeme-karari-sonucu-askiya-alindi\\\/#respond\"]}]},{\"@type\":\"WebPage\",\"@id\":\"https:\\\/\\\/tralleskop.com\\\/index.php\\\/2026\\\/05\\\/01\\\/louisiana-kongre-ilk-secimleri-yuksek-mahkeme-karari-sonucu-askiya-alindi\\\/\",\"url\":\"https:\\\/\\\/tralleskop.com\\\/index.php\\\/2026\\\/05\\\/01\\\/louisiana-kongre-ilk-secimleri-yuksek-mahkeme-karari-sonucu-askiya-alindi\\\/\",\"name\":\"Louisiana Kongre \u0130lk Se\u00e7imleri Y\u00fcksek Mahkeme Karar\u0131 Sonucu Ask\u0131ya Al\u0131nd\u0131 - Tralleskop\",\"isPartOf\":{\"@id\":\"https:\\\/\\\/tralleskop.com\\\/#website\"},\"primaryImageOfPage\":{\"@id\":\"https:\\\/\\\/tralleskop.com\\\/index.php\\\/2026\\\/05\\\/01\\\/louisiana-kongre-ilk-secimleri-yuksek-mahkeme-karari-sonucu-askiya-alindi\\\/#primaryimage\"},\"image\":{\"@id\":\"https:\\\/\\\/tralleskop.com\\\/index.php\\\/2026\\\/05\\\/01\\\/louisiana-kongre-ilk-secimleri-yuksek-mahkeme-karari-sonucu-askiya-alindi\\\/#primaryimage\"},\"thumbnailUrl\":\"https:\\\/\\\/tralleskop.com\\\/wp-content\\\/uploads\\\/2026\\\/05\\\/90.jpg\",\"datePublished\":\"2026-05-01T17:15:08+00:00\",\"breadcrumb\":{\"@id\":\"https:\\\/\\\/tralleskop.com\\\/index.php\\\/2026\\\/05\\\/01\\\/louisiana-kongre-ilk-secimleri-yuksek-mahkeme-karari-sonucu-askiya-alindi\\\/#breadcrumb\"},\"inLanguage\":\"tr\",\"potentialAction\":[{\"@type\":\"ReadAction\",\"target\":[\"https:\\\/\\\/tralleskop.com\\\/index.php\\\/2026\\\/05\\\/01\\\/louisiana-kongre-ilk-secimleri-yuksek-mahkeme-karari-sonucu-askiya-alindi\\\/\"]}]},{\"@type\":\"ImageObject\",\"inLanguage\":\"tr\",\"@id\":\"https:\\\/\\\/tralleskop.com\\\/index.php\\\/2026\\\/05\\\/01\\\/louisiana-kongre-ilk-secimleri-yuksek-mahkeme-karari-sonucu-askiya-alindi\\\/#primaryimage\",\"url\":\"https:\\\/\\\/tralleskop.com\\\/wp-content\\\/uploads\\\/2026\\\/05\\\/90.jpg\",\"contentUrl\":\"https:\\\/\\\/tralleskop.com\\\/wp-content\\\/uploads\\\/2026\\\/05\\\/90.jpg\",\"width\":980,\"height\":653},{\"@type\":\"BreadcrumbList\",\"@id\":\"https:\\\/\\\/tralleskop.com\\\/index.php\\\/2026\\\/05\\\/01\\\/louisiana-kongre-ilk-secimleri-yuksek-mahkeme-karari-sonucu-askiya-alindi\\\/#breadcrumb\",\"itemListElement\":[{\"@type\":\"ListItem\",\"position\":1,\"name\":\"Anasayfa\",\"item\":\"https:\\\/\\\/tralleskop.com\\\/\"},{\"@type\":\"ListItem\",\"position\":2,\"name\":\"Louisiana Kongre \u0130lk Se\u00e7imleri Y\u00fcksek Mahkeme Karar\u0131 Sonucu Ask\u0131ya Al\u0131nd\u0131\"}]},{\"@type\":\"WebSite\",\"@id\":\"https:\\\/\\\/tralleskop.com\\\/#website\",\"url\":\"https:\\\/\\\/tralleskop.com\\\/\",\"name\":\"Tralleskop\",\"description\":\"\",\"publisher\":{\"@id\":\"https:\\\/\\\/tralleskop.com\\\/#organization\"},\"potentialAction\":[{\"@type\":\"SearchAction\",\"target\":{\"@type\":\"EntryPoint\",\"urlTemplate\":\"https:\\\/\\\/tralleskop.com\\\/?s={search_term_string}\"},\"query-input\":{\"@type\":\"PropertyValueSpecification\",\"valueRequired\":true,\"valueName\":\"search_term_string\"}}],\"inLanguage\":\"tr\"},{\"@type\":\"Organization\",\"@id\":\"https:\\\/\\\/tralleskop.com\\\/#organization\",\"name\":\"Tralleskop\",\"url\":\"https:\\\/\\\/tralleskop.com\\\/\",\"logo\":{\"@type\":\"ImageObject\",\"inLanguage\":\"tr\",\"@id\":\"https:\\\/\\\/tralleskop.com\\\/#\\\/schema\\\/logo\\\/image\\\/\",\"url\":\"https:\\\/\\\/tralleskop.com\\\/wp-content\\\/uploads\\\/2026\\\/03\\\/logo-1.png\",\"contentUrl\":\"https:\\\/\\\/tralleskop.com\\\/wp-content\\\/uploads\\\/2026\\\/03\\\/logo-1.png\",\"width\":2048,\"height\":2048,\"caption\":\"Tralleskop\"},\"image\":{\"@id\":\"https:\\\/\\\/tralleskop.com\\\/#\\\/schema\\\/logo\\\/image\\\/\"},\"sameAs\":[\"https:\\\/\\\/instagram.com\\\/tralleskop\"]},{\"@type\":\"Person\",\"@id\":\"https:\\\/\\\/tralleskop.com\\\/#\\\/schema\\\/person\\\/07eabec51c3edefcb97f005e5a24dc85\",\"name\":\"Yapay Zeka\",\"image\":{\"@type\":\"ImageObject\",\"inLanguage\":\"tr\",\"@id\":\"https:\\\/\\\/secure.gravatar.com\\\/avatar\\\/e77edf5bd5f891271e5db451c58207840f707caf056fe282ae8443fe299d6b9c?s=96&d=mm&r=g\",\"url\":\"https:\\\/\\\/secure.gravatar.com\\\/avatar\\\/e77edf5bd5f891271e5db451c58207840f707caf056fe282ae8443fe299d6b9c?s=96&d=mm&r=g\",\"contentUrl\":\"https:\\\/\\\/secure.gravatar.com\\\/avatar\\\/e77edf5bd5f891271e5db451c58207840f707caf056fe282ae8443fe299d6b9c?s=96&d=mm&r=g\",\"caption\":\"Yapay Zeka\"},\"url\":\"https:\\\/\\\/tralleskop.com\\\/index.php\\\/author\\\/yapayzeka\\\/\"}]}<\/script>\n<!-- \/ Yoast SEO plugin. -->","yoast_head_json":{"title":"Louisiana Kongre \u0130lk Se\u00e7imleri Y\u00fcksek Mahkeme Karar\u0131 Sonucu Ask\u0131ya Al\u0131nd\u0131 - Tralleskop","robots":{"index":"index","follow":"follow","max-snippet":"max-snippet:-1","max-image-preview":"max-image-preview:large","max-video-preview":"max-video-preview:-1"},"canonical":"https:\/\/tralleskop.com\/index.php\/2026\/05\/01\/louisiana-kongre-ilk-secimleri-yuksek-mahkeme-karari-sonucu-askiya-alindi\/","og_locale":"tr_TR","og_type":"article","og_title":"Louisiana Kongre \u0130lk Se\u00e7imleri Y\u00fcksek Mahkeme Karar\u0131 Sonucu Ask\u0131ya Al\u0131nd\u0131 - Tralleskop","og_description":"Louisiana&#8217;n\u0131n en \u00fcst d\u00fczey yetkilileri, eyaletin Kongre ilk se\u00e7imlerinin May\u0131s ay\u0131nda planland\u0131\u011f\u0131 gibi ger\u00e7ekle\u015fmeyece\u011fini a\u00e7\u0131klad\u0131. Bu karar, ABD Y\u00fcksek Mahkemesi&#8217;nin bir karar\u0131 sonras\u0131 al\u0131nd\u0131. Y\u00fcksek Mahkeme, \u00c7ar\u015famba g\u00fcn\u00fc \u00e7o\u011funlukla Siyahlar\u0131n ya\u015fad\u0131\u011f\u0131 bir kongre b\u00f6lgesini iptal etti. Cumhuriyet\u00e7i Vali J&#8230; taraf\u0131ndan yap\u0131lan a\u00e7\u0131klamada, Y\u00fcksek Mahkeme&#8217;nin karar\u0131n\u0131n Kongre se\u00e7imlerini nas\u0131l etkileyece\u011fi konusunda endi\u015feler oldu\u011fu belirtildi. Louisiana&#8217;n\u0131n Kongre [&hellip;]","og_url":"https:\/\/tralleskop.com\/index.php\/2026\/05\/01\/louisiana-kongre-ilk-secimleri-yuksek-mahkeme-karari-sonucu-askiya-alindi\/","og_site_name":"Tralleskop","article_published_time":"2026-05-01T17:15:08+00:00","author":"Yapay Zeka","twitter_card":"summary_large_image","twitter_misc":{"Yazan:":"Yapay Zeka","Tahmini okuma s\u00fcresi":"2 dakika"},"schema":{"@context":"https:\/\/schema.org","@graph":[{"@type":"Article","@id":"https:\/\/tralleskop.com\/index.php\/2026\/05\/01\/louisiana-kongre-ilk-secimleri-yuksek-mahkeme-karari-sonucu-askiya-alindi\/#article","isPartOf":{"@id":"https:\/\/tralleskop.com\/index.php\/2026\/05\/01\/louisiana-kongre-ilk-secimleri-yuksek-mahkeme-karari-sonucu-askiya-alindi\/"},"author":{"name":"Yapay Zeka","@id":"https:\/\/tralleskop.com\/#\/schema\/person\/07eabec51c3edefcb97f005e5a24dc85"},"headline":"Louisiana Kongre \u0130lk Se\u00e7imleri Y\u00fcksek Mahkeme Karar\u0131 Sonucu Ask\u0131ya Al\u0131nd\u0131","datePublished":"2026-05-01T17:15:08+00:00","mainEntityOfPage":{"@id":"https:\/\/tralleskop.com\/index.php\/2026\/05\/01\/louisiana-kongre-ilk-secimleri-yuksek-mahkeme-karari-sonucu-askiya-alindi\/"},"wordCount":390,"commentCount":0,"publisher":{"@id":"https:\/\/tralleskop.com\/#organization"},"image":{"@id":"https:\/\/tralleskop.com\/index.php\/2026\/05\/01\/louisiana-kongre-ilk-secimleri-yuksek-mahkeme-karari-sonucu-askiya-alindi\/#primaryimage"},"thumbnailUrl":"https:\/\/tralleskop.com\/wp-content\/uploads\/2026\/05\/90.jpg","articleSection":["G\u00fcndem"],"inLanguage":"tr","potentialAction":[{"@type":"CommentAction","name":"Comment","target":["https:\/\/tralleskop.com\/index.php\/2026\/05\/01\/louisiana-kongre-ilk-secimleri-yuksek-mahkeme-karari-sonucu-askiya-alindi\/#respond"]}]},{"@type":"WebPage","@id":"https:\/\/tralleskop.com\/index.php\/2026\/05\/01\/louisiana-kongre-ilk-secimleri-yuksek-mahkeme-karari-sonucu-askiya-alindi\/","url":"https:\/\/tralleskop.com\/index.php\/2026\/05\/01\/louisiana-kongre-ilk-secimleri-yuksek-mahkeme-karari-sonucu-askiya-alindi\/","name":"Louisiana Kongre \u0130lk Se\u00e7imleri Y\u00fcksek Mahkeme Karar\u0131 Sonucu Ask\u0131ya Al\u0131nd\u0131 - Tralleskop","isPartOf":{"@id":"https:\/\/tralleskop.com\/#website"},"primaryImageOfPage":{"@id":"https:\/\/tralleskop.com\/index.php\/2026\/05\/01\/louisiana-kongre-ilk-secimleri-yuksek-mahkeme-karari-sonucu-askiya-alindi\/#primaryimage"},"image":{"@id":"https:\/\/tralleskop.com\/index.php\/2026\/05\/01\/louisiana-kongre-ilk-secimleri-yuksek-mahkeme-karari-sonucu-askiya-alindi\/#primaryimage"},"thumbnailUrl":"https:\/\/tralleskop.com\/wp-content\/uploads\/2026\/05\/90.jpg","datePublished":"2026-05-01T17:15:08+00:00","breadcrumb":{"@id":"https:\/\/tralleskop.com\/index.php\/2026\/05\/01\/louisiana-kongre-ilk-secimleri-yuksek-mahkeme-karari-sonucu-askiya-alindi\/#breadcrumb"},"inLanguage":"tr","potentialAction":[{"@type":"ReadAction","target":["https:\/\/tralleskop.com\/index.php\/2026\/05\/01\/louisiana-kongre-ilk-secimleri-yuksek-mahkeme-karari-sonucu-askiya-alindi\/"]}]},{"@type":"ImageObject","inLanguage":"tr","@id":"https:\/\/tralleskop.com\/index.php\/2026\/05\/01\/louisiana-kongre-ilk-secimleri-yuksek-mahkeme-karari-sonucu-askiya-alindi\/#primaryimage","url":"https:\/\/tralleskop.com\/wp-content\/uploads\/2026\/05\/90.jpg","contentUrl":"https:\/\/tralleskop.com\/wp-content\/uploads\/2026\/05\/90.jpg","width":980,"height":653},{"@type":"BreadcrumbList","@id":"https:\/\/tralleskop.com\/index.php\/2026\/05\/01\/louisiana-kongre-ilk-secimleri-yuksek-mahkeme-karari-sonucu-askiya-alindi\/#breadcrumb","itemListElement":[{"@type":"ListItem","position":1,"name":"Anasayfa","item":"https:\/\/tralleskop.com\/"},{"@type":"ListItem","position":2,"name":"Louisiana Kongre \u0130lk Se\u00e7imleri Y\u00fcksek Mahkeme Karar\u0131 Sonucu Ask\u0131ya Al\u0131nd\u0131"}]},{"@type":"WebSite","@id":"https:\/\/tralleskop.com\/#website","url":"https:\/\/tralleskop.com\/","name":"Tralleskop","description":"","publisher":{"@id":"https:\/\/tralleskop.com\/#organization"},"potentialAction":[{"@type":"SearchAction","target":{"@type":"EntryPoint","urlTemplate":"https:\/\/tralleskop.com\/?s={search_term_string}"},"query-input":{"@type":"PropertyValueSpecification","valueRequired":true,"valueName":"search_term_string"}}],"inLanguage":"tr"},{"@type":"Organization","@id":"https:\/\/tralleskop.com\/#organization","name":"Tralleskop","url":"https:\/\/tralleskop.com\/","logo":{"@type":"ImageObject","inLanguage":"tr","@id":"https:\/\/tralleskop.com\/#\/schema\/logo\/image\/","url":"https:\/\/tralleskop.com\/wp-content\/uploads\/2026\/03\/logo-1.png","contentUrl":"https:\/\/tralleskop.com\/wp-content\/uploads\/2026\/03\/logo-1.png","width":2048,"height":2048,"caption":"Tralleskop"},"image":{"@id":"https:\/\/tralleskop.com\/#\/schema\/logo\/image\/"},"sameAs":["https:\/\/instagram.com\/tralleskop"]},{"@type":"Person","@id":"https:\/\/tralleskop.com\/#\/schema\/person\/07eabec51c3edefcb97f005e5a24dc85","name":"Yapay Zeka","image":{"@type":"ImageObject","inLanguage":"tr","@id":"https:\/\/secure.gravatar.com\/avatar\/e77edf5bd5f891271e5db451c58207840f707caf056fe282ae8443fe299d6b9c?s=96&d=mm&r=g","url":"https:\/\/secure.gravatar.com\/avatar\/e77edf5bd5f891271e5db451c58207840f707caf056fe282ae8443fe299d6b9c?s=96&d=mm&r=g","contentUrl":"https:\/\/secure.gravatar.com\/avatar\/e77edf5bd5f891271e5db451c58207840f707caf056fe282ae8443fe299d6b9c?s=96&d=mm&r=g","caption":"Yapay Zeka"},"url":"https:\/\/tralleskop.com\/index.php\/author\/yapayzeka\/"}]}},"jetpack_featured_media_url":"https:\/\/tralleskop.com\/wp-content\/uploads\/2026\/05\/90.jpg","_links":{"self":[{"href":"https:\/\/tralleskop.com\/index.php\/wp-json\/wp\/v2\/posts\/471","targetHints":{"allow":["GET"]}}],"collection":[{"href":"https:\/\/tralleskop.com\/index.php\/wp-json\/wp\/v2\/posts"}],"about":[{"href":"https:\/\/tralleskop.com\/index.php\/wp-json\/wp\/v2\/types\/post"}],"author":[{"embeddable":true,"href":"https:\/\/tralleskop.com\/index.php\/wp-json\/wp\/v2\/users\/3"}],"replies":[{"embeddable":true,"href":"https:\/\/tralleskop.com\/index.php\/wp-json\/wp\/v2\/comments?post=471"}],"version-history":[{"count":0,"href":"https:\/\/tralleskop.com\/index.php\/wp-json\/wp\/v2\/posts\/471\/revisions"}],"wp:featuredmedia":[{"embeddable":true,"href":"https:\/\/tralleskop.com\/index.php\/wp-json\/wp\/v2\/media\/472"}],"wp:attachment":[{"href":"https:\/\/tralleskop.com\/index.php\/wp-json\/wp\/v2\/media?parent=471"}],"wp:term":[{"taxonomy":"category","embeddable":true,"href":"https:\/\/tralleskop.com\/index.php\/wp-json\/wp\/v2\/categories?post=471"},{"taxonomy":"post_tag","embeddable":true,"href":"https:\/\/tralleskop.com\/index.php\/wp-json\/wp\/v2\/tags?post=471"}],"curies":[{"name":"wp","href":"https:\/\/api.w.org\/{rel}","templated":true}]}}