{"id":466,"date":"2026-05-01T19:30:08","date_gmt":"2026-05-01T16:30:08","guid":{"rendered":"https:\/\/tralleskop.com\/index.php\/2026\/05\/01\/avrupa-merkez-bankasi-faiz-oranlarini-enflasyon-tehdidi-karsisinda-sabit-tutuyor-2\/"},"modified":"2026-05-01T19:30:08","modified_gmt":"2026-05-01T16:30:08","slug":"avrupa-merkez-bankasi-faiz-oranlarini-enflasyon-tehdidi-karsisinda-sabit-tutuyor-2","status":"publish","type":"post","link":"https:\/\/tralleskop.com\/index.php\/2026\/05\/01\/avrupa-merkez-bankasi-faiz-oranlarini-enflasyon-tehdidi-karsisinda-sabit-tutuyor-2\/","title":{"rendered":"Avrupa Merkez Bankas\u0131 Faiz Oranlar\u0131n\u0131 Enflasyon Tehdidi Kar\u015f\u0131s\u0131nda Sabit Tutuyor"},"content":{"rendered":"<p>Avrupa Merkez Bankas\u0131 (ECB), per\u015fembe g\u00fcn\u00fc yapt\u0131\u011f\u0131 toplant\u0131da, enflasyon tehdidi kar\u015f\u0131s\u0131nda faiz oranlar\u0131n\u0131 de\u011fi\u015ftirmemeye karar verdi. ECB&#8217;nin y\u00f6netim kurulu, benchmark \u0434\u0435\u043fozit tesisi faiz oran\u0131n\u0131 %2&#8217;de sabit tutmaya karar verdi. Bu karar, ekonomistler ve yat\u0131r\u0131mc\u0131lar taraf\u0131ndan yak\u0131ndan takip ediliyor, \u00e7\u00fcnk\u00fc Avrupa Birli\u011fi&#8217;nde enflasyon oranlar\u0131 son aylarda art\u0131\u015f g\u00f6steriyor.<\/p>\n<p>Avrupa Merkez Bankas\u0131, enflasyonla m\u00fccadele etmek i\u00e7in faiz oranlar\u0131n\u0131 y\u00fckseltmek zorunda kalabilir. Ancak, ayn\u0131 zamanda ekonomide b\u00fcy\u00fcmeyi te\u015fvik etmek i\u00e7in faiz oranlar\u0131n\u0131 d\u00fc\u015f\u00fcrmek de gerekiyor. ECB, bu zorlu durumda do\u011fru karar vermek i\u00e7in \u00e7al\u0131\u015fmalar\u0131n\u0131 s\u00fcrd\u00fcr\u00fcyor.<\/p>\n<p>ECB&#8217;nin faiz oranlar\u0131n\u0131 sabit tutmas\u0131, Avrupa ekonomisi i\u00e7in \u00f6nemli bir geli\u015fme. Avrupa&#8217;da enflasyon oran\u0131 %2&#8217;nin \u00fczerinde seyrediyor ve bu durum ekonomide b\u00fcy\u00fcmeyi olumsuz etkileyebiliyor. ECB, enflasyonu kontrol alt\u0131na almak i\u00e7in faiz oranlar\u0131n\u0131 y\u00fckseltmeyi planl\u0131yor, ancak bu karar\u0131 verirken ayn\u0131 zamanda ekonomide b\u00fcy\u00fcmeyi te\u015fvik etmeyi de g\u00f6z \u00f6n\u00fcnde bulunduruyor.<\/p>\n<p>Avrupa Merkez Bankas\u0131&#8217;n\u0131n faiz oranlar\u0131n\u0131 sabit tutmas\u0131, dolar ve euro aras\u0131ndaki d\u00f6viz kurunu da etkileyebilir. D\u00f6viz kuru, ekonomide b\u00fcy\u00fcmeye ve enflasyona do\u011frudan etki eden bir fakt\u00f6r. ECB&#8217;nin kararlar\u0131, dolar ve euro aras\u0131ndaki d\u00f6viz kurunu da etkileyebilir.<\/p>\n<p>Avrupa&#8217;da enflasyon oranlar\u0131, ECB&#8217;nin faiz oranlar\u0131na\u5f71\u97ff eden \u00f6nemli bir fakt\u00f6r. ECB, enflasyonu kontrol alt\u0131na almak i\u00e7in faiz oranlar\u0131n\u0131 y\u00fckseltmeyi planl\u0131yor. Ancak, bu karar\u0131 verirken ayn\u0131 zamanda ekonomide b\u00fcy\u00fcmeyi te\u015fvik etmeyi de g\u00f6z \u00f6n\u00fcnde bulunduruyor. Avrupa Merkez Bankas\u0131, enflasyonla m\u00fccadele etmek i\u00e7in faiz oranlar\u0131n\u0131 y\u00fckseltmek zorunda kalabilir, ancak bu karar\u0131 verirken ayn\u0131 zamanda ekonomide b\u00fcy\u00fcmeyi te\u015fvik etmeyi de g\u00f6z \u00f6n\u00fcnde bulunduruyor.<\/p>\n<p>Avrupa Merkez Bankas\u0131&#8217;n\u0131n faiz oranlar\u0131n\u0131 sabit tutmas\u0131, ekonomistler ve yat\u0131r\u0131mc\u0131lar taraf\u0131ndan yak\u0131ndan takip ediliyor. ECB&#8217;nin kararlar\u0131, Avrupa ekonomisi i\u00e7in \u00f6nemli bir geli\u015fme. Avrupa&#8217;da enflasyon oran\u0131 %2&#8217;nin \u00fczerinde seyrediyor ve bu durum ekonomide b\u00fcy\u00fcmeyi olumsuz etkileyebiliyor. ECB, enflasyonu kontrol alt\u0131na almak i\u00e7in faiz oranlar\u0131n\u0131 y\u00fckseltmeyi planl\u0131yor, ancak bu karar\u0131 verirken ayn\u0131 zamanda ekonomide b\u00fcy\u00fcmeyi te\u015fvik etmeyi de g\u00f6z \u00f6n\u00fcnde bulunduruyor.<\/p>\n<p>Sonu\u00e7 olarak, Avrupa Merkez Bankas\u0131&#8217;n\u0131n faiz oranlar\u0131n\u0131 sabit tutmas\u0131, Avrupa ekonomisi i\u00e7in \u00f6nemli bir geli\u015fme. ECB, enflasyonu kontrol alt\u0131na almak i\u00e7in faiz oranlar\u0131n\u0131 y\u00fckseltmeyi planl\u0131yor, ancak bu karar\u0131 verirken ayn\u0131 zamanda ekonomide b\u00fcy\u00fcmeyi te\u015fvik etmeyi de g\u00f6z \u00f6n\u00fcnde bulunduruyor. Avrupa&#8217;da enflasyon oran\u0131 %2&#8217;nin \u00fczerinde seyrediyor ve bu durum ekonomide b\u00fcy\u00fcmeyi olumsuz etkileyebiliyor. ECB&#8217;nin kararlar\u0131, dolar ve euro aras\u0131ndaki d\u00f6viz kurunu da etkileyebilir.<\/p>\n","protected":false},"excerpt":{"rendered":"<p>Avrupa Merkez Bankas\u0131 (ECB), per\u015fembe g\u00fcn\u00fc yapt\u0131\u011f\u0131 toplant\u0131da, enflasyon tehdidi kar\u015f\u0131s\u0131nda faiz oranlar\u0131n\u0131 de\u011fi\u015ftirmemeye karar verdi. ECB&#8217;nin y\u00f6netim kurulu, benchmark \u0434\u0435\u043fozit tesisi faiz oran\u0131n\u0131 %2&#8217;de sabit tutmaya karar verdi. Bu karar, ekonomistler ve yat\u0131r\u0131mc\u0131lar taraf\u0131ndan yak\u0131ndan takip ediliyor, \u00e7\u00fcnk\u00fc Avrupa Birli\u011fi&#8217;nde enflasyon oranlar\u0131 son aylarda art\u0131\u015f g\u00f6steriyor. Avrupa Merkez Bankas\u0131, enflasyonla m\u00fccadele etmek i\u00e7in faiz [&hellip;]<\/p>\n","protected":false},"author":3,"featured_media":467,"comment_status":"open","ping_status":"open","sticky":false,"template":"","format":"standard","meta":{"googlesitekit_rrm_CAow15e3DA:productID":"","_coblocks_attr":"","_coblocks_dimensions":"","_coblocks_responsive_height":"","_coblocks_accordion_ie_support":"","_ai_summary":"Avrupa Merkez Bankas\u0131, per\u015fembe g\u00fcn\u00fc yapt\u0131\u011f\u0131 toplant\u0131da faiz oranlar\u0131n\u0131 %2'de sabit tutmaya karar verdi.\nECB, enflasyonu kontrol alt\u0131na almak i\u00e7in faiz oranlar\u0131n\u0131 y\u00fckseltmeyi planl\u0131yor, ancak bu karar\u0131 verirken ayn\u0131 zamanda ekonomide b\u00fcy\u00fcmeyi te\u015fvik etmeyi de g\u00f6z \u00f6n\u00fcnde bulunduruyor.\nAvrupa'da enflasyon oran\u0131 %2'nin \u00fczerinde seyrediyor ve bu durum ekonomide b\u00fcy\u00fcmeyi olumsuz etkileyebiliyor.","_external_image_url":"https:\/\/image.cnbcfm.com\/api\/v1\/image\/108051578-17296887102024-09-12t143647z_694158656_rc21z9a42rd9_rtrmadp_0_ecb-policy.jpeg?v=1729688732&w=1920&h=1080","footnotes":""},"categories":[1],"tags":[],"class_list":["post-466","post","type-post","status-publish","format-standard","has-post-thumbnail","hentry","category-arsiv"],"yoast_head":"<!-- This site is optimized with the Yoast SEO plugin v27.5 - https:\/\/yoast.com\/product\/yoast-seo-wordpress\/ -->\n<title>Avrupa Merkez Bankas\u0131 Faiz Oranlar\u0131n\u0131 Enflasyon Tehdidi Kar\u015f\u0131s\u0131nda Sabit Tutuyor - Tralleskop<\/title>\n<meta name=\"robots\" content=\"index, follow, max-snippet:-1, max-image-preview:large, max-video-preview:-1\" \/>\n<link rel=\"canonical\" href=\"https:\/\/tralleskop.com\/index.php\/2026\/05\/01\/avrupa-merkez-bankasi-faiz-oranlarini-enflasyon-tehdidi-karsisinda-sabit-tutuyor-2\/\" \/>\n<meta property=\"og:locale\" content=\"tr_TR\" \/>\n<meta property=\"og:type\" content=\"article\" \/>\n<meta property=\"og:title\" content=\"Avrupa Merkez Bankas\u0131 Faiz Oranlar\u0131n\u0131 Enflasyon Tehdidi Kar\u015f\u0131s\u0131nda Sabit Tutuyor - Tralleskop\" \/>\n<meta property=\"og:description\" content=\"Avrupa Merkez Bankas\u0131 (ECB), per\u015fembe g\u00fcn\u00fc yapt\u0131\u011f\u0131 toplant\u0131da, enflasyon tehdidi kar\u015f\u0131s\u0131nda faiz oranlar\u0131n\u0131 de\u011fi\u015ftirmemeye karar verdi. ECB&#8217;nin y\u00f6netim kurulu, benchmark \u0434\u0435\u043fozit tesisi faiz oran\u0131n\u0131 %2&#8217;de sabit tutmaya karar verdi. Bu karar, ekonomistler ve yat\u0131r\u0131mc\u0131lar taraf\u0131ndan yak\u0131ndan takip ediliyor, \u00e7\u00fcnk\u00fc Avrupa Birli\u011fi&#8217;nde enflasyon oranlar\u0131 son aylarda art\u0131\u015f g\u00f6steriyor. Avrupa Merkez Bankas\u0131, enflasyonla m\u00fccadele etmek i\u00e7in faiz [&hellip;]\" \/>\n<meta property=\"og:url\" content=\"https:\/\/tralleskop.com\/index.php\/2026\/05\/01\/avrupa-merkez-bankasi-faiz-oranlarini-enflasyon-tehdidi-karsisinda-sabit-tutuyor-2\/\" \/>\n<meta property=\"og:site_name\" content=\"Tralleskop\" \/>\n<meta property=\"article:published_time\" content=\"2026-05-01T16:30:08+00:00\" \/>\n<meta name=\"author\" content=\"Yapay Zeka\" \/>\n<meta name=\"twitter:card\" content=\"summary_large_image\" \/>\n<meta name=\"twitter:label1\" content=\"Yazan:\" \/>\n\t<meta name=\"twitter:data1\" content=\"Yapay Zeka\" \/>\n\t<meta name=\"twitter:label2\" content=\"Tahmini okuma s\u00fcresi\" \/>\n\t<meta name=\"twitter:data2\" content=\"2 dakika\" \/>\n<script type=\"application\/ld+json\" class=\"yoast-schema-graph\">{\"@context\":\"https:\\\/\\\/schema.org\",\"@graph\":[{\"@type\":\"Article\",\"@id\":\"https:\\\/\\\/tralleskop.com\\\/index.php\\\/2026\\\/05\\\/01\\\/avrupa-merkez-bankasi-faiz-oranlarini-enflasyon-tehdidi-karsisinda-sabit-tutuyor-2\\\/#article\",\"isPartOf\":{\"@id\":\"https:\\\/\\\/tralleskop.com\\\/index.php\\\/2026\\\/05\\\/01\\\/avrupa-merkez-bankasi-faiz-oranlarini-enflasyon-tehdidi-karsisinda-sabit-tutuyor-2\\\/\"},\"author\":{\"name\":\"Yapay Zeka\",\"@id\":\"https:\\\/\\\/tralleskop.com\\\/#\\\/schema\\\/person\\\/07eabec51c3edefcb97f005e5a24dc85\"},\"headline\":\"Avrupa Merkez Bankas\u0131 Faiz Oranlar\u0131n\u0131 Enflasyon Tehdidi Kar\u015f\u0131s\u0131nda Sabit Tutuyor\",\"datePublished\":\"2026-05-01T16:30:08+00:00\",\"mainEntityOfPage\":{\"@id\":\"https:\\\/\\\/tralleskop.com\\\/index.php\\\/2026\\\/05\\\/01\\\/avrupa-merkez-bankasi-faiz-oranlarini-enflasyon-tehdidi-karsisinda-sabit-tutuyor-2\\\/\"},\"wordCount\":550,\"commentCount\":0,\"publisher\":{\"@id\":\"https:\\\/\\\/tralleskop.com\\\/#organization\"},\"image\":{\"@id\":\"https:\\\/\\\/tralleskop.com\\\/index.php\\\/2026\\\/05\\\/01\\\/avrupa-merkez-bankasi-faiz-oranlarini-enflasyon-tehdidi-karsisinda-sabit-tutuyor-2\\\/#primaryimage\"},\"thumbnailUrl\":\"https:\\\/\\\/tralleskop.com\\\/wp-content\\\/uploads\\\/2026\\\/05\\\/108051578-17296887102024-09-12t143647z_694158656_rc21z9a42rd9_rtrmadp_0_ecb-policy.jpeg-1.jpg\",\"articleSection\":[\"Ar\u015fiv\"],\"inLanguage\":\"tr\",\"potentialAction\":[{\"@type\":\"CommentAction\",\"name\":\"Comment\",\"target\":[\"https:\\\/\\\/tralleskop.com\\\/index.php\\\/2026\\\/05\\\/01\\\/avrupa-merkez-bankasi-faiz-oranlarini-enflasyon-tehdidi-karsisinda-sabit-tutuyor-2\\\/#respond\"]}]},{\"@type\":\"WebPage\",\"@id\":\"https:\\\/\\\/tralleskop.com\\\/index.php\\\/2026\\\/05\\\/01\\\/avrupa-merkez-bankasi-faiz-oranlarini-enflasyon-tehdidi-karsisinda-sabit-tutuyor-2\\\/\",\"url\":\"https:\\\/\\\/tralleskop.com\\\/index.php\\\/2026\\\/05\\\/01\\\/avrupa-merkez-bankasi-faiz-oranlarini-enflasyon-tehdidi-karsisinda-sabit-tutuyor-2\\\/\",\"name\":\"Avrupa Merkez Bankas\u0131 Faiz Oranlar\u0131n\u0131 Enflasyon Tehdidi Kar\u015f\u0131s\u0131nda Sabit Tutuyor - Tralleskop\",\"isPartOf\":{\"@id\":\"https:\\\/\\\/tralleskop.com\\\/#website\"},\"primaryImageOfPage\":{\"@id\":\"https:\\\/\\\/tralleskop.com\\\/index.php\\\/2026\\\/05\\\/01\\\/avrupa-merkez-bankasi-faiz-oranlarini-enflasyon-tehdidi-karsisinda-sabit-tutuyor-2\\\/#primaryimage\"},\"image\":{\"@id\":\"https:\\\/\\\/tralleskop.com\\\/index.php\\\/2026\\\/05\\\/01\\\/avrupa-merkez-bankasi-faiz-oranlarini-enflasyon-tehdidi-karsisinda-sabit-tutuyor-2\\\/#primaryimage\"},\"thumbnailUrl\":\"https:\\\/\\\/tralleskop.com\\\/wp-content\\\/uploads\\\/2026\\\/05\\\/108051578-17296887102024-09-12t143647z_694158656_rc21z9a42rd9_rtrmadp_0_ecb-policy.jpeg-1.jpg\",\"datePublished\":\"2026-05-01T16:30:08+00:00\",\"breadcrumb\":{\"@id\":\"https:\\\/\\\/tralleskop.com\\\/index.php\\\/2026\\\/05\\\/01\\\/avrupa-merkez-bankasi-faiz-oranlarini-enflasyon-tehdidi-karsisinda-sabit-tutuyor-2\\\/#breadcrumb\"},\"inLanguage\":\"tr\",\"potentialAction\":[{\"@type\":\"ReadAction\",\"target\":[\"https:\\\/\\\/tralleskop.com\\\/index.php\\\/2026\\\/05\\\/01\\\/avrupa-merkez-bankasi-faiz-oranlarini-enflasyon-tehdidi-karsisinda-sabit-tutuyor-2\\\/\"]}]},{\"@type\":\"ImageObject\",\"inLanguage\":\"tr\",\"@id\":\"https:\\\/\\\/tralleskop.com\\\/index.php\\\/2026\\\/05\\\/01\\\/avrupa-merkez-bankasi-faiz-oranlarini-enflasyon-tehdidi-karsisinda-sabit-tutuyor-2\\\/#primaryimage\",\"url\":\"https:\\\/\\\/tralleskop.com\\\/wp-content\\\/uploads\\\/2026\\\/05\\\/108051578-17296887102024-09-12t143647z_694158656_rc21z9a42rd9_rtrmadp_0_ecb-policy.jpeg-1.jpg\",\"contentUrl\":\"https:\\\/\\\/tralleskop.com\\\/wp-content\\\/uploads\\\/2026\\\/05\\\/108051578-17296887102024-09-12t143647z_694158656_rc21z9a42rd9_rtrmadp_0_ecb-policy.jpeg-1.jpg\",\"width\":1920,\"height\":1080},{\"@type\":\"BreadcrumbList\",\"@id\":\"https:\\\/\\\/tralleskop.com\\\/index.php\\\/2026\\\/05\\\/01\\\/avrupa-merkez-bankasi-faiz-oranlarini-enflasyon-tehdidi-karsisinda-sabit-tutuyor-2\\\/#breadcrumb\",\"itemListElement\":[{\"@type\":\"ListItem\",\"position\":1,\"name\":\"Anasayfa\",\"item\":\"https:\\\/\\\/tralleskop.com\\\/\"},{\"@type\":\"ListItem\",\"position\":2,\"name\":\"Avrupa Merkez Bankas\u0131 Faiz Oranlar\u0131n\u0131 Enflasyon Tehdidi Kar\u015f\u0131s\u0131nda Sabit Tutuyor\"}]},{\"@type\":\"WebSite\",\"@id\":\"https:\\\/\\\/tralleskop.com\\\/#website\",\"url\":\"https:\\\/\\\/tralleskop.com\\\/\",\"name\":\"Tralleskop\",\"description\":\"\",\"publisher\":{\"@id\":\"https:\\\/\\\/tralleskop.com\\\/#organization\"},\"potentialAction\":[{\"@type\":\"SearchAction\",\"target\":{\"@type\":\"EntryPoint\",\"urlTemplate\":\"https:\\\/\\\/tralleskop.com\\\/?s={search_term_string}\"},\"query-input\":{\"@type\":\"PropertyValueSpecification\",\"valueRequired\":true,\"valueName\":\"search_term_string\"}}],\"inLanguage\":\"tr\"},{\"@type\":\"Organization\",\"@id\":\"https:\\\/\\\/tralleskop.com\\\/#organization\",\"name\":\"Tralleskop\",\"url\":\"https:\\\/\\\/tralleskop.com\\\/\",\"logo\":{\"@type\":\"ImageObject\",\"inLanguage\":\"tr\",\"@id\":\"https:\\\/\\\/tralleskop.com\\\/#\\\/schema\\\/logo\\\/image\\\/\",\"url\":\"https:\\\/\\\/tralleskop.com\\\/wp-content\\\/uploads\\\/2026\\\/03\\\/logo-1.png\",\"contentUrl\":\"https:\\\/\\\/tralleskop.com\\\/wp-content\\\/uploads\\\/2026\\\/03\\\/logo-1.png\",\"width\":2048,\"height\":2048,\"caption\":\"Tralleskop\"},\"image\":{\"@id\":\"https:\\\/\\\/tralleskop.com\\\/#\\\/schema\\\/logo\\\/image\\\/\"},\"sameAs\":[\"https:\\\/\\\/instagram.com\\\/tralleskop\"]},{\"@type\":\"Person\",\"@id\":\"https:\\\/\\\/tralleskop.com\\\/#\\\/schema\\\/person\\\/07eabec51c3edefcb97f005e5a24dc85\",\"name\":\"Yapay Zeka\",\"image\":{\"@type\":\"ImageObject\",\"inLanguage\":\"tr\",\"@id\":\"https:\\\/\\\/secure.gravatar.com\\\/avatar\\\/e77edf5bd5f891271e5db451c58207840f707caf056fe282ae8443fe299d6b9c?s=96&d=mm&r=g\",\"url\":\"https:\\\/\\\/secure.gravatar.com\\\/avatar\\\/e77edf5bd5f891271e5db451c58207840f707caf056fe282ae8443fe299d6b9c?s=96&d=mm&r=g\",\"contentUrl\":\"https:\\\/\\\/secure.gravatar.com\\\/avatar\\\/e77edf5bd5f891271e5db451c58207840f707caf056fe282ae8443fe299d6b9c?s=96&d=mm&r=g\",\"caption\":\"Yapay Zeka\"},\"url\":\"https:\\\/\\\/tralleskop.com\\\/index.php\\\/author\\\/yapayzeka\\\/\"}]}<\/script>\n<!-- \/ Yoast SEO plugin. -->","yoast_head_json":{"title":"Avrupa Merkez Bankas\u0131 Faiz Oranlar\u0131n\u0131 Enflasyon Tehdidi Kar\u015f\u0131s\u0131nda Sabit Tutuyor - Tralleskop","robots":{"index":"index","follow":"follow","max-snippet":"max-snippet:-1","max-image-preview":"max-image-preview:large","max-video-preview":"max-video-preview:-1"},"canonical":"https:\/\/tralleskop.com\/index.php\/2026\/05\/01\/avrupa-merkez-bankasi-faiz-oranlarini-enflasyon-tehdidi-karsisinda-sabit-tutuyor-2\/","og_locale":"tr_TR","og_type":"article","og_title":"Avrupa Merkez Bankas\u0131 Faiz Oranlar\u0131n\u0131 Enflasyon Tehdidi Kar\u015f\u0131s\u0131nda Sabit Tutuyor - Tralleskop","og_description":"Avrupa Merkez Bankas\u0131 (ECB), per\u015fembe g\u00fcn\u00fc yapt\u0131\u011f\u0131 toplant\u0131da, enflasyon tehdidi kar\u015f\u0131s\u0131nda faiz oranlar\u0131n\u0131 de\u011fi\u015ftirmemeye karar verdi. ECB&#8217;nin y\u00f6netim kurulu, benchmark \u0434\u0435\u043fozit tesisi faiz oran\u0131n\u0131 %2&#8217;de sabit tutmaya karar verdi. Bu karar, ekonomistler ve yat\u0131r\u0131mc\u0131lar taraf\u0131ndan yak\u0131ndan takip ediliyor, \u00e7\u00fcnk\u00fc Avrupa Birli\u011fi&#8217;nde enflasyon oranlar\u0131 son aylarda art\u0131\u015f g\u00f6steriyor. Avrupa Merkez Bankas\u0131, enflasyonla m\u00fccadele etmek i\u00e7in faiz [&hellip;]","og_url":"https:\/\/tralleskop.com\/index.php\/2026\/05\/01\/avrupa-merkez-bankasi-faiz-oranlarini-enflasyon-tehdidi-karsisinda-sabit-tutuyor-2\/","og_site_name":"Tralleskop","article_published_time":"2026-05-01T16:30:08+00:00","author":"Yapay Zeka","twitter_card":"summary_large_image","twitter_misc":{"Yazan:":"Yapay Zeka","Tahmini okuma s\u00fcresi":"2 dakika"},"schema":{"@context":"https:\/\/schema.org","@graph":[{"@type":"Article","@id":"https:\/\/tralleskop.com\/index.php\/2026\/05\/01\/avrupa-merkez-bankasi-faiz-oranlarini-enflasyon-tehdidi-karsisinda-sabit-tutuyor-2\/#article","isPartOf":{"@id":"https:\/\/tralleskop.com\/index.php\/2026\/05\/01\/avrupa-merkez-bankasi-faiz-oranlarini-enflasyon-tehdidi-karsisinda-sabit-tutuyor-2\/"},"author":{"name":"Yapay Zeka","@id":"https:\/\/tralleskop.com\/#\/schema\/person\/07eabec51c3edefcb97f005e5a24dc85"},"headline":"Avrupa Merkez Bankas\u0131 Faiz Oranlar\u0131n\u0131 Enflasyon Tehdidi Kar\u015f\u0131s\u0131nda Sabit Tutuyor","datePublished":"2026-05-01T16:30:08+00:00","mainEntityOfPage":{"@id":"https:\/\/tralleskop.com\/index.php\/2026\/05\/01\/avrupa-merkez-bankasi-faiz-oranlarini-enflasyon-tehdidi-karsisinda-sabit-tutuyor-2\/"},"wordCount":550,"commentCount":0,"publisher":{"@id":"https:\/\/tralleskop.com\/#organization"},"image":{"@id":"https:\/\/tralleskop.com\/index.php\/2026\/05\/01\/avrupa-merkez-bankasi-faiz-oranlarini-enflasyon-tehdidi-karsisinda-sabit-tutuyor-2\/#primaryimage"},"thumbnailUrl":"https:\/\/tralleskop.com\/wp-content\/uploads\/2026\/05\/108051578-17296887102024-09-12t143647z_694158656_rc21z9a42rd9_rtrmadp_0_ecb-policy.jpeg-1.jpg","articleSection":["Ar\u015fiv"],"inLanguage":"tr","potentialAction":[{"@type":"CommentAction","name":"Comment","target":["https:\/\/tralleskop.com\/index.php\/2026\/05\/01\/avrupa-merkez-bankasi-faiz-oranlarini-enflasyon-tehdidi-karsisinda-sabit-tutuyor-2\/#respond"]}]},{"@type":"WebPage","@id":"https:\/\/tralleskop.com\/index.php\/2026\/05\/01\/avrupa-merkez-bankasi-faiz-oranlarini-enflasyon-tehdidi-karsisinda-sabit-tutuyor-2\/","url":"https:\/\/tralleskop.com\/index.php\/2026\/05\/01\/avrupa-merkez-bankasi-faiz-oranlarini-enflasyon-tehdidi-karsisinda-sabit-tutuyor-2\/","name":"Avrupa Merkez Bankas\u0131 Faiz Oranlar\u0131n\u0131 Enflasyon Tehdidi Kar\u015f\u0131s\u0131nda Sabit Tutuyor - Tralleskop","isPartOf":{"@id":"https:\/\/tralleskop.com\/#website"},"primaryImageOfPage":{"@id":"https:\/\/tralleskop.com\/index.php\/2026\/05\/01\/avrupa-merkez-bankasi-faiz-oranlarini-enflasyon-tehdidi-karsisinda-sabit-tutuyor-2\/#primaryimage"},"image":{"@id":"https:\/\/tralleskop.com\/index.php\/2026\/05\/01\/avrupa-merkez-bankasi-faiz-oranlarini-enflasyon-tehdidi-karsisinda-sabit-tutuyor-2\/#primaryimage"},"thumbnailUrl":"https:\/\/tralleskop.com\/wp-content\/uploads\/2026\/05\/108051578-17296887102024-09-12t143647z_694158656_rc21z9a42rd9_rtrmadp_0_ecb-policy.jpeg-1.jpg","datePublished":"2026-05-01T16:30:08+00:00","breadcrumb":{"@id":"https:\/\/tralleskop.com\/index.php\/2026\/05\/01\/avrupa-merkez-bankasi-faiz-oranlarini-enflasyon-tehdidi-karsisinda-sabit-tutuyor-2\/#breadcrumb"},"inLanguage":"tr","potentialAction":[{"@type":"ReadAction","target":["https:\/\/tralleskop.com\/index.php\/2026\/05\/01\/avrupa-merkez-bankasi-faiz-oranlarini-enflasyon-tehdidi-karsisinda-sabit-tutuyor-2\/"]}]},{"@type":"ImageObject","inLanguage":"tr","@id":"https:\/\/tralleskop.com\/index.php\/2026\/05\/01\/avrupa-merkez-bankasi-faiz-oranlarini-enflasyon-tehdidi-karsisinda-sabit-tutuyor-2\/#primaryimage","url":"https:\/\/tralleskop.com\/wp-content\/uploads\/2026\/05\/108051578-17296887102024-09-12t143647z_694158656_rc21z9a42rd9_rtrmadp_0_ecb-policy.jpeg-1.jpg","contentUrl":"https:\/\/tralleskop.com\/wp-content\/uploads\/2026\/05\/108051578-17296887102024-09-12t143647z_694158656_rc21z9a42rd9_rtrmadp_0_ecb-policy.jpeg-1.jpg","width":1920,"height":1080},{"@type":"BreadcrumbList","@id":"https:\/\/tralleskop.com\/index.php\/2026\/05\/01\/avrupa-merkez-bankasi-faiz-oranlarini-enflasyon-tehdidi-karsisinda-sabit-tutuyor-2\/#breadcrumb","itemListElement":[{"@type":"ListItem","position":1,"name":"Anasayfa","item":"https:\/\/tralleskop.com\/"},{"@type":"ListItem","position":2,"name":"Avrupa Merkez Bankas\u0131 Faiz Oranlar\u0131n\u0131 Enflasyon Tehdidi Kar\u015f\u0131s\u0131nda Sabit Tutuyor"}]},{"@type":"WebSite","@id":"https:\/\/tralleskop.com\/#website","url":"https:\/\/tralleskop.com\/","name":"Tralleskop","description":"","publisher":{"@id":"https:\/\/tralleskop.com\/#organization"},"potentialAction":[{"@type":"SearchAction","target":{"@type":"EntryPoint","urlTemplate":"https:\/\/tralleskop.com\/?s={search_term_string}"},"query-input":{"@type":"PropertyValueSpecification","valueRequired":true,"valueName":"search_term_string"}}],"inLanguage":"tr"},{"@type":"Organization","@id":"https:\/\/tralleskop.com\/#organization","name":"Tralleskop","url":"https:\/\/tralleskop.com\/","logo":{"@type":"ImageObject","inLanguage":"tr","@id":"https:\/\/tralleskop.com\/#\/schema\/logo\/image\/","url":"https:\/\/tralleskop.com\/wp-content\/uploads\/2026\/03\/logo-1.png","contentUrl":"https:\/\/tralleskop.com\/wp-content\/uploads\/2026\/03\/logo-1.png","width":2048,"height":2048,"caption":"Tralleskop"},"image":{"@id":"https:\/\/tralleskop.com\/#\/schema\/logo\/image\/"},"sameAs":["https:\/\/instagram.com\/tralleskop"]},{"@type":"Person","@id":"https:\/\/tralleskop.com\/#\/schema\/person\/07eabec51c3edefcb97f005e5a24dc85","name":"Yapay Zeka","image":{"@type":"ImageObject","inLanguage":"tr","@id":"https:\/\/secure.gravatar.com\/avatar\/e77edf5bd5f891271e5db451c58207840f707caf056fe282ae8443fe299d6b9c?s=96&d=mm&r=g","url":"https:\/\/secure.gravatar.com\/avatar\/e77edf5bd5f891271e5db451c58207840f707caf056fe282ae8443fe299d6b9c?s=96&d=mm&r=g","contentUrl":"https:\/\/secure.gravatar.com\/avatar\/e77edf5bd5f891271e5db451c58207840f707caf056fe282ae8443fe299d6b9c?s=96&d=mm&r=g","caption":"Yapay Zeka"},"url":"https:\/\/tralleskop.com\/index.php\/author\/yapayzeka\/"}]}},"jetpack_featured_media_url":"https:\/\/tralleskop.com\/wp-content\/uploads\/2026\/05\/108051578-17296887102024-09-12t143647z_694158656_rc21z9a42rd9_rtrmadp_0_ecb-policy.jpeg-1.jpg","_links":{"self":[{"href":"https:\/\/tralleskop.com\/index.php\/wp-json\/wp\/v2\/posts\/466","targetHints":{"allow":["GET"]}}],"collection":[{"href":"https:\/\/tralleskop.com\/index.php\/wp-json\/wp\/v2\/posts"}],"about":[{"href":"https:\/\/tralleskop.com\/index.php\/wp-json\/wp\/v2\/types\/post"}],"author":[{"embeddable":true,"href":"https:\/\/tralleskop.com\/index.php\/wp-json\/wp\/v2\/users\/3"}],"replies":[{"embeddable":true,"href":"https:\/\/tralleskop.com\/index.php\/wp-json\/wp\/v2\/comments?post=466"}],"version-history":[{"count":0,"href":"https:\/\/tralleskop.com\/index.php\/wp-json\/wp\/v2\/posts\/466\/revisions"}],"wp:featuredmedia":[{"embeddable":true,"href":"https:\/\/tralleskop.com\/index.php\/wp-json\/wp\/v2\/media\/467"}],"wp:attachment":[{"href":"https:\/\/tralleskop.com\/index.php\/wp-json\/wp\/v2\/media?parent=466"}],"wp:term":[{"taxonomy":"category","embeddable":true,"href":"https:\/\/tralleskop.com\/index.php\/wp-json\/wp\/v2\/categories?post=466"},{"taxonomy":"post_tag","embeddable":true,"href":"https:\/\/tralleskop.com\/index.php\/wp-json\/wp\/v2\/tags?post=466"}],"curies":[{"name":"wp","href":"https:\/\/api.w.org\/{rel}","templated":true}]}}