{"id":463,"date":"2026-05-01T19:00:08","date_gmt":"2026-05-01T16:00:08","guid":{"rendered":"https:\/\/tralleskop.com\/index.php\/2026\/05\/01\/londrada-2-yahudi-adamin-bicaklanmasi-saldirinin-detaylari\/"},"modified":"2026-05-01T19:00:08","modified_gmt":"2026-05-01T16:00:08","slug":"londrada-2-yahudi-adamin-bicaklanmasi-saldirinin-detaylari","status":"publish","type":"post","link":"https:\/\/tralleskop.com\/index.php\/2026\/05\/01\/londrada-2-yahudi-adamin-bicaklanmasi-saldirinin-detaylari\/","title":{"rendered":"Londra&#8217;da 2 Yahudi Adam\u0131n B\u0131\u00e7aklanmas\u0131: Sald\u0131r\u0131n\u0131n Detaylar\u0131"},"content":{"rendered":"<p>Londra&#8217;da meydana gelen ve iki Yahudi adam\u0131n b\u0131\u00e7aklanmas\u0131na neden olan sald\u0131r\u0131n\u0131n detaylar\u0131 yava\u015f yava\u015f ortaya \u00e7\u0131kmaya ba\u015flad\u0131. Sald\u0131r\u0131, Londra&#8217;n\u0131n bir semtinde ger\u00e7ekle\u015fti ve yerel yetkililer hemen olay yerine m\u00fcdahale etti. Sald\u0131r\u0131n\u0131n ard\u0131ndan r\u00e9gionde geni\u015f \u00e7apl\u0131 bir ara\u015ft\u0131rma ba\u015flat\u0131ld\u0131 ve yetkililer sald\u0131r\u0131n\u0131n arkas\u0131nda kimin veya hangi \u00f6rg\u00fct\u00fcn oldu\u011fu konusunda \u00e7al\u0131\u015fmaya devam ediyor.<\/p>\n<p>Sald\u0131r\u0131dan etkilenen iki Yahudi adam\u0131n durumunun a\u011f\u0131r oldu\u011fu \u00f6\u011frenildi. Yetkililer, olay\u0131n ayr\u0131nt\u0131lar\u0131n\u0131 payla\u015fmak i\u00e7inBas\u0131na a\u00e7\u0131klamalar yapt\u0131 ve sald\u0131r\u0131n\u0131n motivoasyonunu \u00f6\u011frenmek i\u00e7in yo\u011fun bir \u00e7al\u0131\u015fma i\u00e7inde olduklar\u0131n\u0131 a\u00e7\u0131klad\u0131lar.<\/p>\n<p>Londra&#8217;da ya\u015fanan bu olay, \u015fehrin tarihinde bir ilk de\u011fil. Ge\u00e7mi\u015fte de benzer sald\u0131r\u0131lar ya\u015fanm\u0131\u015ft\u0131 ve yetkililer her defe bu t\u00fcr olaylar\u0131 \u00f6nlemek i\u00e7in g\u00fcvenlik \u00f6nlemlerini artt\u0131rmaya \u00e7al\u0131\u015ft\u0131lar. Ancak bu tarz sald\u0131r\u0131lar\u0131n ya\u015fanmaya devam etmesi, \u015fehrin g\u00fcvelik durumunun hala zay\u0131f oldu\u011funa i\u015faret ediyor.<\/p>\n<p>Sald\u0131r\u0131n\u0131n ard\u0131ndan Londra&#8217;da ya\u015fayan Yahudi toplulu\u011fu, endi\u015fe ve korku i\u00e7inde. Topluluk temsilcileri, yetkililerden daha fazla g\u00fcvenlik \u00f6nlemleri al\u0131nmas\u0131n\u0131 talep etti ve bu t\u00fcr sald\u0131r\u0131lar\u0131n \u00f6nlenmesi i\u00e7in daha etkili \u00f6nlemler al\u0131nmas\u0131 gerekti\u011fini vurgulad\u0131.<\/p>\n<p>Bu olay, sadece Londra&#8217;n\u0131n de\u011fil, t\u00fcm d\u00fcnyan\u0131n g\u00fcndeminde yer ald\u0131. Uluslararas\u0131 toplum, bu t\u00fcr nefret sald\u0131r\u0131lar\u0131na kar\u015f\u0131 g\u00fc\u00e7l\u00fc bir duru\u015f sergilemeli ve bu t\u00fcr su\u00e7lar\u0131n \u00f6nlenmesi i\u00e7in birlikte \u00e7al\u0131\u015fmal\u0131d\u0131r. Sald\u0131r\u0131n\u0131n arkas\u0131nda kimin veya hangi \u00f6rg\u00fct\u00fcn oldu\u011fu hen\u00fcz belli olmasa da, yetkililerin olay\u0131 derinlemesine ara\u015ft\u0131raca\u011f\u0131 ve sorumlular\u0131n hesap verece\u011fi umuluyor.<\/p>\n<p>Sonu\u00e7 olarak, Londra&#8217;da iki Yahudi adam\u0131n b\u0131\u00e7aklanmas\u0131na neden olan sald\u0131r\u0131n\u0131n detaylar\u0131 yava\u015f yava\u015f ortaya \u00e7\u0131kmaya ba\u015flad\u0131. Yetkililer, olay\u0131n motivoasyonunu \u00f6\u011frenmek i\u00e7in \u00e7al\u0131\u015fmaya devam ediyor ve sald\u0131r\u0131n\u0131n ard\u0131ndan r\u00e9gionde geni\u015f \u00e7apl\u0131 bir ara\u015ft\u0131rma ba\u015flat\u0131ld\u0131. Umar\u0131z bahwa bu t\u00fcr sald\u0131r\u0131lar\u0131n \u00f6nlenmesi i\u00e7in daha etkili \u00f6nlemler al\u0131n\u0131r ve uluslararas\u0131 toplum bu t\u00fcr nefret sald\u0131r\u0131lar\u0131na kar\u015f\u0131 g\u00fc\u00e7l\u00fc bir duru\u015f sergiler.<\/p>\n","protected":false},"excerpt":{"rendered":"<p>Londra&#8217;da meydana gelen ve iki Yahudi adam\u0131n b\u0131\u00e7aklanmas\u0131na neden olan sald\u0131r\u0131n\u0131n detaylar\u0131 yava\u015f yava\u015f ortaya \u00e7\u0131kmaya ba\u015flad\u0131. Sald\u0131r\u0131, Londra&#8217;n\u0131n bir semtinde ger\u00e7ekle\u015fti ve yerel yetkililer hemen olay yerine m\u00fcdahale etti. Sald\u0131r\u0131n\u0131n ard\u0131ndan r\u00e9gionde geni\u015f \u00e7apl\u0131 bir ara\u015ft\u0131rma ba\u015flat\u0131ld\u0131 ve yetkililer sald\u0131r\u0131n\u0131n arkas\u0131nda kimin veya hangi \u00f6rg\u00fct\u00fcn oldu\u011fu konusunda \u00e7al\u0131\u015fmaya devam ediyor. Sald\u0131r\u0131dan etkilenen iki Yahudi [&hellip;]<\/p>\n","protected":false},"author":3,"featured_media":0,"comment_status":"open","ping_status":"open","sticky":false,"template":"","format":"standard","meta":{"_coblocks_attr":"","_coblocks_dimensions":"","_coblocks_responsive_height":"","_coblocks_accordion_ie_support":"","_ai_summary":"Londra'da iki Yahudi adam b\u0131\u00e7akland\u0131.\nSald\u0131r\u0131n\u0131n motivoasyonu hen\u00fcz bilinmiyor.\nYetkililer olay\u0131 derinlemesine ara\u015ft\u0131r\u0131yor ve sorumlular\u0131n hesap verece\u011fi umuluyor.","_external_image_url":"","footnotes":""},"categories":[1],"tags":[],"class_list":["post-463","post","type-post","status-publish","format-standard","hentry","category-arsiv"],"yoast_head":"<!-- This site is optimized with the Yoast SEO plugin v27.5 - https:\/\/yoast.com\/product\/yoast-seo-wordpress\/ -->\n<title>Londra&#039;da 2 Yahudi Adam\u0131n B\u0131\u00e7aklanmas\u0131: Sald\u0131r\u0131n\u0131n Detaylar\u0131 - Tralleskop<\/title>\n<meta name=\"robots\" content=\"index, follow, max-snippet:-1, max-image-preview:large, max-video-preview:-1\" \/>\n<link rel=\"canonical\" href=\"https:\/\/tralleskop.com\/index.php\/2026\/05\/01\/londrada-2-yahudi-adamin-bicaklanmasi-saldirinin-detaylari\/\" \/>\n<meta property=\"og:locale\" content=\"tr_TR\" \/>\n<meta property=\"og:type\" content=\"article\" \/>\n<meta property=\"og:title\" content=\"Londra&#039;da 2 Yahudi Adam\u0131n B\u0131\u00e7aklanmas\u0131: Sald\u0131r\u0131n\u0131n Detaylar\u0131 - Tralleskop\" \/>\n<meta property=\"og:description\" content=\"Londra&#8217;da meydana gelen ve iki Yahudi adam\u0131n b\u0131\u00e7aklanmas\u0131na neden olan sald\u0131r\u0131n\u0131n detaylar\u0131 yava\u015f yava\u015f ortaya \u00e7\u0131kmaya ba\u015flad\u0131. Sald\u0131r\u0131, Londra&#8217;n\u0131n bir semtinde ger\u00e7ekle\u015fti ve yerel yetkililer hemen olay yerine m\u00fcdahale etti. Sald\u0131r\u0131n\u0131n ard\u0131ndan r\u00e9gionde geni\u015f \u00e7apl\u0131 bir ara\u015ft\u0131rma ba\u015flat\u0131ld\u0131 ve yetkililer sald\u0131r\u0131n\u0131n arkas\u0131nda kimin veya hangi \u00f6rg\u00fct\u00fcn oldu\u011fu konusunda \u00e7al\u0131\u015fmaya devam ediyor. Sald\u0131r\u0131dan etkilenen iki Yahudi [&hellip;]\" \/>\n<meta property=\"og:url\" content=\"https:\/\/tralleskop.com\/index.php\/2026\/05\/01\/londrada-2-yahudi-adamin-bicaklanmasi-saldirinin-detaylari\/\" \/>\n<meta property=\"og:site_name\" content=\"Tralleskop\" \/>\n<meta property=\"article:published_time\" content=\"2026-05-01T16:00:08+00:00\" \/>\n<meta name=\"author\" content=\"Yapay Zeka\" \/>\n<meta name=\"twitter:card\" content=\"summary_large_image\" \/>\n<meta name=\"twitter:label1\" content=\"Yazan:\" \/>\n\t<meta name=\"twitter:data1\" content=\"Yapay Zeka\" \/>\n\t<meta name=\"twitter:label2\" content=\"Tahmini okuma s\u00fcresi\" \/>\n\t<meta name=\"twitter:data2\" content=\"2 dakika\" \/>\n<script type=\"application\/ld+json\" class=\"yoast-schema-graph\">{\"@context\":\"https:\\\/\\\/schema.org\",\"@graph\":[{\"@type\":\"Article\",\"@id\":\"https:\\\/\\\/tralleskop.com\\\/index.php\\\/2026\\\/05\\\/01\\\/londrada-2-yahudi-adamin-bicaklanmasi-saldirinin-detaylari\\\/#article\",\"isPartOf\":{\"@id\":\"https:\\\/\\\/tralleskop.com\\\/index.php\\\/2026\\\/05\\\/01\\\/londrada-2-yahudi-adamin-bicaklanmasi-saldirinin-detaylari\\\/\"},\"author\":{\"name\":\"Yapay Zeka\",\"@id\":\"https:\\\/\\\/tralleskop.com\\\/#\\\/schema\\\/person\\\/07eabec51c3edefcb97f005e5a24dc85\"},\"headline\":\"Londra&#8217;da 2 Yahudi Adam\u0131n B\u0131\u00e7aklanmas\u0131: Sald\u0131r\u0131n\u0131n Detaylar\u0131\",\"datePublished\":\"2026-05-01T16:00:08+00:00\",\"mainEntityOfPage\":{\"@id\":\"https:\\\/\\\/tralleskop.com\\\/index.php\\\/2026\\\/05\\\/01\\\/londrada-2-yahudi-adamin-bicaklanmasi-saldirinin-detaylari\\\/\"},\"wordCount\":429,\"commentCount\":0,\"publisher\":{\"@id\":\"https:\\\/\\\/tralleskop.com\\\/#organization\"},\"articleSection\":[\"Ar\u015fiv\"],\"inLanguage\":\"tr\",\"potentialAction\":[{\"@type\":\"CommentAction\",\"name\":\"Comment\",\"target\":[\"https:\\\/\\\/tralleskop.com\\\/index.php\\\/2026\\\/05\\\/01\\\/londrada-2-yahudi-adamin-bicaklanmasi-saldirinin-detaylari\\\/#respond\"]}]},{\"@type\":\"WebPage\",\"@id\":\"https:\\\/\\\/tralleskop.com\\\/index.php\\\/2026\\\/05\\\/01\\\/londrada-2-yahudi-adamin-bicaklanmasi-saldirinin-detaylari\\\/\",\"url\":\"https:\\\/\\\/tralleskop.com\\\/index.php\\\/2026\\\/05\\\/01\\\/londrada-2-yahudi-adamin-bicaklanmasi-saldirinin-detaylari\\\/\",\"name\":\"Londra'da 2 Yahudi Adam\u0131n B\u0131\u00e7aklanmas\u0131: Sald\u0131r\u0131n\u0131n Detaylar\u0131 - Tralleskop\",\"isPartOf\":{\"@id\":\"https:\\\/\\\/tralleskop.com\\\/#website\"},\"datePublished\":\"2026-05-01T16:00:08+00:00\",\"breadcrumb\":{\"@id\":\"https:\\\/\\\/tralleskop.com\\\/index.php\\\/2026\\\/05\\\/01\\\/londrada-2-yahudi-adamin-bicaklanmasi-saldirinin-detaylari\\\/#breadcrumb\"},\"inLanguage\":\"tr\",\"potentialAction\":[{\"@type\":\"ReadAction\",\"target\":[\"https:\\\/\\\/tralleskop.com\\\/index.php\\\/2026\\\/05\\\/01\\\/londrada-2-yahudi-adamin-bicaklanmasi-saldirinin-detaylari\\\/\"]}]},{\"@type\":\"BreadcrumbList\",\"@id\":\"https:\\\/\\\/tralleskop.com\\\/index.php\\\/2026\\\/05\\\/01\\\/londrada-2-yahudi-adamin-bicaklanmasi-saldirinin-detaylari\\\/#breadcrumb\",\"itemListElement\":[{\"@type\":\"ListItem\",\"position\":1,\"name\":\"Anasayfa\",\"item\":\"https:\\\/\\\/tralleskop.com\\\/\"},{\"@type\":\"ListItem\",\"position\":2,\"name\":\"Londra&#8217;da 2 Yahudi Adam\u0131n B\u0131\u00e7aklanmas\u0131: Sald\u0131r\u0131n\u0131n Detaylar\u0131\"}]},{\"@type\":\"WebSite\",\"@id\":\"https:\\\/\\\/tralleskop.com\\\/#website\",\"url\":\"https:\\\/\\\/tralleskop.com\\\/\",\"name\":\"Tralleskop\",\"description\":\"\",\"publisher\":{\"@id\":\"https:\\\/\\\/tralleskop.com\\\/#organization\"},\"potentialAction\":[{\"@type\":\"SearchAction\",\"target\":{\"@type\":\"EntryPoint\",\"urlTemplate\":\"https:\\\/\\\/tralleskop.com\\\/?s={search_term_string}\"},\"query-input\":{\"@type\":\"PropertyValueSpecification\",\"valueRequired\":true,\"valueName\":\"search_term_string\"}}],\"inLanguage\":\"tr\"},{\"@type\":\"Organization\",\"@id\":\"https:\\\/\\\/tralleskop.com\\\/#organization\",\"name\":\"Tralleskop\",\"url\":\"https:\\\/\\\/tralleskop.com\\\/\",\"logo\":{\"@type\":\"ImageObject\",\"inLanguage\":\"tr\",\"@id\":\"https:\\\/\\\/tralleskop.com\\\/#\\\/schema\\\/logo\\\/image\\\/\",\"url\":\"https:\\\/\\\/tralleskop.com\\\/wp-content\\\/uploads\\\/2026\\\/03\\\/logo-1.png\",\"contentUrl\":\"https:\\\/\\\/tralleskop.com\\\/wp-content\\\/uploads\\\/2026\\\/03\\\/logo-1.png\",\"width\":2048,\"height\":2048,\"caption\":\"Tralleskop\"},\"image\":{\"@id\":\"https:\\\/\\\/tralleskop.com\\\/#\\\/schema\\\/logo\\\/image\\\/\"},\"sameAs\":[\"https:\\\/\\\/instagram.com\\\/tralleskop\"]},{\"@type\":\"Person\",\"@id\":\"https:\\\/\\\/tralleskop.com\\\/#\\\/schema\\\/person\\\/07eabec51c3edefcb97f005e5a24dc85\",\"name\":\"Yapay Zeka\",\"image\":{\"@type\":\"ImageObject\",\"inLanguage\":\"tr\",\"@id\":\"https:\\\/\\\/secure.gravatar.com\\\/avatar\\\/e77edf5bd5f891271e5db451c58207840f707caf056fe282ae8443fe299d6b9c?s=96&d=mm&r=g\",\"url\":\"https:\\\/\\\/secure.gravatar.com\\\/avatar\\\/e77edf5bd5f891271e5db451c58207840f707caf056fe282ae8443fe299d6b9c?s=96&d=mm&r=g\",\"contentUrl\":\"https:\\\/\\\/secure.gravatar.com\\\/avatar\\\/e77edf5bd5f891271e5db451c58207840f707caf056fe282ae8443fe299d6b9c?s=96&d=mm&r=g\",\"caption\":\"Yapay Zeka\"},\"url\":\"https:\\\/\\\/tralleskop.com\\\/index.php\\\/author\\\/yapayzeka\\\/\"}]}<\/script>\n<!-- \/ Yoast SEO plugin. -->","yoast_head_json":{"title":"Londra'da 2 Yahudi Adam\u0131n B\u0131\u00e7aklanmas\u0131: Sald\u0131r\u0131n\u0131n Detaylar\u0131 - Tralleskop","robots":{"index":"index","follow":"follow","max-snippet":"max-snippet:-1","max-image-preview":"max-image-preview:large","max-video-preview":"max-video-preview:-1"},"canonical":"https:\/\/tralleskop.com\/index.php\/2026\/05\/01\/londrada-2-yahudi-adamin-bicaklanmasi-saldirinin-detaylari\/","og_locale":"tr_TR","og_type":"article","og_title":"Londra'da 2 Yahudi Adam\u0131n B\u0131\u00e7aklanmas\u0131: Sald\u0131r\u0131n\u0131n Detaylar\u0131 - Tralleskop","og_description":"Londra&#8217;da meydana gelen ve iki Yahudi adam\u0131n b\u0131\u00e7aklanmas\u0131na neden olan sald\u0131r\u0131n\u0131n detaylar\u0131 yava\u015f yava\u015f ortaya \u00e7\u0131kmaya ba\u015flad\u0131. Sald\u0131r\u0131, Londra&#8217;n\u0131n bir semtinde ger\u00e7ekle\u015fti ve yerel yetkililer hemen olay yerine m\u00fcdahale etti. Sald\u0131r\u0131n\u0131n ard\u0131ndan r\u00e9gionde geni\u015f \u00e7apl\u0131 bir ara\u015ft\u0131rma ba\u015flat\u0131ld\u0131 ve yetkililer sald\u0131r\u0131n\u0131n arkas\u0131nda kimin veya hangi \u00f6rg\u00fct\u00fcn oldu\u011fu konusunda \u00e7al\u0131\u015fmaya devam ediyor. Sald\u0131r\u0131dan etkilenen iki Yahudi [&hellip;]","og_url":"https:\/\/tralleskop.com\/index.php\/2026\/05\/01\/londrada-2-yahudi-adamin-bicaklanmasi-saldirinin-detaylari\/","og_site_name":"Tralleskop","article_published_time":"2026-05-01T16:00:08+00:00","author":"Yapay Zeka","twitter_card":"summary_large_image","twitter_misc":{"Yazan:":"Yapay Zeka","Tahmini okuma s\u00fcresi":"2 dakika"},"schema":{"@context":"https:\/\/schema.org","@graph":[{"@type":"Article","@id":"https:\/\/tralleskop.com\/index.php\/2026\/05\/01\/londrada-2-yahudi-adamin-bicaklanmasi-saldirinin-detaylari\/#article","isPartOf":{"@id":"https:\/\/tralleskop.com\/index.php\/2026\/05\/01\/londrada-2-yahudi-adamin-bicaklanmasi-saldirinin-detaylari\/"},"author":{"name":"Yapay Zeka","@id":"https:\/\/tralleskop.com\/#\/schema\/person\/07eabec51c3edefcb97f005e5a24dc85"},"headline":"Londra&#8217;da 2 Yahudi Adam\u0131n B\u0131\u00e7aklanmas\u0131: Sald\u0131r\u0131n\u0131n Detaylar\u0131","datePublished":"2026-05-01T16:00:08+00:00","mainEntityOfPage":{"@id":"https:\/\/tralleskop.com\/index.php\/2026\/05\/01\/londrada-2-yahudi-adamin-bicaklanmasi-saldirinin-detaylari\/"},"wordCount":429,"commentCount":0,"publisher":{"@id":"https:\/\/tralleskop.com\/#organization"},"articleSection":["Ar\u015fiv"],"inLanguage":"tr","potentialAction":[{"@type":"CommentAction","name":"Comment","target":["https:\/\/tralleskop.com\/index.php\/2026\/05\/01\/londrada-2-yahudi-adamin-bicaklanmasi-saldirinin-detaylari\/#respond"]}]},{"@type":"WebPage","@id":"https:\/\/tralleskop.com\/index.php\/2026\/05\/01\/londrada-2-yahudi-adamin-bicaklanmasi-saldirinin-detaylari\/","url":"https:\/\/tralleskop.com\/index.php\/2026\/05\/01\/londrada-2-yahudi-adamin-bicaklanmasi-saldirinin-detaylari\/","name":"Londra'da 2 Yahudi Adam\u0131n B\u0131\u00e7aklanmas\u0131: Sald\u0131r\u0131n\u0131n Detaylar\u0131 - Tralleskop","isPartOf":{"@id":"https:\/\/tralleskop.com\/#website"},"datePublished":"2026-05-01T16:00:08+00:00","breadcrumb":{"@id":"https:\/\/tralleskop.com\/index.php\/2026\/05\/01\/londrada-2-yahudi-adamin-bicaklanmasi-saldirinin-detaylari\/#breadcrumb"},"inLanguage":"tr","potentialAction":[{"@type":"ReadAction","target":["https:\/\/tralleskop.com\/index.php\/2026\/05\/01\/londrada-2-yahudi-adamin-bicaklanmasi-saldirinin-detaylari\/"]}]},{"@type":"BreadcrumbList","@id":"https:\/\/tralleskop.com\/index.php\/2026\/05\/01\/londrada-2-yahudi-adamin-bicaklanmasi-saldirinin-detaylari\/#breadcrumb","itemListElement":[{"@type":"ListItem","position":1,"name":"Anasayfa","item":"https:\/\/tralleskop.com\/"},{"@type":"ListItem","position":2,"name":"Londra&#8217;da 2 Yahudi Adam\u0131n B\u0131\u00e7aklanmas\u0131: Sald\u0131r\u0131n\u0131n Detaylar\u0131"}]},{"@type":"WebSite","@id":"https:\/\/tralleskop.com\/#website","url":"https:\/\/tralleskop.com\/","name":"Tralleskop","description":"","publisher":{"@id":"https:\/\/tralleskop.com\/#organization"},"potentialAction":[{"@type":"SearchAction","target":{"@type":"EntryPoint","urlTemplate":"https:\/\/tralleskop.com\/?s={search_term_string}"},"query-input":{"@type":"PropertyValueSpecification","valueRequired":true,"valueName":"search_term_string"}}],"inLanguage":"tr"},{"@type":"Organization","@id":"https:\/\/tralleskop.com\/#organization","name":"Tralleskop","url":"https:\/\/tralleskop.com\/","logo":{"@type":"ImageObject","inLanguage":"tr","@id":"https:\/\/tralleskop.com\/#\/schema\/logo\/image\/","url":"https:\/\/tralleskop.com\/wp-content\/uploads\/2026\/03\/logo-1.png","contentUrl":"https:\/\/tralleskop.com\/wp-content\/uploads\/2026\/03\/logo-1.png","width":2048,"height":2048,"caption":"Tralleskop"},"image":{"@id":"https:\/\/tralleskop.com\/#\/schema\/logo\/image\/"},"sameAs":["https:\/\/instagram.com\/tralleskop"]},{"@type":"Person","@id":"https:\/\/tralleskop.com\/#\/schema\/person\/07eabec51c3edefcb97f005e5a24dc85","name":"Yapay Zeka","image":{"@type":"ImageObject","inLanguage":"tr","@id":"https:\/\/secure.gravatar.com\/avatar\/e77edf5bd5f891271e5db451c58207840f707caf056fe282ae8443fe299d6b9c?s=96&d=mm&r=g","url":"https:\/\/secure.gravatar.com\/avatar\/e77edf5bd5f891271e5db451c58207840f707caf056fe282ae8443fe299d6b9c?s=96&d=mm&r=g","contentUrl":"https:\/\/secure.gravatar.com\/avatar\/e77edf5bd5f891271e5db451c58207840f707caf056fe282ae8443fe299d6b9c?s=96&d=mm&r=g","caption":"Yapay Zeka"},"url":"https:\/\/tralleskop.com\/index.php\/author\/yapayzeka\/"}]}},"jetpack_featured_media_url":"","_links":{"self":[{"href":"https:\/\/tralleskop.com\/index.php\/wp-json\/wp\/v2\/posts\/463","targetHints":{"allow":["GET"]}}],"collection":[{"href":"https:\/\/tralleskop.com\/index.php\/wp-json\/wp\/v2\/posts"}],"about":[{"href":"https:\/\/tralleskop.com\/index.php\/wp-json\/wp\/v2\/types\/post"}],"author":[{"embeddable":true,"href":"https:\/\/tralleskop.com\/index.php\/wp-json\/wp\/v2\/users\/3"}],"replies":[{"embeddable":true,"href":"https:\/\/tralleskop.com\/index.php\/wp-json\/wp\/v2\/comments?post=463"}],"version-history":[{"count":0,"href":"https:\/\/tralleskop.com\/index.php\/wp-json\/wp\/v2\/posts\/463\/revisions"}],"wp:attachment":[{"href":"https:\/\/tralleskop.com\/index.php\/wp-json\/wp\/v2\/media?parent=463"}],"wp:term":[{"taxonomy":"category","embeddable":true,"href":"https:\/\/tralleskop.com\/index.php\/wp-json\/wp\/v2\/categories?post=463"},{"taxonomy":"post_tag","embeddable":true,"href":"https:\/\/tralleskop.com\/index.php\/wp-json\/wp\/v2\/tags?post=463"}],"curies":[{"name":"wp","href":"https:\/\/api.w.org\/{rel}","templated":true}]}}