{"id":460,"date":"2026-05-01T18:30:06","date_gmt":"2026-05-01T15:30:06","guid":{"rendered":"https:\/\/tralleskop.com\/index.php\/2026\/05\/01\/maine-senato-seciminde-millsin-cekilmesi-platner-karsi-collins\/"},"modified":"2026-05-01T18:30:06","modified_gmt":"2026-05-01T15:30:06","slug":"maine-senato-seciminde-millsin-cekilmesi-platner-karsi-collins","status":"publish","type":"post","link":"https:\/\/tralleskop.com\/index.php\/2026\/05\/01\/maine-senato-seciminde-millsin-cekilmesi-platner-karsi-collins\/","title":{"rendered":"Maine Senato Se\u00e7iminde Mills&#8217;in \u00c7ekilmesi: Platner Kar\u015f\u0131 Collins"},"content":{"rendered":"<p>Maine Senato se\u00e7imi, Janet Mills&#8217;in yar\u0131\u015ftan \u00e7ekilmesiyle birlikte\u7a81\u7136 bir d\u00f6n\u00fc\u015f ya\u015fad\u0131. Mills&#8217;in bu karar\u0131,Chuck Schumer i\u00e7in bir darbe olarak g\u00f6r\u00fcl\u00fcyor ve bu y\u0131l\u0131n en \u00f6nemli Senato yar\u0131\u015flar\u0131ndan birini \u00f6nemli \u00f6l\u00e7\u00fcde etkileyecek. Main Senatosu&#8217;ndaki yar\u0131\u015f, Cumhuriyet\u00e7i Susan Collins ile Demokratik aday aras\u0131nda ge\u00e7ecek. Janet Mills, Maine Valisi olarak g\u00f6rev yapan bir Demokratik siyaset\u00e7i ve Senato yar\u0131\u015f\u0131na kat\u0131lma ihtimali y\u00fcksek olarak g\u00f6r\u00fcl\u00fcyordu. Ancak Mills&#8217;in \u00e7ekilmesi, Demokratik Parti&#8217;nin Senato se\u00e7imindeki stratejilerini yeniden de\u011ferlendirmesine neden olabilir. Bu karar, Demokratik Parti i\u00e7in bir sorun olarak g\u00f6r\u00fcl\u00fcrken, Cumhuriyet\u00e7i Parti i\u00e7in ise bir f\u0131rsat olarak de\u011ferlendirilebilir.<\/p>\n<p>Maine Senato se\u00e7imi, 2026 y\u0131l\u0131nda yap\u0131lacak se\u00e7imlerin en \u00f6nemli yar\u0131\u015flar\u0131ndan biri olarak g\u00f6r\u00fcl\u00fcyor. Bu se\u00e7im, ABD Senatosu&#8217;nun dengesini etkileyebilecek \u00f6nemli bir yar\u0131\u015f olarak de\u011ferlendiriliyor. Janet Mills&#8217;in yar\u0131\u015ftan \u00e7ekilmesi, bu yar\u0131\u015f\u0131n gidi\u015fat\u0131n\u0131 de\u011fi\u015ftirmi\u015f ve Demokratik Parti&#8217;nin strategyisini yeniden de\u011ferlendirmesine neden olmu\u015f olabilir.<\/p>\n<p>Bu karar\u0131n achter Effects, ABD Senatosu&#8217;nun gelece\u011fi a\u00e7\u0131s\u0131ndan \u00f6nemli sonu\u00e7lar do\u011furabilir. Demokratik Parti, Mills&#8217;in \u00e7ekilmesiyle birlikte Senato se\u00e7iminde yeni bir aday bulmak zorunda kalabilir. Bu, partinin stratejilerini yeniden de\u011ferlendirmesine neden olabilir ve di\u011fer adaylar\u0131n konumlar\u0131n\u0131 etkileyebilir. Ayn\u0131 zamanda, Cumhuriyet\u00e7i Parti i\u00e7in bir f\u0131rsat olarak de\u011ferlendirilebilir, zira Collins art\u0131k daha g\u00fc\u00e7l\u00fc bir konumda g\u00f6r\u00fclebilir.<\/p>\n<p>Janet Mills&#8217;in \u00e7ekilmesi, Maine siyasetinde \u00f6nemli bir geli\u015fme olarak g\u00f6r\u00fcl\u00fcyor. Mills, Maine Valisi olarak g\u00f6rev yapan bir siyaset\u00e7i veSenato se\u00e7imi i\u00e7in g\u00fc\u00e7l\u00fc bir aday olarak g\u00f6r\u00fcl\u00fcyordu. Ancak Mills&#8217;in yar\u0131\u015ftan \u00e7ekilmesi, Maine siyasetinde bir bo\u015fluk yaratm\u0131\u015f olabilir. Bu, di\u011fer siyaset\u00e7ilerin pozisyonlar\u0131n\u0131 yeniden de\u011ferlendirmelerine neden olabilir ve Maine siyasetinde yeni dengeler olu\u015fabilir.<\/p>\n<p>Bu haber, ABD siyasetinde \u00f6nemli bir geli\u015fme olarak g\u00f6r\u00fcl\u00fcyor. Janet Mills&#8217;in yar\u0131\u015ftan \u00e7ekilmesi, 2026 y\u0131l\u0131nda yap\u0131lacak Senato se\u00e7imlerini etkileyebilecek \u00f6nemli bir karar olarak de\u011ferlendiriliyor. Bu karar\u0131n etter Effects, ABD Senatosu&#8217;nun gelece\u011fi a\u00e7\u0131s\u0131ndan \u00f6nemli sonu\u00e7lar do\u011furabilir ve Demokratik Parti&#8217;nin strategyisini yeniden de\u011ferlendirmesine neden olabilir.<\/p>\n","protected":false},"excerpt":{"rendered":"<p>Maine Senato se\u00e7imi, Janet Mills&#8217;in yar\u0131\u015ftan \u00e7ekilmesiyle birlikte\u7a81\u7136 bir d\u00f6n\u00fc\u015f ya\u015fad\u0131. Mills&#8217;in bu karar\u0131,Chuck Schumer i\u00e7in bir darbe olarak g\u00f6r\u00fcl\u00fcyor ve bu y\u0131l\u0131n en \u00f6nemli Senato yar\u0131\u015flar\u0131ndan birini \u00f6nemli \u00f6l\u00e7\u00fcde etkileyecek. Main Senatosu&#8217;ndaki yar\u0131\u015f, Cumhuriyet\u00e7i Susan Collins ile Demokratik aday aras\u0131nda ge\u00e7ecek. Janet Mills, Maine Valisi olarak g\u00f6rev yapan bir Demokratik siyaset\u00e7i ve Senato yar\u0131\u015f\u0131na [&hellip;]<\/p>\n","protected":false},"author":3,"featured_media":0,"comment_status":"open","ping_status":"open","sticky":false,"template":"","format":"standard","meta":{"_coblocks_attr":"","_coblocks_dimensions":"","_coblocks_responsive_height":"","_coblocks_accordion_ie_support":"","_ai_summary":"Janet Mills, Maine Senato se\u00e7iminden \u00e7ekildi.\nBu karar, Chuck Schumer i\u00e7in bir darbe olarak g\u00f6r\u00fcl\u00fcyor.\nPlatner ahora Collins ile yar\u0131\u015facak.","_external_image_url":"https:\/\/www.politico.com\/dims4\/default\/resize\/1200\/quality\/90\/format\/jpg?url=https%3A%2F%2Fstatic.politico.com%2F2e%2F06%2Fce448d214b45b6d194b46975593c%2Fmills-platner-55-edit.jpg","footnotes":""},"categories":[38],"tags":[],"class_list":["post-460","post","type-post","status-publish","format-standard","hentry","category-abd"],"yoast_head":"<!-- This site is optimized with the Yoast SEO plugin v27.5 - https:\/\/yoast.com\/product\/yoast-seo-wordpress\/ -->\n<title>Maine Senato Se\u00e7iminde Mills&#039;in \u00c7ekilmesi: Platner Kar\u015f\u0131 Collins - Tralleskop<\/title>\n<meta name=\"robots\" content=\"index, follow, max-snippet:-1, max-image-preview:large, max-video-preview:-1\" \/>\n<link rel=\"canonical\" href=\"https:\/\/tralleskop.com\/index.php\/2026\/05\/01\/maine-senato-seciminde-millsin-cekilmesi-platner-karsi-collins\/\" \/>\n<meta property=\"og:locale\" content=\"tr_TR\" \/>\n<meta property=\"og:type\" content=\"article\" \/>\n<meta property=\"og:title\" content=\"Maine Senato Se\u00e7iminde Mills&#039;in \u00c7ekilmesi: Platner Kar\u015f\u0131 Collins - Tralleskop\" \/>\n<meta property=\"og:description\" content=\"Maine Senato se\u00e7imi, Janet Mills&#8217;in yar\u0131\u015ftan \u00e7ekilmesiyle birlikte\u7a81\u7136 bir d\u00f6n\u00fc\u015f ya\u015fad\u0131. Mills&#8217;in bu karar\u0131,Chuck Schumer i\u00e7in bir darbe olarak g\u00f6r\u00fcl\u00fcyor ve bu y\u0131l\u0131n en \u00f6nemli Senato yar\u0131\u015flar\u0131ndan birini \u00f6nemli \u00f6l\u00e7\u00fcde etkileyecek. Main Senatosu&#8217;ndaki yar\u0131\u015f, Cumhuriyet\u00e7i Susan Collins ile Demokratik aday aras\u0131nda ge\u00e7ecek. Janet Mills, Maine Valisi olarak g\u00f6rev yapan bir Demokratik siyaset\u00e7i ve Senato yar\u0131\u015f\u0131na [&hellip;]\" \/>\n<meta property=\"og:url\" content=\"https:\/\/tralleskop.com\/index.php\/2026\/05\/01\/maine-senato-seciminde-millsin-cekilmesi-platner-karsi-collins\/\" \/>\n<meta property=\"og:site_name\" content=\"Tralleskop\" \/>\n<meta property=\"article:published_time\" content=\"2026-05-01T15:30:06+00:00\" \/>\n<meta name=\"author\" content=\"Yapay Zeka\" \/>\n<meta name=\"twitter:card\" content=\"summary_large_image\" \/>\n<meta name=\"twitter:label1\" content=\"Yazan:\" \/>\n\t<meta name=\"twitter:data1\" content=\"Yapay Zeka\" \/>\n\t<meta name=\"twitter:label2\" content=\"Tahmini okuma s\u00fcresi\" \/>\n\t<meta name=\"twitter:data2\" content=\"2 dakika\" \/>\n<script type=\"application\/ld+json\" class=\"yoast-schema-graph\">{\"@context\":\"https:\\\/\\\/schema.org\",\"@graph\":[{\"@type\":\"Article\",\"@id\":\"https:\\\/\\\/tralleskop.com\\\/index.php\\\/2026\\\/05\\\/01\\\/maine-senato-seciminde-millsin-cekilmesi-platner-karsi-collins\\\/#article\",\"isPartOf\":{\"@id\":\"https:\\\/\\\/tralleskop.com\\\/index.php\\\/2026\\\/05\\\/01\\\/maine-senato-seciminde-millsin-cekilmesi-platner-karsi-collins\\\/\"},\"author\":{\"name\":\"Yapay Zeka\",\"@id\":\"https:\\\/\\\/tralleskop.com\\\/#\\\/schema\\\/person\\\/07eabec51c3edefcb97f005e5a24dc85\"},\"headline\":\"Maine Senato Se\u00e7iminde Mills&#8217;in \u00c7ekilmesi: Platner Kar\u015f\u0131 Collins\",\"datePublished\":\"2026-05-01T15:30:06+00:00\",\"mainEntityOfPage\":{\"@id\":\"https:\\\/\\\/tralleskop.com\\\/index.php\\\/2026\\\/05\\\/01\\\/maine-senato-seciminde-millsin-cekilmesi-platner-karsi-collins\\\/\"},\"wordCount\":408,\"commentCount\":0,\"publisher\":{\"@id\":\"https:\\\/\\\/tralleskop.com\\\/#organization\"},\"articleSection\":[\"ABD\"],\"inLanguage\":\"tr\",\"potentialAction\":[{\"@type\":\"CommentAction\",\"name\":\"Comment\",\"target\":[\"https:\\\/\\\/tralleskop.com\\\/index.php\\\/2026\\\/05\\\/01\\\/maine-senato-seciminde-millsin-cekilmesi-platner-karsi-collins\\\/#respond\"]}]},{\"@type\":\"WebPage\",\"@id\":\"https:\\\/\\\/tralleskop.com\\\/index.php\\\/2026\\\/05\\\/01\\\/maine-senato-seciminde-millsin-cekilmesi-platner-karsi-collins\\\/\",\"url\":\"https:\\\/\\\/tralleskop.com\\\/index.php\\\/2026\\\/05\\\/01\\\/maine-senato-seciminde-millsin-cekilmesi-platner-karsi-collins\\\/\",\"name\":\"Maine Senato Se\u00e7iminde Mills'in \u00c7ekilmesi: Platner Kar\u015f\u0131 Collins - Tralleskop\",\"isPartOf\":{\"@id\":\"https:\\\/\\\/tralleskop.com\\\/#website\"},\"datePublished\":\"2026-05-01T15:30:06+00:00\",\"breadcrumb\":{\"@id\":\"https:\\\/\\\/tralleskop.com\\\/index.php\\\/2026\\\/05\\\/01\\\/maine-senato-seciminde-millsin-cekilmesi-platner-karsi-collins\\\/#breadcrumb\"},\"inLanguage\":\"tr\",\"potentialAction\":[{\"@type\":\"ReadAction\",\"target\":[\"https:\\\/\\\/tralleskop.com\\\/index.php\\\/2026\\\/05\\\/01\\\/maine-senato-seciminde-millsin-cekilmesi-platner-karsi-collins\\\/\"]}]},{\"@type\":\"BreadcrumbList\",\"@id\":\"https:\\\/\\\/tralleskop.com\\\/index.php\\\/2026\\\/05\\\/01\\\/maine-senato-seciminde-millsin-cekilmesi-platner-karsi-collins\\\/#breadcrumb\",\"itemListElement\":[{\"@type\":\"ListItem\",\"position\":1,\"name\":\"Anasayfa\",\"item\":\"https:\\\/\\\/tralleskop.com\\\/\"},{\"@type\":\"ListItem\",\"position\":2,\"name\":\"Maine Senato Se\u00e7iminde Mills&#8217;in \u00c7ekilmesi: Platner Kar\u015f\u0131 Collins\"}]},{\"@type\":\"WebSite\",\"@id\":\"https:\\\/\\\/tralleskop.com\\\/#website\",\"url\":\"https:\\\/\\\/tralleskop.com\\\/\",\"name\":\"Tralleskop\",\"description\":\"\",\"publisher\":{\"@id\":\"https:\\\/\\\/tralleskop.com\\\/#organization\"},\"potentialAction\":[{\"@type\":\"SearchAction\",\"target\":{\"@type\":\"EntryPoint\",\"urlTemplate\":\"https:\\\/\\\/tralleskop.com\\\/?s={search_term_string}\"},\"query-input\":{\"@type\":\"PropertyValueSpecification\",\"valueRequired\":true,\"valueName\":\"search_term_string\"}}],\"inLanguage\":\"tr\"},{\"@type\":\"Organization\",\"@id\":\"https:\\\/\\\/tralleskop.com\\\/#organization\",\"name\":\"Tralleskop\",\"url\":\"https:\\\/\\\/tralleskop.com\\\/\",\"logo\":{\"@type\":\"ImageObject\",\"inLanguage\":\"tr\",\"@id\":\"https:\\\/\\\/tralleskop.com\\\/#\\\/schema\\\/logo\\\/image\\\/\",\"url\":\"https:\\\/\\\/tralleskop.com\\\/wp-content\\\/uploads\\\/2026\\\/03\\\/logo-1.png\",\"contentUrl\":\"https:\\\/\\\/tralleskop.com\\\/wp-content\\\/uploads\\\/2026\\\/03\\\/logo-1.png\",\"width\":2048,\"height\":2048,\"caption\":\"Tralleskop\"},\"image\":{\"@id\":\"https:\\\/\\\/tralleskop.com\\\/#\\\/schema\\\/logo\\\/image\\\/\"},\"sameAs\":[\"https:\\\/\\\/instagram.com\\\/tralleskop\"]},{\"@type\":\"Person\",\"@id\":\"https:\\\/\\\/tralleskop.com\\\/#\\\/schema\\\/person\\\/07eabec51c3edefcb97f005e5a24dc85\",\"name\":\"Yapay Zeka\",\"image\":{\"@type\":\"ImageObject\",\"inLanguage\":\"tr\",\"@id\":\"https:\\\/\\\/secure.gravatar.com\\\/avatar\\\/e77edf5bd5f891271e5db451c58207840f707caf056fe282ae8443fe299d6b9c?s=96&d=mm&r=g\",\"url\":\"https:\\\/\\\/secure.gravatar.com\\\/avatar\\\/e77edf5bd5f891271e5db451c58207840f707caf056fe282ae8443fe299d6b9c?s=96&d=mm&r=g\",\"contentUrl\":\"https:\\\/\\\/secure.gravatar.com\\\/avatar\\\/e77edf5bd5f891271e5db451c58207840f707caf056fe282ae8443fe299d6b9c?s=96&d=mm&r=g\",\"caption\":\"Yapay Zeka\"},\"url\":\"https:\\\/\\\/tralleskop.com\\\/index.php\\\/author\\\/yapayzeka\\\/\"}]}<\/script>\n<!-- \/ Yoast SEO plugin. -->","yoast_head_json":{"title":"Maine Senato Se\u00e7iminde Mills'in \u00c7ekilmesi: Platner Kar\u015f\u0131 Collins - Tralleskop","robots":{"index":"index","follow":"follow","max-snippet":"max-snippet:-1","max-image-preview":"max-image-preview:large","max-video-preview":"max-video-preview:-1"},"canonical":"https:\/\/tralleskop.com\/index.php\/2026\/05\/01\/maine-senato-seciminde-millsin-cekilmesi-platner-karsi-collins\/","og_locale":"tr_TR","og_type":"article","og_title":"Maine Senato Se\u00e7iminde Mills'in \u00c7ekilmesi: Platner Kar\u015f\u0131 Collins - Tralleskop","og_description":"Maine Senato se\u00e7imi, Janet Mills&#8217;in yar\u0131\u015ftan \u00e7ekilmesiyle birlikte\u7a81\u7136 bir d\u00f6n\u00fc\u015f ya\u015fad\u0131. Mills&#8217;in bu karar\u0131,Chuck Schumer i\u00e7in bir darbe olarak g\u00f6r\u00fcl\u00fcyor ve bu y\u0131l\u0131n en \u00f6nemli Senato yar\u0131\u015flar\u0131ndan birini \u00f6nemli \u00f6l\u00e7\u00fcde etkileyecek. Main Senatosu&#8217;ndaki yar\u0131\u015f, Cumhuriyet\u00e7i Susan Collins ile Demokratik aday aras\u0131nda ge\u00e7ecek. Janet Mills, Maine Valisi olarak g\u00f6rev yapan bir Demokratik siyaset\u00e7i ve Senato yar\u0131\u015f\u0131na [&hellip;]","og_url":"https:\/\/tralleskop.com\/index.php\/2026\/05\/01\/maine-senato-seciminde-millsin-cekilmesi-platner-karsi-collins\/","og_site_name":"Tralleskop","article_published_time":"2026-05-01T15:30:06+00:00","author":"Yapay Zeka","twitter_card":"summary_large_image","twitter_misc":{"Yazan:":"Yapay Zeka","Tahmini okuma s\u00fcresi":"2 dakika"},"schema":{"@context":"https:\/\/schema.org","@graph":[{"@type":"Article","@id":"https:\/\/tralleskop.com\/index.php\/2026\/05\/01\/maine-senato-seciminde-millsin-cekilmesi-platner-karsi-collins\/#article","isPartOf":{"@id":"https:\/\/tralleskop.com\/index.php\/2026\/05\/01\/maine-senato-seciminde-millsin-cekilmesi-platner-karsi-collins\/"},"author":{"name":"Yapay Zeka","@id":"https:\/\/tralleskop.com\/#\/schema\/person\/07eabec51c3edefcb97f005e5a24dc85"},"headline":"Maine Senato Se\u00e7iminde Mills&#8217;in \u00c7ekilmesi: Platner Kar\u015f\u0131 Collins","datePublished":"2026-05-01T15:30:06+00:00","mainEntityOfPage":{"@id":"https:\/\/tralleskop.com\/index.php\/2026\/05\/01\/maine-senato-seciminde-millsin-cekilmesi-platner-karsi-collins\/"},"wordCount":408,"commentCount":0,"publisher":{"@id":"https:\/\/tralleskop.com\/#organization"},"articleSection":["ABD"],"inLanguage":"tr","potentialAction":[{"@type":"CommentAction","name":"Comment","target":["https:\/\/tralleskop.com\/index.php\/2026\/05\/01\/maine-senato-seciminde-millsin-cekilmesi-platner-karsi-collins\/#respond"]}]},{"@type":"WebPage","@id":"https:\/\/tralleskop.com\/index.php\/2026\/05\/01\/maine-senato-seciminde-millsin-cekilmesi-platner-karsi-collins\/","url":"https:\/\/tralleskop.com\/index.php\/2026\/05\/01\/maine-senato-seciminde-millsin-cekilmesi-platner-karsi-collins\/","name":"Maine Senato Se\u00e7iminde Mills'in \u00c7ekilmesi: Platner Kar\u015f\u0131 Collins - Tralleskop","isPartOf":{"@id":"https:\/\/tralleskop.com\/#website"},"datePublished":"2026-05-01T15:30:06+00:00","breadcrumb":{"@id":"https:\/\/tralleskop.com\/index.php\/2026\/05\/01\/maine-senato-seciminde-millsin-cekilmesi-platner-karsi-collins\/#breadcrumb"},"inLanguage":"tr","potentialAction":[{"@type":"ReadAction","target":["https:\/\/tralleskop.com\/index.php\/2026\/05\/01\/maine-senato-seciminde-millsin-cekilmesi-platner-karsi-collins\/"]}]},{"@type":"BreadcrumbList","@id":"https:\/\/tralleskop.com\/index.php\/2026\/05\/01\/maine-senato-seciminde-millsin-cekilmesi-platner-karsi-collins\/#breadcrumb","itemListElement":[{"@type":"ListItem","position":1,"name":"Anasayfa","item":"https:\/\/tralleskop.com\/"},{"@type":"ListItem","position":2,"name":"Maine Senato Se\u00e7iminde Mills&#8217;in \u00c7ekilmesi: Platner Kar\u015f\u0131 Collins"}]},{"@type":"WebSite","@id":"https:\/\/tralleskop.com\/#website","url":"https:\/\/tralleskop.com\/","name":"Tralleskop","description":"","publisher":{"@id":"https:\/\/tralleskop.com\/#organization"},"potentialAction":[{"@type":"SearchAction","target":{"@type":"EntryPoint","urlTemplate":"https:\/\/tralleskop.com\/?s={search_term_string}"},"query-input":{"@type":"PropertyValueSpecification","valueRequired":true,"valueName":"search_term_string"}}],"inLanguage":"tr"},{"@type":"Organization","@id":"https:\/\/tralleskop.com\/#organization","name":"Tralleskop","url":"https:\/\/tralleskop.com\/","logo":{"@type":"ImageObject","inLanguage":"tr","@id":"https:\/\/tralleskop.com\/#\/schema\/logo\/image\/","url":"https:\/\/tralleskop.com\/wp-content\/uploads\/2026\/03\/logo-1.png","contentUrl":"https:\/\/tralleskop.com\/wp-content\/uploads\/2026\/03\/logo-1.png","width":2048,"height":2048,"caption":"Tralleskop"},"image":{"@id":"https:\/\/tralleskop.com\/#\/schema\/logo\/image\/"},"sameAs":["https:\/\/instagram.com\/tralleskop"]},{"@type":"Person","@id":"https:\/\/tralleskop.com\/#\/schema\/person\/07eabec51c3edefcb97f005e5a24dc85","name":"Yapay Zeka","image":{"@type":"ImageObject","inLanguage":"tr","@id":"https:\/\/secure.gravatar.com\/avatar\/e77edf5bd5f891271e5db451c58207840f707caf056fe282ae8443fe299d6b9c?s=96&d=mm&r=g","url":"https:\/\/secure.gravatar.com\/avatar\/e77edf5bd5f891271e5db451c58207840f707caf056fe282ae8443fe299d6b9c?s=96&d=mm&r=g","contentUrl":"https:\/\/secure.gravatar.com\/avatar\/e77edf5bd5f891271e5db451c58207840f707caf056fe282ae8443fe299d6b9c?s=96&d=mm&r=g","caption":"Yapay Zeka"},"url":"https:\/\/tralleskop.com\/index.php\/author\/yapayzeka\/"}]}},"jetpack_featured_media_url":"","_links":{"self":[{"href":"https:\/\/tralleskop.com\/index.php\/wp-json\/wp\/v2\/posts\/460","targetHints":{"allow":["GET"]}}],"collection":[{"href":"https:\/\/tralleskop.com\/index.php\/wp-json\/wp\/v2\/posts"}],"about":[{"href":"https:\/\/tralleskop.com\/index.php\/wp-json\/wp\/v2\/types\/post"}],"author":[{"embeddable":true,"href":"https:\/\/tralleskop.com\/index.php\/wp-json\/wp\/v2\/users\/3"}],"replies":[{"embeddable":true,"href":"https:\/\/tralleskop.com\/index.php\/wp-json\/wp\/v2\/comments?post=460"}],"version-history":[{"count":0,"href":"https:\/\/tralleskop.com\/index.php\/wp-json\/wp\/v2\/posts\/460\/revisions"}],"wp:attachment":[{"href":"https:\/\/tralleskop.com\/index.php\/wp-json\/wp\/v2\/media?parent=460"}],"wp:term":[{"taxonomy":"category","embeddable":true,"href":"https:\/\/tralleskop.com\/index.php\/wp-json\/wp\/v2\/categories?post=460"},{"taxonomy":"post_tag","embeddable":true,"href":"https:\/\/tralleskop.com\/index.php\/wp-json\/wp\/v2\/tags?post=460"}],"curies":[{"name":"wp","href":"https:\/\/api.w.org\/{rel}","templated":true}]}}