{"id":46,"date":"2026-03-29T15:45:55","date_gmt":"2026-03-29T12:45:55","guid":{"rendered":"http:\/\/localhost\/wordpress\/?p=46"},"modified":"2026-04-10T14:22:45","modified_gmt":"2026-04-10T11:22:45","slug":"iran-abd-muzakerelerden-soz-ediyor-ancak-gizlice-bir-kara-saldirisi-planliyor","status":"publish","type":"post","link":"https:\/\/tralleskop.com\/index.php\/2026\/03\/29\/iran-abd-muzakerelerden-soz-ediyor-ancak-gizlice-bir-kara-saldirisi-planliyor\/","title":{"rendered":"ABD m\u00fczakerelerden bahsediyor ama gizli kara harekat\u0131 planl\u0131yor"},"content":{"rendered":"\n<h2 class=\"wp-block-heading\">ABD-\u0130srail ve \u0130ran aras\u0131ndaki sava\u015f 30. g\u00fcn\u00fcnde t\u00fcm \u015fiddetiyle devam ederken, \u0130ran Meclis Ba\u015fkan\u0131 Kalibaf&#8217;tan dikkat \u00e7eken a\u00e7\u0131klamalar geldi. Kalibaf &#8220;ABD kamuoyunda m\u00fczakerelerden s\u00f6z ediyor ancak gizlice bir kara sald\u0131r\u0131s\u0131 planl\u0131yor. Ordular\u0131m\u0131z ABD&#8217;nin kara harekat\u0131n\u0131 bekliyor ve b\u00f6lgedeki ortaklar\u0131n\u0131 cezaland\u0131rmaya haz\u0131r&#8221; ifadelerini kulland\u0131.<\/h2>\n\n\n\n<figure class=\"wp-block-image size-full\"><img loading=\"lazy\" decoding=\"async\" width=\"1200\" height=\"800\" src=\"https:\/\/tralleskop.com\/wp-content\/uploads\/2026\/03\/iran-meclis-baskani-kalibaf-abd-kamuoyunda-19697010_4314_amp.jpg\" alt=\"\" class=\"wp-image-47\"\/><\/figure>\n\n\n\n<ul class=\"wp-block-list\">\n<li>\u0130ran Meclis Ba\u015fkan\u0131 Muhammed Bak\u0131r Kalibaf, ABD Ba\u015fkan\u0131 Donald Trump&#8217;\u0131 \u0130ran&#8217;la m\u00fczakereye haz\u0131r oldu\u011funu s\u00f6ylerken gizlice kara sald\u0131r\u0131s\u0131 planlamakla su\u00e7lad\u0131.<\/li>\n\n\n\n<li>ABD Savunma Bakanl\u0131\u011f\u0131&#8217;n\u0131n \u0130ran&#8217;da haftalarca s\u00fcrebilecek olas\u0131 bir kara operasyonu i\u00e7in haz\u0131rl\u0131k yapt\u0131\u011f\u0131 bildiriliyor.<\/li>\n\n\n\n<li>ABD ve \u0130srail, 28 \u015eubat&#8217;ta \u0130ran&#8217;a askeri sald\u0131r\u0131 ba\u015flatt\u0131 ve \u0130ran da \u0130srail ile ABD \u00fcslerinin bulundu\u011fu b\u00f6lge \u00fclkelerinde hedeflere sald\u0131r\u0131larla kar\u015f\u0131l\u0131k verdi.<\/li>\n<\/ul>\n\n\n\n<p>ABD-\u0130srail ve \u0130ran aras\u0131ndaki sava\u015f 30 g\u00fcnd\u00fcr devam ediyor. Taraflar\u0131n kar\u015f\u0131l\u0131kl\u0131 sald\u0131r\u0131lar\u0131 ve askeri hamleleri tansiyonun y\u00fckselmesine neden olurken, \u0130ran&#8217;dan bug\u00fcn dikkat \u00e7eken bir a\u00e7\u0131klama daha geldi.<\/p>\n\n\n\n<p>\u0130ran Meclis Ba\u015fkan\u0131&nbsp;Muhammed Bak\u0131r Kalibaf, \u0130ran g\u00fc\u00e7lerinin ABD birliklerinin geli\u015fine haz\u0131r oldu\u011funu s\u00f6yledi.&nbsp;IRNA&nbsp;<strong>haber<\/strong>&nbsp;ajans\u0131n\u0131n aktard\u0131\u011f\u0131 a\u00e7\u0131klamalarda Kalibaf, ABD Ba\u015fkan\u0131 Donald Trump&#8217;\u0131 \u0130ran&#8217;la m\u00fczakereye haz\u0131r oldu\u011funu s\u00f6ylerken &#8220;gizlice kara sald\u0131r\u0131s\u0131 planlamakla&#8221; su\u00e7lad\u0131.<\/p>\n\n\n\n<p><img loading=\"lazy\" decoding=\"async\" width=\"300\" height=\"200\" src=\"https:\/\/foto.haberler.com\/haber\/2026\/03\/29\/iran-abd-muzakerelerden-soz-ed-19697010-5578_1_m.jpg\" alt=\"\u0130ran Meclis Ba\u015fkan\u0131 Muhammed Bak\u0131r Kalibaf\">\u0130ran Meclis Ba\u015fkan\u0131 Muhammed Bak\u0131r Kalibaf<\/p>\n\n\n\n<h3 class=\"wp-block-heading\">&#8220;ADAMLARIMIZ ONLARI ATE\u015eE VERMEY\u0130 BEKL\u0130YOR&#8221;<\/h3>\n\n\n\n<p>Kalibaf &#8220;D\u00fc\u015fman a\u00e7\u0131k\u00e7a m\u00fczakere mesaj\u0131 g\u00f6nderiyor ve gizlice kara sald\u0131r\u0131s\u0131 planl\u0131yor. Bizim adamlar\u0131m\u0131z, Amerikan askerlerinin karaya inmesini ve onlar\u0131 ate\u015fe vermeyi bekliyor&#8221; ifadelerini kulland\u0131.<\/p>\n\n\n\n<h3 class=\"wp-block-heading\">ZAMANLAMA D\u0130KKAT \u00c7EKT\u0130<\/h3>\n\n\n\n<p>Bug\u00fcn erken saatlerde ABD medyas\u0131, Pentagon&#8217;un \u0130ran&#8217;da haftalarca s\u00fcrecek kara operasyonlar\u0131na haz\u0131rland\u0131\u011f\u0131n\u0131 bildirdi. Bu haber, ABD ordusunun 31. Deniz Piyade Sefer Birli\u011fi&#8217;nden 3.500 askerin Orta Do\u011fu&#8217;ya geldi\u011fini duyurdu.<\/p>\n\n\n\n<h3 class=\"wp-block-heading\">D\u00dcNYAYI TED\u0130RG\u0130N EDEN \u0130DD\u0130A<\/h3>\n\n\n\n<p>ABD\u2019nin \u0130ran\u2019a kar\u015f\u0131 ba\u015flatt\u0131\u011f\u0131 Destans\u0131 \u00d6fke Operasyonu s\u00fcrerken, Washington Post gazetesi dikkat \u00e7eken bir iddiay\u0131 g\u00fcndeme ta\u015f\u0131d\u0131.&nbsp;H\u00fck\u00fcmet kaynaklar\u0131na dayand\u0131r\u0131lan habere g\u00f6re, ABD Savunma Bakanl\u0131\u011f\u0131\u2019n\u0131n \u0130ran&#8217;da haftalarca s\u00fcrebilecek olas\u0131 bir kara operasyonu i\u00e7in haz\u0131rl\u0131k yapt\u0131\u011f\u0131 bildirildi. Planlar\u0131n sava\u015fta &#8220;yeni bir a\u015famay\u0131&#8221; ba\u015flatabilece\u011fini belirten kaynaklar, bunun son 4 haftadaki kar\u015f\u0131l\u0131kl\u0131 sald\u0131r\u0131lardan &#8220;\u00f6nemli \u00f6l\u00e7\u00fcde daha tehlikeli&#8221; olabilece\u011fini s\u00f6yledi.<\/p>\n\n\n\n<h3 class=\"wp-block-heading\">YETK\u0130L\u0130LER R\u0130SKLERE D\u0130KKAT \u00c7EKT\u0130<\/h3>\n\n\n\n<p>Herhangi bir kara harekat\u0131n\u0131n tam \u00f6l\u00e7ekli bir i\u015fgalden farkl\u0131 olaca\u011f\u0131n\u0131 aktaran yetkililer, operasyon kapsam\u0131nda \u00f6zel kuvvetlerin de yer ald\u0131\u011f\u0131 bask\u0131nlar\u0131n yap\u0131labilece\u011fine i\u015faret etti.&nbsp;Bunun yol a\u00e7abilece\u011fi tehlikelere dikkat \u00e7eken kaynaklar, kara operasyonunun ABD askerlerini &#8220;insans\u0131z hava ara\u00e7lar\u0131na ve f\u00fczelere, kara ate\u015fine ve el yap\u0131m\u0131 patlay\u0131c\u0131lara&#8221; maruz b\u0131rakabilece\u011fini vurgulad\u0131.<\/p>\n\n\n\n<figure class=\"wp-block-image\"><img decoding=\"async\" src=\"https:\/\/foto.haberler.com\/haber\/2026\/03\/29\/iran-abd-muzakerelerden-soz-ed-19697010-4580_2_m.jpg\" alt=\"\"\/><\/figure>\n\n\n\n<h3 class=\"wp-block-heading\">FARKLI SE\u00c7ENEKLER MASADA<\/h3>\n\n\n\n<p>Pentagon\u2019un, \u0130ran&#8217;\u0131n petrol ihracat merkezi olan Harg Adas\u0131&#8217;na y\u00f6nelik operasyonlar ile H\u00fcrm\u00fcz Bo\u011faz\u0131 yak\u0131nlar\u0131ndaki k\u0131y\u0131 b\u00f6lgelerine d\u00fczenlenebilecek bask\u0131nlar\u0131 da se\u00e7enek olarak de\u011ferlendirdi\u011fi aktar\u0131ld\u0131. Baz\u0131 yetkililerin olas\u0131 kara operasyonunun &#8220;birka\u00e7 hafta&#8221;, baz\u0131lar\u0131n\u0131n ise &#8220;birka\u00e7 ay&#8221; s\u00fcrebilece\u011fini s\u00f6yledi\u011fi belirtildi.<\/p>\n\n\n\n<h3 class=\"wp-block-heading\">&#8220;BA\u015eKOMUTANA SE\u00c7ENEK SUNMAK PENTAGON&#8217;UN G\u00d6REV\u0130&#8221;<\/h3>\n\n\n\n<p>Beyaz Saray s\u00f6zc\u00fcs\u00fc Karoline Leavitt, habere konu iddialarla ilgili kesin yorum yapmaktan ka\u00e7\u0131narak, &#8220;Ba\u015fkomutana en fazla say\u0131da se\u00e7ene\u011fi sunmak i\u00e7in haz\u0131rl\u0131k yapmak Pentagon&#8217;un g\u00f6revidir. Bu, Ba\u015fkan\u0131n bir karar verdi\u011fi anlam\u0131na gelmez&#8221; a\u00e7\u0131klamas\u0131nda bulundu.<\/p>\n\n\n\n<h3 class=\"wp-block-heading\">ABD-\u0130SRA\u0130L&#8217;\u0130N \u0130RAN SALDIRILARI<\/h3>\n\n\n\n<p>\u0130srail ve ABD, Tahran ile Washington y\u00f6netimleri aras\u0131nda m\u00fczakereler s\u00fcrerken 28 \u015eubat&#8217;ta \u0130ran&#8217;a askeri sald\u0131r\u0131 ba\u015flatt\u0131. \u0130ran da \u0130srail&#8217;in yan\u0131 s\u0131ra ABD \u00fcslerinin bulundu\u011fu Katar, BAE ve Bahreyn ba\u015fta olmak \u00fczere baz\u0131 b\u00f6lge \u00fclkelerinde belirledi\u011fi hedeflere sald\u0131r\u0131larla kar\u015f\u0131l\u0131k verdi. ABD-\u0130srail sald\u0131r\u0131lar\u0131nda, eski \u0130ran lideri Ali Hamaney&#8217;in yan\u0131 s\u0131ra \u00e7ok say\u0131da \u00fcst d\u00fczey yetkili \u00f6ld\u00fc.<\/p>\n\n\n\n<p>Kaynak: Haberler.com<a href=\"https:\/\/www.haberler.com\/haberler\/kimden-iki-mossad-ajani-icin-idam-karari-19697145-haberi\/\"><\/a><\/p>\n","protected":false},"excerpt":{"rendered":"<p>ABD-\u0130srail ve \u0130ran aras\u0131ndaki sava\u015f 30. g\u00fcn\u00fcnde t\u00fcm \u015fiddetiyle devam ederken, \u0130ran Meclis Ba\u015fkan\u0131 Kalibaf&#8217;tan dikkat \u00e7eken a\u00e7\u0131klamalar geldi. Kalibaf &#8220;ABD kamuoyunda m\u00fczakerelerden s\u00f6z ediyor ancak gizlice bir kara sald\u0131r\u0131s\u0131 planl\u0131yor. Ordular\u0131m\u0131z ABD&#8217;nin kara harekat\u0131n\u0131 bekliyor ve b\u00f6lgedeki ortaklar\u0131n\u0131 cezaland\u0131rmaya haz\u0131r&#8221; ifadelerini kulland\u0131. ABD-\u0130srail ve \u0130ran aras\u0131ndaki sava\u015f 30 g\u00fcnd\u00fcr devam ediyor. Taraflar\u0131n kar\u015f\u0131l\u0131kl\u0131 sald\u0131r\u0131lar\u0131 [&hellip;]<\/p>\n","protected":false},"author":1,"featured_media":48,"comment_status":"open","ping_status":"open","sticky":false,"template":"","format":"standard","meta":{"_coblocks_attr":"","_coblocks_dimensions":"","_coblocks_responsive_height":"","_coblocks_accordion_ie_support":"","_ai_summary":"","_external_image_url":"","footnotes":""},"categories":[5],"tags":[3,17,14,16,18],"class_list":["post-46","post","type-post","status-publish","format-standard","has-post-thumbnail","hentry","category-dunya","tag-dunya","tag-hamaney","tag-iran","tag-israil","tag-kalibaf"],"yoast_head":"<!-- This site is optimized with the Yoast SEO plugin v27.5 - https:\/\/yoast.com\/product\/yoast-seo-wordpress\/ -->\n<title>ABD m\u00fczakerelerden bahsediyor ama gizli kara harekat\u0131 planl\u0131yor - Tralleskop<\/title>\n<meta name=\"description\" content=\"ABD-\u0130srail ve \u0130ran aras\u0131ndaki sava\u015f 30. g\u00fcn\u00fcnde t\u00fcm \u015fiddetiyle devam ederken, \u0130ran Meclis Ba\u015fkan\u0131 Kalibaf&#039;tan dikkat \u00e7eken a\u00e7\u0131klamalar geldi.\" \/>\n<meta name=\"robots\" content=\"index, follow, max-snippet:-1, max-image-preview:large, max-video-preview:-1\" \/>\n<link rel=\"canonical\" href=\"https:\/\/tralleskop.com\/index.php\/2026\/03\/29\/iran-abd-muzakerelerden-soz-ediyor-ancak-gizlice-bir-kara-saldirisi-planliyor\/\" \/>\n<meta property=\"og:locale\" content=\"tr_TR\" \/>\n<meta property=\"og:type\" content=\"article\" \/>\n<meta property=\"og:title\" content=\"ABD m\u00fczakerelerden bahsediyor ama gizli kara harekat\u0131 planl\u0131yor - Tralleskop\" \/>\n<meta property=\"og:description\" content=\"ABD-\u0130srail ve \u0130ran aras\u0131ndaki sava\u015f 30. g\u00fcn\u00fcnde t\u00fcm \u015fiddetiyle devam ederken, \u0130ran Meclis Ba\u015fkan\u0131 Kalibaf&#039;tan dikkat \u00e7eken a\u00e7\u0131klamalar geldi.\" \/>\n<meta property=\"og:url\" content=\"https:\/\/tralleskop.com\/index.php\/2026\/03\/29\/iran-abd-muzakerelerden-soz-ediyor-ancak-gizlice-bir-kara-saldirisi-planliyor\/\" \/>\n<meta property=\"og:site_name\" content=\"Tralleskop\" \/>\n<meta property=\"article:published_time\" content=\"2026-03-29T12:45:55+00:00\" \/>\n<meta property=\"article:modified_time\" content=\"2026-04-10T11:22:45+00:00\" \/>\n<meta property=\"og:image\" content=\"https:\/\/tralleskop.com\/wp-content\/uploads\/2026\/03\/0ac76d6b-9754-4456-8050-069a532ee730.webp\" \/>\n\t<meta property=\"og:image:width\" content=\"1152\" \/>\n\t<meta property=\"og:image:height\" content=\"866\" \/>\n\t<meta property=\"og:image:type\" content=\"image\/webp\" \/>\n<meta name=\"author\" content=\"furkankural\" \/>\n<meta name=\"twitter:card\" content=\"summary_large_image\" \/>\n<meta name=\"twitter:label1\" content=\"Yazan:\" \/>\n\t<meta name=\"twitter:data1\" content=\"furkankural\" \/>\n\t<meta name=\"twitter:label2\" content=\"Tahmini okuma s\u00fcresi\" \/>\n\t<meta name=\"twitter:data2\" content=\"4 dakika\" \/>\n<script type=\"application\/ld+json\" class=\"yoast-schema-graph\">{\"@context\":\"https:\\\/\\\/schema.org\",\"@graph\":[{\"@type\":\"Article\",\"@id\":\"https:\\\/\\\/tralleskop.com\\\/index.php\\\/2026\\\/03\\\/29\\\/iran-abd-muzakerelerden-soz-ediyor-ancak-gizlice-bir-kara-saldirisi-planliyor\\\/#article\",\"isPartOf\":{\"@id\":\"https:\\\/\\\/tralleskop.com\\\/index.php\\\/2026\\\/03\\\/29\\\/iran-abd-muzakerelerden-soz-ediyor-ancak-gizlice-bir-kara-saldirisi-planliyor\\\/\"},\"author\":{\"name\":\"furkankural\",\"@id\":\"https:\\\/\\\/tralleskop.com\\\/#\\\/schema\\\/person\\\/fc12bc0105f8c38d47c414977faf5aa1\"},\"headline\":\"ABD m\u00fczakerelerden bahsediyor ama gizli kara harekat\u0131 planl\u0131yor\",\"datePublished\":\"2026-03-29T12:45:55+00:00\",\"dateModified\":\"2026-04-10T11:22:45+00:00\",\"mainEntityOfPage\":{\"@id\":\"https:\\\/\\\/tralleskop.com\\\/index.php\\\/2026\\\/03\\\/29\\\/iran-abd-muzakerelerden-soz-ediyor-ancak-gizlice-bir-kara-saldirisi-planliyor\\\/\"},\"wordCount\":733,\"commentCount\":1,\"publisher\":{\"@id\":\"https:\\\/\\\/tralleskop.com\\\/#organization\"},\"image\":{\"@id\":\"https:\\\/\\\/tralleskop.com\\\/index.php\\\/2026\\\/03\\\/29\\\/iran-abd-muzakerelerden-soz-ediyor-ancak-gizlice-bir-kara-saldirisi-planliyor\\\/#primaryimage\"},\"thumbnailUrl\":\"https:\\\/\\\/tralleskop.com\\\/wp-content\\\/uploads\\\/2026\\\/03\\\/0ac76d6b-9754-4456-8050-069a532ee730.webp\",\"keywords\":[\"D\u00fcnya\",\"HAMANEY\",\"\u0130RAN\",\"\u0130SRA\u0130L\",\"KAL\u0130BAF\"],\"articleSection\":[\"d\u00fcnya\"],\"inLanguage\":\"tr\",\"potentialAction\":[{\"@type\":\"CommentAction\",\"name\":\"Comment\",\"target\":[\"https:\\\/\\\/tralleskop.com\\\/index.php\\\/2026\\\/03\\\/29\\\/iran-abd-muzakerelerden-soz-ediyor-ancak-gizlice-bir-kara-saldirisi-planliyor\\\/#respond\"]}]},{\"@type\":\"WebPage\",\"@id\":\"https:\\\/\\\/tralleskop.com\\\/index.php\\\/2026\\\/03\\\/29\\\/iran-abd-muzakerelerden-soz-ediyor-ancak-gizlice-bir-kara-saldirisi-planliyor\\\/\",\"url\":\"https:\\\/\\\/tralleskop.com\\\/index.php\\\/2026\\\/03\\\/29\\\/iran-abd-muzakerelerden-soz-ediyor-ancak-gizlice-bir-kara-saldirisi-planliyor\\\/\",\"name\":\"ABD m\u00fczakerelerden bahsediyor ama gizli kara harekat\u0131 planl\u0131yor - Tralleskop\",\"isPartOf\":{\"@id\":\"https:\\\/\\\/tralleskop.com\\\/#website\"},\"primaryImageOfPage\":{\"@id\":\"https:\\\/\\\/tralleskop.com\\\/index.php\\\/2026\\\/03\\\/29\\\/iran-abd-muzakerelerden-soz-ediyor-ancak-gizlice-bir-kara-saldirisi-planliyor\\\/#primaryimage\"},\"image\":{\"@id\":\"https:\\\/\\\/tralleskop.com\\\/index.php\\\/2026\\\/03\\\/29\\\/iran-abd-muzakerelerden-soz-ediyor-ancak-gizlice-bir-kara-saldirisi-planliyor\\\/#primaryimage\"},\"thumbnailUrl\":\"https:\\\/\\\/tralleskop.com\\\/wp-content\\\/uploads\\\/2026\\\/03\\\/0ac76d6b-9754-4456-8050-069a532ee730.webp\",\"datePublished\":\"2026-03-29T12:45:55+00:00\",\"dateModified\":\"2026-04-10T11:22:45+00:00\",\"description\":\"ABD-\u0130srail ve \u0130ran aras\u0131ndaki sava\u015f 30. g\u00fcn\u00fcnde t\u00fcm \u015fiddetiyle devam ederken, \u0130ran Meclis Ba\u015fkan\u0131 Kalibaf'tan dikkat \u00e7eken a\u00e7\u0131klamalar geldi.\",\"breadcrumb\":{\"@id\":\"https:\\\/\\\/tralleskop.com\\\/index.php\\\/2026\\\/03\\\/29\\\/iran-abd-muzakerelerden-soz-ediyor-ancak-gizlice-bir-kara-saldirisi-planliyor\\\/#breadcrumb\"},\"inLanguage\":\"tr\",\"potentialAction\":[{\"@type\":\"ReadAction\",\"target\":[\"https:\\\/\\\/tralleskop.com\\\/index.php\\\/2026\\\/03\\\/29\\\/iran-abd-muzakerelerden-soz-ediyor-ancak-gizlice-bir-kara-saldirisi-planliyor\\\/\"]}]},{\"@type\":\"ImageObject\",\"inLanguage\":\"tr\",\"@id\":\"https:\\\/\\\/tralleskop.com\\\/index.php\\\/2026\\\/03\\\/29\\\/iran-abd-muzakerelerden-soz-ediyor-ancak-gizlice-bir-kara-saldirisi-planliyor\\\/#primaryimage\",\"url\":\"https:\\\/\\\/tralleskop.com\\\/wp-content\\\/uploads\\\/2026\\\/03\\\/0ac76d6b-9754-4456-8050-069a532ee730.webp\",\"contentUrl\":\"https:\\\/\\\/tralleskop.com\\\/wp-content\\\/uploads\\\/2026\\\/03\\\/0ac76d6b-9754-4456-8050-069a532ee730.webp\",\"width\":1152,\"height\":866},{\"@type\":\"BreadcrumbList\",\"@id\":\"https:\\\/\\\/tralleskop.com\\\/index.php\\\/2026\\\/03\\\/29\\\/iran-abd-muzakerelerden-soz-ediyor-ancak-gizlice-bir-kara-saldirisi-planliyor\\\/#breadcrumb\",\"itemListElement\":[{\"@type\":\"ListItem\",\"position\":1,\"name\":\"Anasayfa\",\"item\":\"https:\\\/\\\/tralleskop.com\\\/\"},{\"@type\":\"ListItem\",\"position\":2,\"name\":\"ABD m\u00fczakerelerden bahsediyor ama gizli kara harekat\u0131 planl\u0131yor\"}]},{\"@type\":\"WebSite\",\"@id\":\"https:\\\/\\\/tralleskop.com\\\/#website\",\"url\":\"https:\\\/\\\/tralleskop.com\\\/\",\"name\":\"Tralleskop\",\"description\":\"\",\"publisher\":{\"@id\":\"https:\\\/\\\/tralleskop.com\\\/#organization\"},\"potentialAction\":[{\"@type\":\"SearchAction\",\"target\":{\"@type\":\"EntryPoint\",\"urlTemplate\":\"https:\\\/\\\/tralleskop.com\\\/?s={search_term_string}\"},\"query-input\":{\"@type\":\"PropertyValueSpecification\",\"valueRequired\":true,\"valueName\":\"search_term_string\"}}],\"inLanguage\":\"tr\"},{\"@type\":\"Organization\",\"@id\":\"https:\\\/\\\/tralleskop.com\\\/#organization\",\"name\":\"Tralleskop\",\"url\":\"https:\\\/\\\/tralleskop.com\\\/\",\"logo\":{\"@type\":\"ImageObject\",\"inLanguage\":\"tr\",\"@id\":\"https:\\\/\\\/tralleskop.com\\\/#\\\/schema\\\/logo\\\/image\\\/\",\"url\":\"https:\\\/\\\/tralleskop.com\\\/wp-content\\\/uploads\\\/2026\\\/03\\\/logo-1.png\",\"contentUrl\":\"https:\\\/\\\/tralleskop.com\\\/wp-content\\\/uploads\\\/2026\\\/03\\\/logo-1.png\",\"width\":2048,\"height\":2048,\"caption\":\"Tralleskop\"},\"image\":{\"@id\":\"https:\\\/\\\/tralleskop.com\\\/#\\\/schema\\\/logo\\\/image\\\/\"},\"sameAs\":[\"https:\\\/\\\/instagram.com\\\/tralleskop\"]},{\"@type\":\"Person\",\"@id\":\"https:\\\/\\\/tralleskop.com\\\/#\\\/schema\\\/person\\\/fc12bc0105f8c38d47c414977faf5aa1\",\"name\":\"furkankural\",\"image\":{\"@type\":\"ImageObject\",\"inLanguage\":\"tr\",\"@id\":\"https:\\\/\\\/secure.gravatar.com\\\/avatar\\\/b254b150a2c3c00063e72eb3ded536d7e5bd4008adc46ecd1ef3c8f0c02f310e?s=96&d=mm&r=g\",\"url\":\"https:\\\/\\\/secure.gravatar.com\\\/avatar\\\/b254b150a2c3c00063e72eb3ded536d7e5bd4008adc46ecd1ef3c8f0c02f310e?s=96&d=mm&r=g\",\"contentUrl\":\"https:\\\/\\\/secure.gravatar.com\\\/avatar\\\/b254b150a2c3c00063e72eb3ded536d7e5bd4008adc46ecd1ef3c8f0c02f310e?s=96&d=mm&r=g\",\"caption\":\"furkankural\"},\"sameAs\":[\"https:\\\/\\\/tralleskop.com\"],\"url\":\"https:\\\/\\\/tralleskop.com\\\/index.php\\\/author\\\/furkankural\\\/\"}]}<\/script>\n<!-- \/ Yoast SEO plugin. -->","yoast_head_json":{"title":"ABD m\u00fczakerelerden bahsediyor ama gizli kara harekat\u0131 planl\u0131yor - Tralleskop","description":"ABD-\u0130srail ve \u0130ran aras\u0131ndaki sava\u015f 30. g\u00fcn\u00fcnde t\u00fcm \u015fiddetiyle devam ederken, \u0130ran Meclis Ba\u015fkan\u0131 Kalibaf'tan dikkat \u00e7eken a\u00e7\u0131klamalar geldi.","robots":{"index":"index","follow":"follow","max-snippet":"max-snippet:-1","max-image-preview":"max-image-preview:large","max-video-preview":"max-video-preview:-1"},"canonical":"https:\/\/tralleskop.com\/index.php\/2026\/03\/29\/iran-abd-muzakerelerden-soz-ediyor-ancak-gizlice-bir-kara-saldirisi-planliyor\/","og_locale":"tr_TR","og_type":"article","og_title":"ABD m\u00fczakerelerden bahsediyor ama gizli kara harekat\u0131 planl\u0131yor - Tralleskop","og_description":"ABD-\u0130srail ve \u0130ran aras\u0131ndaki sava\u015f 30. g\u00fcn\u00fcnde t\u00fcm \u015fiddetiyle devam ederken, \u0130ran Meclis Ba\u015fkan\u0131 Kalibaf'tan dikkat \u00e7eken a\u00e7\u0131klamalar geldi.","og_url":"https:\/\/tralleskop.com\/index.php\/2026\/03\/29\/iran-abd-muzakerelerden-soz-ediyor-ancak-gizlice-bir-kara-saldirisi-planliyor\/","og_site_name":"Tralleskop","article_published_time":"2026-03-29T12:45:55+00:00","article_modified_time":"2026-04-10T11:22:45+00:00","og_image":[{"width":1152,"height":866,"url":"https:\/\/tralleskop.com\/wp-content\/uploads\/2026\/03\/0ac76d6b-9754-4456-8050-069a532ee730.webp","type":"image\/webp"}],"author":"furkankural","twitter_card":"summary_large_image","twitter_misc":{"Yazan:":"furkankural","Tahmini okuma s\u00fcresi":"4 dakika"},"schema":{"@context":"https:\/\/schema.org","@graph":[{"@type":"Article","@id":"https:\/\/tralleskop.com\/index.php\/2026\/03\/29\/iran-abd-muzakerelerden-soz-ediyor-ancak-gizlice-bir-kara-saldirisi-planliyor\/#article","isPartOf":{"@id":"https:\/\/tralleskop.com\/index.php\/2026\/03\/29\/iran-abd-muzakerelerden-soz-ediyor-ancak-gizlice-bir-kara-saldirisi-planliyor\/"},"author":{"name":"furkankural","@id":"https:\/\/tralleskop.com\/#\/schema\/person\/fc12bc0105f8c38d47c414977faf5aa1"},"headline":"ABD m\u00fczakerelerden bahsediyor ama gizli kara harekat\u0131 planl\u0131yor","datePublished":"2026-03-29T12:45:55+00:00","dateModified":"2026-04-10T11:22:45+00:00","mainEntityOfPage":{"@id":"https:\/\/tralleskop.com\/index.php\/2026\/03\/29\/iran-abd-muzakerelerden-soz-ediyor-ancak-gizlice-bir-kara-saldirisi-planliyor\/"},"wordCount":733,"commentCount":1,"publisher":{"@id":"https:\/\/tralleskop.com\/#organization"},"image":{"@id":"https:\/\/tralleskop.com\/index.php\/2026\/03\/29\/iran-abd-muzakerelerden-soz-ediyor-ancak-gizlice-bir-kara-saldirisi-planliyor\/#primaryimage"},"thumbnailUrl":"https:\/\/tralleskop.com\/wp-content\/uploads\/2026\/03\/0ac76d6b-9754-4456-8050-069a532ee730.webp","keywords":["D\u00fcnya","HAMANEY","\u0130RAN","\u0130SRA\u0130L","KAL\u0130BAF"],"articleSection":["d\u00fcnya"],"inLanguage":"tr","potentialAction":[{"@type":"CommentAction","name":"Comment","target":["https:\/\/tralleskop.com\/index.php\/2026\/03\/29\/iran-abd-muzakerelerden-soz-ediyor-ancak-gizlice-bir-kara-saldirisi-planliyor\/#respond"]}]},{"@type":"WebPage","@id":"https:\/\/tralleskop.com\/index.php\/2026\/03\/29\/iran-abd-muzakerelerden-soz-ediyor-ancak-gizlice-bir-kara-saldirisi-planliyor\/","url":"https:\/\/tralleskop.com\/index.php\/2026\/03\/29\/iran-abd-muzakerelerden-soz-ediyor-ancak-gizlice-bir-kara-saldirisi-planliyor\/","name":"ABD m\u00fczakerelerden bahsediyor ama gizli kara harekat\u0131 planl\u0131yor - Tralleskop","isPartOf":{"@id":"https:\/\/tralleskop.com\/#website"},"primaryImageOfPage":{"@id":"https:\/\/tralleskop.com\/index.php\/2026\/03\/29\/iran-abd-muzakerelerden-soz-ediyor-ancak-gizlice-bir-kara-saldirisi-planliyor\/#primaryimage"},"image":{"@id":"https:\/\/tralleskop.com\/index.php\/2026\/03\/29\/iran-abd-muzakerelerden-soz-ediyor-ancak-gizlice-bir-kara-saldirisi-planliyor\/#primaryimage"},"thumbnailUrl":"https:\/\/tralleskop.com\/wp-content\/uploads\/2026\/03\/0ac76d6b-9754-4456-8050-069a532ee730.webp","datePublished":"2026-03-29T12:45:55+00:00","dateModified":"2026-04-10T11:22:45+00:00","description":"ABD-\u0130srail ve \u0130ran aras\u0131ndaki sava\u015f 30. g\u00fcn\u00fcnde t\u00fcm \u015fiddetiyle devam ederken, \u0130ran Meclis Ba\u015fkan\u0131 Kalibaf'tan dikkat \u00e7eken a\u00e7\u0131klamalar geldi.","breadcrumb":{"@id":"https:\/\/tralleskop.com\/index.php\/2026\/03\/29\/iran-abd-muzakerelerden-soz-ediyor-ancak-gizlice-bir-kara-saldirisi-planliyor\/#breadcrumb"},"inLanguage":"tr","potentialAction":[{"@type":"ReadAction","target":["https:\/\/tralleskop.com\/index.php\/2026\/03\/29\/iran-abd-muzakerelerden-soz-ediyor-ancak-gizlice-bir-kara-saldirisi-planliyor\/"]}]},{"@type":"ImageObject","inLanguage":"tr","@id":"https:\/\/tralleskop.com\/index.php\/2026\/03\/29\/iran-abd-muzakerelerden-soz-ediyor-ancak-gizlice-bir-kara-saldirisi-planliyor\/#primaryimage","url":"https:\/\/tralleskop.com\/wp-content\/uploads\/2026\/03\/0ac76d6b-9754-4456-8050-069a532ee730.webp","contentUrl":"https:\/\/tralleskop.com\/wp-content\/uploads\/2026\/03\/0ac76d6b-9754-4456-8050-069a532ee730.webp","width":1152,"height":866},{"@type":"BreadcrumbList","@id":"https:\/\/tralleskop.com\/index.php\/2026\/03\/29\/iran-abd-muzakerelerden-soz-ediyor-ancak-gizlice-bir-kara-saldirisi-planliyor\/#breadcrumb","itemListElement":[{"@type":"ListItem","position":1,"name":"Anasayfa","item":"https:\/\/tralleskop.com\/"},{"@type":"ListItem","position":2,"name":"ABD m\u00fczakerelerden bahsediyor ama gizli kara harekat\u0131 planl\u0131yor"}]},{"@type":"WebSite","@id":"https:\/\/tralleskop.com\/#website","url":"https:\/\/tralleskop.com\/","name":"Tralleskop","description":"","publisher":{"@id":"https:\/\/tralleskop.com\/#organization"},"potentialAction":[{"@type":"SearchAction","target":{"@type":"EntryPoint","urlTemplate":"https:\/\/tralleskop.com\/?s={search_term_string}"},"query-input":{"@type":"PropertyValueSpecification","valueRequired":true,"valueName":"search_term_string"}}],"inLanguage":"tr"},{"@type":"Organization","@id":"https:\/\/tralleskop.com\/#organization","name":"Tralleskop","url":"https:\/\/tralleskop.com\/","logo":{"@type":"ImageObject","inLanguage":"tr","@id":"https:\/\/tralleskop.com\/#\/schema\/logo\/image\/","url":"https:\/\/tralleskop.com\/wp-content\/uploads\/2026\/03\/logo-1.png","contentUrl":"https:\/\/tralleskop.com\/wp-content\/uploads\/2026\/03\/logo-1.png","width":2048,"height":2048,"caption":"Tralleskop"},"image":{"@id":"https:\/\/tralleskop.com\/#\/schema\/logo\/image\/"},"sameAs":["https:\/\/instagram.com\/tralleskop"]},{"@type":"Person","@id":"https:\/\/tralleskop.com\/#\/schema\/person\/fc12bc0105f8c38d47c414977faf5aa1","name":"furkankural","image":{"@type":"ImageObject","inLanguage":"tr","@id":"https:\/\/secure.gravatar.com\/avatar\/b254b150a2c3c00063e72eb3ded536d7e5bd4008adc46ecd1ef3c8f0c02f310e?s=96&d=mm&r=g","url":"https:\/\/secure.gravatar.com\/avatar\/b254b150a2c3c00063e72eb3ded536d7e5bd4008adc46ecd1ef3c8f0c02f310e?s=96&d=mm&r=g","contentUrl":"https:\/\/secure.gravatar.com\/avatar\/b254b150a2c3c00063e72eb3ded536d7e5bd4008adc46ecd1ef3c8f0c02f310e?s=96&d=mm&r=g","caption":"furkankural"},"sameAs":["https:\/\/tralleskop.com"],"url":"https:\/\/tralleskop.com\/index.php\/author\/furkankural\/"}]}},"jetpack_featured_media_url":"https:\/\/tralleskop.com\/wp-content\/uploads\/2026\/03\/0ac76d6b-9754-4456-8050-069a532ee730.webp","_links":{"self":[{"href":"https:\/\/tralleskop.com\/index.php\/wp-json\/wp\/v2\/posts\/46","targetHints":{"allow":["GET"]}}],"collection":[{"href":"https:\/\/tralleskop.com\/index.php\/wp-json\/wp\/v2\/posts"}],"about":[{"href":"https:\/\/tralleskop.com\/index.php\/wp-json\/wp\/v2\/types\/post"}],"author":[{"embeddable":true,"href":"https:\/\/tralleskop.com\/index.php\/wp-json\/wp\/v2\/users\/1"}],"replies":[{"embeddable":true,"href":"https:\/\/tralleskop.com\/index.php\/wp-json\/wp\/v2\/comments?post=46"}],"version-history":[{"count":5,"href":"https:\/\/tralleskop.com\/index.php\/wp-json\/wp\/v2\/posts\/46\/revisions"}],"predecessor-version":[{"id":108,"href":"https:\/\/tralleskop.com\/index.php\/wp-json\/wp\/v2\/posts\/46\/revisions\/108"}],"wp:featuredmedia":[{"embeddable":true,"href":"https:\/\/tralleskop.com\/index.php\/wp-json\/wp\/v2\/media\/48"}],"wp:attachment":[{"href":"https:\/\/tralleskop.com\/index.php\/wp-json\/wp\/v2\/media?parent=46"}],"wp:term":[{"taxonomy":"category","embeddable":true,"href":"https:\/\/tralleskop.com\/index.php\/wp-json\/wp\/v2\/categories?post=46"},{"taxonomy":"post_tag","embeddable":true,"href":"https:\/\/tralleskop.com\/index.php\/wp-json\/wp\/v2\/tags?post=46"}],"curies":[{"name":"wp","href":"https:\/\/api.w.org\/{rel}","templated":true}]}}