{"id":457,"date":"2026-05-01T17:55:32","date_gmt":"2026-05-01T14:55:32","guid":{"rendered":"https:\/\/tralleskop.com\/index.php\/2026\/05\/01\/trump-iddianamesi-pete-hegsethin-iran-savasi-tartismalarinin-ardindan-tekrar-cagrilmasi\/"},"modified":"2026-05-01T17:55:32","modified_gmt":"2026-05-01T14:55:32","slug":"trump-iddianamesi-pete-hegsethin-iran-savasi-tartismalarinin-ardindan-tekrar-cagrilmasi","status":"publish","type":"post","link":"https:\/\/tralleskop.com\/index.php\/2026\/05\/01\/trump-iddianamesi-pete-hegsethin-iran-savasi-tartismalarinin-ardindan-tekrar-cagrilmasi\/","title":{"rendered":"Trump \u0130ddianamesi: Pete Hegseth&#8217;in \u0130ran Sava\u015f\u0131 Tart\u0131\u015fmalar\u0131n\u0131n Ard\u0131ndan Tekrar \u00c7a\u011fr\u0131lmas\u0131?"},"content":{"rendered":"<p>Son dakika haberlerine g\u00f6re, eski ABD Ba\u015fkan\u0131 Donald Trump&#8217;\u0131n davas\u0131yla ilgili geli\u015fmeler devam ediyor. The New York Times&#8217;\u0131n haberine g\u00f6re, Fox News sunucusu Pete Hegseth, Trump&#8217;\u0131n davas\u0131yla ilgili olarak tekrar ifade vermeye \u00e7a\u011fr\u0131ld\u0131. Bu \u00e7a\u011fr\u0131, Hegseth&#8217;in \u00f6nceki ifadesinde \u0130ran sava\u015f\u0131na ili\u015fkin tart\u0131\u015fmalar\u0131n hakim olmas\u0131na ra\u011fmen geldi.<br \/>\nHegseth&#8217;in ilk ifadesi, \u0130ran sava\u015f\u0131na ili\u015fkin tart\u0131\u015fmalarla ge\u00e7ti. Bu durum, Trump&#8217;\u0131n davas\u0131yla ilgili olarak ya\u015fanan geli\u015fmeleri daha da ilgin\u00e7 bir hale getirdi. Trump&#8217;\u0131n davas\u0131, ABD&#8217;de b\u00fcy\u00fck bir ilgi g\u00f6rmeye devam ediyor ve siyasi alanda \u00f6nemli tart\u0131\u015fmalara neden oluyor.<br \/>\n\u0130ran sava\u015f\u0131n\u0131n tart\u0131\u015f\u0131lmas\u0131n\u0131n ard\u0131ndan Hegseth&#8217;in tekrar \u00e7a\u011fr\u0131lmas\u0131, bu konunun daha derinlemesine incelenece\u011fini g\u00f6steriyor. Bu durum, Trump&#8217;\u0131n davas\u0131yla ilgili olarak ya\u015fanan geli\u015fmeleri daha da yak\u0131n follow etmek gerekti\u011fini g\u00f6steriyor.<br \/>\nPete Hegseth, Fox News&#8217;te sunucu olarak g\u00f6rev yap\u0131yor ve politik konularda s\u0131k s\u0131k yorumlar yap\u0131yor. Trump&#8217;\u0131n davas\u0131yla ilgili olarak Hegseth&#8217;in ifade vermeye \u00e7a\u011fr\u0131lmas\u0131, bu konunun siyasi alanda nas\u0131l tart\u0131\u015f\u0131ld\u0131\u011f\u0131n\u0131 g\u00f6steriyor.<br \/>\nTrump&#8217;\u0131n davas\u0131yla ilgili olarak ya\u015fanan geli\u015fmeler, ABD&#8217;de b\u00fcy\u00fck bir ilgi g\u00f6rmeye devam ediyor. Bu durum, siyasi alanda \u00f6nemli tart\u0131\u015fmalara neden oluyor ve bir\u00e7ok ki\u015finin bu konuyu takip etmesini sa\u011fl\u0131yor.<br \/>\nThe New York Times&#8217;\u0131n haberine g\u00f6re, Hegseth&#8217;in tekrar \u00e7a\u011fr\u0131lmas\u0131, Trump&#8217;\u0131n davas\u0131yla ilgili olarak ya\u015fanan geli\u015fmelerin daha da ilgin\u00e7 bir hale gelmesi bekleniyor. Bu durum, ABD&#8217;de siyasi alanda \u00f6nemli tart\u0131\u015fmalara neden olabilecek bir geli\u015fme olarak g\u00f6r\u00fcl\u00fcyor.<br \/>\n\u0130ran sava\u015f\u0131n\u0131n tart\u0131\u015f\u0131lmas\u0131, Trump&#8217;\u0131n davas\u0131yla ilgili olarak ya\u015fanan geli\u015fmelerin daha da karma\u015f\u0131k bir hale gelmesi anlam\u0131na geliyor. Bu durum, bu konunun daha derinlemesine incelenece\u011fini g\u00f6steriyor.<br \/>\nPete Hegseth&#8217;in tekrar \u00e7a\u011fr\u0131lmas\u0131, Trump&#8217;\u0131n davas\u0131yla ilgili olarak ya\u015fanan geli\u015fmelerin daha da yak\u0131n follow edilmesi gerekti\u011fini g\u00f6steriyor. Bu durum, ABD&#8217;de siyasi alanda \u00f6nemli tart\u0131\u015fmalara neden olabilecek bir geli\u015fme olarak g\u00f6r\u00fcl\u00fcyor.<br \/>\nThe New York Times&#8217;\u0131n haberine g\u00f6re, Hegseth&#8217;in tekrar ifadesi, Trump&#8217;\u0131n davas\u0131yla ilgili olarak ya\u015fanan geli\u015fmelerin daha da ilgin\u00e7 bir hale gelmesi bekleniyor. Bu durum, ABD&#8217;de b\u00fcy\u00fck bir ilgi g\u00f6rmeye devam ediyor ve siyasi alanda \u00f6nemli tart\u0131\u015fmalara neden oluyor.<br \/>\nTrump&#8217;\u0131n davas\u0131yla ilgili olarak ya\u015fanan geli\u015fmeler, ABD&#8217;de b\u00fcy\u00fck bir ilgi g\u00f6rmeye devam ediyor. Bu durum, siyasi alanda \u00f6nemli tart\u0131\u015fmalara neden oluyor ve bir\u00e7ok ki\u015finin bu konuyu takip etmesini sa\u011fl\u0131yor.<br \/>\n\u0130ran sava\u015f\u0131n\u0131n tart\u0131\u015f\u0131lmas\u0131n\u0131n ard\u0131ndan Hegseth&#8217;in tekrar \u00e7a\u011fr\u0131lmas\u0131, bu konunun daha derinlemesine incelenece\u011fini g\u00f6steriyor. Bu durum, Trump&#8217;\u0131n davas\u0131yla ilgili olarak ya\u015fanan geli\u015fmeleri daha da yak\u0131n follow etmek gerekti\u011fini g\u00f6steriyor.<br \/>\nPete Hegseth&#8217;in Fox News&#8217;teki sunuculu\u011funun yan\u0131 s\u0131ra, politik konularda s\u0131k s\u0131k yorumlar yap\u0131yor. Trump&#8217;\u0131n davas\u0131yla ilgili olarak Hegseth&#8217;in ifade vermeye \u00e7a\u011fr\u0131lmas\u0131, bu konunun siyasi alanda nas\u0131l tart\u0131\u015f\u0131ld\u0131\u011f\u0131n\u0131 g\u00f6steriyor.<br \/>\nThe New York Times&#8217;\u0131n haberine g\u00f6re, Hegseth&#8217;in tekrar \u00e7a\u011fr\u0131lmas\u0131, Trump&#8217;\u0131n davas\u0131yla ilgili olarak ya\u015fanan geli\u015fmelerin daha da ilgin\u00e7 bir hale gelmesi bekleniyor. Bu durum, ABD&#8217;de siyasi alanda \u00f6nemli tart\u0131\u015fmalara neden olabilecek bir geli\u015fme olarak g\u00f6r\u00fcl\u00fcyor.<\/p>\n","protected":false},"excerpt":{"rendered":"<p>Son dakika haberlerine g\u00f6re, eski ABD Ba\u015fkan\u0131 Donald Trump&#8217;\u0131n davas\u0131yla ilgili geli\u015fmeler devam ediyor. The New York Times&#8217;\u0131n haberine g\u00f6re, Fox News sunucusu Pete Hegseth, Trump&#8217;\u0131n davas\u0131yla ilgili olarak tekrar ifade vermeye \u00e7a\u011fr\u0131ld\u0131. Bu \u00e7a\u011fr\u0131, Hegseth&#8217;in \u00f6nceki ifadesinde \u0130ran sava\u015f\u0131na ili\u015fkin tart\u0131\u015fmalar\u0131n hakim olmas\u0131na ra\u011fmen geldi. Hegseth&#8217;in ilk ifadesi, \u0130ran sava\u015f\u0131na ili\u015fkin tart\u0131\u015fmalarla ge\u00e7ti. Bu [&hellip;]<\/p>\n","protected":false},"author":3,"featured_media":0,"comment_status":"open","ping_status":"open","sticky":false,"template":"","format":"standard","meta":{"_coblocks_attr":"","_coblocks_dimensions":"","_coblocks_responsive_height":"","_coblocks_accordion_ie_support":"","_ai_summary":"Pete Hegseth, Trump'\u0131n davas\u0131yla ilgili olarak tekrar ifade vermeye \u00e7a\u011fr\u0131ld\u0131.\nHegseth'in ilk ifadesi, \u0130ran sava\u015f\u0131na ili\u015fkin tart\u0131\u015fmalarla ge\u00e7ti.\nTrump'\u0131n davas\u0131yla ilgili olarak ya\u015fanan geli\u015fmeler, ABD'de b\u00fcy\u00fck bir ilgi g\u00f6rmeye devam ediyor ve siyasi alanda \u00f6nemli tart\u0131\u015fmalara neden oluyor.","_external_image_url":"","footnotes":""},"categories":[38],"tags":[],"class_list":["post-457","post","type-post","status-publish","format-standard","hentry","category-abd"],"yoast_head":"<!-- This site is optimized with the Yoast SEO plugin v27.5 - https:\/\/yoast.com\/product\/yoast-seo-wordpress\/ -->\n<title>Trump \u0130ddianamesi: Pete Hegseth&#039;in \u0130ran Sava\u015f\u0131 Tart\u0131\u015fmalar\u0131n\u0131n Ard\u0131ndan Tekrar \u00c7a\u011fr\u0131lmas\u0131? - Tralleskop<\/title>\n<meta name=\"robots\" content=\"index, follow, max-snippet:-1, max-image-preview:large, max-video-preview:-1\" \/>\n<link rel=\"canonical\" href=\"https:\/\/tralleskop.com\/index.php\/2026\/05\/01\/trump-iddianamesi-pete-hegsethin-iran-savasi-tartismalarinin-ardindan-tekrar-cagrilmasi\/\" \/>\n<meta property=\"og:locale\" content=\"tr_TR\" \/>\n<meta property=\"og:type\" content=\"article\" \/>\n<meta property=\"og:title\" content=\"Trump \u0130ddianamesi: Pete Hegseth&#039;in \u0130ran Sava\u015f\u0131 Tart\u0131\u015fmalar\u0131n\u0131n Ard\u0131ndan Tekrar \u00c7a\u011fr\u0131lmas\u0131? - Tralleskop\" \/>\n<meta property=\"og:description\" content=\"Son dakika haberlerine g\u00f6re, eski ABD Ba\u015fkan\u0131 Donald Trump&#8217;\u0131n davas\u0131yla ilgili geli\u015fmeler devam ediyor. The New York Times&#8217;\u0131n haberine g\u00f6re, Fox News sunucusu Pete Hegseth, Trump&#8217;\u0131n davas\u0131yla ilgili olarak tekrar ifade vermeye \u00e7a\u011fr\u0131ld\u0131. Bu \u00e7a\u011fr\u0131, Hegseth&#8217;in \u00f6nceki ifadesinde \u0130ran sava\u015f\u0131na ili\u015fkin tart\u0131\u015fmalar\u0131n hakim olmas\u0131na ra\u011fmen geldi. Hegseth&#8217;in ilk ifadesi, \u0130ran sava\u015f\u0131na ili\u015fkin tart\u0131\u015fmalarla ge\u00e7ti. Bu [&hellip;]\" \/>\n<meta property=\"og:url\" content=\"https:\/\/tralleskop.com\/index.php\/2026\/05\/01\/trump-iddianamesi-pete-hegsethin-iran-savasi-tartismalarinin-ardindan-tekrar-cagrilmasi\/\" \/>\n<meta property=\"og:site_name\" content=\"Tralleskop\" \/>\n<meta property=\"article:published_time\" content=\"2026-05-01T14:55:32+00:00\" \/>\n<meta name=\"author\" content=\"Yapay Zeka\" \/>\n<meta name=\"twitter:card\" content=\"summary_large_image\" \/>\n<meta name=\"twitter:label1\" content=\"Yazan:\" \/>\n\t<meta name=\"twitter:data1\" content=\"Yapay Zeka\" \/>\n\t<meta name=\"twitter:label2\" content=\"Tahmini okuma s\u00fcresi\" \/>\n\t<meta name=\"twitter:data2\" content=\"3 dakika\" \/>\n<script type=\"application\/ld+json\" class=\"yoast-schema-graph\">{\"@context\":\"https:\\\/\\\/schema.org\",\"@graph\":[{\"@type\":\"Article\",\"@id\":\"https:\\\/\\\/tralleskop.com\\\/index.php\\\/2026\\\/05\\\/01\\\/trump-iddianamesi-pete-hegsethin-iran-savasi-tartismalarinin-ardindan-tekrar-cagrilmasi\\\/#article\",\"isPartOf\":{\"@id\":\"https:\\\/\\\/tralleskop.com\\\/index.php\\\/2026\\\/05\\\/01\\\/trump-iddianamesi-pete-hegsethin-iran-savasi-tartismalarinin-ardindan-tekrar-cagrilmasi\\\/\"},\"author\":{\"name\":\"Yapay Zeka\",\"@id\":\"https:\\\/\\\/tralleskop.com\\\/#\\\/schema\\\/person\\\/07eabec51c3edefcb97f005e5a24dc85\"},\"headline\":\"Trump \u0130ddianamesi: Pete Hegseth&#8217;in \u0130ran Sava\u015f\u0131 Tart\u0131\u015fmalar\u0131n\u0131n Ard\u0131ndan Tekrar \u00c7a\u011fr\u0131lmas\u0131?\",\"datePublished\":\"2026-05-01T14:55:32+00:00\",\"mainEntityOfPage\":{\"@id\":\"https:\\\/\\\/tralleskop.com\\\/index.php\\\/2026\\\/05\\\/01\\\/trump-iddianamesi-pete-hegsethin-iran-savasi-tartismalarinin-ardindan-tekrar-cagrilmasi\\\/\"},\"wordCount\":632,\"commentCount\":0,\"publisher\":{\"@id\":\"https:\\\/\\\/tralleskop.com\\\/#organization\"},\"articleSection\":[\"ABD\"],\"inLanguage\":\"tr\",\"potentialAction\":[{\"@type\":\"CommentAction\",\"name\":\"Comment\",\"target\":[\"https:\\\/\\\/tralleskop.com\\\/index.php\\\/2026\\\/05\\\/01\\\/trump-iddianamesi-pete-hegsethin-iran-savasi-tartismalarinin-ardindan-tekrar-cagrilmasi\\\/#respond\"]}]},{\"@type\":\"WebPage\",\"@id\":\"https:\\\/\\\/tralleskop.com\\\/index.php\\\/2026\\\/05\\\/01\\\/trump-iddianamesi-pete-hegsethin-iran-savasi-tartismalarinin-ardindan-tekrar-cagrilmasi\\\/\",\"url\":\"https:\\\/\\\/tralleskop.com\\\/index.php\\\/2026\\\/05\\\/01\\\/trump-iddianamesi-pete-hegsethin-iran-savasi-tartismalarinin-ardindan-tekrar-cagrilmasi\\\/\",\"name\":\"Trump \u0130ddianamesi: Pete Hegseth'in \u0130ran Sava\u015f\u0131 Tart\u0131\u015fmalar\u0131n\u0131n Ard\u0131ndan Tekrar \u00c7a\u011fr\u0131lmas\u0131? - Tralleskop\",\"isPartOf\":{\"@id\":\"https:\\\/\\\/tralleskop.com\\\/#website\"},\"datePublished\":\"2026-05-01T14:55:32+00:00\",\"breadcrumb\":{\"@id\":\"https:\\\/\\\/tralleskop.com\\\/index.php\\\/2026\\\/05\\\/01\\\/trump-iddianamesi-pete-hegsethin-iran-savasi-tartismalarinin-ardindan-tekrar-cagrilmasi\\\/#breadcrumb\"},\"inLanguage\":\"tr\",\"potentialAction\":[{\"@type\":\"ReadAction\",\"target\":[\"https:\\\/\\\/tralleskop.com\\\/index.php\\\/2026\\\/05\\\/01\\\/trump-iddianamesi-pete-hegsethin-iran-savasi-tartismalarinin-ardindan-tekrar-cagrilmasi\\\/\"]}]},{\"@type\":\"BreadcrumbList\",\"@id\":\"https:\\\/\\\/tralleskop.com\\\/index.php\\\/2026\\\/05\\\/01\\\/trump-iddianamesi-pete-hegsethin-iran-savasi-tartismalarinin-ardindan-tekrar-cagrilmasi\\\/#breadcrumb\",\"itemListElement\":[{\"@type\":\"ListItem\",\"position\":1,\"name\":\"Anasayfa\",\"item\":\"https:\\\/\\\/tralleskop.com\\\/\"},{\"@type\":\"ListItem\",\"position\":2,\"name\":\"Trump \u0130ddianamesi: Pete Hegseth&#8217;in \u0130ran Sava\u015f\u0131 Tart\u0131\u015fmalar\u0131n\u0131n Ard\u0131ndan Tekrar \u00c7a\u011fr\u0131lmas\u0131?\"}]},{\"@type\":\"WebSite\",\"@id\":\"https:\\\/\\\/tralleskop.com\\\/#website\",\"url\":\"https:\\\/\\\/tralleskop.com\\\/\",\"name\":\"Tralleskop\",\"description\":\"\",\"publisher\":{\"@id\":\"https:\\\/\\\/tralleskop.com\\\/#organization\"},\"potentialAction\":[{\"@type\":\"SearchAction\",\"target\":{\"@type\":\"EntryPoint\",\"urlTemplate\":\"https:\\\/\\\/tralleskop.com\\\/?s={search_term_string}\"},\"query-input\":{\"@type\":\"PropertyValueSpecification\",\"valueRequired\":true,\"valueName\":\"search_term_string\"}}],\"inLanguage\":\"tr\"},{\"@type\":\"Organization\",\"@id\":\"https:\\\/\\\/tralleskop.com\\\/#organization\",\"name\":\"Tralleskop\",\"url\":\"https:\\\/\\\/tralleskop.com\\\/\",\"logo\":{\"@type\":\"ImageObject\",\"inLanguage\":\"tr\",\"@id\":\"https:\\\/\\\/tralleskop.com\\\/#\\\/schema\\\/logo\\\/image\\\/\",\"url\":\"https:\\\/\\\/tralleskop.com\\\/wp-content\\\/uploads\\\/2026\\\/03\\\/logo-1.png\",\"contentUrl\":\"https:\\\/\\\/tralleskop.com\\\/wp-content\\\/uploads\\\/2026\\\/03\\\/logo-1.png\",\"width\":2048,\"height\":2048,\"caption\":\"Tralleskop\"},\"image\":{\"@id\":\"https:\\\/\\\/tralleskop.com\\\/#\\\/schema\\\/logo\\\/image\\\/\"},\"sameAs\":[\"https:\\\/\\\/instagram.com\\\/tralleskop\"]},{\"@type\":\"Person\",\"@id\":\"https:\\\/\\\/tralleskop.com\\\/#\\\/schema\\\/person\\\/07eabec51c3edefcb97f005e5a24dc85\",\"name\":\"Yapay Zeka\",\"image\":{\"@type\":\"ImageObject\",\"inLanguage\":\"tr\",\"@id\":\"https:\\\/\\\/secure.gravatar.com\\\/avatar\\\/e77edf5bd5f891271e5db451c58207840f707caf056fe282ae8443fe299d6b9c?s=96&d=mm&r=g\",\"url\":\"https:\\\/\\\/secure.gravatar.com\\\/avatar\\\/e77edf5bd5f891271e5db451c58207840f707caf056fe282ae8443fe299d6b9c?s=96&d=mm&r=g\",\"contentUrl\":\"https:\\\/\\\/secure.gravatar.com\\\/avatar\\\/e77edf5bd5f891271e5db451c58207840f707caf056fe282ae8443fe299d6b9c?s=96&d=mm&r=g\",\"caption\":\"Yapay Zeka\"},\"url\":\"https:\\\/\\\/tralleskop.com\\\/index.php\\\/author\\\/yapayzeka\\\/\"}]}<\/script>\n<!-- \/ Yoast SEO plugin. -->","yoast_head_json":{"title":"Trump \u0130ddianamesi: Pete Hegseth'in \u0130ran Sava\u015f\u0131 Tart\u0131\u015fmalar\u0131n\u0131n Ard\u0131ndan Tekrar \u00c7a\u011fr\u0131lmas\u0131? - Tralleskop","robots":{"index":"index","follow":"follow","max-snippet":"max-snippet:-1","max-image-preview":"max-image-preview:large","max-video-preview":"max-video-preview:-1"},"canonical":"https:\/\/tralleskop.com\/index.php\/2026\/05\/01\/trump-iddianamesi-pete-hegsethin-iran-savasi-tartismalarinin-ardindan-tekrar-cagrilmasi\/","og_locale":"tr_TR","og_type":"article","og_title":"Trump \u0130ddianamesi: Pete Hegseth'in \u0130ran Sava\u015f\u0131 Tart\u0131\u015fmalar\u0131n\u0131n Ard\u0131ndan Tekrar \u00c7a\u011fr\u0131lmas\u0131? - Tralleskop","og_description":"Son dakika haberlerine g\u00f6re, eski ABD Ba\u015fkan\u0131 Donald Trump&#8217;\u0131n davas\u0131yla ilgili geli\u015fmeler devam ediyor. The New York Times&#8217;\u0131n haberine g\u00f6re, Fox News sunucusu Pete Hegseth, Trump&#8217;\u0131n davas\u0131yla ilgili olarak tekrar ifade vermeye \u00e7a\u011fr\u0131ld\u0131. Bu \u00e7a\u011fr\u0131, Hegseth&#8217;in \u00f6nceki ifadesinde \u0130ran sava\u015f\u0131na ili\u015fkin tart\u0131\u015fmalar\u0131n hakim olmas\u0131na ra\u011fmen geldi. Hegseth&#8217;in ilk ifadesi, \u0130ran sava\u015f\u0131na ili\u015fkin tart\u0131\u015fmalarla ge\u00e7ti. Bu [&hellip;]","og_url":"https:\/\/tralleskop.com\/index.php\/2026\/05\/01\/trump-iddianamesi-pete-hegsethin-iran-savasi-tartismalarinin-ardindan-tekrar-cagrilmasi\/","og_site_name":"Tralleskop","article_published_time":"2026-05-01T14:55:32+00:00","author":"Yapay Zeka","twitter_card":"summary_large_image","twitter_misc":{"Yazan:":"Yapay Zeka","Tahmini okuma s\u00fcresi":"3 dakika"},"schema":{"@context":"https:\/\/schema.org","@graph":[{"@type":"Article","@id":"https:\/\/tralleskop.com\/index.php\/2026\/05\/01\/trump-iddianamesi-pete-hegsethin-iran-savasi-tartismalarinin-ardindan-tekrar-cagrilmasi\/#article","isPartOf":{"@id":"https:\/\/tralleskop.com\/index.php\/2026\/05\/01\/trump-iddianamesi-pete-hegsethin-iran-savasi-tartismalarinin-ardindan-tekrar-cagrilmasi\/"},"author":{"name":"Yapay Zeka","@id":"https:\/\/tralleskop.com\/#\/schema\/person\/07eabec51c3edefcb97f005e5a24dc85"},"headline":"Trump \u0130ddianamesi: Pete Hegseth&#8217;in \u0130ran Sava\u015f\u0131 Tart\u0131\u015fmalar\u0131n\u0131n Ard\u0131ndan Tekrar \u00c7a\u011fr\u0131lmas\u0131?","datePublished":"2026-05-01T14:55:32+00:00","mainEntityOfPage":{"@id":"https:\/\/tralleskop.com\/index.php\/2026\/05\/01\/trump-iddianamesi-pete-hegsethin-iran-savasi-tartismalarinin-ardindan-tekrar-cagrilmasi\/"},"wordCount":632,"commentCount":0,"publisher":{"@id":"https:\/\/tralleskop.com\/#organization"},"articleSection":["ABD"],"inLanguage":"tr","potentialAction":[{"@type":"CommentAction","name":"Comment","target":["https:\/\/tralleskop.com\/index.php\/2026\/05\/01\/trump-iddianamesi-pete-hegsethin-iran-savasi-tartismalarinin-ardindan-tekrar-cagrilmasi\/#respond"]}]},{"@type":"WebPage","@id":"https:\/\/tralleskop.com\/index.php\/2026\/05\/01\/trump-iddianamesi-pete-hegsethin-iran-savasi-tartismalarinin-ardindan-tekrar-cagrilmasi\/","url":"https:\/\/tralleskop.com\/index.php\/2026\/05\/01\/trump-iddianamesi-pete-hegsethin-iran-savasi-tartismalarinin-ardindan-tekrar-cagrilmasi\/","name":"Trump \u0130ddianamesi: Pete Hegseth'in \u0130ran Sava\u015f\u0131 Tart\u0131\u015fmalar\u0131n\u0131n Ard\u0131ndan Tekrar \u00c7a\u011fr\u0131lmas\u0131? - Tralleskop","isPartOf":{"@id":"https:\/\/tralleskop.com\/#website"},"datePublished":"2026-05-01T14:55:32+00:00","breadcrumb":{"@id":"https:\/\/tralleskop.com\/index.php\/2026\/05\/01\/trump-iddianamesi-pete-hegsethin-iran-savasi-tartismalarinin-ardindan-tekrar-cagrilmasi\/#breadcrumb"},"inLanguage":"tr","potentialAction":[{"@type":"ReadAction","target":["https:\/\/tralleskop.com\/index.php\/2026\/05\/01\/trump-iddianamesi-pete-hegsethin-iran-savasi-tartismalarinin-ardindan-tekrar-cagrilmasi\/"]}]},{"@type":"BreadcrumbList","@id":"https:\/\/tralleskop.com\/index.php\/2026\/05\/01\/trump-iddianamesi-pete-hegsethin-iran-savasi-tartismalarinin-ardindan-tekrar-cagrilmasi\/#breadcrumb","itemListElement":[{"@type":"ListItem","position":1,"name":"Anasayfa","item":"https:\/\/tralleskop.com\/"},{"@type":"ListItem","position":2,"name":"Trump \u0130ddianamesi: Pete Hegseth&#8217;in \u0130ran Sava\u015f\u0131 Tart\u0131\u015fmalar\u0131n\u0131n Ard\u0131ndan Tekrar \u00c7a\u011fr\u0131lmas\u0131?"}]},{"@type":"WebSite","@id":"https:\/\/tralleskop.com\/#website","url":"https:\/\/tralleskop.com\/","name":"Tralleskop","description":"","publisher":{"@id":"https:\/\/tralleskop.com\/#organization"},"potentialAction":[{"@type":"SearchAction","target":{"@type":"EntryPoint","urlTemplate":"https:\/\/tralleskop.com\/?s={search_term_string}"},"query-input":{"@type":"PropertyValueSpecification","valueRequired":true,"valueName":"search_term_string"}}],"inLanguage":"tr"},{"@type":"Organization","@id":"https:\/\/tralleskop.com\/#organization","name":"Tralleskop","url":"https:\/\/tralleskop.com\/","logo":{"@type":"ImageObject","inLanguage":"tr","@id":"https:\/\/tralleskop.com\/#\/schema\/logo\/image\/","url":"https:\/\/tralleskop.com\/wp-content\/uploads\/2026\/03\/logo-1.png","contentUrl":"https:\/\/tralleskop.com\/wp-content\/uploads\/2026\/03\/logo-1.png","width":2048,"height":2048,"caption":"Tralleskop"},"image":{"@id":"https:\/\/tralleskop.com\/#\/schema\/logo\/image\/"},"sameAs":["https:\/\/instagram.com\/tralleskop"]},{"@type":"Person","@id":"https:\/\/tralleskop.com\/#\/schema\/person\/07eabec51c3edefcb97f005e5a24dc85","name":"Yapay Zeka","image":{"@type":"ImageObject","inLanguage":"tr","@id":"https:\/\/secure.gravatar.com\/avatar\/e77edf5bd5f891271e5db451c58207840f707caf056fe282ae8443fe299d6b9c?s=96&d=mm&r=g","url":"https:\/\/secure.gravatar.com\/avatar\/e77edf5bd5f891271e5db451c58207840f707caf056fe282ae8443fe299d6b9c?s=96&d=mm&r=g","contentUrl":"https:\/\/secure.gravatar.com\/avatar\/e77edf5bd5f891271e5db451c58207840f707caf056fe282ae8443fe299d6b9c?s=96&d=mm&r=g","caption":"Yapay Zeka"},"url":"https:\/\/tralleskop.com\/index.php\/author\/yapayzeka\/"}]}},"jetpack_featured_media_url":"","_links":{"self":[{"href":"https:\/\/tralleskop.com\/index.php\/wp-json\/wp\/v2\/posts\/457","targetHints":{"allow":["GET"]}}],"collection":[{"href":"https:\/\/tralleskop.com\/index.php\/wp-json\/wp\/v2\/posts"}],"about":[{"href":"https:\/\/tralleskop.com\/index.php\/wp-json\/wp\/v2\/types\/post"}],"author":[{"embeddable":true,"href":"https:\/\/tralleskop.com\/index.php\/wp-json\/wp\/v2\/users\/3"}],"replies":[{"embeddable":true,"href":"https:\/\/tralleskop.com\/index.php\/wp-json\/wp\/v2\/comments?post=457"}],"version-history":[{"count":0,"href":"https:\/\/tralleskop.com\/index.php\/wp-json\/wp\/v2\/posts\/457\/revisions"}],"wp:attachment":[{"href":"https:\/\/tralleskop.com\/index.php\/wp-json\/wp\/v2\/media?parent=457"}],"wp:term":[{"taxonomy":"category","embeddable":true,"href":"https:\/\/tralleskop.com\/index.php\/wp-json\/wp\/v2\/categories?post=457"},{"taxonomy":"post_tag","embeddable":true,"href":"https:\/\/tralleskop.com\/index.php\/wp-json\/wp\/v2\/tags?post=457"}],"curies":[{"name":"wp","href":"https:\/\/api.w.org\/{rel}","templated":true}]}}