{"id":455,"date":"2026-05-01T17:54:57","date_gmt":"2026-05-01T14:54:57","guid":{"rendered":"https:\/\/tralleskop.com\/index.php\/2026\/05\/01\/avrupa-merkez-bankasi-faiz-oranlarini-enflasyon-tehdidi-karsisinda-sabit-tutuyor\/"},"modified":"2026-05-01T17:54:57","modified_gmt":"2026-05-01T14:54:57","slug":"avrupa-merkez-bankasi-faiz-oranlarini-enflasyon-tehdidi-karsisinda-sabit-tutuyor","status":"publish","type":"post","link":"https:\/\/tralleskop.com\/index.php\/2026\/05\/01\/avrupa-merkez-bankasi-faiz-oranlarini-enflasyon-tehdidi-karsisinda-sabit-tutuyor\/","title":{"rendered":"Avrupa Merkez Bankas\u0131 Faiz Oranlar\u0131n\u0131 Enflasyon Tehdidi Kar\u015f\u0131s\u0131nda Sabit Tutuyor"},"content":{"rendered":"<p>Avrupa Merkez Bankas\u0131 (ECB), 2 May\u0131s 2024 tarihinde yapt\u0131\u011f\u0131 toplant\u0131 sonucunda ekonomik ko\u015fullar\u0131 ve enflasyonun geldi\u011fi noktay\u0131 de\u011ferlendirdi. Toplant\u0131 sonucunda ECB&#8217;nin y\u00f6netim kurulunun ald\u0131\u011f\u0131 karar ile faiz oranlar\u0131 de\u011fi\u015fmedi. Benchmark faiz oran\u0131 yanibenchmark depozit tesisi faizi %2&#8217;de sabit kald\u0131. Bu karar hem Avrupa Birli\u011fi \u00fclkeleri hem de k\u00fcresel piyasalar i\u00e7in \u00f6nemli bir ad\u0131md\u0131.<br \/>\n  ECB&#8217;nin faiz oranlar\u0131n\u0131 sabit tutma karar\u0131, bir yandan enflasyonun kontrol alt\u0131na al\u0131nmas\u0131 amac\u0131n\u0131 ta\u015f\u0131yor. Di\u011fer yandan ekonomik b\u00fcy\u00fcme \u00fczerinde olas\u0131 vlivlerini de d\u00fc\u015f\u00fcnmek gerekiyor. Y\u00fcksek enflasyon oranlar\u0131, t\u00fcketicilerin sat\u0131n alma g\u00fcc\u00fc \u00fczerinde negatif etkilere neden olurken, sabit faiz oranlar\u0131 ile birlikte ekonomik b\u00fcy\u00fcmenin desteklenmesi ama\u00e7lan\u0131yor.<br \/>\n  ECB&#8217;nin bu karar\u0131, \u00f6zellikle son d\u00f6nemlerde artan enflasyon oranlar\u0131na kar\u015f\u0131 bir \u00f6nlemdir. Avrupa Birli\u011fi&#8217;nde son d\u00f6nemde g\u00f6r\u00fclen y\u00fcksek fiyat art\u0131\u015flar\u0131, ekonomik g\u00fcveni etkileyerek t\u00fcketicilerin al\u0131m g\u00fcc\u00fcn\u00fc azaltt\u0131. Bu nedenle ECB, ekonomideki dengeleri korumak ve enflasyonu kontrol alt\u0131na almak i\u00e7in faiz oranlar\u0131n\u0131 sabit tutma karar\u0131 ald\u0131.<br \/>\n  Dal\u0161\u00ed olarak, ECB&#8217;nin faiz oranlar\u0131n\u0131n sabit kalmas\u0131, piyasalarda belirli bir istikrar\u0131 sa\u011fl\u0131yor. Faiz oranlar\u0131n\u0131n de\u011fi\u015fmesi, yat\u0131r\u0131mc\u0131lar ve t\u00fcketiciler i\u00e7in belirsizlik olu\u015fturabiliyor. Sabit faiz oranlar\u0131 ile birlikte, yat\u0131r\u0131mc\u0131lar ve t\u00fcketiciler a\u00e7\u0131s\u0131ndan daha \u00f6ng\u00f6r\u00fclebilir bir ortam sa\u011flan\u0131yor.<br \/>\n  Bu karar\u0131n etkisi, yaln\u0131zca Avrupa Birli\u011fi \u00fclkeleri ile s\u0131n\u0131rl\u0131 de\u011fil. K\u00fcresel piyasalarda da wicht bir etkiye sahip olacak. Di\u011fer merkez bankalar\u0131n\u0131n faiz oranlar\u0131na ili\u015fkin al\u0131nacak kararlar, k\u00fcresel ekonomik dengeleri etkileyebilecek.<br \/>\n  Avrupa Merkez Bankas\u0131&#8217;n\u0131n faiz oranlar\u0131n\u0131 sabit tutma karar\u0131, k\u00fcresel ekonominin gelece\u011fi a\u00e7\u0131s\u0131ndan \u00f6nemli bir ad\u0131md\u0131r. Bu kararla birlikte, ECB, ekonomik b\u00fcy\u00fcmeyi desteklemek ve enflasyonu kontrol alt\u0131na almak i\u00e7in gerekli \u00f6nlemleri almaya devam ediyor.<\/p>\n","protected":false},"excerpt":{"rendered":"<p>Avrupa Merkez Bankas\u0131 (ECB), 2 May\u0131s 2024 tarihinde yapt\u0131\u011f\u0131 toplant\u0131 sonucunda ekonomik ko\u015fullar\u0131 ve enflasyonun geldi\u011fi noktay\u0131 de\u011ferlendirdi. Toplant\u0131 sonucunda ECB&#8217;nin y\u00f6netim kurulunun ald\u0131\u011f\u0131 karar ile faiz oranlar\u0131 de\u011fi\u015fmedi. Benchmark faiz oran\u0131 yanibenchmark depozit tesisi faizi %2&#8217;de sabit kald\u0131. Bu karar hem Avrupa Birli\u011fi \u00fclkeleri hem de k\u00fcresel piyasalar i\u00e7in \u00f6nemli bir ad\u0131md\u0131. ECB&#8217;nin faiz [&hellip;]<\/p>\n","protected":false},"author":3,"featured_media":456,"comment_status":"open","ping_status":"open","sticky":false,"template":"","format":"standard","meta":{"_coblocks_attr":"","_coblocks_dimensions":"","_coblocks_responsive_height":"","_coblocks_accordion_ie_support":"","_ai_summary":"Avrupa Merkez Bankas\u0131 (ECB) faiz oranlar\u0131n\u0131 %2'de sabit tuttu.\nBu karar, enflasyonun kontrol alt\u0131na al\u0131nmas\u0131 ve ekonomik b\u00fcy\u00fcmenin desteklenmesi amac\u0131n\u0131 ta\u015f\u0131yor.\nECB'nin karar\u0131, yaln\u0131zca Avrupa Birli\u011fi \u00fclkeleri i\u00e7in de\u011fil, k\u00fcresel piyasalar i\u00e7in de \u00f6nemli bir ad\u0131m.","_external_image_url":"https:\/\/image.cnbcfm.com\/api\/v1\/image\/108051578-17296887102024-09-12t143647z_694158656_rc21z9a42rd9_rtrmadp_0_ecb-policy.jpeg?v=1729688732&w=1920&h=1080","footnotes":""},"categories":[1],"tags":[],"class_list":["post-455","post","type-post","status-publish","format-standard","has-post-thumbnail","hentry","category-arsiv"],"yoast_head":"<!-- This site is optimized with the Yoast SEO plugin v27.5 - https:\/\/yoast.com\/product\/yoast-seo-wordpress\/ -->\n<title>Avrupa Merkez Bankas\u0131 Faiz Oranlar\u0131n\u0131 Enflasyon Tehdidi Kar\u015f\u0131s\u0131nda Sabit Tutuyor - Tralleskop<\/title>\n<meta name=\"robots\" content=\"index, follow, max-snippet:-1, max-image-preview:large, max-video-preview:-1\" \/>\n<link rel=\"canonical\" href=\"https:\/\/tralleskop.com\/index.php\/2026\/05\/01\/avrupa-merkez-bankasi-faiz-oranlarini-enflasyon-tehdidi-karsisinda-sabit-tutuyor\/\" \/>\n<meta property=\"og:locale\" content=\"tr_TR\" \/>\n<meta property=\"og:type\" content=\"article\" \/>\n<meta property=\"og:title\" content=\"Avrupa Merkez Bankas\u0131 Faiz Oranlar\u0131n\u0131 Enflasyon Tehdidi Kar\u015f\u0131s\u0131nda Sabit Tutuyor - Tralleskop\" \/>\n<meta property=\"og:description\" content=\"Avrupa Merkez Bankas\u0131 (ECB), 2 May\u0131s 2024 tarihinde yapt\u0131\u011f\u0131 toplant\u0131 sonucunda ekonomik ko\u015fullar\u0131 ve enflasyonun geldi\u011fi noktay\u0131 de\u011ferlendirdi. Toplant\u0131 sonucunda ECB&#8217;nin y\u00f6netim kurulunun ald\u0131\u011f\u0131 karar ile faiz oranlar\u0131 de\u011fi\u015fmedi. Benchmark faiz oran\u0131 yanibenchmark depozit tesisi faizi %2&#8217;de sabit kald\u0131. Bu karar hem Avrupa Birli\u011fi \u00fclkeleri hem de k\u00fcresel piyasalar i\u00e7in \u00f6nemli bir ad\u0131md\u0131. ECB&#8217;nin faiz [&hellip;]\" \/>\n<meta property=\"og:url\" content=\"https:\/\/tralleskop.com\/index.php\/2026\/05\/01\/avrupa-merkez-bankasi-faiz-oranlarini-enflasyon-tehdidi-karsisinda-sabit-tutuyor\/\" \/>\n<meta property=\"og:site_name\" content=\"Tralleskop\" \/>\n<meta property=\"article:published_time\" content=\"2026-05-01T14:54:57+00:00\" \/>\n<meta name=\"author\" content=\"Yapay Zeka\" \/>\n<meta name=\"twitter:card\" content=\"summary_large_image\" \/>\n<meta name=\"twitter:label1\" content=\"Yazan:\" \/>\n\t<meta name=\"twitter:data1\" content=\"Yapay Zeka\" \/>\n\t<meta name=\"twitter:label2\" content=\"Tahmini okuma s\u00fcresi\" \/>\n\t<meta name=\"twitter:data2\" content=\"2 dakika\" \/>\n<script type=\"application\/ld+json\" class=\"yoast-schema-graph\">{\"@context\":\"https:\\\/\\\/schema.org\",\"@graph\":[{\"@type\":\"Article\",\"@id\":\"https:\\\/\\\/tralleskop.com\\\/index.php\\\/2026\\\/05\\\/01\\\/avrupa-merkez-bankasi-faiz-oranlarini-enflasyon-tehdidi-karsisinda-sabit-tutuyor\\\/#article\",\"isPartOf\":{\"@id\":\"https:\\\/\\\/tralleskop.com\\\/index.php\\\/2026\\\/05\\\/01\\\/avrupa-merkez-bankasi-faiz-oranlarini-enflasyon-tehdidi-karsisinda-sabit-tutuyor\\\/\"},\"author\":{\"name\":\"Yapay Zeka\",\"@id\":\"https:\\\/\\\/tralleskop.com\\\/#\\\/schema\\\/person\\\/07eabec51c3edefcb97f005e5a24dc85\"},\"headline\":\"Avrupa Merkez Bankas\u0131 Faiz Oranlar\u0131n\u0131 Enflasyon Tehdidi Kar\u015f\u0131s\u0131nda Sabit Tutuyor\",\"datePublished\":\"2026-05-01T14:54:57+00:00\",\"mainEntityOfPage\":{\"@id\":\"https:\\\/\\\/tralleskop.com\\\/index.php\\\/2026\\\/05\\\/01\\\/avrupa-merkez-bankasi-faiz-oranlarini-enflasyon-tehdidi-karsisinda-sabit-tutuyor\\\/\"},\"wordCount\":352,\"commentCount\":0,\"publisher\":{\"@id\":\"https:\\\/\\\/tralleskop.com\\\/#organization\"},\"image\":{\"@id\":\"https:\\\/\\\/tralleskop.com\\\/index.php\\\/2026\\\/05\\\/01\\\/avrupa-merkez-bankasi-faiz-oranlarini-enflasyon-tehdidi-karsisinda-sabit-tutuyor\\\/#primaryimage\"},\"thumbnailUrl\":\"https:\\\/\\\/tralleskop.com\\\/wp-content\\\/uploads\\\/2026\\\/05\\\/108051578-17296887102024-09-12t143647z_694158656_rc21z9a42rd9_rtrmadp_0_ecb-policy.jpeg.jpg\",\"articleSection\":[\"Ar\u015fiv\"],\"inLanguage\":\"tr\",\"potentialAction\":[{\"@type\":\"CommentAction\",\"name\":\"Comment\",\"target\":[\"https:\\\/\\\/tralleskop.com\\\/index.php\\\/2026\\\/05\\\/01\\\/avrupa-merkez-bankasi-faiz-oranlarini-enflasyon-tehdidi-karsisinda-sabit-tutuyor\\\/#respond\"]}]},{\"@type\":\"WebPage\",\"@id\":\"https:\\\/\\\/tralleskop.com\\\/index.php\\\/2026\\\/05\\\/01\\\/avrupa-merkez-bankasi-faiz-oranlarini-enflasyon-tehdidi-karsisinda-sabit-tutuyor\\\/\",\"url\":\"https:\\\/\\\/tralleskop.com\\\/index.php\\\/2026\\\/05\\\/01\\\/avrupa-merkez-bankasi-faiz-oranlarini-enflasyon-tehdidi-karsisinda-sabit-tutuyor\\\/\",\"name\":\"Avrupa Merkez Bankas\u0131 Faiz Oranlar\u0131n\u0131 Enflasyon Tehdidi Kar\u015f\u0131s\u0131nda Sabit Tutuyor - Tralleskop\",\"isPartOf\":{\"@id\":\"https:\\\/\\\/tralleskop.com\\\/#website\"},\"primaryImageOfPage\":{\"@id\":\"https:\\\/\\\/tralleskop.com\\\/index.php\\\/2026\\\/05\\\/01\\\/avrupa-merkez-bankasi-faiz-oranlarini-enflasyon-tehdidi-karsisinda-sabit-tutuyor\\\/#primaryimage\"},\"image\":{\"@id\":\"https:\\\/\\\/tralleskop.com\\\/index.php\\\/2026\\\/05\\\/01\\\/avrupa-merkez-bankasi-faiz-oranlarini-enflasyon-tehdidi-karsisinda-sabit-tutuyor\\\/#primaryimage\"},\"thumbnailUrl\":\"https:\\\/\\\/tralleskop.com\\\/wp-content\\\/uploads\\\/2026\\\/05\\\/108051578-17296887102024-09-12t143647z_694158656_rc21z9a42rd9_rtrmadp_0_ecb-policy.jpeg.jpg\",\"datePublished\":\"2026-05-01T14:54:57+00:00\",\"breadcrumb\":{\"@id\":\"https:\\\/\\\/tralleskop.com\\\/index.php\\\/2026\\\/05\\\/01\\\/avrupa-merkez-bankasi-faiz-oranlarini-enflasyon-tehdidi-karsisinda-sabit-tutuyor\\\/#breadcrumb\"},\"inLanguage\":\"tr\",\"potentialAction\":[{\"@type\":\"ReadAction\",\"target\":[\"https:\\\/\\\/tralleskop.com\\\/index.php\\\/2026\\\/05\\\/01\\\/avrupa-merkez-bankasi-faiz-oranlarini-enflasyon-tehdidi-karsisinda-sabit-tutuyor\\\/\"]}]},{\"@type\":\"ImageObject\",\"inLanguage\":\"tr\",\"@id\":\"https:\\\/\\\/tralleskop.com\\\/index.php\\\/2026\\\/05\\\/01\\\/avrupa-merkez-bankasi-faiz-oranlarini-enflasyon-tehdidi-karsisinda-sabit-tutuyor\\\/#primaryimage\",\"url\":\"https:\\\/\\\/tralleskop.com\\\/wp-content\\\/uploads\\\/2026\\\/05\\\/108051578-17296887102024-09-12t143647z_694158656_rc21z9a42rd9_rtrmadp_0_ecb-policy.jpeg.jpg\",\"contentUrl\":\"https:\\\/\\\/tralleskop.com\\\/wp-content\\\/uploads\\\/2026\\\/05\\\/108051578-17296887102024-09-12t143647z_694158656_rc21z9a42rd9_rtrmadp_0_ecb-policy.jpeg.jpg\",\"width\":1920,\"height\":1080},{\"@type\":\"BreadcrumbList\",\"@id\":\"https:\\\/\\\/tralleskop.com\\\/index.php\\\/2026\\\/05\\\/01\\\/avrupa-merkez-bankasi-faiz-oranlarini-enflasyon-tehdidi-karsisinda-sabit-tutuyor\\\/#breadcrumb\",\"itemListElement\":[{\"@type\":\"ListItem\",\"position\":1,\"name\":\"Anasayfa\",\"item\":\"https:\\\/\\\/tralleskop.com\\\/\"},{\"@type\":\"ListItem\",\"position\":2,\"name\":\"Avrupa Merkez Bankas\u0131 Faiz Oranlar\u0131n\u0131 Enflasyon Tehdidi Kar\u015f\u0131s\u0131nda Sabit Tutuyor\"}]},{\"@type\":\"WebSite\",\"@id\":\"https:\\\/\\\/tralleskop.com\\\/#website\",\"url\":\"https:\\\/\\\/tralleskop.com\\\/\",\"name\":\"Tralleskop\",\"description\":\"\",\"publisher\":{\"@id\":\"https:\\\/\\\/tralleskop.com\\\/#organization\"},\"potentialAction\":[{\"@type\":\"SearchAction\",\"target\":{\"@type\":\"EntryPoint\",\"urlTemplate\":\"https:\\\/\\\/tralleskop.com\\\/?s={search_term_string}\"},\"query-input\":{\"@type\":\"PropertyValueSpecification\",\"valueRequired\":true,\"valueName\":\"search_term_string\"}}],\"inLanguage\":\"tr\"},{\"@type\":\"Organization\",\"@id\":\"https:\\\/\\\/tralleskop.com\\\/#organization\",\"name\":\"Tralleskop\",\"url\":\"https:\\\/\\\/tralleskop.com\\\/\",\"logo\":{\"@type\":\"ImageObject\",\"inLanguage\":\"tr\",\"@id\":\"https:\\\/\\\/tralleskop.com\\\/#\\\/schema\\\/logo\\\/image\\\/\",\"url\":\"https:\\\/\\\/tralleskop.com\\\/wp-content\\\/uploads\\\/2026\\\/03\\\/logo-1.png\",\"contentUrl\":\"https:\\\/\\\/tralleskop.com\\\/wp-content\\\/uploads\\\/2026\\\/03\\\/logo-1.png\",\"width\":2048,\"height\":2048,\"caption\":\"Tralleskop\"},\"image\":{\"@id\":\"https:\\\/\\\/tralleskop.com\\\/#\\\/schema\\\/logo\\\/image\\\/\"},\"sameAs\":[\"https:\\\/\\\/instagram.com\\\/tralleskop\"]},{\"@type\":\"Person\",\"@id\":\"https:\\\/\\\/tralleskop.com\\\/#\\\/schema\\\/person\\\/07eabec51c3edefcb97f005e5a24dc85\",\"name\":\"Yapay Zeka\",\"image\":{\"@type\":\"ImageObject\",\"inLanguage\":\"tr\",\"@id\":\"https:\\\/\\\/secure.gravatar.com\\\/avatar\\\/e77edf5bd5f891271e5db451c58207840f707caf056fe282ae8443fe299d6b9c?s=96&d=mm&r=g\",\"url\":\"https:\\\/\\\/secure.gravatar.com\\\/avatar\\\/e77edf5bd5f891271e5db451c58207840f707caf056fe282ae8443fe299d6b9c?s=96&d=mm&r=g\",\"contentUrl\":\"https:\\\/\\\/secure.gravatar.com\\\/avatar\\\/e77edf5bd5f891271e5db451c58207840f707caf056fe282ae8443fe299d6b9c?s=96&d=mm&r=g\",\"caption\":\"Yapay Zeka\"},\"url\":\"https:\\\/\\\/tralleskop.com\\\/index.php\\\/author\\\/yapayzeka\\\/\"}]}<\/script>\n<!-- \/ Yoast SEO plugin. -->","yoast_head_json":{"title":"Avrupa Merkez Bankas\u0131 Faiz Oranlar\u0131n\u0131 Enflasyon Tehdidi Kar\u015f\u0131s\u0131nda Sabit Tutuyor - Tralleskop","robots":{"index":"index","follow":"follow","max-snippet":"max-snippet:-1","max-image-preview":"max-image-preview:large","max-video-preview":"max-video-preview:-1"},"canonical":"https:\/\/tralleskop.com\/index.php\/2026\/05\/01\/avrupa-merkez-bankasi-faiz-oranlarini-enflasyon-tehdidi-karsisinda-sabit-tutuyor\/","og_locale":"tr_TR","og_type":"article","og_title":"Avrupa Merkez Bankas\u0131 Faiz Oranlar\u0131n\u0131 Enflasyon Tehdidi Kar\u015f\u0131s\u0131nda Sabit Tutuyor - Tralleskop","og_description":"Avrupa Merkez Bankas\u0131 (ECB), 2 May\u0131s 2024 tarihinde yapt\u0131\u011f\u0131 toplant\u0131 sonucunda ekonomik ko\u015fullar\u0131 ve enflasyonun geldi\u011fi noktay\u0131 de\u011ferlendirdi. Toplant\u0131 sonucunda ECB&#8217;nin y\u00f6netim kurulunun ald\u0131\u011f\u0131 karar ile faiz oranlar\u0131 de\u011fi\u015fmedi. Benchmark faiz oran\u0131 yanibenchmark depozit tesisi faizi %2&#8217;de sabit kald\u0131. Bu karar hem Avrupa Birli\u011fi \u00fclkeleri hem de k\u00fcresel piyasalar i\u00e7in \u00f6nemli bir ad\u0131md\u0131. ECB&#8217;nin faiz [&hellip;]","og_url":"https:\/\/tralleskop.com\/index.php\/2026\/05\/01\/avrupa-merkez-bankasi-faiz-oranlarini-enflasyon-tehdidi-karsisinda-sabit-tutuyor\/","og_site_name":"Tralleskop","article_published_time":"2026-05-01T14:54:57+00:00","author":"Yapay Zeka","twitter_card":"summary_large_image","twitter_misc":{"Yazan:":"Yapay Zeka","Tahmini okuma s\u00fcresi":"2 dakika"},"schema":{"@context":"https:\/\/schema.org","@graph":[{"@type":"Article","@id":"https:\/\/tralleskop.com\/index.php\/2026\/05\/01\/avrupa-merkez-bankasi-faiz-oranlarini-enflasyon-tehdidi-karsisinda-sabit-tutuyor\/#article","isPartOf":{"@id":"https:\/\/tralleskop.com\/index.php\/2026\/05\/01\/avrupa-merkez-bankasi-faiz-oranlarini-enflasyon-tehdidi-karsisinda-sabit-tutuyor\/"},"author":{"name":"Yapay Zeka","@id":"https:\/\/tralleskop.com\/#\/schema\/person\/07eabec51c3edefcb97f005e5a24dc85"},"headline":"Avrupa Merkez Bankas\u0131 Faiz Oranlar\u0131n\u0131 Enflasyon Tehdidi Kar\u015f\u0131s\u0131nda Sabit Tutuyor","datePublished":"2026-05-01T14:54:57+00:00","mainEntityOfPage":{"@id":"https:\/\/tralleskop.com\/index.php\/2026\/05\/01\/avrupa-merkez-bankasi-faiz-oranlarini-enflasyon-tehdidi-karsisinda-sabit-tutuyor\/"},"wordCount":352,"commentCount":0,"publisher":{"@id":"https:\/\/tralleskop.com\/#organization"},"image":{"@id":"https:\/\/tralleskop.com\/index.php\/2026\/05\/01\/avrupa-merkez-bankasi-faiz-oranlarini-enflasyon-tehdidi-karsisinda-sabit-tutuyor\/#primaryimage"},"thumbnailUrl":"https:\/\/tralleskop.com\/wp-content\/uploads\/2026\/05\/108051578-17296887102024-09-12t143647z_694158656_rc21z9a42rd9_rtrmadp_0_ecb-policy.jpeg.jpg","articleSection":["Ar\u015fiv"],"inLanguage":"tr","potentialAction":[{"@type":"CommentAction","name":"Comment","target":["https:\/\/tralleskop.com\/index.php\/2026\/05\/01\/avrupa-merkez-bankasi-faiz-oranlarini-enflasyon-tehdidi-karsisinda-sabit-tutuyor\/#respond"]}]},{"@type":"WebPage","@id":"https:\/\/tralleskop.com\/index.php\/2026\/05\/01\/avrupa-merkez-bankasi-faiz-oranlarini-enflasyon-tehdidi-karsisinda-sabit-tutuyor\/","url":"https:\/\/tralleskop.com\/index.php\/2026\/05\/01\/avrupa-merkez-bankasi-faiz-oranlarini-enflasyon-tehdidi-karsisinda-sabit-tutuyor\/","name":"Avrupa Merkez Bankas\u0131 Faiz Oranlar\u0131n\u0131 Enflasyon Tehdidi Kar\u015f\u0131s\u0131nda Sabit Tutuyor - Tralleskop","isPartOf":{"@id":"https:\/\/tralleskop.com\/#website"},"primaryImageOfPage":{"@id":"https:\/\/tralleskop.com\/index.php\/2026\/05\/01\/avrupa-merkez-bankasi-faiz-oranlarini-enflasyon-tehdidi-karsisinda-sabit-tutuyor\/#primaryimage"},"image":{"@id":"https:\/\/tralleskop.com\/index.php\/2026\/05\/01\/avrupa-merkez-bankasi-faiz-oranlarini-enflasyon-tehdidi-karsisinda-sabit-tutuyor\/#primaryimage"},"thumbnailUrl":"https:\/\/tralleskop.com\/wp-content\/uploads\/2026\/05\/108051578-17296887102024-09-12t143647z_694158656_rc21z9a42rd9_rtrmadp_0_ecb-policy.jpeg.jpg","datePublished":"2026-05-01T14:54:57+00:00","breadcrumb":{"@id":"https:\/\/tralleskop.com\/index.php\/2026\/05\/01\/avrupa-merkez-bankasi-faiz-oranlarini-enflasyon-tehdidi-karsisinda-sabit-tutuyor\/#breadcrumb"},"inLanguage":"tr","potentialAction":[{"@type":"ReadAction","target":["https:\/\/tralleskop.com\/index.php\/2026\/05\/01\/avrupa-merkez-bankasi-faiz-oranlarini-enflasyon-tehdidi-karsisinda-sabit-tutuyor\/"]}]},{"@type":"ImageObject","inLanguage":"tr","@id":"https:\/\/tralleskop.com\/index.php\/2026\/05\/01\/avrupa-merkez-bankasi-faiz-oranlarini-enflasyon-tehdidi-karsisinda-sabit-tutuyor\/#primaryimage","url":"https:\/\/tralleskop.com\/wp-content\/uploads\/2026\/05\/108051578-17296887102024-09-12t143647z_694158656_rc21z9a42rd9_rtrmadp_0_ecb-policy.jpeg.jpg","contentUrl":"https:\/\/tralleskop.com\/wp-content\/uploads\/2026\/05\/108051578-17296887102024-09-12t143647z_694158656_rc21z9a42rd9_rtrmadp_0_ecb-policy.jpeg.jpg","width":1920,"height":1080},{"@type":"BreadcrumbList","@id":"https:\/\/tralleskop.com\/index.php\/2026\/05\/01\/avrupa-merkez-bankasi-faiz-oranlarini-enflasyon-tehdidi-karsisinda-sabit-tutuyor\/#breadcrumb","itemListElement":[{"@type":"ListItem","position":1,"name":"Anasayfa","item":"https:\/\/tralleskop.com\/"},{"@type":"ListItem","position":2,"name":"Avrupa Merkez Bankas\u0131 Faiz Oranlar\u0131n\u0131 Enflasyon Tehdidi Kar\u015f\u0131s\u0131nda Sabit Tutuyor"}]},{"@type":"WebSite","@id":"https:\/\/tralleskop.com\/#website","url":"https:\/\/tralleskop.com\/","name":"Tralleskop","description":"","publisher":{"@id":"https:\/\/tralleskop.com\/#organization"},"potentialAction":[{"@type":"SearchAction","target":{"@type":"EntryPoint","urlTemplate":"https:\/\/tralleskop.com\/?s={search_term_string}"},"query-input":{"@type":"PropertyValueSpecification","valueRequired":true,"valueName":"search_term_string"}}],"inLanguage":"tr"},{"@type":"Organization","@id":"https:\/\/tralleskop.com\/#organization","name":"Tralleskop","url":"https:\/\/tralleskop.com\/","logo":{"@type":"ImageObject","inLanguage":"tr","@id":"https:\/\/tralleskop.com\/#\/schema\/logo\/image\/","url":"https:\/\/tralleskop.com\/wp-content\/uploads\/2026\/03\/logo-1.png","contentUrl":"https:\/\/tralleskop.com\/wp-content\/uploads\/2026\/03\/logo-1.png","width":2048,"height":2048,"caption":"Tralleskop"},"image":{"@id":"https:\/\/tralleskop.com\/#\/schema\/logo\/image\/"},"sameAs":["https:\/\/instagram.com\/tralleskop"]},{"@type":"Person","@id":"https:\/\/tralleskop.com\/#\/schema\/person\/07eabec51c3edefcb97f005e5a24dc85","name":"Yapay Zeka","image":{"@type":"ImageObject","inLanguage":"tr","@id":"https:\/\/secure.gravatar.com\/avatar\/e77edf5bd5f891271e5db451c58207840f707caf056fe282ae8443fe299d6b9c?s=96&d=mm&r=g","url":"https:\/\/secure.gravatar.com\/avatar\/e77edf5bd5f891271e5db451c58207840f707caf056fe282ae8443fe299d6b9c?s=96&d=mm&r=g","contentUrl":"https:\/\/secure.gravatar.com\/avatar\/e77edf5bd5f891271e5db451c58207840f707caf056fe282ae8443fe299d6b9c?s=96&d=mm&r=g","caption":"Yapay Zeka"},"url":"https:\/\/tralleskop.com\/index.php\/author\/yapayzeka\/"}]}},"jetpack_featured_media_url":"https:\/\/tralleskop.com\/wp-content\/uploads\/2026\/05\/108051578-17296887102024-09-12t143647z_694158656_rc21z9a42rd9_rtrmadp_0_ecb-policy.jpeg.jpg","_links":{"self":[{"href":"https:\/\/tralleskop.com\/index.php\/wp-json\/wp\/v2\/posts\/455","targetHints":{"allow":["GET"]}}],"collection":[{"href":"https:\/\/tralleskop.com\/index.php\/wp-json\/wp\/v2\/posts"}],"about":[{"href":"https:\/\/tralleskop.com\/index.php\/wp-json\/wp\/v2\/types\/post"}],"author":[{"embeddable":true,"href":"https:\/\/tralleskop.com\/index.php\/wp-json\/wp\/v2\/users\/3"}],"replies":[{"embeddable":true,"href":"https:\/\/tralleskop.com\/index.php\/wp-json\/wp\/v2\/comments?post=455"}],"version-history":[{"count":0,"href":"https:\/\/tralleskop.com\/index.php\/wp-json\/wp\/v2\/posts\/455\/revisions"}],"wp:featuredmedia":[{"embeddable":true,"href":"https:\/\/tralleskop.com\/index.php\/wp-json\/wp\/v2\/media\/456"}],"wp:attachment":[{"href":"https:\/\/tralleskop.com\/index.php\/wp-json\/wp\/v2\/media?parent=455"}],"wp:term":[{"taxonomy":"category","embeddable":true,"href":"https:\/\/tralleskop.com\/index.php\/wp-json\/wp\/v2\/categories?post=455"},{"taxonomy":"post_tag","embeddable":true,"href":"https:\/\/tralleskop.com\/index.php\/wp-json\/wp\/v2\/tags?post=455"}],"curies":[{"name":"wp","href":"https:\/\/api.w.org\/{rel}","templated":true}]}}