{"id":451,"date":"2026-05-01T17:38:34","date_gmt":"2026-05-01T14:38:34","guid":{"rendered":"https:\/\/tralleskop.com\/index.php\/2026\/05\/01\/londrada-2-yahudi-erkege-yonelik-bicak-saldirisi-olayi-anlama\/"},"modified":"2026-05-01T17:38:34","modified_gmt":"2026-05-01T14:38:34","slug":"londrada-2-yahudi-erkege-yonelik-bicak-saldirisi-olayi-anlama","status":"publish","type":"post","link":"https:\/\/tralleskop.com\/index.php\/2026\/05\/01\/londrada-2-yahudi-erkege-yonelik-bicak-saldirisi-olayi-anlama\/","title":{"rendered":"Londra&#8217;da 2 Yahudi Erke\u011fe Y\u00f6nelik B\u0131\u00e7ak Sald\u0131r\u0131s\u0131: Olay\u0131 Anlama"},"content":{"rendered":"<p>Londra&#8217;da meydana gelen bir b\u0131\u00e7ak sald\u0131r\u0131s\u0131 s\u0131ras\u0131nda iki Yahudi erke\u011fe sald\u0131r\u0131ld\u0131. Bu olay, \u015fehrin Yahudi toplulu\u011funu derinden etkiledi ve toplumda endi\u015fe yaratmaya devam ediyor. Londra&#8217;daliving Yahudi cemaati, bu t\u00fcr olaylar\u0131n artmas\u0131yla birlikte g\u00fcvenlik endi\u015feleri konusunda artan bir duyarl\u0131l\u0131k i\u00e7inde. Sald\u0131r\u0131, Londra&#8217;n\u0131n Orthodox Yahudi cemaatinin yo\u011fun olarak ya\u015fad\u0131\u011f\u0131 bir b\u00f6lgede ger\u00e7ekle\u015fti.<\/p>\n<p>The New York Times&#8217;\u0131n haberine g\u00f6re, sald\u0131rgan\u0131n motive oldu\u011fu tam olarak bilinmese de, olay\u0131n antisemitik bir sald\u0131r\u0131 olabilece\u011fi konusunda endi\u015feler var. Londra Metropolitan Polisi, olay\u0131 &#8216;ciddi bir su\u00e7&#8217; olarak de\u011ferlendirdi ve sald\u0131rgan\u0131n tutuklanmas\u0131n\u0131n ard\u0131ndan soru\u015fturmay\u0131 devam ettirdi.<\/p>\n<p>Bu olay, Londra&#8217;daki Yahudi toplulu\u011funun kar\u015f\u0131 kar\u015f\u0131ya oldu\u011fu zorluklar\u0131 ve \u015fehirdeki artan antisemitik sald\u0131r\u0131lar\u0131 g\u00fcndeme getirdi. \u0130ngiliz yetkililer, antisemitizme kar\u015f\u0131 daha g\u00fc\u00e7l\u00fc \u00f6nlemler al\u0131nmas\u0131n\u0131n n\u00e9cessit\u00e9 oldu\u011funu ve Yahudi cemaatinin g\u00fcvende hissetmesini sa\u011flamak i\u00e7in daha fazla \u00e7aba gerekti\u011fini vurgulad\u0131lar.<\/p>\n<p>Londra&#8217;da meydana gelen bu b\u0131\u00e7ak sald\u0131r\u0131s\u0131, yaln\u0131zca Yahudi cemaati i\u00e7in de\u011fil, t\u00fcm Londra toplulu\u011fu i\u00e7in b\u00fcy\u00fck bir endi\u015fe kayna\u011f\u0131d\u0131r. Sald\u0131r\u0131n\u0131n arkas\u0131ndaki sebeplerin tam olarak anla\u015f\u0131lmas\u0131 ve benzer olaylar\u0131n \u00f6nlenmesi i\u00e7in yetkililerin ve toplulu\u011fun birlikte \u00e7al\u0131\u015fmas\u0131 \u00e7ok \u00f6nemlidir.<\/p>\n<p>Olaya yan\u0131t olarak, Londra Yahudi cemaati liderleri ve sivil toplum kurulu\u015flar\u0131, olay\u0131n ard\u0131ndan dayan\u0131\u015fma ve destek mesajlar\u0131 yay\u0131nlad\u0131lar. British Jewish Board of Deputies gibi \u00f6rg\u00fctler, antisemitizme kar\u015f\u0131 daha g\u00fc\u00e7l\u00fc \u00f6nlemler al\u0131nmas\u0131 \u00e7a\u011fr\u0131s\u0131nda bulundu ve \u015fehrin t\u00fcm topluluklar\u0131n\u0131n bir arada ya\u015fama ve sayg\u0131 k\u00fclt\u00fcr\u00fcn\u00fc g\u00fc\u00e7lendirmesi gerekti\u011finin alt\u0131n\u0131 \u00e7izdi.<\/p>\n<p>Buhaberin ard\u0131ndan, Londra&#8217;n\u0131n \u00e7e\u015fitli b\u00f6lgelerinde g\u00fcvenlik \u00f6nlemleri art\u0131r\u0131l\u0131rken, yetkililer potansiyel yeni sald\u0131r\u0131lar\u0131n \u00f6nlenmesi i\u00e7in working s\u00fcratle \u00e7al\u0131\u015fmaya devam ediyor. Londra&#8217;daki Yahudi cemaatine kar\u015f\u0131 artan endi\u015feler, \u015fehrin t\u00fcm topluluklar\u0131n\u0131 bir araya getirecek ve antisemitizme kar\u015f\u0131 daha g\u00fc\u00e7l\u00fc bir m\u00fccadele verilmesini sa\u011flayacak \u015fekilde hareket etmenin n\u00e9cessit\u00e9 oldu\u011funu g\u00f6steriyor.<\/p>\n<p>Londra&#8217;da iki Yahudi erke\u011fe y\u00f6nelik b\u0131\u00e7ak sald\u0131r\u0131s\u0131, sadece bir olay olarak de\u011fil, daha geni\u015f bir sosyal ve k\u00fclt\u00fcrel v\u1ea5nenin belirtisi olarak g\u00f6r\u00fcl\u00fcyor. Toplumun bir arada ya\u015fama k\u00fclt\u00fcr\u00fcn\u00fc g\u00fc\u00e7lendirmek, antisemitizmin her t\u00fcrl\u00fc \u015fekline kar\u015f\u0131 m\u00fccadeleyi s\u00fcrd\u00fcrmek ve toplumun t\u00fcm kesimlerinin \u0431\u0435\u0437\u043e\u043f\u0430\u0441\u043d\u043e\u0441\u0442\u0438 duygusunuArt\u0131rmak i\u00e7in daha fazla \u00e7al\u0131\u015fma yap\u0131lmas\u0131 gerekiyor.<\/p>\n","protected":false},"excerpt":{"rendered":"<p>Londra&#8217;da meydana gelen bir b\u0131\u00e7ak sald\u0131r\u0131s\u0131 s\u0131ras\u0131nda iki Yahudi erke\u011fe sald\u0131r\u0131ld\u0131. Bu olay, \u015fehrin Yahudi toplulu\u011funu derinden etkiledi ve toplumda endi\u015fe yaratmaya devam ediyor. Londra&#8217;daliving Yahudi cemaati, bu t\u00fcr olaylar\u0131n artmas\u0131yla birlikte g\u00fcvenlik endi\u015feleri konusunda artan bir duyarl\u0131l\u0131k i\u00e7inde. Sald\u0131r\u0131, Londra&#8217;n\u0131n Orthodox Yahudi cemaatinin yo\u011fun olarak ya\u015fad\u0131\u011f\u0131 bir b\u00f6lgede ger\u00e7ekle\u015fti. The New York Times&#8217;\u0131n haberine [&hellip;]<\/p>\n","protected":false},"author":3,"featured_media":0,"comment_status":"open","ping_status":"open","sticky":false,"template":"","format":"standard","meta":{"_coblocks_attr":"","_coblocks_dimensions":"","_coblocks_responsive_height":"","_coblocks_accordion_ie_support":"","_ai_summary":"Londra'da iki Yahudi erke\u011fe y\u00f6nelik b\u0131\u00e7ak sald\u0131r\u0131s\u0131 ger\u00e7ekle\u015fti.\nSald\u0131r\u0131, \u015fehrin Orthodox Yahudi cemaatinin ya\u015fad\u0131\u011f\u0131 bir b\u00f6lgede meydana geldi.\nOlay, antisemitizme kar\u015f\u0131 daha g\u00fc\u00e7l\u00fc \u00f6nlemler al\u0131nmas\u0131 gerekti\u011fini vurgulad\u0131.","_external_image_url":"","footnotes":""},"categories":[1],"tags":[],"class_list":["post-451","post","type-post","status-publish","format-standard","hentry","category-arsiv"],"yoast_head":"<!-- This site is optimized with the Yoast SEO plugin v27.5 - https:\/\/yoast.com\/product\/yoast-seo-wordpress\/ -->\n<title>Londra&#039;da 2 Yahudi Erke\u011fe Y\u00f6nelik B\u0131\u00e7ak Sald\u0131r\u0131s\u0131: Olay\u0131 Anlama - Tralleskop<\/title>\n<meta name=\"robots\" content=\"index, follow, max-snippet:-1, max-image-preview:large, max-video-preview:-1\" \/>\n<link rel=\"canonical\" href=\"https:\/\/tralleskop.com\/index.php\/2026\/05\/01\/londrada-2-yahudi-erkege-yonelik-bicak-saldirisi-olayi-anlama\/\" \/>\n<meta property=\"og:locale\" content=\"tr_TR\" \/>\n<meta property=\"og:type\" content=\"article\" \/>\n<meta property=\"og:title\" content=\"Londra&#039;da 2 Yahudi Erke\u011fe Y\u00f6nelik B\u0131\u00e7ak Sald\u0131r\u0131s\u0131: Olay\u0131 Anlama - Tralleskop\" \/>\n<meta property=\"og:description\" content=\"Londra&#8217;da meydana gelen bir b\u0131\u00e7ak sald\u0131r\u0131s\u0131 s\u0131ras\u0131nda iki Yahudi erke\u011fe sald\u0131r\u0131ld\u0131. Bu olay, \u015fehrin Yahudi toplulu\u011funu derinden etkiledi ve toplumda endi\u015fe yaratmaya devam ediyor. Londra&#8217;daliving Yahudi cemaati, bu t\u00fcr olaylar\u0131n artmas\u0131yla birlikte g\u00fcvenlik endi\u015feleri konusunda artan bir duyarl\u0131l\u0131k i\u00e7inde. Sald\u0131r\u0131, Londra&#8217;n\u0131n Orthodox Yahudi cemaatinin yo\u011fun olarak ya\u015fad\u0131\u011f\u0131 bir b\u00f6lgede ger\u00e7ekle\u015fti. The New York Times&#8217;\u0131n haberine [&hellip;]\" \/>\n<meta property=\"og:url\" content=\"https:\/\/tralleskop.com\/index.php\/2026\/05\/01\/londrada-2-yahudi-erkege-yonelik-bicak-saldirisi-olayi-anlama\/\" \/>\n<meta property=\"og:site_name\" content=\"Tralleskop\" \/>\n<meta property=\"article:published_time\" content=\"2026-05-01T14:38:34+00:00\" \/>\n<meta name=\"author\" content=\"Yapay Zeka\" \/>\n<meta name=\"twitter:card\" content=\"summary_large_image\" \/>\n<meta name=\"twitter:label1\" content=\"Yazan:\" \/>\n\t<meta name=\"twitter:data1\" content=\"Yapay Zeka\" \/>\n\t<meta name=\"twitter:label2\" content=\"Tahmini okuma s\u00fcresi\" \/>\n\t<meta name=\"twitter:data2\" content=\"2 dakika\" \/>\n<script type=\"application\/ld+json\" class=\"yoast-schema-graph\">{\"@context\":\"https:\\\/\\\/schema.org\",\"@graph\":[{\"@type\":\"Article\",\"@id\":\"https:\\\/\\\/tralleskop.com\\\/index.php\\\/2026\\\/05\\\/01\\\/londrada-2-yahudi-erkege-yonelik-bicak-saldirisi-olayi-anlama\\\/#article\",\"isPartOf\":{\"@id\":\"https:\\\/\\\/tralleskop.com\\\/index.php\\\/2026\\\/05\\\/01\\\/londrada-2-yahudi-erkege-yonelik-bicak-saldirisi-olayi-anlama\\\/\"},\"author\":{\"name\":\"Yapay Zeka\",\"@id\":\"https:\\\/\\\/tralleskop.com\\\/#\\\/schema\\\/person\\\/07eabec51c3edefcb97f005e5a24dc85\"},\"headline\":\"Londra&#8217;da 2 Yahudi Erke\u011fe Y\u00f6nelik B\u0131\u00e7ak Sald\u0131r\u0131s\u0131: Olay\u0131 Anlama\",\"datePublished\":\"2026-05-01T14:38:34+00:00\",\"mainEntityOfPage\":{\"@id\":\"https:\\\/\\\/tralleskop.com\\\/index.php\\\/2026\\\/05\\\/01\\\/londrada-2-yahudi-erkege-yonelik-bicak-saldirisi-olayi-anlama\\\/\"},\"wordCount\":525,\"commentCount\":0,\"publisher\":{\"@id\":\"https:\\\/\\\/tralleskop.com\\\/#organization\"},\"articleSection\":[\"Ar\u015fiv\"],\"inLanguage\":\"tr\",\"potentialAction\":[{\"@type\":\"CommentAction\",\"name\":\"Comment\",\"target\":[\"https:\\\/\\\/tralleskop.com\\\/index.php\\\/2026\\\/05\\\/01\\\/londrada-2-yahudi-erkege-yonelik-bicak-saldirisi-olayi-anlama\\\/#respond\"]}]},{\"@type\":\"WebPage\",\"@id\":\"https:\\\/\\\/tralleskop.com\\\/index.php\\\/2026\\\/05\\\/01\\\/londrada-2-yahudi-erkege-yonelik-bicak-saldirisi-olayi-anlama\\\/\",\"url\":\"https:\\\/\\\/tralleskop.com\\\/index.php\\\/2026\\\/05\\\/01\\\/londrada-2-yahudi-erkege-yonelik-bicak-saldirisi-olayi-anlama\\\/\",\"name\":\"Londra'da 2 Yahudi Erke\u011fe Y\u00f6nelik B\u0131\u00e7ak Sald\u0131r\u0131s\u0131: Olay\u0131 Anlama - Tralleskop\",\"isPartOf\":{\"@id\":\"https:\\\/\\\/tralleskop.com\\\/#website\"},\"datePublished\":\"2026-05-01T14:38:34+00:00\",\"breadcrumb\":{\"@id\":\"https:\\\/\\\/tralleskop.com\\\/index.php\\\/2026\\\/05\\\/01\\\/londrada-2-yahudi-erkege-yonelik-bicak-saldirisi-olayi-anlama\\\/#breadcrumb\"},\"inLanguage\":\"tr\",\"potentialAction\":[{\"@type\":\"ReadAction\",\"target\":[\"https:\\\/\\\/tralleskop.com\\\/index.php\\\/2026\\\/05\\\/01\\\/londrada-2-yahudi-erkege-yonelik-bicak-saldirisi-olayi-anlama\\\/\"]}]},{\"@type\":\"BreadcrumbList\",\"@id\":\"https:\\\/\\\/tralleskop.com\\\/index.php\\\/2026\\\/05\\\/01\\\/londrada-2-yahudi-erkege-yonelik-bicak-saldirisi-olayi-anlama\\\/#breadcrumb\",\"itemListElement\":[{\"@type\":\"ListItem\",\"position\":1,\"name\":\"Anasayfa\",\"item\":\"https:\\\/\\\/tralleskop.com\\\/\"},{\"@type\":\"ListItem\",\"position\":2,\"name\":\"Londra&#8217;da 2 Yahudi Erke\u011fe Y\u00f6nelik B\u0131\u00e7ak Sald\u0131r\u0131s\u0131: Olay\u0131 Anlama\"}]},{\"@type\":\"WebSite\",\"@id\":\"https:\\\/\\\/tralleskop.com\\\/#website\",\"url\":\"https:\\\/\\\/tralleskop.com\\\/\",\"name\":\"Tralleskop\",\"description\":\"\",\"publisher\":{\"@id\":\"https:\\\/\\\/tralleskop.com\\\/#organization\"},\"potentialAction\":[{\"@type\":\"SearchAction\",\"target\":{\"@type\":\"EntryPoint\",\"urlTemplate\":\"https:\\\/\\\/tralleskop.com\\\/?s={search_term_string}\"},\"query-input\":{\"@type\":\"PropertyValueSpecification\",\"valueRequired\":true,\"valueName\":\"search_term_string\"}}],\"inLanguage\":\"tr\"},{\"@type\":\"Organization\",\"@id\":\"https:\\\/\\\/tralleskop.com\\\/#organization\",\"name\":\"Tralleskop\",\"url\":\"https:\\\/\\\/tralleskop.com\\\/\",\"logo\":{\"@type\":\"ImageObject\",\"inLanguage\":\"tr\",\"@id\":\"https:\\\/\\\/tralleskop.com\\\/#\\\/schema\\\/logo\\\/image\\\/\",\"url\":\"https:\\\/\\\/tralleskop.com\\\/wp-content\\\/uploads\\\/2026\\\/03\\\/logo-1.png\",\"contentUrl\":\"https:\\\/\\\/tralleskop.com\\\/wp-content\\\/uploads\\\/2026\\\/03\\\/logo-1.png\",\"width\":2048,\"height\":2048,\"caption\":\"Tralleskop\"},\"image\":{\"@id\":\"https:\\\/\\\/tralleskop.com\\\/#\\\/schema\\\/logo\\\/image\\\/\"},\"sameAs\":[\"https:\\\/\\\/instagram.com\\\/tralleskop\"]},{\"@type\":\"Person\",\"@id\":\"https:\\\/\\\/tralleskop.com\\\/#\\\/schema\\\/person\\\/07eabec51c3edefcb97f005e5a24dc85\",\"name\":\"Yapay Zeka\",\"image\":{\"@type\":\"ImageObject\",\"inLanguage\":\"tr\",\"@id\":\"https:\\\/\\\/secure.gravatar.com\\\/avatar\\\/e77edf5bd5f891271e5db451c58207840f707caf056fe282ae8443fe299d6b9c?s=96&d=mm&r=g\",\"url\":\"https:\\\/\\\/secure.gravatar.com\\\/avatar\\\/e77edf5bd5f891271e5db451c58207840f707caf056fe282ae8443fe299d6b9c?s=96&d=mm&r=g\",\"contentUrl\":\"https:\\\/\\\/secure.gravatar.com\\\/avatar\\\/e77edf5bd5f891271e5db451c58207840f707caf056fe282ae8443fe299d6b9c?s=96&d=mm&r=g\",\"caption\":\"Yapay Zeka\"},\"url\":\"https:\\\/\\\/tralleskop.com\\\/index.php\\\/author\\\/yapayzeka\\\/\"}]}<\/script>\n<!-- \/ Yoast SEO plugin. -->","yoast_head_json":{"title":"Londra'da 2 Yahudi Erke\u011fe Y\u00f6nelik B\u0131\u00e7ak Sald\u0131r\u0131s\u0131: Olay\u0131 Anlama - Tralleskop","robots":{"index":"index","follow":"follow","max-snippet":"max-snippet:-1","max-image-preview":"max-image-preview:large","max-video-preview":"max-video-preview:-1"},"canonical":"https:\/\/tralleskop.com\/index.php\/2026\/05\/01\/londrada-2-yahudi-erkege-yonelik-bicak-saldirisi-olayi-anlama\/","og_locale":"tr_TR","og_type":"article","og_title":"Londra'da 2 Yahudi Erke\u011fe Y\u00f6nelik B\u0131\u00e7ak Sald\u0131r\u0131s\u0131: Olay\u0131 Anlama - Tralleskop","og_description":"Londra&#8217;da meydana gelen bir b\u0131\u00e7ak sald\u0131r\u0131s\u0131 s\u0131ras\u0131nda iki Yahudi erke\u011fe sald\u0131r\u0131ld\u0131. Bu olay, \u015fehrin Yahudi toplulu\u011funu derinden etkiledi ve toplumda endi\u015fe yaratmaya devam ediyor. Londra&#8217;daliving Yahudi cemaati, bu t\u00fcr olaylar\u0131n artmas\u0131yla birlikte g\u00fcvenlik endi\u015feleri konusunda artan bir duyarl\u0131l\u0131k i\u00e7inde. Sald\u0131r\u0131, Londra&#8217;n\u0131n Orthodox Yahudi cemaatinin yo\u011fun olarak ya\u015fad\u0131\u011f\u0131 bir b\u00f6lgede ger\u00e7ekle\u015fti. The New York Times&#8217;\u0131n haberine [&hellip;]","og_url":"https:\/\/tralleskop.com\/index.php\/2026\/05\/01\/londrada-2-yahudi-erkege-yonelik-bicak-saldirisi-olayi-anlama\/","og_site_name":"Tralleskop","article_published_time":"2026-05-01T14:38:34+00:00","author":"Yapay Zeka","twitter_card":"summary_large_image","twitter_misc":{"Yazan:":"Yapay Zeka","Tahmini okuma s\u00fcresi":"2 dakika"},"schema":{"@context":"https:\/\/schema.org","@graph":[{"@type":"Article","@id":"https:\/\/tralleskop.com\/index.php\/2026\/05\/01\/londrada-2-yahudi-erkege-yonelik-bicak-saldirisi-olayi-anlama\/#article","isPartOf":{"@id":"https:\/\/tralleskop.com\/index.php\/2026\/05\/01\/londrada-2-yahudi-erkege-yonelik-bicak-saldirisi-olayi-anlama\/"},"author":{"name":"Yapay Zeka","@id":"https:\/\/tralleskop.com\/#\/schema\/person\/07eabec51c3edefcb97f005e5a24dc85"},"headline":"Londra&#8217;da 2 Yahudi Erke\u011fe Y\u00f6nelik B\u0131\u00e7ak Sald\u0131r\u0131s\u0131: Olay\u0131 Anlama","datePublished":"2026-05-01T14:38:34+00:00","mainEntityOfPage":{"@id":"https:\/\/tralleskop.com\/index.php\/2026\/05\/01\/londrada-2-yahudi-erkege-yonelik-bicak-saldirisi-olayi-anlama\/"},"wordCount":525,"commentCount":0,"publisher":{"@id":"https:\/\/tralleskop.com\/#organization"},"articleSection":["Ar\u015fiv"],"inLanguage":"tr","potentialAction":[{"@type":"CommentAction","name":"Comment","target":["https:\/\/tralleskop.com\/index.php\/2026\/05\/01\/londrada-2-yahudi-erkege-yonelik-bicak-saldirisi-olayi-anlama\/#respond"]}]},{"@type":"WebPage","@id":"https:\/\/tralleskop.com\/index.php\/2026\/05\/01\/londrada-2-yahudi-erkege-yonelik-bicak-saldirisi-olayi-anlama\/","url":"https:\/\/tralleskop.com\/index.php\/2026\/05\/01\/londrada-2-yahudi-erkege-yonelik-bicak-saldirisi-olayi-anlama\/","name":"Londra'da 2 Yahudi Erke\u011fe Y\u00f6nelik B\u0131\u00e7ak Sald\u0131r\u0131s\u0131: Olay\u0131 Anlama - Tralleskop","isPartOf":{"@id":"https:\/\/tralleskop.com\/#website"},"datePublished":"2026-05-01T14:38:34+00:00","breadcrumb":{"@id":"https:\/\/tralleskop.com\/index.php\/2026\/05\/01\/londrada-2-yahudi-erkege-yonelik-bicak-saldirisi-olayi-anlama\/#breadcrumb"},"inLanguage":"tr","potentialAction":[{"@type":"ReadAction","target":["https:\/\/tralleskop.com\/index.php\/2026\/05\/01\/londrada-2-yahudi-erkege-yonelik-bicak-saldirisi-olayi-anlama\/"]}]},{"@type":"BreadcrumbList","@id":"https:\/\/tralleskop.com\/index.php\/2026\/05\/01\/londrada-2-yahudi-erkege-yonelik-bicak-saldirisi-olayi-anlama\/#breadcrumb","itemListElement":[{"@type":"ListItem","position":1,"name":"Anasayfa","item":"https:\/\/tralleskop.com\/"},{"@type":"ListItem","position":2,"name":"Londra&#8217;da 2 Yahudi Erke\u011fe Y\u00f6nelik B\u0131\u00e7ak Sald\u0131r\u0131s\u0131: Olay\u0131 Anlama"}]},{"@type":"WebSite","@id":"https:\/\/tralleskop.com\/#website","url":"https:\/\/tralleskop.com\/","name":"Tralleskop","description":"","publisher":{"@id":"https:\/\/tralleskop.com\/#organization"},"potentialAction":[{"@type":"SearchAction","target":{"@type":"EntryPoint","urlTemplate":"https:\/\/tralleskop.com\/?s={search_term_string}"},"query-input":{"@type":"PropertyValueSpecification","valueRequired":true,"valueName":"search_term_string"}}],"inLanguage":"tr"},{"@type":"Organization","@id":"https:\/\/tralleskop.com\/#organization","name":"Tralleskop","url":"https:\/\/tralleskop.com\/","logo":{"@type":"ImageObject","inLanguage":"tr","@id":"https:\/\/tralleskop.com\/#\/schema\/logo\/image\/","url":"https:\/\/tralleskop.com\/wp-content\/uploads\/2026\/03\/logo-1.png","contentUrl":"https:\/\/tralleskop.com\/wp-content\/uploads\/2026\/03\/logo-1.png","width":2048,"height":2048,"caption":"Tralleskop"},"image":{"@id":"https:\/\/tralleskop.com\/#\/schema\/logo\/image\/"},"sameAs":["https:\/\/instagram.com\/tralleskop"]},{"@type":"Person","@id":"https:\/\/tralleskop.com\/#\/schema\/person\/07eabec51c3edefcb97f005e5a24dc85","name":"Yapay Zeka","image":{"@type":"ImageObject","inLanguage":"tr","@id":"https:\/\/secure.gravatar.com\/avatar\/e77edf5bd5f891271e5db451c58207840f707caf056fe282ae8443fe299d6b9c?s=96&d=mm&r=g","url":"https:\/\/secure.gravatar.com\/avatar\/e77edf5bd5f891271e5db451c58207840f707caf056fe282ae8443fe299d6b9c?s=96&d=mm&r=g","contentUrl":"https:\/\/secure.gravatar.com\/avatar\/e77edf5bd5f891271e5db451c58207840f707caf056fe282ae8443fe299d6b9c?s=96&d=mm&r=g","caption":"Yapay Zeka"},"url":"https:\/\/tralleskop.com\/index.php\/author\/yapayzeka\/"}]}},"jetpack_featured_media_url":"","_links":{"self":[{"href":"https:\/\/tralleskop.com\/index.php\/wp-json\/wp\/v2\/posts\/451","targetHints":{"allow":["GET"]}}],"collection":[{"href":"https:\/\/tralleskop.com\/index.php\/wp-json\/wp\/v2\/posts"}],"about":[{"href":"https:\/\/tralleskop.com\/index.php\/wp-json\/wp\/v2\/types\/post"}],"author":[{"embeddable":true,"href":"https:\/\/tralleskop.com\/index.php\/wp-json\/wp\/v2\/users\/3"}],"replies":[{"embeddable":true,"href":"https:\/\/tralleskop.com\/index.php\/wp-json\/wp\/v2\/comments?post=451"}],"version-history":[{"count":0,"href":"https:\/\/tralleskop.com\/index.php\/wp-json\/wp\/v2\/posts\/451\/revisions"}],"wp:attachment":[{"href":"https:\/\/tralleskop.com\/index.php\/wp-json\/wp\/v2\/media?parent=451"}],"wp:term":[{"taxonomy":"category","embeddable":true,"href":"https:\/\/tralleskop.com\/index.php\/wp-json\/wp\/v2\/categories?post=451"},{"taxonomy":"post_tag","embeddable":true,"href":"https:\/\/tralleskop.com\/index.php\/wp-json\/wp\/v2\/tags?post=451"}],"curies":[{"name":"wp","href":"https:\/\/api.w.org\/{rel}","templated":true}]}}