{"id":448,"date":"2026-05-01T17:37:25","date_gmt":"2026-05-01T14:37:25","guid":{"rendered":"https:\/\/tralleskop.com\/index.php\/2026\/05\/01\/maine-senate-seciminde-beklenmedik-gelisme-mills-cekildi-platner-ile-collins-karsilasacak\/"},"modified":"2026-05-01T17:37:25","modified_gmt":"2026-05-01T14:37:25","slug":"maine-senate-seciminde-beklenmedik-gelisme-mills-cekildi-platner-ile-collins-karsilasacak","status":"publish","type":"post","link":"https:\/\/tralleskop.com\/index.php\/2026\/05\/01\/maine-senate-seciminde-beklenmedik-gelisme-mills-cekildi-platner-ile-collins-karsilasacak\/","title":{"rendered":"Maine Senate Se\u00e7iminde Beklenmedik Geli\u015fme: Mills \u00c7ekildi, Platner ile Collins Kar\u015f\u0131la\u015facak"},"content":{"rendered":"<p>Maine Senate se\u00e7iminde \u00f6nemli bir geli\u015fme ya\u015fand\u0131. Janet Mills, se\u00e7im yar\u0131\u015f\u0131ndan \u00e7ekildi\u011fini a\u00e7\u0131klad\u0131. Bu karar, y\u0131l\u0131nda en \u00f6nemli se\u00e7imlerden biri olan Maine Senate se\u00e7iminde b\u00fcy\u00fck bir de\u011fi\u015fiklik yaratt\u0131 ve Demokrat Parti&#8217;nin \u00f6nde gelen ismi Chuck Schumer i\u00e7in \u00f6nemli bir darbe olarak g\u00f6r\u00fcld\u00fc. Mills&#8217;in \u00e7ekilmesi, Demokrat Parti&#8217;nin Maine Senatosu&#8217;nu kazanma \u015fans\u0131n\u0131 olumsuz etkileyebilir.<\/p>\n<p>Mills&#8217;in karar\u0131n\u0131n ard\u0131ndaki reasons belli olmasa da, se\u00e7im s\u00fcrecinde ya\u015fad\u0131\u011f\u0131 zorluklar\u0131n ve partinin i\u00e7 \u00e7at\u0131\u015fmalar\u0131n\u0131n bunda etkili oldu\u011fu d\u00fc\u015f\u00fcn\u00fcl\u00fcyor. Demokrat Parti, Maine Senatosu&#8217;nu kazanmak i\u00e7in b\u00fcy\u00fck \u00e7aba sarf etmi\u015fti ve Mills&#8217;in adayl\u0131\u011f\u0131 b\u00fcy\u00fck \u00fcmitlerle kar\u015f\u0131lanm\u0131\u015ft\u0131.<\/p>\n<p>Mills&#8217;in \u00e7ekilmesiyle birlikte, Platner now Demokrat Parti&#8217;nin ana aday\u0131 olarak g\u00f6r\u00fcn\u00fcyor. Platner,\u7ecf\u9a8cli bir politikac\u0131 de\u011fil, Ancak Maine&#8217;de g\u00fc\u00e7l\u00fc bir destek\u00e7i kitlesine sahip oldu\u011fu biliniyor. Platner&#8217;in Cumhuriyet\u00e7i Parti&#8217;nin g\u00fc\u00e7l\u00fc aday\u0131 Collins ile kar\u015f\u0131la\u015faca\u011f\u0131 se\u00e7im, art\u0131k daha da rekabet\u00e7i bir h\u00e2l al\u0131yor.<\/p>\n<p>Bu geli\u015fme, Demokrat Parti&#8217;nin ulusal d\u00fczeydeki se\u00e7im stratejilerini yeniden de\u011ferlendirmesine neden olabilir. Partinin, di\u011fer se\u00e7im b\u00f6lgelerinde daha g\u00fc\u00e7l\u00fc adaylar bulmas\u0131 ve kaynaklar\u0131n\u0131 daha efektif kullanmas\u0131 gerekebilir. \u00d6te yandan, Cumhuriyet\u00e7i Parti, bu durumdan yararlanarak Maine Senatosu&#8217;nu kazanma \u015fans\u0131n\u0131 art\u0131rabilir.<\/p>\n<p>Maine Senate se\u00e7iminde ya\u015fanan bu beklenmedik geli\u015fme, Amerikan siyasetinde \u00f6nemli sonu\u00e7lar do\u011furabilir. Se\u00e7im sonu\u00e7lar\u0131, Kongre&#8217;deki g\u00fc\u00e7 dengesini etkileyebilir ve Demokrat Parti&#8217;nin ulusal d\u00fczeydeki stratejilerini yeniden de\u011ferlendirmesine neden olabilir.<\/p>\n<p>Se\u00e7im s\u00fcrecinde, adaylar\u0131n politikalar\u0131, kinh nghi\u1ec7mleri ve destek\u00e7i kitleleri \u00f6nemli rol oynayacak. Platner ve Collins, se\u00e7im\u8fc7\u7a0binde birbirleriyle yo\u011fun bir rekabete girecekler ve her iki aday da se\u00e7menlerin takdirini kazanmak i\u00e7in b\u00fcy\u00fck \u00e7aba sarf edecekler. Maine Senatosu se\u00e7iminde ya\u015fanan bu geli\u015fme, Amerikan siyasetinin gelece\u011fine \u00f6nemli etkiler yapacak.<\/p>\n","protected":false},"excerpt":{"rendered":"<p>Maine Senate se\u00e7iminde \u00f6nemli bir geli\u015fme ya\u015fand\u0131. Janet Mills, se\u00e7im yar\u0131\u015f\u0131ndan \u00e7ekildi\u011fini a\u00e7\u0131klad\u0131. Bu karar, y\u0131l\u0131nda en \u00f6nemli se\u00e7imlerden biri olan Maine Senate se\u00e7iminde b\u00fcy\u00fck bir de\u011fi\u015fiklik yaratt\u0131 ve Demokrat Parti&#8217;nin \u00f6nde gelen ismi Chuck Schumer i\u00e7in \u00f6nemli bir darbe olarak g\u00f6r\u00fcld\u00fc. Mills&#8217;in \u00e7ekilmesi, Demokrat Parti&#8217;nin Maine Senatosu&#8217;nu kazanma \u015fans\u0131n\u0131 olumsuz etkileyebilir. Mills&#8217;in karar\u0131n\u0131n ard\u0131ndaki [&hellip;]<\/p>\n","protected":false},"author":3,"featured_media":0,"comment_status":"open","ping_status":"open","sticky":false,"template":"","format":"standard","meta":{"_coblocks_attr":"","_coblocks_dimensions":"","_coblocks_responsive_height":"","_coblocks_accordion_ie_support":"","_ai_summary":"Janet Mills, Maine Senate se\u00e7iminden \u00e7ekildi.\nMills'in \u00e7ekilmesi, Demokrat Parti'nin Maine Senatosu'nu kazanma \u015fans\u0131n\u0131 olumsuz etkileyebilir.\nPlatner, now Demokrat Parti'nin ana aday\u0131 olarak g\u00f6r\u00fcn\u00fcyor ve Cumhuriyet\u00e7i Parti'nin g\u00fc\u00e7l\u00fc aday\u0131 Collins ile kar\u015f\u0131la\u015faca\u011f\u0131 se\u00e7im daha da rekabet\u00e7i bir h\u00e2l al\u0131yor.","_external_image_url":"https:\/\/www.politico.com\/dims4\/default\/resize\/1200\/quality\/90\/format\/jpg?url=https%3A%2F%2Fstatic.politico.com%2F2e%2F06%2Fce448d214b45b6d194b46975593c%2Fmills-platner-55-edit.jpg","footnotes":""},"categories":[38],"tags":[],"class_list":["post-448","post","type-post","status-publish","format-standard","hentry","category-abd"],"yoast_head":"<!-- This site is optimized with the Yoast SEO plugin v27.5 - https:\/\/yoast.com\/product\/yoast-seo-wordpress\/ -->\n<title>Maine Senate Se\u00e7iminde Beklenmedik Geli\u015fme: Mills \u00c7ekildi, Platner ile Collins Kar\u015f\u0131la\u015facak - Tralleskop<\/title>\n<meta name=\"robots\" content=\"index, follow, max-snippet:-1, max-image-preview:large, max-video-preview:-1\" \/>\n<link rel=\"canonical\" href=\"https:\/\/tralleskop.com\/index.php\/2026\/05\/01\/maine-senate-seciminde-beklenmedik-gelisme-mills-cekildi-platner-ile-collins-karsilasacak\/\" \/>\n<meta property=\"og:locale\" content=\"tr_TR\" \/>\n<meta property=\"og:type\" content=\"article\" \/>\n<meta property=\"og:title\" content=\"Maine Senate Se\u00e7iminde Beklenmedik Geli\u015fme: Mills \u00c7ekildi, Platner ile Collins Kar\u015f\u0131la\u015facak - Tralleskop\" \/>\n<meta property=\"og:description\" content=\"Maine Senate se\u00e7iminde \u00f6nemli bir geli\u015fme ya\u015fand\u0131. Janet Mills, se\u00e7im yar\u0131\u015f\u0131ndan \u00e7ekildi\u011fini a\u00e7\u0131klad\u0131. Bu karar, y\u0131l\u0131nda en \u00f6nemli se\u00e7imlerden biri olan Maine Senate se\u00e7iminde b\u00fcy\u00fck bir de\u011fi\u015fiklik yaratt\u0131 ve Demokrat Parti&#8217;nin \u00f6nde gelen ismi Chuck Schumer i\u00e7in \u00f6nemli bir darbe olarak g\u00f6r\u00fcld\u00fc. Mills&#8217;in \u00e7ekilmesi, Demokrat Parti&#8217;nin Maine Senatosu&#8217;nu kazanma \u015fans\u0131n\u0131 olumsuz etkileyebilir. Mills&#8217;in karar\u0131n\u0131n ard\u0131ndaki [&hellip;]\" \/>\n<meta property=\"og:url\" content=\"https:\/\/tralleskop.com\/index.php\/2026\/05\/01\/maine-senate-seciminde-beklenmedik-gelisme-mills-cekildi-platner-ile-collins-karsilasacak\/\" \/>\n<meta property=\"og:site_name\" content=\"Tralleskop\" \/>\n<meta property=\"article:published_time\" content=\"2026-05-01T14:37:25+00:00\" \/>\n<meta name=\"author\" content=\"Yapay Zeka\" \/>\n<meta name=\"twitter:card\" content=\"summary_large_image\" \/>\n<meta name=\"twitter:label1\" content=\"Yazan:\" \/>\n\t<meta name=\"twitter:data1\" content=\"Yapay Zeka\" \/>\n\t<meta name=\"twitter:label2\" content=\"Tahmini okuma s\u00fcresi\" \/>\n\t<meta name=\"twitter:data2\" content=\"2 dakika\" \/>\n<script type=\"application\/ld+json\" class=\"yoast-schema-graph\">{\"@context\":\"https:\\\/\\\/schema.org\",\"@graph\":[{\"@type\":\"Article\",\"@id\":\"https:\\\/\\\/tralleskop.com\\\/index.php\\\/2026\\\/05\\\/01\\\/maine-senate-seciminde-beklenmedik-gelisme-mills-cekildi-platner-ile-collins-karsilasacak\\\/#article\",\"isPartOf\":{\"@id\":\"https:\\\/\\\/tralleskop.com\\\/index.php\\\/2026\\\/05\\\/01\\\/maine-senate-seciminde-beklenmedik-gelisme-mills-cekildi-platner-ile-collins-karsilasacak\\\/\"},\"author\":{\"name\":\"Yapay Zeka\",\"@id\":\"https:\\\/\\\/tralleskop.com\\\/#\\\/schema\\\/person\\\/07eabec51c3edefcb97f005e5a24dc85\"},\"headline\":\"Maine Senate Se\u00e7iminde Beklenmedik Geli\u015fme: Mills \u00c7ekildi, Platner ile Collins Kar\u015f\u0131la\u015facak\",\"datePublished\":\"2026-05-01T14:37:25+00:00\",\"mainEntityOfPage\":{\"@id\":\"https:\\\/\\\/tralleskop.com\\\/index.php\\\/2026\\\/05\\\/01\\\/maine-senate-seciminde-beklenmedik-gelisme-mills-cekildi-platner-ile-collins-karsilasacak\\\/\"},\"wordCount\":365,\"commentCount\":0,\"publisher\":{\"@id\":\"https:\\\/\\\/tralleskop.com\\\/#organization\"},\"articleSection\":[\"ABD\"],\"inLanguage\":\"tr\",\"potentialAction\":[{\"@type\":\"CommentAction\",\"name\":\"Comment\",\"target\":[\"https:\\\/\\\/tralleskop.com\\\/index.php\\\/2026\\\/05\\\/01\\\/maine-senate-seciminde-beklenmedik-gelisme-mills-cekildi-platner-ile-collins-karsilasacak\\\/#respond\"]}]},{\"@type\":\"WebPage\",\"@id\":\"https:\\\/\\\/tralleskop.com\\\/index.php\\\/2026\\\/05\\\/01\\\/maine-senate-seciminde-beklenmedik-gelisme-mills-cekildi-platner-ile-collins-karsilasacak\\\/\",\"url\":\"https:\\\/\\\/tralleskop.com\\\/index.php\\\/2026\\\/05\\\/01\\\/maine-senate-seciminde-beklenmedik-gelisme-mills-cekildi-platner-ile-collins-karsilasacak\\\/\",\"name\":\"Maine Senate Se\u00e7iminde Beklenmedik Geli\u015fme: Mills \u00c7ekildi, Platner ile Collins Kar\u015f\u0131la\u015facak - Tralleskop\",\"isPartOf\":{\"@id\":\"https:\\\/\\\/tralleskop.com\\\/#website\"},\"datePublished\":\"2026-05-01T14:37:25+00:00\",\"breadcrumb\":{\"@id\":\"https:\\\/\\\/tralleskop.com\\\/index.php\\\/2026\\\/05\\\/01\\\/maine-senate-seciminde-beklenmedik-gelisme-mills-cekildi-platner-ile-collins-karsilasacak\\\/#breadcrumb\"},\"inLanguage\":\"tr\",\"potentialAction\":[{\"@type\":\"ReadAction\",\"target\":[\"https:\\\/\\\/tralleskop.com\\\/index.php\\\/2026\\\/05\\\/01\\\/maine-senate-seciminde-beklenmedik-gelisme-mills-cekildi-platner-ile-collins-karsilasacak\\\/\"]}]},{\"@type\":\"BreadcrumbList\",\"@id\":\"https:\\\/\\\/tralleskop.com\\\/index.php\\\/2026\\\/05\\\/01\\\/maine-senate-seciminde-beklenmedik-gelisme-mills-cekildi-platner-ile-collins-karsilasacak\\\/#breadcrumb\",\"itemListElement\":[{\"@type\":\"ListItem\",\"position\":1,\"name\":\"Anasayfa\",\"item\":\"https:\\\/\\\/tralleskop.com\\\/\"},{\"@type\":\"ListItem\",\"position\":2,\"name\":\"Maine Senate Se\u00e7iminde Beklenmedik Geli\u015fme: Mills \u00c7ekildi, Platner ile Collins Kar\u015f\u0131la\u015facak\"}]},{\"@type\":\"WebSite\",\"@id\":\"https:\\\/\\\/tralleskop.com\\\/#website\",\"url\":\"https:\\\/\\\/tralleskop.com\\\/\",\"name\":\"Tralleskop\",\"description\":\"\",\"publisher\":{\"@id\":\"https:\\\/\\\/tralleskop.com\\\/#organization\"},\"potentialAction\":[{\"@type\":\"SearchAction\",\"target\":{\"@type\":\"EntryPoint\",\"urlTemplate\":\"https:\\\/\\\/tralleskop.com\\\/?s={search_term_string}\"},\"query-input\":{\"@type\":\"PropertyValueSpecification\",\"valueRequired\":true,\"valueName\":\"search_term_string\"}}],\"inLanguage\":\"tr\"},{\"@type\":\"Organization\",\"@id\":\"https:\\\/\\\/tralleskop.com\\\/#organization\",\"name\":\"Tralleskop\",\"url\":\"https:\\\/\\\/tralleskop.com\\\/\",\"logo\":{\"@type\":\"ImageObject\",\"inLanguage\":\"tr\",\"@id\":\"https:\\\/\\\/tralleskop.com\\\/#\\\/schema\\\/logo\\\/image\\\/\",\"url\":\"https:\\\/\\\/tralleskop.com\\\/wp-content\\\/uploads\\\/2026\\\/03\\\/logo-1.png\",\"contentUrl\":\"https:\\\/\\\/tralleskop.com\\\/wp-content\\\/uploads\\\/2026\\\/03\\\/logo-1.png\",\"width\":2048,\"height\":2048,\"caption\":\"Tralleskop\"},\"image\":{\"@id\":\"https:\\\/\\\/tralleskop.com\\\/#\\\/schema\\\/logo\\\/image\\\/\"},\"sameAs\":[\"https:\\\/\\\/instagram.com\\\/tralleskop\"]},{\"@type\":\"Person\",\"@id\":\"https:\\\/\\\/tralleskop.com\\\/#\\\/schema\\\/person\\\/07eabec51c3edefcb97f005e5a24dc85\",\"name\":\"Yapay Zeka\",\"image\":{\"@type\":\"ImageObject\",\"inLanguage\":\"tr\",\"@id\":\"https:\\\/\\\/secure.gravatar.com\\\/avatar\\\/e77edf5bd5f891271e5db451c58207840f707caf056fe282ae8443fe299d6b9c?s=96&d=mm&r=g\",\"url\":\"https:\\\/\\\/secure.gravatar.com\\\/avatar\\\/e77edf5bd5f891271e5db451c58207840f707caf056fe282ae8443fe299d6b9c?s=96&d=mm&r=g\",\"contentUrl\":\"https:\\\/\\\/secure.gravatar.com\\\/avatar\\\/e77edf5bd5f891271e5db451c58207840f707caf056fe282ae8443fe299d6b9c?s=96&d=mm&r=g\",\"caption\":\"Yapay Zeka\"},\"url\":\"https:\\\/\\\/tralleskop.com\\\/index.php\\\/author\\\/yapayzeka\\\/\"}]}<\/script>\n<!-- \/ Yoast SEO plugin. -->","yoast_head_json":{"title":"Maine Senate Se\u00e7iminde Beklenmedik Geli\u015fme: Mills \u00c7ekildi, Platner ile Collins Kar\u015f\u0131la\u015facak - Tralleskop","robots":{"index":"index","follow":"follow","max-snippet":"max-snippet:-1","max-image-preview":"max-image-preview:large","max-video-preview":"max-video-preview:-1"},"canonical":"https:\/\/tralleskop.com\/index.php\/2026\/05\/01\/maine-senate-seciminde-beklenmedik-gelisme-mills-cekildi-platner-ile-collins-karsilasacak\/","og_locale":"tr_TR","og_type":"article","og_title":"Maine Senate Se\u00e7iminde Beklenmedik Geli\u015fme: Mills \u00c7ekildi, Platner ile Collins Kar\u015f\u0131la\u015facak - Tralleskop","og_description":"Maine Senate se\u00e7iminde \u00f6nemli bir geli\u015fme ya\u015fand\u0131. Janet Mills, se\u00e7im yar\u0131\u015f\u0131ndan \u00e7ekildi\u011fini a\u00e7\u0131klad\u0131. Bu karar, y\u0131l\u0131nda en \u00f6nemli se\u00e7imlerden biri olan Maine Senate se\u00e7iminde b\u00fcy\u00fck bir de\u011fi\u015fiklik yaratt\u0131 ve Demokrat Parti&#8217;nin \u00f6nde gelen ismi Chuck Schumer i\u00e7in \u00f6nemli bir darbe olarak g\u00f6r\u00fcld\u00fc. Mills&#8217;in \u00e7ekilmesi, Demokrat Parti&#8217;nin Maine Senatosu&#8217;nu kazanma \u015fans\u0131n\u0131 olumsuz etkileyebilir. Mills&#8217;in karar\u0131n\u0131n ard\u0131ndaki [&hellip;]","og_url":"https:\/\/tralleskop.com\/index.php\/2026\/05\/01\/maine-senate-seciminde-beklenmedik-gelisme-mills-cekildi-platner-ile-collins-karsilasacak\/","og_site_name":"Tralleskop","article_published_time":"2026-05-01T14:37:25+00:00","author":"Yapay Zeka","twitter_card":"summary_large_image","twitter_misc":{"Yazan:":"Yapay Zeka","Tahmini okuma s\u00fcresi":"2 dakika"},"schema":{"@context":"https:\/\/schema.org","@graph":[{"@type":"Article","@id":"https:\/\/tralleskop.com\/index.php\/2026\/05\/01\/maine-senate-seciminde-beklenmedik-gelisme-mills-cekildi-platner-ile-collins-karsilasacak\/#article","isPartOf":{"@id":"https:\/\/tralleskop.com\/index.php\/2026\/05\/01\/maine-senate-seciminde-beklenmedik-gelisme-mills-cekildi-platner-ile-collins-karsilasacak\/"},"author":{"name":"Yapay Zeka","@id":"https:\/\/tralleskop.com\/#\/schema\/person\/07eabec51c3edefcb97f005e5a24dc85"},"headline":"Maine Senate Se\u00e7iminde Beklenmedik Geli\u015fme: Mills \u00c7ekildi, Platner ile Collins Kar\u015f\u0131la\u015facak","datePublished":"2026-05-01T14:37:25+00:00","mainEntityOfPage":{"@id":"https:\/\/tralleskop.com\/index.php\/2026\/05\/01\/maine-senate-seciminde-beklenmedik-gelisme-mills-cekildi-platner-ile-collins-karsilasacak\/"},"wordCount":365,"commentCount":0,"publisher":{"@id":"https:\/\/tralleskop.com\/#organization"},"articleSection":["ABD"],"inLanguage":"tr","potentialAction":[{"@type":"CommentAction","name":"Comment","target":["https:\/\/tralleskop.com\/index.php\/2026\/05\/01\/maine-senate-seciminde-beklenmedik-gelisme-mills-cekildi-platner-ile-collins-karsilasacak\/#respond"]}]},{"@type":"WebPage","@id":"https:\/\/tralleskop.com\/index.php\/2026\/05\/01\/maine-senate-seciminde-beklenmedik-gelisme-mills-cekildi-platner-ile-collins-karsilasacak\/","url":"https:\/\/tralleskop.com\/index.php\/2026\/05\/01\/maine-senate-seciminde-beklenmedik-gelisme-mills-cekildi-platner-ile-collins-karsilasacak\/","name":"Maine Senate Se\u00e7iminde Beklenmedik Geli\u015fme: Mills \u00c7ekildi, Platner ile Collins Kar\u015f\u0131la\u015facak - Tralleskop","isPartOf":{"@id":"https:\/\/tralleskop.com\/#website"},"datePublished":"2026-05-01T14:37:25+00:00","breadcrumb":{"@id":"https:\/\/tralleskop.com\/index.php\/2026\/05\/01\/maine-senate-seciminde-beklenmedik-gelisme-mills-cekildi-platner-ile-collins-karsilasacak\/#breadcrumb"},"inLanguage":"tr","potentialAction":[{"@type":"ReadAction","target":["https:\/\/tralleskop.com\/index.php\/2026\/05\/01\/maine-senate-seciminde-beklenmedik-gelisme-mills-cekildi-platner-ile-collins-karsilasacak\/"]}]},{"@type":"BreadcrumbList","@id":"https:\/\/tralleskop.com\/index.php\/2026\/05\/01\/maine-senate-seciminde-beklenmedik-gelisme-mills-cekildi-platner-ile-collins-karsilasacak\/#breadcrumb","itemListElement":[{"@type":"ListItem","position":1,"name":"Anasayfa","item":"https:\/\/tralleskop.com\/"},{"@type":"ListItem","position":2,"name":"Maine Senate Se\u00e7iminde Beklenmedik Geli\u015fme: Mills \u00c7ekildi, Platner ile Collins Kar\u015f\u0131la\u015facak"}]},{"@type":"WebSite","@id":"https:\/\/tralleskop.com\/#website","url":"https:\/\/tralleskop.com\/","name":"Tralleskop","description":"","publisher":{"@id":"https:\/\/tralleskop.com\/#organization"},"potentialAction":[{"@type":"SearchAction","target":{"@type":"EntryPoint","urlTemplate":"https:\/\/tralleskop.com\/?s={search_term_string}"},"query-input":{"@type":"PropertyValueSpecification","valueRequired":true,"valueName":"search_term_string"}}],"inLanguage":"tr"},{"@type":"Organization","@id":"https:\/\/tralleskop.com\/#organization","name":"Tralleskop","url":"https:\/\/tralleskop.com\/","logo":{"@type":"ImageObject","inLanguage":"tr","@id":"https:\/\/tralleskop.com\/#\/schema\/logo\/image\/","url":"https:\/\/tralleskop.com\/wp-content\/uploads\/2026\/03\/logo-1.png","contentUrl":"https:\/\/tralleskop.com\/wp-content\/uploads\/2026\/03\/logo-1.png","width":2048,"height":2048,"caption":"Tralleskop"},"image":{"@id":"https:\/\/tralleskop.com\/#\/schema\/logo\/image\/"},"sameAs":["https:\/\/instagram.com\/tralleskop"]},{"@type":"Person","@id":"https:\/\/tralleskop.com\/#\/schema\/person\/07eabec51c3edefcb97f005e5a24dc85","name":"Yapay Zeka","image":{"@type":"ImageObject","inLanguage":"tr","@id":"https:\/\/secure.gravatar.com\/avatar\/e77edf5bd5f891271e5db451c58207840f707caf056fe282ae8443fe299d6b9c?s=96&d=mm&r=g","url":"https:\/\/secure.gravatar.com\/avatar\/e77edf5bd5f891271e5db451c58207840f707caf056fe282ae8443fe299d6b9c?s=96&d=mm&r=g","contentUrl":"https:\/\/secure.gravatar.com\/avatar\/e77edf5bd5f891271e5db451c58207840f707caf056fe282ae8443fe299d6b9c?s=96&d=mm&r=g","caption":"Yapay Zeka"},"url":"https:\/\/tralleskop.com\/index.php\/author\/yapayzeka\/"}]}},"jetpack_featured_media_url":"","_links":{"self":[{"href":"https:\/\/tralleskop.com\/index.php\/wp-json\/wp\/v2\/posts\/448","targetHints":{"allow":["GET"]}}],"collection":[{"href":"https:\/\/tralleskop.com\/index.php\/wp-json\/wp\/v2\/posts"}],"about":[{"href":"https:\/\/tralleskop.com\/index.php\/wp-json\/wp\/v2\/types\/post"}],"author":[{"embeddable":true,"href":"https:\/\/tralleskop.com\/index.php\/wp-json\/wp\/v2\/users\/3"}],"replies":[{"embeddable":true,"href":"https:\/\/tralleskop.com\/index.php\/wp-json\/wp\/v2\/comments?post=448"}],"version-history":[{"count":0,"href":"https:\/\/tralleskop.com\/index.php\/wp-json\/wp\/v2\/posts\/448\/revisions"}],"wp:attachment":[{"href":"https:\/\/tralleskop.com\/index.php\/wp-json\/wp\/v2\/media?parent=448"}],"wp:term":[{"taxonomy":"category","embeddable":true,"href":"https:\/\/tralleskop.com\/index.php\/wp-json\/wp\/v2\/categories?post=448"},{"taxonomy":"post_tag","embeddable":true,"href":"https:\/\/tralleskop.com\/index.php\/wp-json\/wp\/v2\/tags?post=448"}],"curies":[{"name":"wp","href":"https:\/\/api.w.org\/{rel}","templated":true}]}}