{"id":439,"date":"2026-04-24T12:02:01","date_gmt":"2026-04-24T09:02:01","guid":{"rendered":"http:\/\/localhost\/wordpress\/index.php\/2026\/04\/24\/gen-terapisinde-tarihi-donemec-otof-kaynakli-isitme-kaybina-kalici-cozum-yolunda-dev-adim\/"},"modified":"2026-04-24T12:02:01","modified_gmt":"2026-04-24T09:02:01","slug":"gen-terapisinde-tarihi-donemec-otof-kaynakli-isitme-kaybina-kalici-cozum-yolunda-dev-adim","status":"publish","type":"post","link":"https:\/\/tralleskop.com\/index.php\/2026\/04\/24\/gen-terapisinde-tarihi-donemec-otof-kaynakli-isitme-kaybina-kalici-cozum-yolunda-dev-adim\/","title":{"rendered":"Gen Terapisinde Tarihi D\u00f6neme\u00e7: OTOF Kaynakl\u0131 \u0130\u015fitme Kayb\u0131na Kal\u0131c\u0131 \u00c7\u00f6z\u00fcm Yolunda Dev Ad\u0131m"},"content":{"rendered":"<p>T\u0131p d\u00fcnyas\u0131, genetik k\u00f6kenli engellerin a\u015f\u0131lmas\u0131nda devrim niteli\u011finde bir geli\u015fmeye tan\u0131kl\u0131k ediyor. Prestijli Nature dergisinde yay\u0131mlanan son ara\u015ft\u0131rma, &#8216;otozomal resesif sa\u011f\u0131rl\u0131k 9&#8217; (DFNB9) olarak bilinen ve OTOF genindeki mutasyonlardan kaynaklanan i\u015fitme kayb\u0131na kar\u015f\u0131 geli\u015ftirilen AAV1-hOTOF gen terapisinin uzun d\u00f6nemli ba\u015far\u0131s\u0131n\u0131 kan\u0131tlad\u0131. \u00c7ok merkezli y\u00fcr\u00fct\u00fclen ve 0,8 ile 32,3 ya\u015f aral\u0131\u011f\u0131ndaki 42 kat\u0131l\u0131mc\u0131y\u0131 kapsayan bu kapsaml\u0131 \u00e7al\u0131\u015fma, t\u0131p literat\u00fcr\u00fcnde bir ilk niteli\u011fi ta\u015f\u0131yan 2,5 y\u0131ll\u0131k takip verileriyle gen terapisinin s\u00fcrd\u00fcr\u00fclebilirli\u011fini g\u00f6zler \u00f6n\u00fcne seriyor. Tralleskop Haber Merkezi olarak inceledi\u011fimiz bu bilimsel at\u0131l\u0131m, biyoteknolojinin insan hayat\u0131n\u0131 nas\u0131l k\u00f6kten de\u011fi\u015ftirebilece\u011finin en somut \u00f6rneklerinden birini sunuyor.<\/p>\n<p>OTOF geni, i\u00e7 kulaktaki t\u00fcy h\u00fccrelerinden i\u015fitme sinirlerine sinyal iletimi i\u00e7in kritik olan &#8216;otoferlin&#8217; proteininin \u00fcretilmesinden sorumludur. Bu gendeki bozukluklar, sesin fiziksel olarak kula\u011fa ula\u015fmas\u0131na ra\u011fmen sinir sistemi taraf\u0131ndan alg\u0131lanamamas\u0131na neden olur. Geli\u015ftirilen AAV1-hOTOF terapisi, i\u015flevsel gen kopyalar\u0131n\u0131 do\u011frudan i\u00e7 kula\u011fa ta\u015f\u0131yan bir viral vekt\u00f6r arac\u0131l\u0131\u011f\u0131yla \u00e7al\u0131\u015f\u0131yor. Yap\u0131lan klinik denemelerde, tedavinin sadece g\u00fcvenli ve tolere edilebilir oldu\u011fu de\u011fil, ayn\u0131 zamanda kat\u0131l\u0131mc\u0131lar\u0131n i\u015fitme e\u015fiklerinde ve konu\u015fma alg\u0131lama yetilerinde belirgin iyile\u015fmeler sa\u011flad\u0131\u011f\u0131 kaydedildi. \u00d6zellikle \u00e7ocukluk d\u00f6neminde uygulanan m\u00fcdahalelerin, dil geli\u015fimi ve sosyal entegrasyon a\u00e7\u0131s\u0131ndan hayati \u00f6nem ta\u015f\u0131d\u0131\u011f\u0131 bir kez daha teyit edildi.<\/p>\n<p>Ara\u015ft\u0131rman\u0131n en \u00e7arp\u0131c\u0131 y\u00f6nlerinden biri, 2,5 y\u0131l gibi uzun bir s\u00fcre boyunca hastalar\u0131n durumunun stabil kalmas\u0131d\u0131r. Genellikle gen terapilerinde kar\u015f\u0131la\u015f\u0131lan &#8216;etkinin zamanla azalmas\u0131&#8217; riski, bu \u00e7al\u0131\u015fmada g\u00f6zlemlenmedi. Aksine, kat\u0131l\u0131mc\u0131lar\u0131n bir\u00e7o\u011funda distorsiyon \u00fcr\u00fcn\u00fc otoakustik emisyonlar (DPOAE) \u00fczerinden yap\u0131lan \u00f6l\u00e7\u00fcmler, i\u00e7 kulak fonksiyonlar\u0131n\u0131n kal\u0131c\u0131 olarak restore edildi\u011fini g\u00f6sterdi. Ya\u015f fakt\u00f6r\u00fcn\u00fcn sonu\u00e7lar \u00fczerindeki etkisi de analiz edildi\u011finde, erken m\u00fcdahalenin beyindeki i\u015fitme merkezlerinin geli\u015fimiyle senkronize bir \u015fekilde daha y\u00fcksek ba\u015far\u0131 oranlar\u0131 sundu\u011fu tespit edildi. Ancak yeti\u015fkin kat\u0131l\u0131mc\u0131larda dahi anlaml\u0131 geri d\u00f6n\u00fc\u015flerin al\u0131nmas\u0131, tedavinin geni\u015f bir spektrumda uygulanabilirli\u011fine dair umutlar\u0131 art\u0131rd\u0131.<\/p>\n<p>Bu ba\u015far\u0131, sadece i\u015fitme engelli bireyler i\u00e7in de\u011fil, ayn\u0131 zamanda di\u011fer genetik hastal\u0131klar\u0131n tedavisi i\u00e7in de bir yol haritas\u0131 niteli\u011findedir. Tralleskop olarak alt\u0131n\u0131 \u00e7izdi\u011fimiz nokta \u015fudur: Biyoteknolojik m\u00fcdahaleler, art\u0131k laboratuvar a\u015famas\u0131ndan \u00e7\u0131k\u0131p klinik ger\u00e7ekli\u011fe d\u00f6n\u00fc\u015fm\u00fc\u015ft\u00fcr. AAV tabanl\u0131 vekt\u00f6rlerin g\u00fcvenli\u011finin kan\u0131tlanmas\u0131, gelecekte farkl\u0131 duyusal veya n\u00f6rolojik bozukluklar\u0131n tedavisinde de benzer y\u00f6ntemlerin \u00f6n\u00fcn\u00fc a\u00e7acakt\u0131r. Bu \u00e7al\u0131\u015fma, genetik kaderin art\u0131k bir &#8216;tercih&#8217; veya &#8216;tedavi edilebilir bir durum&#8217; haline gelmeye ba\u015flad\u0131\u011f\u0131n\u0131n en g\u00fc\u00e7l\u00fc kan\u0131t\u0131d\u0131r.<\/p>\n","protected":false},"excerpt":{"rendered":"<p>T\u0131p d\u00fcnyas\u0131, genetik k\u00f6kenli engellerin a\u015f\u0131lmas\u0131nda devrim niteli\u011finde bir geli\u015fmeye tan\u0131kl\u0131k ediyor. Prestijli Nature dergisinde yay\u0131mlanan son ara\u015ft\u0131rma, &#8216;otozomal resesif sa\u011f\u0131rl\u0131k 9&#8217; (DFNB9) olarak bilinen ve OTOF genindeki mutasyonlardan kaynaklanan i\u015fitme kayb\u0131na kar\u015f\u0131 geli\u015ftirilen AAV1-hOTOF gen terapisinin uzun d\u00f6nemli ba\u015far\u0131s\u0131n\u0131 kan\u0131tlad\u0131. \u00c7ok merkezli y\u00fcr\u00fct\u00fclen ve 0,8 ile 32,3 ya\u015f aral\u0131\u011f\u0131ndaki 42 kat\u0131l\u0131mc\u0131y\u0131 kapsayan bu kapsaml\u0131 [&hellip;]<\/p>\n","protected":false},"author":3,"featured_media":440,"comment_status":"open","ping_status":"open","sticky":false,"template":"","format":"standard","meta":{"_coblocks_attr":"","_coblocks_dimensions":"","_coblocks_responsive_height":"","_coblocks_accordion_ie_support":"","_ai_summary":"Nature dergisinde yay\u0131mlanan \u00e7al\u0131\u015fmaya g\u00f6re, OTOF geni kaynakl\u0131 i\u015fitme kayb\u0131 AAV1-hOTOF gen terapisiyle 2,5 y\u0131l boyunca ba\u015far\u0131yla tedavi edildi.","_external_image_url":"https:\/\/media.springernature.com\/m685\/springer-static\/image\/art%3A10.1038%2Fs41586-026-10393-y\/MediaObjects\/41586_2026_10393_Fig1_HTML.png","footnotes":""},"categories":[1],"tags":[],"class_list":["post-439","post","type-post","status-publish","format-standard","has-post-thumbnail","hentry","category-arsiv"],"yoast_head":"<!-- This site is optimized with the Yoast SEO plugin v27.5 - https:\/\/yoast.com\/product\/yoast-seo-wordpress\/ -->\n<title>Gen Terapisinde Tarihi D\u00f6neme\u00e7: OTOF Kaynakl\u0131 \u0130\u015fitme Kayb\u0131na Kal\u0131c\u0131 \u00c7\u00f6z\u00fcm Yolunda Dev Ad\u0131m - Tralleskop<\/title>\n<meta name=\"robots\" content=\"index, follow, max-snippet:-1, max-image-preview:large, max-video-preview:-1\" \/>\n<link rel=\"canonical\" href=\"https:\/\/tralleskop.com\/index.php\/2026\/04\/24\/gen-terapisinde-tarihi-donemec-otof-kaynakli-isitme-kaybina-kalici-cozum-yolunda-dev-adim\/\" \/>\n<meta property=\"og:locale\" content=\"tr_TR\" \/>\n<meta property=\"og:type\" content=\"article\" \/>\n<meta property=\"og:title\" content=\"Gen Terapisinde Tarihi D\u00f6neme\u00e7: OTOF Kaynakl\u0131 \u0130\u015fitme Kayb\u0131na Kal\u0131c\u0131 \u00c7\u00f6z\u00fcm Yolunda Dev Ad\u0131m - Tralleskop\" \/>\n<meta property=\"og:description\" content=\"T\u0131p d\u00fcnyas\u0131, genetik k\u00f6kenli engellerin a\u015f\u0131lmas\u0131nda devrim niteli\u011finde bir geli\u015fmeye tan\u0131kl\u0131k ediyor. Prestijli Nature dergisinde yay\u0131mlanan son ara\u015ft\u0131rma, &#8216;otozomal resesif sa\u011f\u0131rl\u0131k 9&#8217; (DFNB9) olarak bilinen ve OTOF genindeki mutasyonlardan kaynaklanan i\u015fitme kayb\u0131na kar\u015f\u0131 geli\u015ftirilen AAV1-hOTOF gen terapisinin uzun d\u00f6nemli ba\u015far\u0131s\u0131n\u0131 kan\u0131tlad\u0131. \u00c7ok merkezli y\u00fcr\u00fct\u00fclen ve 0,8 ile 32,3 ya\u015f aral\u0131\u011f\u0131ndaki 42 kat\u0131l\u0131mc\u0131y\u0131 kapsayan bu kapsaml\u0131 [&hellip;]\" \/>\n<meta property=\"og:url\" content=\"https:\/\/tralleskop.com\/index.php\/2026\/04\/24\/gen-terapisinde-tarihi-donemec-otof-kaynakli-isitme-kaybina-kalici-cozum-yolunda-dev-adim\/\" \/>\n<meta property=\"og:site_name\" content=\"Tralleskop\" \/>\n<meta property=\"article:published_time\" content=\"2026-04-24T09:02:01+00:00\" \/>\n<meta name=\"author\" content=\"Yapay Zeka\" \/>\n<meta name=\"twitter:card\" content=\"summary_large_image\" \/>\n<meta name=\"twitter:label1\" content=\"Yazan:\" \/>\n\t<meta name=\"twitter:data1\" content=\"Yapay Zeka\" \/>\n\t<meta name=\"twitter:label2\" content=\"Tahmini okuma s\u00fcresi\" \/>\n\t<meta name=\"twitter:data2\" content=\"3 dakika\" \/>\n<script type=\"application\/ld+json\" class=\"yoast-schema-graph\">{\"@context\":\"https:\\\/\\\/schema.org\",\"@graph\":[{\"@type\":\"Article\",\"@id\":\"https:\\\/\\\/tralleskop.com\\\/index.php\\\/2026\\\/04\\\/24\\\/gen-terapisinde-tarihi-donemec-otof-kaynakli-isitme-kaybina-kalici-cozum-yolunda-dev-adim\\\/#article\",\"isPartOf\":{\"@id\":\"https:\\\/\\\/tralleskop.com\\\/index.php\\\/2026\\\/04\\\/24\\\/gen-terapisinde-tarihi-donemec-otof-kaynakli-isitme-kaybina-kalici-cozum-yolunda-dev-adim\\\/\"},\"author\":{\"name\":\"Yapay Zeka\",\"@id\":\"https:\\\/\\\/tralleskop.com\\\/#\\\/schema\\\/person\\\/07eabec51c3edefcb97f005e5a24dc85\"},\"headline\":\"Gen Terapisinde Tarihi D\u00f6neme\u00e7: OTOF Kaynakl\u0131 \u0130\u015fitme Kayb\u0131na Kal\u0131c\u0131 \u00c7\u00f6z\u00fcm Yolunda Dev Ad\u0131m\",\"datePublished\":\"2026-04-24T09:02:01+00:00\",\"mainEntityOfPage\":{\"@id\":\"https:\\\/\\\/tralleskop.com\\\/index.php\\\/2026\\\/04\\\/24\\\/gen-terapisinde-tarihi-donemec-otof-kaynakli-isitme-kaybina-kalici-cozum-yolunda-dev-adim\\\/\"},\"wordCount\":533,\"commentCount\":0,\"publisher\":{\"@id\":\"https:\\\/\\\/tralleskop.com\\\/#organization\"},\"image\":{\"@id\":\"https:\\\/\\\/tralleskop.com\\\/index.php\\\/2026\\\/04\\\/24\\\/gen-terapisinde-tarihi-donemec-otof-kaynakli-isitme-kaybina-kalici-cozum-yolunda-dev-adim\\\/#primaryimage\"},\"thumbnailUrl\":\"https:\\\/\\\/tralleskop.com\\\/wp-content\\\/uploads\\\/2026\\\/04\\\/41586_2026_10393_Fig1_HTML.png.png\",\"articleSection\":[\"Ar\u015fiv\"],\"inLanguage\":\"tr\",\"potentialAction\":[{\"@type\":\"CommentAction\",\"name\":\"Comment\",\"target\":[\"https:\\\/\\\/tralleskop.com\\\/index.php\\\/2026\\\/04\\\/24\\\/gen-terapisinde-tarihi-donemec-otof-kaynakli-isitme-kaybina-kalici-cozum-yolunda-dev-adim\\\/#respond\"]}]},{\"@type\":\"WebPage\",\"@id\":\"https:\\\/\\\/tralleskop.com\\\/index.php\\\/2026\\\/04\\\/24\\\/gen-terapisinde-tarihi-donemec-otof-kaynakli-isitme-kaybina-kalici-cozum-yolunda-dev-adim\\\/\",\"url\":\"https:\\\/\\\/tralleskop.com\\\/index.php\\\/2026\\\/04\\\/24\\\/gen-terapisinde-tarihi-donemec-otof-kaynakli-isitme-kaybina-kalici-cozum-yolunda-dev-adim\\\/\",\"name\":\"Gen Terapisinde Tarihi D\u00f6neme\u00e7: OTOF Kaynakl\u0131 \u0130\u015fitme Kayb\u0131na Kal\u0131c\u0131 \u00c7\u00f6z\u00fcm Yolunda Dev Ad\u0131m - Tralleskop\",\"isPartOf\":{\"@id\":\"https:\\\/\\\/tralleskop.com\\\/#website\"},\"primaryImageOfPage\":{\"@id\":\"https:\\\/\\\/tralleskop.com\\\/index.php\\\/2026\\\/04\\\/24\\\/gen-terapisinde-tarihi-donemec-otof-kaynakli-isitme-kaybina-kalici-cozum-yolunda-dev-adim\\\/#primaryimage\"},\"image\":{\"@id\":\"https:\\\/\\\/tralleskop.com\\\/index.php\\\/2026\\\/04\\\/24\\\/gen-terapisinde-tarihi-donemec-otof-kaynakli-isitme-kaybina-kalici-cozum-yolunda-dev-adim\\\/#primaryimage\"},\"thumbnailUrl\":\"https:\\\/\\\/tralleskop.com\\\/wp-content\\\/uploads\\\/2026\\\/04\\\/41586_2026_10393_Fig1_HTML.png.png\",\"datePublished\":\"2026-04-24T09:02:01+00:00\",\"breadcrumb\":{\"@id\":\"https:\\\/\\\/tralleskop.com\\\/index.php\\\/2026\\\/04\\\/24\\\/gen-terapisinde-tarihi-donemec-otof-kaynakli-isitme-kaybina-kalici-cozum-yolunda-dev-adim\\\/#breadcrumb\"},\"inLanguage\":\"tr\",\"potentialAction\":[{\"@type\":\"ReadAction\",\"target\":[\"https:\\\/\\\/tralleskop.com\\\/index.php\\\/2026\\\/04\\\/24\\\/gen-terapisinde-tarihi-donemec-otof-kaynakli-isitme-kaybina-kalici-cozum-yolunda-dev-adim\\\/\"]}]},{\"@type\":\"ImageObject\",\"inLanguage\":\"tr\",\"@id\":\"https:\\\/\\\/tralleskop.com\\\/index.php\\\/2026\\\/04\\\/24\\\/gen-terapisinde-tarihi-donemec-otof-kaynakli-isitme-kaybina-kalici-cozum-yolunda-dev-adim\\\/#primaryimage\",\"url\":\"https:\\\/\\\/tralleskop.com\\\/wp-content\\\/uploads\\\/2026\\\/04\\\/41586_2026_10393_Fig1_HTML.png.png\",\"contentUrl\":\"https:\\\/\\\/tralleskop.com\\\/wp-content\\\/uploads\\\/2026\\\/04\\\/41586_2026_10393_Fig1_HTML.png.png\",\"width\":685,\"height\":681},{\"@type\":\"BreadcrumbList\",\"@id\":\"https:\\\/\\\/tralleskop.com\\\/index.php\\\/2026\\\/04\\\/24\\\/gen-terapisinde-tarihi-donemec-otof-kaynakli-isitme-kaybina-kalici-cozum-yolunda-dev-adim\\\/#breadcrumb\",\"itemListElement\":[{\"@type\":\"ListItem\",\"position\":1,\"name\":\"Anasayfa\",\"item\":\"https:\\\/\\\/tralleskop.com\\\/\"},{\"@type\":\"ListItem\",\"position\":2,\"name\":\"Gen Terapisinde Tarihi D\u00f6neme\u00e7: OTOF Kaynakl\u0131 \u0130\u015fitme Kayb\u0131na Kal\u0131c\u0131 \u00c7\u00f6z\u00fcm Yolunda Dev Ad\u0131m\"}]},{\"@type\":\"WebSite\",\"@id\":\"https:\\\/\\\/tralleskop.com\\\/#website\",\"url\":\"https:\\\/\\\/tralleskop.com\\\/\",\"name\":\"Tralleskop\",\"description\":\"\",\"publisher\":{\"@id\":\"https:\\\/\\\/tralleskop.com\\\/#organization\"},\"potentialAction\":[{\"@type\":\"SearchAction\",\"target\":{\"@type\":\"EntryPoint\",\"urlTemplate\":\"https:\\\/\\\/tralleskop.com\\\/?s={search_term_string}\"},\"query-input\":{\"@type\":\"PropertyValueSpecification\",\"valueRequired\":true,\"valueName\":\"search_term_string\"}}],\"inLanguage\":\"tr\"},{\"@type\":\"Organization\",\"@id\":\"https:\\\/\\\/tralleskop.com\\\/#organization\",\"name\":\"Tralleskop\",\"url\":\"https:\\\/\\\/tralleskop.com\\\/\",\"logo\":{\"@type\":\"ImageObject\",\"inLanguage\":\"tr\",\"@id\":\"https:\\\/\\\/tralleskop.com\\\/#\\\/schema\\\/logo\\\/image\\\/\",\"url\":\"https:\\\/\\\/tralleskop.com\\\/wp-content\\\/uploads\\\/2026\\\/03\\\/logo-1.png\",\"contentUrl\":\"https:\\\/\\\/tralleskop.com\\\/wp-content\\\/uploads\\\/2026\\\/03\\\/logo-1.png\",\"width\":2048,\"height\":2048,\"caption\":\"Tralleskop\"},\"image\":{\"@id\":\"https:\\\/\\\/tralleskop.com\\\/#\\\/schema\\\/logo\\\/image\\\/\"},\"sameAs\":[\"https:\\\/\\\/instagram.com\\\/tralleskop\"]},{\"@type\":\"Person\",\"@id\":\"https:\\\/\\\/tralleskop.com\\\/#\\\/schema\\\/person\\\/07eabec51c3edefcb97f005e5a24dc85\",\"name\":\"Yapay Zeka\",\"image\":{\"@type\":\"ImageObject\",\"inLanguage\":\"tr\",\"@id\":\"https:\\\/\\\/secure.gravatar.com\\\/avatar\\\/e77edf5bd5f891271e5db451c58207840f707caf056fe282ae8443fe299d6b9c?s=96&d=mm&r=g\",\"url\":\"https:\\\/\\\/secure.gravatar.com\\\/avatar\\\/e77edf5bd5f891271e5db451c58207840f707caf056fe282ae8443fe299d6b9c?s=96&d=mm&r=g\",\"contentUrl\":\"https:\\\/\\\/secure.gravatar.com\\\/avatar\\\/e77edf5bd5f891271e5db451c58207840f707caf056fe282ae8443fe299d6b9c?s=96&d=mm&r=g\",\"caption\":\"Yapay Zeka\"},\"url\":\"https:\\\/\\\/tralleskop.com\\\/index.php\\\/author\\\/yapayzeka\\\/\"}]}<\/script>\n<!-- \/ Yoast SEO plugin. -->","yoast_head_json":{"title":"Gen Terapisinde Tarihi D\u00f6neme\u00e7: OTOF Kaynakl\u0131 \u0130\u015fitme Kayb\u0131na Kal\u0131c\u0131 \u00c7\u00f6z\u00fcm Yolunda Dev Ad\u0131m - Tralleskop","robots":{"index":"index","follow":"follow","max-snippet":"max-snippet:-1","max-image-preview":"max-image-preview:large","max-video-preview":"max-video-preview:-1"},"canonical":"https:\/\/tralleskop.com\/index.php\/2026\/04\/24\/gen-terapisinde-tarihi-donemec-otof-kaynakli-isitme-kaybina-kalici-cozum-yolunda-dev-adim\/","og_locale":"tr_TR","og_type":"article","og_title":"Gen Terapisinde Tarihi D\u00f6neme\u00e7: OTOF Kaynakl\u0131 \u0130\u015fitme Kayb\u0131na Kal\u0131c\u0131 \u00c7\u00f6z\u00fcm Yolunda Dev Ad\u0131m - Tralleskop","og_description":"T\u0131p d\u00fcnyas\u0131, genetik k\u00f6kenli engellerin a\u015f\u0131lmas\u0131nda devrim niteli\u011finde bir geli\u015fmeye tan\u0131kl\u0131k ediyor. Prestijli Nature dergisinde yay\u0131mlanan son ara\u015ft\u0131rma, &#8216;otozomal resesif sa\u011f\u0131rl\u0131k 9&#8217; (DFNB9) olarak bilinen ve OTOF genindeki mutasyonlardan kaynaklanan i\u015fitme kayb\u0131na kar\u015f\u0131 geli\u015ftirilen AAV1-hOTOF gen terapisinin uzun d\u00f6nemli ba\u015far\u0131s\u0131n\u0131 kan\u0131tlad\u0131. \u00c7ok merkezli y\u00fcr\u00fct\u00fclen ve 0,8 ile 32,3 ya\u015f aral\u0131\u011f\u0131ndaki 42 kat\u0131l\u0131mc\u0131y\u0131 kapsayan bu kapsaml\u0131 [&hellip;]","og_url":"https:\/\/tralleskop.com\/index.php\/2026\/04\/24\/gen-terapisinde-tarihi-donemec-otof-kaynakli-isitme-kaybina-kalici-cozum-yolunda-dev-adim\/","og_site_name":"Tralleskop","article_published_time":"2026-04-24T09:02:01+00:00","author":"Yapay Zeka","twitter_card":"summary_large_image","twitter_misc":{"Yazan:":"Yapay Zeka","Tahmini okuma s\u00fcresi":"3 dakika"},"schema":{"@context":"https:\/\/schema.org","@graph":[{"@type":"Article","@id":"https:\/\/tralleskop.com\/index.php\/2026\/04\/24\/gen-terapisinde-tarihi-donemec-otof-kaynakli-isitme-kaybina-kalici-cozum-yolunda-dev-adim\/#article","isPartOf":{"@id":"https:\/\/tralleskop.com\/index.php\/2026\/04\/24\/gen-terapisinde-tarihi-donemec-otof-kaynakli-isitme-kaybina-kalici-cozum-yolunda-dev-adim\/"},"author":{"name":"Yapay Zeka","@id":"https:\/\/tralleskop.com\/#\/schema\/person\/07eabec51c3edefcb97f005e5a24dc85"},"headline":"Gen Terapisinde Tarihi D\u00f6neme\u00e7: OTOF Kaynakl\u0131 \u0130\u015fitme Kayb\u0131na Kal\u0131c\u0131 \u00c7\u00f6z\u00fcm Yolunda Dev Ad\u0131m","datePublished":"2026-04-24T09:02:01+00:00","mainEntityOfPage":{"@id":"https:\/\/tralleskop.com\/index.php\/2026\/04\/24\/gen-terapisinde-tarihi-donemec-otof-kaynakli-isitme-kaybina-kalici-cozum-yolunda-dev-adim\/"},"wordCount":533,"commentCount":0,"publisher":{"@id":"https:\/\/tralleskop.com\/#organization"},"image":{"@id":"https:\/\/tralleskop.com\/index.php\/2026\/04\/24\/gen-terapisinde-tarihi-donemec-otof-kaynakli-isitme-kaybina-kalici-cozum-yolunda-dev-adim\/#primaryimage"},"thumbnailUrl":"https:\/\/tralleskop.com\/wp-content\/uploads\/2026\/04\/41586_2026_10393_Fig1_HTML.png.png","articleSection":["Ar\u015fiv"],"inLanguage":"tr","potentialAction":[{"@type":"CommentAction","name":"Comment","target":["https:\/\/tralleskop.com\/index.php\/2026\/04\/24\/gen-terapisinde-tarihi-donemec-otof-kaynakli-isitme-kaybina-kalici-cozum-yolunda-dev-adim\/#respond"]}]},{"@type":"WebPage","@id":"https:\/\/tralleskop.com\/index.php\/2026\/04\/24\/gen-terapisinde-tarihi-donemec-otof-kaynakli-isitme-kaybina-kalici-cozum-yolunda-dev-adim\/","url":"https:\/\/tralleskop.com\/index.php\/2026\/04\/24\/gen-terapisinde-tarihi-donemec-otof-kaynakli-isitme-kaybina-kalici-cozum-yolunda-dev-adim\/","name":"Gen Terapisinde Tarihi D\u00f6neme\u00e7: OTOF Kaynakl\u0131 \u0130\u015fitme Kayb\u0131na Kal\u0131c\u0131 \u00c7\u00f6z\u00fcm Yolunda Dev Ad\u0131m - Tralleskop","isPartOf":{"@id":"https:\/\/tralleskop.com\/#website"},"primaryImageOfPage":{"@id":"https:\/\/tralleskop.com\/index.php\/2026\/04\/24\/gen-terapisinde-tarihi-donemec-otof-kaynakli-isitme-kaybina-kalici-cozum-yolunda-dev-adim\/#primaryimage"},"image":{"@id":"https:\/\/tralleskop.com\/index.php\/2026\/04\/24\/gen-terapisinde-tarihi-donemec-otof-kaynakli-isitme-kaybina-kalici-cozum-yolunda-dev-adim\/#primaryimage"},"thumbnailUrl":"https:\/\/tralleskop.com\/wp-content\/uploads\/2026\/04\/41586_2026_10393_Fig1_HTML.png.png","datePublished":"2026-04-24T09:02:01+00:00","breadcrumb":{"@id":"https:\/\/tralleskop.com\/index.php\/2026\/04\/24\/gen-terapisinde-tarihi-donemec-otof-kaynakli-isitme-kaybina-kalici-cozum-yolunda-dev-adim\/#breadcrumb"},"inLanguage":"tr","potentialAction":[{"@type":"ReadAction","target":["https:\/\/tralleskop.com\/index.php\/2026\/04\/24\/gen-terapisinde-tarihi-donemec-otof-kaynakli-isitme-kaybina-kalici-cozum-yolunda-dev-adim\/"]}]},{"@type":"ImageObject","inLanguage":"tr","@id":"https:\/\/tralleskop.com\/index.php\/2026\/04\/24\/gen-terapisinde-tarihi-donemec-otof-kaynakli-isitme-kaybina-kalici-cozum-yolunda-dev-adim\/#primaryimage","url":"https:\/\/tralleskop.com\/wp-content\/uploads\/2026\/04\/41586_2026_10393_Fig1_HTML.png.png","contentUrl":"https:\/\/tralleskop.com\/wp-content\/uploads\/2026\/04\/41586_2026_10393_Fig1_HTML.png.png","width":685,"height":681},{"@type":"BreadcrumbList","@id":"https:\/\/tralleskop.com\/index.php\/2026\/04\/24\/gen-terapisinde-tarihi-donemec-otof-kaynakli-isitme-kaybina-kalici-cozum-yolunda-dev-adim\/#breadcrumb","itemListElement":[{"@type":"ListItem","position":1,"name":"Anasayfa","item":"https:\/\/tralleskop.com\/"},{"@type":"ListItem","position":2,"name":"Gen Terapisinde Tarihi D\u00f6neme\u00e7: OTOF Kaynakl\u0131 \u0130\u015fitme Kayb\u0131na Kal\u0131c\u0131 \u00c7\u00f6z\u00fcm Yolunda Dev Ad\u0131m"}]},{"@type":"WebSite","@id":"https:\/\/tralleskop.com\/#website","url":"https:\/\/tralleskop.com\/","name":"Tralleskop","description":"","publisher":{"@id":"https:\/\/tralleskop.com\/#organization"},"potentialAction":[{"@type":"SearchAction","target":{"@type":"EntryPoint","urlTemplate":"https:\/\/tralleskop.com\/?s={search_term_string}"},"query-input":{"@type":"PropertyValueSpecification","valueRequired":true,"valueName":"search_term_string"}}],"inLanguage":"tr"},{"@type":"Organization","@id":"https:\/\/tralleskop.com\/#organization","name":"Tralleskop","url":"https:\/\/tralleskop.com\/","logo":{"@type":"ImageObject","inLanguage":"tr","@id":"https:\/\/tralleskop.com\/#\/schema\/logo\/image\/","url":"https:\/\/tralleskop.com\/wp-content\/uploads\/2026\/03\/logo-1.png","contentUrl":"https:\/\/tralleskop.com\/wp-content\/uploads\/2026\/03\/logo-1.png","width":2048,"height":2048,"caption":"Tralleskop"},"image":{"@id":"https:\/\/tralleskop.com\/#\/schema\/logo\/image\/"},"sameAs":["https:\/\/instagram.com\/tralleskop"]},{"@type":"Person","@id":"https:\/\/tralleskop.com\/#\/schema\/person\/07eabec51c3edefcb97f005e5a24dc85","name":"Yapay Zeka","image":{"@type":"ImageObject","inLanguage":"tr","@id":"https:\/\/secure.gravatar.com\/avatar\/e77edf5bd5f891271e5db451c58207840f707caf056fe282ae8443fe299d6b9c?s=96&d=mm&r=g","url":"https:\/\/secure.gravatar.com\/avatar\/e77edf5bd5f891271e5db451c58207840f707caf056fe282ae8443fe299d6b9c?s=96&d=mm&r=g","contentUrl":"https:\/\/secure.gravatar.com\/avatar\/e77edf5bd5f891271e5db451c58207840f707caf056fe282ae8443fe299d6b9c?s=96&d=mm&r=g","caption":"Yapay Zeka"},"url":"https:\/\/tralleskop.com\/index.php\/author\/yapayzeka\/"}]}},"jetpack_featured_media_url":"https:\/\/tralleskop.com\/wp-content\/uploads\/2026\/04\/41586_2026_10393_Fig1_HTML.png.png","_links":{"self":[{"href":"https:\/\/tralleskop.com\/index.php\/wp-json\/wp\/v2\/posts\/439","targetHints":{"allow":["GET"]}}],"collection":[{"href":"https:\/\/tralleskop.com\/index.php\/wp-json\/wp\/v2\/posts"}],"about":[{"href":"https:\/\/tralleskop.com\/index.php\/wp-json\/wp\/v2\/types\/post"}],"author":[{"embeddable":true,"href":"https:\/\/tralleskop.com\/index.php\/wp-json\/wp\/v2\/users\/3"}],"replies":[{"embeddable":true,"href":"https:\/\/tralleskop.com\/index.php\/wp-json\/wp\/v2\/comments?post=439"}],"version-history":[{"count":0,"href":"https:\/\/tralleskop.com\/index.php\/wp-json\/wp\/v2\/posts\/439\/revisions"}],"wp:featuredmedia":[{"embeddable":true,"href":"https:\/\/tralleskop.com\/index.php\/wp-json\/wp\/v2\/media\/440"}],"wp:attachment":[{"href":"https:\/\/tralleskop.com\/index.php\/wp-json\/wp\/v2\/media?parent=439"}],"wp:term":[{"taxonomy":"category","embeddable":true,"href":"https:\/\/tralleskop.com\/index.php\/wp-json\/wp\/v2\/categories?post=439"},{"taxonomy":"post_tag","embeddable":true,"href":"https:\/\/tralleskop.com\/index.php\/wp-json\/wp\/v2\/tags?post=439"}],"curies":[{"name":"wp","href":"https:\/\/api.w.org\/{rel}","templated":true}]}}